{"id":152386,"date":"2016-12-28T20:23:46","date_gmt":"2016-12-28T17:23:46","guid":{"rendered":"https:\/\/analyse.optim.biz\/?p=152386"},"modified":"2016-12-28T20:23:46","modified_gmt":"2016-12-28T17:23:46","slug":"eugen-tomac-sorin-grindeanu-in-mod-clar-o-propunere-mult-mai-buna","status":"publish","type":"post","link":"https:\/\/analyse.optim.biz\/?p=152386","title":{"rendered":"Eugen Tomac: Sorin Grindeanu, \u00een mod clar o propunere mult mai bun\u0103"},"content":{"rendered":"<div class=\"entry data-app-meta data-app-meta-article\" data-embed-base-url-canonical=\"https:\/\/www.digi24.ro\/embed\/stiri\/actualitate\/politica\/eugen-tomac-sorin-grindeanu-in-mod-clar-o-propunere-mult-mai-buna-640021\">\n<p data-index=\"1\"><strong><span lang=\"ro-RO\">Pre\u0219edintele executiv al PMP, Eugen Tomac, consider\u0103 c\u0103 noua propunere a PSD pentru func\u021bia de premier &#8211; <a href=\"https:\/\/www.digi24.ro\/stiri\/actualitate\/politica\/sorin-grindeanu-propunerea-de-premier-a-psd-639952\" target=\"_blank\" data-skip-linkfix=\"1\" rel=\"noopener\">Sorin Grindeanu<\/a> &#8211; este mult mai potrivit\u0103 dec\u00e2t <a href=\"https:\/\/www.digi24.ro\/cautare?q=shhaideh\" target=\"_blank\" data-skip-linkfix=\"1\" rel=\"noopener\">Sevil Shhaideh<\/a>.<\/span><\/strong><\/p>\n<p data-index=\"2\"><img loading=\"lazy\" decoding=\"async\" class=\"alignnone size-full wp-image-110264\" src=\"https:\/\/analyse.optim.biz\/wp-content\/uploads\/2024\/09\/agfzad03mzvimdk0njawnza5ngu5mdfinzk3zgixntbkn2u3oq-thumb_.jpg\" alt=\"eugen tomac-3\" width=\"800\" height=\"442\" data-skip-htmlfix=\"1\" title=\"agfzad03mzvimdk0njawnza5ngu5mdfinzk3zgixntbkn2u3oq-thumb_\"><\/p>\n<p data-index=\"3\">\u201e<span lang=\"ro-RO\">\u00cen mod clar este o propunere mult mai potrivit\u0103 dec\u00e2t prima. Probabil domnul Dragnea s-a trezit din be\u021bia puterii \u0219i a \u00eenceput s\u0103 g\u00e2ndeasc\u0103 un pic mai ra\u021bional. Pentru c\u0103 s-a creat aceast\u0103 majoritate \u00een Parlament, PSD \u2014 ALDE \u2014 UDMR, PSD \u0219i-a luat acest angajament de a desemna premierul \u0219i iat\u0103 c\u0103 a venit cu o solu\u021bie care nu este una de respins, din punctul meu de vedere. Categoric, noi vom vota \u00eempotriv\u0103, pentru c\u0103 PMP este un partid \u00een opozi\u021bie total\u0103 cu PSD, dar la prima vedere pare o propunere care poate reu\u0219i din punct de vedere al procedurilor de instalare a unui nou guvern\u201d, a declarat, miercuri, pentru <a href=\"http:\/\/www.agerpres.ro\/politica\/2016\/12\/28\/eugen-tomac-despre-sorin-grindeanu-in-mod-clar-o-propunere-mult-mai-buna-decat-prima-19-31-00\" target=\"_blank\" data-skip-linkfix=\"1\" rel=\"noopener\">Agerpres<\/a>, Eugen Tomac.<\/span><\/p>\n<p data-index=\"4\"><span lang=\"ro-RO\">El a ad\u0103ugat c\u0103 PMP avea solu\u021bia cea mai bun\u0103 de premier \u2014 Traian B\u0103sescu\u2014, iar la alegerile viitoare se va lupta pentru a ob\u021bine procentele necesare ca s\u0103 \u00ee\u0219i pun\u0103 \u00een aplicare viziunea pentru dezvoltarea \u021b\u0103rii.<\/span><\/p>\n<p data-index=\"5\">\u201e<span lang=\"ro-RO\">Rom\u00e2nia are nevoie \u00een clipa de fa\u021b\u0103 de stabilitate \u0219i de un guvern competent. Vom vedea c\u00e2t de capabil va fi noul premier propus de PSD s\u0103 \u00ee\u0219i formeze \u0219i o echip\u0103 competent\u0103 sau va numi domnul Dragnea oameni care s\u0103 se \u00eencadreze \u00een criteriile domniei sale \u0219i anume s\u0103 \u00eei fie servili\u201d, a spus Tomac.<\/span><\/p>\n<\/div>\n<p> Source URL: https:\/\/www.digi24.ro\/stiri\/actualitate\/politica\/eugen-tomac-sorin-grindeanu-in-mod-clar-o-propunere-mult-mai-buna-640021<\/p>\n","protected":false},"excerpt":{"rendered":"<p>Pre\u0219edintele executiv al PMP, Eugen Tomac, consider\u0103 c\u0103 noua propunere a PSD pentru func\u021bia de premier &#8211; Sorin Grindeanu &#8211; este mult mai potrivit\u0103 dec\u00e2t Sevil Shhaideh. \u201e\u00cen mod clar este o propunere mult mai potrivit\u0103 dec\u00e2t prima. Probabil domnul Dragnea s-a trezit din be\u021bia puterii \u0219i a \u00eenceput s\u0103 g\u00e2ndeasc\u0103 un pic mai ra\u021bional. [&hellip;]<\/p>\n","protected":false},"author":1,"featured_media":152387,"comment_status":"open","ping_status":"","sticky":false,"template":"","format":"standard","meta":{"footnotes":""},"categories":[2],"tags":[11],"class_list":["post-152386","post","type-post","status-publish","format-standard","has-post-thumbnail","hentry","category-politics","tag-digi24"],"_links":{"self":[{"href":"https:\/\/analyse.optim.biz\/index.php?rest_route=\/wp\/v2\/posts\/152386","targetHints":{"allow":["GET"]}}],"collection":[{"href":"https:\/\/analyse.optim.biz\/index.php?rest_route=\/wp\/v2\/posts"}],"about":[{"href":"https:\/\/analyse.optim.biz\/index.php?rest_route=\/wp\/v2\/types\/post"}],"author":[{"embeddable":true,"href":"https:\/\/analyse.optim.biz\/index.php?rest_route=\/wp\/v2\/users\/1"}],"replies":[{"embeddable":true,"href":"https:\/\/analyse.optim.biz\/index.php?rest_route=%2Fwp%2Fv2%2Fcomments&post=152386"}],"version-history":[{"count":0,"href":"https:\/\/analyse.optim.biz\/index.php?rest_route=\/wp\/v2\/posts\/152386\/revisions"}],"wp:featuredmedia":[{"embeddable":true,"href":"https:\/\/analyse.optim.biz\/index.php?rest_route=\/wp\/v2\/media\/152387"}],"wp:attachment":[{"href":"https:\/\/analyse.optim.biz\/index.php?rest_route=%2Fwp%2Fv2%2Fmedia&parent=152386"}],"wp:term":[{"taxonomy":"category","embeddable":true,"href":"https:\/\/analyse.optim.biz\/index.php?rest_route=%2Fwp%2Fv2%2Fcategories&post=152386"},{"taxonomy":"post_tag","embeddable":true,"href":"https:\/\/analyse.optim.biz\/index.php?rest_route=%2Fwp%2Fv2%2Ftags&post=152386"}],"curies":[{"name":"wp","href":"https:\/\/api.w.org\/{rel}","templated":true}]}}