{"id":1523621,"date":"2019-03-14T15:32:21","date_gmt":"2019-03-14T12:32:21","guid":{"rendered":"https:\/\/analyse.optim.biz\/?p=1523621"},"modified":"2019-03-14T15:32:21","modified_gmt":"2019-03-14T12:32:21","slug":"doru-popovici-ultimul-zimbru","status":"publish","type":"post","link":"https:\/\/analyse.optim.biz\/?p=1523621","title":{"rendered":"Doru Popovici \u2013 \u201eUltimul zimbru\u201d"},"content":{"rendered":"<div class=\"entry\"><img loading=\"lazy\" decoding=\"async\" width=\"650\" height=\"325\" src=\"https:\/\/analyse.optim.biz\/wp-content\/uploads\/2026\/01\/41883543c32ea7e51d5afcaa806500325.jpg\" title=\"41883543c32ea7e51d5afcaa806500325\"><\/p>\n<div class=\"entry_content\">\n<p>\u201eMuzica este mediatorul \u00eentre via\u021ba spiritual\u0103 \u0219i cea trupeasc\u0103.\u201d \u2013 Ludwig van Beethoven<\/p>\n<p>Fiecare dintre noi este unic, fiecare av\u00e2nd tr\u0103irile proprii. M\u0103rturisesc c\u0103 \u00eemi este greu s\u0103 scriu despre Doru Popovici, numit de c\u0103tre Zeno Vancea \u201eUltimul Zimbru\u201d, \u0219i el semn\u00e2nd o scrisoare \u0219i ad\u0103ug\u00e2nd: \u201eultimul zimbru,\u00a0 ultimul\u00a0 neo-trubadur al genera\u021biei lui Nichita St\u0103nescu\u201d.<\/p>\n<p>Doru Popovici a v\u0103zut lumina zilei pe acest p\u0103m\u00e2nt la 17 februarie 1932 \u00een ora\u0219ul Re\u0219i\u021ba jude\u021bul Cara\u0219-Severin, fiu al chirurgului Ioan Popovici. S-a stins din via\u021b\u0103 \u00een data de 5 martie 2019.<\/p>\n<p>Studiile muzicale le-a f\u0103cut \u00een ora\u0219ul natal, continu\u00e2ndu-le la Timi\u0219oara (1942-1944) \u2013 vioar\u0103, armonie, contrapunct, forme muzicale, pian. Studiile \u0219i le-a \u00eencheiat la Conservatorul din Bucure\u0219ti (1950-1955), cu Ioan D. Chirescu (teorie-solfegiu), Paul Constantinescu (armonie), Mar\u021bian Negrea (contrapunct), Mihail Jora \u0219i Mihail Andricu (compozi\u021bie), Theodor Rogalski (orchestra\u021bie), Nicolae Parocescu (folclor), Zeno Vancea \u0219i Adriana Sachelarie (istoria muzicii), Eugenia Ionescu (pian). S-a perfec\u021bionat la Darmstadt (1968) \u2013 \u201eo Mecc\u0103 a muzicii de avangard\u0103\u201d \u2013 cu Gy\u04e7rgy Lucet, Edhard Karkoschka, G\u00fcnter Becker, Cristoph Caskel.<\/p>\n<p>A \u00eendeplinit func\u021bia de redactor realizator la Radiodifuziunea Rom\u00e2n\u0103 (1968-2002), profesor asociat la Universitatea Na\u021bional\u0103 de Muzic\u0103 din Bucure\u0219ti \u0219i la Universitatea particular\u0103 \u201eLuceaf\u0103rul\u201d \u0219i \u201eSpiru Haret\u201d din Bucure\u0219ti.<\/p>\n<p>A publicat studii, articole, cronici, recenzii etc. \u00een revistele \u201eMuzica\u201d, \u201eStudii de muzicologie\u201d, \u201eActualitate muzical\u0103\u201d, \u201eMelos\u201d, \u201eContemporanul\u201d, \u201eRom\u00e2nia literar\u0103\u201d, \u201eLuceaf\u0103rul\u201d, \u201eRom\u00e2nia liber\u0103\u201d, \u201eSc\u00e2nteia\u201d, \u201eTribuna\u201d, \u201eRamuri\u201d, \u201eAstra\u201d, \u201eS\u0103pt\u0103m\u00e2na\u201d, \u201eRom\u00e2nia Mare\u201d etc.<\/p>\n<p>A prezentat comunic\u0103ri radiofonice \u0219i de televiziune.<br \/> A fost membru la SACEM din Paris.<br \/> A fost pre\u0219edintele Societ\u0103\u021bii \u201eMuzica\u201d din Bucure\u0219ti (1972).<br \/> I s-au acordat numeroase distinc\u021bii \u0219i premii.<br \/> I s-a conferit Ordinul \u201eMeritul cultural\u201d, clasa IV (1969).<br \/> A fost r\u0103spl\u0103tit cu premiul Uniunii Compozitorilor din Iugoslavia (1970).<br \/> I s-a acordat premiul \u201ePro Muzica\u201d al Radiodifuziunii Ungare (1971).<br \/> I s-a decernat Medalia pe linie UNESCO \u2013 Tristan Tzara.<br \/> I s-a \u00eenm\u00e2nat titlul de Comandor al Italiei.<\/p>\n<p>Preocup\u0103rile sale s-au extins \u0219i \u00een domeniul literar \u0219i-n cel jurnalistic devenind o personalitate complet\u0103 nu doar a muzicii rom\u00e2ne\u0219ti, ci a artei rom\u00e2ne\u0219ti.<\/p>\n<p>Compozi\u021biile sale au fost grupate \u00een trei perioade: post-impresionist\u0103, post-expresionist\u0103 \u0219i neobizantin\u0103. Conform ziarului \u201eLe Monde\u201d, a fost primul compozitor dodecafonic din Rom\u00e2nia.<\/p>\n<p>A creat 176 de opusuri: muzic\u0103 de camer\u0103, simfonic\u0103 \u0219i peste 100 de lieduri.<\/p>\n<p>A abordat toate genurile muzicale: de la muzica simfonic\u0103 (simfonii, concerte instrumentale, poeme simfonice, lucr\u0103ri pentru orchestr\u0103 de coarde etc.) la muzic\u0103 de teatru; de la lied la cantat\u0103, de la piesa instrumental\u0103 la crea\u021bia coral\u0103.<\/p>\n<p>A scris peste 5000 de articole, peste 40 de c\u0103r\u021bi poeme \u00een proz\u0103 \u0219i romane.<\/p>\n<p>A fost editat la Paris, Tokio, Leipzig, Stockholm, iar compozi\u021biile sale au fost prezentate \u00een Europa \u0219i SUA.<\/p>\n<p>Ca om media a realizat peste 5000 de emisiuni de radio \u0219i televiziune.<\/p>\n<p>S-a bucurat de aten\u021bia presei mondiale.<\/p>\n<p>Am fost una dintre persoanele r\u0103sf\u0103\u021bate de scrisul dumnealui, primind \u00een ultimii ani ai vie\u021bii sale zeci de scrisori prietene\u0219ti, aprecieri \u0219i versuri din crea\u021bia dumnealui.<\/p>\n<p>\u00cen iunie 2014 Maestrul Doru Popovici \u00eemi scria poemul \u201eO, biat\u0103 Rom\u00e2nie!\u201d:<br \/> \u2026Noi\u2026 bie\u021bii Rom\u00e2ni, ,,neostalini\u0219ti,\/ Extremi\u0219ti \u0219i nostalgici comuni\u0219ti\u201d\u2026\/ Care-am avut p\u0103rin\u021bi,\/ Unii Ia Pite\u0219ti, Gherla\u00a0 \u0219i Aiud,\/ V-am iertat,\/ V-am iertat de mult,\/ Ca buni cre\u0219tini\u2026\/ R\u0103m\u00e2ne doar, ca bunul, Milostivul\/ \u0219i Omniprezentul\u00a0 Dumnezeu\/ S\u0103 v\u0103 mai ierte.\/ Iar eu, imnograf bizantin,\/ \u00cen toamna t\u00e2rzie a vie\u021bii mele,\/ Voi \u201emelodia\u201d pe cuvintele\/ Scrise \u201edup\u0103 gratii\u201d,\/ De Ion Dobre \u2013 pentru eternitate\u2026\/ Nichifor Crainic:\/ \u201eC-am fost f\u0103cut s\u0103 n-am\/ Pe-acest p\u0103m\u00e2nt nimic\/ Ca pas\u0103rea pe ram\/ Cobor \u0219i m\u0103 ridic\u2026\u201d<\/p>\n<p>Tot pe atunci mi-a trimis urm\u0103torul epitaf:<br \/> \u201eDac\u0103 voi muri, \u00een sicriu s\u0103-mi pune\u021bi l\u00e2ng\u0103 fruntea \u00eenseninat\u0103\u00a0 sau l\u00e2ng\u0103 degetele mele lungi \u0219i sub\u021biri, din care s-a scurs toat\u0103 oboseala unei vie\u021bi zbuciumate, frezii\u00a0 \u0219i liliac alb.<br \/> Dac\u0103 voi muri s\u0103-mi c\u00e2nta\u021bi c\u00e2ntecul meu \u201eDintre sute de catarge\u201d, prin care am intrat \u00een lumea serafic\u0103 a Euterpei, departe de orice ur\u00e2ciune \u0219i d\u0103ruit sur\u00e2sului femeilor frumoase cu \u201eochii m\u00e2ntui\u021bi de amurguri\u201d\u2026 iar t\u00e2rziu, c\u00e2nd moare ultimul s\u0103rut al soarelui, s\u0103 mi se c\u00e2nte poemul wagnerian \u201eVisuri\u201d, pentru a-mi evoca, pentru ultima oar\u0103, imaginea poetei Mathilde Wesendonck \u201etrista-tristaniz\u00e2nd\u201d\u2026<br \/> Dac\u0103 voi muri, s\u0103 \u0219ti\u021bi c\u0103 am fost \u0219i bun \u0219i r\u0103u, \u0219i lene\u0219 \u0219i harnic \u0219i\u00a0\u00a0 re\u021binut \u0219i exaltat, dar niciodat\u0103 nu am invidiat pe cel superior mie \u0219i bine am f\u0103cut de c\u00e2te ori mi s-a cerut din partea celui \u00eendurerat \u0219i lovit de sabia josniciei omene\u0219ti.<br \/> De aceea, ierta\u021bi-mi ce am gre\u0219it cu voie sau f\u0103r\u0103 voie \u0219i \u0219tiind cu to\u021bii c\u00e2t de mult am iubit fuziunea poeziei cu muzica, schimba\u021bi-mi numele din \u201eDoru Popovici\u201d \u00een\u2026\u201eDorul Popovici\u201d.<\/p>\n<p>Suflete bun, nobil \u0219i cu credin\u021b\u0103 \u00een Dumnezeu, Dorule Popovici, odihne\u0219te-te-n pace!<\/p>\n<\/div>\n<div>\n<div>VN:F [1.9.22_1171]<\/div>\n<div class=\"ratingblock \">\n<div class=\"ratingstars \">\n<div id=\"article_loader_171607\" class=\"ratingloaderarticle\">\n<div class=\"loader arrows \">\n<div class=\"loaderinner\">se actualizeaz\u0103&#8230;<\/div>\n<\/div>\n<\/div>\n<\/div>\n<div class=\"ratingtext \">\n<div id=\"gdr_text_a171607\">Rating: 0.0\/<strong>10<\/strong> (0 votes cast)<\/div>\n<\/div>\n<\/div>\n<\/div>\n<\/div>\n<div class=\"entry_content\">\n<p>\u201eMuzica este mediatorul \u00eentre via\u021ba spiritual\u0103 \u0219i cea trupeasc\u0103.\u201d \u2013 Ludwig van Beethoven<\/p>\n<p>Fiecare dintre noi este unic, fiecare av\u00e2nd tr\u0103irile proprii. M\u0103rturisesc c\u0103 \u00eemi este greu s\u0103 scriu despre Doru Popovici, numit de c\u0103tre Zeno Vancea \u201eUltimul Zimbru\u201d, \u0219i el semn\u00e2nd o scrisoare \u0219i ad\u0103ug\u00e2nd: \u201eultimul zimbru,\u00a0 ultimul\u00a0 neo-trubadur al genera\u021biei lui Nichita St\u0103nescu\u201d.<\/p>\n<p>Doru Popovici a v\u0103zut lumina zilei pe acest p\u0103m\u00e2nt la 17 februarie 1932 \u00een ora\u0219ul Re\u0219i\u021ba jude\u021bul Cara\u0219-Severin, fiu al chirurgului Ioan Popovici. S-a stins din via\u021b\u0103 \u00een data de 5 martie 2019.<\/p>\n<p>Studiile muzicale le-a f\u0103cut \u00een ora\u0219ul natal, continu\u00e2ndu-le la Timi\u0219oara (1942-1944) \u2013 vioar\u0103, armonie, contrapunct, forme muzicale, pian. Studiile \u0219i le-a \u00eencheiat la Conservatorul din Bucure\u0219ti (1950-1955), cu Ioan D. Chirescu (teorie-solfegiu), Paul Constantinescu (armonie), Mar\u021bian Negrea (contrapunct), Mihail Jora \u0219i Mihail Andricu (compozi\u021bie), Theodor Rogalski (orchestra\u021bie), Nicolae Parocescu (folclor), Zeno Vancea \u0219i Adriana Sachelarie (istoria muzicii), Eugenia Ionescu (pian). S-a perfec\u021bionat la Darmstadt (1968) \u2013 \u201eo Mecc\u0103 a muzicii de avangard\u0103\u201d \u2013 cu Gy\u04e7rgy Lucet, Edhard Karkoschka, G\u00fcnter Becker, Cristoph Caskel.<\/p>\n<p>A \u00eendeplinit func\u021bia de redactor realizator la Radiodifuziunea Rom\u00e2n\u0103 (1968-2002), profesor asociat la Universitatea Na\u021bional\u0103 de Muzic\u0103 din Bucure\u0219ti \u0219i la Universitatea particular\u0103 \u201eLuceaf\u0103rul\u201d \u0219i \u201eSpiru Haret\u201d din Bucure\u0219ti.<\/p>\n<p>A publicat studii, articole, cronici, recenzii etc. \u00een revistele \u201eMuzica\u201d, \u201eStudii de muzicologie\u201d, \u201eActualitate muzical\u0103\u201d, \u201eMelos\u201d, \u201eContemporanul\u201d, \u201eRom\u00e2nia literar\u0103\u201d, \u201eLuceaf\u0103rul\u201d, \u201eRom\u00e2nia liber\u0103\u201d, \u201eSc\u00e2nteia\u201d, \u201eTribuna\u201d, \u201eRamuri\u201d, \u201eAstra\u201d, \u201eS\u0103pt\u0103m\u00e2na\u201d, \u201eRom\u00e2nia Mare\u201d etc.<\/p>\n<p>A prezentat comunic\u0103ri radiofonice \u0219i de televiziune.<br \/> A fost membru la SACEM din Paris.<br \/> A fost pre\u0219edintele Societ\u0103\u021bii \u201eMuzica\u201d din Bucure\u0219ti (1972).<br \/> I s-au acordat numeroase distinc\u021bii \u0219i premii.<br \/> I s-a conferit Ordinul \u201eMeritul cultural\u201d, clasa IV (1969).<br \/> A fost r\u0103spl\u0103tit cu premiul Uniunii Compozitorilor din Iugoslavia (1970).<br \/> I s-a acordat premiul \u201ePro Muzica\u201d al Radiodifuziunii Ungare (1971).<br \/> I s-a decernat Medalia pe linie UNESCO \u2013 Tristan Tzara.<br \/> I s-a \u00eenm\u00e2nat titlul de Comandor al Italiei.<\/p>\n<p>Preocup\u0103rile sale s-au extins \u0219i \u00een domeniul literar \u0219i-n cel jurnalistic devenind o personalitate complet\u0103 nu doar a muzicii rom\u00e2ne\u0219ti, ci a artei rom\u00e2ne\u0219ti.<\/p>\n<p>Compozi\u021biile sale au fost grupate \u00een trei perioade: post-impresionist\u0103, post-expresionist\u0103 \u0219i neobizantin\u0103. Conform ziarului \u201eLe Monde\u201d, a fost primul compozitor dodecafonic din Rom\u00e2nia.<\/p>\n<p>A creat 176 de opusuri: muzic\u0103 de camer\u0103, simfonic\u0103 \u0219i peste 100 de lieduri.<\/p>\n<p>A abordat toate genurile muzicale: de la muzica simfonic\u0103 (simfonii, concerte instrumentale, poeme simfonice, lucr\u0103ri pentru orchestr\u0103 de coarde etc.) la muzic\u0103 de teatru; de la lied la cantat\u0103, de la piesa instrumental\u0103 la crea\u021bia coral\u0103.<\/p>\n<p>A scris peste 5000 de articole, peste 40 de c\u0103r\u021bi poeme \u00een proz\u0103 \u0219i romane.<\/p>\n<p>A fost editat la Paris, Tokio, Leipzig, Stockholm, iar compozi\u021biile sale au fost prezentate \u00een Europa \u0219i SUA.<\/p>\n<p>Ca om media a realizat peste 5000 de emisiuni de radio \u0219i televiziune.<\/p>\n<p>S-a bucurat de aten\u021bia presei mondiale.<\/p>\n<p>Am fost una dintre persoanele r\u0103sf\u0103\u021bate de scrisul dumnealui, primind \u00een ultimii ani ai vie\u021bii sale zeci de scrisori prietene\u0219ti, aprecieri \u0219i versuri din crea\u021bia dumnealui.<\/p>\n<p>\u00cen iunie 2014 Maestrul Doru Popovici \u00eemi scria poemul \u201eO, biat\u0103 Rom\u00e2nie!\u201d:<br \/> \u2026Noi\u2026 bie\u021bii Rom\u00e2ni, ,,neostalini\u0219ti,\/ Extremi\u0219ti \u0219i nostalgici comuni\u0219ti\u201d\u2026\/ Care-am avut p\u0103rin\u021bi,\/ Unii Ia Pite\u0219ti, Gherla\u00a0 \u0219i Aiud,\/ V-am iertat,\/ V-am iertat de mult,\/ Ca buni cre\u0219tini\u2026\/ R\u0103m\u00e2ne doar, ca bunul, Milostivul\/ \u0219i Omniprezentul\u00a0 Dumnezeu\/ S\u0103 v\u0103 mai ierte.\/ Iar eu, imnograf bizantin,\/ \u00cen toamna t\u00e2rzie a vie\u021bii mele,\/ Voi \u201emelodia\u201d pe cuvintele\/ Scrise \u201edup\u0103 gratii\u201d,\/ De Ion Dobre \u2013 pentru eternitate\u2026\/ Nichifor Crainic:\/ \u201eC-am fost f\u0103cut s\u0103 n-am\/ Pe-acest p\u0103m\u00e2nt nimic\/ Ca pas\u0103rea pe ram\/ Cobor \u0219i m\u0103 ridic\u2026\u201d<\/p>\n<p>Tot pe atunci mi-a trimis urm\u0103torul epitaf:<br \/> \u201eDac\u0103 voi muri, \u00een sicriu s\u0103-mi pune\u021bi l\u00e2ng\u0103 fruntea \u00eenseninat\u0103\u00a0 sau l\u00e2ng\u0103 degetele mele lungi \u0219i sub\u021biri, din care s-a scurs toat\u0103 oboseala unei vie\u021bi zbuciumate, frezii\u00a0 \u0219i liliac alb.<br \/> Dac\u0103 voi muri s\u0103-mi c\u00e2nta\u021bi c\u00e2ntecul meu \u201eDintre sute de catarge\u201d, prin care am intrat \u00een lumea serafic\u0103 a Euterpei, departe de orice ur\u00e2ciune \u0219i d\u0103ruit sur\u00e2sului femeilor frumoase cu \u201eochii m\u00e2ntui\u021bi de amurguri\u201d\u2026 iar t\u00e2rziu, c\u00e2nd moare ultimul s\u0103rut al soarelui, s\u0103 mi se c\u00e2nte poemul wagnerian \u201eVisuri\u201d, pentru a-mi evoca, pentru ultima oar\u0103, imaginea poetei Mathilde Wesendonck \u201etrista-tristaniz\u00e2nd\u201d\u2026<br \/> Dac\u0103 voi muri, s\u0103 \u0219ti\u021bi c\u0103 am fost \u0219i bun \u0219i r\u0103u, \u0219i lene\u0219 \u0219i harnic \u0219i\u00a0\u00a0 re\u021binut \u0219i exaltat, dar niciodat\u0103 nu am invidiat pe cel superior mie \u0219i bine am f\u0103cut de c\u00e2te ori mi s-a cerut din partea celui \u00eendurerat \u0219i lovit de sabia josniciei omene\u0219ti.<br \/> De aceea, ierta\u021bi-mi ce am gre\u0219it cu voie sau f\u0103r\u0103 voie \u0219i \u0219tiind cu to\u021bii c\u00e2t de mult am iubit fuziunea poeziei cu muzica, schimba\u021bi-mi numele din \u201eDoru Popovici\u201d \u00een\u2026\u201eDorul Popovici\u201d.<\/p>\n<p>Suflete bun, nobil \u0219i cu credin\u021b\u0103 \u00een Dumnezeu, Dorule Popovici, odihne\u0219te-te-n pace!<\/p>\n<\/div>\n<p> Source URL: https:\/\/www.svnews.ro\/doru-popovici-ultimul-zimbru\/171607\/<\/p>\n","protected":false},"excerpt":{"rendered":"<p>\u201eMuzica este mediatorul \u00eentre via\u021ba spiritual\u0103 \u0219i cea trupeasc\u0103.\u201d \u2013 Ludwig van Beethoven Fiecare dintre noi este unic, fiecare av\u00e2nd tr\u0103irile proprii. M\u0103rturisesc c\u0103 \u00eemi este greu s\u0103 scriu despre Doru Popovici, numit de c\u0103tre Zeno Vancea \u201eUltimul Zimbru\u201d, \u0219i el semn\u00e2nd o scrisoare \u0219i ad\u0103ug\u00e2nd: \u201eultimul zimbru,\u00a0 ultimul\u00a0 neo-trubadur al genera\u021biei lui Nichita St\u0103nescu\u201d. [&hellip;]<\/p>\n","protected":false},"author":1,"featured_media":1523631,"comment_status":"open","ping_status":"","sticky":false,"template":"","format":"standard","meta":{"footnotes":""},"categories":[89],"tags":[175],"class_list":["post-1523621","post","type-post","status-publish","format-standard","has-post-thumbnail","hentry","category-romania","tag-svnews-ro"],"_links":{"self":[{"href":"https:\/\/analyse.optim.biz\/index.php?rest_route=\/wp\/v2\/posts\/1523621","targetHints":{"allow":["GET"]}}],"collection":[{"href":"https:\/\/analyse.optim.biz\/index.php?rest_route=\/wp\/v2\/posts"}],"about":[{"href":"https:\/\/analyse.optim.biz\/index.php?rest_route=\/wp\/v2\/types\/post"}],"author":[{"embeddable":true,"href":"https:\/\/analyse.optim.biz\/index.php?rest_route=\/wp\/v2\/users\/1"}],"replies":[{"embeddable":true,"href":"https:\/\/analyse.optim.biz\/index.php?rest_route=%2Fwp%2Fv2%2Fcomments&post=1523621"}],"version-history":[{"count":0,"href":"https:\/\/analyse.optim.biz\/index.php?rest_route=\/wp\/v2\/posts\/1523621\/revisions"}],"wp:featuredmedia":[{"embeddable":true,"href":"https:\/\/analyse.optim.biz\/index.php?rest_route=\/wp\/v2\/media\/1523631"}],"wp:attachment":[{"href":"https:\/\/analyse.optim.biz\/index.php?rest_route=%2Fwp%2Fv2%2Fmedia&parent=1523621"}],"wp:term":[{"taxonomy":"category","embeddable":true,"href":"https:\/\/analyse.optim.biz\/index.php?rest_route=%2Fwp%2Fv2%2Fcategories&post=1523621"},{"taxonomy":"post_tag","embeddable":true,"href":"https:\/\/analyse.optim.biz\/index.php?rest_route=%2Fwp%2Fv2%2Ftags&post=1523621"}],"curies":[{"name":"wp","href":"https:\/\/api.w.org\/{rel}","templated":true}]}}