{"id":152346,"date":"2016-12-28T21:10:50","date_gmt":"2016-12-28T18:10:50","guid":{"rendered":"https:\/\/analyse.optim.biz\/?p=152346"},"modified":"2016-12-28T21:10:50","modified_gmt":"2016-12-28T18:10:50","slug":"presedintele-psd-spune-ca-presedintele-iohannis-nu-i-raspunde-la-telefon","status":"publish","type":"post","link":"https:\/\/analyse.optim.biz\/?p=152346","title":{"rendered":"Pre\u015fedintele PSD spune c\u0103 pre\u015fedintele Iohannis nu-i r\u0103spunde la telefon"},"content":{"rendered":"<div class=\"entry data-app-meta data-app-meta-article\" data-embed-base-url-canonical=\"https:\/\/www.digi24.ro\/embed\/stiri\/actualitate\/politica\/presedintele-psd-spune-ca-presedintele-iohannis-nu-i-raspunde-la-telefon-640031\">\n<p data-index=\"1\"><strong>Liviu Dragnea a explicat de ce propunerea ca Sorin Grindeanu s\u0103 fie prim-ministru a fost anun\u0163at\u0103 \u00eent\u00e2i public \u015fi apoi trimis\u0103 la Cotroceni, printr-o adresa oficial\u0103. Liderul PSD spune c\u0103 pre\u015fedintele Klaus Iohannis nu a precizat, \u00een foarte scurta sa declara\u0163ie de mar\u0163i, cum anume trebuie f\u0103cut\u0103 noua propunere. \u015ei nici nu i-a chemat pe \u015fefii PSD \u015fi ALDE la discu\u0163ii. \u00cen plus, spune Liviu Dragnea, \u015feful statului are telefonul \u00eenchis. Pre\u015fedintele PSD a precizat c\u0103 dac\u0103 \u015fi aceast\u0103 nou\u0103 propunere va fi respins\u0103, nu mai exist\u0103 alt\u0103 solu\u0163ie dec\u00e2t suspendarea pre\u015fedintelui. Adresa cu propunerea lui Sorin Grindeanu ca premier a fost trimis\u0103 prin e-mail \u015fi \u00een plic \u015fi a ajuns la Cotroceni.<\/strong><\/p>\n<p data-index=\"2\">Liviu Dragnea:<\/p>\n<p data-index=\"3\">L-am rugat pe domnul T\u0103riceanu s\u0103 vin\u0103 aici (la sediul PSD \u2013 n.r.) \u015fi \u00eempreun\u0103 s\u0103 trimitem, oficial, pre\u015fedintelui, aceast\u0103 adres\u0103 prin care \u00eei transmitem \u015fi pe cale oficial\u0103 care este propunerea noastr\u0103. Am fost \u00eentrebat dac\u0103 mergem la Cotroceni. O spun cu toat\u0103 sinceritatea \u015fi f\u0103r\u0103 a se considera c\u0103 suntem obraznici, sau nerespectuo\u015fi&#8230; N-am \u00een\u0163eles cum trebuie s\u0103 vin\u0103 acea propunere, dac\u0103 noi trebuie s\u0103 mergem la Cotroceni, unde, c\u00e2nd? \u015ei am vorbit cu domnul T\u0103riceanu, ar fi jenant pentru noi s\u0103 mergem pe la poart\u0103 pe la Cotroceni, s\u0103 vorbim cu SPP-ul, s\u0103-i spunem c\u0103 avem i propunere dar nu \u015ftim cui s\u0103 o l\u0103s\u0103m. Totu\u015fi, nu po\u0163i s\u0103 mergi la pre\u015fedintele Rom\u00e2niei opric\u00e2nd ai chef. \u015ei atunci am f\u0103cut acest demers, a\u015fa cum \u015fi domnul pre\u015fedinte, public, ne-a anun\u0163at c\u0103 o refuz\u0103 pe doamna Shhaideh, am cump\u0103nit \u015fi noi bine \u015fi mult, am analizat argumentele pro \u015fi contra \u015fi am hot\u0103r\u00e2t s\u0103 anun\u0163\u0103m \u015fi noi public acaest\u0103 propunere \u015fi s\u0103 trimitem h\u00e2rtie oficial\u0103.<\/p>\n<p data-index=\"4\">Liviu Dragnea:<\/p>\n<p data-index=\"5\">Sper c\u0103 nu va refuza. Am spus c\u0103 facem un ultim demers pentru a evita o criz\u0103 politic\u0103 \u015fi nu vreau s\u0103 ini\u0163iez un r\u0103zboi politic cu teatrul de r\u0103zboi fiind Rom\u00e2nia. Deja cursul de schimb \u00eencepe s\u0103\u00ee intre pe un drum pe care nu ni-l dorim pentru c\u0103 st\u0103m foarte mult \u00een aceast\u0103 incertitudine, cu un guvern interimar, \u015fi nu ne face bine. Dar dac\u0103 nici acest gest cinstit din partea noastr\u0103 nu va fi luat \u00een seam\u0103 \u015fi va refuza \u015fi aceast\u0103 propunere, cred c\u0103 nu mai avem alt\u0103 variant\u0103 (dec\u00e2t suspendarea pre\u015fedintelui \u2013 n.r.). Din p\u0103cate, cred c\u0103 nu vom avea un nou guvern p\u00e2n\u0103 la sf\u00e2r\u015fitul anului. Am f\u0103cut tot ce mi-a stat \u00een putin\u0163\u0103 \u015fi eu, \u015fi colegii mei, \u015fi coleghii de la ALDE, ca parlamentul s\u0103 fie constituit rapid \u015fi s\u0103 fie \u00een plenitudinea atribu\u0163iilor \u015fi a structurilor pentru a putea vota un guvern&#8230; s\u0103pt\u0103m\u00e2na trecut\u0103. \u00cen mod realist vorbind nu cred c\u0103 mai avem c\u00e2nd. Acest an \u00eenseamn\u0103 joi \u015fi vineri, adic\u0103 m\u00e2ine \u015fi poim\u00e2ine. Noi am sperat, printre altele, s\u0103 putem avea buget al \u0163\u0103rii p\u00e2n\u0103 \u00een 15 ianuarie. Cred c\u0103 nu se mai poate.<\/p>\n<p data-index=\"6\">Liviu Dragnea:<\/p>\n<p data-index=\"7\">Motive de suspendare sunt \u015fi acum. Legea fundamental\u0103 chiar \u00eei interzice pre\u015fedintelui s\u0103 nu \u0163in\u0103 cont de propunerea unei majorit\u0103\u0163i. Decizia Cur\u0163ii Contitu\u0163ionale&#8230; Chiar dac\u0103 domnul Zegrean \u2013 domnul Zegrean, din c\u00e2te \u00eemi aduc aminte, este omul cu erata, din 2012 \u2013 spune c\u0103 este altfel, toat\u0103 lumea \u015ftie c\u0103 a\u015fa ceva nu se poate.<\/p>\n<p data-index=\"8\">Liviu Dragnea:<\/p>\n<p data-index=\"9\">Reporter: Cu pre\u015fedintele nu a\u0163i reu\u015fit s\u0103 discuta\u0163i deloc, de ieri p\u00e2n\u0103 ast\u0103zi?<\/p>\n<p data-index=\"10\">Liviu Dragnea: Nu, chiar nu am reu\u015fit.<\/p>\n<p data-index=\"11\">Reporter: A\u0163i \u00eencercat?<\/p>\n<p data-index=\"12\">Liviu Dragnea: Da. Acela\u015fi telefon \u00eenchis. Nu mai pot s\u0103&#8230; Eu am un singur num\u0103r pe care l-am folosit, \u00eel foloseam \u00eenainte, c\u00e2nd se r\u0103spundea la el, alt num\u0103r n-am. Am f\u0103cut aceast\u0103 propunere, acest anun\u0163 de aici, de la acest pupitru, s\u0103 vad\u0103 toat\u0103 \u0163ara. Vine domnul T\u0103riceanu acum, semn\u0103m \u015fi adresa c\u0103tre Cotroceni \u015fi&#8230; e \u00een regul\u0103.<\/p>\n<\/div>\n<p> Source URL: https:\/\/www.digi24.ro\/stiri\/actualitate\/politica\/presedintele-psd-spune-ca-presedintele-iohannis-nu-i-raspunde-la-telefon-640031<\/p>\n","protected":false},"excerpt":{"rendered":"<p>Liviu Dragnea a explicat de ce propunerea ca Sorin Grindeanu s\u0103 fie prim-ministru a fost anun\u0163at\u0103 \u00eent\u00e2i public \u015fi apoi trimis\u0103 la Cotroceni, printr-o adresa oficial\u0103. Liderul PSD spune c\u0103 pre\u015fedintele Klaus Iohannis nu a precizat, \u00een foarte scurta sa declara\u0163ie de mar\u0163i, cum anume trebuie f\u0103cut\u0103 noua propunere. \u015ei nici nu i-a chemat pe [&hellip;]<\/p>\n","protected":false},"author":1,"featured_media":152347,"comment_status":"open","ping_status":"","sticky":false,"template":"","format":"standard","meta":{"footnotes":""},"categories":[2],"tags":[11],"class_list":["post-152346","post","type-post","status-publish","format-standard","has-post-thumbnail","hentry","category-politics","tag-digi24"],"_links":{"self":[{"href":"https:\/\/analyse.optim.biz\/index.php?rest_route=\/wp\/v2\/posts\/152346","targetHints":{"allow":["GET"]}}],"collection":[{"href":"https:\/\/analyse.optim.biz\/index.php?rest_route=\/wp\/v2\/posts"}],"about":[{"href":"https:\/\/analyse.optim.biz\/index.php?rest_route=\/wp\/v2\/types\/post"}],"author":[{"embeddable":true,"href":"https:\/\/analyse.optim.biz\/index.php?rest_route=\/wp\/v2\/users\/1"}],"replies":[{"embeddable":true,"href":"https:\/\/analyse.optim.biz\/index.php?rest_route=%2Fwp%2Fv2%2Fcomments&post=152346"}],"version-history":[{"count":0,"href":"https:\/\/analyse.optim.biz\/index.php?rest_route=\/wp\/v2\/posts\/152346\/revisions"}],"wp:featuredmedia":[{"embeddable":true,"href":"https:\/\/analyse.optim.biz\/index.php?rest_route=\/wp\/v2\/media\/152347"}],"wp:attachment":[{"href":"https:\/\/analyse.optim.biz\/index.php?rest_route=%2Fwp%2Fv2%2Fmedia&parent=152346"}],"wp:term":[{"taxonomy":"category","embeddable":true,"href":"https:\/\/analyse.optim.biz\/index.php?rest_route=%2Fwp%2Fv2%2Fcategories&post=152346"},{"taxonomy":"post_tag","embeddable":true,"href":"https:\/\/analyse.optim.biz\/index.php?rest_route=%2Fwp%2Fv2%2Ftags&post=152346"}],"curies":[{"name":"wp","href":"https:\/\/api.w.org\/{rel}","templated":true}]}}