{"id":1521716,"date":"2016-03-21T18:11:25","date_gmt":"2016-03-21T15:11:25","guid":{"rendered":"https:\/\/analyse.optim.biz\/?p=1521716"},"modified":"2016-03-21T18:11:25","modified_gmt":"2016-03-21T15:11:25","slug":"meteo-lapovite-si-ninsori-intre-21-si-24-martie","status":"publish","type":"post","link":"https:\/\/analyse.optim.biz\/?p=1521716","title":{"rendered":"Meteo: lapovi\u021be \u0219i ninsori, \u00eentre 21 \u0219i 24 martie"},"content":{"rendered":"<article id=\"post-3016\" class=\"post-3016 post type-post status-publish format-standard has-post-thumbnail hentry category-national category-tabloul-principal tag-meteo tag-vreme-rea\">\n<div class=\"featured-image\"><a href=\"https:\/\/analyse.optim.biz\/wp-content\/uploads\/2026\/01\/vreme-rea.jpg\" class=\"image-popup\"><img decoding=\"async\" width=\"800\" height=\"445\" src=\"https:\/\/analyse.optim.biz\/wp-content\/uploads\/2026\/01\/vreme-rea-800x445-1.jpg\" class=\"attachment-colormag-featured-image size-colormag-featured-image wp-post-image\" loading=\"lazy\" title=\"vreme-rea-800x445-1\"><\/a><\/div>\n<div class=\"article-content clearfix\">\n<div class=\"above-entry-meta\"><span class=\"cat-links\"><a href=\"http:\/\/www.ziaruldevaslui.ro\/national\/\" rel=\"category tag\">Na\u021bional<\/a>\u00a0<a href=\"http:\/\/www.ziaruldevaslui.ro\/tabloul-principal\/\" rel=\"category tag\">NOUT\u0102\u021aI<\/a>\u00a0<\/span><\/div>\n<header class=\"entry-header\">\n<h1 class=\"entry-title\">\n\t\t\t\tMeteo: lapovi\u021be \u0219i ninsori, \u00eentre 21 \u0219i 24 martie\t\t\t<\/h1>\n<\/header>\n<div class=\"below-entry-meta\"><span class=\"posted-on\"><a href=\"http:\/\/www.ziaruldevaslui.ro\/meteo-lapovite-si-ninsori-intre-21-si-24-martie\/\" title=\"20:11\" rel=\"bookmark\"><time class=\"entry-date published\" datetime=\"2016-03-21T20:11:25+02:00\">21 martie 2016<\/time><time class=\"updated\" datetime=\"2016-03-21T20:21:00+02:00\">21 martie 2016<\/time><\/a><\/span><span class=\"byline\"><span class=\"author vcard\"><a class=\"url fn n\" href=\"http:\/\/www.ziaruldevaslui.ro\/author\/rodan-mihai\/\" title=\"Mihai Rodan\"><br \/>\n\t\t\t\t\t\tMihai Rodan\t\t\t\t\t<\/a><\/span><\/span><span class=\"comments\"><a href=\"http:\/\/www.ziaruldevaslui.ro\/meteo-lapovite-si-ninsori-intre-21-si-24-martie\/#respond\"> Niciun comentariu<\/a><\/span><span class=\"tag-links\"><a href=\"http:\/\/www.ziaruldevaslui.ro\/tag\/meteo\/\" rel=\"tag\">meteo<\/a>, <a href=\"http:\/\/www.ziaruldevaslui.ro\/tag\/vreme-rea\/\" rel=\"tag\">vreme rea<\/a><\/span><\/div>\n<div class=\"entry-content clearfix\">\n<header class=\"article-single-header\">\n<div class=\"banner big\"><strong>Regimul termic va fi oscilant \u00een urm\u0103toarele dou\u0103 s\u0103pt\u0103m\u00e2ni, cu temperaturi medii diurne ce vor ajunge \u0219i p\u00e2n\u0103 la 20 de grade Celsius la \u00eenceputul lunii aprilie \u0219i cu ploi pe arii extinse \u00een perioada 21 \u2013 25 martie, cantit\u0103\u021bi mai \u00eensemnate urm\u00e2nd s\u0103 fie consemnate \u00een data de 23 martie, potrivit prognozei Administra\u021biei Na\u021bionale de Meteorologie \/ANM\/, valabil\u0103 pentru intervalul 21 martie \u2013 3 aprilie, dat\u0103 ast\u0103zi publicit\u0103\u021bii.<\/strong><\/div>\n<div class=\"banner big\">\u00cen <strong>Moldova<\/strong>, \u00een primele dou\u0103 zile, valorile diurne, \u00een medie de 11 \u2014 12 grade, vor fi mai ridicate dec\u00e2t cele normale \u00een aceast\u0103 perioad\u0103. \u00cen zilele urm\u0103toare, temperaturile maxime vor sc\u0103dea, p\u00e2n\u0103 spre o medie regional\u0103 de 6 grade, pentru ca dup\u0103 data de 25 martie vremea s\u0103 se \u00eenc\u0103lzeasc\u0103 semnificativ, p\u00e2n\u0103 spre maxime \u00een jurul a 18 grade. Dac\u0103 \u00een prima s\u0103pt\u0103m\u00e2n\u0103 media regional\u0103 a temperaturilor minime se va situa \u00een jurul pragului de 0 grade, sf\u00e2r\u0219itul lunii martie \u0219i \u00eenceputul lui aprilie vor aduce valori medii pozitive, de p\u00e2n\u0103 la 4 \u2014 6 grade. \u00centre 21 \u0219i 24 martie, temporar se vor semnala precipita\u021bii, ploi \u00een primele dou\u0103 zile, apoi \u0219i lapovi\u021be \u0219i ninsori, cu un maxim al acestora \u00een jurul datei de 23 martie, c\u00e2nd cantit\u0103\u021bile de ap\u0103 \u00eenregistrate vor fi \u00eensemnate. Dup\u0103 data de 25 martie, probabilitatea de apari\u021bie a precipita\u021biilor va fi relativ redus\u0103.<\/div>\n<\/header>\n<section class=\"article-content\">\u00cen <strong>Banat,<\/strong> \u00een prima zi a intervalului, vremea va fi cald\u0103, astfel \u00eenc\u00e2t media regional\u0103 a maximelor termice va fi de 14 grade. Apoi se va produce o r\u0103cire, p\u00e2n\u0103 \u00een jurul datei de 23 martie, c\u00e2nd temperaturile diurne, \u00een medie \u00een jurul a 10 grade, se vor situa sub cele normale ale perioadei. Din 24 martie \u0219i p\u00e2n\u0103 la sf\u00e2r\u0219itul intervalului, valorile maxime vor cre\u0219te treptat, ajung\u00e2nd, \u00een medie, p\u00e2n\u0103 spre 20 de grade. \u00cen ceea ce prive\u0219te regimul termic nocturn, acesta nu se va modifica semnificativ \u00een prima s\u0103pt\u0103m\u00e2n\u0103 de prognoz\u0103, c\u00e2nd va fi cuprins, \u00een medie, \u00eentre 0 \u0219i 2 grade, apoi va cre\u0219te treptat, p\u00e2n\u0103 spre valori medii de 6 \u2014 8 grade. \u00cen intervalul 21 \u2014 24 martie, ploile \u00ee\u0219i vor face apari\u021bia \u00een cea mai mare parte a regiunii, iar cantit\u0103\u021bile de ap\u0103 vor fi \u00eensemnate. Probabilitatea de apari\u021bie a precipita\u021biilor se va men\u021bine ridicat\u0103 \u0219i dup\u0103 data de 29 martie, \u00eens\u0103 acestea vor fi izolate \u0219i slabe cantitativ.\u00cen <strong>Cri\u0219ana,<\/strong> \u00eenceputul primei s\u0103pt\u0103m\u00e2ni va debuta cu o vreme cald\u0103 pentru aceast\u0103 perioad\u0103, cu temperaturi medii diurne de 12 \u2014 13 grade, care vor sc\u0103dea apoi spre 9 \u2014 10 grade, p\u00e2n\u0103 \u00een data de 24 martie. Ulterior, vremea se va \u00eenc\u0103lzi semnificativ, prima s\u0103pt\u0103m\u00e2n\u0103 a lunii aprilie urm\u00e2nd a fi caracterizat\u0103 de temperaturi maxime, \u00een medie, de 18 \u2014 20 de grade. O tendin\u021b\u0103 asem\u0103n\u0103toare, de cre\u0219tere, va avea \u0219i regimul termic nocturn, de la valori de 0 \u2014 2 grade \u00een prima s\u0103pt\u0103m\u00e2n\u0103, p\u00e2n\u0103 la 6 \u2014 7 grade c\u0103tre sf\u00e2r\u0219itul intervalului. Ploile \u00ee\u0219i vor face apari\u021bia \u00een intervalele 21-25 martie, respectiv 29 martie-3 aprilie, cu un maxim al acestora \u00een jurul datei de 23 martie, c\u00e2nd se vor semnala pe arii extinse, iar cantit\u0103\u021bile de ap\u0103 pot fi \u00eensemnate.<\/p>\n<p>\u00cen <strong>Transilvania<\/strong>, prima zi a intervalului va fi cald\u0103, cu maxime termice care se vor situa, \u00een medie, \u00een jurul valorii de 12 grade, apoi vremea va intra \u00eentr-un proces de r\u0103cire, p\u00e2n\u0103 \u00een jurul datei de 24 martie, c\u00e2nd temperaturile medii diurne vor fi de 7 \u2014 8 grade. Din 25 martie \u0219i p\u00e2n\u0103 la sf\u00e2r\u0219itul intervalului de prognoz\u0103, valorile maxime vor cre\u0219te treptat, ajung\u00e2nd, \u00een medie, p\u00e2n\u0103 la 17 \u2014 18 grade. Regimul termic nocturn va oscila, \u00een medie, \u00eentre\u20144 \u0219i 4 grade, cu cele mai sc\u0103zute valori \u00een intervalul 25 \u2014 28 martie. \u00cen intervalul 21-25 martie vor fi ploi pe arii extinse, iar la mijlocul primei s\u0103pt\u0103m\u00e2ni de prognoz\u0103 acestea se vor transforma, \u00eendeosebi \u00een depresiuni, \u00een lapovi\u021b\u0103 \u0219i ninsoare. Izolat, cantit\u0103\u021bile de ap\u0103 vor fi mai \u00eensemnate. Ploi slabe \u0219i izolate vor fi posibile \u0219i dup\u0103 data de 29 martie.<\/p>\n<p>\u00cen <strong>Maramure\u0219<\/strong>, dup\u0103 o medie a temperaturilor maxime de 9 \u2014 10 grade la \u00eenceputul intervalului, din data de 25 martie vremea se va \u00eenc\u0103lzi semnificativ, astfel c\u0103 \u00een prima s\u0103pt\u0103m\u00e2n\u0103 a lunii aprilie se vor \u00eenregistra maxime, \u00een medie, \u00eentre 16 \u0219i 18 grade. Temperaturile minime se vor men\u021bine \u00een jurul pragului de \u00eenghe\u021b p\u00e2n\u0103 \u00een data de 28 martie, urm\u00e2nd o \u00eenc\u0103lzire treptat\u0103, p\u00e2n\u0103 spre valori medii de 4 \u2014 5 grade la sf\u00e2r\u0219itul intervalului de prognoz\u0103. Probabilitatea de apari\u021bie a precipita\u021biilor, predominant sub form\u0103 de ploaie, va fi mai ridicat\u0103 \u00een intervalele 21-25 martie, respectiv 29 martie-3 aprilie.<\/p>\n<p>\u00cen <strong>Dobrogea<\/strong>, temperaturile maxime vor sc\u0103dea treptat, de la valori medii de 13 \u2014 14 grade \u00een prima zi, p\u00e2n\u0103 la 8 grade \u00een 24 \u0219i 25 martie. Acestea vor cre\u0219te ulterior, \u00eenceputul lunii aprilie fiind caracterizat de un regim termic apropiat de cel normal, cu maxime, \u00een medie regional\u0103, de 14 \u2014 15 grade. Primele trei nop\u021bi vor fi caracterizate de valori termice medii \u00een jurul a 5 grade, apoi acestea vor sc\u0103dea u\u0219or p\u00e2n\u0103 la sf\u00e2r\u0219itul primei s\u0103pt\u0103m\u00e2ni de prognoz\u0103. Din 28 martie minimele nocturne vor cre\u0219te treptat \u0219i vor ajunge la valori medii de 6 \u2014 7 grade. \u00cen intervalul 21-25 martie va ploua temporar, pe arii mai extinse \u0219i moderat cantitativ \u00een ziua de 23 martie.<\/p>\n<p>\u00cen <strong>Muntenia<\/strong>, \u00eenceputul primei s\u0103pt\u0103m\u00e2ni va debuta cu o vreme cald\u0103 pentru aceast\u0103 perioad\u0103, cu temperaturi medii diurne de 15 \u2014 16 grade, dup\u0103 care acestea vor sc\u0103dea accentuat, p\u00e2n\u0103 \u00een jurul datei de 24 martie. Apoi, vremea se va \u00eenc\u0103lzi de la o zi la alta, primele zile ale lunii aprilie, fiind caracterizate de o medie regional\u0103 de 18 \u2014 19 grade. La \u00eenceputul intervalului, temperaturile minime se vor situa \u00een jurul valorii de 3 grade, apoi acestea vor sc\u0103dea u\u0219or \u0219i vor deveni negative \u00een 26 martie. \u00cen cea de-a doua s\u0103pt\u0103m\u00e2n\u0103 de prognoz\u0103 minimele nocturne vor cre\u0219te treptat \u0219i vor ajunge la valori medii de 5 \u2014 6 grade. Vor fi ploi pe arii extinse \u00een intervalul 21 \u2014 25 martie, c\u00e2nd \u0219i cantit\u0103\u021bile de ap\u0103 vor fi mai importante, mai ales pe parcursul zilei de 23 martie.<\/p>\n<p>\u00cen <strong>Oltenia<\/strong>, temperaturile maxime vor sc\u0103dea accentuat, de la valori medii de 16 grade \u00een prima zi, p\u00e2n\u0103 la 7 grade \u00een 23 martie. Apoi, maximele diurne vor cre\u0219te, \u00eendeosebi \u00een cea de-a doua s\u0103pt\u0103m\u00e2n\u0103, astfel c\u0103, la sf\u00e2r\u0219itul intervalului, acestea vor fi, \u00een medie, de 18 \u2014 19 grade. Regimul termic nocturn va oscila, \u00een medie, \u00eentre 0 \u0219i 6 grade, cu cele mai sc\u0103zute valori \u00een 26 \u0219i 27 martie, iar cele mai ridicate la sf\u00e2r\u0219itul intervalului. Vor fi ploi pe arii extinse \u00een intervalul 21 \u2014 25 martie, c\u00e2nd \u0219i cantit\u0103\u021bile de ap\u0103 vor fi mai importante, mai ales \u00een zilele de 22 \u0219i 23 martie.<\/p>\n<p><strong>La munte<\/strong>, \u00een prima s\u0103pt\u0103m\u00e2n\u0103, regimul termic diurn va oscila, \u00een medie, \u00eentre 0 \u0219i 4 grade, cu cele mai sc\u0103zute valori \u00een 24 \u0219i 25 martie, apoi vremea se va \u00eenc\u0103lzi \u0219i va ajunge la sf\u00e2r\u0219itul intervalului p\u00e2n\u0103 la valorii medii de 9 \u2014 10 grade. Pe parcursul nop\u021bilor se vor \u00eenregistra minime preponderent negative, de p\u00e2n\u0103 la\u20147\u2026\u20146 grade \u0219i, abia la \u00eenceputul lunii aprilie, acestea vor deveni u\u0219or pozitive. \u00cen intervalul 21 \u2014 25 martie, vor fi precipita\u021bii, predominant ploi la \u00eenceput, apoi mai ales ninsori, cu un maxim al acestora \u00een jurul datei de 23 martie, c\u00e2nd se vor semnala pe arii extinse, iar cantit\u0103\u021bile de ap\u0103 vor fi \u00eensemnate. Probabilitatea de apari\u021bie a precipita\u021biilor va cre\u0219te din nou dup\u0103 data de 29 martie. Estim\u0103rile meteo sunt realizate de ANM, pe baza produselor numerice ale Centrului European pentru prognoze pe medie durat\u0103 (ECMWF) de la Reading, Anglia. (Sursa: Stiri pe surse)<\/p>\n<\/section>\n<aside class=\"mashsb-container mashsb-main \">\n<div class=\"mashsb-box\">\n<div class=\"mashsb-count mash-medium\">\n<div class=\"counts mashsbcount\">9<\/div>\n<p><span class=\"mashsb-sharetext\">SHARES<\/span><\/div>\n<div class=\"mashsb-buttons\"><a class=\"mashicon-facebook mash-medium mashsb-noshadow\" href=\"https:\/\/www.facebook.com\/sharer.php?u=http%3A%2F%2Fwww.ziaruldevaslui.ro%2Fmeteo-lapovite-si-ninsori-intre-21-si-24-martie%2F\" target=\"_top\" rel=\"nofollow\"><span class=\"text\">Share\u00a0pe\u00a0facebook<\/span><\/a><a class=\"mashicon-twitter mash-medium mashsb-noshadow\" href=\"https:\/\/twitter.com\/intent\/tweet?text=Meteo%3A%20lapovi%C8%9Be%20%C8%99i%20ninsori%2C%20%C3%AEntre%2021%20%C8%99i%2024%20martie&amp;url=http:\/\/www.ziaruldevaslui.ro\/?p=3016\" target=\"_top\" rel=\"nofollow\"><span class=\"text\">Share\u00a0pe\u00a0twitter<\/span><\/a><\/div>\n<\/div>\n<\/aside>\n<\/div>\n<\/div>\n<\/article>\n<div class=\"article-content clearfix\">\n<div class=\"above-entry-meta\"><span class=\"cat-links\"><a href=\"http:\/\/www.ziaruldevaslui.ro\/national\/\" rel=\"category tag\">Na\u021bional<\/a>\u00a0<a href=\"http:\/\/www.ziaruldevaslui.ro\/tabloul-principal\/\" rel=\"category tag\">NOUT\u0102\u021aI<\/a>\u00a0<\/span><\/div>\n<header class=\"entry-header\">\n<h1 class=\"entry-title\">\n\t\t\t\tMeteo: lapovi\u021be \u0219i ninsori, \u00eentre 21 \u0219i 24 martie\t\t\t<\/h1>\n<\/header>\n<div class=\"below-entry-meta\"><span class=\"posted-on\"><a href=\"http:\/\/www.ziaruldevaslui.ro\/meteo-lapovite-si-ninsori-intre-21-si-24-martie\/\" title=\"20:11\" rel=\"bookmark\"><time class=\"entry-date published\" datetime=\"2016-03-21T20:11:25+02:00\">21 martie 2016<\/time><time class=\"updated\" datetime=\"2016-03-21T20:21:00+02:00\">21 martie 2016<\/time><\/a><\/span><span class=\"byline\"><span class=\"author vcard\"><a class=\"url fn n\" href=\"http:\/\/www.ziaruldevaslui.ro\/author\/rodan-mihai\/\" title=\"Mihai Rodan\"><br \/>\n\t\t\t\t\t\tMihai Rodan\t\t\t\t\t<\/a><\/span><\/span><span class=\"comments\"><a href=\"http:\/\/www.ziaruldevaslui.ro\/meteo-lapovite-si-ninsori-intre-21-si-24-martie\/#respond\"> Niciun comentariu<\/a><\/span><span class=\"tag-links\"><a href=\"http:\/\/www.ziaruldevaslui.ro\/tag\/meteo\/\" rel=\"tag\">meteo<\/a>, <a href=\"http:\/\/www.ziaruldevaslui.ro\/tag\/vreme-rea\/\" rel=\"tag\">vreme rea<\/a><\/span><\/div>\n<div class=\"entry-content clearfix\">\n<header class=\"article-single-header\">\n<div class=\"banner big\"><strong>Regimul termic va fi oscilant \u00een urm\u0103toarele dou\u0103 s\u0103pt\u0103m\u00e2ni, cu temperaturi medii diurne ce vor ajunge \u0219i p\u00e2n\u0103 la 20 de grade Celsius la \u00eenceputul lunii aprilie \u0219i cu ploi pe arii extinse \u00een perioada 21 \u2013 25 martie, cantit\u0103\u021bi mai \u00eensemnate urm\u00e2nd s\u0103 fie consemnate \u00een data de 23 martie, potrivit prognozei Administra\u021biei Na\u021bionale de Meteorologie \/ANM\/, valabil\u0103 pentru intervalul 21 martie \u2013 3 aprilie, dat\u0103 ast\u0103zi publicit\u0103\u021bii.<\/strong><\/div>\n<div class=\"banner big\">\u00cen <strong>Moldova<\/strong>, \u00een primele dou\u0103 zile, valorile diurne, \u00een medie de 11 \u2014 12 grade, vor fi mai ridicate dec\u00e2t cele normale \u00een aceast\u0103 perioad\u0103. \u00cen zilele urm\u0103toare, temperaturile maxime vor sc\u0103dea, p\u00e2n\u0103 spre o medie regional\u0103 de 6 grade, pentru ca dup\u0103 data de 25 martie vremea s\u0103 se \u00eenc\u0103lzeasc\u0103 semnificativ, p\u00e2n\u0103 spre maxime \u00een jurul a 18 grade. Dac\u0103 \u00een prima s\u0103pt\u0103m\u00e2n\u0103 media regional\u0103 a temperaturilor minime se va situa \u00een jurul pragului de 0 grade, sf\u00e2r\u0219itul lunii martie \u0219i \u00eenceputul lui aprilie vor aduce valori medii pozitive, de p\u00e2n\u0103 la 4 \u2014 6 grade. \u00centre 21 \u0219i 24 martie, temporar se vor semnala precipita\u021bii, ploi \u00een primele dou\u0103 zile, apoi \u0219i lapovi\u021be \u0219i ninsori, cu un maxim al acestora \u00een jurul datei de 23 martie, c\u00e2nd cantit\u0103\u021bile de ap\u0103 \u00eenregistrate vor fi \u00eensemnate. Dup\u0103 data de 25 martie, probabilitatea de apari\u021bie a precipita\u021biilor va fi relativ redus\u0103.<\/div>\n<\/header>\n<section class=\"article-content\">\u00cen <strong>Banat,<\/strong> \u00een prima zi a intervalului, vremea va fi cald\u0103, astfel \u00eenc\u00e2t media regional\u0103 a maximelor termice va fi de 14 grade. Apoi se va produce o r\u0103cire, p\u00e2n\u0103 \u00een jurul datei de 23 martie, c\u00e2nd temperaturile diurne, \u00een medie \u00een jurul a 10 grade, se vor situa sub cele normale ale perioadei. Din 24 martie \u0219i p\u00e2n\u0103 la sf\u00e2r\u0219itul intervalului, valorile maxime vor cre\u0219te treptat, ajung\u00e2nd, \u00een medie, p\u00e2n\u0103 spre 20 de grade. \u00cen ceea ce prive\u0219te regimul termic nocturn, acesta nu se va modifica semnificativ \u00een prima s\u0103pt\u0103m\u00e2n\u0103 de prognoz\u0103, c\u00e2nd va fi cuprins, \u00een medie, \u00eentre 0 \u0219i 2 grade, apoi va cre\u0219te treptat, p\u00e2n\u0103 spre valori medii de 6 \u2014 8 grade. \u00cen intervalul 21 \u2014 24 martie, ploile \u00ee\u0219i vor face apari\u021bia \u00een cea mai mare parte a regiunii, iar cantit\u0103\u021bile de ap\u0103 vor fi \u00eensemnate. Probabilitatea de apari\u021bie a precipita\u021biilor se va men\u021bine ridicat\u0103 \u0219i dup\u0103 data de 29 martie, \u00eens\u0103 acestea vor fi izolate \u0219i slabe cantitativ.\u00cen <strong>Cri\u0219ana,<\/strong> \u00eenceputul primei s\u0103pt\u0103m\u00e2ni va debuta cu o vreme cald\u0103 pentru aceast\u0103 perioad\u0103, cu temperaturi medii diurne de 12 \u2014 13 grade, care vor sc\u0103dea apoi spre 9 \u2014 10 grade, p\u00e2n\u0103 \u00een data de 24 martie. Ulterior, vremea se va \u00eenc\u0103lzi semnificativ, prima s\u0103pt\u0103m\u00e2n\u0103 a lunii aprilie urm\u00e2nd a fi caracterizat\u0103 de temperaturi maxime, \u00een medie, de 18 \u2014 20 de grade. O tendin\u021b\u0103 asem\u0103n\u0103toare, de cre\u0219tere, va avea \u0219i regimul termic nocturn, de la valori de 0 \u2014 2 grade \u00een prima s\u0103pt\u0103m\u00e2n\u0103, p\u00e2n\u0103 la 6 \u2014 7 grade c\u0103tre sf\u00e2r\u0219itul intervalului. Ploile \u00ee\u0219i vor face apari\u021bia \u00een intervalele 21-25 martie, respectiv 29 martie-3 aprilie, cu un maxim al acestora \u00een jurul datei de 23 martie, c\u00e2nd se vor semnala pe arii extinse, iar cantit\u0103\u021bile de ap\u0103 pot fi \u00eensemnate.<\/p>\n<p>\u00cen <strong>Transilvania<\/strong>, prima zi a intervalului va fi cald\u0103, cu maxime termice care se vor situa, \u00een medie, \u00een jurul valorii de 12 grade, apoi vremea va intra \u00eentr-un proces de r\u0103cire, p\u00e2n\u0103 \u00een jurul datei de 24 martie, c\u00e2nd temperaturile medii diurne vor fi de 7 \u2014 8 grade. Din 25 martie \u0219i p\u00e2n\u0103 la sf\u00e2r\u0219itul intervalului de prognoz\u0103, valorile maxime vor cre\u0219te treptat, ajung\u00e2nd, \u00een medie, p\u00e2n\u0103 la 17 \u2014 18 grade. Regimul termic nocturn va oscila, \u00een medie, \u00eentre\u20144 \u0219i 4 grade, cu cele mai sc\u0103zute valori \u00een intervalul 25 \u2014 28 martie. \u00cen intervalul 21-25 martie vor fi ploi pe arii extinse, iar la mijlocul primei s\u0103pt\u0103m\u00e2ni de prognoz\u0103 acestea se vor transforma, \u00eendeosebi \u00een depresiuni, \u00een lapovi\u021b\u0103 \u0219i ninsoare. Izolat, cantit\u0103\u021bile de ap\u0103 vor fi mai \u00eensemnate. Ploi slabe \u0219i izolate vor fi posibile \u0219i dup\u0103 data de 29 martie.<\/p>\n<p>\u00cen <strong>Maramure\u0219<\/strong>, dup\u0103 o medie a temperaturilor maxime de 9 \u2014 10 grade la \u00eenceputul intervalului, din data de 25 martie vremea se va \u00eenc\u0103lzi semnificativ, astfel c\u0103 \u00een prima s\u0103pt\u0103m\u00e2n\u0103 a lunii aprilie se vor \u00eenregistra maxime, \u00een medie, \u00eentre 16 \u0219i 18 grade. Temperaturile minime se vor men\u021bine \u00een jurul pragului de \u00eenghe\u021b p\u00e2n\u0103 \u00een data de 28 martie, urm\u00e2nd o \u00eenc\u0103lzire treptat\u0103, p\u00e2n\u0103 spre valori medii de 4 \u2014 5 grade la sf\u00e2r\u0219itul intervalului de prognoz\u0103. Probabilitatea de apari\u021bie a precipita\u021biilor, predominant sub form\u0103 de ploaie, va fi mai ridicat\u0103 \u00een intervalele 21-25 martie, respectiv 29 martie-3 aprilie.<\/p>\n<p>\u00cen <strong>Dobrogea<\/strong>, temperaturile maxime vor sc\u0103dea treptat, de la valori medii de 13 \u2014 14 grade \u00een prima zi, p\u00e2n\u0103 la 8 grade \u00een 24 \u0219i 25 martie. Acestea vor cre\u0219te ulterior, \u00eenceputul lunii aprilie fiind caracterizat de un regim termic apropiat de cel normal, cu maxime, \u00een medie regional\u0103, de 14 \u2014 15 grade. Primele trei nop\u021bi vor fi caracterizate de valori termice medii \u00een jurul a 5 grade, apoi acestea vor sc\u0103dea u\u0219or p\u00e2n\u0103 la sf\u00e2r\u0219itul primei s\u0103pt\u0103m\u00e2ni de prognoz\u0103. Din 28 martie minimele nocturne vor cre\u0219te treptat \u0219i vor ajunge la valori medii de 6 \u2014 7 grade. \u00cen intervalul 21-25 martie va ploua temporar, pe arii mai extinse \u0219i moderat cantitativ \u00een ziua de 23 martie.<\/p>\n<p>\u00cen <strong>Muntenia<\/strong>, \u00eenceputul primei s\u0103pt\u0103m\u00e2ni va debuta cu o vreme cald\u0103 pentru aceast\u0103 perioad\u0103, cu temperaturi medii diurne de 15 \u2014 16 grade, dup\u0103 care acestea vor sc\u0103dea accentuat, p\u00e2n\u0103 \u00een jurul datei de 24 martie. Apoi, vremea se va \u00eenc\u0103lzi de la o zi la alta, primele zile ale lunii aprilie, fiind caracterizate de o medie regional\u0103 de 18 \u2014 19 grade. La \u00eenceputul intervalului, temperaturile minime se vor situa \u00een jurul valorii de 3 grade, apoi acestea vor sc\u0103dea u\u0219or \u0219i vor deveni negative \u00een 26 martie. \u00cen cea de-a doua s\u0103pt\u0103m\u00e2n\u0103 de prognoz\u0103 minimele nocturne vor cre\u0219te treptat \u0219i vor ajunge la valori medii de 5 \u2014 6 grade. Vor fi ploi pe arii extinse \u00een intervalul 21 \u2014 25 martie, c\u00e2nd \u0219i cantit\u0103\u021bile de ap\u0103 vor fi mai importante, mai ales pe parcursul zilei de 23 martie.<\/p>\n<p>\u00cen <strong>Oltenia<\/strong>, temperaturile maxime vor sc\u0103dea accentuat, de la valori medii de 16 grade \u00een prima zi, p\u00e2n\u0103 la 7 grade \u00een 23 martie. Apoi, maximele diurne vor cre\u0219te, \u00eendeosebi \u00een cea de-a doua s\u0103pt\u0103m\u00e2n\u0103, astfel c\u0103, la sf\u00e2r\u0219itul intervalului, acestea vor fi, \u00een medie, de 18 \u2014 19 grade. Regimul termic nocturn va oscila, \u00een medie, \u00eentre 0 \u0219i 6 grade, cu cele mai sc\u0103zute valori \u00een 26 \u0219i 27 martie, iar cele mai ridicate la sf\u00e2r\u0219itul intervalului. Vor fi ploi pe arii extinse \u00een intervalul 21 \u2014 25 martie, c\u00e2nd \u0219i cantit\u0103\u021bile de ap\u0103 vor fi mai importante, mai ales \u00een zilele de 22 \u0219i 23 martie.<\/p>\n<p><strong>La munte<\/strong>, \u00een prima s\u0103pt\u0103m\u00e2n\u0103, regimul termic diurn va oscila, \u00een medie, \u00eentre 0 \u0219i 4 grade, cu cele mai sc\u0103zute valori \u00een 24 \u0219i 25 martie, apoi vremea se va \u00eenc\u0103lzi \u0219i va ajunge la sf\u00e2r\u0219itul intervalului p\u00e2n\u0103 la valorii medii de 9 \u2014 10 grade. Pe parcursul nop\u021bilor se vor \u00eenregistra minime preponderent negative, de p\u00e2n\u0103 la\u20147\u2026\u20146 grade \u0219i, abia la \u00eenceputul lunii aprilie, acestea vor deveni u\u0219or pozitive. \u00cen intervalul 21 \u2014 25 martie, vor fi precipita\u021bii, predominant ploi la \u00eenceput, apoi mai ales ninsori, cu un maxim al acestora \u00een jurul datei de 23 martie, c\u00e2nd se vor semnala pe arii extinse, iar cantit\u0103\u021bile de ap\u0103 vor fi \u00eensemnate. Probabilitatea de apari\u021bie a precipita\u021biilor va cre\u0219te din nou dup\u0103 data de 29 martie. Estim\u0103rile meteo sunt realizate de ANM, pe baza produselor numerice ale Centrului European pentru prognoze pe medie durat\u0103 (ECMWF) de la Reading, Anglia. (Sursa: Stiri pe surse)<\/p>\n<\/section>\n<aside class=\"mashsb-container mashsb-main \">\n<div class=\"mashsb-box\">\n<div class=\"mashsb-count mash-medium\">\n<div class=\"counts mashsbcount\">9<\/div>\n<p><span class=\"mashsb-sharetext\">SHARES<\/span><\/div>\n<div class=\"mashsb-buttons\"><a class=\"mashicon-facebook mash-medium mashsb-noshadow\" href=\"https:\/\/www.facebook.com\/sharer.php?u=http%3A%2F%2Fwww.ziaruldevaslui.ro%2Fmeteo-lapovite-si-ninsori-intre-21-si-24-martie%2F\" target=\"_top\" rel=\"nofollow\"><span class=\"text\">Share\u00a0pe\u00a0facebook<\/span><\/a><a class=\"mashicon-twitter mash-medium mashsb-noshadow\" href=\"https:\/\/twitter.com\/intent\/tweet?text=Meteo%3A%20lapovi%C8%9Be%20%C8%99i%20ninsori%2C%20%C3%AEntre%2021%20%C8%99i%2024%20martie&amp;url=http:\/\/www.ziaruldevaslui.ro\/?p=3016\" target=\"_top\" rel=\"nofollow\"><span class=\"text\">Share\u00a0pe\u00a0twitter<\/span><\/a><\/div>\n<\/div>\n<\/aside>\n<\/div>\n<\/div>\n<div class=\"entry-content clearfix\">\n<header class=\"article-single-header\">\n<div class=\"banner big\"><strong>Regimul termic va fi oscilant \u00een urm\u0103toarele dou\u0103 s\u0103pt\u0103m\u00e2ni, cu temperaturi medii diurne ce vor ajunge \u0219i p\u00e2n\u0103 la 20 de grade Celsius la \u00eenceputul lunii aprilie \u0219i cu ploi pe arii extinse \u00een perioada 21 \u2013 25 martie, cantit\u0103\u021bi mai \u00eensemnate urm\u00e2nd s\u0103 fie consemnate \u00een data de 23 martie, potrivit prognozei Administra\u021biei Na\u021bionale de Meteorologie \/ANM\/, valabil\u0103 pentru intervalul 21 martie \u2013 3 aprilie, dat\u0103 ast\u0103zi publicit\u0103\u021bii.<\/strong><\/div>\n<div class=\"banner big\">\u00cen <strong>Moldova<\/strong>, \u00een primele dou\u0103 zile, valorile diurne, \u00een medie de 11 \u2014 12 grade, vor fi mai ridicate dec\u00e2t cele normale \u00een aceast\u0103 perioad\u0103. \u00cen zilele urm\u0103toare, temperaturile maxime vor sc\u0103dea, p\u00e2n\u0103 spre o medie regional\u0103 de 6 grade, pentru ca dup\u0103 data de 25 martie vremea s\u0103 se \u00eenc\u0103lzeasc\u0103 semnificativ, p\u00e2n\u0103 spre maxime \u00een jurul a 18 grade. Dac\u0103 \u00een prima s\u0103pt\u0103m\u00e2n\u0103 media regional\u0103 a temperaturilor minime se va situa \u00een jurul pragului de 0 grade, sf\u00e2r\u0219itul lunii martie \u0219i \u00eenceputul lui aprilie vor aduce valori medii pozitive, de p\u00e2n\u0103 la 4 \u2014 6 grade. \u00centre 21 \u0219i 24 martie, temporar se vor semnala precipita\u021bii, ploi \u00een primele dou\u0103 zile, apoi \u0219i lapovi\u021be \u0219i ninsori, cu un maxim al acestora \u00een jurul datei de 23 martie, c\u00e2nd cantit\u0103\u021bile de ap\u0103 \u00eenregistrate vor fi \u00eensemnate. Dup\u0103 data de 25 martie, probabilitatea de apari\u021bie a precipita\u021biilor va fi relativ redus\u0103.<\/div>\n<\/header>\n<section class=\"article-content\">\u00cen <strong>Banat,<\/strong> \u00een prima zi a intervalului, vremea va fi cald\u0103, astfel \u00eenc\u00e2t media regional\u0103 a maximelor termice va fi de 14 grade. Apoi se va produce o r\u0103cire, p\u00e2n\u0103 \u00een jurul datei de 23 martie, c\u00e2nd temperaturile diurne, \u00een medie \u00een jurul a 10 grade, se vor situa sub cele normale ale perioadei. Din 24 martie \u0219i p\u00e2n\u0103 la sf\u00e2r\u0219itul intervalului, valorile maxime vor cre\u0219te treptat, ajung\u00e2nd, \u00een medie, p\u00e2n\u0103 spre 20 de grade. \u00cen ceea ce prive\u0219te regimul termic nocturn, acesta nu se va modifica semnificativ \u00een prima s\u0103pt\u0103m\u00e2n\u0103 de prognoz\u0103, c\u00e2nd va fi cuprins, \u00een medie, \u00eentre 0 \u0219i 2 grade, apoi va cre\u0219te treptat, p\u00e2n\u0103 spre valori medii de 6 \u2014 8 grade. \u00cen intervalul 21 \u2014 24 martie, ploile \u00ee\u0219i vor face apari\u021bia \u00een cea mai mare parte a regiunii, iar cantit\u0103\u021bile de ap\u0103 vor fi \u00eensemnate. Probabilitatea de apari\u021bie a precipita\u021biilor se va men\u021bine ridicat\u0103 \u0219i dup\u0103 data de 29 martie, \u00eens\u0103 acestea vor fi izolate \u0219i slabe cantitativ.\u00cen <strong>Cri\u0219ana,<\/strong> \u00eenceputul primei s\u0103pt\u0103m\u00e2ni va debuta cu o vreme cald\u0103 pentru aceast\u0103 perioad\u0103, cu temperaturi medii diurne de 12 \u2014 13 grade, care vor sc\u0103dea apoi spre 9 \u2014 10 grade, p\u00e2n\u0103 \u00een data de 24 martie. Ulterior, vremea se va \u00eenc\u0103lzi semnificativ, prima s\u0103pt\u0103m\u00e2n\u0103 a lunii aprilie urm\u00e2nd a fi caracterizat\u0103 de temperaturi maxime, \u00een medie, de 18 \u2014 20 de grade. O tendin\u021b\u0103 asem\u0103n\u0103toare, de cre\u0219tere, va avea \u0219i regimul termic nocturn, de la valori de 0 \u2014 2 grade \u00een prima s\u0103pt\u0103m\u00e2n\u0103, p\u00e2n\u0103 la 6 \u2014 7 grade c\u0103tre sf\u00e2r\u0219itul intervalului. Ploile \u00ee\u0219i vor face apari\u021bia \u00een intervalele 21-25 martie, respectiv 29 martie-3 aprilie, cu un maxim al acestora \u00een jurul datei de 23 martie, c\u00e2nd se vor semnala pe arii extinse, iar cantit\u0103\u021bile de ap\u0103 pot fi \u00eensemnate.<\/p>\n<p>\u00cen <strong>Transilvania<\/strong>, prima zi a intervalului va fi cald\u0103, cu maxime termice care se vor situa, \u00een medie, \u00een jurul valorii de 12 grade, apoi vremea va intra \u00eentr-un proces de r\u0103cire, p\u00e2n\u0103 \u00een jurul datei de 24 martie, c\u00e2nd temperaturile medii diurne vor fi de 7 \u2014 8 grade. Din 25 martie \u0219i p\u00e2n\u0103 la sf\u00e2r\u0219itul intervalului de prognoz\u0103, valorile maxime vor cre\u0219te treptat, ajung\u00e2nd, \u00een medie, p\u00e2n\u0103 la 17 \u2014 18 grade. Regimul termic nocturn va oscila, \u00een medie, \u00eentre\u20144 \u0219i 4 grade, cu cele mai sc\u0103zute valori \u00een intervalul 25 \u2014 28 martie. \u00cen intervalul 21-25 martie vor fi ploi pe arii extinse, iar la mijlocul primei s\u0103pt\u0103m\u00e2ni de prognoz\u0103 acestea se vor transforma, \u00eendeosebi \u00een depresiuni, \u00een lapovi\u021b\u0103 \u0219i ninsoare. Izolat, cantit\u0103\u021bile de ap\u0103 vor fi mai \u00eensemnate. Ploi slabe \u0219i izolate vor fi posibile \u0219i dup\u0103 data de 29 martie.<\/p>\n<p>\u00cen <strong>Maramure\u0219<\/strong>, dup\u0103 o medie a temperaturilor maxime de 9 \u2014 10 grade la \u00eenceputul intervalului, din data de 25 martie vremea se va \u00eenc\u0103lzi semnificativ, astfel c\u0103 \u00een prima s\u0103pt\u0103m\u00e2n\u0103 a lunii aprilie se vor \u00eenregistra maxime, \u00een medie, \u00eentre 16 \u0219i 18 grade. Temperaturile minime se vor men\u021bine \u00een jurul pragului de \u00eenghe\u021b p\u00e2n\u0103 \u00een data de 28 martie, urm\u00e2nd o \u00eenc\u0103lzire treptat\u0103, p\u00e2n\u0103 spre valori medii de 4 \u2014 5 grade la sf\u00e2r\u0219itul intervalului de prognoz\u0103. Probabilitatea de apari\u021bie a precipita\u021biilor, predominant sub form\u0103 de ploaie, va fi mai ridicat\u0103 \u00een intervalele 21-25 martie, respectiv 29 martie-3 aprilie.<\/p>\n<p>\u00cen <strong>Dobrogea<\/strong>, temperaturile maxime vor sc\u0103dea treptat, de la valori medii de 13 \u2014 14 grade \u00een prima zi, p\u00e2n\u0103 la 8 grade \u00een 24 \u0219i 25 martie. Acestea vor cre\u0219te ulterior, \u00eenceputul lunii aprilie fiind caracterizat de un regim termic apropiat de cel normal, cu maxime, \u00een medie regional\u0103, de 14 \u2014 15 grade. Primele trei nop\u021bi vor fi caracterizate de valori termice medii \u00een jurul a 5 grade, apoi acestea vor sc\u0103dea u\u0219or p\u00e2n\u0103 la sf\u00e2r\u0219itul primei s\u0103pt\u0103m\u00e2ni de prognoz\u0103. Din 28 martie minimele nocturne vor cre\u0219te treptat \u0219i vor ajunge la valori medii de 6 \u2014 7 grade. \u00cen intervalul 21-25 martie va ploua temporar, pe arii mai extinse \u0219i moderat cantitativ \u00een ziua de 23 martie.<\/p>\n<p>\u00cen <strong>Muntenia<\/strong>, \u00eenceputul primei s\u0103pt\u0103m\u00e2ni va debuta cu o vreme cald\u0103 pentru aceast\u0103 perioad\u0103, cu temperaturi medii diurne de 15 \u2014 16 grade, dup\u0103 care acestea vor sc\u0103dea accentuat, p\u00e2n\u0103 \u00een jurul datei de 24 martie. Apoi, vremea se va \u00eenc\u0103lzi de la o zi la alta, primele zile ale lunii aprilie, fiind caracterizate de o medie regional\u0103 de 18 \u2014 19 grade. La \u00eenceputul intervalului, temperaturile minime se vor situa \u00een jurul valorii de 3 grade, apoi acestea vor sc\u0103dea u\u0219or \u0219i vor deveni negative \u00een 26 martie. \u00cen cea de-a doua s\u0103pt\u0103m\u00e2n\u0103 de prognoz\u0103 minimele nocturne vor cre\u0219te treptat \u0219i vor ajunge la valori medii de 5 \u2014 6 grade. Vor fi ploi pe arii extinse \u00een intervalul 21 \u2014 25 martie, c\u00e2nd \u0219i cantit\u0103\u021bile de ap\u0103 vor fi mai importante, mai ales pe parcursul zilei de 23 martie.<\/p>\n<p>\u00cen <strong>Oltenia<\/strong>, temperaturile maxime vor sc\u0103dea accentuat, de la valori medii de 16 grade \u00een prima zi, p\u00e2n\u0103 la 7 grade \u00een 23 martie. Apoi, maximele diurne vor cre\u0219te, \u00eendeosebi \u00een cea de-a doua s\u0103pt\u0103m\u00e2n\u0103, astfel c\u0103, la sf\u00e2r\u0219itul intervalului, acestea vor fi, \u00een medie, de 18 \u2014 19 grade. Regimul termic nocturn va oscila, \u00een medie, \u00eentre 0 \u0219i 6 grade, cu cele mai sc\u0103zute valori \u00een 26 \u0219i 27 martie, iar cele mai ridicate la sf\u00e2r\u0219itul intervalului. Vor fi ploi pe arii extinse \u00een intervalul 21 \u2014 25 martie, c\u00e2nd \u0219i cantit\u0103\u021bile de ap\u0103 vor fi mai importante, mai ales \u00een zilele de 22 \u0219i 23 martie.<\/p>\n<p><strong>La munte<\/strong>, \u00een prima s\u0103pt\u0103m\u00e2n\u0103, regimul termic diurn va oscila, \u00een medie, \u00eentre 0 \u0219i 4 grade, cu cele mai sc\u0103zute valori \u00een 24 \u0219i 25 martie, apoi vremea se va \u00eenc\u0103lzi \u0219i va ajunge la sf\u00e2r\u0219itul intervalului p\u00e2n\u0103 la valorii medii de 9 \u2014 10 grade. Pe parcursul nop\u021bilor se vor \u00eenregistra minime preponderent negative, de p\u00e2n\u0103 la\u20147\u2026\u20146 grade \u0219i, abia la \u00eenceputul lunii aprilie, acestea vor deveni u\u0219or pozitive. \u00cen intervalul 21 \u2014 25 martie, vor fi precipita\u021bii, predominant ploi la \u00eenceput, apoi mai ales ninsori, cu un maxim al acestora \u00een jurul datei de 23 martie, c\u00e2nd se vor semnala pe arii extinse, iar cantit\u0103\u021bile de ap\u0103 vor fi \u00eensemnate. Probabilitatea de apari\u021bie a precipita\u021biilor va cre\u0219te din nou dup\u0103 data de 29 martie. Estim\u0103rile meteo sunt realizate de ANM, pe baza produselor numerice ale Centrului European pentru prognoze pe medie durat\u0103 (ECMWF) de la Reading, Anglia. (Sursa: Stiri pe surse)<\/p>\n<\/section>\n<aside class=\"mashsb-container mashsb-main \">\n<div class=\"mashsb-box\">\n<div class=\"mashsb-count mash-medium\">\n<div class=\"counts mashsbcount\">9<\/div>\n<p><span class=\"mashsb-sharetext\">SHARES<\/span><\/div>\n<div class=\"mashsb-buttons\"><a class=\"mashicon-facebook mash-medium mashsb-noshadow\" href=\"https:\/\/www.facebook.com\/sharer.php?u=http%3A%2F%2Fwww.ziaruldevaslui.ro%2Fmeteo-lapovite-si-ninsori-intre-21-si-24-martie%2F\" target=\"_top\" rel=\"nofollow\"><span class=\"text\">Share\u00a0pe\u00a0facebook<\/span><\/a><a class=\"mashicon-twitter mash-medium mashsb-noshadow\" href=\"https:\/\/twitter.com\/intent\/tweet?text=Meteo%3A%20lapovi%C8%9Be%20%C8%99i%20ninsori%2C%20%C3%AEntre%2021%20%C8%99i%2024%20martie&amp;url=http:\/\/www.ziaruldevaslui.ro\/?p=3016\" target=\"_top\" rel=\"nofollow\"><span class=\"text\">Share\u00a0pe\u00a0twitter<\/span><\/a><\/div>\n<\/div>\n<\/aside>\n<\/div>\n<section class=\"article-content\">\u00cen <strong>Banat,<\/strong> \u00een prima zi a intervalului, vremea va fi cald\u0103, astfel \u00eenc\u00e2t media regional\u0103 a maximelor termice va fi de 14 grade. Apoi se va produce o r\u0103cire, p\u00e2n\u0103 \u00een jurul datei de 23 martie, c\u00e2nd temperaturile diurne, \u00een medie \u00een jurul a 10 grade, se vor situa sub cele normale ale perioadei. Din 24 martie \u0219i p\u00e2n\u0103 la sf\u00e2r\u0219itul intervalului, valorile maxime vor cre\u0219te treptat, ajung\u00e2nd, \u00een medie, p\u00e2n\u0103 spre 20 de grade. \u00cen ceea ce prive\u0219te regimul termic nocturn, acesta nu se va modifica semnificativ \u00een prima s\u0103pt\u0103m\u00e2n\u0103 de prognoz\u0103, c\u00e2nd va fi cuprins, \u00een medie, \u00eentre 0 \u0219i 2 grade, apoi va cre\u0219te treptat, p\u00e2n\u0103 spre valori medii de 6 \u2014 8 grade. \u00cen intervalul 21 \u2014 24 martie, ploile \u00ee\u0219i vor face apari\u021bia \u00een cea mai mare parte a regiunii, iar cantit\u0103\u021bile de ap\u0103 vor fi \u00eensemnate. Probabilitatea de apari\u021bie a precipita\u021biilor se va men\u021bine ridicat\u0103 \u0219i dup\u0103 data de 29 martie, \u00eens\u0103 acestea vor fi izolate \u0219i slabe cantitativ.\u00cen <strong>Cri\u0219ana,<\/strong> \u00eenceputul primei s\u0103pt\u0103m\u00e2ni va debuta cu o vreme cald\u0103 pentru aceast\u0103 perioad\u0103, cu temperaturi medii diurne de 12 \u2014 13 grade, care vor sc\u0103dea apoi spre 9 \u2014 10 grade, p\u00e2n\u0103 \u00een data de 24 martie. Ulterior, vremea se va \u00eenc\u0103lzi semnificativ, prima s\u0103pt\u0103m\u00e2n\u0103 a lunii aprilie urm\u00e2nd a fi caracterizat\u0103 de temperaturi maxime, \u00een medie, de 18 \u2014 20 de grade. O tendin\u021b\u0103 asem\u0103n\u0103toare, de cre\u0219tere, va avea \u0219i regimul termic nocturn, de la valori de 0 \u2014 2 grade \u00een prima s\u0103pt\u0103m\u00e2n\u0103, p\u00e2n\u0103 la 6 \u2014 7 grade c\u0103tre sf\u00e2r\u0219itul intervalului. Ploile \u00ee\u0219i vor face apari\u021bia \u00een intervalele 21-25 martie, respectiv 29 martie-3 aprilie, cu un maxim al acestora \u00een jurul datei de 23 martie, c\u00e2nd se vor semnala pe arii extinse, iar cantit\u0103\u021bile de ap\u0103 pot fi \u00eensemnate.<\/p>\n<p>\u00cen <strong>Transilvania<\/strong>, prima zi a intervalului va fi cald\u0103, cu maxime termice care se vor situa, \u00een medie, \u00een jurul valorii de 12 grade, apoi vremea va intra \u00eentr-un proces de r\u0103cire, p\u00e2n\u0103 \u00een jurul datei de 24 martie, c\u00e2nd temperaturile medii diurne vor fi de 7 \u2014 8 grade. Din 25 martie \u0219i p\u00e2n\u0103 la sf\u00e2r\u0219itul intervalului de prognoz\u0103, valorile maxime vor cre\u0219te treptat, ajung\u00e2nd, \u00een medie, p\u00e2n\u0103 la 17 \u2014 18 grade. Regimul termic nocturn va oscila, \u00een medie, \u00eentre\u20144 \u0219i 4 grade, cu cele mai sc\u0103zute valori \u00een intervalul 25 \u2014 28 martie. \u00cen intervalul 21-25 martie vor fi ploi pe arii extinse, iar la mijlocul primei s\u0103pt\u0103m\u00e2ni de prognoz\u0103 acestea se vor transforma, \u00eendeosebi \u00een depresiuni, \u00een lapovi\u021b\u0103 \u0219i ninsoare. Izolat, cantit\u0103\u021bile de ap\u0103 vor fi mai \u00eensemnate. Ploi slabe \u0219i izolate vor fi posibile \u0219i dup\u0103 data de 29 martie.<\/p>\n<p>\u00cen <strong>Maramure\u0219<\/strong>, dup\u0103 o medie a temperaturilor maxime de 9 \u2014 10 grade la \u00eenceputul intervalului, din data de 25 martie vremea se va \u00eenc\u0103lzi semnificativ, astfel c\u0103 \u00een prima s\u0103pt\u0103m\u00e2n\u0103 a lunii aprilie se vor \u00eenregistra maxime, \u00een medie, \u00eentre 16 \u0219i 18 grade. Temperaturile minime se vor men\u021bine \u00een jurul pragului de \u00eenghe\u021b p\u00e2n\u0103 \u00een data de 28 martie, urm\u00e2nd o \u00eenc\u0103lzire treptat\u0103, p\u00e2n\u0103 spre valori medii de 4 \u2014 5 grade la sf\u00e2r\u0219itul intervalului de prognoz\u0103. Probabilitatea de apari\u021bie a precipita\u021biilor, predominant sub form\u0103 de ploaie, va fi mai ridicat\u0103 \u00een intervalele 21-25 martie, respectiv 29 martie-3 aprilie.<\/p>\n<p>\u00cen <strong>Dobrogea<\/strong>, temperaturile maxime vor sc\u0103dea treptat, de la valori medii de 13 \u2014 14 grade \u00een prima zi, p\u00e2n\u0103 la 8 grade \u00een 24 \u0219i 25 martie. Acestea vor cre\u0219te ulterior, \u00eenceputul lunii aprilie fiind caracterizat de un regim termic apropiat de cel normal, cu maxime, \u00een medie regional\u0103, de 14 \u2014 15 grade. Primele trei nop\u021bi vor fi caracterizate de valori termice medii \u00een jurul a 5 grade, apoi acestea vor sc\u0103dea u\u0219or p\u00e2n\u0103 la sf\u00e2r\u0219itul primei s\u0103pt\u0103m\u00e2ni de prognoz\u0103. Din 28 martie minimele nocturne vor cre\u0219te treptat \u0219i vor ajunge la valori medii de 6 \u2014 7 grade. \u00cen intervalul 21-25 martie va ploua temporar, pe arii mai extinse \u0219i moderat cantitativ \u00een ziua de 23 martie.<\/p>\n<p>\u00cen <strong>Muntenia<\/strong>, \u00eenceputul primei s\u0103pt\u0103m\u00e2ni va debuta cu o vreme cald\u0103 pentru aceast\u0103 perioad\u0103, cu temperaturi medii diurne de 15 \u2014 16 grade, dup\u0103 care acestea vor sc\u0103dea accentuat, p\u00e2n\u0103 \u00een jurul datei de 24 martie. Apoi, vremea se va \u00eenc\u0103lzi de la o zi la alta, primele zile ale lunii aprilie, fiind caracterizate de o medie regional\u0103 de 18 \u2014 19 grade. La \u00eenceputul intervalului, temperaturile minime se vor situa \u00een jurul valorii de 3 grade, apoi acestea vor sc\u0103dea u\u0219or \u0219i vor deveni negative \u00een 26 martie. \u00cen cea de-a doua s\u0103pt\u0103m\u00e2n\u0103 de prognoz\u0103 minimele nocturne vor cre\u0219te treptat \u0219i vor ajunge la valori medii de 5 \u2014 6 grade. Vor fi ploi pe arii extinse \u00een intervalul 21 \u2014 25 martie, c\u00e2nd \u0219i cantit\u0103\u021bile de ap\u0103 vor fi mai importante, mai ales pe parcursul zilei de 23 martie.<\/p>\n<p>\u00cen <strong>Oltenia<\/strong>, temperaturile maxime vor sc\u0103dea accentuat, de la valori medii de 16 grade \u00een prima zi, p\u00e2n\u0103 la 7 grade \u00een 23 martie. Apoi, maximele diurne vor cre\u0219te, \u00eendeosebi \u00een cea de-a doua s\u0103pt\u0103m\u00e2n\u0103, astfel c\u0103, la sf\u00e2r\u0219itul intervalului, acestea vor fi, \u00een medie, de 18 \u2014 19 grade. Regimul termic nocturn va oscila, \u00een medie, \u00eentre 0 \u0219i 6 grade, cu cele mai sc\u0103zute valori \u00een 26 \u0219i 27 martie, iar cele mai ridicate la sf\u00e2r\u0219itul intervalului. Vor fi ploi pe arii extinse \u00een intervalul 21 \u2014 25 martie, c\u00e2nd \u0219i cantit\u0103\u021bile de ap\u0103 vor fi mai importante, mai ales \u00een zilele de 22 \u0219i 23 martie.<\/p>\n<p><strong>La munte<\/strong>, \u00een prima s\u0103pt\u0103m\u00e2n\u0103, regimul termic diurn va oscila, \u00een medie, \u00eentre 0 \u0219i 4 grade, cu cele mai sc\u0103zute valori \u00een 24 \u0219i 25 martie, apoi vremea se va \u00eenc\u0103lzi \u0219i va ajunge la sf\u00e2r\u0219itul intervalului p\u00e2n\u0103 la valorii medii de 9 \u2014 10 grade. Pe parcursul nop\u021bilor se vor \u00eenregistra minime preponderent negative, de p\u00e2n\u0103 la\u20147\u2026\u20146 grade \u0219i, abia la \u00eenceputul lunii aprilie, acestea vor deveni u\u0219or pozitive. \u00cen intervalul 21 \u2014 25 martie, vor fi precipita\u021bii, predominant ploi la \u00eenceput, apoi mai ales ninsori, cu un maxim al acestora \u00een jurul datei de 23 martie, c\u00e2nd se vor semnala pe arii extinse, iar cantit\u0103\u021bile de ap\u0103 vor fi \u00eensemnate. Probabilitatea de apari\u021bie a precipita\u021biilor va cre\u0219te din nou dup\u0103 data de 29 martie. Estim\u0103rile meteo sunt realizate de ANM, pe baza produselor numerice ale Centrului European pentru prognoze pe medie durat\u0103 (ECMWF) de la Reading, Anglia. (Sursa: Stiri pe surse)<\/p>\n<\/section>\n<div class=\"article-content\">\n<h3 class=\"entry-title\"><a href=\"http:\/\/www.ziaruldevaslui.ro\/foto-incendiu-devastator-la-stanilesti-o-femeie-a-ars-in-propria-casa\/\" rel=\"bookmark\" title=\"FOTO Incendiu devastator la St\u0103nile\u0219ti. O femeie a ars \u00een propria cas\u0103\"><br \/>\n\t\t\t\t\t\t\t\tFOTO Incendiu devastator la St\u0103nile\u0219ti. O femeie a ars \u00een propria cas\u0103\t\t\t\t\t\t\t<\/a><\/h3>\n<div class=\"below-entry-meta\"><span class=\"posted-on\"><a href=\"http:\/\/www.ziaruldevaslui.ro\/foto-incendiu-devastator-la-stanilesti-o-femeie-a-ars-in-propria-casa\/\" title=\"10:40\" rel=\"bookmark\"><time class=\"entry-date published updated\" datetime=\"2018-01-17T10:40:23+02:00\">17 ianuarie 2018<\/time><\/a><\/span><span class=\"byline\"><span class=\"author vcard\"><a class=\"url fn n\" href=\"http:\/\/www.ziaruldevaslui.ro\/author\/admin\/\" title=\"Ziarul de Vaslui\"><br \/>\n\t\t\t\t\t\tZiarul de Vaslui\t\t\t\t\t<\/a><\/span><\/span><span class=\"comments\"><a href=\"http:\/\/www.ziaruldevaslui.ro\/foto-incendiu-devastator-la-stanilesti-o-femeie-a-ars-in-propria-casa\/#respond\">0<\/a><\/span><\/div>\n<\/div>\n<div class=\"article-content\">\n<h3 class=\"entry-title\"><a href=\"http:\/\/www.ziaruldevaslui.ro\/incendiu-la-o-ferma-in-comuna-ciocani-au-ars-17-bovine\/\" rel=\"bookmark\" title=\"Incendiu la o ferm\u0103 \u00een comuna Ciocani. Au ars 17 bovine\"><br \/>\n\t\t\t\t\t\t\t\tIncendiu la o ferm\u0103 \u00een comuna Ciocani. Au ars 17 bovine\t\t\t\t\t\t\t<\/a><\/h3>\n<div class=\"below-entry-meta\"><span class=\"posted-on\"><a href=\"http:\/\/www.ziaruldevaslui.ro\/incendiu-la-o-ferma-in-comuna-ciocani-au-ars-17-bovine\/\" title=\"19:27\" rel=\"bookmark\"><time class=\"entry-date published updated\" datetime=\"2020-03-19T19:27:21+02:00\">19 martie 2020<\/time><\/a><\/span><span class=\"byline\"><span class=\"author vcard\"><a class=\"url fn n\" href=\"http:\/\/www.ziaruldevaslui.ro\/author\/admin\/\" title=\"Ziarul de Vaslui\"><br \/>\n\t\t\t\t\t\tZiarul de Vaslui\t\t\t\t\t<\/a><\/span><\/span><\/div>\n<\/div>\n<div class=\"article-content\">\n<h3 class=\"entry-title\"><a href=\"http:\/\/www.ziaruldevaslui.ro\/tineri-atacati-de-urs-la-barlad-dupa-ce-au-vrut-un-selfie-cu-acesta\/\" rel=\"bookmark\" title=\"Tineri ataca\u021bi de urs la B\u00e2rlad, dup\u0103 ce au vrut un selfie cu acesta\"><br \/>\n\t\t\t\t\t\t\t\tTineri ataca\u021bi de urs la B\u00e2rlad, dup\u0103 ce au vrut un selfie cu acesta\t\t\t\t\t\t\t<\/a><\/h3>\n<div class=\"below-entry-meta\"><span class=\"posted-on\"><a href=\"http:\/\/www.ziaruldevaslui.ro\/tineri-atacati-de-urs-la-barlad-dupa-ce-au-vrut-un-selfie-cu-acesta\/\" title=\"18:28\" rel=\"bookmark\"><time class=\"entry-date published updated\" datetime=\"2018-10-15T18:28:12+02:00\">15 octombrie 2018<\/time><\/a><\/span><span class=\"byline\"><span class=\"author vcard\"><a class=\"url fn n\" href=\"http:\/\/www.ziaruldevaslui.ro\/author\/admin\/\" title=\"Ziarul de Vaslui\"><br \/>\n\t\t\t\t\t\tZiarul de Vaslui\t\t\t\t\t<\/a><\/span><\/span><span class=\"comments\"><a href=\"http:\/\/www.ziaruldevaslui.ro\/tineri-atacati-de-urs-la-barlad-dupa-ce-au-vrut-un-selfie-cu-acesta\/#respond\">0<\/a><\/span><\/div>\n<\/div>\n<div class=\"article-content\">\n<div class=\"above-entry-meta\"><span class=\"cat-links\"><a href=\"http:\/\/www.ziaruldevaslui.ro\/local\/\" rel=\"category tag\">Local<\/a>\u00a0<a href=\"http:\/\/www.ziaruldevaslui.ro\/tabloul-principal\/\" rel=\"category tag\">NOUT\u0102\u021aI<\/a>\u00a0<a href=\"http:\/\/www.ziaruldevaslui.ro\/opinii\/\" rel=\"category tag\">Opinii<\/a>\u00a0<\/span><\/div>\n<h3 class=\"entry-title\"><a href=\"http:\/\/www.ziaruldevaslui.ro\/stand-up-comedy-cu-ionel-sandu-de-la-aur-spatiile-pentru-copiii-cu-autism-sunt-bazaconii\/\" title=\"Stand Up Comedy cu Ionel Sandu, candidat AUR: spa\u021biile pentru copiii cu autism sunt \u201ebazaconii\u201d\"><br \/>\n\t\t\t\tStand Up Comedy cu Ionel Sandu, candidat AUR: spa\u021biile pentru copiii cu autism sunt \u201ebazaconii\u201d\t\t\t<\/a><\/h3>\n<div class=\"below-entry-meta\"><span class=\"posted-on\"><a href=\"http:\/\/www.ziaruldevaslui.ro\/stand-up-comedy-cu-ionel-sandu-de-la-aur-spatiile-pentru-copiii-cu-autism-sunt-bazaconii\/\" title=\"22:46\" rel=\"bookmark\"><time class=\"entry-date published\" datetime=\"2024-03-14T22:46:43+02:00\">14 martie 2024<\/time><time class=\"updated\" datetime=\"2024-03-15T08:54:58+02:00\">15 martie 2024<\/time><\/a><\/span><span class=\"byline\"><span class=\"author vcard\"><a class=\"url fn n\" href=\"http:\/\/www.ziaruldevaslui.ro\/author\/admin\/\" title=\"Ziarul de Vaslui\"><br \/>\n\t\t\t\t\tZiarul de Vaslui\t\t\t\t<\/a><\/span><\/span><\/div>\n<div class=\"entry-content\">\n<p>Ini\u021bial am crezut c\u0103 Ionel Sandu s-a apucat de Stand Up Comedy. Cu afacerile nu st\u0103 extraordinar, cu politica nici<\/p>\n<\/div>\n<\/div>\n<div class=\"entry-content\">\n<p>Ini\u021bial am crezut c\u0103 Ionel Sandu s-a apucat de Stand Up Comedy. Cu afacerile nu st\u0103 extraordinar, cu politica nici<\/p>\n<\/div>\n<div class=\"article-content\">\n<div class=\"above-entry-meta\"><span class=\"cat-links\"><a href=\"http:\/\/www.ziaruldevaslui.ro\/literatura\/\" rel=\"category tag\">Literatur\u0103<\/a>\u00a0<a href=\"http:\/\/www.ziaruldevaslui.ro\/magazin\/\" rel=\"category tag\">Magazin<\/a>\u00a0<a href=\"http:\/\/www.ziaruldevaslui.ro\/opinii\/\" rel=\"category tag\">Opinii<\/a>\u00a0<\/span><\/div>\n<h3 class=\"entry-title\"><a href=\"http:\/\/www.ziaruldevaslui.ro\/pledoarie-pentru-o-carte-pe-zi\/\" title=\"Pledoarie pentru \u2026 o carte pe zi\"><br \/>\n\t\t\t\tPledoarie pentru \u2026 o carte pe zi\t\t\t<\/a><\/h3>\n<div class=\"below-entry-meta\"><span class=\"posted-on\"><a href=\"http:\/\/www.ziaruldevaslui.ro\/pledoarie-pentru-o-carte-pe-zi\/\" title=\"09:48\" rel=\"bookmark\"><time class=\"entry-date published\" datetime=\"2021-11-13T09:48:23+02:00\">13 noiembrie 2021<\/time><time class=\"updated\" datetime=\"2022-05-04T20:22:06+02:00\">4 mai 2022<\/time><\/a><\/span><span class=\"byline\"><span class=\"author vcard\"><a class=\"url fn n\" href=\"http:\/\/www.ziaruldevaslui.ro\/author\/admin\/\" title=\"Ziarul de Vaslui\"><br \/>\n\t\t\t\t\tZiarul de Vaslui\t\t\t\t<\/a><\/span><\/span><\/div>\n<\/div>\n<div class=\"article-content\">\n<div class=\"above-entry-meta\"><span class=\"cat-links\"><a href=\"http:\/\/www.ziaruldevaslui.ro\/local\/\" rel=\"category tag\">Local<\/a>\u00a0<a href=\"http:\/\/www.ziaruldevaslui.ro\/tabloul-principal\/\" rel=\"category tag\">NOUT\u0102\u021aI<\/a>\u00a0<a href=\"http:\/\/www.ziaruldevaslui.ro\/oameni-si-locuri\/\" rel=\"category tag\">Oameni si locuri<\/a>\u00a0<a href=\"http:\/\/www.ziaruldevaslui.ro\/opinii\/\" rel=\"category tag\">Opinii<\/a>\u00a0<\/span><\/div>\n<h3 class=\"entry-title\"><a href=\"http:\/\/www.ziaruldevaslui.ro\/vasluianca-madalina-tudorache-admisa-ca-doctorand-la-oxford-interviu\/\" title=\"Vasluianca M\u0103d\u0103lina Tudorache, admis\u0103 ca doctorand la Oxford\"><br \/>\n\t\t\t\tVasluianca M\u0103d\u0103lina Tudorache, admis\u0103 ca doctorand la Oxford\t\t\t<\/a><\/h3>\n<div class=\"below-entry-meta\"><span class=\"posted-on\"><a href=\"http:\/\/www.ziaruldevaslui.ro\/vasluianca-madalina-tudorache-admisa-ca-doctorand-la-oxford-interviu\/\" title=\"09:24\" rel=\"bookmark\"><time class=\"entry-date published\" datetime=\"2020-07-21T09:24:55+02:00\">21 iulie 2020<\/time><time class=\"updated\" datetime=\"2021-12-15T08:32:02+02:00\">15 decembrie 2021<\/time><\/a><\/span><span class=\"byline\"><span class=\"author vcard\"><a class=\"url fn n\" href=\"http:\/\/www.ziaruldevaslui.ro\/author\/admin\/\" title=\"Ziarul de Vaslui\"><br \/>\n\t\t\t\t\tZiarul de Vaslui\t\t\t\t<\/a><\/span><\/span><\/div>\n<\/div>\n<div class=\"article-content\">\n<div class=\"above-entry-meta\"><span class=\"cat-links\"><a href=\"http:\/\/www.ziaruldevaslui.ro\/local\/\" rel=\"category tag\">Local<\/a>\u00a0<a href=\"http:\/\/www.ziaruldevaslui.ro\/tabloul-principal\/\" rel=\"category tag\">NOUT\u0102\u021aI<\/a>\u00a0<a href=\"http:\/\/www.ziaruldevaslui.ro\/oameni-si-locuri\/\" rel=\"category tag\">Oameni si locuri<\/a>\u00a0<a href=\"http:\/\/www.ziaruldevaslui.ro\/opinii\/\" rel=\"category tag\">Opinii<\/a>\u00a0<\/span><\/div>\n<h3 class=\"entry-title\"><a href=\"http:\/\/www.ziaruldevaslui.ro\/manifestul-unui-eleve-de-clasa-a-12-a-din-vaslui-cel-mai-mare-vis-al-nostru-era-sa-imbracam-roba\/\" title=\"Manifestul unei eleve de clasa a 12-a din Vaslui: \u201eCel mai mare vis al nostru era s\u0103 \u00eembr\u0103c\u0103m roba\u201d\"><br \/>\n\t\t\t\tManifestul unei eleve de clasa a 12-a din Vaslui: \u201eCel mai mare vis al nostru era s\u0103 \u00eembr\u0103c\u0103m roba\u201d\t\t\t<\/a><\/h3>\n<div class=\"below-entry-meta\"><span class=\"posted-on\"><a href=\"http:\/\/www.ziaruldevaslui.ro\/manifestul-unui-eleve-de-clasa-a-12-a-din-vaslui-cel-mai-mare-vis-al-nostru-era-sa-imbracam-roba\/\" title=\"21:33\" rel=\"bookmark\"><time class=\"entry-date published\" datetime=\"2020-05-02T21:33:04+02:00\">2 mai 2020<\/time><time class=\"updated\" datetime=\"2020-05-03T18:03:27+02:00\">3 mai 2020<\/time><\/a><\/span><span class=\"byline\"><span class=\"author vcard\"><a class=\"url fn n\" href=\"http:\/\/www.ziaruldevaslui.ro\/author\/admin\/\" title=\"Ziarul de Vaslui\"><br \/>\n\t\t\t\t\tZiarul de Vaslui\t\t\t\t<\/a><\/span><\/span><\/div>\n<\/div>\n<p> Source URL: http:\/\/www.ziaruldevaslui.ro\/meteo-lapovite-si-ninsori-intre-21-si-24-martie\/<\/p>\n","protected":false},"excerpt":{"rendered":"<p>Na\u021bional\u00a0NOUT\u0102\u021aI\u00a0 Meteo: lapovi\u021be \u0219i ninsori, \u00eentre 21 \u0219i 24 martie 21 martie 201621 martie 2016 Mihai Rodan Niciun comentariumeteo, vreme rea Regimul termic va fi oscilant \u00een urm\u0103toarele dou\u0103 s\u0103pt\u0103m\u00e2ni, cu temperaturi medii diurne ce vor ajunge \u0219i p\u00e2n\u0103 la 20 de grade Celsius la \u00eenceputul lunii aprilie \u0219i cu ploi pe arii extinse \u00een [&hellip;]<\/p>\n","protected":false},"author":1,"featured_media":1521717,"comment_status":"open","ping_status":"","sticky":false,"template":"","format":"standard","meta":{"footnotes":""},"categories":[89],"tags":[218],"class_list":["post-1521716","post","type-post","status-publish","format-standard","has-post-thumbnail","hentry","category-romania","tag-ziaruldevaslui-ro"],"_links":{"self":[{"href":"https:\/\/analyse.optim.biz\/index.php?rest_route=\/wp\/v2\/posts\/1521716","targetHints":{"allow":["GET"]}}],"collection":[{"href":"https:\/\/analyse.optim.biz\/index.php?rest_route=\/wp\/v2\/posts"}],"about":[{"href":"https:\/\/analyse.optim.biz\/index.php?rest_route=\/wp\/v2\/types\/post"}],"author":[{"embeddable":true,"href":"https:\/\/analyse.optim.biz\/index.php?rest_route=\/wp\/v2\/users\/1"}],"replies":[{"embeddable":true,"href":"https:\/\/analyse.optim.biz\/index.php?rest_route=%2Fwp%2Fv2%2Fcomments&post=1521716"}],"version-history":[{"count":0,"href":"https:\/\/analyse.optim.biz\/index.php?rest_route=\/wp\/v2\/posts\/1521716\/revisions"}],"wp:featuredmedia":[{"embeddable":true,"href":"https:\/\/analyse.optim.biz\/index.php?rest_route=\/wp\/v2\/media\/1521717"}],"wp:attachment":[{"href":"https:\/\/analyse.optim.biz\/index.php?rest_route=%2Fwp%2Fv2%2Fmedia&parent=1521716"}],"wp:term":[{"taxonomy":"category","embeddable":true,"href":"https:\/\/analyse.optim.biz\/index.php?rest_route=%2Fwp%2Fv2%2Fcategories&post=1521716"},{"taxonomy":"post_tag","embeddable":true,"href":"https:\/\/analyse.optim.biz\/index.php?rest_route=%2Fwp%2Fv2%2Ftags&post=1521716"}],"curies":[{"name":"wp","href":"https:\/\/api.w.org\/{rel}","templated":true}]}}