{"id":1521688,"date":"2016-03-23T03:51:13","date_gmt":"2016-03-23T00:51:13","guid":{"rendered":"https:\/\/analyse.optim.biz\/?p=1521688"},"modified":"2016-03-23T03:51:13","modified_gmt":"2016-03-23T00:51:13","slug":"calendarul-actiunilor-din-perioada-electorala","status":"publish","type":"post","link":"https:\/\/analyse.optim.biz\/?p=1521688","title":{"rendered":"Calendarul ac\u021biunilor din perioada electoral\u0103"},"content":{"rendered":"<article id=\"post-3041\" class=\"post-3041 post type-post status-publish format-standard has-post-thumbnail hentry category-national category-recomandate tag-aep tag-calendar tag-perioada-electorala\">\n<div class=\"featured-image\"><a href=\"https:\/\/analyse.optim.biz\/wp-content\/uploads\/2026\/01\/aep-1.jpg\" class=\"image-popup\"><img decoding=\"async\" width=\"600\" height=\"338\" src=\"https:\/\/analyse.optim.biz\/wp-content\/uploads\/2026\/01\/aep-1.jpg\" class=\"attachment-colormag-featured-image size-colormag-featured-image wp-post-image\" loading=\"lazy\" title=\"aep-1\"><\/a><\/div>\n<div class=\"article-content clearfix\">\n<div class=\"above-entry-meta\"><span class=\"cat-links\"><a href=\"http:\/\/www.ziaruldevaslui.ro\/national\/\" rel=\"category tag\">Na\u021bional<\/a>\u00a0<a href=\"http:\/\/www.ziaruldevaslui.ro\/recomandate\/\" rel=\"category tag\">RECOMANDATE<\/a>\u00a0<\/span><\/div>\n<header class=\"entry-header\">\n<h1 class=\"entry-title\">\n\t\t\t\tCalendarul ac\u021biunilor din perioada electoral\u0103\t\t\t<\/h1>\n<\/header>\n<div class=\"below-entry-meta\"><span class=\"posted-on\"><a href=\"http:\/\/www.ziaruldevaslui.ro\/calendarul-actiunilor-din-perioada-electorala\/\" title=\"05:51\" rel=\"bookmark\"><time class=\"entry-date published updated\" datetime=\"2016-03-23T05:51:13+02:00\">23 martie 2016<\/time><\/a><\/span><span class=\"byline\"><span class=\"author vcard\"><a class=\"url fn n\" href=\"http:\/\/www.ziaruldevaslui.ro\/author\/rodan-mihai\/\" title=\"Mihai Rodan\"><br \/>\n\t\t\t\t\t\tMihai Rodan\t\t\t\t\t<\/a><\/span><\/span><span class=\"comments\"><a href=\"http:\/\/www.ziaruldevaslui.ro\/calendarul-actiunilor-din-perioada-electorala\/#respond\"> Niciun comentariu<\/a><\/span><span class=\"tag-links\"><a href=\"http:\/\/www.ziaruldevaslui.ro\/tag\/aep\/\" rel=\"tag\">AEP<\/a>, <a href=\"http:\/\/www.ziaruldevaslui.ro\/tag\/calendar\/\" rel=\"tag\">calendar<\/a>, <a href=\"http:\/\/www.ziaruldevaslui.ro\/tag\/perioada-electorala\/\" rel=\"tag\">perioada electorala<\/a><\/span><\/div>\n<div class=\"entry-content clearfix\">\n<p><strong>22 martie 2016 este data la care a \u00eenceput perioada electoral\u0103 aferent\u0103 alegerilor locale care vor avea loc la data de 5 iunie 2016, conform Hot\u0103r\u00e2rii Guvernului nr. 52\/2016, a anun\u021bat Autoritatea Electoral\u0103 Permanent\u0103<\/strong><\/p>\n<p><strong>Calendarul ac\u021biunilor <\/strong>din cuprinsul perioadei electorale include urm\u0103toarele repere:<br \/>\n\uf0a7 28 martie 2016: constituirea Biroului Electoral Central (BEC);<br \/>\n\uf0a7 28 martie \u2013 6 aprilie 2016: comunicarea c\u0103tre BEC a denumirilor \u0219i semnelor electorale ale partidelor politice, alian\u021belor politice, alian\u021belor electorale \u0219i organiza\u021biilor cet\u0103\u021benilor apar\u021bin\u00e2nd minorit\u0103\u021bilor na\u021bionale;<br \/>\n\uf0a7 11 \u2013 26 aprilie 2016: depunerea candidaturilor;<br \/>\n\uf0a7 4 mai: r\u0103m\u00e2nerea definitiv\u0103 a candidaturilor;<br \/>\n\uf0a7 6 mai 2016: aducerea la cuno\u0219tin\u021b\u0103 public\u0103 a num\u0103rului circumscrip\u021biilor electorale, a delimit\u0103rii \u0219i numerot\u0103rii fiec\u0103rei sec\u021bii de votare, precum \u0219i sediilor acestora;<br \/>\n\uf0a7 6 mai \u2013 4 iunie 2016: campania electoral\u0103;<br \/>\n\uf0a7 26 mai 2016: tip\u0103rirea buletinelor de vot;<br \/>\n\uf0a7 5 iunie 2016 (\u00een intervalul 07:00 \u2013 21:00): ziua vot\u0103rii;<br \/>\n\uf0a7 6 iunie 2016 (ora 21:00): num\u0103rarea voturilor, \u00eencheierea proceselor-verbale, \u00eentocmirea dosarelor cu rezultatele vot\u0103rii;<br \/>\n\uf0a7 totalizarea voturilor \u0219i asigurarea public\u0103rii rezultatelor \u00een Monitorul Oficial al Rom\u00e2niei, Partea I.<br \/>\nPrincipalele nout\u0103\u021bi legislative privind alegerea autorit\u0103\u021bilor administra\u021biei publice locale sunt:<br \/>\n\uf0fc implementarea sistemului informatic de monitorizare a prezen\u021bei la vot \u0219i de prevenire a votului ilegal (SIMPV), respectiv prezen\u021ba \u00een fiecare sec\u021bie de votare a unui operator de calculator;<br \/>\n\uf0fc desemnarea prin tragere la sor\u021bi computerizat\u0103 a pre\u0219edin\u021bilor birourilor electorale ale sec\u021biilor de votare \u0219i a loc\u021biitorilor acestora, din r\u00e2ndul membrilor Corpului exper\u021bilor electorali;<br \/>\n\uf0fc dreptul cet\u0103\u021benilor Uniunii Europene cu domiciliul \u00een Rom\u00e2nia de a fi ale\u0219i \u00een func\u021bia de primar, consilier local sau consilier jude\u021bean;<br \/>\n\uf0fc alegerea pre\u0219edin\u021bilor \u0219i a vicepre\u0219edin\u021bilor consiliilor jude\u021bene, precum \u0219i a viceprimarilor prin vot indirect, de c\u0103tre consiliile jude\u021bene, respectiv consiliile locale;<br \/>\n\uf0fc rambursarea c\u0103tre competitorii electorali a cheltuielilor privind campania electoral\u0103 de la bugetul de stat, prin intermediul Autorit\u0103\u021bii Electorale Permanente.(Foto:AEP)<\/p>\n<p><span class=\"_5yl5\">\u00a0<\/span><\/p>\n<aside class=\"mashsb-container mashsb-main \">\n<div class=\"mashsb-box\">\n<div class=\"mashsb-count mash-medium\">\n<div class=\"counts mashsbcount\">9<\/div>\n<p><span class=\"mashsb-sharetext\">SHARES<\/span><\/div>\n<div class=\"mashsb-buttons\"><a class=\"mashicon-facebook mash-medium mashsb-noshadow\" href=\"https:\/\/www.facebook.com\/sharer.php?u=http%3A%2F%2Fwww.ziaruldevaslui.ro%2Fcalendarul-actiunilor-din-perioada-electorala%2F\" target=\"_top\" rel=\"nofollow\"><span class=\"text\">Share\u00a0pe\u00a0facebook<\/span><\/a><a class=\"mashicon-twitter mash-medium mashsb-noshadow\" href=\"https:\/\/twitter.com\/intent\/tweet?text=Calendarul%20ac%C8%9Biunilor%20din%20perioada%20electoral%C4%83&amp;url=http:\/\/www.ziaruldevaslui.ro\/?p=3041\" target=\"_top\" rel=\"nofollow\"><span class=\"text\">Share\u00a0pe\u00a0twitter<\/span><\/a><\/div>\n<\/div>\n<\/aside>\n<\/div>\n<\/div>\n<\/article>\n<div class=\"article-content clearfix\">\n<div class=\"above-entry-meta\"><span class=\"cat-links\"><a href=\"http:\/\/www.ziaruldevaslui.ro\/national\/\" rel=\"category tag\">Na\u021bional<\/a>\u00a0<a href=\"http:\/\/www.ziaruldevaslui.ro\/recomandate\/\" rel=\"category tag\">RECOMANDATE<\/a>\u00a0<\/span><\/div>\n<header class=\"entry-header\">\n<h1 class=\"entry-title\">\n\t\t\t\tCalendarul ac\u021biunilor din perioada electoral\u0103\t\t\t<\/h1>\n<\/header>\n<div class=\"below-entry-meta\"><span class=\"posted-on\"><a href=\"http:\/\/www.ziaruldevaslui.ro\/calendarul-actiunilor-din-perioada-electorala\/\" title=\"05:51\" rel=\"bookmark\"><time class=\"entry-date published updated\" datetime=\"2016-03-23T05:51:13+02:00\">23 martie 2016<\/time><\/a><\/span><span class=\"byline\"><span class=\"author vcard\"><a class=\"url fn n\" href=\"http:\/\/www.ziaruldevaslui.ro\/author\/rodan-mihai\/\" title=\"Mihai Rodan\"><br \/>\n\t\t\t\t\t\tMihai Rodan\t\t\t\t\t<\/a><\/span><\/span><span class=\"comments\"><a href=\"http:\/\/www.ziaruldevaslui.ro\/calendarul-actiunilor-din-perioada-electorala\/#respond\"> Niciun comentariu<\/a><\/span><span class=\"tag-links\"><a href=\"http:\/\/www.ziaruldevaslui.ro\/tag\/aep\/\" rel=\"tag\">AEP<\/a>, <a href=\"http:\/\/www.ziaruldevaslui.ro\/tag\/calendar\/\" rel=\"tag\">calendar<\/a>, <a href=\"http:\/\/www.ziaruldevaslui.ro\/tag\/perioada-electorala\/\" rel=\"tag\">perioada electorala<\/a><\/span><\/div>\n<div class=\"entry-content clearfix\">\n<p><strong>22 martie 2016 este data la care a \u00eenceput perioada electoral\u0103 aferent\u0103 alegerilor locale care vor avea loc la data de 5 iunie 2016, conform Hot\u0103r\u00e2rii Guvernului nr. 52\/2016, a anun\u021bat Autoritatea Electoral\u0103 Permanent\u0103<\/strong><\/p>\n<p><strong>Calendarul ac\u021biunilor <\/strong>din cuprinsul perioadei electorale include urm\u0103toarele repere:<br \/>\n\uf0a7 28 martie 2016: constituirea Biroului Electoral Central (BEC);<br \/>\n\uf0a7 28 martie \u2013 6 aprilie 2016: comunicarea c\u0103tre BEC a denumirilor \u0219i semnelor electorale ale partidelor politice, alian\u021belor politice, alian\u021belor electorale \u0219i organiza\u021biilor cet\u0103\u021benilor apar\u021bin\u00e2nd minorit\u0103\u021bilor na\u021bionale;<br \/>\n\uf0a7 11 \u2013 26 aprilie 2016: depunerea candidaturilor;<br \/>\n\uf0a7 4 mai: r\u0103m\u00e2nerea definitiv\u0103 a candidaturilor;<br \/>\n\uf0a7 6 mai 2016: aducerea la cuno\u0219tin\u021b\u0103 public\u0103 a num\u0103rului circumscrip\u021biilor electorale, a delimit\u0103rii \u0219i numerot\u0103rii fiec\u0103rei sec\u021bii de votare, precum \u0219i sediilor acestora;<br \/>\n\uf0a7 6 mai \u2013 4 iunie 2016: campania electoral\u0103;<br \/>\n\uf0a7 26 mai 2016: tip\u0103rirea buletinelor de vot;<br \/>\n\uf0a7 5 iunie 2016 (\u00een intervalul 07:00 \u2013 21:00): ziua vot\u0103rii;<br \/>\n\uf0a7 6 iunie 2016 (ora 21:00): num\u0103rarea voturilor, \u00eencheierea proceselor-verbale, \u00eentocmirea dosarelor cu rezultatele vot\u0103rii;<br \/>\n\uf0a7 totalizarea voturilor \u0219i asigurarea public\u0103rii rezultatelor \u00een Monitorul Oficial al Rom\u00e2niei, Partea I.<br \/>\nPrincipalele nout\u0103\u021bi legislative privind alegerea autorit\u0103\u021bilor administra\u021biei publice locale sunt:<br \/>\n\uf0fc implementarea sistemului informatic de monitorizare a prezen\u021bei la vot \u0219i de prevenire a votului ilegal (SIMPV), respectiv prezen\u021ba \u00een fiecare sec\u021bie de votare a unui operator de calculator;<br \/>\n\uf0fc desemnarea prin tragere la sor\u021bi computerizat\u0103 a pre\u0219edin\u021bilor birourilor electorale ale sec\u021biilor de votare \u0219i a loc\u021biitorilor acestora, din r\u00e2ndul membrilor Corpului exper\u021bilor electorali;<br \/>\n\uf0fc dreptul cet\u0103\u021benilor Uniunii Europene cu domiciliul \u00een Rom\u00e2nia de a fi ale\u0219i \u00een func\u021bia de primar, consilier local sau consilier jude\u021bean;<br \/>\n\uf0fc alegerea pre\u0219edin\u021bilor \u0219i a vicepre\u0219edin\u021bilor consiliilor jude\u021bene, precum \u0219i a viceprimarilor prin vot indirect, de c\u0103tre consiliile jude\u021bene, respectiv consiliile locale;<br \/>\n\uf0fc rambursarea c\u0103tre competitorii electorali a cheltuielilor privind campania electoral\u0103 de la bugetul de stat, prin intermediul Autorit\u0103\u021bii Electorale Permanente.(Foto:AEP)<\/p>\n<p><span class=\"_5yl5\">\u00a0<\/span><\/p>\n<aside class=\"mashsb-container mashsb-main \">\n<div class=\"mashsb-box\">\n<div class=\"mashsb-count mash-medium\">\n<div class=\"counts mashsbcount\">9<\/div>\n<p><span class=\"mashsb-sharetext\">SHARES<\/span><\/div>\n<div class=\"mashsb-buttons\"><a class=\"mashicon-facebook mash-medium mashsb-noshadow\" href=\"https:\/\/www.facebook.com\/sharer.php?u=http%3A%2F%2Fwww.ziaruldevaslui.ro%2Fcalendarul-actiunilor-din-perioada-electorala%2F\" target=\"_top\" rel=\"nofollow\"><span class=\"text\">Share\u00a0pe\u00a0facebook<\/span><\/a><a class=\"mashicon-twitter mash-medium mashsb-noshadow\" href=\"https:\/\/twitter.com\/intent\/tweet?text=Calendarul%20ac%C8%9Biunilor%20din%20perioada%20electoral%C4%83&amp;url=http:\/\/www.ziaruldevaslui.ro\/?p=3041\" target=\"_top\" rel=\"nofollow\"><span class=\"text\">Share\u00a0pe\u00a0twitter<\/span><\/a><\/div>\n<\/div>\n<\/aside>\n<\/div>\n<\/div>\n<div class=\"entry-content clearfix\">\n<p><strong>22 martie 2016 este data la care a \u00eenceput perioada electoral\u0103 aferent\u0103 alegerilor locale care vor avea loc la data de 5 iunie 2016, conform Hot\u0103r\u00e2rii Guvernului nr. 52\/2016, a anun\u021bat Autoritatea Electoral\u0103 Permanent\u0103<\/strong><\/p>\n<p><strong>Calendarul ac\u021biunilor <\/strong>din cuprinsul perioadei electorale include urm\u0103toarele repere:<br \/>\n\uf0a7 28 martie 2016: constituirea Biroului Electoral Central (BEC);<br \/>\n\uf0a7 28 martie \u2013 6 aprilie 2016: comunicarea c\u0103tre BEC a denumirilor \u0219i semnelor electorale ale partidelor politice, alian\u021belor politice, alian\u021belor electorale \u0219i organiza\u021biilor cet\u0103\u021benilor apar\u021bin\u00e2nd minorit\u0103\u021bilor na\u021bionale;<br \/>\n\uf0a7 11 \u2013 26 aprilie 2016: depunerea candidaturilor;<br \/>\n\uf0a7 4 mai: r\u0103m\u00e2nerea definitiv\u0103 a candidaturilor;<br \/>\n\uf0a7 6 mai 2016: aducerea la cuno\u0219tin\u021b\u0103 public\u0103 a num\u0103rului circumscrip\u021biilor electorale, a delimit\u0103rii \u0219i numerot\u0103rii fiec\u0103rei sec\u021bii de votare, precum \u0219i sediilor acestora;<br \/>\n\uf0a7 6 mai \u2013 4 iunie 2016: campania electoral\u0103;<br \/>\n\uf0a7 26 mai 2016: tip\u0103rirea buletinelor de vot;<br \/>\n\uf0a7 5 iunie 2016 (\u00een intervalul 07:00 \u2013 21:00): ziua vot\u0103rii;<br \/>\n\uf0a7 6 iunie 2016 (ora 21:00): num\u0103rarea voturilor, \u00eencheierea proceselor-verbale, \u00eentocmirea dosarelor cu rezultatele vot\u0103rii;<br \/>\n\uf0a7 totalizarea voturilor \u0219i asigurarea public\u0103rii rezultatelor \u00een Monitorul Oficial al Rom\u00e2niei, Partea I.<br \/>\nPrincipalele nout\u0103\u021bi legislative privind alegerea autorit\u0103\u021bilor administra\u021biei publice locale sunt:<br \/>\n\uf0fc implementarea sistemului informatic de monitorizare a prezen\u021bei la vot \u0219i de prevenire a votului ilegal (SIMPV), respectiv prezen\u021ba \u00een fiecare sec\u021bie de votare a unui operator de calculator;<br \/>\n\uf0fc desemnarea prin tragere la sor\u021bi computerizat\u0103 a pre\u0219edin\u021bilor birourilor electorale ale sec\u021biilor de votare \u0219i a loc\u021biitorilor acestora, din r\u00e2ndul membrilor Corpului exper\u021bilor electorali;<br \/>\n\uf0fc dreptul cet\u0103\u021benilor Uniunii Europene cu domiciliul \u00een Rom\u00e2nia de a fi ale\u0219i \u00een func\u021bia de primar, consilier local sau consilier jude\u021bean;<br \/>\n\uf0fc alegerea pre\u0219edin\u021bilor \u0219i a vicepre\u0219edin\u021bilor consiliilor jude\u021bene, precum \u0219i a viceprimarilor prin vot indirect, de c\u0103tre consiliile jude\u021bene, respectiv consiliile locale;<br \/>\n\uf0fc rambursarea c\u0103tre competitorii electorali a cheltuielilor privind campania electoral\u0103 de la bugetul de stat, prin intermediul Autorit\u0103\u021bii Electorale Permanente.(Foto:AEP)<\/p>\n<p><span class=\"_5yl5\">\u00a0<\/span><\/p>\n<aside class=\"mashsb-container mashsb-main \">\n<div class=\"mashsb-box\">\n<div class=\"mashsb-count mash-medium\">\n<div class=\"counts mashsbcount\">9<\/div>\n<p><span class=\"mashsb-sharetext\">SHARES<\/span><\/div>\n<div class=\"mashsb-buttons\"><a class=\"mashicon-facebook mash-medium mashsb-noshadow\" href=\"https:\/\/www.facebook.com\/sharer.php?u=http%3A%2F%2Fwww.ziaruldevaslui.ro%2Fcalendarul-actiunilor-din-perioada-electorala%2F\" target=\"_top\" rel=\"nofollow\"><span class=\"text\">Share\u00a0pe\u00a0facebook<\/span><\/a><a class=\"mashicon-twitter mash-medium mashsb-noshadow\" href=\"https:\/\/twitter.com\/intent\/tweet?text=Calendarul%20ac%C8%9Biunilor%20din%20perioada%20electoral%C4%83&amp;url=http:\/\/www.ziaruldevaslui.ro\/?p=3041\" target=\"_top\" rel=\"nofollow\"><span class=\"text\">Share\u00a0pe\u00a0twitter<\/span><\/a><\/div>\n<\/div>\n<\/aside>\n<\/div>\n<div class=\"article-content\">\n<h3 class=\"entry-title\"><a href=\"http:\/\/www.ziaruldevaslui.ro\/oficiul-de-cadastru-ia-masuri-in-scopul-prevenirii-raspandirii-coronavirusului\/\" rel=\"bookmark\" title=\"Oficiul de Cadastru ia m\u0103suri \u00een scopul prevenirii r\u0103sp\u00e2ndirii coronavirusului\"><br \/>\n\t\t\t\t\t\t\t\tOficiul de Cadastru ia m\u0103suri \u00een scopul prevenirii r\u0103sp\u00e2ndirii coronavirusului\t\t\t\t\t\t\t<\/a><\/h3>\n<div class=\"below-entry-meta\"><span class=\"posted-on\"><a href=\"http:\/\/www.ziaruldevaslui.ro\/oficiul-de-cadastru-ia-masuri-in-scopul-prevenirii-raspandirii-coronavirusului\/\" title=\"19:03\" rel=\"bookmark\"><time class=\"entry-date published updated\" datetime=\"2020-03-10T19:03:18+02:00\">10 martie 2020<\/time><\/a><\/span><span class=\"byline\"><span class=\"author vcard\"><a class=\"url fn n\" href=\"http:\/\/www.ziaruldevaslui.ro\/author\/admin\/\" title=\"Ziarul de Vaslui\"><br \/>\n\t\t\t\t\t\tZiarul de Vaslui\t\t\t\t\t<\/a><\/span><\/span><\/div>\n<\/div>\n<div class=\"article-content\">\n<h3 class=\"entry-title\"><a href=\"http:\/\/www.ziaruldevaslui.ro\/ambulanta-implicata-intr-un-accident-din-cauza-aluviunilor-de-pe-sosea\/\" rel=\"bookmark\" title=\"Ambulan\u021b\u0103 implicat\u0103 \u00eentr-un accident din cauza aluviunilor de pe \u0219osea\"><br \/>\n\t\t\t\t\t\t\t\tAmbulan\u021b\u0103 implicat\u0103 \u00eentr-un accident din cauza aluviunilor de pe \u0219osea\t\t\t\t\t\t\t<\/a><\/h3>\n<div class=\"below-entry-meta\"><span class=\"posted-on\"><a href=\"http:\/\/www.ziaruldevaslui.ro\/ambulanta-implicata-intr-un-accident-din-cauza-aluviunilor-de-pe-sosea\/\" title=\"16:15\" rel=\"bookmark\"><time class=\"entry-date published updated\" datetime=\"2019-06-03T16:15:58+02:00\">3 iunie 2019<\/time><\/a><\/span><span class=\"byline\"><span class=\"author vcard\"><a class=\"url fn n\" href=\"http:\/\/www.ziaruldevaslui.ro\/author\/admin\/\" title=\"Ziarul de Vaslui\"><br \/>\n\t\t\t\t\t\tZiarul de Vaslui\t\t\t\t\t<\/a><\/span><\/span><\/div>\n<\/div>\n<div class=\"article-content\">\n<h3 class=\"entry-title\"><a href=\"http:\/\/www.ziaruldevaslui.ro\/traficul-prin-ptf-albita-se-desfasoara-cu-dificultate-din-cauza-conditiilor-meteo\/\" rel=\"bookmark\" title=\"Traficul prin PTF Albi\u021ba se desf\u0103\u0219oar\u0103 cu dificultate din cauza condi\u021biilor meteo\"><br \/>\n\t\t\t\t\t\t\t\tTraficul prin PTF Albi\u021ba se desf\u0103\u0219oar\u0103 cu dificultate din cauza condi\u021biilor meteo\t\t\t\t\t\t\t<\/a><\/h3>\n<div class=\"below-entry-meta\"><span class=\"posted-on\"><a href=\"http:\/\/www.ziaruldevaslui.ro\/traficul-prin-ptf-albita-se-desfasoara-cu-dificultate-din-cauza-conditiilor-meteo\/\" title=\"12:08\" rel=\"bookmark\"><time class=\"entry-date published updated\" datetime=\"2017-04-22T12:08:31+02:00\">22 aprilie 2017<\/time><\/a><\/span><span class=\"byline\"><span class=\"author vcard\"><a class=\"url fn n\" href=\"http:\/\/www.ziaruldevaslui.ro\/author\/admin\/\" title=\"Ziarul de Vaslui\"><br \/>\n\t\t\t\t\t\tZiarul de Vaslui\t\t\t\t\t<\/a><\/span><\/span><span class=\"comments\"><a href=\"http:\/\/www.ziaruldevaslui.ro\/traficul-prin-ptf-albita-se-desfasoara-cu-dificultate-din-cauza-conditiilor-meteo\/#respond\">0<\/a><\/span><\/div>\n<\/div>\n<div class=\"article-content\">\n<div class=\"above-entry-meta\"><span class=\"cat-links\"><a href=\"http:\/\/www.ziaruldevaslui.ro\/local\/\" rel=\"category tag\">Local<\/a>\u00a0<a href=\"http:\/\/www.ziaruldevaslui.ro\/tabloul-principal\/\" rel=\"category tag\">NOUT\u0102\u021aI<\/a>\u00a0<a href=\"http:\/\/www.ziaruldevaslui.ro\/opinii\/\" rel=\"category tag\">Opinii<\/a>\u00a0<\/span><\/div>\n<h3 class=\"entry-title\"><a href=\"http:\/\/www.ziaruldevaslui.ro\/stand-up-comedy-cu-ionel-sandu-de-la-aur-spatiile-pentru-copiii-cu-autism-sunt-bazaconii\/\" title=\"Stand Up Comedy cu Ionel Sandu, candidat AUR: spa\u021biile pentru copiii cu autism sunt \u201ebazaconii\u201d\"><br \/>\n\t\t\t\tStand Up Comedy cu Ionel Sandu, candidat AUR: spa\u021biile pentru copiii cu autism sunt \u201ebazaconii\u201d\t\t\t<\/a><\/h3>\n<div class=\"below-entry-meta\"><span class=\"posted-on\"><a href=\"http:\/\/www.ziaruldevaslui.ro\/stand-up-comedy-cu-ionel-sandu-de-la-aur-spatiile-pentru-copiii-cu-autism-sunt-bazaconii\/\" title=\"22:46\" rel=\"bookmark\"><time class=\"entry-date published\" datetime=\"2024-03-14T22:46:43+02:00\">14 martie 2024<\/time><time class=\"updated\" datetime=\"2024-03-15T08:54:58+02:00\">15 martie 2024<\/time><\/a><\/span><span class=\"byline\"><span class=\"author vcard\"><a class=\"url fn n\" href=\"http:\/\/www.ziaruldevaslui.ro\/author\/admin\/\" title=\"Ziarul de Vaslui\"><br \/>\n\t\t\t\t\tZiarul de Vaslui\t\t\t\t<\/a><\/span><\/span><\/div>\n<div class=\"entry-content\">\n<p>Ini\u021bial am crezut c\u0103 Ionel Sandu s-a apucat de Stand Up Comedy. Cu afacerile nu st\u0103 extraordinar, cu politica nici<\/p>\n<\/div>\n<\/div>\n<div class=\"entry-content\">\n<p>Ini\u021bial am crezut c\u0103 Ionel Sandu s-a apucat de Stand Up Comedy. Cu afacerile nu st\u0103 extraordinar, cu politica nici<\/p>\n<\/div>\n<div class=\"article-content\">\n<div class=\"above-entry-meta\"><span class=\"cat-links\"><a href=\"http:\/\/www.ziaruldevaslui.ro\/literatura\/\" rel=\"category tag\">Literatur\u0103<\/a>\u00a0<a href=\"http:\/\/www.ziaruldevaslui.ro\/magazin\/\" rel=\"category tag\">Magazin<\/a>\u00a0<a href=\"http:\/\/www.ziaruldevaslui.ro\/opinii\/\" rel=\"category tag\">Opinii<\/a>\u00a0<\/span><\/div>\n<h3 class=\"entry-title\"><a href=\"http:\/\/www.ziaruldevaslui.ro\/pledoarie-pentru-o-carte-pe-zi\/\" title=\"Pledoarie pentru \u2026 o carte pe zi\"><br \/>\n\t\t\t\tPledoarie pentru \u2026 o carte pe zi\t\t\t<\/a><\/h3>\n<div class=\"below-entry-meta\"><span class=\"posted-on\"><a href=\"http:\/\/www.ziaruldevaslui.ro\/pledoarie-pentru-o-carte-pe-zi\/\" title=\"09:48\" rel=\"bookmark\"><time class=\"entry-date published\" datetime=\"2021-11-13T09:48:23+02:00\">13 noiembrie 2021<\/time><time class=\"updated\" datetime=\"2022-05-04T20:22:06+02:00\">4 mai 2022<\/time><\/a><\/span><span class=\"byline\"><span class=\"author vcard\"><a class=\"url fn n\" href=\"http:\/\/www.ziaruldevaslui.ro\/author\/admin\/\" title=\"Ziarul de Vaslui\"><br \/>\n\t\t\t\t\tZiarul de Vaslui\t\t\t\t<\/a><\/span><\/span><\/div>\n<\/div>\n<div class=\"article-content\">\n<div class=\"above-entry-meta\"><span class=\"cat-links\"><a href=\"http:\/\/www.ziaruldevaslui.ro\/local\/\" rel=\"category tag\">Local<\/a>\u00a0<a href=\"http:\/\/www.ziaruldevaslui.ro\/tabloul-principal\/\" rel=\"category tag\">NOUT\u0102\u021aI<\/a>\u00a0<a href=\"http:\/\/www.ziaruldevaslui.ro\/oameni-si-locuri\/\" rel=\"category tag\">Oameni si locuri<\/a>\u00a0<a href=\"http:\/\/www.ziaruldevaslui.ro\/opinii\/\" rel=\"category tag\">Opinii<\/a>\u00a0<\/span><\/div>\n<h3 class=\"entry-title\"><a href=\"http:\/\/www.ziaruldevaslui.ro\/vasluianca-madalina-tudorache-admisa-ca-doctorand-la-oxford-interviu\/\" title=\"Vasluianca M\u0103d\u0103lina Tudorache, admis\u0103 ca doctorand la Oxford\"><br \/>\n\t\t\t\tVasluianca M\u0103d\u0103lina Tudorache, admis\u0103 ca doctorand la Oxford\t\t\t<\/a><\/h3>\n<div class=\"below-entry-meta\"><span class=\"posted-on\"><a href=\"http:\/\/www.ziaruldevaslui.ro\/vasluianca-madalina-tudorache-admisa-ca-doctorand-la-oxford-interviu\/\" title=\"09:24\" rel=\"bookmark\"><time class=\"entry-date published\" datetime=\"2020-07-21T09:24:55+02:00\">21 iulie 2020<\/time><time class=\"updated\" datetime=\"2021-12-15T08:32:02+02:00\">15 decembrie 2021<\/time><\/a><\/span><span class=\"byline\"><span class=\"author vcard\"><a class=\"url fn n\" href=\"http:\/\/www.ziaruldevaslui.ro\/author\/admin\/\" title=\"Ziarul de Vaslui\"><br \/>\n\t\t\t\t\tZiarul de Vaslui\t\t\t\t<\/a><\/span><\/span><\/div>\n<\/div>\n<div class=\"article-content\">\n<div class=\"above-entry-meta\"><span class=\"cat-links\"><a href=\"http:\/\/www.ziaruldevaslui.ro\/local\/\" rel=\"category tag\">Local<\/a>\u00a0<a href=\"http:\/\/www.ziaruldevaslui.ro\/tabloul-principal\/\" rel=\"category tag\">NOUT\u0102\u021aI<\/a>\u00a0<a href=\"http:\/\/www.ziaruldevaslui.ro\/oameni-si-locuri\/\" rel=\"category tag\">Oameni si locuri<\/a>\u00a0<a href=\"http:\/\/www.ziaruldevaslui.ro\/opinii\/\" rel=\"category tag\">Opinii<\/a>\u00a0<\/span><\/div>\n<h3 class=\"entry-title\"><a href=\"http:\/\/www.ziaruldevaslui.ro\/manifestul-unui-eleve-de-clasa-a-12-a-din-vaslui-cel-mai-mare-vis-al-nostru-era-sa-imbracam-roba\/\" title=\"Manifestul unei eleve de clasa a 12-a din Vaslui: \u201eCel mai mare vis al nostru era s\u0103 \u00eembr\u0103c\u0103m roba\u201d\"><br \/>\n\t\t\t\tManifestul unei eleve de clasa a 12-a din Vaslui: \u201eCel mai mare vis al nostru era s\u0103 \u00eembr\u0103c\u0103m roba\u201d\t\t\t<\/a><\/h3>\n<div class=\"below-entry-meta\"><span class=\"posted-on\"><a href=\"http:\/\/www.ziaruldevaslui.ro\/manifestul-unui-eleve-de-clasa-a-12-a-din-vaslui-cel-mai-mare-vis-al-nostru-era-sa-imbracam-roba\/\" title=\"21:33\" rel=\"bookmark\"><time class=\"entry-date published\" datetime=\"2020-05-02T21:33:04+02:00\">2 mai 2020<\/time><time class=\"updated\" datetime=\"2020-05-03T18:03:27+02:00\">3 mai 2020<\/time><\/a><\/span><span class=\"byline\"><span class=\"author vcard\"><a class=\"url fn n\" href=\"http:\/\/www.ziaruldevaslui.ro\/author\/admin\/\" title=\"Ziarul de Vaslui\"><br \/>\n\t\t\t\t\tZiarul de Vaslui\t\t\t\t<\/a><\/span><\/span><\/div>\n<\/div>\n<p> Source URL: http:\/\/www.ziaruldevaslui.ro\/calendarul-actiunilor-din-perioada-electorala\/<\/p>\n","protected":false},"excerpt":{"rendered":"<p>Na\u021bional\u00a0RECOMANDATE\u00a0 Calendarul ac\u021biunilor din perioada electoral\u0103 23 martie 2016 Mihai Rodan Niciun comentariuAEP, calendar, perioada electorala 22 martie 2016 este data la care a \u00eenceput perioada electoral\u0103 aferent\u0103 alegerilor locale care vor avea loc la data de 5 iunie 2016, conform Hot\u0103r\u00e2rii Guvernului nr. 52\/2016, a anun\u021bat Autoritatea Electoral\u0103 Permanent\u0103 Calendarul ac\u021biunilor din cuprinsul perioadei [&hellip;]<\/p>\n","protected":false},"author":1,"featured_media":1521692,"comment_status":"open","ping_status":"","sticky":false,"template":"","format":"standard","meta":{"footnotes":""},"categories":[89],"tags":[218],"class_list":["post-1521688","post","type-post","status-publish","format-standard","has-post-thumbnail","hentry","category-romania","tag-ziaruldevaslui-ro"],"_links":{"self":[{"href":"https:\/\/analyse.optim.biz\/index.php?rest_route=\/wp\/v2\/posts\/1521688","targetHints":{"allow":["GET"]}}],"collection":[{"href":"https:\/\/analyse.optim.biz\/index.php?rest_route=\/wp\/v2\/posts"}],"about":[{"href":"https:\/\/analyse.optim.biz\/index.php?rest_route=\/wp\/v2\/types\/post"}],"author":[{"embeddable":true,"href":"https:\/\/analyse.optim.biz\/index.php?rest_route=\/wp\/v2\/users\/1"}],"replies":[{"embeddable":true,"href":"https:\/\/analyse.optim.biz\/index.php?rest_route=%2Fwp%2Fv2%2Fcomments&post=1521688"}],"version-history":[{"count":0,"href":"https:\/\/analyse.optim.biz\/index.php?rest_route=\/wp\/v2\/posts\/1521688\/revisions"}],"wp:featuredmedia":[{"embeddable":true,"href":"https:\/\/analyse.optim.biz\/index.php?rest_route=\/wp\/v2\/media\/1521692"}],"wp:attachment":[{"href":"https:\/\/analyse.optim.biz\/index.php?rest_route=%2Fwp%2Fv2%2Fmedia&parent=1521688"}],"wp:term":[{"taxonomy":"category","embeddable":true,"href":"https:\/\/analyse.optim.biz\/index.php?rest_route=%2Fwp%2Fv2%2Fcategories&post=1521688"},{"taxonomy":"post_tag","embeddable":true,"href":"https:\/\/analyse.optim.biz\/index.php?rest_route=%2Fwp%2Fv2%2Ftags&post=1521688"}],"curies":[{"name":"wp","href":"https:\/\/api.w.org\/{rel}","templated":true}]}}