{"id":1521674,"date":"2016-03-23T04:43:24","date_gmt":"2016-03-23T01:43:24","guid":{"rendered":"https:\/\/analyse.optim.biz\/?p=1521674"},"modified":"2016-03-23T04:43:24","modified_gmt":"2016-03-23T01:43:24","slug":"controale-la-producatorii-de-lactate","status":"publish","type":"post","link":"https:\/\/analyse.optim.biz\/?p=1521674","title":{"rendered":"Controale la produc\u0103torii de lactate"},"content":{"rendered":"<article id=\"post-3044\" class=\"post-3044 post type-post status-publish format-standard has-post-thumbnail hentry category-national category-recomandate tag-controale tag-ferme tag-lapte\">\n<div class=\"featured-image\"><a href=\"https:\/\/analyse.optim.biz\/wp-content\/uploads\/2026\/01\/lapte_de_vaca-1.jpg\" class=\"image-popup\"><img decoding=\"async\" width=\"448\" height=\"240\" src=\"https:\/\/analyse.optim.biz\/wp-content\/uploads\/2026\/01\/lapte_de_vaca-1.jpg\" class=\"attachment-colormag-featured-image size-colormag-featured-image wp-post-image\" loading=\"lazy\" title=\"lapte_de_vaca-1\"><\/a><\/div>\n<div class=\"article-content clearfix\">\n<div class=\"above-entry-meta\"><span class=\"cat-links\"><a href=\"http:\/\/www.ziaruldevaslui.ro\/national\/\" rel=\"category tag\">Na\u021bional<\/a>\u00a0<a href=\"http:\/\/www.ziaruldevaslui.ro\/recomandate\/\" rel=\"category tag\">RECOMANDATE<\/a>\u00a0<\/span><\/div>\n<header class=\"entry-header\">\n<h1 class=\"entry-title\">\n\t\t\t\tControale la produc\u0103torii de lactate\t\t\t<\/h1>\n<\/header>\n<div class=\"below-entry-meta\"><span class=\"posted-on\"><a href=\"http:\/\/www.ziaruldevaslui.ro\/controale-la-producatorii-de-lactate\/\" title=\"06:43\" rel=\"bookmark\"><time class=\"entry-date published updated\" datetime=\"2016-03-23T06:43:24+02:00\">23 martie 2016<\/time><\/a><\/span><span class=\"byline\"><span class=\"author vcard\"><a class=\"url fn n\" href=\"http:\/\/www.ziaruldevaslui.ro\/author\/rodan-mihai\/\" title=\"Mihai Rodan\"><br \/>\n\t\t\t\t\t\tMihai Rodan\t\t\t\t\t<\/a><\/span><\/span><span class=\"comments\"><a href=\"http:\/\/www.ziaruldevaslui.ro\/controale-la-producatorii-de-lactate\/#respond\"> Niciun comentariu<\/a><\/span><span class=\"tag-links\"><a href=\"http:\/\/www.ziaruldevaslui.ro\/tag\/controale\/\" rel=\"tag\">controale<\/a>, <a href=\"http:\/\/www.ziaruldevaslui.ro\/tag\/ferme\/\" rel=\"tag\">ferme<\/a>, <a href=\"http:\/\/www.ziaruldevaslui.ro\/tag\/lapte\/\" rel=\"tag\">lapte<\/a><\/span><\/div>\n<div class=\"entry-content clearfix\">\n<p><strong>D<\/strong>irectorii executivi ai DSVSA jude\u021bene vor colabora cu Institu\u021biile Prefectului \u0219i cu Direc\u021biile de S\u0103n\u0103tate Public\u0103 \u00een vederea organiz\u0103rii unor controale tematice comune (DSVSA-DSP) \u00een ferme de animale produc\u0103toare de lapte, centre de colectare \u0219i unit\u0103\u021bi de procesare a laptelui, conform atribu\u021biilor ce revin DSVSA \u0219i DSP, stabilite de legisla\u021bia \u00een vigoare \u0219i, respectiv, \u00een baza Protocolului de colaborare, \u00eencheiat \u00een anul 2012, \u00eentre ANSVSA \u0219i Ministerul S\u0103n\u0103t\u0103\u021bii.<\/p>\n<p>\u201eO aten\u021bie deosebit\u0103 va fi acordat\u0103 respect\u0103rii condi\u021biilor de igien\u0103 \u0219i a lan\u021bului frigorific pe durata transportului, a depozit\u0103rii laptelui \u0219i a produselor lactate distribuite prin programul \u2018Laptele \u0219i cornul\u2019. \u00cen acest sens, vor fi efectuate controale oficiale la depozitele independente care asigur\u0103 depozitarea produselor lactate, precum \u0219i la operatorii care de\u021bin mijloace de transport \u0219i asigur\u0103 distribu\u021bia laptelui \u0219i a produselor lactate distribuite \u00een cadrul acestui program\u201d, se men\u021bioneaz\u0103 \u00eentr-un\u00a0 comunicat de pres\u0103 al DSVSA.<\/p>\n<aside class=\"mashsb-container mashsb-main \">\n<div class=\"mashsb-box\">\n<div class=\"mashsb-count mash-medium\">\n<div class=\"counts mashsbcount\">5<\/div>\n<p><span class=\"mashsb-sharetext\">SHARES<\/span><\/div>\n<div class=\"mashsb-buttons\"><a class=\"mashicon-facebook mash-medium mashsb-noshadow\" href=\"https:\/\/www.facebook.com\/sharer.php?u=http%3A%2F%2Fwww.ziaruldevaslui.ro%2Fcontroale-la-producatorii-de-lactate%2F\" target=\"_top\" rel=\"nofollow\"><span class=\"text\">Share\u00a0pe\u00a0facebook<\/span><\/a><a class=\"mashicon-twitter mash-medium mashsb-noshadow\" href=\"https:\/\/twitter.com\/intent\/tweet?text=Controale%20la%20produc%C4%83torii%20de%20lactate&amp;url=http:\/\/www.ziaruldevaslui.ro\/?p=3044\" target=\"_top\" rel=\"nofollow\"><span class=\"text\">Share\u00a0pe\u00a0twitter<\/span><\/a><\/div>\n<\/div>\n<\/aside>\n<\/div>\n<\/div>\n<\/article>\n<div class=\"article-content clearfix\">\n<div class=\"above-entry-meta\"><span class=\"cat-links\"><a href=\"http:\/\/www.ziaruldevaslui.ro\/national\/\" rel=\"category tag\">Na\u021bional<\/a>\u00a0<a href=\"http:\/\/www.ziaruldevaslui.ro\/recomandate\/\" rel=\"category tag\">RECOMANDATE<\/a>\u00a0<\/span><\/div>\n<header class=\"entry-header\">\n<h1 class=\"entry-title\">\n\t\t\t\tControale la produc\u0103torii de lactate\t\t\t<\/h1>\n<\/header>\n<div class=\"below-entry-meta\"><span class=\"posted-on\"><a href=\"http:\/\/www.ziaruldevaslui.ro\/controale-la-producatorii-de-lactate\/\" title=\"06:43\" rel=\"bookmark\"><time class=\"entry-date published updated\" datetime=\"2016-03-23T06:43:24+02:00\">23 martie 2016<\/time><\/a><\/span><span class=\"byline\"><span class=\"author vcard\"><a class=\"url fn n\" href=\"http:\/\/www.ziaruldevaslui.ro\/author\/rodan-mihai\/\" title=\"Mihai Rodan\"><br \/>\n\t\t\t\t\t\tMihai Rodan\t\t\t\t\t<\/a><\/span><\/span><span class=\"comments\"><a href=\"http:\/\/www.ziaruldevaslui.ro\/controale-la-producatorii-de-lactate\/#respond\"> Niciun comentariu<\/a><\/span><span class=\"tag-links\"><a href=\"http:\/\/www.ziaruldevaslui.ro\/tag\/controale\/\" rel=\"tag\">controale<\/a>, <a href=\"http:\/\/www.ziaruldevaslui.ro\/tag\/ferme\/\" rel=\"tag\">ferme<\/a>, <a href=\"http:\/\/www.ziaruldevaslui.ro\/tag\/lapte\/\" rel=\"tag\">lapte<\/a><\/span><\/div>\n<div class=\"entry-content clearfix\">\n<p><strong>D<\/strong>irectorii executivi ai DSVSA jude\u021bene vor colabora cu Institu\u021biile Prefectului \u0219i cu Direc\u021biile de S\u0103n\u0103tate Public\u0103 \u00een vederea organiz\u0103rii unor controale tematice comune (DSVSA-DSP) \u00een ferme de animale produc\u0103toare de lapte, centre de colectare \u0219i unit\u0103\u021bi de procesare a laptelui, conform atribu\u021biilor ce revin DSVSA \u0219i DSP, stabilite de legisla\u021bia \u00een vigoare \u0219i, respectiv, \u00een baza Protocolului de colaborare, \u00eencheiat \u00een anul 2012, \u00eentre ANSVSA \u0219i Ministerul S\u0103n\u0103t\u0103\u021bii.<\/p>\n<p>\u201eO aten\u021bie deosebit\u0103 va fi acordat\u0103 respect\u0103rii condi\u021biilor de igien\u0103 \u0219i a lan\u021bului frigorific pe durata transportului, a depozit\u0103rii laptelui \u0219i a produselor lactate distribuite prin programul \u2018Laptele \u0219i cornul\u2019. \u00cen acest sens, vor fi efectuate controale oficiale la depozitele independente care asigur\u0103 depozitarea produselor lactate, precum \u0219i la operatorii care de\u021bin mijloace de transport \u0219i asigur\u0103 distribu\u021bia laptelui \u0219i a produselor lactate distribuite \u00een cadrul acestui program\u201d, se men\u021bioneaz\u0103 \u00eentr-un\u00a0 comunicat de pres\u0103 al DSVSA.<\/p>\n<aside class=\"mashsb-container mashsb-main \">\n<div class=\"mashsb-box\">\n<div class=\"mashsb-count mash-medium\">\n<div class=\"counts mashsbcount\">5<\/div>\n<p><span class=\"mashsb-sharetext\">SHARES<\/span><\/div>\n<div class=\"mashsb-buttons\"><a class=\"mashicon-facebook mash-medium mashsb-noshadow\" href=\"https:\/\/www.facebook.com\/sharer.php?u=http%3A%2F%2Fwww.ziaruldevaslui.ro%2Fcontroale-la-producatorii-de-lactate%2F\" target=\"_top\" rel=\"nofollow\"><span class=\"text\">Share\u00a0pe\u00a0facebook<\/span><\/a><a class=\"mashicon-twitter mash-medium mashsb-noshadow\" href=\"https:\/\/twitter.com\/intent\/tweet?text=Controale%20la%20produc%C4%83torii%20de%20lactate&amp;url=http:\/\/www.ziaruldevaslui.ro\/?p=3044\" target=\"_top\" rel=\"nofollow\"><span class=\"text\">Share\u00a0pe\u00a0twitter<\/span><\/a><\/div>\n<\/div>\n<\/aside>\n<\/div>\n<\/div>\n<div class=\"entry-content clearfix\">\n<p><strong>D<\/strong>irectorii executivi ai DSVSA jude\u021bene vor colabora cu Institu\u021biile Prefectului \u0219i cu Direc\u021biile de S\u0103n\u0103tate Public\u0103 \u00een vederea organiz\u0103rii unor controale tematice comune (DSVSA-DSP) \u00een ferme de animale produc\u0103toare de lapte, centre de colectare \u0219i unit\u0103\u021bi de procesare a laptelui, conform atribu\u021biilor ce revin DSVSA \u0219i DSP, stabilite de legisla\u021bia \u00een vigoare \u0219i, respectiv, \u00een baza Protocolului de colaborare, \u00eencheiat \u00een anul 2012, \u00eentre ANSVSA \u0219i Ministerul S\u0103n\u0103t\u0103\u021bii.<\/p>\n<p>\u201eO aten\u021bie deosebit\u0103 va fi acordat\u0103 respect\u0103rii condi\u021biilor de igien\u0103 \u0219i a lan\u021bului frigorific pe durata transportului, a depozit\u0103rii laptelui \u0219i a produselor lactate distribuite prin programul \u2018Laptele \u0219i cornul\u2019. \u00cen acest sens, vor fi efectuate controale oficiale la depozitele independente care asigur\u0103 depozitarea produselor lactate, precum \u0219i la operatorii care de\u021bin mijloace de transport \u0219i asigur\u0103 distribu\u021bia laptelui \u0219i a produselor lactate distribuite \u00een cadrul acestui program\u201d, se men\u021bioneaz\u0103 \u00eentr-un\u00a0 comunicat de pres\u0103 al DSVSA.<\/p>\n<aside class=\"mashsb-container mashsb-main \">\n<div class=\"mashsb-box\">\n<div class=\"mashsb-count mash-medium\">\n<div class=\"counts mashsbcount\">5<\/div>\n<p><span class=\"mashsb-sharetext\">SHARES<\/span><\/div>\n<div class=\"mashsb-buttons\"><a class=\"mashicon-facebook mash-medium mashsb-noshadow\" href=\"https:\/\/www.facebook.com\/sharer.php?u=http%3A%2F%2Fwww.ziaruldevaslui.ro%2Fcontroale-la-producatorii-de-lactate%2F\" target=\"_top\" rel=\"nofollow\"><span class=\"text\">Share\u00a0pe\u00a0facebook<\/span><\/a><a class=\"mashicon-twitter mash-medium mashsb-noshadow\" href=\"https:\/\/twitter.com\/intent\/tweet?text=Controale%20la%20produc%C4%83torii%20de%20lactate&amp;url=http:\/\/www.ziaruldevaslui.ro\/?p=3044\" target=\"_top\" rel=\"nofollow\"><span class=\"text\">Share\u00a0pe\u00a0twitter<\/span><\/a><\/div>\n<\/div>\n<\/aside>\n<\/div>\n<div class=\"article-content\">\n<h3 class=\"entry-title\"><a href=\"http:\/\/www.ziaruldevaslui.ro\/cu-bautura-in-cap-la-plimbare-prin-oras\/\" rel=\"bookmark\" title=\"Cu b\u0103utura \u00een cap, la plimbare prin ora\u0219!\"><br \/>\n\t\t\t\t\t\t\t\tCu b\u0103utura \u00een cap, la plimbare prin ora\u0219!\t\t\t\t\t\t\t<\/a><\/h3>\n<div class=\"below-entry-meta\"><span class=\"posted-on\"><a href=\"http:\/\/www.ziaruldevaslui.ro\/cu-bautura-in-cap-la-plimbare-prin-oras\/\" title=\"15:31\" rel=\"bookmark\"><time class=\"entry-date published updated\" datetime=\"2021-06-17T15:31:18+02:00\">17 iunie 2021<\/time><\/a><\/span><span class=\"byline\"><span class=\"author vcard\"><a class=\"url fn n\" href=\"http:\/\/www.ziaruldevaslui.ro\/author\/admin\/\" title=\"Ziarul de Vaslui\"><br \/>\n\t\t\t\t\t\tZiarul de Vaslui\t\t\t\t\t<\/a><\/span><\/span><\/div>\n<\/div>\n<div class=\"article-content\">\n<h3 class=\"entry-title\"><a href=\"http:\/\/www.ziaruldevaslui.ro\/barbat-de-37-de-ani-arestat-dupa-ce-a-violat-o-tanara-de-18-ani\/\" rel=\"bookmark\" title=\"B\u0103rbat de 37 de ani, arestat dup\u0103 ce a violat o t\u00e2n\u0103r\u0103 de 18 ani\"><br \/>\n\t\t\t\t\t\t\t\tB\u0103rbat de 37 de ani, arestat dup\u0103 ce a violat o t\u00e2n\u0103r\u0103 de 18 ani\t\t\t\t\t\t\t<\/a><\/h3>\n<div class=\"below-entry-meta\"><span class=\"posted-on\"><a href=\"http:\/\/www.ziaruldevaslui.ro\/barbat-de-37-de-ani-arestat-dupa-ce-a-violat-o-tanara-de-18-ani\/\" title=\"22:38\" rel=\"bookmark\"><time class=\"entry-date published updated\" datetime=\"2017-03-17T22:38:46+02:00\">17 martie 2017<\/time><\/a><\/span><span class=\"byline\"><span class=\"author vcard\"><a class=\"url fn n\" href=\"http:\/\/www.ziaruldevaslui.ro\/author\/admin\/\" title=\"Ziarul de Vaslui\"><br \/>\n\t\t\t\t\t\tZiarul de Vaslui\t\t\t\t\t<\/a><\/span><\/span><span class=\"comments\"><a href=\"http:\/\/www.ziaruldevaslui.ro\/barbat-de-37-de-ani-arestat-dupa-ce-a-violat-o-tanara-de-18-ani\/#respond\">0<\/a><\/span><\/div>\n<\/div>\n<div class=\"article-content\">\n<h3 class=\"entry-title\"><a href=\"http:\/\/www.ziaruldevaslui.ro\/tanara-din-negresti-salvata-de-politisti-din-ghearele-proxenetului\/\" rel=\"bookmark\" title=\"T\u00e2n\u0103r\u0103 din Negre\u0219ti, salvat\u0103 de poli\u021bi\u0219ti din ghearele proxenetului\"><br \/>\n\t\t\t\t\t\t\t\tT\u00e2n\u0103r\u0103 din Negre\u0219ti, salvat\u0103 de poli\u021bi\u0219ti din ghearele proxenetului\t\t\t\t\t\t\t<\/a><\/h3>\n<div class=\"below-entry-meta\"><span class=\"posted-on\"><a href=\"http:\/\/www.ziaruldevaslui.ro\/tanara-din-negresti-salvata-de-politisti-din-ghearele-proxenetului\/\" title=\"19:33\" rel=\"bookmark\"><time class=\"entry-date published\" datetime=\"2022-08-29T19:33:57+02:00\">29 august 2022<\/time><time class=\"updated\" datetime=\"2022-08-29T19:33:58+02:00\">29 august 2022<\/time><\/a><\/span><span class=\"byline\"><span class=\"author vcard\"><a class=\"url fn n\" href=\"http:\/\/www.ziaruldevaslui.ro\/author\/admin\/\" title=\"Ziarul de Vaslui\"><br \/>\n\t\t\t\t\t\tZiarul de Vaslui\t\t\t\t\t<\/a><\/span><\/span><\/div>\n<\/div>\n<div class=\"article-content\">\n<div class=\"above-entry-meta\"><span class=\"cat-links\"><a href=\"http:\/\/www.ziaruldevaslui.ro\/local\/\" rel=\"category tag\">Local<\/a>\u00a0<a href=\"http:\/\/www.ziaruldevaslui.ro\/tabloul-principal\/\" rel=\"category tag\">NOUT\u0102\u021aI<\/a>\u00a0<a href=\"http:\/\/www.ziaruldevaslui.ro\/opinii\/\" rel=\"category tag\">Opinii<\/a>\u00a0<\/span><\/div>\n<h3 class=\"entry-title\"><a href=\"http:\/\/www.ziaruldevaslui.ro\/stand-up-comedy-cu-ionel-sandu-de-la-aur-spatiile-pentru-copiii-cu-autism-sunt-bazaconii\/\" title=\"Stand Up Comedy cu Ionel Sandu, candidat AUR: spa\u021biile pentru copiii cu autism sunt \u201ebazaconii\u201d\"><br \/>\n\t\t\t\tStand Up Comedy cu Ionel Sandu, candidat AUR: spa\u021biile pentru copiii cu autism sunt \u201ebazaconii\u201d\t\t\t<\/a><\/h3>\n<div class=\"below-entry-meta\"><span class=\"posted-on\"><a href=\"http:\/\/www.ziaruldevaslui.ro\/stand-up-comedy-cu-ionel-sandu-de-la-aur-spatiile-pentru-copiii-cu-autism-sunt-bazaconii\/\" title=\"22:46\" rel=\"bookmark\"><time class=\"entry-date published\" datetime=\"2024-03-14T22:46:43+02:00\">14 martie 2024<\/time><time class=\"updated\" datetime=\"2024-03-15T08:54:58+02:00\">15 martie 2024<\/time><\/a><\/span><span class=\"byline\"><span class=\"author vcard\"><a class=\"url fn n\" href=\"http:\/\/www.ziaruldevaslui.ro\/author\/admin\/\" title=\"Ziarul de Vaslui\"><br \/>\n\t\t\t\t\tZiarul de Vaslui\t\t\t\t<\/a><\/span><\/span><\/div>\n<div class=\"entry-content\">\n<p>Ini\u021bial am crezut c\u0103 Ionel Sandu s-a apucat de Stand Up Comedy. Cu afacerile nu st\u0103 extraordinar, cu politica nici<\/p>\n<\/div>\n<\/div>\n<div class=\"entry-content\">\n<p>Ini\u021bial am crezut c\u0103 Ionel Sandu s-a apucat de Stand Up Comedy. Cu afacerile nu st\u0103 extraordinar, cu politica nici<\/p>\n<\/div>\n<div class=\"article-content\">\n<div class=\"above-entry-meta\"><span class=\"cat-links\"><a href=\"http:\/\/www.ziaruldevaslui.ro\/literatura\/\" rel=\"category tag\">Literatur\u0103<\/a>\u00a0<a href=\"http:\/\/www.ziaruldevaslui.ro\/magazin\/\" rel=\"category tag\">Magazin<\/a>\u00a0<a href=\"http:\/\/www.ziaruldevaslui.ro\/opinii\/\" rel=\"category tag\">Opinii<\/a>\u00a0<\/span><\/div>\n<h3 class=\"entry-title\"><a href=\"http:\/\/www.ziaruldevaslui.ro\/pledoarie-pentru-o-carte-pe-zi\/\" title=\"Pledoarie pentru \u2026 o carte pe zi\"><br \/>\n\t\t\t\tPledoarie pentru \u2026 o carte pe zi\t\t\t<\/a><\/h3>\n<div class=\"below-entry-meta\"><span class=\"posted-on\"><a href=\"http:\/\/www.ziaruldevaslui.ro\/pledoarie-pentru-o-carte-pe-zi\/\" title=\"09:48\" rel=\"bookmark\"><time class=\"entry-date published\" datetime=\"2021-11-13T09:48:23+02:00\">13 noiembrie 2021<\/time><time class=\"updated\" datetime=\"2022-05-04T20:22:06+02:00\">4 mai 2022<\/time><\/a><\/span><span class=\"byline\"><span class=\"author vcard\"><a class=\"url fn n\" href=\"http:\/\/www.ziaruldevaslui.ro\/author\/admin\/\" title=\"Ziarul de Vaslui\"><br \/>\n\t\t\t\t\tZiarul de Vaslui\t\t\t\t<\/a><\/span><\/span><\/div>\n<\/div>\n<div class=\"article-content\">\n<div class=\"above-entry-meta\"><span class=\"cat-links\"><a href=\"http:\/\/www.ziaruldevaslui.ro\/local\/\" rel=\"category tag\">Local<\/a>\u00a0<a href=\"http:\/\/www.ziaruldevaslui.ro\/tabloul-principal\/\" rel=\"category tag\">NOUT\u0102\u021aI<\/a>\u00a0<a href=\"http:\/\/www.ziaruldevaslui.ro\/oameni-si-locuri\/\" rel=\"category tag\">Oameni si locuri<\/a>\u00a0<a href=\"http:\/\/www.ziaruldevaslui.ro\/opinii\/\" rel=\"category tag\">Opinii<\/a>\u00a0<\/span><\/div>\n<h3 class=\"entry-title\"><a href=\"http:\/\/www.ziaruldevaslui.ro\/vasluianca-madalina-tudorache-admisa-ca-doctorand-la-oxford-interviu\/\" title=\"Vasluianca M\u0103d\u0103lina Tudorache, admis\u0103 ca doctorand la Oxford\"><br \/>\n\t\t\t\tVasluianca M\u0103d\u0103lina Tudorache, admis\u0103 ca doctorand la Oxford\t\t\t<\/a><\/h3>\n<div class=\"below-entry-meta\"><span class=\"posted-on\"><a href=\"http:\/\/www.ziaruldevaslui.ro\/vasluianca-madalina-tudorache-admisa-ca-doctorand-la-oxford-interviu\/\" title=\"09:24\" rel=\"bookmark\"><time class=\"entry-date published\" datetime=\"2020-07-21T09:24:55+02:00\">21 iulie 2020<\/time><time class=\"updated\" datetime=\"2021-12-15T08:32:02+02:00\">15 decembrie 2021<\/time><\/a><\/span><span class=\"byline\"><span class=\"author vcard\"><a class=\"url fn n\" href=\"http:\/\/www.ziaruldevaslui.ro\/author\/admin\/\" title=\"Ziarul de Vaslui\"><br \/>\n\t\t\t\t\tZiarul de Vaslui\t\t\t\t<\/a><\/span><\/span><\/div>\n<\/div>\n<div class=\"article-content\">\n<div class=\"above-entry-meta\"><span class=\"cat-links\"><a href=\"http:\/\/www.ziaruldevaslui.ro\/local\/\" rel=\"category tag\">Local<\/a>\u00a0<a href=\"http:\/\/www.ziaruldevaslui.ro\/tabloul-principal\/\" rel=\"category tag\">NOUT\u0102\u021aI<\/a>\u00a0<a href=\"http:\/\/www.ziaruldevaslui.ro\/oameni-si-locuri\/\" rel=\"category tag\">Oameni si locuri<\/a>\u00a0<a href=\"http:\/\/www.ziaruldevaslui.ro\/opinii\/\" rel=\"category tag\">Opinii<\/a>\u00a0<\/span><\/div>\n<h3 class=\"entry-title\"><a href=\"http:\/\/www.ziaruldevaslui.ro\/manifestul-unui-eleve-de-clasa-a-12-a-din-vaslui-cel-mai-mare-vis-al-nostru-era-sa-imbracam-roba\/\" title=\"Manifestul unei eleve de clasa a 12-a din Vaslui: \u201eCel mai mare vis al nostru era s\u0103 \u00eembr\u0103c\u0103m roba\u201d\"><br \/>\n\t\t\t\tManifestul unei eleve de clasa a 12-a din Vaslui: \u201eCel mai mare vis al nostru era s\u0103 \u00eembr\u0103c\u0103m roba\u201d\t\t\t<\/a><\/h3>\n<div class=\"below-entry-meta\"><span class=\"posted-on\"><a href=\"http:\/\/www.ziaruldevaslui.ro\/manifestul-unui-eleve-de-clasa-a-12-a-din-vaslui-cel-mai-mare-vis-al-nostru-era-sa-imbracam-roba\/\" title=\"21:33\" rel=\"bookmark\"><time class=\"entry-date published\" datetime=\"2020-05-02T21:33:04+02:00\">2 mai 2020<\/time><time class=\"updated\" datetime=\"2020-05-03T18:03:27+02:00\">3 mai 2020<\/time><\/a><\/span><span class=\"byline\"><span class=\"author vcard\"><a class=\"url fn n\" href=\"http:\/\/www.ziaruldevaslui.ro\/author\/admin\/\" title=\"Ziarul de Vaslui\"><br \/>\n\t\t\t\t\tZiarul de Vaslui\t\t\t\t<\/a><\/span><\/span><\/div>\n<\/div>\n<p> Source URL: http:\/\/www.ziaruldevaslui.ro\/controale-la-producatorii-de-lactate\/<\/p>\n","protected":false},"excerpt":{"rendered":"<p>Na\u021bional\u00a0RECOMANDATE\u00a0 Controale la produc\u0103torii de lactate 23 martie 2016 Mihai Rodan Niciun comentariucontroale, ferme, lapte Directorii executivi ai DSVSA jude\u021bene vor colabora cu Institu\u021biile Prefectului \u0219i cu Direc\u021biile de S\u0103n\u0103tate Public\u0103 \u00een vederea organiz\u0103rii unor controale tematice comune (DSVSA-DSP) \u00een ferme de animale produc\u0103toare de lapte, centre de colectare \u0219i unit\u0103\u021bi de procesare a laptelui, [&hellip;]<\/p>\n","protected":false},"author":1,"featured_media":1521679,"comment_status":"open","ping_status":"","sticky":false,"template":"","format":"standard","meta":{"footnotes":""},"categories":[89],"tags":[218],"class_list":["post-1521674","post","type-post","status-publish","format-standard","has-post-thumbnail","hentry","category-romania","tag-ziaruldevaslui-ro"],"_links":{"self":[{"href":"https:\/\/analyse.optim.biz\/index.php?rest_route=\/wp\/v2\/posts\/1521674","targetHints":{"allow":["GET"]}}],"collection":[{"href":"https:\/\/analyse.optim.biz\/index.php?rest_route=\/wp\/v2\/posts"}],"about":[{"href":"https:\/\/analyse.optim.biz\/index.php?rest_route=\/wp\/v2\/types\/post"}],"author":[{"embeddable":true,"href":"https:\/\/analyse.optim.biz\/index.php?rest_route=\/wp\/v2\/users\/1"}],"replies":[{"embeddable":true,"href":"https:\/\/analyse.optim.biz\/index.php?rest_route=%2Fwp%2Fv2%2Fcomments&post=1521674"}],"version-history":[{"count":0,"href":"https:\/\/analyse.optim.biz\/index.php?rest_route=\/wp\/v2\/posts\/1521674\/revisions"}],"wp:featuredmedia":[{"embeddable":true,"href":"https:\/\/analyse.optim.biz\/index.php?rest_route=\/wp\/v2\/media\/1521679"}],"wp:attachment":[{"href":"https:\/\/analyse.optim.biz\/index.php?rest_route=%2Fwp%2Fv2%2Fmedia&parent=1521674"}],"wp:term":[{"taxonomy":"category","embeddable":true,"href":"https:\/\/analyse.optim.biz\/index.php?rest_route=%2Fwp%2Fv2%2Fcategories&post=1521674"},{"taxonomy":"post_tag","embeddable":true,"href":"https:\/\/analyse.optim.biz\/index.php?rest_route=%2Fwp%2Fv2%2Ftags&post=1521674"}],"curies":[{"name":"wp","href":"https:\/\/api.w.org\/{rel}","templated":true}]}}