{"id":152163,"date":"2016-12-30T21:53:15","date_gmt":"2016-12-30T18:53:15","guid":{"rendered":"https:\/\/analyse.optim.biz\/?p=152163"},"modified":"2016-12-30T21:53:15","modified_gmt":"2016-12-30T18:53:15","slug":"premierul-desemnat-dispus-sa-renunte-la-protectia-spp-la-fel-ca-dragnea","status":"publish","type":"post","link":"https:\/\/analyse.optim.biz\/?p=152163","title":{"rendered":"Premierul desemnat, dispus s\u0103 renun\u021be la protec\u021bia SPP. La fel ca Dragnea"},"content":{"rendered":"<div class=\"entry data-app-meta data-app-meta-article\" data-embed-base-url-canonical=\"https:\/\/www.digi24.ro\/embed\/stiri\/actualitate\/politica\/premierul-desemnat-dispus-sa-renunte-la-protectia-spp-la-fel-ca-dragnea-641139\">\n<p data-index=\"1\"><strong>Premierul desemnat, Sorin Grindeanu, a afirmat, vineri, c\u0103, dac\u0103 legea \u00eei permite, va renun\u0163a la protec\u0163ia SPP, o decizie asem\u0103n\u0103toare fiind luat\u0103 \u015fi de liderul PSD, Liviu Dragnea, dup\u0103 ce a fost ales pre\u015fedinte al Camerei Deputa\u0163ilor, informeaz\u0103 News.ro.<\/strong><\/p>\n<figure class=\"article-thumb\"><img decoding=\"async\" src=\"https:\/\/analyse.optim.biz\/wp-content\/uploads\/2024\/09\/agfzad03mzuzodyyn2myngyyyte1ntm2mjexzda0ntqxngu1ma-thumb_.jpg\" alt=\"161230_CONFERINTA_GRINDEANU_P_00_INQUAM_George_Calin\" data-skip-htmlfix=\"1\" title=\"agfzad03mzuzodyyn2myngyyyte1ntm2mjexzda0ntqxngu1ma-thumb_\"><figcaption> Foto: Inquam Photos \/ George C\u0103lin <\/figcaption><\/figure>\n<p data-index=\"2\"><span lang=\"ro-RO\">\u00centrebat dac\u0103 va renun\u0163a la protec\u0163ia SPP, Sorin Grindeanu a spus c\u0103 \u201enu este un om care caut\u0103 aceste lucruri\u201d.<\/span><\/p>\n<p data-index=\"3\">\u201eDac\u0103 legea \u00eemi permite \u015fi \u00een\u0163eleg c\u0103 \u00eemi permite, fiindc\u0103 domnul pre\u015fedintele Dragnea a renun\u0163at, dorin\u0163a mea e s\u0103 renun\u0163 (la protec\u0163ia SPP n.r.)\u201d, a completat Sorin Grindeanu.<\/p>\n<p data-index=\"4\"><span lang=\"ro-RO\">\u00centrebat \u00een continuare c\u00e2nd va merge la Palatul Victoria, Sorin Grindeanu a r\u0103spuns c\u0103 numai dup\u0103 ce procedurile de \u00eenvestire a noului Guvern vor fi realizate.<\/span><\/p>\n<p data-index=\"5\">\u201eLa Palatul Victoria voi merge \u00een momentul \u00een care toate procedurile, \u015fi anume \u00eenvestirea \u015fi jur\u0103m\u00e2ntul de la Palatul Cotroceni vor fi finalizate, nu \u00eenainte\u201d, a r\u0103spuns social-democratul.\u00a0<\/p>\n<\/div>\n<p> Source URL: https:\/\/www.digi24.ro\/stiri\/actualitate\/politica\/premierul-desemnat-dispus-sa-renunte-la-protectia-spp-la-fel-ca-dragnea-641139<\/p>\n","protected":false},"excerpt":{"rendered":"<p>Premierul desemnat, Sorin Grindeanu, a afirmat, vineri, c\u0103, dac\u0103 legea \u00eei permite, va renun\u0163a la protec\u0163ia SPP, o decizie asem\u0103n\u0103toare fiind luat\u0103 \u015fi de liderul PSD, Liviu Dragnea, dup\u0103 ce a fost ales pre\u015fedinte al Camerei Deputa\u0163ilor, informeaz\u0103 News.ro. Foto: Inquam Photos \/ George C\u0103lin \u00centrebat dac\u0103 va renun\u0163a la protec\u0163ia SPP, Sorin Grindeanu a [&hellip;]<\/p>\n","protected":false},"author":1,"featured_media":152164,"comment_status":"open","ping_status":"","sticky":false,"template":"","format":"standard","meta":{"footnotes":""},"categories":[2],"tags":[11],"class_list":["post-152163","post","type-post","status-publish","format-standard","has-post-thumbnail","hentry","category-politics","tag-digi24"],"_links":{"self":[{"href":"https:\/\/analyse.optim.biz\/index.php?rest_route=\/wp\/v2\/posts\/152163","targetHints":{"allow":["GET"]}}],"collection":[{"href":"https:\/\/analyse.optim.biz\/index.php?rest_route=\/wp\/v2\/posts"}],"about":[{"href":"https:\/\/analyse.optim.biz\/index.php?rest_route=\/wp\/v2\/types\/post"}],"author":[{"embeddable":true,"href":"https:\/\/analyse.optim.biz\/index.php?rest_route=\/wp\/v2\/users\/1"}],"replies":[{"embeddable":true,"href":"https:\/\/analyse.optim.biz\/index.php?rest_route=%2Fwp%2Fv2%2Fcomments&post=152163"}],"version-history":[{"count":0,"href":"https:\/\/analyse.optim.biz\/index.php?rest_route=\/wp\/v2\/posts\/152163\/revisions"}],"wp:featuredmedia":[{"embeddable":true,"href":"https:\/\/analyse.optim.biz\/index.php?rest_route=\/wp\/v2\/media\/152164"}],"wp:attachment":[{"href":"https:\/\/analyse.optim.biz\/index.php?rest_route=%2Fwp%2Fv2%2Fmedia&parent=152163"}],"wp:term":[{"taxonomy":"category","embeddable":true,"href":"https:\/\/analyse.optim.biz\/index.php?rest_route=%2Fwp%2Fv2%2Fcategories&post=152163"},{"taxonomy":"post_tag","embeddable":true,"href":"https:\/\/analyse.optim.biz\/index.php?rest_route=%2Fwp%2Fv2%2Ftags&post=152163"}],"curies":[{"name":"wp","href":"https:\/\/api.w.org\/{rel}","templated":true}]}}