{"id":152152,"date":"2016-12-31T06:11:21","date_gmt":"2016-12-31T03:11:21","guid":{"rendered":"https:\/\/analyse.optim.biz\/?p=152152"},"modified":"2016-12-31T06:11:21","modified_gmt":"2016-12-31T03:11:21","slug":"ctp-dragnea-a-adus-o-pe-shhaideh-pe-post-de-tablou-vivant","status":"publish","type":"post","link":"https:\/\/analyse.optim.biz\/?p=152152","title":{"rendered":"CTP: Dragnea a adus-o pe Shhaideh pe post de tablou vivant"},"content":{"rendered":"<div class=\"entry data-app-meta data-app-meta-article\" data-embed-base-url-canonical=\"https:\/\/www.digi24.ro\/embed\/stiri\/actualitate\/politica\/ctp-dragnea-a-adus-o-pe-shhaideh-pe-post-de-tablou-vivant-641208\">\n<p data-index=\"1\"><strong>Jurnalistul Cristian Tudor Popescu a criticat decizia pre\u0219edintelui Klaus Iohannis de a respinge \u2013 f\u0103r\u0103 argumente \u2013 candidatura doamnei Sevil Shhaideh la func\u021bia de premier, \u00eens\u0103 recunoa\u0219te c\u0103 prima propunere a PSD pentru conducerea executivului nu era o solu\u021bie bun\u0103, pentru c\u0103 nu are profilul necesar acestei func\u021bii.<\/strong><\/p>\n<p data-index=\"2\">\u201eDoamna\u00a0<span lang=\"ro-RO\">Sevil Shhaideh nu era o bun\u0103 solu\u0163ie pentru func\u021bia de premier. Am v\u0103zut-o la tv asear\u0103 (joi sear\u0103 \u2013 n.r.), cu <strong>Dragnea, care a c\u0103lcat-o \u00een picioare pur \u0219i simplu. Nici nu o l\u0103sa s\u0103 vorbeasc\u0103, dl. Dragnea a adus-o pe post de tablou vivant al\u0103turi de el pe dna Shhaideh<\/strong>, ca s\u0103 vorbeasc\u0103 el zeci de minute \u00een \u015fir! Penibil! Mi se f\u0103cea pielea de g\u0103in\u0103 de ru\u0219inea situa\u021biei. Iar dna Shhaideh are \u00een mod evident o fragilitate emo\u0163ional\u0103, e foarte sensibil\u0103, nu poate s\u0103 reziste la lovituri de politic\u0103 la nivel \u00eenalt, acolo e greu, la nivel \u00eenalt se schimb\u0103 lovituri dure \u015fi d\u00e2nsa \u00een mod evident nu are profilul pentru a\u015fa ceva\u201d, a comentat la Digi24 jurnalistul Cristian Tudor Popescu.<\/span><\/p>\n<p data-index=\"3\"><span lang=\"ro-RO\">El spune, pe de alt\u0103 parte, c\u0103 respingerea candidaturii sale de c\u0103tre pre\u0219edinte, f\u0103r\u0103 a da o motiva\u021bie, are un rezultat \u201etrist \u0219i negativ\u201d &#8211; alimentarea curentelor na\u0163ionaliste, xenofobe, intolerante, ale r\u0103ut\u0103\u0163ii \u015fi prostiei. \u201eDup\u0103 campania PSD \u00eempotriva str\u0103inilor, gestul lui Iohannis de a o respinge pe dna Shaiddeh, f\u0103r\u0103 motiva\u0163ie, f\u0103r\u0103 m\u0103car un telefon &#8211; era totu\u015fi o doamn\u0103, s\u0103-i fi spus, cum \u0219i-a manifestat \u015fi dna Shhaideh regretul, s\u0103 \u00eei fi spus: <em>Doamn\u0103, nu pot s\u0103 v\u0103 numesc, ave\u0163i o problem\u0103, nu pot s\u0103 o spun public, v-o spun dumneavoastr\u0103<\/em>&#8230;Nu a avut niciun dialog \u00een toat\u0103 povestea asta cu dna Shhaideh, iar pe Grindeanu l-a anun\u0163at pe SMS c\u0103 va fi premier\u201d, a ar\u0103tat editorialistul.<\/span><\/p>\n<p data-index=\"4\"><span lang=\"ro-RO\">\u00cen felul acesta, a fost alimentat\u0103 zvonistica, iar Sevil Shhaideh este decretat\u0103 drept \u201eo persoan\u0103 m\u00e2njit\u0103\u201d. <\/span><\/p>\n<p data-index=\"5\">\u201e<span lang=\"ro-RO\">Ce e ea? E so\u0163ia unui terorist! C\u0103 a\u015fa rezult\u0103 din zvonistic\u0103. E corect a\u015fa ceva, ca un om s\u0103 fie etichetat acum f\u0103r\u0103 s\u0103 se poat\u0103 ap\u0103ra? Este o femeie la locul ei, cu frica lui Dzeu sau a lui Allah, e un risc de securitate pentru Rom\u00e2nia c\u00e2t e moscheea din Constan\u0163a construit\u0103 de Carol! A fost extrem de \u00eentrist\u0103tor ca episod uman ce am v\u0103zut \u0219i mai ales inutil\u201d, a punctat Cristian Tudor Popescu.<\/span><\/p>\n<\/div>\n<p> Source URL: https:\/\/www.digi24.ro\/stiri\/actualitate\/politica\/ctp-dragnea-a-adus-o-pe-shhaideh-pe-post-de-tablou-vivant-641208<\/p>\n","protected":false},"excerpt":{"rendered":"<p>Jurnalistul Cristian Tudor Popescu a criticat decizia pre\u0219edintelui Klaus Iohannis de a respinge \u2013 f\u0103r\u0103 argumente \u2013 candidatura doamnei Sevil Shhaideh la func\u021bia de premier, \u00eens\u0103 recunoa\u0219te c\u0103 prima propunere a PSD pentru conducerea executivului nu era o solu\u021bie bun\u0103, pentru c\u0103 nu are profilul necesar acestei func\u021bii. \u201eDoamna\u00a0Sevil Shhaideh nu era o bun\u0103 solu\u0163ie [&hellip;]<\/p>\n","protected":false},"author":1,"featured_media":152153,"comment_status":"open","ping_status":"","sticky":false,"template":"","format":"standard","meta":{"footnotes":""},"categories":[2],"tags":[11],"class_list":["post-152152","post","type-post","status-publish","format-standard","has-post-thumbnail","hentry","category-politics","tag-digi24"],"_links":{"self":[{"href":"https:\/\/analyse.optim.biz\/index.php?rest_route=\/wp\/v2\/posts\/152152","targetHints":{"allow":["GET"]}}],"collection":[{"href":"https:\/\/analyse.optim.biz\/index.php?rest_route=\/wp\/v2\/posts"}],"about":[{"href":"https:\/\/analyse.optim.biz\/index.php?rest_route=\/wp\/v2\/types\/post"}],"author":[{"embeddable":true,"href":"https:\/\/analyse.optim.biz\/index.php?rest_route=\/wp\/v2\/users\/1"}],"replies":[{"embeddable":true,"href":"https:\/\/analyse.optim.biz\/index.php?rest_route=%2Fwp%2Fv2%2Fcomments&post=152152"}],"version-history":[{"count":0,"href":"https:\/\/analyse.optim.biz\/index.php?rest_route=\/wp\/v2\/posts\/152152\/revisions"}],"wp:featuredmedia":[{"embeddable":true,"href":"https:\/\/analyse.optim.biz\/index.php?rest_route=\/wp\/v2\/media\/152153"}],"wp:attachment":[{"href":"https:\/\/analyse.optim.biz\/index.php?rest_route=%2Fwp%2Fv2%2Fmedia&parent=152152"}],"wp:term":[{"taxonomy":"category","embeddable":true,"href":"https:\/\/analyse.optim.biz\/index.php?rest_route=%2Fwp%2Fv2%2Fcategories&post=152152"},{"taxonomy":"post_tag","embeddable":true,"href":"https:\/\/analyse.optim.biz\/index.php?rest_route=%2Fwp%2Fv2%2Ftags&post=152152"}],"curies":[{"name":"wp","href":"https:\/\/api.w.org\/{rel}","templated":true}]}}