{"id":152136,"date":"2016-12-31T11:58:48","date_gmt":"2016-12-31T08:58:48","guid":{"rendered":"https:\/\/analyse.optim.biz\/?p=152136"},"modified":"2016-12-31T11:58:48","modified_gmt":"2016-12-31T08:58:48","slug":"mesajul-lui-sorin-grindeanu-pentru-romani","status":"publish","type":"post","link":"https:\/\/analyse.optim.biz\/?p=152136","title":{"rendered":"Mesajul lui Sorin Grindeanu pentru rom\u00e2ni"},"content":{"rendered":"<div class=\"entry data-app-meta data-app-meta-article\" data-embed-base-url-canonical=\"https:\/\/www.digi24.ro\/embed\/stiri\/actualitate\/politica\/mesajul-lui-sorin-grindeanu-pentru-romani-641313\">\n<p data-index=\"1\"><strong>Premierul desemnat Sorin Grindeanu a transmis s\u00e2mb\u0103t\u0103, pe Facebook, un mesaj \u00een care d\u0103 asigur\u0103ri c\u0103 viitorul Guvern va lua \u201cde urgen\u0163\u0103\u201d m\u0103surile necesare pentru a cre\u015fte calitatea vie\u0163ii rom\u00e2nilor, informeaz\u0103 <a href=\"http:\/\/www.news.ro\/politic-intern\/mesajul-lui-grindeanu-la-final-de-an-viitorul-guvern-va-lua-de-urgenta-masurile-necesare-pentru-a-creste-calitatea-vietii-romanilor-1922403231362016121116459278\" target=\"_blank\" data-skip-linkfix=\"1\" rel=\"noopener\">News.ro.<\/a><\/strong><\/p>\n<figure class=\"article-thumb\"><img decoding=\"async\" src=\"https:\/\/analyse.optim.biz\/wp-content\/uploads\/2024\/09\/c2g9nde3mzg4ndi2y2q5nwrlndq5mtaynwu5mzliowyyzgq-thumb_-1.jpg\" alt=\"161230_CONFERINTA_GRINDEANU_P_12_INQUAM_George_Calin\" data-skip-htmlfix=\"1\" title=\"c2g9nde3mzg4ndi2y2q5nwrlndq5mtaynwu5mzliowyyzgq-thumb_-1\"><figcaption> Sorin Grindeanu \/ FOTO: INQUAM \/ George Calin <\/figcaption><\/figure>\n<p data-index=\"2\">\u201eAnul care tocmai se \u00eencheie a fost unul complicat, cu multe \u00eencerc\u0103ri. \u0162ara a cunoscut o perioad\u0103 plin\u0103 de incertitudini care \u00eencep s\u0103 se risipeasc\u0103 \u015fi cu to\u0163ii sper\u0103m c\u0103 Noul An ne va aduce lini\u015fte, progres \u015fi zile mai bune. V\u0103 asigur c\u0103 viitorul Guvern va lua de urgen\u0163\u0103 m\u0103surile necesare pentru a cre\u015fte calitatea vie\u0163ii rom\u00e2nilor. \u00cencrederea pe care dumneavoastr\u0103 a\u0163i avut-o \u00een programul nostru de guvernare ne oblig\u0103 \u015fi ne responsabilizeaz\u0103. Pe aceast\u0103 cale, \u00een numele colegilor mei, v\u0103 mul\u0163umesc!\u201d, a transmis premierul desemnat.<\/p>\n<p data-index=\"3\">\u00cen \u00eencheiere, Sorin Grindeanu le-a urat rom\u00e2nilor ca 2017 s\u0103 le aduc\u0103 s\u0103n\u0103tate, \u00eencredere \u015fi prosperitate.<\/p>\n<\/div>\n<p> Source URL: https:\/\/www.digi24.ro\/stiri\/actualitate\/politica\/mesajul-lui-sorin-grindeanu-pentru-romani-641313<\/p>\n","protected":false},"excerpt":{"rendered":"<p>Premierul desemnat Sorin Grindeanu a transmis s\u00e2mb\u0103t\u0103, pe Facebook, un mesaj \u00een care d\u0103 asigur\u0103ri c\u0103 viitorul Guvern va lua \u201cde urgen\u0163\u0103\u201d m\u0103surile necesare pentru a cre\u015fte calitatea vie\u0163ii rom\u00e2nilor, informeaz\u0103 News.ro. Sorin Grindeanu \/ FOTO: INQUAM \/ George Calin \u201eAnul care tocmai se \u00eencheie a fost unul complicat, cu multe \u00eencerc\u0103ri. \u0162ara a cunoscut [&hellip;]<\/p>\n","protected":false},"author":1,"featured_media":152137,"comment_status":"open","ping_status":"","sticky":false,"template":"","format":"standard","meta":{"footnotes":""},"categories":[2],"tags":[11],"class_list":["post-152136","post","type-post","status-publish","format-standard","has-post-thumbnail","hentry","category-politics","tag-digi24"],"_links":{"self":[{"href":"https:\/\/analyse.optim.biz\/index.php?rest_route=\/wp\/v2\/posts\/152136","targetHints":{"allow":["GET"]}}],"collection":[{"href":"https:\/\/analyse.optim.biz\/index.php?rest_route=\/wp\/v2\/posts"}],"about":[{"href":"https:\/\/analyse.optim.biz\/index.php?rest_route=\/wp\/v2\/types\/post"}],"author":[{"embeddable":true,"href":"https:\/\/analyse.optim.biz\/index.php?rest_route=\/wp\/v2\/users\/1"}],"replies":[{"embeddable":true,"href":"https:\/\/analyse.optim.biz\/index.php?rest_route=%2Fwp%2Fv2%2Fcomments&post=152136"}],"version-history":[{"count":0,"href":"https:\/\/analyse.optim.biz\/index.php?rest_route=\/wp\/v2\/posts\/152136\/revisions"}],"wp:featuredmedia":[{"embeddable":true,"href":"https:\/\/analyse.optim.biz\/index.php?rest_route=\/wp\/v2\/media\/152137"}],"wp:attachment":[{"href":"https:\/\/analyse.optim.biz\/index.php?rest_route=%2Fwp%2Fv2%2Fmedia&parent=152136"}],"wp:term":[{"taxonomy":"category","embeddable":true,"href":"https:\/\/analyse.optim.biz\/index.php?rest_route=%2Fwp%2Fv2%2Fcategories&post=152136"},{"taxonomy":"post_tag","embeddable":true,"href":"https:\/\/analyse.optim.biz\/index.php?rest_route=%2Fwp%2Fv2%2Ftags&post=152136"}],"curies":[{"name":"wp","href":"https:\/\/api.w.org\/{rel}","templated":true}]}}