{"id":1521318,"date":"2016-05-05T12:57:12","date_gmt":"2016-05-05T09:57:12","guid":{"rendered":"https:\/\/analyse.optim.biz\/?p=1521318"},"modified":"2016-05-05T12:57:12","modified_gmt":"2016-05-05T09:57:12","slug":"sindicalistii-din-sanatate-se-mobilizeaza-pentru-proteste","status":"publish","type":"post","link":"https:\/\/analyse.optim.biz\/?p=1521318","title":{"rendered":"Sindicali\u015ftii din s\u0103n\u0103tate se mobilizeaz\u0103 pentru proteste"},"content":{"rendered":"<article id=\"post-4147\" class=\"post-4147 post type-post status-publish format-standard has-post-thumbnail hentry category-national category-recomandate tag-mobilizare tag-proteste tag-sanitas\">\n<div class=\"featured-image\"><a href=\"https:\/\/analyse.optim.biz\/wp-content\/uploads\/2026\/01\/protest-sanitas.jpg\" class=\"image-popup\"><img decoding=\"async\" width=\"800\" height=\"445\" src=\"https:\/\/analyse.optim.biz\/wp-content\/uploads\/2026\/01\/protest-sanitas-800x445-1.jpg\" class=\"attachment-colormag-featured-image size-colormag-featured-image wp-post-image\" loading=\"lazy\" title=\"protest-sanitas-800x445-1\"><\/a><\/div>\n<div class=\"article-content clearfix\">\n<div class=\"above-entry-meta\"><span class=\"cat-links\"><a href=\"http:\/\/www.ziaruldevaslui.ro\/national\/\" rel=\"category tag\">Na\u021bional<\/a>\u00a0<a href=\"http:\/\/www.ziaruldevaslui.ro\/recomandate\/\" rel=\"category tag\">RECOMANDATE<\/a>\u00a0<\/span><\/div>\n<header class=\"entry-header\">\n<h1 class=\"entry-title\">\n\t\t\t\tSindicali\u015ftii din s\u0103n\u0103tate se mobilizeaz\u0103 pentru proteste\t\t\t<\/h1>\n<\/header>\n<div class=\"below-entry-meta\"><span class=\"posted-on\"><a href=\"http:\/\/www.ziaruldevaslui.ro\/sindicalistii-din-sanatate-se-mobilizeaza-pentru-proteste\/\" title=\"14:57\" rel=\"bookmark\"><time class=\"entry-date published updated\" datetime=\"2016-05-05T14:57:12+02:00\">5 mai 2016<\/time><\/a><\/span><span class=\"byline\"><span class=\"author vcard\"><a class=\"url fn n\" href=\"http:\/\/www.ziaruldevaslui.ro\/author\/rodan-mihai\/\" title=\"Mihai Rodan\"><br \/>\n\t\t\t\t\t\tMihai Rodan\t\t\t\t\t<\/a><\/span><\/span><span class=\"comments\"><a href=\"http:\/\/www.ziaruldevaslui.ro\/sindicalistii-din-sanatate-se-mobilizeaza-pentru-proteste\/#respond\"> Niciun comentariu<\/a><\/span><span class=\"tag-links\"><a href=\"http:\/\/www.ziaruldevaslui.ro\/tag\/mobilizare\/\" rel=\"tag\">mobilizare<\/a>, <a href=\"http:\/\/www.ziaruldevaslui.ro\/tag\/proteste\/\" rel=\"tag\">proteste<\/a>, <a href=\"http:\/\/www.ziaruldevaslui.ro\/tag\/sanitas\/\" rel=\"tag\">sanitas<\/a><\/span><\/div>\n<div class=\"entry-content clearfix\">\n<p><strong>Federa\u0163ia Sanitas a lansat un apel public c\u0103tre to\u0163i lucr\u0103torii din sistemul de s\u0103n\u0103tate, c\u0103rora le cere s\u0103 fie prezenti la misc\u0103rile de protest care vor debuta pe 9 mai. Mai exact, in perioada 9-13 mai, Federa\u0163ia Sanitas din Rom\u00e2nia va organiza adun\u0103ri publice \u00een fa\u0163a Ministerului S\u0103n\u0103t\u0103\u0163ii, Ministerului Muncii, Familiei, Protec\u0163iei Sociale \u015fi Persoanelor V\u00e2rstnice \u015fi Ministerului Finan\u0163elor Publice.<\/strong><\/p>\n<p>\u201cFedera<span>\u021b<\/span>ia Sanitas va continua pichet\u0103rile institu<span>\u021b<\/span>iilor guvernamentale ale <span>\u021b<\/span>\u0103rii p\u00e2n\u0103 c\u00e2nd toate solicit\u0103rile \u00eenaintate\u00a0 guvernan\u0163ilor vor fi rezolvate. Federa\u0163ia Sanitas din Rom\u00e2nia atrage aten\u0163ia Guvernului Rom\u00e2niei c\u0103 sectorul sanitar este l\u0103sat s\u0103 se zbat\u0103 \u00eentre lipsa dot\u0103rilor\u00a0\u015fi cea a\u00a0 personalului de specialitate,\u00a0 insuficient pentru acest sistem at\u00e2t de important, dar l\u0103sat sau chiar \u00eencurajat \u00een continuare s\u0103 emigreze.Eliminarea inechit\u0103\u0163ilor \u015fi discrimin\u0103rilor salariale, deblocarea posturilor de specialitate, majorarea salarial\u0103 cu 25% \u00een 2016 sunt doar c\u00e2teva dintre revendic\u0103rile negociate \u00eenc\u0103 de la \u00eenceputul acestui an de Federa\u0163ia Sanitas, at\u00e2t cu Ministerul S\u0103n\u0103t\u0103\u0163ii, c\u00e2t \u015fi cu Ministerul Muncii, Familiei, Protec\u0163iei Sociale \u015fi Persoanelor V\u00e2rstnice. Atitudinea Guvernului privind legea salariz\u0103rii \u015fi mai ales cea de genul\u00a0 \u201cuite legea, nu e legea\u201d nu a f\u0103cut dec\u00e2t s\u0103 ne \u00eemping\u0103 c\u0103tre o radicalizare a ac\u0163iunilor sindicale, \u00een vederea solu\u0163ion\u0103rii revendic\u0103rilor noastre. \u00cen func\u0163ie de rezultatele ob\u0163inute \u00een negocierile care se vor desf\u0103\u015fura \u00een paralel cu ac\u0163iunile de protest, \u00een luna iunie vom organiza un miting de amploare \u00een fa\u0163a Guvernului Rom\u00e2niei\u201d, se arat\u0103 intr-un comunicat de pres\u0103<\/p>\n<aside class=\"mashsb-container mashsb-main \">\n<div class=\"mashsb-box\">\n<div class=\"mashsb-count mash-medium\">\n<div class=\"counts mashsbcount\">3<\/div>\n<p><span class=\"mashsb-sharetext\">SHARES<\/span><\/div>\n<div class=\"mashsb-buttons\"><a class=\"mashicon-facebook mash-medium mashsb-noshadow\" href=\"https:\/\/www.facebook.com\/sharer.php?u=http%3A%2F%2Fwww.ziaruldevaslui.ro%2Fsindicalistii-din-sanatate-se-mobilizeaza-pentru-proteste%2F\" target=\"_top\" rel=\"nofollow\"><span class=\"text\">Share\u00a0pe\u00a0facebook<\/span><\/a><a class=\"mashicon-twitter mash-medium mashsb-noshadow\" href=\"https:\/\/twitter.com\/intent\/tweet?text=Sindicali%C5%9Ftii%20din%20s%C4%83n%C4%83tate%20se%20mobilizeaz%C4%83%20pentru%20proteste&amp;url=http:\/\/www.ziaruldevaslui.ro\/?p=4147\" target=\"_top\" rel=\"nofollow\"><span class=\"text\">Share\u00a0pe\u00a0twitter<\/span><\/a><\/div>\n<\/div>\n<\/aside>\n<\/div>\n<\/div>\n<\/article>\n<div class=\"article-content clearfix\">\n<div class=\"above-entry-meta\"><span class=\"cat-links\"><a href=\"http:\/\/www.ziaruldevaslui.ro\/national\/\" rel=\"category tag\">Na\u021bional<\/a>\u00a0<a href=\"http:\/\/www.ziaruldevaslui.ro\/recomandate\/\" rel=\"category tag\">RECOMANDATE<\/a>\u00a0<\/span><\/div>\n<header class=\"entry-header\">\n<h1 class=\"entry-title\">\n\t\t\t\tSindicali\u015ftii din s\u0103n\u0103tate se mobilizeaz\u0103 pentru proteste\t\t\t<\/h1>\n<\/header>\n<div class=\"below-entry-meta\"><span class=\"posted-on\"><a href=\"http:\/\/www.ziaruldevaslui.ro\/sindicalistii-din-sanatate-se-mobilizeaza-pentru-proteste\/\" title=\"14:57\" rel=\"bookmark\"><time class=\"entry-date published updated\" datetime=\"2016-05-05T14:57:12+02:00\">5 mai 2016<\/time><\/a><\/span><span class=\"byline\"><span class=\"author vcard\"><a class=\"url fn n\" href=\"http:\/\/www.ziaruldevaslui.ro\/author\/rodan-mihai\/\" title=\"Mihai Rodan\"><br \/>\n\t\t\t\t\t\tMihai Rodan\t\t\t\t\t<\/a><\/span><\/span><span class=\"comments\"><a href=\"http:\/\/www.ziaruldevaslui.ro\/sindicalistii-din-sanatate-se-mobilizeaza-pentru-proteste\/#respond\"> Niciun comentariu<\/a><\/span><span class=\"tag-links\"><a href=\"http:\/\/www.ziaruldevaslui.ro\/tag\/mobilizare\/\" rel=\"tag\">mobilizare<\/a>, <a href=\"http:\/\/www.ziaruldevaslui.ro\/tag\/proteste\/\" rel=\"tag\">proteste<\/a>, <a href=\"http:\/\/www.ziaruldevaslui.ro\/tag\/sanitas\/\" rel=\"tag\">sanitas<\/a><\/span><\/div>\n<div class=\"entry-content clearfix\">\n<p><strong>Federa\u0163ia Sanitas a lansat un apel public c\u0103tre to\u0163i lucr\u0103torii din sistemul de s\u0103n\u0103tate, c\u0103rora le cere s\u0103 fie prezenti la misc\u0103rile de protest care vor debuta pe 9 mai. Mai exact, in perioada 9-13 mai, Federa\u0163ia Sanitas din Rom\u00e2nia va organiza adun\u0103ri publice \u00een fa\u0163a Ministerului S\u0103n\u0103t\u0103\u0163ii, Ministerului Muncii, Familiei, Protec\u0163iei Sociale \u015fi Persoanelor V\u00e2rstnice \u015fi Ministerului Finan\u0163elor Publice.<\/strong><\/p>\n<p>\u201cFedera<span>\u021b<\/span>ia Sanitas va continua pichet\u0103rile institu<span>\u021b<\/span>iilor guvernamentale ale <span>\u021b<\/span>\u0103rii p\u00e2n\u0103 c\u00e2nd toate solicit\u0103rile \u00eenaintate\u00a0 guvernan\u0163ilor vor fi rezolvate. Federa\u0163ia Sanitas din Rom\u00e2nia atrage aten\u0163ia Guvernului Rom\u00e2niei c\u0103 sectorul sanitar este l\u0103sat s\u0103 se zbat\u0103 \u00eentre lipsa dot\u0103rilor\u00a0\u015fi cea a\u00a0 personalului de specialitate,\u00a0 insuficient pentru acest sistem at\u00e2t de important, dar l\u0103sat sau chiar \u00eencurajat \u00een continuare s\u0103 emigreze.Eliminarea inechit\u0103\u0163ilor \u015fi discrimin\u0103rilor salariale, deblocarea posturilor de specialitate, majorarea salarial\u0103 cu 25% \u00een 2016 sunt doar c\u00e2teva dintre revendic\u0103rile negociate \u00eenc\u0103 de la \u00eenceputul acestui an de Federa\u0163ia Sanitas, at\u00e2t cu Ministerul S\u0103n\u0103t\u0103\u0163ii, c\u00e2t \u015fi cu Ministerul Muncii, Familiei, Protec\u0163iei Sociale \u015fi Persoanelor V\u00e2rstnice. Atitudinea Guvernului privind legea salariz\u0103rii \u015fi mai ales cea de genul\u00a0 \u201cuite legea, nu e legea\u201d nu a f\u0103cut dec\u00e2t s\u0103 ne \u00eemping\u0103 c\u0103tre o radicalizare a ac\u0163iunilor sindicale, \u00een vederea solu\u0163ion\u0103rii revendic\u0103rilor noastre. \u00cen func\u0163ie de rezultatele ob\u0163inute \u00een negocierile care se vor desf\u0103\u015fura \u00een paralel cu ac\u0163iunile de protest, \u00een luna iunie vom organiza un miting de amploare \u00een fa\u0163a Guvernului Rom\u00e2niei\u201d, se arat\u0103 intr-un comunicat de pres\u0103<\/p>\n<aside class=\"mashsb-container mashsb-main \">\n<div class=\"mashsb-box\">\n<div class=\"mashsb-count mash-medium\">\n<div class=\"counts mashsbcount\">3<\/div>\n<p><span class=\"mashsb-sharetext\">SHARES<\/span><\/div>\n<div class=\"mashsb-buttons\"><a class=\"mashicon-facebook mash-medium mashsb-noshadow\" href=\"https:\/\/www.facebook.com\/sharer.php?u=http%3A%2F%2Fwww.ziaruldevaslui.ro%2Fsindicalistii-din-sanatate-se-mobilizeaza-pentru-proteste%2F\" target=\"_top\" rel=\"nofollow\"><span class=\"text\">Share\u00a0pe\u00a0facebook<\/span><\/a><a class=\"mashicon-twitter mash-medium mashsb-noshadow\" href=\"https:\/\/twitter.com\/intent\/tweet?text=Sindicali%C5%9Ftii%20din%20s%C4%83n%C4%83tate%20se%20mobilizeaz%C4%83%20pentru%20proteste&amp;url=http:\/\/www.ziaruldevaslui.ro\/?p=4147\" target=\"_top\" rel=\"nofollow\"><span class=\"text\">Share\u00a0pe\u00a0twitter<\/span><\/a><\/div>\n<\/div>\n<\/aside>\n<\/div>\n<\/div>\n<div class=\"entry-content clearfix\">\n<p><strong>Federa\u0163ia Sanitas a lansat un apel public c\u0103tre to\u0163i lucr\u0103torii din sistemul de s\u0103n\u0103tate, c\u0103rora le cere s\u0103 fie prezenti la misc\u0103rile de protest care vor debuta pe 9 mai. Mai exact, in perioada 9-13 mai, Federa\u0163ia Sanitas din Rom\u00e2nia va organiza adun\u0103ri publice \u00een fa\u0163a Ministerului S\u0103n\u0103t\u0103\u0163ii, Ministerului Muncii, Familiei, Protec\u0163iei Sociale \u015fi Persoanelor V\u00e2rstnice \u015fi Ministerului Finan\u0163elor Publice.<\/strong><\/p>\n<p>\u201cFedera<span>\u021b<\/span>ia Sanitas va continua pichet\u0103rile institu<span>\u021b<\/span>iilor guvernamentale ale <span>\u021b<\/span>\u0103rii p\u00e2n\u0103 c\u00e2nd toate solicit\u0103rile \u00eenaintate\u00a0 guvernan\u0163ilor vor fi rezolvate. Federa\u0163ia Sanitas din Rom\u00e2nia atrage aten\u0163ia Guvernului Rom\u00e2niei c\u0103 sectorul sanitar este l\u0103sat s\u0103 se zbat\u0103 \u00eentre lipsa dot\u0103rilor\u00a0\u015fi cea a\u00a0 personalului de specialitate,\u00a0 insuficient pentru acest sistem at\u00e2t de important, dar l\u0103sat sau chiar \u00eencurajat \u00een continuare s\u0103 emigreze.Eliminarea inechit\u0103\u0163ilor \u015fi discrimin\u0103rilor salariale, deblocarea posturilor de specialitate, majorarea salarial\u0103 cu 25% \u00een 2016 sunt doar c\u00e2teva dintre revendic\u0103rile negociate \u00eenc\u0103 de la \u00eenceputul acestui an de Federa\u0163ia Sanitas, at\u00e2t cu Ministerul S\u0103n\u0103t\u0103\u0163ii, c\u00e2t \u015fi cu Ministerul Muncii, Familiei, Protec\u0163iei Sociale \u015fi Persoanelor V\u00e2rstnice. Atitudinea Guvernului privind legea salariz\u0103rii \u015fi mai ales cea de genul\u00a0 \u201cuite legea, nu e legea\u201d nu a f\u0103cut dec\u00e2t s\u0103 ne \u00eemping\u0103 c\u0103tre o radicalizare a ac\u0163iunilor sindicale, \u00een vederea solu\u0163ion\u0103rii revendic\u0103rilor noastre. \u00cen func\u0163ie de rezultatele ob\u0163inute \u00een negocierile care se vor desf\u0103\u015fura \u00een paralel cu ac\u0163iunile de protest, \u00een luna iunie vom organiza un miting de amploare \u00een fa\u0163a Guvernului Rom\u00e2niei\u201d, se arat\u0103 intr-un comunicat de pres\u0103<\/p>\n<aside class=\"mashsb-container mashsb-main \">\n<div class=\"mashsb-box\">\n<div class=\"mashsb-count mash-medium\">\n<div class=\"counts mashsbcount\">3<\/div>\n<p><span class=\"mashsb-sharetext\">SHARES<\/span><\/div>\n<div class=\"mashsb-buttons\"><a class=\"mashicon-facebook mash-medium mashsb-noshadow\" href=\"https:\/\/www.facebook.com\/sharer.php?u=http%3A%2F%2Fwww.ziaruldevaslui.ro%2Fsindicalistii-din-sanatate-se-mobilizeaza-pentru-proteste%2F\" target=\"_top\" rel=\"nofollow\"><span class=\"text\">Share\u00a0pe\u00a0facebook<\/span><\/a><a class=\"mashicon-twitter mash-medium mashsb-noshadow\" href=\"https:\/\/twitter.com\/intent\/tweet?text=Sindicali%C5%9Ftii%20din%20s%C4%83n%C4%83tate%20se%20mobilizeaz%C4%83%20pentru%20proteste&amp;url=http:\/\/www.ziaruldevaslui.ro\/?p=4147\" target=\"_top\" rel=\"nofollow\"><span class=\"text\">Share\u00a0pe\u00a0twitter<\/span><\/a><\/div>\n<\/div>\n<\/aside>\n<\/div>\n<div class=\"article-content\">\n<h3 class=\"entry-title\"><a href=\"http:\/\/www.ziaruldevaslui.ro\/foto-video-cisterna-incarcata-cu-motorina-rasturnata-pe-e581\/\" rel=\"bookmark\" title=\"FOTO\/VIDEO Cistern\u0103 \u00eenc\u0103rcat\u0103 cu motorin\u0103 r\u0103sturnat\u0103 pe E581\"><br \/>\n\t\t\t\t\t\t\t\tFOTO\/VIDEO Cistern\u0103 \u00eenc\u0103rcat\u0103 cu motorin\u0103 r\u0103sturnat\u0103 pe E581\t\t\t\t\t\t\t<\/a><\/h3>\n<div class=\"below-entry-meta\"><span class=\"posted-on\"><a href=\"http:\/\/www.ziaruldevaslui.ro\/foto-video-cisterna-incarcata-cu-motorina-rasturnata-pe-e581\/\" title=\"20:06\" rel=\"bookmark\"><time class=\"entry-date published updated\" datetime=\"2020-07-01T20:06:05+02:00\">1 iulie 2020<\/time><\/a><\/span><span class=\"byline\"><span class=\"author vcard\"><a class=\"url fn n\" href=\"http:\/\/www.ziaruldevaslui.ro\/author\/admin\/\" title=\"Ziarul de Vaslui\"><br \/>\n\t\t\t\t\t\tZiarul de Vaslui\t\t\t\t\t<\/a><\/span><\/span><\/div>\n<\/div>\n<div class=\"article-content\">\n<h3 class=\"entry-title\"><a href=\"http:\/\/www.ziaruldevaslui.ro\/prime-de-relocare-de-pana-la-900-lei-pentru-someri\/\" rel=\"bookmark\" title=\"Prime de relocare de p\u00e2n\u0103 la 900 lei, pentru \u015fomeri\"><br \/>\n\t\t\t\t\t\t\t\tPrime de relocare de p\u00e2n\u0103 la 900 lei, pentru \u015fomeri\t\t\t\t\t\t\t<\/a><\/h3>\n<div class=\"below-entry-meta\"><span class=\"posted-on\"><a href=\"http:\/\/www.ziaruldevaslui.ro\/prime-de-relocare-de-pana-la-900-lei-pentru-someri\/\" title=\"16:28\" rel=\"bookmark\"><time class=\"entry-date published\" datetime=\"2017-01-18T16:28:03+02:00\">18 ianuarie 2017<\/time><time class=\"updated\" datetime=\"2017-01-18T19:26:56+02:00\">18 ianuarie 2017<\/time><\/a><\/span><span class=\"byline\"><span class=\"author vcard\"><a class=\"url fn n\" href=\"http:\/\/www.ziaruldevaslui.ro\/author\/mihaela-zarnescu\/\" title=\"Mihaela Z\u0103rnescu\"><br \/>\n\t\t\t\t\t\tMihaela Z\u0103rnescu\t\t\t\t\t<\/a><\/span><\/span><span class=\"comments\"><a href=\"http:\/\/www.ziaruldevaslui.ro\/prime-de-relocare-de-pana-la-900-lei-pentru-someri\/#respond\">0<\/a><\/span><\/div>\n<\/div>\n<div class=\"article-content\">\n<h3 class=\"entry-title\"><a href=\"http:\/\/www.ziaruldevaslui.ro\/cu-rar-ul-nu-e-de-glumit-certificate-de-inmatriculare-retrase-si-permise-de-conducere-suspendate\/\" rel=\"bookmark\" title=\"Cu RAR-ul nu e de glumit: certificate de \u00eenmatriculare retrase \u0219i permise de conducere suspendate\"><br \/>\n\t\t\t\t\t\t\t\tCu RAR-ul nu e de glumit: certificate de \u00eenmatriculare retrase \u0219i permise de conducere suspendate\t\t\t\t\t\t\t<\/a><\/h3>\n<div class=\"below-entry-meta\"><span class=\"posted-on\"><a href=\"http:\/\/www.ziaruldevaslui.ro\/cu-rar-ul-nu-e-de-glumit-certificate-de-inmatriculare-retrase-si-permise-de-conducere-suspendate\/\" title=\"19:30\" rel=\"bookmark\"><time class=\"entry-date published\" datetime=\"2020-03-10T19:30:38+02:00\">10 martie 2020<\/time><time class=\"updated\" datetime=\"2020-03-10T19:31:33+02:00\">10 martie 2020<\/time><\/a><\/span><span class=\"byline\"><span class=\"author vcard\"><a class=\"url fn n\" href=\"http:\/\/www.ziaruldevaslui.ro\/author\/admin\/\" title=\"Ziarul de Vaslui\"><br \/>\n\t\t\t\t\t\tZiarul de Vaslui\t\t\t\t\t<\/a><\/span><\/span><\/div>\n<\/div>\n<div class=\"article-content\">\n<div class=\"above-entry-meta\"><span class=\"cat-links\"><a href=\"http:\/\/www.ziaruldevaslui.ro\/local\/\" rel=\"category tag\">Local<\/a>\u00a0<a href=\"http:\/\/www.ziaruldevaslui.ro\/tabloul-principal\/\" rel=\"category tag\">NOUT\u0102\u021aI<\/a>\u00a0<a href=\"http:\/\/www.ziaruldevaslui.ro\/opinii\/\" rel=\"category tag\">Opinii<\/a>\u00a0<\/span><\/div>\n<h3 class=\"entry-title\"><a href=\"http:\/\/www.ziaruldevaslui.ro\/stand-up-comedy-cu-ionel-sandu-de-la-aur-spatiile-pentru-copiii-cu-autism-sunt-bazaconii\/\" title=\"Stand Up Comedy cu Ionel Sandu, candidat AUR: spa\u021biile pentru copiii cu autism sunt \u201ebazaconii\u201d\"><br \/>\n\t\t\t\tStand Up Comedy cu Ionel Sandu, candidat AUR: spa\u021biile pentru copiii cu autism sunt \u201ebazaconii\u201d\t\t\t<\/a><\/h3>\n<div class=\"below-entry-meta\"><span class=\"posted-on\"><a href=\"http:\/\/www.ziaruldevaslui.ro\/stand-up-comedy-cu-ionel-sandu-de-la-aur-spatiile-pentru-copiii-cu-autism-sunt-bazaconii\/\" title=\"22:46\" rel=\"bookmark\"><time class=\"entry-date published\" datetime=\"2024-03-14T22:46:43+02:00\">14 martie 2024<\/time><time class=\"updated\" datetime=\"2024-03-15T08:54:58+02:00\">15 martie 2024<\/time><\/a><\/span><span class=\"byline\"><span class=\"author vcard\"><a class=\"url fn n\" href=\"http:\/\/www.ziaruldevaslui.ro\/author\/admin\/\" title=\"Ziarul de Vaslui\"><br \/>\n\t\t\t\t\tZiarul de Vaslui\t\t\t\t<\/a><\/span><\/span><\/div>\n<div class=\"entry-content\">\n<p>Ini\u021bial am crezut c\u0103 Ionel Sandu s-a apucat de Stand Up Comedy. Cu afacerile nu st\u0103 extraordinar, cu politica nici<\/p>\n<\/div>\n<\/div>\n<div class=\"entry-content\">\n<p>Ini\u021bial am crezut c\u0103 Ionel Sandu s-a apucat de Stand Up Comedy. Cu afacerile nu st\u0103 extraordinar, cu politica nici<\/p>\n<\/div>\n<div class=\"article-content\">\n<div class=\"above-entry-meta\"><span class=\"cat-links\"><a href=\"http:\/\/www.ziaruldevaslui.ro\/literatura\/\" rel=\"category tag\">Literatur\u0103<\/a>\u00a0<a href=\"http:\/\/www.ziaruldevaslui.ro\/magazin\/\" rel=\"category tag\">Magazin<\/a>\u00a0<a href=\"http:\/\/www.ziaruldevaslui.ro\/opinii\/\" rel=\"category tag\">Opinii<\/a>\u00a0<\/span><\/div>\n<h3 class=\"entry-title\"><a href=\"http:\/\/www.ziaruldevaslui.ro\/pledoarie-pentru-o-carte-pe-zi\/\" title=\"Pledoarie pentru \u2026 o carte pe zi\"><br \/>\n\t\t\t\tPledoarie pentru \u2026 o carte pe zi\t\t\t<\/a><\/h3>\n<div class=\"below-entry-meta\"><span class=\"posted-on\"><a href=\"http:\/\/www.ziaruldevaslui.ro\/pledoarie-pentru-o-carte-pe-zi\/\" title=\"09:48\" rel=\"bookmark\"><time class=\"entry-date published\" datetime=\"2021-11-13T09:48:23+02:00\">13 noiembrie 2021<\/time><time class=\"updated\" datetime=\"2022-05-04T20:22:06+02:00\">4 mai 2022<\/time><\/a><\/span><span class=\"byline\"><span class=\"author vcard\"><a class=\"url fn n\" href=\"http:\/\/www.ziaruldevaslui.ro\/author\/admin\/\" title=\"Ziarul de Vaslui\"><br \/>\n\t\t\t\t\tZiarul de Vaslui\t\t\t\t<\/a><\/span><\/span><\/div>\n<\/div>\n<div class=\"article-content\">\n<div class=\"above-entry-meta\"><span class=\"cat-links\"><a href=\"http:\/\/www.ziaruldevaslui.ro\/local\/\" rel=\"category tag\">Local<\/a>\u00a0<a href=\"http:\/\/www.ziaruldevaslui.ro\/tabloul-principal\/\" rel=\"category tag\">NOUT\u0102\u021aI<\/a>\u00a0<a href=\"http:\/\/www.ziaruldevaslui.ro\/oameni-si-locuri\/\" rel=\"category tag\">Oameni si locuri<\/a>\u00a0<a href=\"http:\/\/www.ziaruldevaslui.ro\/opinii\/\" rel=\"category tag\">Opinii<\/a>\u00a0<\/span><\/div>\n<h3 class=\"entry-title\"><a href=\"http:\/\/www.ziaruldevaslui.ro\/vasluianca-madalina-tudorache-admisa-ca-doctorand-la-oxford-interviu\/\" title=\"Vasluianca M\u0103d\u0103lina Tudorache, admis\u0103 ca doctorand la Oxford\"><br \/>\n\t\t\t\tVasluianca M\u0103d\u0103lina Tudorache, admis\u0103 ca doctorand la Oxford\t\t\t<\/a><\/h3>\n<div class=\"below-entry-meta\"><span class=\"posted-on\"><a href=\"http:\/\/www.ziaruldevaslui.ro\/vasluianca-madalina-tudorache-admisa-ca-doctorand-la-oxford-interviu\/\" title=\"09:24\" rel=\"bookmark\"><time class=\"entry-date published\" datetime=\"2020-07-21T09:24:55+02:00\">21 iulie 2020<\/time><time class=\"updated\" datetime=\"2021-12-15T08:32:02+02:00\">15 decembrie 2021<\/time><\/a><\/span><span class=\"byline\"><span class=\"author vcard\"><a class=\"url fn n\" href=\"http:\/\/www.ziaruldevaslui.ro\/author\/admin\/\" title=\"Ziarul de Vaslui\"><br \/>\n\t\t\t\t\tZiarul de Vaslui\t\t\t\t<\/a><\/span><\/span><\/div>\n<\/div>\n<div class=\"article-content\">\n<div class=\"above-entry-meta\"><span class=\"cat-links\"><a href=\"http:\/\/www.ziaruldevaslui.ro\/local\/\" rel=\"category tag\">Local<\/a>\u00a0<a href=\"http:\/\/www.ziaruldevaslui.ro\/tabloul-principal\/\" rel=\"category tag\">NOUT\u0102\u021aI<\/a>\u00a0<a href=\"http:\/\/www.ziaruldevaslui.ro\/oameni-si-locuri\/\" rel=\"category tag\">Oameni si locuri<\/a>\u00a0<a href=\"http:\/\/www.ziaruldevaslui.ro\/opinii\/\" rel=\"category tag\">Opinii<\/a>\u00a0<\/span><\/div>\n<h3 class=\"entry-title\"><a href=\"http:\/\/www.ziaruldevaslui.ro\/manifestul-unui-eleve-de-clasa-a-12-a-din-vaslui-cel-mai-mare-vis-al-nostru-era-sa-imbracam-roba\/\" title=\"Manifestul unei eleve de clasa a 12-a din Vaslui: \u201eCel mai mare vis al nostru era s\u0103 \u00eembr\u0103c\u0103m roba\u201d\"><br \/>\n\t\t\t\tManifestul unei eleve de clasa a 12-a din Vaslui: \u201eCel mai mare vis al nostru era s\u0103 \u00eembr\u0103c\u0103m roba\u201d\t\t\t<\/a><\/h3>\n<div class=\"below-entry-meta\"><span class=\"posted-on\"><a href=\"http:\/\/www.ziaruldevaslui.ro\/manifestul-unui-eleve-de-clasa-a-12-a-din-vaslui-cel-mai-mare-vis-al-nostru-era-sa-imbracam-roba\/\" title=\"21:33\" rel=\"bookmark\"><time class=\"entry-date published\" datetime=\"2020-05-02T21:33:04+02:00\">2 mai 2020<\/time><time class=\"updated\" datetime=\"2020-05-03T18:03:27+02:00\">3 mai 2020<\/time><\/a><\/span><span class=\"byline\"><span class=\"author vcard\"><a class=\"url fn n\" href=\"http:\/\/www.ziaruldevaslui.ro\/author\/admin\/\" title=\"Ziarul de Vaslui\"><br \/>\n\t\t\t\t\tZiarul de Vaslui\t\t\t\t<\/a><\/span><\/span><\/div>\n<\/div>\n<p> Source URL: http:\/\/www.ziaruldevaslui.ro\/sindicalistii-din-sanatate-se-mobilizeaza-pentru-proteste\/<\/p>\n","protected":false},"excerpt":{"rendered":"<p>Na\u021bional\u00a0RECOMANDATE\u00a0 Sindicali\u015ftii din s\u0103n\u0103tate se mobilizeaz\u0103 pentru proteste 5 mai 2016 Mihai Rodan Niciun comentariumobilizare, proteste, sanitas Federa\u0163ia Sanitas a lansat un apel public c\u0103tre to\u0163i lucr\u0103torii din sistemul de s\u0103n\u0103tate, c\u0103rora le cere s\u0103 fie prezenti la misc\u0103rile de protest care vor debuta pe 9 mai. Mai exact, in perioada 9-13 mai, Federa\u0163ia Sanitas [&hellip;]<\/p>\n","protected":false},"author":1,"featured_media":1521320,"comment_status":"open","ping_status":"","sticky":false,"template":"","format":"standard","meta":{"footnotes":""},"categories":[89],"tags":[218],"class_list":["post-1521318","post","type-post","status-publish","format-standard","has-post-thumbnail","hentry","category-romania","tag-ziaruldevaslui-ro"],"_links":{"self":[{"href":"https:\/\/analyse.optim.biz\/index.php?rest_route=\/wp\/v2\/posts\/1521318","targetHints":{"allow":["GET"]}}],"collection":[{"href":"https:\/\/analyse.optim.biz\/index.php?rest_route=\/wp\/v2\/posts"}],"about":[{"href":"https:\/\/analyse.optim.biz\/index.php?rest_route=\/wp\/v2\/types\/post"}],"author":[{"embeddable":true,"href":"https:\/\/analyse.optim.biz\/index.php?rest_route=\/wp\/v2\/users\/1"}],"replies":[{"embeddable":true,"href":"https:\/\/analyse.optim.biz\/index.php?rest_route=%2Fwp%2Fv2%2Fcomments&post=1521318"}],"version-history":[{"count":0,"href":"https:\/\/analyse.optim.biz\/index.php?rest_route=\/wp\/v2\/posts\/1521318\/revisions"}],"wp:featuredmedia":[{"embeddable":true,"href":"https:\/\/analyse.optim.biz\/index.php?rest_route=\/wp\/v2\/media\/1521320"}],"wp:attachment":[{"href":"https:\/\/analyse.optim.biz\/index.php?rest_route=%2Fwp%2Fv2%2Fmedia&parent=1521318"}],"wp:term":[{"taxonomy":"category","embeddable":true,"href":"https:\/\/analyse.optim.biz\/index.php?rest_route=%2Fwp%2Fv2%2Fcategories&post=1521318"},{"taxonomy":"post_tag","embeddable":true,"href":"https:\/\/analyse.optim.biz\/index.php?rest_route=%2Fwp%2Fv2%2Ftags&post=1521318"}],"curies":[{"name":"wp","href":"https:\/\/api.w.org\/{rel}","templated":true}]}}