{"id":1521310,"date":"2026-01-28T13:18:57","date_gmt":"2026-01-28T10:18:57","guid":{"rendered":"https:\/\/analyse.optim.biz\/?p=1521310"},"modified":"2026-01-28T13:18:57","modified_gmt":"2026-01-28T10:18:57","slug":"cuplu-in-varsta-gasit-fara-viata-intr-o-casa-din-adjud","status":"publish","type":"post","link":"https:\/\/analyse.optim.biz\/?p=1521310","title":{"rendered":"Cuplu \u00een v\u00e2rst\u0103 g\u0103sit f\u0103r\u0103 via\u021b\u0103 \u00eentr-o cas\u0103 din Adjud"},"content":{"rendered":"<div class=\"td_block_wrap tdb_single_content tdi_106 td-pb-border-top td_block_template_1 td-post-content tagdiv-type\" data-td-block-uid=\"tdi_106\">\n<div class=\"tdb-block-inner td-fix-index\">\n<p>So\u021bul, de 93 de ani \u0219i so\u021bia, \u00een v\u00e2rst\u0103 de 87 de ani, au fost g\u0103si\u021bi f\u0103r\u0103 via\u021b\u0103 \u00een casa lor din cartierul Adjudu Vechi al municipiului Adjud. Echipajele de interven\u021bie au sosit la fa\u021ba locului \u00een urma unui apel prin 112. Martorii spun c\u0103, cel mai probabil, cei doi b\u0103tr\u00e2nei au murit sufoca\u021bi cu monoxid de carbon. Autorit\u0103\u021bile au demarat o anchet\u0103 pentru a stabili exact ce s-a \u00eent\u00e2mplat \u00een imobil \u0219i cauzele care au dus la decesul cuplului.<\/p>\n<p><strong>Foto: arhiv\u0103<\/strong><\/p>\n<\/div>\n<\/div>\n<p> Source URL: https:\/\/www.jurnaldevrancea.ro\/cuplu-in-varsta-gasit-fara-viata-intr-o-casa-din-adjud\/<\/p>\n","protected":false},"excerpt":{"rendered":"<p>So\u021bul, de 93 de ani \u0219i so\u021bia, \u00een v\u00e2rst\u0103 de 87 de ani, au fost g\u0103si\u021bi f\u0103r\u0103 via\u021b\u0103 \u00een casa lor din cartierul Adjudu Vechi al municipiului Adjud. Echipajele de interven\u021bie au sosit la fa\u021ba locului \u00een urma unui apel prin 112. Martorii spun c\u0103, cel mai probabil, cei doi b\u0103tr\u00e2nei au murit sufoca\u021bi cu [&hellip;]<\/p>\n","protected":false},"author":1,"featured_media":1521316,"comment_status":"open","ping_status":"","sticky":false,"template":"","format":"standard","meta":{"footnotes":""},"categories":[89],"tags":[207],"class_list":["post-1521310","post","type-post","status-publish","format-standard","has-post-thumbnail","hentry","category-romania","tag-jurnaldevrancea-ro"],"_links":{"self":[{"href":"https:\/\/analyse.optim.biz\/index.php?rest_route=\/wp\/v2\/posts\/1521310","targetHints":{"allow":["GET"]}}],"collection":[{"href":"https:\/\/analyse.optim.biz\/index.php?rest_route=\/wp\/v2\/posts"}],"about":[{"href":"https:\/\/analyse.optim.biz\/index.php?rest_route=\/wp\/v2\/types\/post"}],"author":[{"embeddable":true,"href":"https:\/\/analyse.optim.biz\/index.php?rest_route=\/wp\/v2\/users\/1"}],"replies":[{"embeddable":true,"href":"https:\/\/analyse.optim.biz\/index.php?rest_route=%2Fwp%2Fv2%2Fcomments&post=1521310"}],"version-history":[{"count":0,"href":"https:\/\/analyse.optim.biz\/index.php?rest_route=\/wp\/v2\/posts\/1521310\/revisions"}],"wp:featuredmedia":[{"embeddable":true,"href":"https:\/\/analyse.optim.biz\/index.php?rest_route=\/wp\/v2\/media\/1521316"}],"wp:attachment":[{"href":"https:\/\/analyse.optim.biz\/index.php?rest_route=%2Fwp%2Fv2%2Fmedia&parent=1521310"}],"wp:term":[{"taxonomy":"category","embeddable":true,"href":"https:\/\/analyse.optim.biz\/index.php?rest_route=%2Fwp%2Fv2%2Fcategories&post=1521310"},{"taxonomy":"post_tag","embeddable":true,"href":"https:\/\/analyse.optim.biz\/index.php?rest_route=%2Fwp%2Fv2%2Ftags&post=1521310"}],"curies":[{"name":"wp","href":"https:\/\/api.w.org\/{rel}","templated":true}]}}