{"id":152130,"date":"2016-12-31T20:04:10","date_gmt":"2016-12-31T17:04:10","guid":{"rendered":"https:\/\/analyse.optim.biz\/?p=152130"},"modified":"2016-12-31T20:04:10","modified_gmt":"2016-12-31T17:04:10","slug":"ambasadorul-sua-in-romania-2017-va-fi-un-an-cu-oportunitati-deosebite","status":"publish","type":"post","link":"https:\/\/analyse.optim.biz\/?p=152130","title":{"rendered":"Ambasadorul SUA \u00een Rom\u00e2nia: 2017 va fi un an cu oportunit\u0103\u0163i deosebite"},"content":{"rendered":"<div class=\"entry data-app-meta data-app-meta-article\" data-embed-base-url-canonical=\"https:\/\/www.digi24.ro\/embed\/stiri\/actualitate\/politica\/ambasadorul-sua-in-romania-2017-va-fi-un-an-cu-oportunitati-deosebite-641493\">\n<p data-index=\"1\"><strong>Ambasadorul SUA \u00een Rom\u00e2nia, Hans Klemm, le transmite rom\u00e2nilor un mesaj video pe Facebook \u00een care spune c\u0103 anul 2016 a fost de o importan\u0163\u0103 deosebit\u0103 inclusiv pentru parteneriatul strategic dintre Rom\u00e2nia \u015fi Statele Unite, iar rela\u0163ia dintre cele dou\u0103 \u0163\u0103ri nu a fost niciodat\u0103 mai puternic\u0103. Despre 2017, diplomatul afirm\u0103 c\u0103 va fi un an cu oportunit\u0103\u0163i deosebite.<\/strong><\/p>\n<p data-index=\"2\"><img loading=\"lazy\" decoding=\"async\" class=\"alignnone size-full wp-image-641494\" src=\"https:\/\/analyse.optim.biz\/wp-content\/uploads\/2024\/09\/anbnjnc9odawjmhhc2g9njlknzrjztvlm2jlzwnlyze5nta2zdfknwfinznlmtu-thumb_.jpg\" alt=\"hans klemm\" width=\"702\" height=\"457\" data-skip-htmlfix=\"1\" title=\"anbnjnc9odawjmhhc2g9njlknzrjztvlm2jlzwnlyze5nta2zdfknwfinznlmtu-thumb_\"><\/p>\n<p data-index=\"3\">\u201dAnul 2016 a fost de o importan\u0163\u0103 deosebit\u0103 inclusiv pentru parteneriatul strategic dintre Rom\u00e2nia \u015fi Statele Unite. Cred cu t\u0103rie c\u0103 rela\u0163ia noastr\u0103 bilateral\u0103, cea dintre Rom\u00e2nia \u015fi SUA nu a fost niciodat\u0103 mai puternic\u0103\u201d, spune Klemm \u00een <a href=\"https:\/\/www.facebook.com\/bucharest.usembassy\/?fref=ts\" target=\"_blank\" data-skip-linkfix=\"1\" rel=\"noopener\">mesaj, <\/a>citat de News.ro.<\/p>\n<p data-index=\"4\">El men\u0163ioneaz\u0103 c\u0103 anul 2016 le-a oferit lui \u015fi so\u0163iei sale ocazia de a c\u0103l\u0103tori mult prin Rom\u00e2nia, de la Putna la Cetate, de la Constan\u0163a la Oradea.<\/p>\n<p data-index=\"5\">\u201dAm vizitat de asemenea parcurile na\u0163ionale din Apuseni, Bucegi \u015fi V\u00e2n\u0103torii \u00een Neam\u0163. \u00cen timpul acestor c\u0103l\u0103torii am fost \u00eenc\u00e2nta\u0163i de frumuse\u0163ea Rom\u00e2niei \u015fi de c\u0103ldura, ospitalitatea \u015fi generozitatea tuturor celor cu care ne-am \u00eent\u00e2lnit, \u00een toate locurile pe care le-am vizitat\u201d, continu\u0103 diplomatul.<\/p>\n<p data-index=\"6\">Ambasadorul SUA men\u0163ioneaz\u0103 c\u0103 \u00eencepe noul an, iar \u201d2017 va fi un an cu oportunit\u0103\u0163i deosebite pentru c\u0103 America va avea un nou guvern \u015fi Rom\u00e2nia va avea un nou guvern\u201d.<\/p>\n<p data-index=\"7\">\u201dAcest lucru pune practic o mare responsabilitate pe umerii mei \u015fi pe umerii echipei mele de la ambasad\u0103, pentru a face tot ce putem s\u0103 \u00eent\u0103rim \u00een continuare Parteneriatul strategic SUA-Rom\u00e2nia\u201d, subliniaz\u0103 Klemm.<\/p>\n<p data-index=\"8\">Hans Klemm mai spune c\u0103 anul viitor le va oferi lui \u015fi so\u0163iei sale ocazia de a vizita \u015fi mai mult Rom\u00e2nia: ora\u015fe \u015fi sate pe care \u00eenc\u0103 nu le-au v\u0103zut \u015fi de a \u00eenv\u0103\u0163a de la rom\u00e2ni despre cultura, tradi\u0163iile \u015fi istoria noastre.<\/p>\n<p data-index=\"9\">\u201dA\u015fadar, permite\u0163i-mi s\u0103 v\u0103 urez vou\u0103 \u015fi familiilor voastre tot ce este mai bun \u00een noul an \u015fi la mul\u0163i ani!\u201d, \u00eencheie ambasadorul.<\/p>\n<\/div>\n<p> Source URL: https:\/\/www.digi24.ro\/stiri\/actualitate\/politica\/ambasadorul-sua-in-romania-2017-va-fi-un-an-cu-oportunitati-deosebite-641493<\/p>\n","protected":false},"excerpt":{"rendered":"<p>Ambasadorul SUA \u00een Rom\u00e2nia, Hans Klemm, le transmite rom\u00e2nilor un mesaj video pe Facebook \u00een care spune c\u0103 anul 2016 a fost de o importan\u0163\u0103 deosebit\u0103 inclusiv pentru parteneriatul strategic dintre Rom\u00e2nia \u015fi Statele Unite, iar rela\u0163ia dintre cele dou\u0103 \u0163\u0103ri nu a fost niciodat\u0103 mai puternic\u0103. Despre 2017, diplomatul afirm\u0103 c\u0103 va fi un [&hellip;]<\/p>\n","protected":false},"author":1,"featured_media":152131,"comment_status":"open","ping_status":"","sticky":false,"template":"","format":"standard","meta":{"footnotes":""},"categories":[2],"tags":[11],"class_list":["post-152130","post","type-post","status-publish","format-standard","has-post-thumbnail","hentry","category-politics","tag-digi24"],"_links":{"self":[{"href":"https:\/\/analyse.optim.biz\/index.php?rest_route=\/wp\/v2\/posts\/152130","targetHints":{"allow":["GET"]}}],"collection":[{"href":"https:\/\/analyse.optim.biz\/index.php?rest_route=\/wp\/v2\/posts"}],"about":[{"href":"https:\/\/analyse.optim.biz\/index.php?rest_route=\/wp\/v2\/types\/post"}],"author":[{"embeddable":true,"href":"https:\/\/analyse.optim.biz\/index.php?rest_route=\/wp\/v2\/users\/1"}],"replies":[{"embeddable":true,"href":"https:\/\/analyse.optim.biz\/index.php?rest_route=%2Fwp%2Fv2%2Fcomments&post=152130"}],"version-history":[{"count":0,"href":"https:\/\/analyse.optim.biz\/index.php?rest_route=\/wp\/v2\/posts\/152130\/revisions"}],"wp:featuredmedia":[{"embeddable":true,"href":"https:\/\/analyse.optim.biz\/index.php?rest_route=\/wp\/v2\/media\/152131"}],"wp:attachment":[{"href":"https:\/\/analyse.optim.biz\/index.php?rest_route=%2Fwp%2Fv2%2Fmedia&parent=152130"}],"wp:term":[{"taxonomy":"category","embeddable":true,"href":"https:\/\/analyse.optim.biz\/index.php?rest_route=%2Fwp%2Fv2%2Fcategories&post=152130"},{"taxonomy":"post_tag","embeddable":true,"href":"https:\/\/analyse.optim.biz\/index.php?rest_route=%2Fwp%2Fv2%2Ftags&post=152130"}],"curies":[{"name":"wp","href":"https:\/\/api.w.org\/{rel}","templated":true}]}}