{"id":152128,"date":"2017-01-01T14:35:56","date_gmt":"2017-01-01T11:35:56","guid":{"rendered":"https:\/\/analyse.optim.biz\/?p=152128"},"modified":"2017-01-01T14:35:56","modified_gmt":"2017-01-01T11:35:56","slug":"dacian-ciolos-mesaj-la-10-ani-de-la-intrarea-in-ue","status":"publish","type":"post","link":"https:\/\/analyse.optim.biz\/?p=152128","title":{"rendered":"Dacian Ciolo\u015f, mesaj la 10 ani de la intrarea \u00een UE"},"content":{"rendered":"<div class=\"entry data-app-meta data-app-meta-article\" data-embed-base-url-canonical=\"https:\/\/www.digi24.ro\/embed\/stiri\/actualitate\/politica\/dacian-ciolos-mesaj-la-10-ani-de-la-intrarea-in-ue-641751\">\n<p data-index=\"1\"><strong>Premierul Dacian Ciolo\u015f, fost comisar european, a declarat c\u0103 pentru Rom\u00e2nia cei zece ani de c\u00e2nd este \u00een Uniunea European\u0103 au \u00eensemnat \u201ezece ani de cre\u015ftere, de dezvoltare \u0219i de consolidare a democra\u0163iei\u201d. De asemenea, prim ministrul a precizat c\u0103 el este, din punct de vedere profesional, \u201eun produs\u201d al acestei apropieri \u015fi integr\u0103ri a \u0163\u0103rii noastre \u00een blocul comunitar.<\/strong><\/p>\n<p class=\"gdpr-placeholder gdpr-social-media gdpr-iframe-fix\" data-index=\"3\"> Setarile tale privind cookie-urile nu permit afisarea continutul din aceasta sectiune. Poti actualiza setarile modulelor coookie direct din browser sau de <a class=\"ot-sdk-show-settings\" data-skip-linkfix=\"1\">aici<\/a> \u2013 e nevoie sa accepti cookie-urile social media<\/p>\n<p data-index=\"4\"><em>\u201eZece ani \u00een Uniunea European\u0103, pentru Rom\u00e2nia, \u00eenseamn\u0103 zece ani de cre\u015ftere, de dezvoltare, de consolidare a democra\u0163iei. Pentru oamenii din Rom\u00e2nia, zece ani \u00een Uniunea European\u0103 se pot vedea aproape zilnic, de la tinerii care au posibilitatea s\u0103 studieze, s\u0103 aib\u0103 experien\u0163e profesionale \u00een \u0163\u0103ri din Uniunea European\u0103 p\u00e2n\u0103 la primarul de comun\u0103 rural\u0103, care, cu fonduri europene, a reu\u015fit s\u0103 fac\u0103 pentru s\u0103teni un drum mai ac\u0103t\u0103rii&#8221;<\/em>, a spus\u00a0Dacian Ciolo\u015f, \u00eentr-un mesaj video postat pe pagina de Facebook a <a href=\"https:\/\/www.facebook.com\/reprezentanta.comisiei.europene.in.romania\/?fref=ts\" target=\"_blank\" data-skip-linkfix=\"1\" rel=\"noopener\">Reprezentan\u0163ei Comisiei Europene \u00een Rom\u00e2nia<\/a>.<\/p>\n<p data-index=\"5\">Premierul a declarat c\u0103 pentru el, aceast\u0103 perioad\u0103 a fost una \u201ede experien\u0163e foarte intense\u201d. Dacian Ciolo\u0219 a povestit cum \u0219i-a \u00eenceput cariera la Bruxelles de c\u00e2nd era student cu stagii de practic\u0103 \u00een ferme din alte \u021b\u0103ri ale Uniunii Europene.\u00a0<\/p>\n<p data-index=\"6\"><em>\u201ePentru mine, aceast\u0103 perioad\u0103 de zece ani a \u00eensemnat o perioad\u0103 de experien\u0163e foarte intense. A\u015f \u00eendr\u0103zni s\u0103 spun c\u0103 eu sunt \u00eentr-un fel sau altul, din punct de vedere profesional, produsul acestei apropieri \u015fi integr\u0103ri a Rom\u00e2niei \u00een Uniunea European\u0103. Am \u00eenceput \u00eenc\u0103 din perioada studen\u0163iei, c\u00e2nd, datorit\u0103 apropierii Rom\u00e2niei de Uniunea European\u0103, am avut posibilitatea s\u0103 fac stagii practice \u00een ferme din \u0163\u0103ri din Uniunea European\u0103, \u00een primul r\u00e2nd din Fran\u0163a, s\u0103 compar modul de a face agricultur\u0103 de acolo cu ceea ce se face la noi \u015fi s\u0103 pot s\u0103 \u00eembun\u0103t\u0103\u0163esc lucrurile din punct de vedere profesional, acas\u0103. Tot \u00een acea perioad\u0103 am avut ocazia s\u0103 cunosc a\u015fa-numitul Bruxelles cu institu\u0163iile europene din interior prin intermediul unui stagiu practic, pe care am putut s\u0103-l fac la Comisia European\u0103. Totodat\u0103, experien\u0163a din Rom\u00e2nia mi-a fost apoi util\u0103 pe perioada celor 5 ani, c\u00e2t am fost comisar european, practic reprezentantul Rom\u00e2niei \u00een ceea ce am putea numi \u00eentr-un anumit fel Guvernul Uniunii Europene, unde m-am ocupat de agricultur\u0103 \u015fi dezvoltare rural\u0103&#8221;,<\/em> a relatat Dacian Ciolo\u015f.<\/p>\n<p data-index=\"7\">\u00cen \u00eencheiere, premierul a subliniat c\u0103 politica agricol\u0103 comun\u0103 a fost reformat\u0103 \u015fi seam\u0103n\u0103 mai mult cu ceea ce rom\u00e2nii au nevoie pentru a-\u015fi dezvolta agricultura.<\/p>\n<p data-index=\"8\"><em>\u201eA fost perioada \u00een care am reformat politica agricol\u0103 comun\u0103 \u015fi am f\u0103cut-o ca ea s\u0103 semene mai bine cu ceea ce Rom\u00e2nia \u015fi rom\u00e2nii, \u00eentre altele, au nevoie pentru a-\u015fi dezvolta agricultura \u015fi pentru a-\u015fi dezvolta mediul rural. Mi-am dat seama c\u0103 modul cel mai eficient de a ajuta Rom\u00e2nia \u00een interiorul Uniunii Europene este s\u0103 po\u0163i s\u0103 ai aceast\u0103 deschidere de viziune \u015fi aceast\u0103 experien\u0163\u0103 care, \u00een mod clar, \u00eembog\u0103\u0163e\u015fte \u015fi ne face pe noi, rom\u00e2nii, s\u0103 fim mai con\u015ftien\u0163i de poten\u0163ialul pe care \u00eel avem \u015fi mai \u00eencrez\u0103tori de ceea ce putem face ca \u0163ar\u0103 \u00een Uniunea European\u0103&#8221;,<\/em> a conchis prim-ministrul.<\/p>\n<p data-index=\"9\">Dacian Ciolo\u015f a fost comisar european pentru agricultur\u0103 \u015fi dezvoltare rural\u0103 \u00een perioada 2010 &#8211; 2014, scrie <a href=\"http:\/\/www.news.ro\/\" target=\"_blank\" data-skip-linkfix=\"1\" rel=\"noopener\">News.ro<\/a>.<\/p>\n<p data-index=\"10\">Rom\u00e2nia s\u0103rb\u0103tore\u015fte, duminic\u0103, zece ani de la intrarea \u00een Uniunea European\u0103.\u00a0<\/p>\n<p data-index=\"11\">Aderarea Rom\u00e2niei la Uniunea European\u0103\u00a0a avut loc la 1 ianuarie 2007, odat\u0103 cu Bulgaria. Aceast\u0103 dat\u0103 a fost propus\u0103 la summitul de la Salonic\u00a0din anul 2003\u00a0\u015fi confirmat\u0103 la Bruxelles, \u00een iunie 2004. Rom\u00e2nia \u015fi Bulgaria au semnat Tratatul de aderare pe 25 aprilie 2005.<\/p>\n<p data-index=\"12\">Rom\u00e2nia a aderat la UE a avut loc dup\u0103 12 ani de la formularea solicit\u0103rii oficiale de intrare \u00een blocul comunitar. Negocierile de aderare cu Rom\u00e2nia au \u00eenceput \u00een februarie 2000 \u015fi s-au \u00eencheiat \u00een decembrie 2004, c\u00e2nd a fost confirmat\u0103 data ader\u0103rii.<\/p>\n<\/div>\n<p> Source URL: https:\/\/www.digi24.ro\/stiri\/actualitate\/politica\/dacian-ciolos-mesaj-la-10-ani-de-la-intrarea-in-ue-641751<\/p>\n","protected":false},"excerpt":{"rendered":"<p>Premierul Dacian Ciolo\u015f, fost comisar european, a declarat c\u0103 pentru Rom\u00e2nia cei zece ani de c\u00e2nd este \u00een Uniunea European\u0103 au \u00eensemnat \u201ezece ani de cre\u015ftere, de dezvoltare \u0219i de consolidare a democra\u0163iei\u201d. De asemenea, prim ministrul a precizat c\u0103 el este, din punct de vedere profesional, \u201eun produs\u201d al acestei apropieri \u015fi integr\u0103ri a [&hellip;]<\/p>\n","protected":false},"author":1,"featured_media":152129,"comment_status":"open","ping_status":"","sticky":false,"template":"","format":"standard","meta":{"footnotes":""},"categories":[2],"tags":[11],"class_list":["post-152128","post","type-post","status-publish","format-standard","has-post-thumbnail","hentry","category-politics","tag-digi24"],"_links":{"self":[{"href":"https:\/\/analyse.optim.biz\/index.php?rest_route=\/wp\/v2\/posts\/152128","targetHints":{"allow":["GET"]}}],"collection":[{"href":"https:\/\/analyse.optim.biz\/index.php?rest_route=\/wp\/v2\/posts"}],"about":[{"href":"https:\/\/analyse.optim.biz\/index.php?rest_route=\/wp\/v2\/types\/post"}],"author":[{"embeddable":true,"href":"https:\/\/analyse.optim.biz\/index.php?rest_route=\/wp\/v2\/users\/1"}],"replies":[{"embeddable":true,"href":"https:\/\/analyse.optim.biz\/index.php?rest_route=%2Fwp%2Fv2%2Fcomments&post=152128"}],"version-history":[{"count":0,"href":"https:\/\/analyse.optim.biz\/index.php?rest_route=\/wp\/v2\/posts\/152128\/revisions"}],"wp:featuredmedia":[{"embeddable":true,"href":"https:\/\/analyse.optim.biz\/index.php?rest_route=\/wp\/v2\/media\/152129"}],"wp:attachment":[{"href":"https:\/\/analyse.optim.biz\/index.php?rest_route=%2Fwp%2Fv2%2Fmedia&parent=152128"}],"wp:term":[{"taxonomy":"category","embeddable":true,"href":"https:\/\/analyse.optim.biz\/index.php?rest_route=%2Fwp%2Fv2%2Fcategories&post=152128"},{"taxonomy":"post_tag","embeddable":true,"href":"https:\/\/analyse.optim.biz\/index.php?rest_route=%2Fwp%2Fv2%2Ftags&post=152128"}],"curies":[{"name":"wp","href":"https:\/\/api.w.org\/{rel}","templated":true}]}}