{"id":1521272,"date":"2016-05-12T08:52:52","date_gmt":"2016-05-12T05:52:52","guid":{"rendered":"https:\/\/analyse.optim.biz\/?p=1521272"},"modified":"2016-05-12T08:52:52","modified_gmt":"2016-05-12T05:52:52","slug":"ploi-abundente-si-intensificari-ale-vantului-in-toata-tara-pana-vineri-seara","status":"publish","type":"post","link":"https:\/\/analyse.optim.biz\/?p=1521272","title":{"rendered":"Ploi abundente \u0219i intensific\u0103ri ale v\u00e2ntului \u00een toat\u0103 \u021bara, p\u00e2n\u0103 vineri sear\u0103"},"content":{"rendered":"<article id=\"post-4297\" class=\"post-4297 post type-post status-publish format-standard has-post-thumbnail hentry category-national category-recomandate tag-meteo tag-ploi tag-vant\">\n<div class=\"featured-image\"><a href=\"https:\/\/analyse.optim.biz\/wp-content\/uploads\/2026\/01\/furtuna-ploaie-umbrela1-1.jpg\" class=\"image-popup\"><img decoding=\"async\" width=\"600\" height=\"436\" src=\"https:\/\/analyse.optim.biz\/wp-content\/uploads\/2026\/01\/furtuna-ploaie-umbrela1-1.jpg\" class=\"attachment-colormag-featured-image size-colormag-featured-image wp-post-image\" loading=\"lazy\" title=\"furtuna-ploaie-umbrela1-1\"><\/a><\/div>\n<div class=\"article-content clearfix\">\n<div class=\"above-entry-meta\"><span class=\"cat-links\"><a href=\"http:\/\/www.ziaruldevaslui.ro\/national\/\" rel=\"category tag\">Na\u021bional<\/a>\u00a0<a href=\"http:\/\/www.ziaruldevaslui.ro\/recomandate\/\" rel=\"category tag\">RECOMANDATE<\/a>\u00a0<\/span><\/div>\n<header class=\"entry-header\">\n<h1 class=\"entry-title\">\n\t\t\t\tPloi abundente \u0219i intensific\u0103ri ale v\u00e2ntului \u00een toat\u0103 \u021bara, p\u00e2n\u0103 vineri sear\u0103\t\t\t<\/h1>\n<\/header>\n<div class=\"below-entry-meta\"><span class=\"posted-on\"><a href=\"http:\/\/www.ziaruldevaslui.ro\/ploi-abundente-si-intensificari-ale-vantului-in-toata-tara-pana-vineri-seara\/\" title=\"10:52\" rel=\"bookmark\"><time class=\"entry-date published updated\" datetime=\"2016-05-12T10:52:52+02:00\">12 mai 2016<\/time><\/a><\/span><span class=\"byline\"><span class=\"author vcard\"><a class=\"url fn n\" href=\"http:\/\/www.ziaruldevaslui.ro\/author\/admin\/\" title=\"Ziarul de Vaslui\"><br \/>\n\t\t\t\t\t\tZiarul de Vaslui\t\t\t\t\t<\/a><\/span><\/span><span class=\"comments\"><a href=\"http:\/\/www.ziaruldevaslui.ro\/ploi-abundente-si-intensificari-ale-vantului-in-toata-tara-pana-vineri-seara\/#respond\"> Niciun comentariu<\/a><\/span><span class=\"tag-links\"><a href=\"http:\/\/www.ziaruldevaslui.ro\/tag\/meteo\/\" rel=\"tag\">meteo<\/a>, <a href=\"http:\/\/www.ziaruldevaslui.ro\/tag\/ploi\/\" rel=\"tag\">ploi<\/a>, <a href=\"http:\/\/www.ziaruldevaslui.ro\/tag\/vant\/\" rel=\"tag\">vant<\/a><\/span><\/div>\n<div class=\"entry-content clearfix\">\n<p><strong>Administra\u021bia Na\u021bional\u0103 de Meteorologie (ANM) a emis o informare de ploi \u00eensemnate cantitativ \u0219i intensific\u0103ri ale v\u00e2ntului valabil\u0103 la nivelul \u00eentregii \u021b\u0103ri \u00eencep\u00e2nd de joi dup\u0103-amiaz\u0103 p\u00e2n\u0103 vineri sear\u0103.<\/strong><\/p>\n<p>Potrivit meteorologilor, \u00een intervalul 12 mai, ora 18,00 \u2014 13 mai, ora 21,00, vor fi perioade \u00een care instabilitatea atmosferic\u0103 va fi accentuat\u0103, vor fi averse, desc\u0103rc\u0103ri electrice, intensific\u0103ri ale v\u00e2ntului \u0219i condi\u021bii de grindin\u0103.<\/p>\n<p>Astfel de fenomene \u00ee\u0219i vor face apari\u021bia la \u00eenceputul intervalului \u00eendeosebi \u00een sud-vestul \u021b\u0103rii \u0219i la munte, \u00een noaptea de joi spre vineri (12\/13 mai) \u00een majoritatea regiunilor, iar vineri (13 mai) cu prec\u0103dere \u00een Moldova, Maramure\u0219 \u0219i \u00een zona montan\u0103. Cantit\u0103\u021bile de ap\u0103 vor dep\u0103\u0219i local 15 \u2014 20 de litri\/mp \u0219i izolat 30 \u2014 40 litri\/mp.<\/p>\n<p>Meteorologii precizeaz\u0103 c\u0103 pe parcursul zilelor de s\u00e2mb\u0103t\u0103 \u0219i duminic\u0103, instabilitatea atmosferic\u0103 va fi accentuat\u0103 \u00een regiunile intracarpatice, la deal \u0219i la munte.\u00a0\u00cen func\u021bie de evolu\u021bia \u0219i intensitatea fenomenelor meteorologice, ANM va actualiza informarea meteo.<\/p>\n<p>\u00a0<\/p>\n<aside class=\"mashsb-container mashsb-main \">\n<div class=\"mashsb-box\">\n<div class=\"mashsb-count mash-medium\">\n<div class=\"counts mashsbcount\">7<\/div>\n<p><span class=\"mashsb-sharetext\">SHARES<\/span><\/div>\n<div class=\"mashsb-buttons\"><a class=\"mashicon-facebook mash-medium mashsb-noshadow\" href=\"https:\/\/www.facebook.com\/sharer.php?u=http%3A%2F%2Fwww.ziaruldevaslui.ro%2Fploi-abundente-si-intensificari-ale-vantului-in-toata-tara-pana-vineri-seara%2F\" target=\"_top\" rel=\"nofollow\"><span class=\"text\">Share\u00a0pe\u00a0facebook<\/span><\/a><a class=\"mashicon-twitter mash-medium mashsb-noshadow\" href=\"https:\/\/twitter.com\/intent\/tweet?text=Ploi%20abundente%20%C8%99i%20intensific%C4%83ri%20ale%20v%C3%A2ntului%20%C3%AEn%20toat%C4%83%20%C8%9Bara%2C%20p%C3%A2n%C4%83%20vineri%20sear%C4%83&amp;url=http:\/\/www.ziaruldevaslui.ro\/?p=4297\" target=\"_top\" rel=\"nofollow\"><span class=\"text\">Share\u00a0pe\u00a0twitter<\/span><\/a><\/div>\n<\/div>\n<\/aside>\n<\/div>\n<\/div>\n<\/article>\n<div class=\"article-content clearfix\">\n<div class=\"above-entry-meta\"><span class=\"cat-links\"><a href=\"http:\/\/www.ziaruldevaslui.ro\/national\/\" rel=\"category tag\">Na\u021bional<\/a>\u00a0<a href=\"http:\/\/www.ziaruldevaslui.ro\/recomandate\/\" rel=\"category tag\">RECOMANDATE<\/a>\u00a0<\/span><\/div>\n<header class=\"entry-header\">\n<h1 class=\"entry-title\">\n\t\t\t\tPloi abundente \u0219i intensific\u0103ri ale v\u00e2ntului \u00een toat\u0103 \u021bara, p\u00e2n\u0103 vineri sear\u0103\t\t\t<\/h1>\n<\/header>\n<div class=\"below-entry-meta\"><span class=\"posted-on\"><a href=\"http:\/\/www.ziaruldevaslui.ro\/ploi-abundente-si-intensificari-ale-vantului-in-toata-tara-pana-vineri-seara\/\" title=\"10:52\" rel=\"bookmark\"><time class=\"entry-date published updated\" datetime=\"2016-05-12T10:52:52+02:00\">12 mai 2016<\/time><\/a><\/span><span class=\"byline\"><span class=\"author vcard\"><a class=\"url fn n\" href=\"http:\/\/www.ziaruldevaslui.ro\/author\/admin\/\" title=\"Ziarul de Vaslui\"><br \/>\n\t\t\t\t\t\tZiarul de Vaslui\t\t\t\t\t<\/a><\/span><\/span><span class=\"comments\"><a href=\"http:\/\/www.ziaruldevaslui.ro\/ploi-abundente-si-intensificari-ale-vantului-in-toata-tara-pana-vineri-seara\/#respond\"> Niciun comentariu<\/a><\/span><span class=\"tag-links\"><a href=\"http:\/\/www.ziaruldevaslui.ro\/tag\/meteo\/\" rel=\"tag\">meteo<\/a>, <a href=\"http:\/\/www.ziaruldevaslui.ro\/tag\/ploi\/\" rel=\"tag\">ploi<\/a>, <a href=\"http:\/\/www.ziaruldevaslui.ro\/tag\/vant\/\" rel=\"tag\">vant<\/a><\/span><\/div>\n<div class=\"entry-content clearfix\">\n<p><strong>Administra\u021bia Na\u021bional\u0103 de Meteorologie (ANM) a emis o informare de ploi \u00eensemnate cantitativ \u0219i intensific\u0103ri ale v\u00e2ntului valabil\u0103 la nivelul \u00eentregii \u021b\u0103ri \u00eencep\u00e2nd de joi dup\u0103-amiaz\u0103 p\u00e2n\u0103 vineri sear\u0103.<\/strong><\/p>\n<p>Potrivit meteorologilor, \u00een intervalul 12 mai, ora 18,00 \u2014 13 mai, ora 21,00, vor fi perioade \u00een care instabilitatea atmosferic\u0103 va fi accentuat\u0103, vor fi averse, desc\u0103rc\u0103ri electrice, intensific\u0103ri ale v\u00e2ntului \u0219i condi\u021bii de grindin\u0103.<\/p>\n<p>Astfel de fenomene \u00ee\u0219i vor face apari\u021bia la \u00eenceputul intervalului \u00eendeosebi \u00een sud-vestul \u021b\u0103rii \u0219i la munte, \u00een noaptea de joi spre vineri (12\/13 mai) \u00een majoritatea regiunilor, iar vineri (13 mai) cu prec\u0103dere \u00een Moldova, Maramure\u0219 \u0219i \u00een zona montan\u0103. Cantit\u0103\u021bile de ap\u0103 vor dep\u0103\u0219i local 15 \u2014 20 de litri\/mp \u0219i izolat 30 \u2014 40 litri\/mp.<\/p>\n<p>Meteorologii precizeaz\u0103 c\u0103 pe parcursul zilelor de s\u00e2mb\u0103t\u0103 \u0219i duminic\u0103, instabilitatea atmosferic\u0103 va fi accentuat\u0103 \u00een regiunile intracarpatice, la deal \u0219i la munte.\u00a0\u00cen func\u021bie de evolu\u021bia \u0219i intensitatea fenomenelor meteorologice, ANM va actualiza informarea meteo.<\/p>\n<p>\u00a0<\/p>\n<aside class=\"mashsb-container mashsb-main \">\n<div class=\"mashsb-box\">\n<div class=\"mashsb-count mash-medium\">\n<div class=\"counts mashsbcount\">7<\/div>\n<p><span class=\"mashsb-sharetext\">SHARES<\/span><\/div>\n<div class=\"mashsb-buttons\"><a class=\"mashicon-facebook mash-medium mashsb-noshadow\" href=\"https:\/\/www.facebook.com\/sharer.php?u=http%3A%2F%2Fwww.ziaruldevaslui.ro%2Fploi-abundente-si-intensificari-ale-vantului-in-toata-tara-pana-vineri-seara%2F\" target=\"_top\" rel=\"nofollow\"><span class=\"text\">Share\u00a0pe\u00a0facebook<\/span><\/a><a class=\"mashicon-twitter mash-medium mashsb-noshadow\" href=\"https:\/\/twitter.com\/intent\/tweet?text=Ploi%20abundente%20%C8%99i%20intensific%C4%83ri%20ale%20v%C3%A2ntului%20%C3%AEn%20toat%C4%83%20%C8%9Bara%2C%20p%C3%A2n%C4%83%20vineri%20sear%C4%83&amp;url=http:\/\/www.ziaruldevaslui.ro\/?p=4297\" target=\"_top\" rel=\"nofollow\"><span class=\"text\">Share\u00a0pe\u00a0twitter<\/span><\/a><\/div>\n<\/div>\n<\/aside>\n<\/div>\n<\/div>\n<div class=\"entry-content clearfix\">\n<p><strong>Administra\u021bia Na\u021bional\u0103 de Meteorologie (ANM) a emis o informare de ploi \u00eensemnate cantitativ \u0219i intensific\u0103ri ale v\u00e2ntului valabil\u0103 la nivelul \u00eentregii \u021b\u0103ri \u00eencep\u00e2nd de joi dup\u0103-amiaz\u0103 p\u00e2n\u0103 vineri sear\u0103.<\/strong><\/p>\n<p>Potrivit meteorologilor, \u00een intervalul 12 mai, ora 18,00 \u2014 13 mai, ora 21,00, vor fi perioade \u00een care instabilitatea atmosferic\u0103 va fi accentuat\u0103, vor fi averse, desc\u0103rc\u0103ri electrice, intensific\u0103ri ale v\u00e2ntului \u0219i condi\u021bii de grindin\u0103.<\/p>\n<p>Astfel de fenomene \u00ee\u0219i vor face apari\u021bia la \u00eenceputul intervalului \u00eendeosebi \u00een sud-vestul \u021b\u0103rii \u0219i la munte, \u00een noaptea de joi spre vineri (12\/13 mai) \u00een majoritatea regiunilor, iar vineri (13 mai) cu prec\u0103dere \u00een Moldova, Maramure\u0219 \u0219i \u00een zona montan\u0103. Cantit\u0103\u021bile de ap\u0103 vor dep\u0103\u0219i local 15 \u2014 20 de litri\/mp \u0219i izolat 30 \u2014 40 litri\/mp.<\/p>\n<p>Meteorologii precizeaz\u0103 c\u0103 pe parcursul zilelor de s\u00e2mb\u0103t\u0103 \u0219i duminic\u0103, instabilitatea atmosferic\u0103 va fi accentuat\u0103 \u00een regiunile intracarpatice, la deal \u0219i la munte.\u00a0\u00cen func\u021bie de evolu\u021bia \u0219i intensitatea fenomenelor meteorologice, ANM va actualiza informarea meteo.<\/p>\n<p>\u00a0<\/p>\n<aside class=\"mashsb-container mashsb-main \">\n<div class=\"mashsb-box\">\n<div class=\"mashsb-count mash-medium\">\n<div class=\"counts mashsbcount\">7<\/div>\n<p><span class=\"mashsb-sharetext\">SHARES<\/span><\/div>\n<div class=\"mashsb-buttons\"><a class=\"mashicon-facebook mash-medium mashsb-noshadow\" href=\"https:\/\/www.facebook.com\/sharer.php?u=http%3A%2F%2Fwww.ziaruldevaslui.ro%2Fploi-abundente-si-intensificari-ale-vantului-in-toata-tara-pana-vineri-seara%2F\" target=\"_top\" rel=\"nofollow\"><span class=\"text\">Share\u00a0pe\u00a0facebook<\/span><\/a><a class=\"mashicon-twitter mash-medium mashsb-noshadow\" href=\"https:\/\/twitter.com\/intent\/tweet?text=Ploi%20abundente%20%C8%99i%20intensific%C4%83ri%20ale%20v%C3%A2ntului%20%C3%AEn%20toat%C4%83%20%C8%9Bara%2C%20p%C3%A2n%C4%83%20vineri%20sear%C4%83&amp;url=http:\/\/www.ziaruldevaslui.ro\/?p=4297\" target=\"_top\" rel=\"nofollow\"><span class=\"text\">Share\u00a0pe\u00a0twitter<\/span><\/a><\/div>\n<\/div>\n<\/aside>\n<\/div>\n<div class=\"article-content\">\n<h3 class=\"entry-title\"><a href=\"http:\/\/www.ziaruldevaslui.ro\/incepand-din-aceasta-luna-igsu-aplica-sanctiuni-celor-care-nu-detin-autorizatie-de-securitate-la-incendiu\/\" rel=\"bookmark\" title=\"\u00cencep\u00e2nd din aceast\u0103 lun\u0103, IGSU aplic\u0103 sanc\u021biuni celor care nu de\u021bin autoriza\u021bie de securitate la incendiu\"><br \/>\n\t\t\t\t\t\t\t\t\u00cencep\u00e2nd din aceast\u0103 lun\u0103, IGSU aplic\u0103 sanc\u021biuni celor care nu de\u021bin autoriza\u021bie de securitate la incendiu\t\t\t\t\t\t\t<\/a><\/h3>\n<div class=\"below-entry-meta\"><span class=\"posted-on\"><a href=\"http:\/\/www.ziaruldevaslui.ro\/incepand-din-aceasta-luna-igsu-aplica-sanctiuni-celor-care-nu-detin-autorizatie-de-securitate-la-incendiu\/\" title=\"08:29\" rel=\"bookmark\"><time class=\"entry-date published updated\" datetime=\"2017-10-05T08:29:18+02:00\">5 octombrie 2017<\/time><\/a><\/span><span class=\"byline\"><span class=\"author vcard\"><a class=\"url fn n\" href=\"http:\/\/www.ziaruldevaslui.ro\/author\/admin\/\" title=\"Ziarul de Vaslui\"><br \/>\n\t\t\t\t\t\tZiarul de Vaslui\t\t\t\t\t<\/a><\/span><\/span><span class=\"comments\"><a href=\"http:\/\/www.ziaruldevaslui.ro\/incepand-din-aceasta-luna-igsu-aplica-sanctiuni-celor-care-nu-detin-autorizatie-de-securitate-la-incendiu\/#respond\">0<\/a><\/span><\/div>\n<\/div>\n<div class=\"article-content\">\n<h3 class=\"entry-title\"><a href=\"http:\/\/www.ziaruldevaslui.ro\/curti-si-anexe-gospodaresti-inundate-la-dumesti-huc-puiesti-rafaila-si-micesti\/\" rel=\"bookmark\" title=\"Cur\u0163i \u015fi anexe gospod\u0103re\u015fti inundate la Dume\u015fti, Huc, Puie\u015fti, Rafaila \u015fi Mice\u015fti\"><br \/>\n\t\t\t\t\t\t\t\tCur\u0163i \u015fi anexe gospod\u0103re\u015fti inundate la Dume\u015fti, Huc, Puie\u015fti, Rafaila \u015fi Mice\u015fti\t\t\t\t\t\t\t<\/a><\/h3>\n<div class=\"below-entry-meta\"><span class=\"posted-on\"><a href=\"http:\/\/www.ziaruldevaslui.ro\/curti-si-anexe-gospodaresti-inundate-la-dumesti-huc-puiesti-rafaila-si-micesti\/\" title=\"09:02\" rel=\"bookmark\"><time class=\"entry-date published updated\" datetime=\"2016-06-03T09:02:32+02:00\">3 iunie 2016<\/time><\/a><\/span><span class=\"byline\"><span class=\"author vcard\"><a class=\"url fn n\" href=\"http:\/\/www.ziaruldevaslui.ro\/author\/rodan-mihai\/\" title=\"Mihai Rodan\"><br \/>\n\t\t\t\t\t\tMihai Rodan\t\t\t\t\t<\/a><\/span><\/span><span class=\"comments\"><a href=\"http:\/\/www.ziaruldevaslui.ro\/curti-si-anexe-gospodaresti-inundate-la-dumesti-huc-puiesti-rafaila-si-micesti\/#respond\">0<\/a><\/span><\/div>\n<\/div>\n<div class=\"article-content\">\n<h3 class=\"entry-title\"><a href=\"http:\/\/www.ziaruldevaslui.ro\/tineri-si-hoti-au-furat-materiale-de-constructie-din-onesti\/\" rel=\"bookmark\" title=\"Tineri \u0219i ho\u021bi! Au furat materiale de construc\u021bie din One\u0219ti\"><br \/>\n\t\t\t\t\t\t\t\tTineri \u0219i ho\u021bi! Au furat materiale de construc\u021bie din One\u0219ti\t\t\t\t\t\t\t<\/a><\/h3>\n<div class=\"below-entry-meta\"><span class=\"posted-on\"><a href=\"http:\/\/www.ziaruldevaslui.ro\/tineri-si-hoti-au-furat-materiale-de-constructie-din-onesti\/\" title=\"17:15\" rel=\"bookmark\"><time class=\"entry-date published\" datetime=\"2023-01-26T17:15:12+02:00\">26 ianuarie 2023<\/time><time class=\"updated\" datetime=\"2023-01-26T17:15:13+02:00\">26 ianuarie 2023<\/time><\/a><\/span><span class=\"byline\"><span class=\"author vcard\"><a class=\"url fn n\" href=\"http:\/\/www.ziaruldevaslui.ro\/author\/admin\/\" title=\"Ziarul de Vaslui\"><br \/>\n\t\t\t\t\t\tZiarul de Vaslui\t\t\t\t\t<\/a><\/span><\/span><\/div>\n<\/div>\n<div class=\"article-content\">\n<div class=\"above-entry-meta\"><span class=\"cat-links\"><a href=\"http:\/\/www.ziaruldevaslui.ro\/local\/\" rel=\"category tag\">Local<\/a>\u00a0<a href=\"http:\/\/www.ziaruldevaslui.ro\/tabloul-principal\/\" rel=\"category tag\">NOUT\u0102\u021aI<\/a>\u00a0<a href=\"http:\/\/www.ziaruldevaslui.ro\/opinii\/\" rel=\"category tag\">Opinii<\/a>\u00a0<\/span><\/div>\n<h3 class=\"entry-title\"><a href=\"http:\/\/www.ziaruldevaslui.ro\/stand-up-comedy-cu-ionel-sandu-de-la-aur-spatiile-pentru-copiii-cu-autism-sunt-bazaconii\/\" title=\"Stand Up Comedy cu Ionel Sandu, candidat AUR: spa\u021biile pentru copiii cu autism sunt \u201ebazaconii\u201d\"><br \/>\n\t\t\t\tStand Up Comedy cu Ionel Sandu, candidat AUR: spa\u021biile pentru copiii cu autism sunt \u201ebazaconii\u201d\t\t\t<\/a><\/h3>\n<div class=\"below-entry-meta\"><span class=\"posted-on\"><a href=\"http:\/\/www.ziaruldevaslui.ro\/stand-up-comedy-cu-ionel-sandu-de-la-aur-spatiile-pentru-copiii-cu-autism-sunt-bazaconii\/\" title=\"22:46\" rel=\"bookmark\"><time class=\"entry-date published\" datetime=\"2024-03-14T22:46:43+02:00\">14 martie 2024<\/time><time class=\"updated\" datetime=\"2024-03-15T08:54:58+02:00\">15 martie 2024<\/time><\/a><\/span><span class=\"byline\"><span class=\"author vcard\"><a class=\"url fn n\" href=\"http:\/\/www.ziaruldevaslui.ro\/author\/admin\/\" title=\"Ziarul de Vaslui\"><br \/>\n\t\t\t\t\tZiarul de Vaslui\t\t\t\t<\/a><\/span><\/span><\/div>\n<div class=\"entry-content\">\n<p>Ini\u021bial am crezut c\u0103 Ionel Sandu s-a apucat de Stand Up Comedy. Cu afacerile nu st\u0103 extraordinar, cu politica nici<\/p>\n<\/div>\n<\/div>\n<div class=\"entry-content\">\n<p>Ini\u021bial am crezut c\u0103 Ionel Sandu s-a apucat de Stand Up Comedy. Cu afacerile nu st\u0103 extraordinar, cu politica nici<\/p>\n<\/div>\n<div class=\"article-content\">\n<div class=\"above-entry-meta\"><span class=\"cat-links\"><a href=\"http:\/\/www.ziaruldevaslui.ro\/literatura\/\" rel=\"category tag\">Literatur\u0103<\/a>\u00a0<a href=\"http:\/\/www.ziaruldevaslui.ro\/magazin\/\" rel=\"category tag\">Magazin<\/a>\u00a0<a href=\"http:\/\/www.ziaruldevaslui.ro\/opinii\/\" rel=\"category tag\">Opinii<\/a>\u00a0<\/span><\/div>\n<h3 class=\"entry-title\"><a href=\"http:\/\/www.ziaruldevaslui.ro\/pledoarie-pentru-o-carte-pe-zi\/\" title=\"Pledoarie pentru \u2026 o carte pe zi\"><br \/>\n\t\t\t\tPledoarie pentru \u2026 o carte pe zi\t\t\t<\/a><\/h3>\n<div class=\"below-entry-meta\"><span class=\"posted-on\"><a href=\"http:\/\/www.ziaruldevaslui.ro\/pledoarie-pentru-o-carte-pe-zi\/\" title=\"09:48\" rel=\"bookmark\"><time class=\"entry-date published\" datetime=\"2021-11-13T09:48:23+02:00\">13 noiembrie 2021<\/time><time class=\"updated\" datetime=\"2022-05-04T20:22:06+02:00\">4 mai 2022<\/time><\/a><\/span><span class=\"byline\"><span class=\"author vcard\"><a class=\"url fn n\" href=\"http:\/\/www.ziaruldevaslui.ro\/author\/admin\/\" title=\"Ziarul de Vaslui\"><br \/>\n\t\t\t\t\tZiarul de Vaslui\t\t\t\t<\/a><\/span><\/span><\/div>\n<\/div>\n<div class=\"article-content\">\n<div class=\"above-entry-meta\"><span class=\"cat-links\"><a href=\"http:\/\/www.ziaruldevaslui.ro\/local\/\" rel=\"category tag\">Local<\/a>\u00a0<a href=\"http:\/\/www.ziaruldevaslui.ro\/tabloul-principal\/\" rel=\"category tag\">NOUT\u0102\u021aI<\/a>\u00a0<a href=\"http:\/\/www.ziaruldevaslui.ro\/oameni-si-locuri\/\" rel=\"category tag\">Oameni si locuri<\/a>\u00a0<a href=\"http:\/\/www.ziaruldevaslui.ro\/opinii\/\" rel=\"category tag\">Opinii<\/a>\u00a0<\/span><\/div>\n<h3 class=\"entry-title\"><a href=\"http:\/\/www.ziaruldevaslui.ro\/vasluianca-madalina-tudorache-admisa-ca-doctorand-la-oxford-interviu\/\" title=\"Vasluianca M\u0103d\u0103lina Tudorache, admis\u0103 ca doctorand la Oxford\"><br \/>\n\t\t\t\tVasluianca M\u0103d\u0103lina Tudorache, admis\u0103 ca doctorand la Oxford\t\t\t<\/a><\/h3>\n<div class=\"below-entry-meta\"><span class=\"posted-on\"><a href=\"http:\/\/www.ziaruldevaslui.ro\/vasluianca-madalina-tudorache-admisa-ca-doctorand-la-oxford-interviu\/\" title=\"09:24\" rel=\"bookmark\"><time class=\"entry-date published\" datetime=\"2020-07-21T09:24:55+02:00\">21 iulie 2020<\/time><time class=\"updated\" datetime=\"2021-12-15T08:32:02+02:00\">15 decembrie 2021<\/time><\/a><\/span><span class=\"byline\"><span class=\"author vcard\"><a class=\"url fn n\" href=\"http:\/\/www.ziaruldevaslui.ro\/author\/admin\/\" title=\"Ziarul de Vaslui\"><br \/>\n\t\t\t\t\tZiarul de Vaslui\t\t\t\t<\/a><\/span><\/span><\/div>\n<\/div>\n<div class=\"article-content\">\n<div class=\"above-entry-meta\"><span class=\"cat-links\"><a href=\"http:\/\/www.ziaruldevaslui.ro\/local\/\" rel=\"category tag\">Local<\/a>\u00a0<a href=\"http:\/\/www.ziaruldevaslui.ro\/tabloul-principal\/\" rel=\"category tag\">NOUT\u0102\u021aI<\/a>\u00a0<a href=\"http:\/\/www.ziaruldevaslui.ro\/oameni-si-locuri\/\" rel=\"category tag\">Oameni si locuri<\/a>\u00a0<a href=\"http:\/\/www.ziaruldevaslui.ro\/opinii\/\" rel=\"category tag\">Opinii<\/a>\u00a0<\/span><\/div>\n<h3 class=\"entry-title\"><a href=\"http:\/\/www.ziaruldevaslui.ro\/manifestul-unui-eleve-de-clasa-a-12-a-din-vaslui-cel-mai-mare-vis-al-nostru-era-sa-imbracam-roba\/\" title=\"Manifestul unei eleve de clasa a 12-a din Vaslui: \u201eCel mai mare vis al nostru era s\u0103 \u00eembr\u0103c\u0103m roba\u201d\"><br \/>\n\t\t\t\tManifestul unei eleve de clasa a 12-a din Vaslui: \u201eCel mai mare vis al nostru era s\u0103 \u00eembr\u0103c\u0103m roba\u201d\t\t\t<\/a><\/h3>\n<div class=\"below-entry-meta\"><span class=\"posted-on\"><a href=\"http:\/\/www.ziaruldevaslui.ro\/manifestul-unui-eleve-de-clasa-a-12-a-din-vaslui-cel-mai-mare-vis-al-nostru-era-sa-imbracam-roba\/\" title=\"21:33\" rel=\"bookmark\"><time class=\"entry-date published\" datetime=\"2020-05-02T21:33:04+02:00\">2 mai 2020<\/time><time class=\"updated\" datetime=\"2020-05-03T18:03:27+02:00\">3 mai 2020<\/time><\/a><\/span><span class=\"byline\"><span class=\"author vcard\"><a class=\"url fn n\" href=\"http:\/\/www.ziaruldevaslui.ro\/author\/admin\/\" title=\"Ziarul de Vaslui\"><br \/>\n\t\t\t\t\tZiarul de Vaslui\t\t\t\t<\/a><\/span><\/span><\/div>\n<\/div>\n<p> Source URL: http:\/\/www.ziaruldevaslui.ro\/ploi-abundente-si-intensificari-ale-vantului-in-toata-tara-pana-vineri-seara\/<\/p>\n","protected":false},"excerpt":{"rendered":"<p>Na\u021bional\u00a0RECOMANDATE\u00a0 Ploi abundente \u0219i intensific\u0103ri ale v\u00e2ntului \u00een toat\u0103 \u021bara, p\u00e2n\u0103 vineri sear\u0103 12 mai 2016 Ziarul de Vaslui Niciun comentariumeteo, ploi, vant Administra\u021bia Na\u021bional\u0103 de Meteorologie (ANM) a emis o informare de ploi \u00eensemnate cantitativ \u0219i intensific\u0103ri ale v\u00e2ntului valabil\u0103 la nivelul \u00eentregii \u021b\u0103ri \u00eencep\u00e2nd de joi dup\u0103-amiaz\u0103 p\u00e2n\u0103 vineri sear\u0103. Potrivit meteorologilor, \u00een [&hellip;]<\/p>\n","protected":false},"author":1,"featured_media":1521277,"comment_status":"open","ping_status":"","sticky":false,"template":"","format":"standard","meta":{"footnotes":""},"categories":[89],"tags":[218],"class_list":["post-1521272","post","type-post","status-publish","format-standard","has-post-thumbnail","hentry","category-romania","tag-ziaruldevaslui-ro"],"_links":{"self":[{"href":"https:\/\/analyse.optim.biz\/index.php?rest_route=\/wp\/v2\/posts\/1521272","targetHints":{"allow":["GET"]}}],"collection":[{"href":"https:\/\/analyse.optim.biz\/index.php?rest_route=\/wp\/v2\/posts"}],"about":[{"href":"https:\/\/analyse.optim.biz\/index.php?rest_route=\/wp\/v2\/types\/post"}],"author":[{"embeddable":true,"href":"https:\/\/analyse.optim.biz\/index.php?rest_route=\/wp\/v2\/users\/1"}],"replies":[{"embeddable":true,"href":"https:\/\/analyse.optim.biz\/index.php?rest_route=%2Fwp%2Fv2%2Fcomments&post=1521272"}],"version-history":[{"count":0,"href":"https:\/\/analyse.optim.biz\/index.php?rest_route=\/wp\/v2\/posts\/1521272\/revisions"}],"wp:featuredmedia":[{"embeddable":true,"href":"https:\/\/analyse.optim.biz\/index.php?rest_route=\/wp\/v2\/media\/1521277"}],"wp:attachment":[{"href":"https:\/\/analyse.optim.biz\/index.php?rest_route=%2Fwp%2Fv2%2Fmedia&parent=1521272"}],"wp:term":[{"taxonomy":"category","embeddable":true,"href":"https:\/\/analyse.optim.biz\/index.php?rest_route=%2Fwp%2Fv2%2Fcategories&post=1521272"},{"taxonomy":"post_tag","embeddable":true,"href":"https:\/\/analyse.optim.biz\/index.php?rest_route=%2Fwp%2Fv2%2Ftags&post=1521272"}],"curies":[{"name":"wp","href":"https:\/\/api.w.org\/{rel}","templated":true}]}}