{"id":152125,"date":"2017-01-01T16:38:10","date_gmt":"2017-01-01T13:38:10","guid":{"rendered":"https:\/\/analyse.optim.biz\/?p=152125"},"modified":"2017-01-01T16:38:10","modified_gmt":"2017-01-01T13:38:10","slug":"10-ani-in-ue-ion-iliescu-succesul-ue-vital-pentru-reducerea-decalajelor-care-separa-romania-de-occident","status":"publish","type":"post","link":"https:\/\/analyse.optim.biz\/?p=152125","title":{"rendered":"10 ani \u00een UE | Ion Iliescu: Succesul UE, vital pentru reducerea decalajelor care separ\u0103 Rom\u00e2nia de Occident"},"content":{"rendered":"<div class=\"entry data-app-meta data-app-meta-article\" data-embed-base-url-canonical=\"https:\/\/www.digi24.ro\/embed\/stiri\/actualitate\/politica\/10-ani-in-ue-ion-iliescu-succesul-ue-vital-pentru-reducerea-decalajelor-care-separa-romania-de-occident-641836\">\n<p data-index=\"1\"><strong><span><span><span><span lang=\"ro-RO\">Rom\u00e2nia s\u0103rb\u0103tore\u015fte, duminic\u0103, zece ani de la intrarea \u00een Uniunea European\u0103.<\/span><\/span><\/span><\/span><span lang=\"en-US\">Cu aceast<\/span><span lang=\"ro-RO\">\u0103 ocazie, mai mul\u021bi politicieni au adresat mesaje rom\u00e2nilor.<\/span><\/strong><\/p>\n<p data-index=\"2\"><img loading=\"lazy\" decoding=\"async\" class=\"alignnone size-full wp-image-641840\" src=\"https:\/\/analyse.optim.biz\/wp-content\/uploads\/2024\/09\/nzzjyznlmdnknwi3otm1owq0mmfkyjvhztcymdq-thumb_.jpg\" alt=\"ion iliescu digi\" width=\"915\" height=\"532\" data-skip-htmlfix=\"1\" title=\"nzzjyznlmdnknwi3otm1owq0mmfkyjvhztcymdq-thumb_\"><\/p>\n<p data-index=\"3\">Fostul pre\u015fedinte Ion Iliescu sus\u0163ine, \u00eentr-o postare pe blogul s\u0103u, c\u0103 pentru rom\u00e2ni succesul Uniunii Europene este \u201cvital\u201d pentru dezvoltare \u015fi pentru reducerea decalajelor care ne separ\u0103 de Occident, el exprim\u00e2ndu-\u015fi speran\u0163a c\u0103 noua guvernare va face o prioritate din integrarea european\u0103.<\/p>\n<p data-index=\"4\">\u201cAnul de care ne desp\u0103r\u0163im a fost un an marcat de multe crize, at\u00e2t \u00een plan politic, c\u00e2t \u015fi social, de accentuarea unor fenomene economice nedorite, at\u00e2t la noi, c\u00e2t \u015fi \u00een s\u00e2nul Uniunii Europene, de care Rom\u00e2nia \u015fi-a legat destinul acum zece ani. Pentru noi, rom\u00e2nii, succesul Uniunii este vital pentru dezvoltare, pentru reducerea decalajelor care ne separ\u0103 de occident, pentru cre\u015fterea bun\u0103st\u0103rii. Sper ca noua guvernare s\u0103 fac\u0103, \u00een sf\u00e2r\u015fit, o prioritate din integrarea european\u0103\u201d, a scris Ion Iliescu citat de <a href=\"http:\/\/www.news.ro\/\" target=\"_blank\" data-skip-linkfix=\"1\" rel=\"noopener\">News.ro<\/a>.<\/p>\n<p data-index=\"5\">Totodat\u0103, pre\u015fedintele de onoare al PSD le-a transmis rom\u00e2nilor ca Noul An s\u0103 le aduc\u0103 \u201c\u00eemplinirea speran\u0163elor de mai bine\u201d.<\/p>\n<p data-index=\"6\">\u201cCu ocazia Noului An v\u0103 urez mult\u0103 s\u0103n\u0103tate, fericire \u015fi un an mai bun! Fie ca Noul An s\u0103 aduc\u0103 \u00eemplinirea speran\u0163elor de mai bine tuturor rom\u00e2nilor! La mul\u0163i ani!\u201d, a conchis Ion Iliescu.\u00a0<\/p>\n<p data-index=\"7\">Pre\u015fedintele Camerei Deputa\u0163ilor, <strong>Liviu Dragnea<\/strong>, a afirmat duminic\u0103, \u00eentr-o postare pe Facebook, c\u0103 Rom\u00e2nia a fost un membru \u201edevotat, respectuos \u015fi civilizat\u201d al UE, iar parcursul european al \u0163\u0103rii noastre trebuie s\u0103 continue, dar \u201cnu trebuie s\u0103 mai fim doar contributori, ci \u015fi beneficiarii avantajelor de a fi stat european\u201d.<\/p>\n<p data-index=\"8\">\u201cIntegrarea Rom\u00e2niei \u00een Uniunea European\u0103 este una din cele mai mari realiz\u0103ri istorice ale poporului rom\u00e2n. Au trecut zece ani de atunci. \u00cen tot acest timp, Rom\u00e2nia a fost un membru devotat, respectuos \u015fi civilizat al clubului european, cu at\u00e2t mai mult cu c\u00e2t Europa a traversat o perioad\u0103 dificil\u0103. Tradi\u0163ia european\u0103 a \u0163\u0103rii noastre \u015fi puterea noastr\u0103 ca popor \u015fi-au spus cuv\u00e2ntul \u00een asigurarea stabilit\u0103\u0163ii regionale \u015fi \u00een adoptarea normelor europene. \u00cen Uniunea European\u0103, rom\u00e2nii au dovedit c\u0103 sunt europeni\u201d, a scris Liviu Dragnea.<\/p>\n<p data-index=\"9\">Liderul PSD a \u0163inut s\u0103 precizeze c\u0103 \u201cparcursul european al Rom\u00e2niei trebuie s\u0103 continue\u201d, dar \u201cnu trebuie s\u0103 mai fim doar contributori, ci \u015fi beneficiarii avantajelor de a fi stat european\u201d.<\/p>\n<p data-index=\"10\">\u201cCeea ce s-a \u00eent\u00e2mplat \u00een 2016 \u00een niciun caz nu trebuie s\u0103 se mai \u00eent\u00e2mple! Atragerea de fonduri europene va fi o prioritate a guvern\u0103rii PSD. Ca parte a marii familii europene, va trebui s\u0103 profit\u0103m la maxim de drepturile noastre, pentru a relansa investi\u0163iile, pilonul esen\u0163ial al cre\u015fterii economice sustenabile\u201d, a completat Dragnea.<\/p>\n<p data-index=\"11\">Pre\u015fedintele social-democra\u0163ilor a sus\u0163inut c\u0103 \u201c2017 trebuie s\u0103 fie un an al implic\u0103rii energice \u00een politica european\u0103 \u015fi, implicit, al intensific\u0103rii eforturilor pentru accederea, cu drepturi depline, \u00een Spa\u0163iul Schengen\u201d.<\/p>\n<p data-index=\"12\">Liviu Dragnea \u00ee\u015fi \u00eencheie postarea ur\u00e2nd \u201cLa mul\u0163i ani, Rom\u00e2nia european\u0103!\u201d.<\/p>\n<p data-index=\"13\">Consilierul preziden\u0163ial <strong>Leonard Orban<\/strong> a afirmat duminic\u0103, la \u00eemplinirea a 10 ani de la aderarea Rom\u00e2niei la UE, c\u0103 \u0163ara noastr\u0103 a fost subiectul unor transform\u0103ri majore \u00een beneficiul rom\u00e2nilor, iar direc\u0163ia pe care merge este una benefic\u0103 \u015fi ne va permite \u00een continuare s\u0103 ne consolid\u0103m ca stat.<\/p>\n<p data-index=\"14\">\u201cAnivers\u0103m 10 ani de la aderarea Rom\u00e2niei la UE. \u00cen aceast\u0103 perioad\u0103, Rom\u00e2nia a fost subiectul unor transform\u0103ri majore. Dup\u0103 p\u0103rerea mea, toate \u00een beneficiul cet\u0103\u0163enilor rom\u00e2ni. Am avut \u015fansa s\u0103 contribui, \u00eentr-o oarecare m\u0103sur\u0103, la aderarea Rom\u00e2niei la UE. Am fost negociator adjunct, apoi negociator \u015fef. Dac\u0103 m\u0103 uit acum retrospectiv, \u00eemi dau seama c\u0103 \u00eentr-o serie \u00eentreag\u0103 de domenii am realizat mai mult dec\u00e2t ne a\u015fteptam s\u0103 realiz\u0103m la acel moment\u201d, a precizat Orban, \u00eentr-un mesaj video postat pe pagina de Facebook a Reprezentan\u0163ei Comisiei Europene \u00een Rom\u00e2nia.<\/p>\n<p data-index=\"15\">Consilierul preziden\u0163ial a reamintit faptul c\u0103 a fost primul comisar european din partea Rom\u00e2niei, precum \u015fi ministru al Afacerilor Europene.<\/p>\n<p data-index=\"16\">\u201cAm avut onoarea s\u0103 fiu primul comisar rom\u00e2n \u00een istoria UE. Am fost de asemenea ministru al Afacerilor Europene. \u00cen aceast\u0103 calitate am putut s\u0103 gestionez o serie \u00eentreag\u0103 de dosare \u00een care Rom\u00e2nia a putut s\u0103 influen\u0163eze decizia la nivel european. O s\u0103 v\u0103 dau un singur exemplu, bugetul pentru perioada 2014 \u2013 2020, bugetul UE, unde Rom\u00e2nia a reu\u015fit s\u0103 ob\u0163in\u0103 nu numai sume consistente pentru dezvoltare at\u00e2t pentru politica de coeziune, c\u00e2t \u015fi pentru politica agricol\u0103 comun\u0103, dar \u015fi a reu\u015fit s\u0103 ob\u0163in\u0103 ni\u015fte solu\u0163ii favorabile pentru accelerarea \u015fi consolidarea absorb\u0163iei fondurilor europene\u201d, a subliniat Leonard Orban.<\/p>\n<p data-index=\"17\">\u00cen \u00eencheierea mesajului, fostul comisar european a sus\u0163inut c\u0103 \u201cdirec\u0163ia pe care merge (Rom\u00e2nia n.r.) este una benefic\u0103, este una care ne va permite \u00een continuare s\u0103 ne consolid\u0103m ca stat \u015fi va permite cet\u0103\u0163enilor rom\u00e2ni s\u0103 fie din ce \u00een ce mai prosperi \u015fi din ce mai siguri \u015fi mai optimi\u015fti cu privire la viitorul lor. \u201d<\/p>\n<p data-index=\"18\">Leonard Orban a fost primul comisar european din partea Rom\u00e2niei \u00een perioada 2007 \u2013 2010, el \u00eendeplinind func\u0163ia de membru al Comisiei Europene, responsabil pentru domeniul multilingvismului.\u00a0<\/p>\n<p data-index=\"19\"><em>Rom\u00e2nia s\u0103rb\u0103tore\u015fte, duminic\u0103, zece ani de la intrarea \u00een Uniunea European\u0103.\u00a0<\/em><\/p>\n<p data-index=\"20\"><em>Aderarea Rom\u00e2niei la Uniunea European\u0103\u00a0a avut loc la 1 ianuarie 2007, odat\u0103 cu Bulgaria. Aceast\u0103 dat\u0103 a fost propus\u0103 la summitul de la Salonic\u00a0din anul 2003\u00a0\u015fi confirmat\u0103 la Bruxelles, \u00een iunie 2004. Rom\u00e2nia \u015fi Bulgaria au semnat Tratatul de aderare pe 25 aprilie 2005.<\/em><\/p>\n<p data-index=\"21\"><em>Aderarea Rom\u00e2niei la UE a avut loc dup\u0103 12 ani de la formularea solicit\u0103rii oficiale de intrare \u00een UE. Negocierile de aderare cu Rom\u00e2nia au \u00eenceput \u00een februarie 2000 \u015fi s-au \u00eencheiat \u00een decembrie 2004, c\u00e2nd a fost confirmat\u0103 data ader\u0103rii.<\/em><\/p>\n<\/div>\n<p> Source URL: https:\/\/www.digi24.ro\/stiri\/actualitate\/politica\/10-ani-in-ue-ion-iliescu-succesul-ue-vital-pentru-reducerea-decalajelor-care-separa-romania-de-occident-641836<\/p>\n","protected":false},"excerpt":{"rendered":"<p>Rom\u00e2nia s\u0103rb\u0103tore\u015fte, duminic\u0103, zece ani de la intrarea \u00een Uniunea European\u0103.Cu aceast\u0103 ocazie, mai mul\u021bi politicieni au adresat mesaje rom\u00e2nilor. Fostul pre\u015fedinte Ion Iliescu sus\u0163ine, \u00eentr-o postare pe blogul s\u0103u, c\u0103 pentru rom\u00e2ni succesul Uniunii Europene este \u201cvital\u201d pentru dezvoltare \u015fi pentru reducerea decalajelor care ne separ\u0103 de Occident, el exprim\u00e2ndu-\u015fi speran\u0163a c\u0103 noua guvernare [&hellip;]<\/p>\n","protected":false},"author":1,"featured_media":152126,"comment_status":"open","ping_status":"","sticky":false,"template":"","format":"standard","meta":{"footnotes":""},"categories":[2],"tags":[11],"class_list":["post-152125","post","type-post","status-publish","format-standard","has-post-thumbnail","hentry","category-politics","tag-digi24"],"_links":{"self":[{"href":"https:\/\/analyse.optim.biz\/index.php?rest_route=\/wp\/v2\/posts\/152125","targetHints":{"allow":["GET"]}}],"collection":[{"href":"https:\/\/analyse.optim.biz\/index.php?rest_route=\/wp\/v2\/posts"}],"about":[{"href":"https:\/\/analyse.optim.biz\/index.php?rest_route=\/wp\/v2\/types\/post"}],"author":[{"embeddable":true,"href":"https:\/\/analyse.optim.biz\/index.php?rest_route=\/wp\/v2\/users\/1"}],"replies":[{"embeddable":true,"href":"https:\/\/analyse.optim.biz\/index.php?rest_route=%2Fwp%2Fv2%2Fcomments&post=152125"}],"version-history":[{"count":0,"href":"https:\/\/analyse.optim.biz\/index.php?rest_route=\/wp\/v2\/posts\/152125\/revisions"}],"wp:featuredmedia":[{"embeddable":true,"href":"https:\/\/analyse.optim.biz\/index.php?rest_route=\/wp\/v2\/media\/152126"}],"wp:attachment":[{"href":"https:\/\/analyse.optim.biz\/index.php?rest_route=%2Fwp%2Fv2%2Fmedia&parent=152125"}],"wp:term":[{"taxonomy":"category","embeddable":true,"href":"https:\/\/analyse.optim.biz\/index.php?rest_route=%2Fwp%2Fv2%2Fcategories&post=152125"},{"taxonomy":"post_tag","embeddable":true,"href":"https:\/\/analyse.optim.biz\/index.php?rest_route=%2Fwp%2Fv2%2Ftags&post=152125"}],"curies":[{"name":"wp","href":"https:\/\/api.w.org\/{rel}","templated":true}]}}