{"id":1521222,"date":"2016-06-02T13:17:40","date_gmt":"2016-06-02T10:17:40","guid":{"rendered":"https:\/\/analyse.optim.biz\/?p=1521222"},"modified":"2016-06-02T13:17:40","modified_gmt":"2016-06-02T10:17:40","slug":"patru-persoane-decedate-in-accidentul-unui-elicopter-smurd-iasi","status":"publish","type":"post","link":"https:\/\/analyse.optim.biz\/?p=1521222","title":{"rendered":"Patru persoane decedate \u00een accidentul unui elicopter SMURD Ia\u0219i"},"content":{"rendered":"<article id=\"post-5135\" class=\"post-5135 post type-post status-publish format-standard has-post-thumbnail hentry category-national category-recomandate tag-elicopter tag-iasi tag-prabusit tag-republica-moldova tag-smurd\">\n<div class=\"featured-image\"><a href=\"https:\/\/analyse.optim.biz\/wp-content\/uploads\/2026\/01\/smurd3-1460292511.jpg\" class=\"image-popup\"><img decoding=\"async\" width=\"774\" height=\"445\" src=\"https:\/\/analyse.optim.biz\/wp-content\/uploads\/2026\/01\/smurd3-1460292511-774x445-1.jpg\" class=\"attachment-colormag-featured-image size-colormag-featured-image wp-post-image\" loading=\"lazy\" title=\"smurd3-1460292511-774x445-1\"><\/a><\/div>\n<div class=\"article-content clearfix\">\n<div class=\"above-entry-meta\"><span class=\"cat-links\"><a href=\"http:\/\/www.ziaruldevaslui.ro\/national\/\" rel=\"category tag\">Na\u021bional<\/a>\u00a0<a href=\"http:\/\/www.ziaruldevaslui.ro\/recomandate\/\" rel=\"category tag\">RECOMANDATE<\/a>\u00a0<\/span><\/div>\n<header class=\"entry-header\">\n<h1 class=\"entry-title\">\n\t\t\t\tPatru persoane decedate \u00een accidentul unui elicopter SMURD Ia\u0219i\t\t\t<\/h1>\n<\/header>\n<div class=\"below-entry-meta\"><span class=\"posted-on\"><a href=\"http:\/\/www.ziaruldevaslui.ro\/patru-persoane-decedate-in-accidentul-unui-elicopter-smurd-iasi\/\" title=\"15:17\" rel=\"bookmark\"><time class=\"entry-date published updated\" datetime=\"2016-06-02T15:17:40+02:00\">2 iunie 2016<\/time><\/a><\/span><span class=\"byline\"><span class=\"author vcard\"><a class=\"url fn n\" href=\"http:\/\/www.ziaruldevaslui.ro\/author\/admin\/\" title=\"Ziarul de Vaslui\"><br \/>\n\t\t\t\t\t\tZiarul de Vaslui\t\t\t\t\t<\/a><\/span><\/span><span class=\"comments\"><a href=\"http:\/\/www.ziaruldevaslui.ro\/patru-persoane-decedate-in-accidentul-unui-elicopter-smurd-iasi\/#respond\"> Niciun comentariu<\/a><\/span><span class=\"tag-links\"><a href=\"http:\/\/www.ziaruldevaslui.ro\/tag\/elicopter\/\" rel=\"tag\">elicopter<\/a>, <a href=\"http:\/\/www.ziaruldevaslui.ro\/tag\/iasi\/\" rel=\"tag\">iasi<\/a>, <a href=\"http:\/\/www.ziaruldevaslui.ro\/tag\/prabusit\/\" rel=\"tag\">prabusit<\/a>, <a href=\"http:\/\/www.ziaruldevaslui.ro\/tag\/republica-moldova\/\" rel=\"tag\">republica moldova<\/a>, <a href=\"http:\/\/www.ziaruldevaslui.ro\/tag\/smurd\/\" rel=\"tag\">smurd<\/a><\/span><\/div>\n<div class=\"entry-content clearfix\">\n<p><strong>Patru persoane \u0219i-ar fi pierdut via\u021ba \u00een accidentul unui elicopter SMURD Ia\u0219i pr\u0103bu\u0219it joi dup\u0103-amiaz\u0103 \u00eentr-o localitate din raionul Cantemir din Republica Moldova, a relatat Radio Chi\u0219in\u0103u, cit\u00e2ndu-l pe primarul localit\u0103\u021bii Harag\u00e2\u0219, unde s-a produs accidentul.<\/strong><\/p>\n<p>Primarul Iurie B\u0103l\u0103nu\u021b\u0103 a declarat la Publika TV, citat de Radio Chi\u0219in\u0103u, c\u0103 localnicii ar fi descoperit la fa\u021ba locului patru cadavre. Tot potrivit acestuia, \u00een momentul accidentului \u00een localitate era cea\u021b\u0103 dens\u0103, iar elicopterul s-a pr\u0103bu\u0219it \u00eentr-o p\u0103dure, dup\u0103 care a luat foc.<\/p>\n<p>Conform PRO TV.md, \u00een elicopter se aflau pilotul, copilotul, un medic \u0219i un paramedic SMURD.<\/p>\n<p>Ofi\u021berul de pres\u0103 al SMURD Cahul, Gheorghe Hanganu, a comunicat c\u0103 elicopterul urma s\u0103 transporte la Chi\u0219in\u0103u un bolnav de la spitalul din Cahul.<\/p>\n<p>Accidentul a avut loc la ora local\u0103 14.14.<\/p>\n<p>La fa\u021ba locului s-au \u00eendreptat c\u00e2teva echipaje ale DSE (Direc\u021bia Protec\u021biei Civile \u0219i Situa\u021bii lor Excep\u021bionale) din Comrat \u0219i Cantemir<\/p>\n<p>Potrivit informa\u021biilor postate de DSE joi diminea\u021b\u0103 pe site-ul s\u0103u, elicopterul SMURD a fost solicitat de c\u0103tre medicii din Vulc\u0103ne\u0219ti pentru a transporta \u0219i monitoriza un pacient, internat \u00een spitalul raional.<\/p>\n<p>Pe parcursul zborului, pacienta \u2014 o femeie de 85 de ani, care sufer\u0103 de bronhopneumonie, insuficien\u021b\u0103 respiratorie \u0219i renal\u0103 acut\u0103 \u2014 a fost monitorizat\u0103 medical de c\u0103tre paramedicii \u0219i medicii SMURD Ia\u0219i. La ora 12:10, elicopterul a aterizat pe stadionul Dinamo din Chi\u0219in\u0103u, femeia fiind preluat\u0103 de c\u0103tre o ambulan\u021b\u0103 \u0219i transportat\u0103 la Spitalul de Urgen\u021b\u0103.<\/p>\n<p>Aceasta a fost a 19-a opera\u021biune aerian\u0103 SMURD pe teritoriul Republicii Moldova, a precizat sursa men\u021bionat\u0103.<\/p>\n<p>Agerpres<\/p>\n<aside class=\"mashsb-container mashsb-main \">\n<div class=\"mashsb-box\">\n<div class=\"mashsb-count mash-medium\">\n<div class=\"counts mashsbcount\">7<\/div>\n<p><span class=\"mashsb-sharetext\">SHARES<\/span><\/div>\n<div class=\"mashsb-buttons\"><a class=\"mashicon-facebook mash-medium mashsb-noshadow\" href=\"https:\/\/www.facebook.com\/sharer.php?u=http%3A%2F%2Fwww.ziaruldevaslui.ro%2Fpatru-persoane-decedate-in-accidentul-unui-elicopter-smurd-iasi%2F\" target=\"_top\" rel=\"nofollow\"><span class=\"text\">Share\u00a0pe\u00a0facebook<\/span><\/a><a class=\"mashicon-twitter mash-medium mashsb-noshadow\" href=\"https:\/\/twitter.com\/intent\/tweet?text=Patru%20persoane%20decedate%20%C3%AEn%20accidentul%20unui%20elicopter%20SMURD%20Ia%C8%99i&amp;url=http:\/\/www.ziaruldevaslui.ro\/?p=5135\" target=\"_top\" rel=\"nofollow\"><span class=\"text\">Share\u00a0pe\u00a0twitter<\/span><\/a><\/div>\n<\/div>\n<\/aside>\n<\/div>\n<\/div>\n<\/article>\n<div class=\"article-content clearfix\">\n<div class=\"above-entry-meta\"><span class=\"cat-links\"><a href=\"http:\/\/www.ziaruldevaslui.ro\/national\/\" rel=\"category tag\">Na\u021bional<\/a>\u00a0<a href=\"http:\/\/www.ziaruldevaslui.ro\/recomandate\/\" rel=\"category tag\">RECOMANDATE<\/a>\u00a0<\/span><\/div>\n<header class=\"entry-header\">\n<h1 class=\"entry-title\">\n\t\t\t\tPatru persoane decedate \u00een accidentul unui elicopter SMURD Ia\u0219i\t\t\t<\/h1>\n<\/header>\n<div class=\"below-entry-meta\"><span class=\"posted-on\"><a href=\"http:\/\/www.ziaruldevaslui.ro\/patru-persoane-decedate-in-accidentul-unui-elicopter-smurd-iasi\/\" title=\"15:17\" rel=\"bookmark\"><time class=\"entry-date published updated\" datetime=\"2016-06-02T15:17:40+02:00\">2 iunie 2016<\/time><\/a><\/span><span class=\"byline\"><span class=\"author vcard\"><a class=\"url fn n\" href=\"http:\/\/www.ziaruldevaslui.ro\/author\/admin\/\" title=\"Ziarul de Vaslui\"><br \/>\n\t\t\t\t\t\tZiarul de Vaslui\t\t\t\t\t<\/a><\/span><\/span><span class=\"comments\"><a href=\"http:\/\/www.ziaruldevaslui.ro\/patru-persoane-decedate-in-accidentul-unui-elicopter-smurd-iasi\/#respond\"> Niciun comentariu<\/a><\/span><span class=\"tag-links\"><a href=\"http:\/\/www.ziaruldevaslui.ro\/tag\/elicopter\/\" rel=\"tag\">elicopter<\/a>, <a href=\"http:\/\/www.ziaruldevaslui.ro\/tag\/iasi\/\" rel=\"tag\">iasi<\/a>, <a href=\"http:\/\/www.ziaruldevaslui.ro\/tag\/prabusit\/\" rel=\"tag\">prabusit<\/a>, <a href=\"http:\/\/www.ziaruldevaslui.ro\/tag\/republica-moldova\/\" rel=\"tag\">republica moldova<\/a>, <a href=\"http:\/\/www.ziaruldevaslui.ro\/tag\/smurd\/\" rel=\"tag\">smurd<\/a><\/span><\/div>\n<div class=\"entry-content clearfix\">\n<p><strong>Patru persoane \u0219i-ar fi pierdut via\u021ba \u00een accidentul unui elicopter SMURD Ia\u0219i pr\u0103bu\u0219it joi dup\u0103-amiaz\u0103 \u00eentr-o localitate din raionul Cantemir din Republica Moldova, a relatat Radio Chi\u0219in\u0103u, cit\u00e2ndu-l pe primarul localit\u0103\u021bii Harag\u00e2\u0219, unde s-a produs accidentul.<\/strong><\/p>\n<p>Primarul Iurie B\u0103l\u0103nu\u021b\u0103 a declarat la Publika TV, citat de Radio Chi\u0219in\u0103u, c\u0103 localnicii ar fi descoperit la fa\u021ba locului patru cadavre. Tot potrivit acestuia, \u00een momentul accidentului \u00een localitate era cea\u021b\u0103 dens\u0103, iar elicopterul s-a pr\u0103bu\u0219it \u00eentr-o p\u0103dure, dup\u0103 care a luat foc.<\/p>\n<p>Conform PRO TV.md, \u00een elicopter se aflau pilotul, copilotul, un medic \u0219i un paramedic SMURD.<\/p>\n<p>Ofi\u021berul de pres\u0103 al SMURD Cahul, Gheorghe Hanganu, a comunicat c\u0103 elicopterul urma s\u0103 transporte la Chi\u0219in\u0103u un bolnav de la spitalul din Cahul.<\/p>\n<p>Accidentul a avut loc la ora local\u0103 14.14.<\/p>\n<p>La fa\u021ba locului s-au \u00eendreptat c\u00e2teva echipaje ale DSE (Direc\u021bia Protec\u021biei Civile \u0219i Situa\u021bii lor Excep\u021bionale) din Comrat \u0219i Cantemir<\/p>\n<p>Potrivit informa\u021biilor postate de DSE joi diminea\u021b\u0103 pe site-ul s\u0103u, elicopterul SMURD a fost solicitat de c\u0103tre medicii din Vulc\u0103ne\u0219ti pentru a transporta \u0219i monitoriza un pacient, internat \u00een spitalul raional.<\/p>\n<p>Pe parcursul zborului, pacienta \u2014 o femeie de 85 de ani, care sufer\u0103 de bronhopneumonie, insuficien\u021b\u0103 respiratorie \u0219i renal\u0103 acut\u0103 \u2014 a fost monitorizat\u0103 medical de c\u0103tre paramedicii \u0219i medicii SMURD Ia\u0219i. La ora 12:10, elicopterul a aterizat pe stadionul Dinamo din Chi\u0219in\u0103u, femeia fiind preluat\u0103 de c\u0103tre o ambulan\u021b\u0103 \u0219i transportat\u0103 la Spitalul de Urgen\u021b\u0103.<\/p>\n<p>Aceasta a fost a 19-a opera\u021biune aerian\u0103 SMURD pe teritoriul Republicii Moldova, a precizat sursa men\u021bionat\u0103.<\/p>\n<p>Agerpres<\/p>\n<aside class=\"mashsb-container mashsb-main \">\n<div class=\"mashsb-box\">\n<div class=\"mashsb-count mash-medium\">\n<div class=\"counts mashsbcount\">7<\/div>\n<p><span class=\"mashsb-sharetext\">SHARES<\/span><\/div>\n<div class=\"mashsb-buttons\"><a class=\"mashicon-facebook mash-medium mashsb-noshadow\" href=\"https:\/\/www.facebook.com\/sharer.php?u=http%3A%2F%2Fwww.ziaruldevaslui.ro%2Fpatru-persoane-decedate-in-accidentul-unui-elicopter-smurd-iasi%2F\" target=\"_top\" rel=\"nofollow\"><span class=\"text\">Share\u00a0pe\u00a0facebook<\/span><\/a><a class=\"mashicon-twitter mash-medium mashsb-noshadow\" href=\"https:\/\/twitter.com\/intent\/tweet?text=Patru%20persoane%20decedate%20%C3%AEn%20accidentul%20unui%20elicopter%20SMURD%20Ia%C8%99i&amp;url=http:\/\/www.ziaruldevaslui.ro\/?p=5135\" target=\"_top\" rel=\"nofollow\"><span class=\"text\">Share\u00a0pe\u00a0twitter<\/span><\/a><\/div>\n<\/div>\n<\/aside>\n<\/div>\n<\/div>\n<div class=\"entry-content clearfix\">\n<p><strong>Patru persoane \u0219i-ar fi pierdut via\u021ba \u00een accidentul unui elicopter SMURD Ia\u0219i pr\u0103bu\u0219it joi dup\u0103-amiaz\u0103 \u00eentr-o localitate din raionul Cantemir din Republica Moldova, a relatat Radio Chi\u0219in\u0103u, cit\u00e2ndu-l pe primarul localit\u0103\u021bii Harag\u00e2\u0219, unde s-a produs accidentul.<\/strong><\/p>\n<p>Primarul Iurie B\u0103l\u0103nu\u021b\u0103 a declarat la Publika TV, citat de Radio Chi\u0219in\u0103u, c\u0103 localnicii ar fi descoperit la fa\u021ba locului patru cadavre. Tot potrivit acestuia, \u00een momentul accidentului \u00een localitate era cea\u021b\u0103 dens\u0103, iar elicopterul s-a pr\u0103bu\u0219it \u00eentr-o p\u0103dure, dup\u0103 care a luat foc.<\/p>\n<p>Conform PRO TV.md, \u00een elicopter se aflau pilotul, copilotul, un medic \u0219i un paramedic SMURD.<\/p>\n<p>Ofi\u021berul de pres\u0103 al SMURD Cahul, Gheorghe Hanganu, a comunicat c\u0103 elicopterul urma s\u0103 transporte la Chi\u0219in\u0103u un bolnav de la spitalul din Cahul.<\/p>\n<p>Accidentul a avut loc la ora local\u0103 14.14.<\/p>\n<p>La fa\u021ba locului s-au \u00eendreptat c\u00e2teva echipaje ale DSE (Direc\u021bia Protec\u021biei Civile \u0219i Situa\u021bii lor Excep\u021bionale) din Comrat \u0219i Cantemir<\/p>\n<p>Potrivit informa\u021biilor postate de DSE joi diminea\u021b\u0103 pe site-ul s\u0103u, elicopterul SMURD a fost solicitat de c\u0103tre medicii din Vulc\u0103ne\u0219ti pentru a transporta \u0219i monitoriza un pacient, internat \u00een spitalul raional.<\/p>\n<p>Pe parcursul zborului, pacienta \u2014 o femeie de 85 de ani, care sufer\u0103 de bronhopneumonie, insuficien\u021b\u0103 respiratorie \u0219i renal\u0103 acut\u0103 \u2014 a fost monitorizat\u0103 medical de c\u0103tre paramedicii \u0219i medicii SMURD Ia\u0219i. La ora 12:10, elicopterul a aterizat pe stadionul Dinamo din Chi\u0219in\u0103u, femeia fiind preluat\u0103 de c\u0103tre o ambulan\u021b\u0103 \u0219i transportat\u0103 la Spitalul de Urgen\u021b\u0103.<\/p>\n<p>Aceasta a fost a 19-a opera\u021biune aerian\u0103 SMURD pe teritoriul Republicii Moldova, a precizat sursa men\u021bionat\u0103.<\/p>\n<p>Agerpres<\/p>\n<aside class=\"mashsb-container mashsb-main \">\n<div class=\"mashsb-box\">\n<div class=\"mashsb-count mash-medium\">\n<div class=\"counts mashsbcount\">7<\/div>\n<p><span class=\"mashsb-sharetext\">SHARES<\/span><\/div>\n<div class=\"mashsb-buttons\"><a class=\"mashicon-facebook mash-medium mashsb-noshadow\" href=\"https:\/\/www.facebook.com\/sharer.php?u=http%3A%2F%2Fwww.ziaruldevaslui.ro%2Fpatru-persoane-decedate-in-accidentul-unui-elicopter-smurd-iasi%2F\" target=\"_top\" rel=\"nofollow\"><span class=\"text\">Share\u00a0pe\u00a0facebook<\/span><\/a><a class=\"mashicon-twitter mash-medium mashsb-noshadow\" href=\"https:\/\/twitter.com\/intent\/tweet?text=Patru%20persoane%20decedate%20%C3%AEn%20accidentul%20unui%20elicopter%20SMURD%20Ia%C8%99i&amp;url=http:\/\/www.ziaruldevaslui.ro\/?p=5135\" target=\"_top\" rel=\"nofollow\"><span class=\"text\">Share\u00a0pe\u00a0twitter<\/span><\/a><\/div>\n<\/div>\n<\/aside>\n<\/div>\n<div class=\"article-content\">\n<h3 class=\"entry-title\"><a href=\"http:\/\/www.ziaruldevaslui.ro\/smenar-din-roman-pus-pe-combinatii-la-vaslui\/\" rel=\"bookmark\" title=\"\u0218menar din Roman, pus pe \u201ecombina\u021bii\u201d la Vaslui\"><br \/>\n\t\t\t\t\t\t\t\t\u0218menar din Roman, pus pe \u201ecombina\u021bii\u201d la Vaslui\t\t\t\t\t\t\t<\/a><\/h3>\n<div class=\"below-entry-meta\"><span class=\"posted-on\"><a href=\"http:\/\/www.ziaruldevaslui.ro\/smenar-din-roman-pus-pe-combinatii-la-vaslui\/\" title=\"21:53\" rel=\"bookmark\"><time class=\"entry-date published\" datetime=\"2023-07-17T21:53:18+02:00\">17 iulie 2023<\/time><time class=\"updated\" datetime=\"2023-07-17T21:53:19+02:00\">17 iulie 2023<\/time><\/a><\/span><span class=\"byline\"><span class=\"author vcard\"><a class=\"url fn n\" href=\"http:\/\/www.ziaruldevaslui.ro\/author\/admin\/\" title=\"Ziarul de Vaslui\"><br \/>\n\t\t\t\t\t\tZiarul de Vaslui\t\t\t\t\t<\/a><\/span><\/span><\/div>\n<\/div>\n<div class=\"article-content\">\n<h3 class=\"entry-title\"><a href=\"http:\/\/www.ziaruldevaslui.ro\/incendiu-la-vulturesti-doua-locuinte-s-au-facut-scrum\/\" rel=\"bookmark\" title=\"Incendiu la Vulture\u0219ti! Dou\u0103 locuin\u021be s-au f\u0103cut scrum\"><br \/>\n\t\t\t\t\t\t\t\tIncendiu la Vulture\u0219ti! Dou\u0103 locuin\u021be s-au f\u0103cut scrum\t\t\t\t\t\t\t<\/a><\/h3>\n<div class=\"below-entry-meta\"><span class=\"posted-on\"><a href=\"http:\/\/www.ziaruldevaslui.ro\/incendiu-la-vulturesti-doua-locuinte-s-au-facut-scrum\/\" title=\"09:00\" rel=\"bookmark\"><time class=\"entry-date published\" datetime=\"2023-11-23T09:00:42+02:00\">23 noiembrie 2023<\/time><time class=\"updated\" datetime=\"2023-11-23T09:00:43+02:00\">23 noiembrie 2023<\/time><\/a><\/span><span class=\"byline\"><span class=\"author vcard\"><a class=\"url fn n\" href=\"http:\/\/www.ziaruldevaslui.ro\/author\/admin\/\" title=\"Ziarul de Vaslui\"><br \/>\n\t\t\t\t\t\tZiarul de Vaslui\t\t\t\t\t<\/a><\/span><\/span><\/div>\n<\/div>\n<div class=\"article-content\">\n<h3 class=\"entry-title\"><a href=\"http:\/\/www.ziaruldevaslui.ro\/anunt-concurs-de-recrutare-das-vaslui\/\" rel=\"bookmark\" title=\"ANUN\u0162 concurs de recrutare DAS Vaslui\"><br \/>\n\t\t\t\t\t\t\t\tANUN\u0162 concurs de recrutare DAS Vaslui\t\t\t\t\t\t\t<\/a><\/h3>\n<div class=\"below-entry-meta\"><span class=\"posted-on\"><a href=\"http:\/\/www.ziaruldevaslui.ro\/anunt-concurs-de-recrutare-das-vaslui\/\" title=\"07:17\" rel=\"bookmark\"><time class=\"entry-date published\" datetime=\"2022-06-28T07:17:47+02:00\">28 iunie 2022<\/time><time class=\"updated\" datetime=\"2022-06-28T07:44:09+02:00\">28 iunie 2022<\/time><\/a><\/span><span class=\"byline\"><span class=\"author vcard\"><a class=\"url fn n\" href=\"http:\/\/www.ziaruldevaslui.ro\/author\/admin\/\" title=\"Ziarul de Vaslui\"><br \/>\n\t\t\t\t\t\tZiarul de Vaslui\t\t\t\t\t<\/a><\/span><\/span><\/div>\n<\/div>\n<div class=\"article-content\">\n<div class=\"above-entry-meta\"><span class=\"cat-links\"><a href=\"http:\/\/www.ziaruldevaslui.ro\/local\/\" rel=\"category tag\">Local<\/a>\u00a0<a href=\"http:\/\/www.ziaruldevaslui.ro\/tabloul-principal\/\" rel=\"category tag\">NOUT\u0102\u021aI<\/a>\u00a0<a href=\"http:\/\/www.ziaruldevaslui.ro\/opinii\/\" rel=\"category tag\">Opinii<\/a>\u00a0<\/span><\/div>\n<h3 class=\"entry-title\"><a href=\"http:\/\/www.ziaruldevaslui.ro\/stand-up-comedy-cu-ionel-sandu-de-la-aur-spatiile-pentru-copiii-cu-autism-sunt-bazaconii\/\" title=\"Stand Up Comedy cu Ionel Sandu, candidat AUR: spa\u021biile pentru copiii cu autism sunt \u201ebazaconii\u201d\"><br \/>\n\t\t\t\tStand Up Comedy cu Ionel Sandu, candidat AUR: spa\u021biile pentru copiii cu autism sunt \u201ebazaconii\u201d\t\t\t<\/a><\/h3>\n<div class=\"below-entry-meta\"><span class=\"posted-on\"><a href=\"http:\/\/www.ziaruldevaslui.ro\/stand-up-comedy-cu-ionel-sandu-de-la-aur-spatiile-pentru-copiii-cu-autism-sunt-bazaconii\/\" title=\"22:46\" rel=\"bookmark\"><time class=\"entry-date published\" datetime=\"2024-03-14T22:46:43+02:00\">14 martie 2024<\/time><time class=\"updated\" datetime=\"2024-03-15T08:54:58+02:00\">15 martie 2024<\/time><\/a><\/span><span class=\"byline\"><span class=\"author vcard\"><a class=\"url fn n\" href=\"http:\/\/www.ziaruldevaslui.ro\/author\/admin\/\" title=\"Ziarul de Vaslui\"><br \/>\n\t\t\t\t\tZiarul de Vaslui\t\t\t\t<\/a><\/span><\/span><\/div>\n<div class=\"entry-content\">\n<p>Ini\u021bial am crezut c\u0103 Ionel Sandu s-a apucat de Stand Up Comedy. Cu afacerile nu st\u0103 extraordinar, cu politica nici<\/p>\n<\/div>\n<\/div>\n<div class=\"entry-content\">\n<p>Ini\u021bial am crezut c\u0103 Ionel Sandu s-a apucat de Stand Up Comedy. Cu afacerile nu st\u0103 extraordinar, cu politica nici<\/p>\n<\/div>\n<div class=\"article-content\">\n<div class=\"above-entry-meta\"><span class=\"cat-links\"><a href=\"http:\/\/www.ziaruldevaslui.ro\/literatura\/\" rel=\"category tag\">Literatur\u0103<\/a>\u00a0<a href=\"http:\/\/www.ziaruldevaslui.ro\/magazin\/\" rel=\"category tag\">Magazin<\/a>\u00a0<a href=\"http:\/\/www.ziaruldevaslui.ro\/opinii\/\" rel=\"category tag\">Opinii<\/a>\u00a0<\/span><\/div>\n<h3 class=\"entry-title\"><a href=\"http:\/\/www.ziaruldevaslui.ro\/pledoarie-pentru-o-carte-pe-zi\/\" title=\"Pledoarie pentru \u2026 o carte pe zi\"><br \/>\n\t\t\t\tPledoarie pentru \u2026 o carte pe zi\t\t\t<\/a><\/h3>\n<div class=\"below-entry-meta\"><span class=\"posted-on\"><a href=\"http:\/\/www.ziaruldevaslui.ro\/pledoarie-pentru-o-carte-pe-zi\/\" title=\"09:48\" rel=\"bookmark\"><time class=\"entry-date published\" datetime=\"2021-11-13T09:48:23+02:00\">13 noiembrie 2021<\/time><time class=\"updated\" datetime=\"2022-05-04T20:22:06+02:00\">4 mai 2022<\/time><\/a><\/span><span class=\"byline\"><span class=\"author vcard\"><a class=\"url fn n\" href=\"http:\/\/www.ziaruldevaslui.ro\/author\/admin\/\" title=\"Ziarul de Vaslui\"><br \/>\n\t\t\t\t\tZiarul de Vaslui\t\t\t\t<\/a><\/span><\/span><\/div>\n<\/div>\n<div class=\"article-content\">\n<div class=\"above-entry-meta\"><span class=\"cat-links\"><a href=\"http:\/\/www.ziaruldevaslui.ro\/local\/\" rel=\"category tag\">Local<\/a>\u00a0<a href=\"http:\/\/www.ziaruldevaslui.ro\/tabloul-principal\/\" rel=\"category tag\">NOUT\u0102\u021aI<\/a>\u00a0<a href=\"http:\/\/www.ziaruldevaslui.ro\/oameni-si-locuri\/\" rel=\"category tag\">Oameni si locuri<\/a>\u00a0<a href=\"http:\/\/www.ziaruldevaslui.ro\/opinii\/\" rel=\"category tag\">Opinii<\/a>\u00a0<\/span><\/div>\n<h3 class=\"entry-title\"><a href=\"http:\/\/www.ziaruldevaslui.ro\/vasluianca-madalina-tudorache-admisa-ca-doctorand-la-oxford-interviu\/\" title=\"Vasluianca M\u0103d\u0103lina Tudorache, admis\u0103 ca doctorand la Oxford\"><br \/>\n\t\t\t\tVasluianca M\u0103d\u0103lina Tudorache, admis\u0103 ca doctorand la Oxford\t\t\t<\/a><\/h3>\n<div class=\"below-entry-meta\"><span class=\"posted-on\"><a href=\"http:\/\/www.ziaruldevaslui.ro\/vasluianca-madalina-tudorache-admisa-ca-doctorand-la-oxford-interviu\/\" title=\"09:24\" rel=\"bookmark\"><time class=\"entry-date published\" datetime=\"2020-07-21T09:24:55+02:00\">21 iulie 2020<\/time><time class=\"updated\" datetime=\"2021-12-15T08:32:02+02:00\">15 decembrie 2021<\/time><\/a><\/span><span class=\"byline\"><span class=\"author vcard\"><a class=\"url fn n\" href=\"http:\/\/www.ziaruldevaslui.ro\/author\/admin\/\" title=\"Ziarul de Vaslui\"><br \/>\n\t\t\t\t\tZiarul de Vaslui\t\t\t\t<\/a><\/span><\/span><\/div>\n<\/div>\n<div class=\"article-content\">\n<div class=\"above-entry-meta\"><span class=\"cat-links\"><a href=\"http:\/\/www.ziaruldevaslui.ro\/local\/\" rel=\"category tag\">Local<\/a>\u00a0<a href=\"http:\/\/www.ziaruldevaslui.ro\/tabloul-principal\/\" rel=\"category tag\">NOUT\u0102\u021aI<\/a>\u00a0<a href=\"http:\/\/www.ziaruldevaslui.ro\/oameni-si-locuri\/\" rel=\"category tag\">Oameni si locuri<\/a>\u00a0<a href=\"http:\/\/www.ziaruldevaslui.ro\/opinii\/\" rel=\"category tag\">Opinii<\/a>\u00a0<\/span><\/div>\n<h3 class=\"entry-title\"><a href=\"http:\/\/www.ziaruldevaslui.ro\/manifestul-unui-eleve-de-clasa-a-12-a-din-vaslui-cel-mai-mare-vis-al-nostru-era-sa-imbracam-roba\/\" title=\"Manifestul unei eleve de clasa a 12-a din Vaslui: \u201eCel mai mare vis al nostru era s\u0103 \u00eembr\u0103c\u0103m roba\u201d\"><br \/>\n\t\t\t\tManifestul unei eleve de clasa a 12-a din Vaslui: \u201eCel mai mare vis al nostru era s\u0103 \u00eembr\u0103c\u0103m roba\u201d\t\t\t<\/a><\/h3>\n<div class=\"below-entry-meta\"><span class=\"posted-on\"><a href=\"http:\/\/www.ziaruldevaslui.ro\/manifestul-unui-eleve-de-clasa-a-12-a-din-vaslui-cel-mai-mare-vis-al-nostru-era-sa-imbracam-roba\/\" title=\"21:33\" rel=\"bookmark\"><time class=\"entry-date published\" datetime=\"2020-05-02T21:33:04+02:00\">2 mai 2020<\/time><time class=\"updated\" datetime=\"2020-05-03T18:03:27+02:00\">3 mai 2020<\/time><\/a><\/span><span class=\"byline\"><span class=\"author vcard\"><a class=\"url fn n\" href=\"http:\/\/www.ziaruldevaslui.ro\/author\/admin\/\" title=\"Ziarul de Vaslui\"><br \/>\n\t\t\t\t\tZiarul de Vaslui\t\t\t\t<\/a><\/span><\/span><\/div>\n<\/div>\n<p> Source URL: http:\/\/www.ziaruldevaslui.ro\/patru-persoane-decedate-in-accidentul-unui-elicopter-smurd-iasi\/<\/p>\n","protected":false},"excerpt":{"rendered":"<p>Na\u021bional\u00a0RECOMANDATE\u00a0 Patru persoane decedate \u00een accidentul unui elicopter SMURD Ia\u0219i 2 iunie 2016 Ziarul de Vaslui Niciun comentariuelicopter, iasi, prabusit, republica moldova, smurd Patru persoane \u0219i-ar fi pierdut via\u021ba \u00een accidentul unui elicopter SMURD Ia\u0219i pr\u0103bu\u0219it joi dup\u0103-amiaz\u0103 \u00eentr-o localitate din raionul Cantemir din Republica Moldova, a relatat Radio Chi\u0219in\u0103u, cit\u00e2ndu-l pe primarul localit\u0103\u021bii Harag\u00e2\u0219, [&hellip;]<\/p>\n","protected":false},"author":1,"featured_media":1521226,"comment_status":"open","ping_status":"","sticky":false,"template":"","format":"standard","meta":{"footnotes":""},"categories":[89],"tags":[218],"class_list":["post-1521222","post","type-post","status-publish","format-standard","has-post-thumbnail","hentry","category-romania","tag-ziaruldevaslui-ro"],"_links":{"self":[{"href":"https:\/\/analyse.optim.biz\/index.php?rest_route=\/wp\/v2\/posts\/1521222","targetHints":{"allow":["GET"]}}],"collection":[{"href":"https:\/\/analyse.optim.biz\/index.php?rest_route=\/wp\/v2\/posts"}],"about":[{"href":"https:\/\/analyse.optim.biz\/index.php?rest_route=\/wp\/v2\/types\/post"}],"author":[{"embeddable":true,"href":"https:\/\/analyse.optim.biz\/index.php?rest_route=\/wp\/v2\/users\/1"}],"replies":[{"embeddable":true,"href":"https:\/\/analyse.optim.biz\/index.php?rest_route=%2Fwp%2Fv2%2Fcomments&post=1521222"}],"version-history":[{"count":0,"href":"https:\/\/analyse.optim.biz\/index.php?rest_route=\/wp\/v2\/posts\/1521222\/revisions"}],"wp:featuredmedia":[{"embeddable":true,"href":"https:\/\/analyse.optim.biz\/index.php?rest_route=\/wp\/v2\/media\/1521226"}],"wp:attachment":[{"href":"https:\/\/analyse.optim.biz\/index.php?rest_route=%2Fwp%2Fv2%2Fmedia&parent=1521222"}],"wp:term":[{"taxonomy":"category","embeddable":true,"href":"https:\/\/analyse.optim.biz\/index.php?rest_route=%2Fwp%2Fv2%2Fcategories&post=1521222"},{"taxonomy":"post_tag","embeddable":true,"href":"https:\/\/analyse.optim.biz\/index.php?rest_route=%2Fwp%2Fv2%2Ftags&post=1521222"}],"curies":[{"name":"wp","href":"https:\/\/api.w.org\/{rel}","templated":true}]}}