{"id":1521200,"date":"2016-06-02T17:46:38","date_gmt":"2016-06-02T14:46:38","guid":{"rendered":"https:\/\/analyse.optim.biz\/?p=1521200"},"modified":"2016-06-02T17:46:38","modified_gmt":"2016-06-02T14:46:38","slug":"smurd-iasi-in-doliu-cine-sunt-cei-patru-membri-ai-echipajului-care-si-au-pierdut-viata-in-misiune","status":"publish","type":"post","link":"https:\/\/analyse.optim.biz\/?p=1521200","title":{"rendered":"SMURD Ia\u015fi, \u00een doliu. Cine sunt cei patru membri ai echipajului care \u0219i-au pierdut via\u021ba \u00een misiune"},"content":{"rendered":"<article id=\"post-5147\" class=\"post-5147 post type-post status-publish format-standard has-post-thumbnail hentry category-national category-recomandate tag-doliu tag-elicopter-prabusit tag-smurd-iasi tag-victime\">\n<div class=\"featured-image\"><a href=\"https:\/\/analyse.optim.biz\/wp-content\/uploads\/2026\/01\/elicopter-prabusit.jpg\" class=\"image-popup\"><img decoding=\"async\" width=\"728\" height=\"445\" src=\"https:\/\/analyse.optim.biz\/wp-content\/uploads\/2026\/01\/elicopter-prabusit-728x445-1.jpg\" class=\"attachment-colormag-featured-image size-colormag-featured-image wp-post-image\" loading=\"lazy\" title=\"elicopter-prabusit-728x445-1\"><\/a><\/div>\n<div class=\"article-content clearfix\">\n<div class=\"above-entry-meta\"><span class=\"cat-links\"><a href=\"http:\/\/www.ziaruldevaslui.ro\/national\/\" rel=\"category tag\">Na\u021bional<\/a>\u00a0<a href=\"http:\/\/www.ziaruldevaslui.ro\/recomandate\/\" rel=\"category tag\">RECOMANDATE<\/a>\u00a0<\/span><\/div>\n<header class=\"entry-header\">\n<h1 class=\"entry-title\">\n\t\t\t\tSMURD Ia\u015fi, \u00een doliu. Cine sunt cei patru membri ai echipajului care \u0219i-au pierdut via\u021ba \u00een misiune\t\t\t<\/h1>\n<\/header>\n<div class=\"below-entry-meta\"><span class=\"posted-on\"><a href=\"http:\/\/www.ziaruldevaslui.ro\/smurd-iasi-in-doliu-cine-sunt-cei-patru-membri-ai-echipajului-care-si-au-pierdut-viata-in-misiune\/\" title=\"19:46\" rel=\"bookmark\"><time class=\"entry-date published\" datetime=\"2016-06-02T19:46:38+02:00\">2 iunie 2016<\/time><time class=\"updated\" datetime=\"2016-06-02T19:46:51+02:00\">2 iunie 2016<\/time><\/a><\/span><span class=\"byline\"><span class=\"author vcard\"><a class=\"url fn n\" href=\"http:\/\/www.ziaruldevaslui.ro\/author\/rodan-mihai\/\" title=\"Mihai Rodan\"><br \/>\n\t\t\t\t\t\tMihai Rodan\t\t\t\t\t<\/a><\/span><\/span><span class=\"comments\"><a href=\"http:\/\/www.ziaruldevaslui.ro\/smurd-iasi-in-doliu-cine-sunt-cei-patru-membri-ai-echipajului-care-si-au-pierdut-viata-in-misiune\/#respond\"> Niciun comentariu<\/a><\/span><span class=\"tag-links\"><a href=\"http:\/\/www.ziaruldevaslui.ro\/tag\/doliu\/\" rel=\"tag\">doliu<\/a>, <a href=\"http:\/\/www.ziaruldevaslui.ro\/tag\/elicopter-prabusit\/\" rel=\"tag\">elicopter prabusit<\/a>, <a href=\"http:\/\/www.ziaruldevaslui.ro\/tag\/smurd-iasi\/\" rel=\"tag\">SMURD Iasi<\/a>, <a href=\"http:\/\/www.ziaruldevaslui.ro\/tag\/victime\/\" rel=\"tag\">victime<\/a><\/span><\/div>\n<div class=\"entry-content clearfix\">\n<p><strong>Joi, 2 mai, \u00een jurul orelor 14.23, Autoritatea Aeronautic\u0103 din Republica Moldova a informat Centrul Opera\u021bional de la Unitatea Special\u0103 de Avia\u021bie Ia\u0219i a MAI c\u0103 a pierdut leg\u0103tura radio cu elicopterul SMURD care opera pe raza Republicii Moldova \u00een baza acordului transfrontalier de cooperare \u00een domeniul acord\u0103rii ajutorului medical de urgen\u021b\u0103. La nivelul MAI, a fost convocat\u0103 imediat celula de criz\u0103 pentru gestionarea situa\u021biei. \u00cen jurul orei 15.00 s-m primit confirmarea, de la for\u021bele ajunse la fa\u021ba locului \u00eentr-o regiune \u00eemp\u0103durit\u0103 din zona localit\u0103\u021bii Harag\u00ee\u0219 din raionul Cantemir din Republica Moldova, c\u0103 a fost g\u0103sit\u0103 epava elicopterului, iar cele 4 persoane aflate la bord sunt decedate.<\/strong><\/p>\n<p>Cei patru sunt:<br \/><strong>Comandantul echipajului \u2013 comandor Gavril Doru, 53 de ani,<\/strong> \u00eemputernicit comandant al Unit\u0103\u021bii Speciale de Avia\u021bie Ia\u0219i. Acesta era \u00eencadrat \u00een structuri militare din 23.08.1985, iar \u00een Ministerul Afacerilor Interne din 01.05.2005 \u0219i avea o experien\u021b\u0103 de zbor pe elicopter de 4181 ore, era absolvent al \u0218colii Militare de Ofi\u021beri de Avia\u021bie Aurel Vlaicu, era c\u0103s\u0103torit \u0219i avea un copil.<\/p>\n<p><strong>Copilotul \u2013 c\u0103pitan-comandor \u0218ocae Voicu, 36 de ani,<\/strong> pilot de elicopter, \u00eencadrat \u00een structuri militare din 26.07.2003, iar in Ministerul Afacerilor Interne din 01.09.2008. Acesta avea o experien\u021b\u0103 de zbor pe elicopter de 1480 de ore, era absolvent al Academiei For\u021belor Aeriene Henri Coand\u0103 Bra\u0219ov din 2003, era c\u0103s\u0103torit \u0219i avea doi copii.<\/p>\n<p><strong>Dr. Dumea Mihaela \u2013 39 de ani, medic specialist medicin\u0103 de urgen\u021b\u0103,<\/strong> asistent universitar la Universitatea de medicina si farmacie \u201eGr. T. Popa\u201d Iasi, \u00eencadrat\u0103 la U.P.U. SMURD Ia\u0219i de 11 ani, avea o experien\u021b\u0103 de 5 ani pe elicopter, era c\u0103s\u0103torit\u0103 \u0219i avea un copil.<\/p>\n<p><strong>As. Sandu Gabriel \u2013 asistent medical principal medicin\u0103 de urgen\u021b\u0103, avea 38 de ani,<\/strong> era \u00eencadrat la U.P.U. SMURD Ia\u0219i de 16 ani, avea o experien\u021b\u0103 de 11 ani pe elicopter, era c\u0103s\u0103torit \u0219i avea un copil.<\/p>\n<p>Misiunea de ast\u0103zi era al 12-lea zbor al acestui elicopter \u00een Republica Moldova, \u00een baza acordului transfrontalier pentru interven\u021bii \u00een caz de urgen\u021be medicale.<\/p>\n<p>Referitor la misiunea elicopterului, MAI a confirmat c\u0103, la ora 9.55, aeronava a decolat de la Ia\u0219i cu direc\u021bia Vulc\u0103ne\u0219ti, Republica Moldova unde a aterizat la ora 11.<br \/>\nLa ora 11.30 a preluat o femeie \u00een v\u00e2rst\u0103 de 85 de ani cu bronhopneumonie pe care a transportat-o la Chi\u0219in\u0103u. Dup\u0103 predarea pacientei, elicopterul alimenteaz\u0103 \u0219i decoleaz\u0103 din nou \u00een jurul orei 13.10 c\u0103tre Cahul, \u00eentr-o misiune aeromedical\u0103 pentru salvarea unei persoane \u00een v\u00e2rst\u0103 de 64 de ani cu accident vascular cerebral. \u00cenainte de a ajunge la pacient, a avut loc accidentul.<\/p>\n<p>Aeronava este de tip EC 135, cu nr. de \u00eenmatriculare 347, fabricat\u0103 \u00een august 2014 \u0219i a c\u0103rei ultim\u0103 inspec\u021bie periodic\u0103 a avut loc \u00een februarie 2016. La bordul aeronavei se aflau patru persoane: pilot, copilot, medic \u0219i asistent medical. Medicul avea o experien\u021b\u0103 de 5 ani pe elicopterul SMURD iar asistentul medical, de 11 ani. Pilotul avea o experien\u021b\u0103 pe elicopter de 4.181 de ore de zbor iar copilotul de 1.480 de ore. MAI a luat decizia ca toate aeronavele EC 135 s\u0103 r\u0103m\u00e2n\u0103 la sol.<\/p>\n<p>Dup\u0103 confirmarea accidentului aviatic, ministrul afacerilor interne Petre Tob\u0103 l-a contactat pe omologul moldovean domnul Alexandru Jizdan care, \u00een discu\u021bia telefonic\u0103, a reconfirmat producerea accidentului \u0219i decesul membrilor echipajului.<\/p>\n<p>Ministrul Petre Tob\u0103 a pus la dispozi\u021bia autorit\u0103\u021bilor din Republica Moldova resurse ale Poli\u021biei Rom\u00e2ne pentru participarea la cercetarea \u00eemprejur\u0103rilor producerii acestui accident aviatic. Totodat\u0103, l-a informat pe premierul Dacian Ciolo\u0219 despre producerea accidentului \u0219i a dispus ca domnul Raed Arafat, \u0219ef al DSU, s\u0103 se deplaseze \u00een Republica Moldova.\u00a0 Celula de criz\u0103 convocat\u0103 la MAI r\u0103m\u00e2ne \u00een continuare activat\u0103 \u0219i \u00een leg\u0103tur\u0103 cu autorit\u0103\u021bile din Republica Moldova implicate \u00een cercetarea accidentului aviatic. Cercetarea la fa\u021ba locului este coordonat\u0103 de Procurorul General interimar \u0219i adjunctul \u0219efului Poli\u021biei Na\u021bionale din Republica Moldova.<\/p>\n<aside class=\"mashsb-container mashsb-main \">\n<div class=\"mashsb-box\">\n<div class=\"mashsb-count mash-medium\">\n<div class=\"counts mashsbcount\">32<\/div>\n<p><span class=\"mashsb-sharetext\">SHARES<\/span><\/div>\n<div class=\"mashsb-buttons\"><a class=\"mashicon-facebook mash-medium mashsb-noshadow\" href=\"https:\/\/www.facebook.com\/sharer.php?u=http%3A%2F%2Fwww.ziaruldevaslui.ro%2Fsmurd-iasi-in-doliu-cine-sunt-cei-patru-membri-ai-echipajului-care-si-au-pierdut-viata-in-misiune%2F\" target=\"_top\" rel=\"nofollow\"><span class=\"text\">Share\u00a0pe\u00a0facebook<\/span><\/a><a class=\"mashicon-twitter mash-medium mashsb-noshadow\" href=\"https:\/\/twitter.com\/intent\/tweet?text=SMURD%20Ia%C5%9Fi%2C%20%C3%AEn%20doliu.%20Cine%20sunt%20cei%20patru%20membri%20ai%20echipajului%20care%20%C8%99i-au%20pierdut%20via%C8%9Ba%20%C3%AEn%20misiune&amp;url=http:\/\/www.ziaruldevaslui.ro\/?p=5147\" target=\"_top\" rel=\"nofollow\"><span class=\"text\">Share\u00a0pe\u00a0twitter<\/span><\/a><\/div>\n<\/div>\n<\/aside>\n<\/div>\n<\/div>\n<\/article>\n<div class=\"article-content clearfix\">\n<div class=\"above-entry-meta\"><span class=\"cat-links\"><a href=\"http:\/\/www.ziaruldevaslui.ro\/national\/\" rel=\"category tag\">Na\u021bional<\/a>\u00a0<a href=\"http:\/\/www.ziaruldevaslui.ro\/recomandate\/\" rel=\"category tag\">RECOMANDATE<\/a>\u00a0<\/span><\/div>\n<header class=\"entry-header\">\n<h1 class=\"entry-title\">\n\t\t\t\tSMURD Ia\u015fi, \u00een doliu. Cine sunt cei patru membri ai echipajului care \u0219i-au pierdut via\u021ba \u00een misiune\t\t\t<\/h1>\n<\/header>\n<div class=\"below-entry-meta\"><span class=\"posted-on\"><a href=\"http:\/\/www.ziaruldevaslui.ro\/smurd-iasi-in-doliu-cine-sunt-cei-patru-membri-ai-echipajului-care-si-au-pierdut-viata-in-misiune\/\" title=\"19:46\" rel=\"bookmark\"><time class=\"entry-date published\" datetime=\"2016-06-02T19:46:38+02:00\">2 iunie 2016<\/time><time class=\"updated\" datetime=\"2016-06-02T19:46:51+02:00\">2 iunie 2016<\/time><\/a><\/span><span class=\"byline\"><span class=\"author vcard\"><a class=\"url fn n\" href=\"http:\/\/www.ziaruldevaslui.ro\/author\/rodan-mihai\/\" title=\"Mihai Rodan\"><br \/>\n\t\t\t\t\t\tMihai Rodan\t\t\t\t\t<\/a><\/span><\/span><span class=\"comments\"><a href=\"http:\/\/www.ziaruldevaslui.ro\/smurd-iasi-in-doliu-cine-sunt-cei-patru-membri-ai-echipajului-care-si-au-pierdut-viata-in-misiune\/#respond\"> Niciun comentariu<\/a><\/span><span class=\"tag-links\"><a href=\"http:\/\/www.ziaruldevaslui.ro\/tag\/doliu\/\" rel=\"tag\">doliu<\/a>, <a href=\"http:\/\/www.ziaruldevaslui.ro\/tag\/elicopter-prabusit\/\" rel=\"tag\">elicopter prabusit<\/a>, <a href=\"http:\/\/www.ziaruldevaslui.ro\/tag\/smurd-iasi\/\" rel=\"tag\">SMURD Iasi<\/a>, <a href=\"http:\/\/www.ziaruldevaslui.ro\/tag\/victime\/\" rel=\"tag\">victime<\/a><\/span><\/div>\n<div class=\"entry-content clearfix\">\n<p><strong>Joi, 2 mai, \u00een jurul orelor 14.23, Autoritatea Aeronautic\u0103 din Republica Moldova a informat Centrul Opera\u021bional de la Unitatea Special\u0103 de Avia\u021bie Ia\u0219i a MAI c\u0103 a pierdut leg\u0103tura radio cu elicopterul SMURD care opera pe raza Republicii Moldova \u00een baza acordului transfrontalier de cooperare \u00een domeniul acord\u0103rii ajutorului medical de urgen\u021b\u0103. La nivelul MAI, a fost convocat\u0103 imediat celula de criz\u0103 pentru gestionarea situa\u021biei. \u00cen jurul orei 15.00 s-m primit confirmarea, de la for\u021bele ajunse la fa\u021ba locului \u00eentr-o regiune \u00eemp\u0103durit\u0103 din zona localit\u0103\u021bii Harag\u00ee\u0219 din raionul Cantemir din Republica Moldova, c\u0103 a fost g\u0103sit\u0103 epava elicopterului, iar cele 4 persoane aflate la bord sunt decedate.<\/strong><\/p>\n<p>Cei patru sunt:<br \/><strong>Comandantul echipajului \u2013 comandor Gavril Doru, 53 de ani,<\/strong> \u00eemputernicit comandant al Unit\u0103\u021bii Speciale de Avia\u021bie Ia\u0219i. Acesta era \u00eencadrat \u00een structuri militare din 23.08.1985, iar \u00een Ministerul Afacerilor Interne din 01.05.2005 \u0219i avea o experien\u021b\u0103 de zbor pe elicopter de 4181 ore, era absolvent al \u0218colii Militare de Ofi\u021beri de Avia\u021bie Aurel Vlaicu, era c\u0103s\u0103torit \u0219i avea un copil.<\/p>\n<p><strong>Copilotul \u2013 c\u0103pitan-comandor \u0218ocae Voicu, 36 de ani,<\/strong> pilot de elicopter, \u00eencadrat \u00een structuri militare din 26.07.2003, iar in Ministerul Afacerilor Interne din 01.09.2008. Acesta avea o experien\u021b\u0103 de zbor pe elicopter de 1480 de ore, era absolvent al Academiei For\u021belor Aeriene Henri Coand\u0103 Bra\u0219ov din 2003, era c\u0103s\u0103torit \u0219i avea doi copii.<\/p>\n<p><strong>Dr. Dumea Mihaela \u2013 39 de ani, medic specialist medicin\u0103 de urgen\u021b\u0103,<\/strong> asistent universitar la Universitatea de medicina si farmacie \u201eGr. T. Popa\u201d Iasi, \u00eencadrat\u0103 la U.P.U. SMURD Ia\u0219i de 11 ani, avea o experien\u021b\u0103 de 5 ani pe elicopter, era c\u0103s\u0103torit\u0103 \u0219i avea un copil.<\/p>\n<p><strong>As. Sandu Gabriel \u2013 asistent medical principal medicin\u0103 de urgen\u021b\u0103, avea 38 de ani,<\/strong> era \u00eencadrat la U.P.U. SMURD Ia\u0219i de 16 ani, avea o experien\u021b\u0103 de 11 ani pe elicopter, era c\u0103s\u0103torit \u0219i avea un copil.<\/p>\n<p>Misiunea de ast\u0103zi era al 12-lea zbor al acestui elicopter \u00een Republica Moldova, \u00een baza acordului transfrontalier pentru interven\u021bii \u00een caz de urgen\u021be medicale.<\/p>\n<p>Referitor la misiunea elicopterului, MAI a confirmat c\u0103, la ora 9.55, aeronava a decolat de la Ia\u0219i cu direc\u021bia Vulc\u0103ne\u0219ti, Republica Moldova unde a aterizat la ora 11.<br \/>\nLa ora 11.30 a preluat o femeie \u00een v\u00e2rst\u0103 de 85 de ani cu bronhopneumonie pe care a transportat-o la Chi\u0219in\u0103u. Dup\u0103 predarea pacientei, elicopterul alimenteaz\u0103 \u0219i decoleaz\u0103 din nou \u00een jurul orei 13.10 c\u0103tre Cahul, \u00eentr-o misiune aeromedical\u0103 pentru salvarea unei persoane \u00een v\u00e2rst\u0103 de 64 de ani cu accident vascular cerebral. \u00cenainte de a ajunge la pacient, a avut loc accidentul.<\/p>\n<p>Aeronava este de tip EC 135, cu nr. de \u00eenmatriculare 347, fabricat\u0103 \u00een august 2014 \u0219i a c\u0103rei ultim\u0103 inspec\u021bie periodic\u0103 a avut loc \u00een februarie 2016. La bordul aeronavei se aflau patru persoane: pilot, copilot, medic \u0219i asistent medical. Medicul avea o experien\u021b\u0103 de 5 ani pe elicopterul SMURD iar asistentul medical, de 11 ani. Pilotul avea o experien\u021b\u0103 pe elicopter de 4.181 de ore de zbor iar copilotul de 1.480 de ore. MAI a luat decizia ca toate aeronavele EC 135 s\u0103 r\u0103m\u00e2n\u0103 la sol.<\/p>\n<p>Dup\u0103 confirmarea accidentului aviatic, ministrul afacerilor interne Petre Tob\u0103 l-a contactat pe omologul moldovean domnul Alexandru Jizdan care, \u00een discu\u021bia telefonic\u0103, a reconfirmat producerea accidentului \u0219i decesul membrilor echipajului.<\/p>\n<p>Ministrul Petre Tob\u0103 a pus la dispozi\u021bia autorit\u0103\u021bilor din Republica Moldova resurse ale Poli\u021biei Rom\u00e2ne pentru participarea la cercetarea \u00eemprejur\u0103rilor producerii acestui accident aviatic. Totodat\u0103, l-a informat pe premierul Dacian Ciolo\u0219 despre producerea accidentului \u0219i a dispus ca domnul Raed Arafat, \u0219ef al DSU, s\u0103 se deplaseze \u00een Republica Moldova.\u00a0 Celula de criz\u0103 convocat\u0103 la MAI r\u0103m\u00e2ne \u00een continuare activat\u0103 \u0219i \u00een leg\u0103tur\u0103 cu autorit\u0103\u021bile din Republica Moldova implicate \u00een cercetarea accidentului aviatic. Cercetarea la fa\u021ba locului este coordonat\u0103 de Procurorul General interimar \u0219i adjunctul \u0219efului Poli\u021biei Na\u021bionale din Republica Moldova.<\/p>\n<aside class=\"mashsb-container mashsb-main \">\n<div class=\"mashsb-box\">\n<div class=\"mashsb-count mash-medium\">\n<div class=\"counts mashsbcount\">32<\/div>\n<p><span class=\"mashsb-sharetext\">SHARES<\/span><\/div>\n<div class=\"mashsb-buttons\"><a class=\"mashicon-facebook mash-medium mashsb-noshadow\" href=\"https:\/\/www.facebook.com\/sharer.php?u=http%3A%2F%2Fwww.ziaruldevaslui.ro%2Fsmurd-iasi-in-doliu-cine-sunt-cei-patru-membri-ai-echipajului-care-si-au-pierdut-viata-in-misiune%2F\" target=\"_top\" rel=\"nofollow\"><span class=\"text\">Share\u00a0pe\u00a0facebook<\/span><\/a><a class=\"mashicon-twitter mash-medium mashsb-noshadow\" href=\"https:\/\/twitter.com\/intent\/tweet?text=SMURD%20Ia%C5%9Fi%2C%20%C3%AEn%20doliu.%20Cine%20sunt%20cei%20patru%20membri%20ai%20echipajului%20care%20%C8%99i-au%20pierdut%20via%C8%9Ba%20%C3%AEn%20misiune&amp;url=http:\/\/www.ziaruldevaslui.ro\/?p=5147\" target=\"_top\" rel=\"nofollow\"><span class=\"text\">Share\u00a0pe\u00a0twitter<\/span><\/a><\/div>\n<\/div>\n<\/aside>\n<\/div>\n<\/div>\n<div class=\"entry-content clearfix\">\n<p><strong>Joi, 2 mai, \u00een jurul orelor 14.23, Autoritatea Aeronautic\u0103 din Republica Moldova a informat Centrul Opera\u021bional de la Unitatea Special\u0103 de Avia\u021bie Ia\u0219i a MAI c\u0103 a pierdut leg\u0103tura radio cu elicopterul SMURD care opera pe raza Republicii Moldova \u00een baza acordului transfrontalier de cooperare \u00een domeniul acord\u0103rii ajutorului medical de urgen\u021b\u0103. La nivelul MAI, a fost convocat\u0103 imediat celula de criz\u0103 pentru gestionarea situa\u021biei. \u00cen jurul orei 15.00 s-m primit confirmarea, de la for\u021bele ajunse la fa\u021ba locului \u00eentr-o regiune \u00eemp\u0103durit\u0103 din zona localit\u0103\u021bii Harag\u00ee\u0219 din raionul Cantemir din Republica Moldova, c\u0103 a fost g\u0103sit\u0103 epava elicopterului, iar cele 4 persoane aflate la bord sunt decedate.<\/strong><\/p>\n<p>Cei patru sunt:<br \/><strong>Comandantul echipajului \u2013 comandor Gavril Doru, 53 de ani,<\/strong> \u00eemputernicit comandant al Unit\u0103\u021bii Speciale de Avia\u021bie Ia\u0219i. Acesta era \u00eencadrat \u00een structuri militare din 23.08.1985, iar \u00een Ministerul Afacerilor Interne din 01.05.2005 \u0219i avea o experien\u021b\u0103 de zbor pe elicopter de 4181 ore, era absolvent al \u0218colii Militare de Ofi\u021beri de Avia\u021bie Aurel Vlaicu, era c\u0103s\u0103torit \u0219i avea un copil.<\/p>\n<p><strong>Copilotul \u2013 c\u0103pitan-comandor \u0218ocae Voicu, 36 de ani,<\/strong> pilot de elicopter, \u00eencadrat \u00een structuri militare din 26.07.2003, iar in Ministerul Afacerilor Interne din 01.09.2008. Acesta avea o experien\u021b\u0103 de zbor pe elicopter de 1480 de ore, era absolvent al Academiei For\u021belor Aeriene Henri Coand\u0103 Bra\u0219ov din 2003, era c\u0103s\u0103torit \u0219i avea doi copii.<\/p>\n<p><strong>Dr. Dumea Mihaela \u2013 39 de ani, medic specialist medicin\u0103 de urgen\u021b\u0103,<\/strong> asistent universitar la Universitatea de medicina si farmacie \u201eGr. T. Popa\u201d Iasi, \u00eencadrat\u0103 la U.P.U. SMURD Ia\u0219i de 11 ani, avea o experien\u021b\u0103 de 5 ani pe elicopter, era c\u0103s\u0103torit\u0103 \u0219i avea un copil.<\/p>\n<p><strong>As. Sandu Gabriel \u2013 asistent medical principal medicin\u0103 de urgen\u021b\u0103, avea 38 de ani,<\/strong> era \u00eencadrat la U.P.U. SMURD Ia\u0219i de 16 ani, avea o experien\u021b\u0103 de 11 ani pe elicopter, era c\u0103s\u0103torit \u0219i avea un copil.<\/p>\n<p>Misiunea de ast\u0103zi era al 12-lea zbor al acestui elicopter \u00een Republica Moldova, \u00een baza acordului transfrontalier pentru interven\u021bii \u00een caz de urgen\u021be medicale.<\/p>\n<p>Referitor la misiunea elicopterului, MAI a confirmat c\u0103, la ora 9.55, aeronava a decolat de la Ia\u0219i cu direc\u021bia Vulc\u0103ne\u0219ti, Republica Moldova unde a aterizat la ora 11.<br \/>\nLa ora 11.30 a preluat o femeie \u00een v\u00e2rst\u0103 de 85 de ani cu bronhopneumonie pe care a transportat-o la Chi\u0219in\u0103u. Dup\u0103 predarea pacientei, elicopterul alimenteaz\u0103 \u0219i decoleaz\u0103 din nou \u00een jurul orei 13.10 c\u0103tre Cahul, \u00eentr-o misiune aeromedical\u0103 pentru salvarea unei persoane \u00een v\u00e2rst\u0103 de 64 de ani cu accident vascular cerebral. \u00cenainte de a ajunge la pacient, a avut loc accidentul.<\/p>\n<p>Aeronava este de tip EC 135, cu nr. de \u00eenmatriculare 347, fabricat\u0103 \u00een august 2014 \u0219i a c\u0103rei ultim\u0103 inspec\u021bie periodic\u0103 a avut loc \u00een februarie 2016. La bordul aeronavei se aflau patru persoane: pilot, copilot, medic \u0219i asistent medical. Medicul avea o experien\u021b\u0103 de 5 ani pe elicopterul SMURD iar asistentul medical, de 11 ani. Pilotul avea o experien\u021b\u0103 pe elicopter de 4.181 de ore de zbor iar copilotul de 1.480 de ore. MAI a luat decizia ca toate aeronavele EC 135 s\u0103 r\u0103m\u00e2n\u0103 la sol.<\/p>\n<p>Dup\u0103 confirmarea accidentului aviatic, ministrul afacerilor interne Petre Tob\u0103 l-a contactat pe omologul moldovean domnul Alexandru Jizdan care, \u00een discu\u021bia telefonic\u0103, a reconfirmat producerea accidentului \u0219i decesul membrilor echipajului.<\/p>\n<p>Ministrul Petre Tob\u0103 a pus la dispozi\u021bia autorit\u0103\u021bilor din Republica Moldova resurse ale Poli\u021biei Rom\u00e2ne pentru participarea la cercetarea \u00eemprejur\u0103rilor producerii acestui accident aviatic. Totodat\u0103, l-a informat pe premierul Dacian Ciolo\u0219 despre producerea accidentului \u0219i a dispus ca domnul Raed Arafat, \u0219ef al DSU, s\u0103 se deplaseze \u00een Republica Moldova.\u00a0 Celula de criz\u0103 convocat\u0103 la MAI r\u0103m\u00e2ne \u00een continuare activat\u0103 \u0219i \u00een leg\u0103tur\u0103 cu autorit\u0103\u021bile din Republica Moldova implicate \u00een cercetarea accidentului aviatic. Cercetarea la fa\u021ba locului este coordonat\u0103 de Procurorul General interimar \u0219i adjunctul \u0219efului Poli\u021biei Na\u021bionale din Republica Moldova.<\/p>\n<aside class=\"mashsb-container mashsb-main \">\n<div class=\"mashsb-box\">\n<div class=\"mashsb-count mash-medium\">\n<div class=\"counts mashsbcount\">32<\/div>\n<p><span class=\"mashsb-sharetext\">SHARES<\/span><\/div>\n<div class=\"mashsb-buttons\"><a class=\"mashicon-facebook mash-medium mashsb-noshadow\" href=\"https:\/\/www.facebook.com\/sharer.php?u=http%3A%2F%2Fwww.ziaruldevaslui.ro%2Fsmurd-iasi-in-doliu-cine-sunt-cei-patru-membri-ai-echipajului-care-si-au-pierdut-viata-in-misiune%2F\" target=\"_top\" rel=\"nofollow\"><span class=\"text\">Share\u00a0pe\u00a0facebook<\/span><\/a><a class=\"mashicon-twitter mash-medium mashsb-noshadow\" href=\"https:\/\/twitter.com\/intent\/tweet?text=SMURD%20Ia%C5%9Fi%2C%20%C3%AEn%20doliu.%20Cine%20sunt%20cei%20patru%20membri%20ai%20echipajului%20care%20%C8%99i-au%20pierdut%20via%C8%9Ba%20%C3%AEn%20misiune&amp;url=http:\/\/www.ziaruldevaslui.ro\/?p=5147\" target=\"_top\" rel=\"nofollow\"><span class=\"text\">Share\u00a0pe\u00a0twitter<\/span><\/a><\/div>\n<\/div>\n<\/aside>\n<\/div>\n<div class=\"article-content\">\n<h3 class=\"entry-title\"><a href=\"http:\/\/www.ziaruldevaslui.ro\/barbat-cu-probleme-psihice-dat-disparut-apelati-112-daca-il-vedeti\/\" rel=\"bookmark\" title=\"B\u0103rbat cu probleme psihice, dat disp\u0103rut! Dac\u0103 \u00eel vede\u021bi apela\u021bi 112\"><br \/>\n\t\t\t\t\t\t\t\tB\u0103rbat cu probleme psihice, dat disp\u0103rut! Dac\u0103 \u00eel vede\u021bi apela\u021bi 112\t\t\t\t\t\t\t<\/a><\/h3>\n<div class=\"below-entry-meta\"><span class=\"posted-on\"><a href=\"http:\/\/www.ziaruldevaslui.ro\/barbat-cu-probleme-psihice-dat-disparut-apelati-112-daca-il-vedeti\/\" title=\"16:47\" rel=\"bookmark\"><time class=\"entry-date published\" datetime=\"2024-02-09T16:47:28+02:00\">9 februarie 2024<\/time><time class=\"updated\" datetime=\"2024-02-09T16:48:34+02:00\">9 februarie 2024<\/time><\/a><\/span><span class=\"byline\"><span class=\"author vcard\"><a class=\"url fn n\" href=\"http:\/\/www.ziaruldevaslui.ro\/author\/admin\/\" title=\"Ziarul de Vaslui\"><br \/>\n\t\t\t\t\t\tZiarul de Vaslui\t\t\t\t\t<\/a><\/span><\/span><\/div>\n<\/div>\n<div class=\"article-content\">\n<h3 class=\"entry-title\"><a href=\"http:\/\/www.ziaruldevaslui.ro\/biciclist-din-dumesti-accidentat-mortal\/\" rel=\"bookmark\" title=\"Biciclist din Dume\u0219ti, accidentat mortal\"><br \/>\n\t\t\t\t\t\t\t\tBiciclist din Dume\u0219ti, accidentat mortal\t\t\t\t\t\t\t<\/a><\/h3>\n<div class=\"below-entry-meta\"><span class=\"posted-on\"><a href=\"http:\/\/www.ziaruldevaslui.ro\/biciclist-din-dumesti-accidentat-mortal\/\" title=\"13:43\" rel=\"bookmark\"><time class=\"entry-date published updated\" datetime=\"2016-06-20T13:43:52+02:00\">20 iunie 2016<\/time><\/a><\/span><span class=\"byline\"><span class=\"author vcard\"><a class=\"url fn n\" href=\"http:\/\/www.ziaruldevaslui.ro\/author\/admin\/\" title=\"Ziarul de Vaslui\"><br \/>\n\t\t\t\t\t\tZiarul de Vaslui\t\t\t\t\t<\/a><\/span><\/span><span class=\"comments\"><a href=\"http:\/\/www.ziaruldevaslui.ro\/biciclist-din-dumesti-accidentat-mortal\/#respond\">0<\/a><\/span><\/div>\n<\/div>\n<div class=\"article-content\">\n<h3 class=\"entry-title\"><a href=\"http:\/\/www.ziaruldevaslui.ro\/acum-descinderi-la-persoane-banuite-de-contrabanda-cu-articole-pirotehnice\/\" rel=\"bookmark\" title=\"Acum: Descinderi la persoane b\u0103nuite de contraband\u0103 cu articole pirotehnice\"><br \/>\n\t\t\t\t\t\t\t\tAcum: Descinderi la persoane b\u0103nuite de contraband\u0103 cu articole pirotehnice\t\t\t\t\t\t\t<\/a><\/h3>\n<div class=\"below-entry-meta\"><span class=\"posted-on\"><a href=\"http:\/\/www.ziaruldevaslui.ro\/acum-descinderi-la-persoane-banuite-de-contrabanda-cu-articole-pirotehnice\/\" title=\"10:14\" rel=\"bookmark\"><time class=\"entry-date published\" datetime=\"2016-12-22T10:14:46+02:00\">22 decembrie 2016<\/time><time class=\"updated\" datetime=\"2016-12-22T10:15:32+02:00\">22 decembrie 2016<\/time><\/a><\/span><span class=\"byline\"><span class=\"author vcard\"><a class=\"url fn n\" href=\"http:\/\/www.ziaruldevaslui.ro\/author\/mihaela-zarnescu\/\" title=\"Mihaela Z\u0103rnescu\"><br \/>\n\t\t\t\t\t\tMihaela Z\u0103rnescu\t\t\t\t\t<\/a><\/span><\/span><span class=\"comments\"><a href=\"http:\/\/www.ziaruldevaslui.ro\/acum-descinderi-la-persoane-banuite-de-contrabanda-cu-articole-pirotehnice\/#respond\">0<\/a><\/span><\/div>\n<\/div>\n<div class=\"article-content\">\n<div class=\"above-entry-meta\"><span class=\"cat-links\"><a href=\"http:\/\/www.ziaruldevaslui.ro\/local\/\" rel=\"category tag\">Local<\/a>\u00a0<a href=\"http:\/\/www.ziaruldevaslui.ro\/tabloul-principal\/\" rel=\"category tag\">NOUT\u0102\u021aI<\/a>\u00a0<a href=\"http:\/\/www.ziaruldevaslui.ro\/opinii\/\" rel=\"category tag\">Opinii<\/a>\u00a0<\/span><\/div>\n<h3 class=\"entry-title\"><a href=\"http:\/\/www.ziaruldevaslui.ro\/stand-up-comedy-cu-ionel-sandu-de-la-aur-spatiile-pentru-copiii-cu-autism-sunt-bazaconii\/\" title=\"Stand Up Comedy cu Ionel Sandu, candidat AUR: spa\u021biile pentru copiii cu autism sunt \u201ebazaconii\u201d\"><br \/>\n\t\t\t\tStand Up Comedy cu Ionel Sandu, candidat AUR: spa\u021biile pentru copiii cu autism sunt \u201ebazaconii\u201d\t\t\t<\/a><\/h3>\n<div class=\"below-entry-meta\"><span class=\"posted-on\"><a href=\"http:\/\/www.ziaruldevaslui.ro\/stand-up-comedy-cu-ionel-sandu-de-la-aur-spatiile-pentru-copiii-cu-autism-sunt-bazaconii\/\" title=\"22:46\" rel=\"bookmark\"><time class=\"entry-date published\" datetime=\"2024-03-14T22:46:43+02:00\">14 martie 2024<\/time><time class=\"updated\" datetime=\"2024-03-15T08:54:58+02:00\">15 martie 2024<\/time><\/a><\/span><span class=\"byline\"><span class=\"author vcard\"><a class=\"url fn n\" href=\"http:\/\/www.ziaruldevaslui.ro\/author\/admin\/\" title=\"Ziarul de Vaslui\"><br \/>\n\t\t\t\t\tZiarul de Vaslui\t\t\t\t<\/a><\/span><\/span><\/div>\n<div class=\"entry-content\">\n<p>Ini\u021bial am crezut c\u0103 Ionel Sandu s-a apucat de Stand Up Comedy. Cu afacerile nu st\u0103 extraordinar, cu politica nici<\/p>\n<\/div>\n<\/div>\n<div class=\"entry-content\">\n<p>Ini\u021bial am crezut c\u0103 Ionel Sandu s-a apucat de Stand Up Comedy. Cu afacerile nu st\u0103 extraordinar, cu politica nici<\/p>\n<\/div>\n<div class=\"article-content\">\n<div class=\"above-entry-meta\"><span class=\"cat-links\"><a href=\"http:\/\/www.ziaruldevaslui.ro\/literatura\/\" rel=\"category tag\">Literatur\u0103<\/a>\u00a0<a href=\"http:\/\/www.ziaruldevaslui.ro\/magazin\/\" rel=\"category tag\">Magazin<\/a>\u00a0<a href=\"http:\/\/www.ziaruldevaslui.ro\/opinii\/\" rel=\"category tag\">Opinii<\/a>\u00a0<\/span><\/div>\n<h3 class=\"entry-title\"><a href=\"http:\/\/www.ziaruldevaslui.ro\/pledoarie-pentru-o-carte-pe-zi\/\" title=\"Pledoarie pentru \u2026 o carte pe zi\"><br \/>\n\t\t\t\tPledoarie pentru \u2026 o carte pe zi\t\t\t<\/a><\/h3>\n<div class=\"below-entry-meta\"><span class=\"posted-on\"><a href=\"http:\/\/www.ziaruldevaslui.ro\/pledoarie-pentru-o-carte-pe-zi\/\" title=\"09:48\" rel=\"bookmark\"><time class=\"entry-date published\" datetime=\"2021-11-13T09:48:23+02:00\">13 noiembrie 2021<\/time><time class=\"updated\" datetime=\"2022-05-04T20:22:06+02:00\">4 mai 2022<\/time><\/a><\/span><span class=\"byline\"><span class=\"author vcard\"><a class=\"url fn n\" href=\"http:\/\/www.ziaruldevaslui.ro\/author\/admin\/\" title=\"Ziarul de Vaslui\"><br \/>\n\t\t\t\t\tZiarul de Vaslui\t\t\t\t<\/a><\/span><\/span><\/div>\n<\/div>\n<div class=\"article-content\">\n<div class=\"above-entry-meta\"><span class=\"cat-links\"><a href=\"http:\/\/www.ziaruldevaslui.ro\/local\/\" rel=\"category tag\">Local<\/a>\u00a0<a href=\"http:\/\/www.ziaruldevaslui.ro\/tabloul-principal\/\" rel=\"category tag\">NOUT\u0102\u021aI<\/a>\u00a0<a href=\"http:\/\/www.ziaruldevaslui.ro\/oameni-si-locuri\/\" rel=\"category tag\">Oameni si locuri<\/a>\u00a0<a href=\"http:\/\/www.ziaruldevaslui.ro\/opinii\/\" rel=\"category tag\">Opinii<\/a>\u00a0<\/span><\/div>\n<h3 class=\"entry-title\"><a href=\"http:\/\/www.ziaruldevaslui.ro\/vasluianca-madalina-tudorache-admisa-ca-doctorand-la-oxford-interviu\/\" title=\"Vasluianca M\u0103d\u0103lina Tudorache, admis\u0103 ca doctorand la Oxford\"><br \/>\n\t\t\t\tVasluianca M\u0103d\u0103lina Tudorache, admis\u0103 ca doctorand la Oxford\t\t\t<\/a><\/h3>\n<div class=\"below-entry-meta\"><span class=\"posted-on\"><a href=\"http:\/\/www.ziaruldevaslui.ro\/vasluianca-madalina-tudorache-admisa-ca-doctorand-la-oxford-interviu\/\" title=\"09:24\" rel=\"bookmark\"><time class=\"entry-date published\" datetime=\"2020-07-21T09:24:55+02:00\">21 iulie 2020<\/time><time class=\"updated\" datetime=\"2021-12-15T08:32:02+02:00\">15 decembrie 2021<\/time><\/a><\/span><span class=\"byline\"><span class=\"author vcard\"><a class=\"url fn n\" href=\"http:\/\/www.ziaruldevaslui.ro\/author\/admin\/\" title=\"Ziarul de Vaslui\"><br \/>\n\t\t\t\t\tZiarul de Vaslui\t\t\t\t<\/a><\/span><\/span><\/div>\n<\/div>\n<div class=\"article-content\">\n<div class=\"above-entry-meta\"><span class=\"cat-links\"><a href=\"http:\/\/www.ziaruldevaslui.ro\/local\/\" rel=\"category tag\">Local<\/a>\u00a0<a href=\"http:\/\/www.ziaruldevaslui.ro\/tabloul-principal\/\" rel=\"category tag\">NOUT\u0102\u021aI<\/a>\u00a0<a href=\"http:\/\/www.ziaruldevaslui.ro\/oameni-si-locuri\/\" rel=\"category tag\">Oameni si locuri<\/a>\u00a0<a href=\"http:\/\/www.ziaruldevaslui.ro\/opinii\/\" rel=\"category tag\">Opinii<\/a>\u00a0<\/span><\/div>\n<h3 class=\"entry-title\"><a href=\"http:\/\/www.ziaruldevaslui.ro\/manifestul-unui-eleve-de-clasa-a-12-a-din-vaslui-cel-mai-mare-vis-al-nostru-era-sa-imbracam-roba\/\" title=\"Manifestul unei eleve de clasa a 12-a din Vaslui: \u201eCel mai mare vis al nostru era s\u0103 \u00eembr\u0103c\u0103m roba\u201d\"><br \/>\n\t\t\t\tManifestul unei eleve de clasa a 12-a din Vaslui: \u201eCel mai mare vis al nostru era s\u0103 \u00eembr\u0103c\u0103m roba\u201d\t\t\t<\/a><\/h3>\n<div class=\"below-entry-meta\"><span class=\"posted-on\"><a href=\"http:\/\/www.ziaruldevaslui.ro\/manifestul-unui-eleve-de-clasa-a-12-a-din-vaslui-cel-mai-mare-vis-al-nostru-era-sa-imbracam-roba\/\" title=\"21:33\" rel=\"bookmark\"><time class=\"entry-date published\" datetime=\"2020-05-02T21:33:04+02:00\">2 mai 2020<\/time><time class=\"updated\" datetime=\"2020-05-03T18:03:27+02:00\">3 mai 2020<\/time><\/a><\/span><span class=\"byline\"><span class=\"author vcard\"><a class=\"url fn n\" href=\"http:\/\/www.ziaruldevaslui.ro\/author\/admin\/\" title=\"Ziarul de Vaslui\"><br \/>\n\t\t\t\t\tZiarul de Vaslui\t\t\t\t<\/a><\/span><\/span><\/div>\n<\/div>\n<p> Source URL: http:\/\/www.ziaruldevaslui.ro\/smurd-iasi-in-doliu-cine-sunt-cei-patru-membri-ai-echipajului-care-si-au-pierdut-viata-in-misiune\/<\/p>\n","protected":false},"excerpt":{"rendered":"<p>Na\u021bional\u00a0RECOMANDATE\u00a0 SMURD Ia\u015fi, \u00een doliu. Cine sunt cei patru membri ai echipajului care \u0219i-au pierdut via\u021ba \u00een misiune 2 iunie 20162 iunie 2016 Mihai Rodan Niciun comentariudoliu, elicopter prabusit, SMURD Iasi, victime Joi, 2 mai, \u00een jurul orelor 14.23, Autoritatea Aeronautic\u0103 din Republica Moldova a informat Centrul Opera\u021bional de la Unitatea Special\u0103 de Avia\u021bie Ia\u0219i [&hellip;]<\/p>\n","protected":false},"author":1,"featured_media":1521203,"comment_status":"open","ping_status":"","sticky":false,"template":"","format":"standard","meta":{"footnotes":""},"categories":[89],"tags":[218],"class_list":["post-1521200","post","type-post","status-publish","format-standard","has-post-thumbnail","hentry","category-romania","tag-ziaruldevaslui-ro"],"_links":{"self":[{"href":"https:\/\/analyse.optim.biz\/index.php?rest_route=\/wp\/v2\/posts\/1521200","targetHints":{"allow":["GET"]}}],"collection":[{"href":"https:\/\/analyse.optim.biz\/index.php?rest_route=\/wp\/v2\/posts"}],"about":[{"href":"https:\/\/analyse.optim.biz\/index.php?rest_route=\/wp\/v2\/types\/post"}],"author":[{"embeddable":true,"href":"https:\/\/analyse.optim.biz\/index.php?rest_route=\/wp\/v2\/users\/1"}],"replies":[{"embeddable":true,"href":"https:\/\/analyse.optim.biz\/index.php?rest_route=%2Fwp%2Fv2%2Fcomments&post=1521200"}],"version-history":[{"count":0,"href":"https:\/\/analyse.optim.biz\/index.php?rest_route=\/wp\/v2\/posts\/1521200\/revisions"}],"wp:featuredmedia":[{"embeddable":true,"href":"https:\/\/analyse.optim.biz\/index.php?rest_route=\/wp\/v2\/media\/1521203"}],"wp:attachment":[{"href":"https:\/\/analyse.optim.biz\/index.php?rest_route=%2Fwp%2Fv2%2Fmedia&parent=1521200"}],"wp:term":[{"taxonomy":"category","embeddable":true,"href":"https:\/\/analyse.optim.biz\/index.php?rest_route=%2Fwp%2Fv2%2Fcategories&post=1521200"},{"taxonomy":"post_tag","embeddable":true,"href":"https:\/\/analyse.optim.biz\/index.php?rest_route=%2Fwp%2Fv2%2Ftags&post=1521200"}],"curies":[{"name":"wp","href":"https:\/\/api.w.org\/{rel}","templated":true}]}}