{"id":1521160,"date":"2016-06-04T11:23:53","date_gmt":"2016-06-04T08:23:53","guid":{"rendered":"https:\/\/analyse.optim.biz\/?p=1521160"},"modified":"2016-06-04T11:23:53","modified_gmt":"2016-06-04T08:23:53","slug":"salvatorii-smurd-care-au-murit-in-republica-moldova-decorati-post-mortem","status":"publish","type":"post","link":"https:\/\/analyse.optim.biz\/?p=1521160","title":{"rendered":"Salvatorii SMURD care au murit \u00een Republica Moldova, decora\u021bi post-mortem"},"content":{"rendered":"<article id=\"post-5363\" class=\"post-5363 post type-post status-publish format-standard has-post-thumbnail hentry category-national category-recomandate tag-elicopter tag-prabusit tag-republica-moldova tag-salvatori tag-smurd\">\n<div class=\"featured-image\"><a href=\"https:\/\/analyse.optim.biz\/wp-content\/uploads\/2026\/01\/salvatori-smurd-post-mortem-1.jpg\" class=\"image-popup\"><img decoding=\"async\" width=\"600\" height=\"440\" src=\"https:\/\/analyse.optim.biz\/wp-content\/uploads\/2026\/01\/salvatori-smurd-post-mortem-1.jpg\" class=\"attachment-colormag-featured-image size-colormag-featured-image wp-post-image\" loading=\"lazy\" title=\"salvatori-smurd-post-mortem-1\"><\/a><\/div>\n<div class=\"article-content clearfix\">\n<div class=\"above-entry-meta\"><span class=\"cat-links\"><a href=\"http:\/\/www.ziaruldevaslui.ro\/national\/\" rel=\"category tag\">Na\u021bional<\/a>\u00a0<a href=\"http:\/\/www.ziaruldevaslui.ro\/recomandate\/\" rel=\"category tag\">RECOMANDATE<\/a>\u00a0<\/span><\/div>\n<header class=\"entry-header\">\n<h1 class=\"entry-title\">\n\t\t\t\tSalvatorii SMURD care au murit \u00een Republica Moldova, decora\u021bi post-mortem\t\t\t<\/h1>\n<\/header>\n<div class=\"below-entry-meta\"><span class=\"posted-on\"><a href=\"http:\/\/www.ziaruldevaslui.ro\/salvatorii-smurd-care-au-murit-in-republica-moldova-decorati-post-mortem\/\" title=\"13:23\" rel=\"bookmark\"><time class=\"entry-date published\" datetime=\"2016-06-04T13:23:53+02:00\">4 iunie 2016<\/time><time class=\"updated\" datetime=\"2016-06-04T13:24:17+02:00\">4 iunie 2016<\/time><\/a><\/span><span class=\"byline\"><span class=\"author vcard\"><a class=\"url fn n\" href=\"http:\/\/www.ziaruldevaslui.ro\/author\/admin\/\" title=\"Ziarul de Vaslui\"><br \/>\n\t\t\t\t\t\tZiarul de Vaslui\t\t\t\t\t<\/a><\/span><\/span><span class=\"comments\"><a href=\"http:\/\/www.ziaruldevaslui.ro\/salvatorii-smurd-care-au-murit-in-republica-moldova-decorati-post-mortem\/#respond\"> Niciun comentariu<\/a><\/span><span class=\"tag-links\"><a href=\"http:\/\/www.ziaruldevaslui.ro\/tag\/elicopter\/\" rel=\"tag\">elicopter<\/a>, <a href=\"http:\/\/www.ziaruldevaslui.ro\/tag\/prabusit\/\" rel=\"tag\">prabusit<\/a>, <a href=\"http:\/\/www.ziaruldevaslui.ro\/tag\/republica-moldova\/\" rel=\"tag\">republica moldova<\/a>, <a href=\"http:\/\/www.ziaruldevaslui.ro\/tag\/salvatori\/\" rel=\"tag\">salvatori<\/a>, <a href=\"http:\/\/www.ziaruldevaslui.ro\/tag\/smurd\/\" rel=\"tag\">smurd<\/a><\/span><\/div>\n<div class=\"entry-content clearfix\">\n<p><strong>Pre\u0219edintele Klaus Iohannis a semnat, s\u00e2mb\u0103t\u0103, decretele de decorare post-mortem a salvatorilor SMURD care \u0219i-au pierdut via\u021ba dup\u0103 ce s-au pr\u0103bu\u0219it joi cu elicopterul \u00een Republica Moldova.<\/strong><\/p>\n<p>\u201ePre\u0219edintele Rom\u00e2niei, Klaus Iohannis, a semnat, s\u00e2mb\u0103t\u0103, decretele de decorare post-mortem a medicului Dumea Mihaela, a asistentului medical principal Sandu Adrian-Gabriel, a comandorului Gavril Ilie Doru \u0219i a c\u0103pitan-comandorului \u0218ocae Constantin Voicu, c\u0103zu\u021bi la datorie joi, 2 iunie, \u00een Republica Moldova\u201d<\/p>\n<p>Astfel, pentru \u00eenaltul profesionalism, umanismul \u0219i spiritul de sacrificiu dovedite \u00een numeroase ac\u021biuni de salvare a vie\u021bilor omene\u0219ti la care au participat \u00een cadrul SMURD Ia\u0219i, pre\u0219edintele Iohannis a conferit post-mortem: Ordinul Na\u021bional \u201ePentru Merit\u201d \u00een grad de Cavaler medicului Mihaela Dumea, Crucea Na\u021bional\u0103 \u201eServiciul Credincios\u201d clasa a III-a asistentului medical principal Adrian-Gabriel Sandu; Ordinul Na\u021bional \u201ePentru Merit\u201d \u00een grad de Cavaler, cu \u00eensemn pentru militari comandorului Ilie Doru Gavril \u0219i c\u0103pitan-comandorului Constantin Voicu \u0218ocae.<br \/>\nDecor\u0103rile au fost f\u0103cute la propunerea ministrului S\u0103n\u0103t\u0103\u021bii, Vlad Vasile Voiculescu, respectiv a ministrului Afacerilor Interne, Petre Tob\u0103.<\/p>\n<p>Sursa: AGERPRES<\/p>\n<aside class=\"mashsb-container mashsb-main \">\n<div class=\"mashsb-box\">\n<div class=\"mashsb-count mash-medium\">\n<div class=\"counts mashsbcount\">14<\/div>\n<p><span class=\"mashsb-sharetext\">SHARES<\/span><\/div>\n<div class=\"mashsb-buttons\"><a class=\"mashicon-facebook mash-medium mashsb-noshadow\" href=\"https:\/\/www.facebook.com\/sharer.php?u=http%3A%2F%2Fwww.ziaruldevaslui.ro%2Fsalvatorii-smurd-care-au-murit-in-republica-moldova-decorati-post-mortem%2F\" target=\"_top\" rel=\"nofollow\"><span class=\"text\">Share\u00a0pe\u00a0facebook<\/span><\/a><a class=\"mashicon-twitter mash-medium mashsb-noshadow\" href=\"https:\/\/twitter.com\/intent\/tweet?text=Salvatorii%20SMURD%20care%20au%20murit%20%C3%AEn%20Republica%20Moldova%2C%20decora%C8%9Bi%20post-mortem&amp;url=http:\/\/www.ziaruldevaslui.ro\/?p=5363\" target=\"_top\" rel=\"nofollow\"><span class=\"text\">Share\u00a0pe\u00a0twitter<\/span><\/a><\/div>\n<\/div>\n<\/aside>\n<\/div>\n<\/div>\n<\/article>\n<div class=\"article-content clearfix\">\n<div class=\"above-entry-meta\"><span class=\"cat-links\"><a href=\"http:\/\/www.ziaruldevaslui.ro\/national\/\" rel=\"category tag\">Na\u021bional<\/a>\u00a0<a href=\"http:\/\/www.ziaruldevaslui.ro\/recomandate\/\" rel=\"category tag\">RECOMANDATE<\/a>\u00a0<\/span><\/div>\n<header class=\"entry-header\">\n<h1 class=\"entry-title\">\n\t\t\t\tSalvatorii SMURD care au murit \u00een Republica Moldova, decora\u021bi post-mortem\t\t\t<\/h1>\n<\/header>\n<div class=\"below-entry-meta\"><span class=\"posted-on\"><a href=\"http:\/\/www.ziaruldevaslui.ro\/salvatorii-smurd-care-au-murit-in-republica-moldova-decorati-post-mortem\/\" title=\"13:23\" rel=\"bookmark\"><time class=\"entry-date published\" datetime=\"2016-06-04T13:23:53+02:00\">4 iunie 2016<\/time><time class=\"updated\" datetime=\"2016-06-04T13:24:17+02:00\">4 iunie 2016<\/time><\/a><\/span><span class=\"byline\"><span class=\"author vcard\"><a class=\"url fn n\" href=\"http:\/\/www.ziaruldevaslui.ro\/author\/admin\/\" title=\"Ziarul de Vaslui\"><br \/>\n\t\t\t\t\t\tZiarul de Vaslui\t\t\t\t\t<\/a><\/span><\/span><span class=\"comments\"><a href=\"http:\/\/www.ziaruldevaslui.ro\/salvatorii-smurd-care-au-murit-in-republica-moldova-decorati-post-mortem\/#respond\"> Niciun comentariu<\/a><\/span><span class=\"tag-links\"><a href=\"http:\/\/www.ziaruldevaslui.ro\/tag\/elicopter\/\" rel=\"tag\">elicopter<\/a>, <a href=\"http:\/\/www.ziaruldevaslui.ro\/tag\/prabusit\/\" rel=\"tag\">prabusit<\/a>, <a href=\"http:\/\/www.ziaruldevaslui.ro\/tag\/republica-moldova\/\" rel=\"tag\">republica moldova<\/a>, <a href=\"http:\/\/www.ziaruldevaslui.ro\/tag\/salvatori\/\" rel=\"tag\">salvatori<\/a>, <a href=\"http:\/\/www.ziaruldevaslui.ro\/tag\/smurd\/\" rel=\"tag\">smurd<\/a><\/span><\/div>\n<div class=\"entry-content clearfix\">\n<p><strong>Pre\u0219edintele Klaus Iohannis a semnat, s\u00e2mb\u0103t\u0103, decretele de decorare post-mortem a salvatorilor SMURD care \u0219i-au pierdut via\u021ba dup\u0103 ce s-au pr\u0103bu\u0219it joi cu elicopterul \u00een Republica Moldova.<\/strong><\/p>\n<p>\u201ePre\u0219edintele Rom\u00e2niei, Klaus Iohannis, a semnat, s\u00e2mb\u0103t\u0103, decretele de decorare post-mortem a medicului Dumea Mihaela, a asistentului medical principal Sandu Adrian-Gabriel, a comandorului Gavril Ilie Doru \u0219i a c\u0103pitan-comandorului \u0218ocae Constantin Voicu, c\u0103zu\u021bi la datorie joi, 2 iunie, \u00een Republica Moldova\u201d<\/p>\n<p>Astfel, pentru \u00eenaltul profesionalism, umanismul \u0219i spiritul de sacrificiu dovedite \u00een numeroase ac\u021biuni de salvare a vie\u021bilor omene\u0219ti la care au participat \u00een cadrul SMURD Ia\u0219i, pre\u0219edintele Iohannis a conferit post-mortem: Ordinul Na\u021bional \u201ePentru Merit\u201d \u00een grad de Cavaler medicului Mihaela Dumea, Crucea Na\u021bional\u0103 \u201eServiciul Credincios\u201d clasa a III-a asistentului medical principal Adrian-Gabriel Sandu; Ordinul Na\u021bional \u201ePentru Merit\u201d \u00een grad de Cavaler, cu \u00eensemn pentru militari comandorului Ilie Doru Gavril \u0219i c\u0103pitan-comandorului Constantin Voicu \u0218ocae.<br \/>\nDecor\u0103rile au fost f\u0103cute la propunerea ministrului S\u0103n\u0103t\u0103\u021bii, Vlad Vasile Voiculescu, respectiv a ministrului Afacerilor Interne, Petre Tob\u0103.<\/p>\n<p>Sursa: AGERPRES<\/p>\n<aside class=\"mashsb-container mashsb-main \">\n<div class=\"mashsb-box\">\n<div class=\"mashsb-count mash-medium\">\n<div class=\"counts mashsbcount\">14<\/div>\n<p><span class=\"mashsb-sharetext\">SHARES<\/span><\/div>\n<div class=\"mashsb-buttons\"><a class=\"mashicon-facebook mash-medium mashsb-noshadow\" href=\"https:\/\/www.facebook.com\/sharer.php?u=http%3A%2F%2Fwww.ziaruldevaslui.ro%2Fsalvatorii-smurd-care-au-murit-in-republica-moldova-decorati-post-mortem%2F\" target=\"_top\" rel=\"nofollow\"><span class=\"text\">Share\u00a0pe\u00a0facebook<\/span><\/a><a class=\"mashicon-twitter mash-medium mashsb-noshadow\" href=\"https:\/\/twitter.com\/intent\/tweet?text=Salvatorii%20SMURD%20care%20au%20murit%20%C3%AEn%20Republica%20Moldova%2C%20decora%C8%9Bi%20post-mortem&amp;url=http:\/\/www.ziaruldevaslui.ro\/?p=5363\" target=\"_top\" rel=\"nofollow\"><span class=\"text\">Share\u00a0pe\u00a0twitter<\/span><\/a><\/div>\n<\/div>\n<\/aside>\n<\/div>\n<\/div>\n<div class=\"entry-content clearfix\">\n<p><strong>Pre\u0219edintele Klaus Iohannis a semnat, s\u00e2mb\u0103t\u0103, decretele de decorare post-mortem a salvatorilor SMURD care \u0219i-au pierdut via\u021ba dup\u0103 ce s-au pr\u0103bu\u0219it joi cu elicopterul \u00een Republica Moldova.<\/strong><\/p>\n<p>\u201ePre\u0219edintele Rom\u00e2niei, Klaus Iohannis, a semnat, s\u00e2mb\u0103t\u0103, decretele de decorare post-mortem a medicului Dumea Mihaela, a asistentului medical principal Sandu Adrian-Gabriel, a comandorului Gavril Ilie Doru \u0219i a c\u0103pitan-comandorului \u0218ocae Constantin Voicu, c\u0103zu\u021bi la datorie joi, 2 iunie, \u00een Republica Moldova\u201d<\/p>\n<p>Astfel, pentru \u00eenaltul profesionalism, umanismul \u0219i spiritul de sacrificiu dovedite \u00een numeroase ac\u021biuni de salvare a vie\u021bilor omene\u0219ti la care au participat \u00een cadrul SMURD Ia\u0219i, pre\u0219edintele Iohannis a conferit post-mortem: Ordinul Na\u021bional \u201ePentru Merit\u201d \u00een grad de Cavaler medicului Mihaela Dumea, Crucea Na\u021bional\u0103 \u201eServiciul Credincios\u201d clasa a III-a asistentului medical principal Adrian-Gabriel Sandu; Ordinul Na\u021bional \u201ePentru Merit\u201d \u00een grad de Cavaler, cu \u00eensemn pentru militari comandorului Ilie Doru Gavril \u0219i c\u0103pitan-comandorului Constantin Voicu \u0218ocae.<br \/>\nDecor\u0103rile au fost f\u0103cute la propunerea ministrului S\u0103n\u0103t\u0103\u021bii, Vlad Vasile Voiculescu, respectiv a ministrului Afacerilor Interne, Petre Tob\u0103.<\/p>\n<p>Sursa: AGERPRES<\/p>\n<aside class=\"mashsb-container mashsb-main \">\n<div class=\"mashsb-box\">\n<div class=\"mashsb-count mash-medium\">\n<div class=\"counts mashsbcount\">14<\/div>\n<p><span class=\"mashsb-sharetext\">SHARES<\/span><\/div>\n<div class=\"mashsb-buttons\"><a class=\"mashicon-facebook mash-medium mashsb-noshadow\" href=\"https:\/\/www.facebook.com\/sharer.php?u=http%3A%2F%2Fwww.ziaruldevaslui.ro%2Fsalvatorii-smurd-care-au-murit-in-republica-moldova-decorati-post-mortem%2F\" target=\"_top\" rel=\"nofollow\"><span class=\"text\">Share\u00a0pe\u00a0facebook<\/span><\/a><a class=\"mashicon-twitter mash-medium mashsb-noshadow\" href=\"https:\/\/twitter.com\/intent\/tweet?text=Salvatorii%20SMURD%20care%20au%20murit%20%C3%AEn%20Republica%20Moldova%2C%20decora%C8%9Bi%20post-mortem&amp;url=http:\/\/www.ziaruldevaslui.ro\/?p=5363\" target=\"_top\" rel=\"nofollow\"><span class=\"text\">Share\u00a0pe\u00a0twitter<\/span><\/a><\/div>\n<\/div>\n<\/aside>\n<\/div>\n<div class=\"article-content\">\n<h3 class=\"entry-title\"><a href=\"http:\/\/www.ziaruldevaslui.ro\/tineri-si-hoti-au-furat-materiale-de-constructie-din-onesti\/\" rel=\"bookmark\" title=\"Tineri \u0219i ho\u021bi! Au furat materiale de construc\u021bie din One\u0219ti\"><br \/>\n\t\t\t\t\t\t\t\tTineri \u0219i ho\u021bi! Au furat materiale de construc\u021bie din One\u0219ti\t\t\t\t\t\t\t<\/a><\/h3>\n<div class=\"below-entry-meta\"><span class=\"posted-on\"><a href=\"http:\/\/www.ziaruldevaslui.ro\/tineri-si-hoti-au-furat-materiale-de-constructie-din-onesti\/\" title=\"17:15\" rel=\"bookmark\"><time class=\"entry-date published\" datetime=\"2023-01-26T17:15:12+02:00\">26 ianuarie 2023<\/time><time class=\"updated\" datetime=\"2023-01-26T17:15:13+02:00\">26 ianuarie 2023<\/time><\/a><\/span><span class=\"byline\"><span class=\"author vcard\"><a class=\"url fn n\" href=\"http:\/\/www.ziaruldevaslui.ro\/author\/admin\/\" title=\"Ziarul de Vaslui\"><br \/>\n\t\t\t\t\t\tZiarul de Vaslui\t\t\t\t\t<\/a><\/span><\/span><\/div>\n<\/div>\n<div class=\"article-content\">\n<h3 class=\"entry-title\"><a href=\"http:\/\/www.ziaruldevaslui.ro\/microbuze-si-autobuze-luate-la-puricat-peste-650-de-vehicule-au-fost-verificate-de-politisti\/\" rel=\"bookmark\" title=\"Microbuze \u0219i autobuze luate la puricat! Peste 650 de vehicule au fost verificate de poli\u021bi\u0219ti\"><br \/>\n\t\t\t\t\t\t\t\tMicrobuze \u0219i autobuze luate la puricat! Peste 650 de vehicule au fost verificate de poli\u021bi\u0219ti\t\t\t\t\t\t\t<\/a><\/h3>\n<div class=\"below-entry-meta\"><span class=\"posted-on\"><a href=\"http:\/\/www.ziaruldevaslui.ro\/microbuze-si-autobuze-luate-la-puricat-peste-650-de-vehicule-au-fost-verificate-de-politisti\/\" title=\"08:49\" rel=\"bookmark\"><time class=\"entry-date published\" datetime=\"2023-02-21T08:49:26+02:00\">21 februarie 2023<\/time><time class=\"updated\" datetime=\"2023-02-21T08:49:27+02:00\">21 februarie 2023<\/time><\/a><\/span><span class=\"byline\"><span class=\"author vcard\"><a class=\"url fn n\" href=\"http:\/\/www.ziaruldevaslui.ro\/author\/admin\/\" title=\"Ziarul de Vaslui\"><br \/>\n\t\t\t\t\t\tZiarul de Vaslui\t\t\t\t\t<\/a><\/span><\/span><\/div>\n<\/div>\n<div class=\"article-content\">\n<h3 class=\"entry-title\"><a href=\"http:\/\/www.ziaruldevaslui.ro\/avertizare-dsp-vaslui-atentie-la-muscaturile-de-capuse\/\" rel=\"bookmark\" title=\"Avertizare DSP Vaslui: Aten\u021bie la mu\u0219c\u0103turile de c\u0103pu\u0219e!\"><br \/>\n\t\t\t\t\t\t\t\tAvertizare DSP Vaslui: Aten\u021bie la mu\u0219c\u0103turile de c\u0103pu\u0219e!\t\t\t\t\t\t\t<\/a><\/h3>\n<div class=\"below-entry-meta\"><span class=\"posted-on\"><a href=\"http:\/\/www.ziaruldevaslui.ro\/avertizare-dsp-vaslui-atentie-la-muscaturile-de-capuse\/\" title=\"19:51\" rel=\"bookmark\"><time class=\"entry-date published updated\" datetime=\"2020-06-18T19:51:55+02:00\">18 iunie 2020<\/time><\/a><\/span><span class=\"byline\"><span class=\"author vcard\"><a class=\"url fn n\" href=\"http:\/\/www.ziaruldevaslui.ro\/author\/admin\/\" title=\"Ziarul de Vaslui\"><br \/>\n\t\t\t\t\t\tZiarul de Vaslui\t\t\t\t\t<\/a><\/span><\/span><\/div>\n<\/div>\n<div class=\"article-content\">\n<div class=\"above-entry-meta\"><span class=\"cat-links\"><a href=\"http:\/\/www.ziaruldevaslui.ro\/local\/\" rel=\"category tag\">Local<\/a>\u00a0<a href=\"http:\/\/www.ziaruldevaslui.ro\/tabloul-principal\/\" rel=\"category tag\">NOUT\u0102\u021aI<\/a>\u00a0<a href=\"http:\/\/www.ziaruldevaslui.ro\/opinii\/\" rel=\"category tag\">Opinii<\/a>\u00a0<\/span><\/div>\n<h3 class=\"entry-title\"><a href=\"http:\/\/www.ziaruldevaslui.ro\/stand-up-comedy-cu-ionel-sandu-de-la-aur-spatiile-pentru-copiii-cu-autism-sunt-bazaconii\/\" title=\"Stand Up Comedy cu Ionel Sandu, candidat AUR: spa\u021biile pentru copiii cu autism sunt \u201ebazaconii\u201d\"><br \/>\n\t\t\t\tStand Up Comedy cu Ionel Sandu, candidat AUR: spa\u021biile pentru copiii cu autism sunt \u201ebazaconii\u201d\t\t\t<\/a><\/h3>\n<div class=\"below-entry-meta\"><span class=\"posted-on\"><a href=\"http:\/\/www.ziaruldevaslui.ro\/stand-up-comedy-cu-ionel-sandu-de-la-aur-spatiile-pentru-copiii-cu-autism-sunt-bazaconii\/\" title=\"22:46\" rel=\"bookmark\"><time class=\"entry-date published\" datetime=\"2024-03-14T22:46:43+02:00\">14 martie 2024<\/time><time class=\"updated\" datetime=\"2024-03-15T08:54:58+02:00\">15 martie 2024<\/time><\/a><\/span><span class=\"byline\"><span class=\"author vcard\"><a class=\"url fn n\" href=\"http:\/\/www.ziaruldevaslui.ro\/author\/admin\/\" title=\"Ziarul de Vaslui\"><br \/>\n\t\t\t\t\tZiarul de Vaslui\t\t\t\t<\/a><\/span><\/span><\/div>\n<div class=\"entry-content\">\n<p>Ini\u021bial am crezut c\u0103 Ionel Sandu s-a apucat de Stand Up Comedy. Cu afacerile nu st\u0103 extraordinar, cu politica nici<\/p>\n<\/div>\n<\/div>\n<div class=\"entry-content\">\n<p>Ini\u021bial am crezut c\u0103 Ionel Sandu s-a apucat de Stand Up Comedy. Cu afacerile nu st\u0103 extraordinar, cu politica nici<\/p>\n<\/div>\n<div class=\"article-content\">\n<div class=\"above-entry-meta\"><span class=\"cat-links\"><a href=\"http:\/\/www.ziaruldevaslui.ro\/literatura\/\" rel=\"category tag\">Literatur\u0103<\/a>\u00a0<a href=\"http:\/\/www.ziaruldevaslui.ro\/magazin\/\" rel=\"category tag\">Magazin<\/a>\u00a0<a href=\"http:\/\/www.ziaruldevaslui.ro\/opinii\/\" rel=\"category tag\">Opinii<\/a>\u00a0<\/span><\/div>\n<h3 class=\"entry-title\"><a href=\"http:\/\/www.ziaruldevaslui.ro\/pledoarie-pentru-o-carte-pe-zi\/\" title=\"Pledoarie pentru \u2026 o carte pe zi\"><br \/>\n\t\t\t\tPledoarie pentru \u2026 o carte pe zi\t\t\t<\/a><\/h3>\n<div class=\"below-entry-meta\"><span class=\"posted-on\"><a href=\"http:\/\/www.ziaruldevaslui.ro\/pledoarie-pentru-o-carte-pe-zi\/\" title=\"09:48\" rel=\"bookmark\"><time class=\"entry-date published\" datetime=\"2021-11-13T09:48:23+02:00\">13 noiembrie 2021<\/time><time class=\"updated\" datetime=\"2022-05-04T20:22:06+02:00\">4 mai 2022<\/time><\/a><\/span><span class=\"byline\"><span class=\"author vcard\"><a class=\"url fn n\" href=\"http:\/\/www.ziaruldevaslui.ro\/author\/admin\/\" title=\"Ziarul de Vaslui\"><br \/>\n\t\t\t\t\tZiarul de Vaslui\t\t\t\t<\/a><\/span><\/span><\/div>\n<\/div>\n<div class=\"article-content\">\n<div class=\"above-entry-meta\"><span class=\"cat-links\"><a href=\"http:\/\/www.ziaruldevaslui.ro\/local\/\" rel=\"category tag\">Local<\/a>\u00a0<a href=\"http:\/\/www.ziaruldevaslui.ro\/tabloul-principal\/\" rel=\"category tag\">NOUT\u0102\u021aI<\/a>\u00a0<a href=\"http:\/\/www.ziaruldevaslui.ro\/oameni-si-locuri\/\" rel=\"category tag\">Oameni si locuri<\/a>\u00a0<a href=\"http:\/\/www.ziaruldevaslui.ro\/opinii\/\" rel=\"category tag\">Opinii<\/a>\u00a0<\/span><\/div>\n<h3 class=\"entry-title\"><a href=\"http:\/\/www.ziaruldevaslui.ro\/vasluianca-madalina-tudorache-admisa-ca-doctorand-la-oxford-interviu\/\" title=\"Vasluianca M\u0103d\u0103lina Tudorache, admis\u0103 ca doctorand la Oxford\"><br \/>\n\t\t\t\tVasluianca M\u0103d\u0103lina Tudorache, admis\u0103 ca doctorand la Oxford\t\t\t<\/a><\/h3>\n<div class=\"below-entry-meta\"><span class=\"posted-on\"><a href=\"http:\/\/www.ziaruldevaslui.ro\/vasluianca-madalina-tudorache-admisa-ca-doctorand-la-oxford-interviu\/\" title=\"09:24\" rel=\"bookmark\"><time class=\"entry-date published\" datetime=\"2020-07-21T09:24:55+02:00\">21 iulie 2020<\/time><time class=\"updated\" datetime=\"2021-12-15T08:32:02+02:00\">15 decembrie 2021<\/time><\/a><\/span><span class=\"byline\"><span class=\"author vcard\"><a class=\"url fn n\" href=\"http:\/\/www.ziaruldevaslui.ro\/author\/admin\/\" title=\"Ziarul de Vaslui\"><br \/>\n\t\t\t\t\tZiarul de Vaslui\t\t\t\t<\/a><\/span><\/span><\/div>\n<\/div>\n<div class=\"article-content\">\n<div class=\"above-entry-meta\"><span class=\"cat-links\"><a href=\"http:\/\/www.ziaruldevaslui.ro\/local\/\" rel=\"category tag\">Local<\/a>\u00a0<a href=\"http:\/\/www.ziaruldevaslui.ro\/tabloul-principal\/\" rel=\"category tag\">NOUT\u0102\u021aI<\/a>\u00a0<a href=\"http:\/\/www.ziaruldevaslui.ro\/oameni-si-locuri\/\" rel=\"category tag\">Oameni si locuri<\/a>\u00a0<a href=\"http:\/\/www.ziaruldevaslui.ro\/opinii\/\" rel=\"category tag\">Opinii<\/a>\u00a0<\/span><\/div>\n<h3 class=\"entry-title\"><a href=\"http:\/\/www.ziaruldevaslui.ro\/manifestul-unui-eleve-de-clasa-a-12-a-din-vaslui-cel-mai-mare-vis-al-nostru-era-sa-imbracam-roba\/\" title=\"Manifestul unei eleve de clasa a 12-a din Vaslui: \u201eCel mai mare vis al nostru era s\u0103 \u00eembr\u0103c\u0103m roba\u201d\"><br \/>\n\t\t\t\tManifestul unei eleve de clasa a 12-a din Vaslui: \u201eCel mai mare vis al nostru era s\u0103 \u00eembr\u0103c\u0103m roba\u201d\t\t\t<\/a><\/h3>\n<div class=\"below-entry-meta\"><span class=\"posted-on\"><a href=\"http:\/\/www.ziaruldevaslui.ro\/manifestul-unui-eleve-de-clasa-a-12-a-din-vaslui-cel-mai-mare-vis-al-nostru-era-sa-imbracam-roba\/\" title=\"21:33\" rel=\"bookmark\"><time class=\"entry-date published\" datetime=\"2020-05-02T21:33:04+02:00\">2 mai 2020<\/time><time class=\"updated\" datetime=\"2020-05-03T18:03:27+02:00\">3 mai 2020<\/time><\/a><\/span><span class=\"byline\"><span class=\"author vcard\"><a class=\"url fn n\" href=\"http:\/\/www.ziaruldevaslui.ro\/author\/admin\/\" title=\"Ziarul de Vaslui\"><br \/>\n\t\t\t\t\tZiarul de Vaslui\t\t\t\t<\/a><\/span><\/span><\/div>\n<\/div>\n<p> Source URL: http:\/\/www.ziaruldevaslui.ro\/salvatorii-smurd-care-au-murit-in-republica-moldova-decorati-post-mortem\/<\/p>\n","protected":false},"excerpt":{"rendered":"<p>Na\u021bional\u00a0RECOMANDATE\u00a0 Salvatorii SMURD care au murit \u00een Republica Moldova, decora\u021bi post-mortem 4 iunie 20164 iunie 2016 Ziarul de Vaslui Niciun comentariuelicopter, prabusit, republica moldova, salvatori, smurd Pre\u0219edintele Klaus Iohannis a semnat, s\u00e2mb\u0103t\u0103, decretele de decorare post-mortem a salvatorilor SMURD care \u0219i-au pierdut via\u021ba dup\u0103 ce s-au pr\u0103bu\u0219it joi cu elicopterul \u00een Republica Moldova. \u201ePre\u0219edintele Rom\u00e2niei, [&hellip;]<\/p>\n","protected":false},"author":1,"featured_media":1521166,"comment_status":"open","ping_status":"","sticky":false,"template":"","format":"standard","meta":{"footnotes":""},"categories":[89],"tags":[218],"class_list":["post-1521160","post","type-post","status-publish","format-standard","has-post-thumbnail","hentry","category-romania","tag-ziaruldevaslui-ro"],"_links":{"self":[{"href":"https:\/\/analyse.optim.biz\/index.php?rest_route=\/wp\/v2\/posts\/1521160","targetHints":{"allow":["GET"]}}],"collection":[{"href":"https:\/\/analyse.optim.biz\/index.php?rest_route=\/wp\/v2\/posts"}],"about":[{"href":"https:\/\/analyse.optim.biz\/index.php?rest_route=\/wp\/v2\/types\/post"}],"author":[{"embeddable":true,"href":"https:\/\/analyse.optim.biz\/index.php?rest_route=\/wp\/v2\/users\/1"}],"replies":[{"embeddable":true,"href":"https:\/\/analyse.optim.biz\/index.php?rest_route=%2Fwp%2Fv2%2Fcomments&post=1521160"}],"version-history":[{"count":0,"href":"https:\/\/analyse.optim.biz\/index.php?rest_route=\/wp\/v2\/posts\/1521160\/revisions"}],"wp:featuredmedia":[{"embeddable":true,"href":"https:\/\/analyse.optim.biz\/index.php?rest_route=\/wp\/v2\/media\/1521166"}],"wp:attachment":[{"href":"https:\/\/analyse.optim.biz\/index.php?rest_route=%2Fwp%2Fv2%2Fmedia&parent=1521160"}],"wp:term":[{"taxonomy":"category","embeddable":true,"href":"https:\/\/analyse.optim.biz\/index.php?rest_route=%2Fwp%2Fv2%2Fcategories&post=1521160"},{"taxonomy":"post_tag","embeddable":true,"href":"https:\/\/analyse.optim.biz\/index.php?rest_route=%2Fwp%2Fv2%2Ftags&post=1521160"}],"curies":[{"name":"wp","href":"https:\/\/api.w.org\/{rel}","templated":true}]}}