{"id":1521109,"date":"2016-06-04T13:07:46","date_gmt":"2016-06-04T10:07:46","guid":{"rendered":"https:\/\/analyse.optim.biz\/?p=1521109"},"modified":"2016-06-04T13:07:46","modified_gmt":"2016-06-04T10:07:46","slug":"seful-laboratorului-de-radiologie-din-cadrul-spitalului-n-oblu-iasi-retinut-pentru-luare-de-mita","status":"publish","type":"post","link":"https:\/\/analyse.optim.biz\/?p=1521109","title":{"rendered":"\u0218eful Laboratorului de Radiologie din cadrul Spitalului \u2018N. Oblu\u2019 Ia\u0219i, re\u021binut pentru luare de mit\u0103"},"content":{"rendered":"<article id=\"post-5367\" class=\"post-5367 post type-post status-publish format-standard has-post-thumbnail hentry category-national tag-dna tag-eduard-moldovanu tag-iasi tag-mita\">\n<div class=\"featured-image\"><a href=\"https:\/\/analyse.optim.biz\/wp-content\/uploads\/2026\/01\/dna-2-1.jpg\" class=\"image-popup\"><img decoding=\"async\" width=\"800\" height=\"445\" src=\"https:\/\/analyse.optim.biz\/wp-content\/uploads\/2026\/01\/dna-2-800x445-1.jpg\" class=\"attachment-colormag-featured-image size-colormag-featured-image wp-post-image\" loading=\"lazy\" title=\"dna-2-800x445-1\"><\/a><\/div>\n<div class=\"article-content clearfix\">\n<div class=\"above-entry-meta\"><span class=\"cat-links\"><a href=\"http:\/\/www.ziaruldevaslui.ro\/national\/\" rel=\"category tag\">Na\u021bional<\/a>\u00a0<\/span><\/div>\n<header class=\"entry-header\">\n<h1 class=\"entry-title\">\n\t\t\t\t\u0218eful Laboratorului de Radiologie din cadrul Spitalului \u2018N. Oblu\u2019 Ia\u0219i, re\u021binut pentru luare de mit\u0103\t\t\t<\/h1>\n<\/header>\n<div class=\"below-entry-meta\"><span class=\"posted-on\"><a href=\"http:\/\/www.ziaruldevaslui.ro\/seful-laboratorului-de-radiologie-din-cadrul-spitalului-n-oblu-iasi-retinut-pentru-luare-de-mita\/\" title=\"15:07\" rel=\"bookmark\"><time class=\"entry-date published updated\" datetime=\"2016-06-04T15:07:46+02:00\">4 iunie 2016<\/time><\/a><\/span><span class=\"byline\"><span class=\"author vcard\"><a class=\"url fn n\" href=\"http:\/\/www.ziaruldevaslui.ro\/author\/admin\/\" title=\"Ziarul de Vaslui\"><br \/>\n\t\t\t\t\t\tZiarul de Vaslui\t\t\t\t\t<\/a><\/span><\/span><span class=\"comments\"><a href=\"http:\/\/www.ziaruldevaslui.ro\/seful-laboratorului-de-radiologie-din-cadrul-spitalului-n-oblu-iasi-retinut-pentru-luare-de-mita\/#respond\"> Niciun comentariu<\/a><\/span><span class=\"tag-links\"><a href=\"http:\/\/www.ziaruldevaslui.ro\/tag\/dna\/\" rel=\"tag\">dna<\/a>, <a href=\"http:\/\/www.ziaruldevaslui.ro\/tag\/eduard-moldovanu\/\" rel=\"tag\">Eduard Moldovanu<\/a>, <a href=\"http:\/\/www.ziaruldevaslui.ro\/tag\/iasi\/\" rel=\"tag\">iasi<\/a>, <a href=\"http:\/\/www.ziaruldevaslui.ro\/tag\/mita\/\" rel=\"tag\">mita<\/a><\/span><\/div>\n<div class=\"entry-content clearfix\">\n<p><strong>\u0218eful Laboratorului de Radiologie \u0219i Imagistic\u0103 medical\u0103 din cadrul Spitalului de Neurochirurgie \u201eN. Oblu\u201d din Ia\u0219i, Eduard Moldovanu, \u0219i un infirmier au fost re\u021binu\u021bi pentru luare de mit\u0103 \u0219i abuz \u00een serviciu, potrivit unui comunicat al DNA transmis s\u00e2mb\u0103t\u0103.<\/strong><\/p>\n<p>Procurorii anticorup\u021bie au mai dispus punerea \u00een mi\u0219care a ac\u021biunii penale \u0219i luarea m\u0103surii controlului judiciar, pentru o perioad\u0103 de 60 de zile, fa\u021b\u0103 de dou\u0103 asistente medicale din cadrul laboratorului, pentru acelea\u0219i infrac\u021biuni.<\/p>\n<p>DNA precizeaz\u0103 c\u0103 Eduard Moldovanu, \u0219ef al Laboratorului de Radiologie, \u0219i asistentele medicale Elena Carmen Gherman \u0219i Maria Magdalena R\u00eenda\u0219u sunt acuza\u021bi de luare de mit\u0103 \u0219i abuz \u00een serviciu, iar Dan Ionu\u021b Aranyosi, infirmier, de complicitate la luare de mit\u0103 \u0219i complicitate la abuz \u00een serviciu.<\/p>\n<p>Pe 18 martie, 13 mai \u0219i 3 iunie, Moldovanu a pretins \u0219i primit, cu titlu de mit\u0103, de la trei pacien\u021bi o sum\u0103 total\u0103 de 1.800 de lei pentru efectuarea unor examene RMN pentru coloan\u0103, interpretarea rezultatelor \u0219i prescrierea de tratamente.<\/p>\n<p>Moldovanu nu a \u00eenregistrat \u00een eviden\u021bele unit\u0103\u021bii medicale investiga\u021biile efectuate \u0219i sumele percepute pentru efectuarea examenelor RMN, cu consecin\u021ba prejudicierii bugetului spitalului cu o pagub\u0103 reprezentat\u0103 de costul real al investiga\u021biilor medicale, respectiv 2.000 de lei.<\/p>\n<p>Pe 27 ianuarie, Gherman a pretins \u0219i primit de la un pacient 350 de lei pentru efectuarea unui examen CT cranian, \u00een timp ce pe 11 februarie R\u00eenda\u0219u a pretins \u0219i primit de la un pacient 300 de lei pentru efectuarea unui examen RMN pentru genunchi.<\/p>\n<p>Cele dou\u0103 inculpate \u0219i-au \u00eenc\u0103lcat atribu\u021biile de serviciu \u0219i nu au \u00eenregistrat \u00een eviden\u021bele unit\u0103\u021bii medicale sumele percepute pentru efectuarea examenelor CT cranian \u0219i RMN de genunchi, prejudiciind bugetul spitalului cu 750 de lei.<\/p>\n<p>Aranyosi este acuzat c\u0103 a intermediat rela\u021biile dintre pacien\u021bi \u0219i ceilal\u021bi trei inculpa\u021bi \u0219i negocierea pre\u021bului, primind \u00een schimb o parte dintre beneficii.<\/p>\n<p>Pe timpul c\u00e2t se afl\u0103 sub control judiciar, inculpatele Gherman \u0219i R\u00eenda\u0219u trebuie s\u0103 respecte urm\u0103toarele obliga\u021bii: s\u0103 se prezinte la DNA \u2014 Serviciul Teritorial Ia\u0219i, ori de c\u00e2te ori sunt chemate; s\u0103 informeze de \u00eendat\u0103 DNA \u2014 Serviciul Teritorial Ia\u0219i cu privire la schimbarea locuin\u021bei; s\u0103 se prezinte la Biroul de Supravegheri Judiciare din cadrul Inspectoratului Jude\u021bean de Poli\u021bie Ia\u0219i, conform programului de supraveghere \u00eentocmit de organul de poli\u021bie sau ori de c\u00e2te ori sunt chemate; s\u0103 nu dep\u0103\u0219easc\u0103 limita teritorial\u0103 a \u021b\u0103rii dec\u00e2t cu \u00eencuviin\u021barea prealabil\u0103 a procurorului; s\u0103 nu ia leg\u0103tura cu ceilal\u021bi inculpa\u021bi \u0219i cu persoanele care au calitatea de martori \u00een dosar; s\u0103 comunice periodic, conform programului de supraveghere, informa\u021bii relevante despre mijloacele lor de existen\u021b\u0103; s\u0103 nu exercite profesia, meseria sau s\u0103 nu desf\u0103\u0219oare activitatea \u00een exercitarea c\u0103reia a s\u0103v\u00e2r\u0219it faptele re\u021binute \u00een sarcina lor.<\/p>\n<p>Inculpatelor Gherman \u0219i R\u00eenda\u0219u li s-a atras aten\u021bia c\u0103, \u00een caz de \u00eenc\u0103lcare cu rea-credin\u021b\u0103 a obliga\u021biilor care le revin, m\u0103sura controlului judiciar se poate \u00eenlocui cu m\u0103sura arestului la domiciliu sau a arest\u0103rii preventive.<\/p>\n<p>Tuturor inculpa\u021bilor li s-au adus la cuno\u0219tin\u021b\u0103 calitatea procesual\u0103 \u0219i acuza\u021biile, urm\u00e2nd ca Moldovanu \u0219i Aranyosi s\u0103 fie prezenta\u021bi, s\u00e2mb\u0103t\u0103, Tribunalului Ia\u0219i, cu propunere de arestare preventiv\u0103 pentru 30 de zile.<\/p>\n<aside class=\"mashsb-container mashsb-main \">\n<div class=\"mashsb-box\">\n<div class=\"mashsb-count mash-medium\">\n<div class=\"counts mashsbcount\">5<\/div>\n<p><span class=\"mashsb-sharetext\">SHARES<\/span><\/div>\n<div class=\"mashsb-buttons\"><a class=\"mashicon-facebook mash-medium mashsb-noshadow\" href=\"https:\/\/www.facebook.com\/sharer.php?u=http%3A%2F%2Fwww.ziaruldevaslui.ro%2Fseful-laboratorului-de-radiologie-din-cadrul-spitalului-n-oblu-iasi-retinut-pentru-luare-de-mita%2F\" target=\"_top\" rel=\"nofollow\"><span class=\"text\">Share\u00a0pe\u00a0facebook<\/span><\/a><a class=\"mashicon-twitter mash-medium mashsb-noshadow\" href=\"https:\/\/twitter.com\/intent\/tweet?text=%C8%98eful%20Laboratorului%20de%20Radiologie%20din%20cadrul%20Spitalului%20%E2%80%98N.%20Oblu%E2%80%99%20Ia%C8%99i%2C%20re%C8%9Binut%20pentru%20luare%20de%20mit%C4%83&amp;url=http:\/\/www.ziaruldevaslui.ro\/?p=5367\" target=\"_top\" rel=\"nofollow\"><span class=\"text\">Share\u00a0pe\u00a0twitter<\/span><\/a><\/div>\n<\/div>\n<\/aside>\n<\/div>\n<\/div>\n<\/article>\n<div class=\"article-content clearfix\">\n<div class=\"above-entry-meta\"><span class=\"cat-links\"><a href=\"http:\/\/www.ziaruldevaslui.ro\/national\/\" rel=\"category tag\">Na\u021bional<\/a>\u00a0<\/span><\/div>\n<header class=\"entry-header\">\n<h1 class=\"entry-title\">\n\t\t\t\t\u0218eful Laboratorului de Radiologie din cadrul Spitalului \u2018N. Oblu\u2019 Ia\u0219i, re\u021binut pentru luare de mit\u0103\t\t\t<\/h1>\n<\/header>\n<div class=\"below-entry-meta\"><span class=\"posted-on\"><a href=\"http:\/\/www.ziaruldevaslui.ro\/seful-laboratorului-de-radiologie-din-cadrul-spitalului-n-oblu-iasi-retinut-pentru-luare-de-mita\/\" title=\"15:07\" rel=\"bookmark\"><time class=\"entry-date published updated\" datetime=\"2016-06-04T15:07:46+02:00\">4 iunie 2016<\/time><\/a><\/span><span class=\"byline\"><span class=\"author vcard\"><a class=\"url fn n\" href=\"http:\/\/www.ziaruldevaslui.ro\/author\/admin\/\" title=\"Ziarul de Vaslui\"><br \/>\n\t\t\t\t\t\tZiarul de Vaslui\t\t\t\t\t<\/a><\/span><\/span><span class=\"comments\"><a href=\"http:\/\/www.ziaruldevaslui.ro\/seful-laboratorului-de-radiologie-din-cadrul-spitalului-n-oblu-iasi-retinut-pentru-luare-de-mita\/#respond\"> Niciun comentariu<\/a><\/span><span class=\"tag-links\"><a href=\"http:\/\/www.ziaruldevaslui.ro\/tag\/dna\/\" rel=\"tag\">dna<\/a>, <a href=\"http:\/\/www.ziaruldevaslui.ro\/tag\/eduard-moldovanu\/\" rel=\"tag\">Eduard Moldovanu<\/a>, <a href=\"http:\/\/www.ziaruldevaslui.ro\/tag\/iasi\/\" rel=\"tag\">iasi<\/a>, <a href=\"http:\/\/www.ziaruldevaslui.ro\/tag\/mita\/\" rel=\"tag\">mita<\/a><\/span><\/div>\n<div class=\"entry-content clearfix\">\n<p><strong>\u0218eful Laboratorului de Radiologie \u0219i Imagistic\u0103 medical\u0103 din cadrul Spitalului de Neurochirurgie \u201eN. Oblu\u201d din Ia\u0219i, Eduard Moldovanu, \u0219i un infirmier au fost re\u021binu\u021bi pentru luare de mit\u0103 \u0219i abuz \u00een serviciu, potrivit unui comunicat al DNA transmis s\u00e2mb\u0103t\u0103.<\/strong><\/p>\n<p>Procurorii anticorup\u021bie au mai dispus punerea \u00een mi\u0219care a ac\u021biunii penale \u0219i luarea m\u0103surii controlului judiciar, pentru o perioad\u0103 de 60 de zile, fa\u021b\u0103 de dou\u0103 asistente medicale din cadrul laboratorului, pentru acelea\u0219i infrac\u021biuni.<\/p>\n<p>DNA precizeaz\u0103 c\u0103 Eduard Moldovanu, \u0219ef al Laboratorului de Radiologie, \u0219i asistentele medicale Elena Carmen Gherman \u0219i Maria Magdalena R\u00eenda\u0219u sunt acuza\u021bi de luare de mit\u0103 \u0219i abuz \u00een serviciu, iar Dan Ionu\u021b Aranyosi, infirmier, de complicitate la luare de mit\u0103 \u0219i complicitate la abuz \u00een serviciu.<\/p>\n<p>Pe 18 martie, 13 mai \u0219i 3 iunie, Moldovanu a pretins \u0219i primit, cu titlu de mit\u0103, de la trei pacien\u021bi o sum\u0103 total\u0103 de 1.800 de lei pentru efectuarea unor examene RMN pentru coloan\u0103, interpretarea rezultatelor \u0219i prescrierea de tratamente.<\/p>\n<p>Moldovanu nu a \u00eenregistrat \u00een eviden\u021bele unit\u0103\u021bii medicale investiga\u021biile efectuate \u0219i sumele percepute pentru efectuarea examenelor RMN, cu consecin\u021ba prejudicierii bugetului spitalului cu o pagub\u0103 reprezentat\u0103 de costul real al investiga\u021biilor medicale, respectiv 2.000 de lei.<\/p>\n<p>Pe 27 ianuarie, Gherman a pretins \u0219i primit de la un pacient 350 de lei pentru efectuarea unui examen CT cranian, \u00een timp ce pe 11 februarie R\u00eenda\u0219u a pretins \u0219i primit de la un pacient 300 de lei pentru efectuarea unui examen RMN pentru genunchi.<\/p>\n<p>Cele dou\u0103 inculpate \u0219i-au \u00eenc\u0103lcat atribu\u021biile de serviciu \u0219i nu au \u00eenregistrat \u00een eviden\u021bele unit\u0103\u021bii medicale sumele percepute pentru efectuarea examenelor CT cranian \u0219i RMN de genunchi, prejudiciind bugetul spitalului cu 750 de lei.<\/p>\n<p>Aranyosi este acuzat c\u0103 a intermediat rela\u021biile dintre pacien\u021bi \u0219i ceilal\u021bi trei inculpa\u021bi \u0219i negocierea pre\u021bului, primind \u00een schimb o parte dintre beneficii.<\/p>\n<p>Pe timpul c\u00e2t se afl\u0103 sub control judiciar, inculpatele Gherman \u0219i R\u00eenda\u0219u trebuie s\u0103 respecte urm\u0103toarele obliga\u021bii: s\u0103 se prezinte la DNA \u2014 Serviciul Teritorial Ia\u0219i, ori de c\u00e2te ori sunt chemate; s\u0103 informeze de \u00eendat\u0103 DNA \u2014 Serviciul Teritorial Ia\u0219i cu privire la schimbarea locuin\u021bei; s\u0103 se prezinte la Biroul de Supravegheri Judiciare din cadrul Inspectoratului Jude\u021bean de Poli\u021bie Ia\u0219i, conform programului de supraveghere \u00eentocmit de organul de poli\u021bie sau ori de c\u00e2te ori sunt chemate; s\u0103 nu dep\u0103\u0219easc\u0103 limita teritorial\u0103 a \u021b\u0103rii dec\u00e2t cu \u00eencuviin\u021barea prealabil\u0103 a procurorului; s\u0103 nu ia leg\u0103tura cu ceilal\u021bi inculpa\u021bi \u0219i cu persoanele care au calitatea de martori \u00een dosar; s\u0103 comunice periodic, conform programului de supraveghere, informa\u021bii relevante despre mijloacele lor de existen\u021b\u0103; s\u0103 nu exercite profesia, meseria sau s\u0103 nu desf\u0103\u0219oare activitatea \u00een exercitarea c\u0103reia a s\u0103v\u00e2r\u0219it faptele re\u021binute \u00een sarcina lor.<\/p>\n<p>Inculpatelor Gherman \u0219i R\u00eenda\u0219u li s-a atras aten\u021bia c\u0103, \u00een caz de \u00eenc\u0103lcare cu rea-credin\u021b\u0103 a obliga\u021biilor care le revin, m\u0103sura controlului judiciar se poate \u00eenlocui cu m\u0103sura arestului la domiciliu sau a arest\u0103rii preventive.<\/p>\n<p>Tuturor inculpa\u021bilor li s-au adus la cuno\u0219tin\u021b\u0103 calitatea procesual\u0103 \u0219i acuza\u021biile, urm\u00e2nd ca Moldovanu \u0219i Aranyosi s\u0103 fie prezenta\u021bi, s\u00e2mb\u0103t\u0103, Tribunalului Ia\u0219i, cu propunere de arestare preventiv\u0103 pentru 30 de zile.<\/p>\n<aside class=\"mashsb-container mashsb-main \">\n<div class=\"mashsb-box\">\n<div class=\"mashsb-count mash-medium\">\n<div class=\"counts mashsbcount\">5<\/div>\n<p><span class=\"mashsb-sharetext\">SHARES<\/span><\/div>\n<div class=\"mashsb-buttons\"><a class=\"mashicon-facebook mash-medium mashsb-noshadow\" href=\"https:\/\/www.facebook.com\/sharer.php?u=http%3A%2F%2Fwww.ziaruldevaslui.ro%2Fseful-laboratorului-de-radiologie-din-cadrul-spitalului-n-oblu-iasi-retinut-pentru-luare-de-mita%2F\" target=\"_top\" rel=\"nofollow\"><span class=\"text\">Share\u00a0pe\u00a0facebook<\/span><\/a><a class=\"mashicon-twitter mash-medium mashsb-noshadow\" href=\"https:\/\/twitter.com\/intent\/tweet?text=%C8%98eful%20Laboratorului%20de%20Radiologie%20din%20cadrul%20Spitalului%20%E2%80%98N.%20Oblu%E2%80%99%20Ia%C8%99i%2C%20re%C8%9Binut%20pentru%20luare%20de%20mit%C4%83&amp;url=http:\/\/www.ziaruldevaslui.ro\/?p=5367\" target=\"_top\" rel=\"nofollow\"><span class=\"text\">Share\u00a0pe\u00a0twitter<\/span><\/a><\/div>\n<\/div>\n<\/aside>\n<\/div>\n<\/div>\n<div class=\"entry-content clearfix\">\n<p><strong>\u0218eful Laboratorului de Radiologie \u0219i Imagistic\u0103 medical\u0103 din cadrul Spitalului de Neurochirurgie \u201eN. Oblu\u201d din Ia\u0219i, Eduard Moldovanu, \u0219i un infirmier au fost re\u021binu\u021bi pentru luare de mit\u0103 \u0219i abuz \u00een serviciu, potrivit unui comunicat al DNA transmis s\u00e2mb\u0103t\u0103.<\/strong><\/p>\n<p>Procurorii anticorup\u021bie au mai dispus punerea \u00een mi\u0219care a ac\u021biunii penale \u0219i luarea m\u0103surii controlului judiciar, pentru o perioad\u0103 de 60 de zile, fa\u021b\u0103 de dou\u0103 asistente medicale din cadrul laboratorului, pentru acelea\u0219i infrac\u021biuni.<\/p>\n<p>DNA precizeaz\u0103 c\u0103 Eduard Moldovanu, \u0219ef al Laboratorului de Radiologie, \u0219i asistentele medicale Elena Carmen Gherman \u0219i Maria Magdalena R\u00eenda\u0219u sunt acuza\u021bi de luare de mit\u0103 \u0219i abuz \u00een serviciu, iar Dan Ionu\u021b Aranyosi, infirmier, de complicitate la luare de mit\u0103 \u0219i complicitate la abuz \u00een serviciu.<\/p>\n<p>Pe 18 martie, 13 mai \u0219i 3 iunie, Moldovanu a pretins \u0219i primit, cu titlu de mit\u0103, de la trei pacien\u021bi o sum\u0103 total\u0103 de 1.800 de lei pentru efectuarea unor examene RMN pentru coloan\u0103, interpretarea rezultatelor \u0219i prescrierea de tratamente.<\/p>\n<p>Moldovanu nu a \u00eenregistrat \u00een eviden\u021bele unit\u0103\u021bii medicale investiga\u021biile efectuate \u0219i sumele percepute pentru efectuarea examenelor RMN, cu consecin\u021ba prejudicierii bugetului spitalului cu o pagub\u0103 reprezentat\u0103 de costul real al investiga\u021biilor medicale, respectiv 2.000 de lei.<\/p>\n<p>Pe 27 ianuarie, Gherman a pretins \u0219i primit de la un pacient 350 de lei pentru efectuarea unui examen CT cranian, \u00een timp ce pe 11 februarie R\u00eenda\u0219u a pretins \u0219i primit de la un pacient 300 de lei pentru efectuarea unui examen RMN pentru genunchi.<\/p>\n<p>Cele dou\u0103 inculpate \u0219i-au \u00eenc\u0103lcat atribu\u021biile de serviciu \u0219i nu au \u00eenregistrat \u00een eviden\u021bele unit\u0103\u021bii medicale sumele percepute pentru efectuarea examenelor CT cranian \u0219i RMN de genunchi, prejudiciind bugetul spitalului cu 750 de lei.<\/p>\n<p>Aranyosi este acuzat c\u0103 a intermediat rela\u021biile dintre pacien\u021bi \u0219i ceilal\u021bi trei inculpa\u021bi \u0219i negocierea pre\u021bului, primind \u00een schimb o parte dintre beneficii.<\/p>\n<p>Pe timpul c\u00e2t se afl\u0103 sub control judiciar, inculpatele Gherman \u0219i R\u00eenda\u0219u trebuie s\u0103 respecte urm\u0103toarele obliga\u021bii: s\u0103 se prezinte la DNA \u2014 Serviciul Teritorial Ia\u0219i, ori de c\u00e2te ori sunt chemate; s\u0103 informeze de \u00eendat\u0103 DNA \u2014 Serviciul Teritorial Ia\u0219i cu privire la schimbarea locuin\u021bei; s\u0103 se prezinte la Biroul de Supravegheri Judiciare din cadrul Inspectoratului Jude\u021bean de Poli\u021bie Ia\u0219i, conform programului de supraveghere \u00eentocmit de organul de poli\u021bie sau ori de c\u00e2te ori sunt chemate; s\u0103 nu dep\u0103\u0219easc\u0103 limita teritorial\u0103 a \u021b\u0103rii dec\u00e2t cu \u00eencuviin\u021barea prealabil\u0103 a procurorului; s\u0103 nu ia leg\u0103tura cu ceilal\u021bi inculpa\u021bi \u0219i cu persoanele care au calitatea de martori \u00een dosar; s\u0103 comunice periodic, conform programului de supraveghere, informa\u021bii relevante despre mijloacele lor de existen\u021b\u0103; s\u0103 nu exercite profesia, meseria sau s\u0103 nu desf\u0103\u0219oare activitatea \u00een exercitarea c\u0103reia a s\u0103v\u00e2r\u0219it faptele re\u021binute \u00een sarcina lor.<\/p>\n<p>Inculpatelor Gherman \u0219i R\u00eenda\u0219u li s-a atras aten\u021bia c\u0103, \u00een caz de \u00eenc\u0103lcare cu rea-credin\u021b\u0103 a obliga\u021biilor care le revin, m\u0103sura controlului judiciar se poate \u00eenlocui cu m\u0103sura arestului la domiciliu sau a arest\u0103rii preventive.<\/p>\n<p>Tuturor inculpa\u021bilor li s-au adus la cuno\u0219tin\u021b\u0103 calitatea procesual\u0103 \u0219i acuza\u021biile, urm\u00e2nd ca Moldovanu \u0219i Aranyosi s\u0103 fie prezenta\u021bi, s\u00e2mb\u0103t\u0103, Tribunalului Ia\u0219i, cu propunere de arestare preventiv\u0103 pentru 30 de zile.<\/p>\n<aside class=\"mashsb-container mashsb-main \">\n<div class=\"mashsb-box\">\n<div class=\"mashsb-count mash-medium\">\n<div class=\"counts mashsbcount\">5<\/div>\n<p><span class=\"mashsb-sharetext\">SHARES<\/span><\/div>\n<div class=\"mashsb-buttons\"><a class=\"mashicon-facebook mash-medium mashsb-noshadow\" href=\"https:\/\/www.facebook.com\/sharer.php?u=http%3A%2F%2Fwww.ziaruldevaslui.ro%2Fseful-laboratorului-de-radiologie-din-cadrul-spitalului-n-oblu-iasi-retinut-pentru-luare-de-mita%2F\" target=\"_top\" rel=\"nofollow\"><span class=\"text\">Share\u00a0pe\u00a0facebook<\/span><\/a><a class=\"mashicon-twitter mash-medium mashsb-noshadow\" href=\"https:\/\/twitter.com\/intent\/tweet?text=%C8%98eful%20Laboratorului%20de%20Radiologie%20din%20cadrul%20Spitalului%20%E2%80%98N.%20Oblu%E2%80%99%20Ia%C8%99i%2C%20re%C8%9Binut%20pentru%20luare%20de%20mit%C4%83&amp;url=http:\/\/www.ziaruldevaslui.ro\/?p=5367\" target=\"_top\" rel=\"nofollow\"><span class=\"text\">Share\u00a0pe\u00a0twitter<\/span><\/a><\/div>\n<\/div>\n<\/aside>\n<\/div>\n<div class=\"article-content\">\n<h3 class=\"entry-title\"><a href=\"http:\/\/www.ziaruldevaslui.ro\/ultimul-weekend-de-fumat-in-baruri-si-restaurante\/\" rel=\"bookmark\" title=\"Ultimul weekend de fumat \u00een baruri \u0219i restaurante\"><br \/>\n\t\t\t\t\t\t\t\tUltimul weekend de fumat \u00een baruri \u0219i restaurante\t\t\t\t\t\t\t<\/a><\/h3>\n<div class=\"below-entry-meta\"><span class=\"posted-on\"><a href=\"http:\/\/www.ziaruldevaslui.ro\/ultimul-weekend-de-fumat-in-baruri-si-restaurante\/\" title=\"15:40\" rel=\"bookmark\"><time class=\"entry-date published\" datetime=\"2016-03-13T15:40:29+02:00\">13 martie 2016<\/time><time class=\"updated\" datetime=\"2016-03-13T15:52:59+02:00\">13 martie 2016<\/time><\/a><\/span><span class=\"byline\"><span class=\"author vcard\"><a class=\"url fn n\" href=\"http:\/\/www.ziaruldevaslui.ro\/author\/rodan-mihai\/\" title=\"Mihai Rodan\"><br \/>\n\t\t\t\t\t\tMihai Rodan\t\t\t\t\t<\/a><\/span><\/span><span class=\"comments\"><a href=\"http:\/\/www.ziaruldevaslui.ro\/ultimul-weekend-de-fumat-in-baruri-si-restaurante\/#respond\">0<\/a><\/span><\/div>\n<\/div>\n<div class=\"article-content\">\n<h3 class=\"entry-title\"><a href=\"http:\/\/www.ziaruldevaslui.ro\/romania-blocheaza-exporturile-de-medicamente-si-echipamente-medicale\/\" rel=\"bookmark\" title=\"Rom\u00e2nia blocheaz\u0103 exporturile de medicamente \u015fi echipamente medicale\"><br \/>\n\t\t\t\t\t\t\t\tRom\u00e2nia blocheaz\u0103 exporturile de medicamente \u015fi echipamente medicale\t\t\t\t\t\t\t<\/a><\/h3>\n<div class=\"below-entry-meta\"><span class=\"posted-on\"><a href=\"http:\/\/www.ziaruldevaslui.ro\/romania-blocheaza-exporturile-de-medicamente-si-echipamente-medicale\/\" title=\"19:07\" rel=\"bookmark\"><time class=\"entry-date published updated\" datetime=\"2020-03-11T19:07:25+02:00\">11 martie 2020<\/time><\/a><\/span><span class=\"byline\"><span class=\"author vcard\"><a class=\"url fn n\" href=\"http:\/\/www.ziaruldevaslui.ro\/author\/admin\/\" title=\"Ziarul de Vaslui\"><br \/>\n\t\t\t\t\t\tZiarul de Vaslui\t\t\t\t\t<\/a><\/span><\/span><\/div>\n<\/div>\n<div class=\"article-content\">\n<h3 class=\"entry-title\"><a href=\"http:\/\/www.ziaruldevaslui.ro\/guvern-recomandari-si-informatii-privind-noul-coronavirus\/\" rel=\"bookmark\" title=\"Guvern: Recomand\u0103ri \u015fi informa\u0163ii privind noul coronavirus\"><br \/>\n\t\t\t\t\t\t\t\tGuvern: Recomand\u0103ri \u015fi informa\u0163ii privind noul coronavirus\t\t\t\t\t\t\t<\/a><\/h3>\n<div class=\"below-entry-meta\"><span class=\"posted-on\"><a href=\"http:\/\/www.ziaruldevaslui.ro\/guvern-recomandari-si-informatii-privind-noul-coronavirus\/\" title=\"21:43\" rel=\"bookmark\"><time class=\"entry-date published\" datetime=\"2020-02-24T21:43:22+02:00\">24 februarie 2020<\/time><time class=\"updated\" datetime=\"2020-02-24T21:44:30+02:00\">24 februarie 2020<\/time><\/a><\/span><span class=\"byline\"><span class=\"author vcard\"><a class=\"url fn n\" href=\"http:\/\/www.ziaruldevaslui.ro\/author\/admin\/\" title=\"Ziarul de Vaslui\"><br \/>\n\t\t\t\t\t\tZiarul de Vaslui\t\t\t\t\t<\/a><\/span><\/span><\/div>\n<\/div>\n<div class=\"article-content\">\n<div class=\"above-entry-meta\"><span class=\"cat-links\"><a href=\"http:\/\/www.ziaruldevaslui.ro\/local\/\" rel=\"category tag\">Local<\/a>\u00a0<a href=\"http:\/\/www.ziaruldevaslui.ro\/tabloul-principal\/\" rel=\"category tag\">NOUT\u0102\u021aI<\/a>\u00a0<a href=\"http:\/\/www.ziaruldevaslui.ro\/opinii\/\" rel=\"category tag\">Opinii<\/a>\u00a0<\/span><\/div>\n<h3 class=\"entry-title\"><a href=\"http:\/\/www.ziaruldevaslui.ro\/stand-up-comedy-cu-ionel-sandu-de-la-aur-spatiile-pentru-copiii-cu-autism-sunt-bazaconii\/\" title=\"Stand Up Comedy cu Ionel Sandu, candidat AUR: spa\u021biile pentru copiii cu autism sunt \u201ebazaconii\u201d\"><br \/>\n\t\t\t\tStand Up Comedy cu Ionel Sandu, candidat AUR: spa\u021biile pentru copiii cu autism sunt \u201ebazaconii\u201d\t\t\t<\/a><\/h3>\n<div class=\"below-entry-meta\"><span class=\"posted-on\"><a href=\"http:\/\/www.ziaruldevaslui.ro\/stand-up-comedy-cu-ionel-sandu-de-la-aur-spatiile-pentru-copiii-cu-autism-sunt-bazaconii\/\" title=\"22:46\" rel=\"bookmark\"><time class=\"entry-date published\" datetime=\"2024-03-14T22:46:43+02:00\">14 martie 2024<\/time><time class=\"updated\" datetime=\"2024-03-15T08:54:58+02:00\">15 martie 2024<\/time><\/a><\/span><span class=\"byline\"><span class=\"author vcard\"><a class=\"url fn n\" href=\"http:\/\/www.ziaruldevaslui.ro\/author\/admin\/\" title=\"Ziarul de Vaslui\"><br \/>\n\t\t\t\t\tZiarul de Vaslui\t\t\t\t<\/a><\/span><\/span><\/div>\n<div class=\"entry-content\">\n<p>Ini\u021bial am crezut c\u0103 Ionel Sandu s-a apucat de Stand Up Comedy. Cu afacerile nu st\u0103 extraordinar, cu politica nici<\/p>\n<\/div>\n<\/div>\n<div class=\"entry-content\">\n<p>Ini\u021bial am crezut c\u0103 Ionel Sandu s-a apucat de Stand Up Comedy. Cu afacerile nu st\u0103 extraordinar, cu politica nici<\/p>\n<\/div>\n<div class=\"article-content\">\n<div class=\"above-entry-meta\"><span class=\"cat-links\"><a href=\"http:\/\/www.ziaruldevaslui.ro\/literatura\/\" rel=\"category tag\">Literatur\u0103<\/a>\u00a0<a href=\"http:\/\/www.ziaruldevaslui.ro\/magazin\/\" rel=\"category tag\">Magazin<\/a>\u00a0<a href=\"http:\/\/www.ziaruldevaslui.ro\/opinii\/\" rel=\"category tag\">Opinii<\/a>\u00a0<\/span><\/div>\n<h3 class=\"entry-title\"><a href=\"http:\/\/www.ziaruldevaslui.ro\/pledoarie-pentru-o-carte-pe-zi\/\" title=\"Pledoarie pentru \u2026 o carte pe zi\"><br \/>\n\t\t\t\tPledoarie pentru \u2026 o carte pe zi\t\t\t<\/a><\/h3>\n<div class=\"below-entry-meta\"><span class=\"posted-on\"><a href=\"http:\/\/www.ziaruldevaslui.ro\/pledoarie-pentru-o-carte-pe-zi\/\" title=\"09:48\" rel=\"bookmark\"><time class=\"entry-date published\" datetime=\"2021-11-13T09:48:23+02:00\">13 noiembrie 2021<\/time><time class=\"updated\" datetime=\"2022-05-04T20:22:06+02:00\">4 mai 2022<\/time><\/a><\/span><span class=\"byline\"><span class=\"author vcard\"><a class=\"url fn n\" href=\"http:\/\/www.ziaruldevaslui.ro\/author\/admin\/\" title=\"Ziarul de Vaslui\"><br \/>\n\t\t\t\t\tZiarul de Vaslui\t\t\t\t<\/a><\/span><\/span><\/div>\n<\/div>\n<div class=\"article-content\">\n<div class=\"above-entry-meta\"><span class=\"cat-links\"><a href=\"http:\/\/www.ziaruldevaslui.ro\/local\/\" rel=\"category tag\">Local<\/a>\u00a0<a href=\"http:\/\/www.ziaruldevaslui.ro\/tabloul-principal\/\" rel=\"category tag\">NOUT\u0102\u021aI<\/a>\u00a0<a href=\"http:\/\/www.ziaruldevaslui.ro\/oameni-si-locuri\/\" rel=\"category tag\">Oameni si locuri<\/a>\u00a0<a href=\"http:\/\/www.ziaruldevaslui.ro\/opinii\/\" rel=\"category tag\">Opinii<\/a>\u00a0<\/span><\/div>\n<h3 class=\"entry-title\"><a href=\"http:\/\/www.ziaruldevaslui.ro\/vasluianca-madalina-tudorache-admisa-ca-doctorand-la-oxford-interviu\/\" title=\"Vasluianca M\u0103d\u0103lina Tudorache, admis\u0103 ca doctorand la Oxford\"><br \/>\n\t\t\t\tVasluianca M\u0103d\u0103lina Tudorache, admis\u0103 ca doctorand la Oxford\t\t\t<\/a><\/h3>\n<div class=\"below-entry-meta\"><span class=\"posted-on\"><a href=\"http:\/\/www.ziaruldevaslui.ro\/vasluianca-madalina-tudorache-admisa-ca-doctorand-la-oxford-interviu\/\" title=\"09:24\" rel=\"bookmark\"><time class=\"entry-date published\" datetime=\"2020-07-21T09:24:55+02:00\">21 iulie 2020<\/time><time class=\"updated\" datetime=\"2021-12-15T08:32:02+02:00\">15 decembrie 2021<\/time><\/a><\/span><span class=\"byline\"><span class=\"author vcard\"><a class=\"url fn n\" href=\"http:\/\/www.ziaruldevaslui.ro\/author\/admin\/\" title=\"Ziarul de Vaslui\"><br \/>\n\t\t\t\t\tZiarul de Vaslui\t\t\t\t<\/a><\/span><\/span><\/div>\n<\/div>\n<div class=\"article-content\">\n<div class=\"above-entry-meta\"><span class=\"cat-links\"><a href=\"http:\/\/www.ziaruldevaslui.ro\/local\/\" rel=\"category tag\">Local<\/a>\u00a0<a href=\"http:\/\/www.ziaruldevaslui.ro\/tabloul-principal\/\" rel=\"category tag\">NOUT\u0102\u021aI<\/a>\u00a0<a href=\"http:\/\/www.ziaruldevaslui.ro\/oameni-si-locuri\/\" rel=\"category tag\">Oameni si locuri<\/a>\u00a0<a href=\"http:\/\/www.ziaruldevaslui.ro\/opinii\/\" rel=\"category tag\">Opinii<\/a>\u00a0<\/span><\/div>\n<h3 class=\"entry-title\"><a href=\"http:\/\/www.ziaruldevaslui.ro\/manifestul-unui-eleve-de-clasa-a-12-a-din-vaslui-cel-mai-mare-vis-al-nostru-era-sa-imbracam-roba\/\" title=\"Manifestul unei eleve de clasa a 12-a din Vaslui: \u201eCel mai mare vis al nostru era s\u0103 \u00eembr\u0103c\u0103m roba\u201d\"><br \/>\n\t\t\t\tManifestul unei eleve de clasa a 12-a din Vaslui: \u201eCel mai mare vis al nostru era s\u0103 \u00eembr\u0103c\u0103m roba\u201d\t\t\t<\/a><\/h3>\n<div class=\"below-entry-meta\"><span class=\"posted-on\"><a href=\"http:\/\/www.ziaruldevaslui.ro\/manifestul-unui-eleve-de-clasa-a-12-a-din-vaslui-cel-mai-mare-vis-al-nostru-era-sa-imbracam-roba\/\" title=\"21:33\" rel=\"bookmark\"><time class=\"entry-date published\" datetime=\"2020-05-02T21:33:04+02:00\">2 mai 2020<\/time><time class=\"updated\" datetime=\"2020-05-03T18:03:27+02:00\">3 mai 2020<\/time><\/a><\/span><span class=\"byline\"><span class=\"author vcard\"><a class=\"url fn n\" href=\"http:\/\/www.ziaruldevaslui.ro\/author\/admin\/\" title=\"Ziarul de Vaslui\"><br \/>\n\t\t\t\t\tZiarul de Vaslui\t\t\t\t<\/a><\/span><\/span><\/div>\n<\/div>\n<p> Source URL: http:\/\/www.ziaruldevaslui.ro\/seful-laboratorului-de-radiologie-din-cadrul-spitalului-n-oblu-iasi-retinut-pentru-luare-de-mita\/<\/p>\n","protected":false},"excerpt":{"rendered":"<p>Na\u021bional\u00a0 \u0218eful Laboratorului de Radiologie din cadrul Spitalului \u2018N. Oblu\u2019 Ia\u0219i, re\u021binut pentru luare de mit\u0103 4 iunie 2016 Ziarul de Vaslui Niciun comentariudna, Eduard Moldovanu, iasi, mita \u0218eful Laboratorului de Radiologie \u0219i Imagistic\u0103 medical\u0103 din cadrul Spitalului de Neurochirurgie \u201eN. Oblu\u201d din Ia\u0219i, Eduard Moldovanu, \u0219i un infirmier au fost re\u021binu\u021bi pentru luare de [&hellip;]<\/p>\n","protected":false},"author":1,"featured_media":1521121,"comment_status":"open","ping_status":"","sticky":false,"template":"","format":"standard","meta":{"footnotes":""},"categories":[89],"tags":[218],"class_list":["post-1521109","post","type-post","status-publish","format-standard","has-post-thumbnail","hentry","category-romania","tag-ziaruldevaslui-ro"],"_links":{"self":[{"href":"https:\/\/analyse.optim.biz\/index.php?rest_route=\/wp\/v2\/posts\/1521109","targetHints":{"allow":["GET"]}}],"collection":[{"href":"https:\/\/analyse.optim.biz\/index.php?rest_route=\/wp\/v2\/posts"}],"about":[{"href":"https:\/\/analyse.optim.biz\/index.php?rest_route=\/wp\/v2\/types\/post"}],"author":[{"embeddable":true,"href":"https:\/\/analyse.optim.biz\/index.php?rest_route=\/wp\/v2\/users\/1"}],"replies":[{"embeddable":true,"href":"https:\/\/analyse.optim.biz\/index.php?rest_route=%2Fwp%2Fv2%2Fcomments&post=1521109"}],"version-history":[{"count":0,"href":"https:\/\/analyse.optim.biz\/index.php?rest_route=\/wp\/v2\/posts\/1521109\/revisions"}],"wp:featuredmedia":[{"embeddable":true,"href":"https:\/\/analyse.optim.biz\/index.php?rest_route=\/wp\/v2\/media\/1521121"}],"wp:attachment":[{"href":"https:\/\/analyse.optim.biz\/index.php?rest_route=%2Fwp%2Fv2%2Fmedia&parent=1521109"}],"wp:term":[{"taxonomy":"category","embeddable":true,"href":"https:\/\/analyse.optim.biz\/index.php?rest_route=%2Fwp%2Fv2%2Fcategories&post=1521109"},{"taxonomy":"post_tag","embeddable":true,"href":"https:\/\/analyse.optim.biz\/index.php?rest_route=%2Fwp%2Fv2%2Ftags&post=1521109"}],"curies":[{"name":"wp","href":"https:\/\/api.w.org\/{rel}","templated":true}]}}