{"id":152103,"date":"2017-01-02T10:26:57","date_gmt":"2017-01-02T07:26:57","guid":{"rendered":"https:\/\/analyse.optim.biz\/?p=152103"},"modified":"2017-01-02T10:26:57","modified_gmt":"2017-01-02T07:26:57","slug":"cabinetul-grindeanu-discutii-pentru-formarea-noului-guvern","status":"publish","type":"post","link":"https:\/\/analyse.optim.biz\/?p=152103","title":{"rendered":"Cabinetul Grindeanu | Discu\u021bii pentru formarea noului guvern"},"content":{"rendered":"<div class=\"entry data-app-meta data-app-meta-article\" data-embed-base-url-canonical=\"https:\/\/www.digi24.ro\/embed\/stiri\/actualitate\/politica\/cabinetul-grindeanu-se-formeaza-echipa-642079\">\n<p data-index=\"1\"><strong>E agita\u0163ie \u00eenc\u0103 din a doua zi a anului pe scena politic\u0103 de la noi. Se intr\u0103 \u00een linie dreapt\u0103 pentru instalarea noului guvern. Chiar azi, liderul PSD Liviu Dragnea ar urma s\u0103 aib\u0103 noi discu\u0163ii cu partenerii de alian\u0163\u0103 pentru definitivarea listei Cabinetului Sorin Grindeanu. Social-democra\u0163ii \u015fi-au propus s\u0103 trimit\u0103 aceste propuneri m\u00e2ine diminea\u0163\u0103, la Parlament.<\/strong><\/p>\n<p lang=\"en-US\" data-index=\"2\">Ast<span lang=\"ro-RO\">\u0103zi ar urma noi discu\u021bii \u00eentre partenerii de coali\u021bie pentru definitivarea cabinetului Grindeanu, urm\u00e2nd ca m\u00e2ine lista de mini\u0219tri s\u0103 fie depus\u0103 la Parlament.<\/span><\/p>\n<p lang=\"en-US\" data-index=\"3\"><span lang=\"ro-RO\">Ar urma ca miercuri diminea\u021ba s\u0103 se desf\u0103\u0219oare audierile mini\u0219trilor \u00een comisiile de specialitate, iar la pr\u00e2nz s\u0103 se dea votul \u00een plenul reunit al Camerei Deputa\u021bilor \u0219i Senat, iar seara mini\u0219trii vota\u021bi s\u0103 mearg\u0103 la pre\u0219edintele Klaus Iohannis pentru depunerea jur\u0103m\u00e2ntului de credin\u021b\u0103.<\/span><\/p>\n<p lang=\"en-US\" data-index=\"4\"><span lang=\"ro-RO\">Dac\u0103 se respect\u0103 acest calendar propus de cei de la PSD, miercuri seara ar putea avea loc o prim\u0103 \u0219edin\u021b\u0103 a noului cabinet.<\/span><\/p>\n<\/div>\n<p> Source URL: https:\/\/www.digi24.ro\/stiri\/actualitate\/politica\/cabinetul-grindeanu-se-formeaza-echipa-642079<\/p>\n","protected":false},"excerpt":{"rendered":"<p>E agita\u0163ie \u00eenc\u0103 din a doua zi a anului pe scena politic\u0103 de la noi. Se intr\u0103 \u00een linie dreapt\u0103 pentru instalarea noului guvern. Chiar azi, liderul PSD Liviu Dragnea ar urma s\u0103 aib\u0103 noi discu\u0163ii cu partenerii de alian\u0163\u0103 pentru definitivarea listei Cabinetului Sorin Grindeanu. Social-democra\u0163ii \u015fi-au propus s\u0103 trimit\u0103 aceste propuneri m\u00e2ine diminea\u0163\u0103, [&hellip;]<\/p>\n","protected":false},"author":1,"featured_media":152104,"comment_status":"open","ping_status":"","sticky":false,"template":"","format":"standard","meta":{"footnotes":""},"categories":[2],"tags":[11],"class_list":["post-152103","post","type-post","status-publish","format-standard","has-post-thumbnail","hentry","category-politics","tag-digi24"],"_links":{"self":[{"href":"https:\/\/analyse.optim.biz\/index.php?rest_route=\/wp\/v2\/posts\/152103","targetHints":{"allow":["GET"]}}],"collection":[{"href":"https:\/\/analyse.optim.biz\/index.php?rest_route=\/wp\/v2\/posts"}],"about":[{"href":"https:\/\/analyse.optim.biz\/index.php?rest_route=\/wp\/v2\/types\/post"}],"author":[{"embeddable":true,"href":"https:\/\/analyse.optim.biz\/index.php?rest_route=\/wp\/v2\/users\/1"}],"replies":[{"embeddable":true,"href":"https:\/\/analyse.optim.biz\/index.php?rest_route=%2Fwp%2Fv2%2Fcomments&post=152103"}],"version-history":[{"count":0,"href":"https:\/\/analyse.optim.biz\/index.php?rest_route=\/wp\/v2\/posts\/152103\/revisions"}],"wp:featuredmedia":[{"embeddable":true,"href":"https:\/\/analyse.optim.biz\/index.php?rest_route=\/wp\/v2\/media\/152104"}],"wp:attachment":[{"href":"https:\/\/analyse.optim.biz\/index.php?rest_route=%2Fwp%2Fv2%2Fmedia&parent=152103"}],"wp:term":[{"taxonomy":"category","embeddable":true,"href":"https:\/\/analyse.optim.biz\/index.php?rest_route=%2Fwp%2Fv2%2Fcategories&post=152103"},{"taxonomy":"post_tag","embeddable":true,"href":"https:\/\/analyse.optim.biz\/index.php?rest_route=%2Fwp%2Fv2%2Ftags&post=152103"}],"curies":[{"name":"wp","href":"https:\/\/api.w.org\/{rel}","templated":true}]}}