{"id":1521018,"date":"2016-06-18T17:14:25","date_gmt":"2016-06-18T14:14:25","guid":{"rendered":"https:\/\/analyse.optim.biz\/?p=1521018"},"modified":"2016-06-18T17:14:25","modified_gmt":"2016-06-18T14:14:25","slug":"prapad-in-judetul-iasi","status":"publish","type":"post","link":"https:\/\/analyse.optim.biz\/?p=1521018","title":{"rendered":"Pr\u0103p\u0103d \u00een jude\u0163ul Ia\u015fi!"},"content":{"rendered":"<article id=\"post-6361\" class=\"post-6361 post type-post status-publish format-standard has-post-thumbnail hentry category-national category-recomandate tag-furtuna tag-grindina tag-iasi\">\n<div class=\"featured-image\"><a href=\"https:\/\/analyse.optim.biz\/wp-content\/uploads\/2026\/01\/13479572_823448227759947_1449150400_n-1.jpg\" class=\"image-popup\"><img decoding=\"async\" width=\"646\" height=\"404\" src=\"https:\/\/analyse.optim.biz\/wp-content\/uploads\/2026\/01\/13479572_823448227759947_1449150400_n-1.jpg\" class=\"attachment-colormag-featured-image size-colormag-featured-image wp-post-image\" loading=\"lazy\" title=\"13479572_823448227759947_1449150400_n-1\"><\/a><\/div>\n<div class=\"article-content clearfix\">\n<div class=\"above-entry-meta\"><span class=\"cat-links\"><a href=\"http:\/\/www.ziaruldevaslui.ro\/national\/\" rel=\"category tag\">Na\u021bional<\/a>\u00a0<a href=\"http:\/\/www.ziaruldevaslui.ro\/recomandate\/\" rel=\"category tag\">RECOMANDATE<\/a>\u00a0<\/span><\/div>\n<header class=\"entry-header\">\n<h1 class=\"entry-title\">\n\t\t\t\tPr\u0103p\u0103d \u00een jude\u0163ul Ia\u015fi!\t\t\t<\/h1>\n<\/header>\n<div class=\"below-entry-meta\"><span class=\"posted-on\"><a href=\"http:\/\/www.ziaruldevaslui.ro\/prapad-in-judetul-iasi\/\" title=\"19:14\" rel=\"bookmark\"><time class=\"entry-date published\" datetime=\"2016-06-18T19:14:25+02:00\">18 iunie 2016<\/time><time class=\"updated\" datetime=\"2016-06-19T10:54:55+02:00\">19 iunie 2016<\/time><\/a><\/span><span class=\"byline\"><span class=\"author vcard\"><a class=\"url fn n\" href=\"http:\/\/www.ziaruldevaslui.ro\/author\/mihaela-zarnescu\/\" title=\"Mihaela Z\u0103rnescu\"><br \/>\n\t\t\t\t\t\tMihaela Z\u0103rnescu\t\t\t\t\t<\/a><\/span><\/span><span class=\"comments\"><a href=\"http:\/\/www.ziaruldevaslui.ro\/prapad-in-judetul-iasi\/#respond\"> Niciun comentariu<\/a><\/span><span class=\"tag-links\"><a href=\"http:\/\/www.ziaruldevaslui.ro\/tag\/furtuna\/\" rel=\"tag\">furtuna<\/a>, <a href=\"http:\/\/www.ziaruldevaslui.ro\/tag\/grindina\/\" rel=\"tag\">grindina<\/a>, <a href=\"http:\/\/www.ziaruldevaslui.ro\/tag\/iasi\/\" rel=\"tag\">iasi<\/a><\/span><\/div>\n<div class=\"entry-content clearfix\">\n<p><strong>Nori negre, o ploaie toren\u0163ial\u0103 \u015fi grindin\u0103 de dimensiuni \u00a0impresionante au \u00eengrozit \u00een urm\u0103 cu pu\u0163in timp locuitorii jude\u0163ului Ia\u015fi. Meteorologii \u00a0au emis la ora 18.00 o avertizare nowcasting de cod portocaliu \u00a0pentru<\/strong> j<strong>ude<\/strong><strong>\u021bele Ia<\/strong><strong>\u0219i, Neam<\/strong><strong>\u021b, Boto\u015fani \u015fi Suceava. Pe re\u0163elele de socializare aui ap\u0103rut \u015fi primele imagini impresionante din zona Ia\u015fului. La ora 19.00 ANMH a emis o alt\u0103 avertizare, de desc\u0103rc\u0103ri electrice, grindin\u0103 de dimensiuni medii <\/strong><strong>\u0219i mari, intensific\u0103ri ale v\u00e2ntului cu aspect de vijelie, averse \u00een cantit\u0103\u0163i care pot atinge 40-50 l\/mp, pentru jude\u0163ul Cara\u015f Severin. (Sursa foto: Facebook)<br \/><\/strong><\/p>\n<div id=\"gallery-1\" class=\"gallery galleryid-6361 gallery-columns-3 gallery-size-colormag-featured-image\">\n<figure class=\"gallery-item\">\n<div class=\"gallery-icon landscape\"><a href=\"http:\/\/www.ziaruldevaslui.ro\/wp-content\/uploads\/2016\/06\/13493208_823448234426613_1264080085_o.jpg\" title data-rl_title class=\"rl-gallery-link\" data-rl_caption data-rel=\"lightbox-gallery-1\"><img decoding=\"async\" width=\"800\" height=\"445\" src=\"https:\/\/analyse.optim.biz\/wp-content\/uploads\/2026\/01\/13493208_823448234426613_1264080085_o-800x445-1.jpg\" class=\"attachment-colormag-featured-image size-colormag-featured-image\" loading=\"lazy\" title=\"13493208_823448234426613_1264080085_o-800x445-1\"><\/a><\/div>\n<\/figure>\n<figure class=\"gallery-item\">\n<div class=\"gallery-icon portrait\"><a href=\"http:\/\/www.ziaruldevaslui.ro\/wp-content\/uploads\/2016\/06\/13492854_823448231093280_849148479_n.jpg\" title data-rl_title class=\"rl-gallery-link\" data-rl_caption data-rel=\"lightbox-gallery-1\"><img decoding=\"async\" width=\"720\" height=\"445\" src=\"https:\/\/analyse.optim.biz\/wp-content\/uploads\/2026\/01\/13492854_823448231093280_849148479_n-720x445-1.jpg\" class=\"attachment-colormag-featured-image size-colormag-featured-image\" loading=\"lazy\" title=\"13492854_823448231093280_849148479_n-720x445-1\"><\/a><\/div>\n<\/figure>\n<figure class=\"gallery-item\">\n<div class=\"gallery-icon landscape\"><a href=\"https:\/\/analyse.optim.biz\/wp-content\/uploads\/2026\/01\/13479572_823448227759947_1449150400_n-1.jpg\" title data-rl_title class=\"rl-gallery-link\" data-rl_caption data-rel=\"lightbox-gallery-1\"><img decoding=\"async\" width=\"646\" height=\"404\" src=\"https:\/\/analyse.optim.biz\/wp-content\/uploads\/2026\/01\/13479572_823448227759947_1449150400_n-1.jpg\" class=\"attachment-colormag-featured-image size-colormag-featured-image\" loading=\"lazy\" title=\"13479572_823448227759947_1449150400_n-1\"><\/a><\/div>\n<\/figure>\n<figure class=\"gallery-item\">\n<div class=\"gallery-icon landscape\"><a href=\"http:\/\/www.ziaruldevaslui.ro\/wp-content\/uploads\/2016\/06\/grindina-ghiata.jpg\" title data-rl_title class=\"rl-gallery-link\" data-rl_caption data-rel=\"lightbox-gallery-1\"><img decoding=\"async\" width=\"800\" height=\"445\" src=\"https:\/\/analyse.optim.biz\/wp-content\/uploads\/2026\/01\/grindina-ghiata-800x445-1.jpg\" class=\"attachment-colormag-featured-image size-colormag-featured-image\" loading=\"lazy\" title=\"grindina-ghiata-800x445-1\"><\/a><\/div>\n<\/figure>\n<figure class=\"gallery-item\">\n<div class=\"gallery-icon landscape\"><a href=\"http:\/\/www.ziaruldevaslui.ro\/wp-content\/uploads\/2016\/06\/furtuna-grindina-ghiata.jpg\" title data-rl_title class=\"rl-gallery-link\" data-rl_caption data-rel=\"lightbox-gallery-1\"><img decoding=\"async\" width=\"800\" height=\"445\" src=\"https:\/\/analyse.optim.biz\/wp-content\/uploads\/2026\/01\/furtuna-grindina-ghiata-800x445-1.jpg\" class=\"attachment-colormag-featured-image size-colormag-featured-image\" loading=\"lazy\" title=\"furtuna-grindina-ghiata-800x445-1\"><\/a><\/div>\n<\/figure>\n<figure class=\"gallery-item\">\n<div class=\"gallery-icon landscape\"><a href=\"http:\/\/www.ziaruldevaslui.ro\/wp-content\/uploads\/2016\/06\/furtuna-ploaie.jpg\" title data-rl_title class=\"rl-gallery-link\" data-rl_caption data-rel=\"lightbox-gallery-1\"><img decoding=\"async\" width=\"800\" height=\"445\" src=\"https:\/\/analyse.optim.biz\/wp-content\/uploads\/2026\/01\/furtuna-ploaie-800x445-1.jpg\" class=\"attachment-colormag-featured-image size-colormag-featured-image\" loading=\"lazy\" title=\"furtuna-ploaie-800x445-1\"><\/a><\/div>\n<\/figure>\n<figure class=\"gallery-item\">\n<div class=\"gallery-icon landscape\"><a href=\"http:\/\/www.ziaruldevaslui.ro\/wp-content\/uploads\/2016\/06\/furtuna-ploaie-grindina-ghiata.jpg\" title data-rl_title class=\"rl-gallery-link\" data-rl_caption data-rel=\"lightbox-gallery-1\"><img decoding=\"async\" width=\"800\" height=\"445\" src=\"https:\/\/analyse.optim.biz\/wp-content\/uploads\/2026\/01\/furtuna-ploaie-grindina-ghiata-800x445-1.jpg\" class=\"attachment-colormag-featured-image size-colormag-featured-image\" loading=\"lazy\" title=\"furtuna-ploaie-grindina-ghiata-800x445-1\"><\/a><\/div>\n<\/figure>\n<figure class=\"gallery-item\">\n<div class=\"gallery-icon portrait\"><a href=\"http:\/\/www.ziaruldevaslui.ro\/wp-content\/uploads\/2016\/06\/grindina4.jpg\" title data-rl_title class=\"rl-gallery-link\" data-rl_caption data-rel=\"lightbox-gallery-1\"><img decoding=\"async\" width=\"720\" height=\"445\" src=\"https:\/\/analyse.optim.biz\/wp-content\/uploads\/2026\/01\/grindina4-720x445-1.jpg\" class=\"attachment-colormag-featured-image size-colormag-featured-image\" loading=\"lazy\" title=\"grindina4-720x445-1\"><\/a><\/div>\n<\/figure>\n<figure class=\"gallery-item\">\n<div class=\"gallery-icon landscape\"><a href=\"http:\/\/www.ziaruldevaslui.ro\/wp-content\/uploads\/2016\/06\/grindina1.jpg\" title data-rl_title class=\"rl-gallery-link\" data-rl_caption data-rel=\"lightbox-gallery-1\"><img decoding=\"async\" width=\"800\" height=\"445\" src=\"https:\/\/analyse.optim.biz\/wp-content\/uploads\/2026\/01\/grindina1-800x445-1.jpg\" class=\"attachment-colormag-featured-image size-colormag-featured-image\" loading=\"lazy\" title=\"grindina1-800x445-1\"><\/a><\/div>\n<\/figure>\n<figure class=\"gallery-item\">\n<div class=\"gallery-icon portrait\"><a href=\"http:\/\/www.ziaruldevaslui.ro\/wp-content\/uploads\/2016\/06\/grindina2.jpg\" title data-rl_title class=\"rl-gallery-link\" data-rl_caption data-rel=\"lightbox-gallery-1\"><img decoding=\"async\" width=\"576\" height=\"445\" src=\"https:\/\/analyse.optim.biz\/wp-content\/uploads\/2026\/01\/grindina2-576x445-1.jpg\" class=\"attachment-colormag-featured-image size-colormag-featured-image\" loading=\"lazy\" title=\"grindina2-576x445-1\"><\/a><\/div>\n<\/figure>\n<figure class=\"gallery-item\">\n<div class=\"gallery-icon portrait\"><a href=\"http:\/\/www.ziaruldevaslui.ro\/wp-content\/uploads\/2016\/06\/grindina3.jpg\" title data-rl_title class=\"rl-gallery-link\" data-rl_caption data-rel=\"lightbox-gallery-1\"><img decoding=\"async\" width=\"405\" height=\"445\" src=\"https:\/\/analyse.optim.biz\/wp-content\/uploads\/2026\/01\/grindina3-405x445-1.jpg\" class=\"attachment-colormag-featured-image size-colormag-featured-image\" loading=\"lazy\" title=\"grindina3-405x445-1\"><\/a><\/div>\n<\/figure>\n<figure class=\"gallery-item\">\n<div class=\"gallery-icon portrait\"><a href=\"http:\/\/www.ziaruldevaslui.ro\/wp-content\/uploads\/2016\/06\/masina-gheata-piatra.jpg\" title data-rl_title class=\"rl-gallery-link\" data-rl_caption data-rel=\"lightbox-gallery-1\"><img decoding=\"async\" width=\"396\" height=\"445\" src=\"https:\/\/analyse.optim.biz\/wp-content\/uploads\/2026\/01\/masina-gheata-piatra-396x445-1.jpg\" class=\"attachment-colormag-featured-image size-colormag-featured-image\" loading=\"lazy\" title=\"masina-gheata-piatra-396x445-1\"><\/a><\/div>\n<\/figure>\n<\/div>\n<aside class=\"mashsb-container mashsb-main \">\n<div class=\"mashsb-box\">\n<div class=\"mashsb-count mash-medium\">\n<div class=\"counts mashsbcount\">154<\/div>\n<p><span class=\"mashsb-sharetext\">SHARES<\/span><\/div>\n<div class=\"mashsb-buttons\"><a class=\"mashicon-facebook mash-medium mashsb-noshadow\" href=\"https:\/\/www.facebook.com\/sharer.php?u=http%3A%2F%2Fwww.ziaruldevaslui.ro%2Fprapad-in-judetul-iasi%2F\" target=\"_top\" rel=\"nofollow\"><span class=\"text\">Share\u00a0pe\u00a0facebook<\/span><\/a><a class=\"mashicon-twitter mash-medium mashsb-noshadow\" href=\"https:\/\/twitter.com\/intent\/tweet?text=Pr%C4%83p%C4%83d%20%C3%AEn%20jude%C5%A3ul%20Ia%C5%9Fi%21&amp;url=http:\/\/www.ziaruldevaslui.ro\/?p=6361\" target=\"_top\" rel=\"nofollow\"><span class=\"text\">Share\u00a0pe\u00a0twitter<\/span><\/a><\/div>\n<\/div>\n<\/aside>\n<\/div>\n<\/div>\n<\/article>\n<div class=\"article-content clearfix\">\n<div class=\"above-entry-meta\"><span class=\"cat-links\"><a href=\"http:\/\/www.ziaruldevaslui.ro\/national\/\" rel=\"category tag\">Na\u021bional<\/a>\u00a0<a href=\"http:\/\/www.ziaruldevaslui.ro\/recomandate\/\" rel=\"category tag\">RECOMANDATE<\/a>\u00a0<\/span><\/div>\n<header class=\"entry-header\">\n<h1 class=\"entry-title\">\n\t\t\t\tPr\u0103p\u0103d \u00een jude\u0163ul Ia\u015fi!\t\t\t<\/h1>\n<\/header>\n<div class=\"below-entry-meta\"><span class=\"posted-on\"><a href=\"http:\/\/www.ziaruldevaslui.ro\/prapad-in-judetul-iasi\/\" title=\"19:14\" rel=\"bookmark\"><time class=\"entry-date published\" datetime=\"2016-06-18T19:14:25+02:00\">18 iunie 2016<\/time><time class=\"updated\" datetime=\"2016-06-19T10:54:55+02:00\">19 iunie 2016<\/time><\/a><\/span><span class=\"byline\"><span class=\"author vcard\"><a class=\"url fn n\" href=\"http:\/\/www.ziaruldevaslui.ro\/author\/mihaela-zarnescu\/\" title=\"Mihaela Z\u0103rnescu\"><br \/>\n\t\t\t\t\t\tMihaela Z\u0103rnescu\t\t\t\t\t<\/a><\/span><\/span><span class=\"comments\"><a href=\"http:\/\/www.ziaruldevaslui.ro\/prapad-in-judetul-iasi\/#respond\"> Niciun comentariu<\/a><\/span><span class=\"tag-links\"><a href=\"http:\/\/www.ziaruldevaslui.ro\/tag\/furtuna\/\" rel=\"tag\">furtuna<\/a>, <a href=\"http:\/\/www.ziaruldevaslui.ro\/tag\/grindina\/\" rel=\"tag\">grindina<\/a>, <a href=\"http:\/\/www.ziaruldevaslui.ro\/tag\/iasi\/\" rel=\"tag\">iasi<\/a><\/span><\/div>\n<div class=\"entry-content clearfix\">\n<p><strong>Nori negre, o ploaie toren\u0163ial\u0103 \u015fi grindin\u0103 de dimensiuni \u00a0impresionante au \u00eengrozit \u00een urm\u0103 cu pu\u0163in timp locuitorii jude\u0163ului Ia\u015fi. Meteorologii \u00a0au emis la ora 18.00 o avertizare nowcasting de cod portocaliu \u00a0pentru<\/strong> j<strong>ude<\/strong><strong>\u021bele Ia<\/strong><strong>\u0219i, Neam<\/strong><strong>\u021b, Boto\u015fani \u015fi Suceava. Pe re\u0163elele de socializare aui ap\u0103rut \u015fi primele imagini impresionante din zona Ia\u015fului. La ora 19.00 ANMH a emis o alt\u0103 avertizare, de desc\u0103rc\u0103ri electrice, grindin\u0103 de dimensiuni medii <\/strong><strong>\u0219i mari, intensific\u0103ri ale v\u00e2ntului cu aspect de vijelie, averse \u00een cantit\u0103\u0163i care pot atinge 40-50 l\/mp, pentru jude\u0163ul Cara\u015f Severin. (Sursa foto: Facebook)<br \/><\/strong><\/p>\n<div id=\"gallery-1\" class=\"gallery galleryid-6361 gallery-columns-3 gallery-size-colormag-featured-image\">\n<figure class=\"gallery-item\">\n<div class=\"gallery-icon landscape\"><a href=\"http:\/\/www.ziaruldevaslui.ro\/wp-content\/uploads\/2016\/06\/13493208_823448234426613_1264080085_o.jpg\" title data-rl_title class=\"rl-gallery-link\" data-rl_caption data-rel=\"lightbox-gallery-1\"><img decoding=\"async\" width=\"800\" height=\"445\" src=\"https:\/\/analyse.optim.biz\/wp-content\/uploads\/2026\/01\/13493208_823448234426613_1264080085_o-800x445-1.jpg\" class=\"attachment-colormag-featured-image size-colormag-featured-image\" loading=\"lazy\" title=\"13493208_823448234426613_1264080085_o-800x445-1\"><\/a><\/div>\n<\/figure>\n<figure class=\"gallery-item\">\n<div class=\"gallery-icon portrait\"><a href=\"http:\/\/www.ziaruldevaslui.ro\/wp-content\/uploads\/2016\/06\/13492854_823448231093280_849148479_n.jpg\" title data-rl_title class=\"rl-gallery-link\" data-rl_caption data-rel=\"lightbox-gallery-1\"><img decoding=\"async\" width=\"720\" height=\"445\" src=\"https:\/\/analyse.optim.biz\/wp-content\/uploads\/2026\/01\/13492854_823448231093280_849148479_n-720x445-1.jpg\" class=\"attachment-colormag-featured-image size-colormag-featured-image\" loading=\"lazy\" title=\"13492854_823448231093280_849148479_n-720x445-1\"><\/a><\/div>\n<\/figure>\n<figure class=\"gallery-item\">\n<div class=\"gallery-icon landscape\"><a href=\"https:\/\/analyse.optim.biz\/wp-content\/uploads\/2026\/01\/13479572_823448227759947_1449150400_n-1.jpg\" title data-rl_title class=\"rl-gallery-link\" data-rl_caption data-rel=\"lightbox-gallery-1\"><img decoding=\"async\" width=\"646\" height=\"404\" src=\"https:\/\/analyse.optim.biz\/wp-content\/uploads\/2026\/01\/13479572_823448227759947_1449150400_n-1.jpg\" class=\"attachment-colormag-featured-image size-colormag-featured-image\" loading=\"lazy\" title=\"13479572_823448227759947_1449150400_n-1\"><\/a><\/div>\n<\/figure>\n<figure class=\"gallery-item\">\n<div class=\"gallery-icon landscape\"><a href=\"http:\/\/www.ziaruldevaslui.ro\/wp-content\/uploads\/2016\/06\/grindina-ghiata.jpg\" title data-rl_title class=\"rl-gallery-link\" data-rl_caption data-rel=\"lightbox-gallery-1\"><img decoding=\"async\" width=\"800\" height=\"445\" src=\"https:\/\/analyse.optim.biz\/wp-content\/uploads\/2026\/01\/grindina-ghiata-800x445-1.jpg\" class=\"attachment-colormag-featured-image size-colormag-featured-image\" loading=\"lazy\" title=\"grindina-ghiata-800x445-1\"><\/a><\/div>\n<\/figure>\n<figure class=\"gallery-item\">\n<div class=\"gallery-icon landscape\"><a href=\"http:\/\/www.ziaruldevaslui.ro\/wp-content\/uploads\/2016\/06\/furtuna-grindina-ghiata.jpg\" title data-rl_title class=\"rl-gallery-link\" data-rl_caption data-rel=\"lightbox-gallery-1\"><img decoding=\"async\" width=\"800\" height=\"445\" src=\"https:\/\/analyse.optim.biz\/wp-content\/uploads\/2026\/01\/furtuna-grindina-ghiata-800x445-1.jpg\" class=\"attachment-colormag-featured-image size-colormag-featured-image\" loading=\"lazy\" title=\"furtuna-grindina-ghiata-800x445-1\"><\/a><\/div>\n<\/figure>\n<figure class=\"gallery-item\">\n<div class=\"gallery-icon landscape\"><a href=\"http:\/\/www.ziaruldevaslui.ro\/wp-content\/uploads\/2016\/06\/furtuna-ploaie.jpg\" title data-rl_title class=\"rl-gallery-link\" data-rl_caption data-rel=\"lightbox-gallery-1\"><img decoding=\"async\" width=\"800\" height=\"445\" src=\"https:\/\/analyse.optim.biz\/wp-content\/uploads\/2026\/01\/furtuna-ploaie-800x445-1.jpg\" class=\"attachment-colormag-featured-image size-colormag-featured-image\" loading=\"lazy\" title=\"furtuna-ploaie-800x445-1\"><\/a><\/div>\n<\/figure>\n<figure class=\"gallery-item\">\n<div class=\"gallery-icon landscape\"><a href=\"http:\/\/www.ziaruldevaslui.ro\/wp-content\/uploads\/2016\/06\/furtuna-ploaie-grindina-ghiata.jpg\" title data-rl_title class=\"rl-gallery-link\" data-rl_caption data-rel=\"lightbox-gallery-1\"><img decoding=\"async\" width=\"800\" height=\"445\" src=\"https:\/\/analyse.optim.biz\/wp-content\/uploads\/2026\/01\/furtuna-ploaie-grindina-ghiata-800x445-1.jpg\" class=\"attachment-colormag-featured-image size-colormag-featured-image\" loading=\"lazy\" title=\"furtuna-ploaie-grindina-ghiata-800x445-1\"><\/a><\/div>\n<\/figure>\n<figure class=\"gallery-item\">\n<div class=\"gallery-icon portrait\"><a href=\"http:\/\/www.ziaruldevaslui.ro\/wp-content\/uploads\/2016\/06\/grindina4.jpg\" title data-rl_title class=\"rl-gallery-link\" data-rl_caption data-rel=\"lightbox-gallery-1\"><img decoding=\"async\" width=\"720\" height=\"445\" src=\"https:\/\/analyse.optim.biz\/wp-content\/uploads\/2026\/01\/grindina4-720x445-1.jpg\" class=\"attachment-colormag-featured-image size-colormag-featured-image\" loading=\"lazy\" title=\"grindina4-720x445-1\"><\/a><\/div>\n<\/figure>\n<figure class=\"gallery-item\">\n<div class=\"gallery-icon landscape\"><a href=\"http:\/\/www.ziaruldevaslui.ro\/wp-content\/uploads\/2016\/06\/grindina1.jpg\" title data-rl_title class=\"rl-gallery-link\" data-rl_caption data-rel=\"lightbox-gallery-1\"><img decoding=\"async\" width=\"800\" height=\"445\" src=\"https:\/\/analyse.optim.biz\/wp-content\/uploads\/2026\/01\/grindina1-800x445-1.jpg\" class=\"attachment-colormag-featured-image size-colormag-featured-image\" loading=\"lazy\" title=\"grindina1-800x445-1\"><\/a><\/div>\n<\/figure>\n<figure class=\"gallery-item\">\n<div class=\"gallery-icon portrait\"><a href=\"http:\/\/www.ziaruldevaslui.ro\/wp-content\/uploads\/2016\/06\/grindina2.jpg\" title data-rl_title class=\"rl-gallery-link\" data-rl_caption data-rel=\"lightbox-gallery-1\"><img decoding=\"async\" width=\"576\" height=\"445\" src=\"https:\/\/analyse.optim.biz\/wp-content\/uploads\/2026\/01\/grindina2-576x445-1.jpg\" class=\"attachment-colormag-featured-image size-colormag-featured-image\" loading=\"lazy\" title=\"grindina2-576x445-1\"><\/a><\/div>\n<\/figure>\n<figure class=\"gallery-item\">\n<div class=\"gallery-icon portrait\"><a href=\"http:\/\/www.ziaruldevaslui.ro\/wp-content\/uploads\/2016\/06\/grindina3.jpg\" title data-rl_title class=\"rl-gallery-link\" data-rl_caption data-rel=\"lightbox-gallery-1\"><img decoding=\"async\" width=\"405\" height=\"445\" src=\"https:\/\/analyse.optim.biz\/wp-content\/uploads\/2026\/01\/grindina3-405x445-1.jpg\" class=\"attachment-colormag-featured-image size-colormag-featured-image\" loading=\"lazy\" title=\"grindina3-405x445-1\"><\/a><\/div>\n<\/figure>\n<figure class=\"gallery-item\">\n<div class=\"gallery-icon portrait\"><a href=\"http:\/\/www.ziaruldevaslui.ro\/wp-content\/uploads\/2016\/06\/masina-gheata-piatra.jpg\" title data-rl_title class=\"rl-gallery-link\" data-rl_caption data-rel=\"lightbox-gallery-1\"><img decoding=\"async\" width=\"396\" height=\"445\" src=\"https:\/\/analyse.optim.biz\/wp-content\/uploads\/2026\/01\/masina-gheata-piatra-396x445-1.jpg\" class=\"attachment-colormag-featured-image size-colormag-featured-image\" loading=\"lazy\" title=\"masina-gheata-piatra-396x445-1\"><\/a><\/div>\n<\/figure>\n<\/div>\n<aside class=\"mashsb-container mashsb-main \">\n<div class=\"mashsb-box\">\n<div class=\"mashsb-count mash-medium\">\n<div class=\"counts mashsbcount\">154<\/div>\n<p><span class=\"mashsb-sharetext\">SHARES<\/span><\/div>\n<div class=\"mashsb-buttons\"><a class=\"mashicon-facebook mash-medium mashsb-noshadow\" href=\"https:\/\/www.facebook.com\/sharer.php?u=http%3A%2F%2Fwww.ziaruldevaslui.ro%2Fprapad-in-judetul-iasi%2F\" target=\"_top\" rel=\"nofollow\"><span class=\"text\">Share\u00a0pe\u00a0facebook<\/span><\/a><a class=\"mashicon-twitter mash-medium mashsb-noshadow\" href=\"https:\/\/twitter.com\/intent\/tweet?text=Pr%C4%83p%C4%83d%20%C3%AEn%20jude%C5%A3ul%20Ia%C5%9Fi%21&amp;url=http:\/\/www.ziaruldevaslui.ro\/?p=6361\" target=\"_top\" rel=\"nofollow\"><span class=\"text\">Share\u00a0pe\u00a0twitter<\/span><\/a><\/div>\n<\/div>\n<\/aside>\n<\/div>\n<\/div>\n<div class=\"entry-content clearfix\">\n<p><strong>Nori negre, o ploaie toren\u0163ial\u0103 \u015fi grindin\u0103 de dimensiuni \u00a0impresionante au \u00eengrozit \u00een urm\u0103 cu pu\u0163in timp locuitorii jude\u0163ului Ia\u015fi. Meteorologii \u00a0au emis la ora 18.00 o avertizare nowcasting de cod portocaliu \u00a0pentru<\/strong> j<strong>ude<\/strong><strong>\u021bele Ia<\/strong><strong>\u0219i, Neam<\/strong><strong>\u021b, Boto\u015fani \u015fi Suceava. Pe re\u0163elele de socializare aui ap\u0103rut \u015fi primele imagini impresionante din zona Ia\u015fului. La ora 19.00 ANMH a emis o alt\u0103 avertizare, de desc\u0103rc\u0103ri electrice, grindin\u0103 de dimensiuni medii <\/strong><strong>\u0219i mari, intensific\u0103ri ale v\u00e2ntului cu aspect de vijelie, averse \u00een cantit\u0103\u0163i care pot atinge 40-50 l\/mp, pentru jude\u0163ul Cara\u015f Severin. (Sursa foto: Facebook)<br \/><\/strong><\/p>\n<div id=\"gallery-1\" class=\"gallery galleryid-6361 gallery-columns-3 gallery-size-colormag-featured-image\">\n<figure class=\"gallery-item\">\n<div class=\"gallery-icon landscape\"><a href=\"http:\/\/www.ziaruldevaslui.ro\/wp-content\/uploads\/2016\/06\/13493208_823448234426613_1264080085_o.jpg\" title data-rl_title class=\"rl-gallery-link\" data-rl_caption data-rel=\"lightbox-gallery-1\"><img decoding=\"async\" width=\"800\" height=\"445\" src=\"https:\/\/analyse.optim.biz\/wp-content\/uploads\/2026\/01\/13493208_823448234426613_1264080085_o-800x445-1.jpg\" class=\"attachment-colormag-featured-image size-colormag-featured-image\" loading=\"lazy\" title=\"13493208_823448234426613_1264080085_o-800x445-1\"><\/a><\/div>\n<\/figure>\n<figure class=\"gallery-item\">\n<div class=\"gallery-icon portrait\"><a href=\"http:\/\/www.ziaruldevaslui.ro\/wp-content\/uploads\/2016\/06\/13492854_823448231093280_849148479_n.jpg\" title data-rl_title class=\"rl-gallery-link\" data-rl_caption data-rel=\"lightbox-gallery-1\"><img decoding=\"async\" width=\"720\" height=\"445\" src=\"https:\/\/analyse.optim.biz\/wp-content\/uploads\/2026\/01\/13492854_823448231093280_849148479_n-720x445-1.jpg\" class=\"attachment-colormag-featured-image size-colormag-featured-image\" loading=\"lazy\" title=\"13492854_823448231093280_849148479_n-720x445-1\"><\/a><\/div>\n<\/figure>\n<figure class=\"gallery-item\">\n<div class=\"gallery-icon landscape\"><a href=\"https:\/\/analyse.optim.biz\/wp-content\/uploads\/2026\/01\/13479572_823448227759947_1449150400_n-1.jpg\" title data-rl_title class=\"rl-gallery-link\" data-rl_caption data-rel=\"lightbox-gallery-1\"><img decoding=\"async\" width=\"646\" height=\"404\" src=\"https:\/\/analyse.optim.biz\/wp-content\/uploads\/2026\/01\/13479572_823448227759947_1449150400_n-1.jpg\" class=\"attachment-colormag-featured-image size-colormag-featured-image\" loading=\"lazy\" title=\"13479572_823448227759947_1449150400_n-1\"><\/a><\/div>\n<\/figure>\n<figure class=\"gallery-item\">\n<div class=\"gallery-icon landscape\"><a href=\"http:\/\/www.ziaruldevaslui.ro\/wp-content\/uploads\/2016\/06\/grindina-ghiata.jpg\" title data-rl_title class=\"rl-gallery-link\" data-rl_caption data-rel=\"lightbox-gallery-1\"><img decoding=\"async\" width=\"800\" height=\"445\" src=\"https:\/\/analyse.optim.biz\/wp-content\/uploads\/2026\/01\/grindina-ghiata-800x445-1.jpg\" class=\"attachment-colormag-featured-image size-colormag-featured-image\" loading=\"lazy\" title=\"grindina-ghiata-800x445-1\"><\/a><\/div>\n<\/figure>\n<figure class=\"gallery-item\">\n<div class=\"gallery-icon landscape\"><a href=\"http:\/\/www.ziaruldevaslui.ro\/wp-content\/uploads\/2016\/06\/furtuna-grindina-ghiata.jpg\" title data-rl_title class=\"rl-gallery-link\" data-rl_caption data-rel=\"lightbox-gallery-1\"><img decoding=\"async\" width=\"800\" height=\"445\" src=\"https:\/\/analyse.optim.biz\/wp-content\/uploads\/2026\/01\/furtuna-grindina-ghiata-800x445-1.jpg\" class=\"attachment-colormag-featured-image size-colormag-featured-image\" loading=\"lazy\" title=\"furtuna-grindina-ghiata-800x445-1\"><\/a><\/div>\n<\/figure>\n<figure class=\"gallery-item\">\n<div class=\"gallery-icon landscape\"><a href=\"http:\/\/www.ziaruldevaslui.ro\/wp-content\/uploads\/2016\/06\/furtuna-ploaie.jpg\" title data-rl_title class=\"rl-gallery-link\" data-rl_caption data-rel=\"lightbox-gallery-1\"><img decoding=\"async\" width=\"800\" height=\"445\" src=\"https:\/\/analyse.optim.biz\/wp-content\/uploads\/2026\/01\/furtuna-ploaie-800x445-1.jpg\" class=\"attachment-colormag-featured-image size-colormag-featured-image\" loading=\"lazy\" title=\"furtuna-ploaie-800x445-1\"><\/a><\/div>\n<\/figure>\n<figure class=\"gallery-item\">\n<div class=\"gallery-icon landscape\"><a href=\"http:\/\/www.ziaruldevaslui.ro\/wp-content\/uploads\/2016\/06\/furtuna-ploaie-grindina-ghiata.jpg\" title data-rl_title class=\"rl-gallery-link\" data-rl_caption data-rel=\"lightbox-gallery-1\"><img decoding=\"async\" width=\"800\" height=\"445\" src=\"https:\/\/analyse.optim.biz\/wp-content\/uploads\/2026\/01\/furtuna-ploaie-grindina-ghiata-800x445-1.jpg\" class=\"attachment-colormag-featured-image size-colormag-featured-image\" loading=\"lazy\" title=\"furtuna-ploaie-grindina-ghiata-800x445-1\"><\/a><\/div>\n<\/figure>\n<figure class=\"gallery-item\">\n<div class=\"gallery-icon portrait\"><a href=\"http:\/\/www.ziaruldevaslui.ro\/wp-content\/uploads\/2016\/06\/grindina4.jpg\" title data-rl_title class=\"rl-gallery-link\" data-rl_caption data-rel=\"lightbox-gallery-1\"><img decoding=\"async\" width=\"720\" height=\"445\" src=\"https:\/\/analyse.optim.biz\/wp-content\/uploads\/2026\/01\/grindina4-720x445-1.jpg\" class=\"attachment-colormag-featured-image size-colormag-featured-image\" loading=\"lazy\" title=\"grindina4-720x445-1\"><\/a><\/div>\n<\/figure>\n<figure class=\"gallery-item\">\n<div class=\"gallery-icon landscape\"><a href=\"http:\/\/www.ziaruldevaslui.ro\/wp-content\/uploads\/2016\/06\/grindina1.jpg\" title data-rl_title class=\"rl-gallery-link\" data-rl_caption data-rel=\"lightbox-gallery-1\"><img decoding=\"async\" width=\"800\" height=\"445\" src=\"https:\/\/analyse.optim.biz\/wp-content\/uploads\/2026\/01\/grindina1-800x445-1.jpg\" class=\"attachment-colormag-featured-image size-colormag-featured-image\" loading=\"lazy\" title=\"grindina1-800x445-1\"><\/a><\/div>\n<\/figure>\n<figure class=\"gallery-item\">\n<div class=\"gallery-icon portrait\"><a href=\"http:\/\/www.ziaruldevaslui.ro\/wp-content\/uploads\/2016\/06\/grindina2.jpg\" title data-rl_title class=\"rl-gallery-link\" data-rl_caption data-rel=\"lightbox-gallery-1\"><img decoding=\"async\" width=\"576\" height=\"445\" src=\"https:\/\/analyse.optim.biz\/wp-content\/uploads\/2026\/01\/grindina2-576x445-1.jpg\" class=\"attachment-colormag-featured-image size-colormag-featured-image\" loading=\"lazy\" title=\"grindina2-576x445-1\"><\/a><\/div>\n<\/figure>\n<figure class=\"gallery-item\">\n<div class=\"gallery-icon portrait\"><a href=\"http:\/\/www.ziaruldevaslui.ro\/wp-content\/uploads\/2016\/06\/grindina3.jpg\" title data-rl_title class=\"rl-gallery-link\" data-rl_caption data-rel=\"lightbox-gallery-1\"><img decoding=\"async\" width=\"405\" height=\"445\" src=\"https:\/\/analyse.optim.biz\/wp-content\/uploads\/2026\/01\/grindina3-405x445-1.jpg\" class=\"attachment-colormag-featured-image size-colormag-featured-image\" loading=\"lazy\" title=\"grindina3-405x445-1\"><\/a><\/div>\n<\/figure>\n<figure class=\"gallery-item\">\n<div class=\"gallery-icon portrait\"><a href=\"http:\/\/www.ziaruldevaslui.ro\/wp-content\/uploads\/2016\/06\/masina-gheata-piatra.jpg\" title data-rl_title class=\"rl-gallery-link\" data-rl_caption data-rel=\"lightbox-gallery-1\"><img decoding=\"async\" width=\"396\" height=\"445\" src=\"https:\/\/analyse.optim.biz\/wp-content\/uploads\/2026\/01\/masina-gheata-piatra-396x445-1.jpg\" class=\"attachment-colormag-featured-image size-colormag-featured-image\" loading=\"lazy\" title=\"masina-gheata-piatra-396x445-1\"><\/a><\/div>\n<\/figure>\n<\/div>\n<aside class=\"mashsb-container mashsb-main \">\n<div class=\"mashsb-box\">\n<div class=\"mashsb-count mash-medium\">\n<div class=\"counts mashsbcount\">154<\/div>\n<p><span class=\"mashsb-sharetext\">SHARES<\/span><\/div>\n<div class=\"mashsb-buttons\"><a class=\"mashicon-facebook mash-medium mashsb-noshadow\" href=\"https:\/\/www.facebook.com\/sharer.php?u=http%3A%2F%2Fwww.ziaruldevaslui.ro%2Fprapad-in-judetul-iasi%2F\" target=\"_top\" rel=\"nofollow\"><span class=\"text\">Share\u00a0pe\u00a0facebook<\/span><\/a><a class=\"mashicon-twitter mash-medium mashsb-noshadow\" href=\"https:\/\/twitter.com\/intent\/tweet?text=Pr%C4%83p%C4%83d%20%C3%AEn%20jude%C5%A3ul%20Ia%C5%9Fi%21&amp;url=http:\/\/www.ziaruldevaslui.ro\/?p=6361\" target=\"_top\" rel=\"nofollow\"><span class=\"text\">Share\u00a0pe\u00a0twitter<\/span><\/a><\/div>\n<\/div>\n<\/aside>\n<\/div>\n<div class=\"article-content\">\n<h3 class=\"entry-title\"><a href=\"http:\/\/www.ziaruldevaslui.ro\/vasluienii-asteptati-la-manifestari-dedicate-zilei-veteranilor-de-razboi\/\" rel=\"bookmark\" title=\"Vasluienii, a\u0219tepta\u021bi la manifest\u0103ri dedicate Zilei Veteranilor de R\u0103zboi\"><br \/>\n\t\t\t\t\t\t\t\tVasluienii, a\u0219tepta\u021bi la manifest\u0103ri dedicate Zilei Veteranilor de R\u0103zboi\t\t\t\t\t\t\t<\/a><\/h3>\n<div class=\"below-entry-meta\"><span class=\"posted-on\"><a href=\"http:\/\/www.ziaruldevaslui.ro\/vasluienii-asteptati-la-manifestari-dedicate-zilei-veteranilor-de-razboi\/\" title=\"19:29\" rel=\"bookmark\"><time class=\"entry-date published\" datetime=\"2022-04-28T19:29:12+02:00\">28 aprilie 2022<\/time><time class=\"updated\" datetime=\"2022-04-28T19:29:13+02:00\">28 aprilie 2022<\/time><\/a><\/span><span class=\"byline\"><span class=\"author vcard\"><a class=\"url fn n\" href=\"http:\/\/www.ziaruldevaslui.ro\/author\/admin\/\" title=\"Ziarul de Vaslui\"><br \/>\n\t\t\t\t\t\tZiarul de Vaslui\t\t\t\t\t<\/a><\/span><\/span><\/div>\n<\/div>\n<div class=\"article-content\">\n<h3 class=\"entry-title\"><a href=\"http:\/\/www.ziaruldevaslui.ro\/100-locuri-de-munca-%c8%8bn-germania-pentru-studenti\/\" rel=\"bookmark\" title=\"100 locuri de munc\u0103 \u020bn Germania pentru studen\u021bi\"><br \/>\n\t\t\t\t\t\t\t\t100 locuri de munc\u0103 \u020bn Germania pentru studen\u021bi\t\t\t\t\t\t\t<\/a><\/h3>\n<div class=\"below-entry-meta\"><span class=\"posted-on\"><a href=\"http:\/\/www.ziaruldevaslui.ro\/100-locuri-de-munca-%c8%8bn-germania-pentru-studenti\/\" title=\"09:32\" rel=\"bookmark\"><time class=\"entry-date published\" datetime=\"2015-12-15T09:32:54+02:00\">15 decembrie 2015<\/time><time class=\"updated\" datetime=\"2015-12-14T23:38:04+02:00\">14 decembrie 2015<\/time><\/a><\/span><span class=\"byline\"><span class=\"author vcard\"><a class=\"url fn n\" href=\"http:\/\/www.ziaruldevaslui.ro\/author\/rodan-mihai\/\" title=\"Mihai Rodan\"><br \/>\n\t\t\t\t\t\tMihai Rodan\t\t\t\t\t<\/a><\/span><\/span><span class=\"comments\"><a href=\"http:\/\/www.ziaruldevaslui.ro\/100-locuri-de-munca-%c8%8bn-germania-pentru-studenti\/#respond\">0<\/a><\/span><\/div>\n<\/div>\n<div class=\"article-content\">\n<h3 class=\"entry-title\"><a href=\"http:\/\/www.ziaruldevaslui.ro\/ziua-politiei-romane-sarbatorita-la-silver-mall\/\" rel=\"bookmark\" title=\"Ziua Poli\u021biei Rom\u00e2ne, s\u0103rb\u0103torit\u0103 la Silver Mall\"><br \/>\n\t\t\t\t\t\t\t\tZiua Poli\u021biei Rom\u00e2ne, s\u0103rb\u0103torit\u0103 la Silver Mall\t\t\t\t\t\t\t<\/a><\/h3>\n<div class=\"below-entry-meta\"><span class=\"posted-on\"><a href=\"http:\/\/www.ziaruldevaslui.ro\/ziua-politiei-romane-sarbatorita-la-silver-mall\/\" title=\"19:37\" rel=\"bookmark\"><time class=\"entry-date published updated\" datetime=\"2018-03-21T19:37:49+02:00\">21 martie 2018<\/time><\/a><\/span><span class=\"byline\"><span class=\"author vcard\"><a class=\"url fn n\" href=\"http:\/\/www.ziaruldevaslui.ro\/author\/admin\/\" title=\"Ziarul de Vaslui\"><br \/>\n\t\t\t\t\t\tZiarul de Vaslui\t\t\t\t\t<\/a><\/span><\/span><span class=\"comments\"><a href=\"http:\/\/www.ziaruldevaslui.ro\/ziua-politiei-romane-sarbatorita-la-silver-mall\/#respond\">0<\/a><\/span><\/div>\n<\/div>\n<div class=\"article-content\">\n<div class=\"above-entry-meta\"><span class=\"cat-links\"><a href=\"http:\/\/www.ziaruldevaslui.ro\/local\/\" rel=\"category tag\">Local<\/a>\u00a0<a href=\"http:\/\/www.ziaruldevaslui.ro\/tabloul-principal\/\" rel=\"category tag\">NOUT\u0102\u021aI<\/a>\u00a0<a href=\"http:\/\/www.ziaruldevaslui.ro\/opinii\/\" rel=\"category tag\">Opinii<\/a>\u00a0<\/span><\/div>\n<h3 class=\"entry-title\"><a href=\"http:\/\/www.ziaruldevaslui.ro\/stand-up-comedy-cu-ionel-sandu-de-la-aur-spatiile-pentru-copiii-cu-autism-sunt-bazaconii\/\" title=\"Stand Up Comedy cu Ionel Sandu, candidat AUR: spa\u021biile pentru copiii cu autism sunt \u201ebazaconii\u201d\"><br \/>\n\t\t\t\tStand Up Comedy cu Ionel Sandu, candidat AUR: spa\u021biile pentru copiii cu autism sunt \u201ebazaconii\u201d\t\t\t<\/a><\/h3>\n<div class=\"below-entry-meta\"><span class=\"posted-on\"><a href=\"http:\/\/www.ziaruldevaslui.ro\/stand-up-comedy-cu-ionel-sandu-de-la-aur-spatiile-pentru-copiii-cu-autism-sunt-bazaconii\/\" title=\"22:46\" rel=\"bookmark\"><time class=\"entry-date published\" datetime=\"2024-03-14T22:46:43+02:00\">14 martie 2024<\/time><time class=\"updated\" datetime=\"2024-03-15T08:54:58+02:00\">15 martie 2024<\/time><\/a><\/span><span class=\"byline\"><span class=\"author vcard\"><a class=\"url fn n\" href=\"http:\/\/www.ziaruldevaslui.ro\/author\/admin\/\" title=\"Ziarul de Vaslui\"><br \/>\n\t\t\t\t\tZiarul de Vaslui\t\t\t\t<\/a><\/span><\/span><\/div>\n<div class=\"entry-content\">\n<p>Ini\u021bial am crezut c\u0103 Ionel Sandu s-a apucat de Stand Up Comedy. Cu afacerile nu st\u0103 extraordinar, cu politica nici<\/p>\n<\/div>\n<\/div>\n<div class=\"entry-content\">\n<p>Ini\u021bial am crezut c\u0103 Ionel Sandu s-a apucat de Stand Up Comedy. Cu afacerile nu st\u0103 extraordinar, cu politica nici<\/p>\n<\/div>\n<div class=\"article-content\">\n<div class=\"above-entry-meta\"><span class=\"cat-links\"><a href=\"http:\/\/www.ziaruldevaslui.ro\/literatura\/\" rel=\"category tag\">Literatur\u0103<\/a>\u00a0<a href=\"http:\/\/www.ziaruldevaslui.ro\/magazin\/\" rel=\"category tag\">Magazin<\/a>\u00a0<a href=\"http:\/\/www.ziaruldevaslui.ro\/opinii\/\" rel=\"category tag\">Opinii<\/a>\u00a0<\/span><\/div>\n<h3 class=\"entry-title\"><a href=\"http:\/\/www.ziaruldevaslui.ro\/pledoarie-pentru-o-carte-pe-zi\/\" title=\"Pledoarie pentru \u2026 o carte pe zi\"><br \/>\n\t\t\t\tPledoarie pentru \u2026 o carte pe zi\t\t\t<\/a><\/h3>\n<div class=\"below-entry-meta\"><span class=\"posted-on\"><a href=\"http:\/\/www.ziaruldevaslui.ro\/pledoarie-pentru-o-carte-pe-zi\/\" title=\"09:48\" rel=\"bookmark\"><time class=\"entry-date published\" datetime=\"2021-11-13T09:48:23+02:00\">13 noiembrie 2021<\/time><time class=\"updated\" datetime=\"2022-05-04T20:22:06+02:00\">4 mai 2022<\/time><\/a><\/span><span class=\"byline\"><span class=\"author vcard\"><a class=\"url fn n\" href=\"http:\/\/www.ziaruldevaslui.ro\/author\/admin\/\" title=\"Ziarul de Vaslui\"><br \/>\n\t\t\t\t\tZiarul de Vaslui\t\t\t\t<\/a><\/span><\/span><\/div>\n<\/div>\n<div class=\"article-content\">\n<div class=\"above-entry-meta\"><span class=\"cat-links\"><a href=\"http:\/\/www.ziaruldevaslui.ro\/local\/\" rel=\"category tag\">Local<\/a>\u00a0<a href=\"http:\/\/www.ziaruldevaslui.ro\/tabloul-principal\/\" rel=\"category tag\">NOUT\u0102\u021aI<\/a>\u00a0<a href=\"http:\/\/www.ziaruldevaslui.ro\/oameni-si-locuri\/\" rel=\"category tag\">Oameni si locuri<\/a>\u00a0<a href=\"http:\/\/www.ziaruldevaslui.ro\/opinii\/\" rel=\"category tag\">Opinii<\/a>\u00a0<\/span><\/div>\n<h3 class=\"entry-title\"><a href=\"http:\/\/www.ziaruldevaslui.ro\/vasluianca-madalina-tudorache-admisa-ca-doctorand-la-oxford-interviu\/\" title=\"Vasluianca M\u0103d\u0103lina Tudorache, admis\u0103 ca doctorand la Oxford\"><br \/>\n\t\t\t\tVasluianca M\u0103d\u0103lina Tudorache, admis\u0103 ca doctorand la Oxford\t\t\t<\/a><\/h3>\n<div class=\"below-entry-meta\"><span class=\"posted-on\"><a href=\"http:\/\/www.ziaruldevaslui.ro\/vasluianca-madalina-tudorache-admisa-ca-doctorand-la-oxford-interviu\/\" title=\"09:24\" rel=\"bookmark\"><time class=\"entry-date published\" datetime=\"2020-07-21T09:24:55+02:00\">21 iulie 2020<\/time><time class=\"updated\" datetime=\"2021-12-15T08:32:02+02:00\">15 decembrie 2021<\/time><\/a><\/span><span class=\"byline\"><span class=\"author vcard\"><a class=\"url fn n\" href=\"http:\/\/www.ziaruldevaslui.ro\/author\/admin\/\" title=\"Ziarul de Vaslui\"><br \/>\n\t\t\t\t\tZiarul de Vaslui\t\t\t\t<\/a><\/span><\/span><\/div>\n<\/div>\n<div class=\"article-content\">\n<div class=\"above-entry-meta\"><span class=\"cat-links\"><a href=\"http:\/\/www.ziaruldevaslui.ro\/local\/\" rel=\"category tag\">Local<\/a>\u00a0<a href=\"http:\/\/www.ziaruldevaslui.ro\/tabloul-principal\/\" rel=\"category tag\">NOUT\u0102\u021aI<\/a>\u00a0<a href=\"http:\/\/www.ziaruldevaslui.ro\/oameni-si-locuri\/\" rel=\"category tag\">Oameni si locuri<\/a>\u00a0<a href=\"http:\/\/www.ziaruldevaslui.ro\/opinii\/\" rel=\"category tag\">Opinii<\/a>\u00a0<\/span><\/div>\n<h3 class=\"entry-title\"><a href=\"http:\/\/www.ziaruldevaslui.ro\/manifestul-unui-eleve-de-clasa-a-12-a-din-vaslui-cel-mai-mare-vis-al-nostru-era-sa-imbracam-roba\/\" title=\"Manifestul unei eleve de clasa a 12-a din Vaslui: \u201eCel mai mare vis al nostru era s\u0103 \u00eembr\u0103c\u0103m roba\u201d\"><br \/>\n\t\t\t\tManifestul unei eleve de clasa a 12-a din Vaslui: \u201eCel mai mare vis al nostru era s\u0103 \u00eembr\u0103c\u0103m roba\u201d\t\t\t<\/a><\/h3>\n<div class=\"below-entry-meta\"><span class=\"posted-on\"><a href=\"http:\/\/www.ziaruldevaslui.ro\/manifestul-unui-eleve-de-clasa-a-12-a-din-vaslui-cel-mai-mare-vis-al-nostru-era-sa-imbracam-roba\/\" title=\"21:33\" rel=\"bookmark\"><time class=\"entry-date published\" datetime=\"2020-05-02T21:33:04+02:00\">2 mai 2020<\/time><time class=\"updated\" datetime=\"2020-05-03T18:03:27+02:00\">3 mai 2020<\/time><\/a><\/span><span class=\"byline\"><span class=\"author vcard\"><a class=\"url fn n\" href=\"http:\/\/www.ziaruldevaslui.ro\/author\/admin\/\" title=\"Ziarul de Vaslui\"><br \/>\n\t\t\t\t\tZiarul de Vaslui\t\t\t\t<\/a><\/span><\/span><\/div>\n<\/div>\n<p> Source URL: http:\/\/www.ziaruldevaslui.ro\/prapad-in-judetul-iasi\/<\/p>\n","protected":false},"excerpt":{"rendered":"<p>Na\u021bional\u00a0RECOMANDATE\u00a0 Pr\u0103p\u0103d \u00een jude\u0163ul Ia\u015fi! 18 iunie 201619 iunie 2016 Mihaela Z\u0103rnescu Niciun comentariufurtuna, grindina, iasi Nori negre, o ploaie toren\u0163ial\u0103 \u015fi grindin\u0103 de dimensiuni \u00a0impresionante au \u00eengrozit \u00een urm\u0103 cu pu\u0163in timp locuitorii jude\u0163ului Ia\u015fi. Meteorologii \u00a0au emis la ora 18.00 o avertizare nowcasting de cod portocaliu \u00a0pentru jude\u021bele Ia\u0219i, Neam\u021b, Boto\u015fani \u015fi Suceava. [&hellip;]<\/p>\n","protected":false},"author":1,"featured_media":1521019,"comment_status":"open","ping_status":"","sticky":false,"template":"","format":"standard","meta":{"footnotes":""},"categories":[89],"tags":[218],"class_list":["post-1521018","post","type-post","status-publish","format-standard","has-post-thumbnail","hentry","category-romania","tag-ziaruldevaslui-ro"],"_links":{"self":[{"href":"https:\/\/analyse.optim.biz\/index.php?rest_route=\/wp\/v2\/posts\/1521018","targetHints":{"allow":["GET"]}}],"collection":[{"href":"https:\/\/analyse.optim.biz\/index.php?rest_route=\/wp\/v2\/posts"}],"about":[{"href":"https:\/\/analyse.optim.biz\/index.php?rest_route=\/wp\/v2\/types\/post"}],"author":[{"embeddable":true,"href":"https:\/\/analyse.optim.biz\/index.php?rest_route=\/wp\/v2\/users\/1"}],"replies":[{"embeddable":true,"href":"https:\/\/analyse.optim.biz\/index.php?rest_route=%2Fwp%2Fv2%2Fcomments&post=1521018"}],"version-history":[{"count":0,"href":"https:\/\/analyse.optim.biz\/index.php?rest_route=\/wp\/v2\/posts\/1521018\/revisions"}],"wp:featuredmedia":[{"embeddable":true,"href":"https:\/\/analyse.optim.biz\/index.php?rest_route=\/wp\/v2\/media\/1521019"}],"wp:attachment":[{"href":"https:\/\/analyse.optim.biz\/index.php?rest_route=%2Fwp%2Fv2%2Fmedia&parent=1521018"}],"wp:term":[{"taxonomy":"category","embeddable":true,"href":"https:\/\/analyse.optim.biz\/index.php?rest_route=%2Fwp%2Fv2%2Fcategories&post=1521018"},{"taxonomy":"post_tag","embeddable":true,"href":"https:\/\/analyse.optim.biz\/index.php?rest_route=%2Fwp%2Fv2%2Ftags&post=1521018"}],"curies":[{"name":"wp","href":"https:\/\/api.w.org\/{rel}","templated":true}]}}