{"id":152100,"date":"2017-01-02T11:19:54","date_gmt":"2017-01-02T08:19:54","guid":{"rendered":"https:\/\/analyse.optim.biz\/?p=152100"},"modified":"2017-01-02T11:19:54","modified_gmt":"2017-01-02T08:19:54","slug":"dragnea-tariceanu-si-constantin-intalnire-pentru-stabilirea-ministerelor-care-vor-reveni-alde","status":"publish","type":"post","link":"https:\/\/analyse.optim.biz\/?p=152100","title":{"rendered":"Dragnea, T\u0103riceanu \u015fi Constantin, \u00eent\u00e2lnire pentru stabilirea ministerelor care vor reveni ALDE"},"content":{"rendered":"<div class=\"entry data-app-meta data-app-meta-article\" data-embed-base-url-canonical=\"https:\/\/www.digi24.ro\/embed\/stiri\/actualitate\/politica\/dragnea-tariceanu-si-constantin-intalnire-pentru-stabilirea-ministerele-care-vor-reveni-alde-642105\">\n<p data-index=\"1\"><strong>Pre\u015fedintele PSD, Liviu Dragnea, urmeaz\u0103 s\u0103 se \u00eent\u00e2lneasc\u0103, luni dup\u0103-amiaz\u0103 sau cel t\u00e2rziu mar\u0163i diminea\u0163a, cu copre\u015fedin\u0163ii ALDE, C\u0103lin Popescu T\u0103riceanu \u015fi Daniel Constantin, pentru a stabili ministerele care vor reveni acestui partid, discu\u0163iile de la acest moment indic\u00e2nd faptul c\u0103 Alian\u0163a Liberalilor \u015fi Democra\u0163ilor ar urma s\u0103 primesc\u0103 trei portofolii pline \u015fi unul de ministru delegat, scrie <a href=\"http:\/\/www.news.ro\/\" target=\"_blank\" data-skip-linkfix=\"1\" rel=\"noopener\">News.ro<\/a>.<\/strong><\/p>\n<p data-index=\"2\"><img loading=\"lazy\" decoding=\"async\" class=\"alignnone size-full wp-image-642106\" src=\"https:\/\/analyse.optim.biz\/wp-content\/uploads\/2024\/09\/lmpwzyz3ptgwmczoyxnoptfhmjqyymy0owezzwyyodk2zjk5mmm0zmviodbkzjcy-thumb_.jpg\" alt=\"tariceanu dragnea constantin - digi24\" width=\"2048\" height=\"1365\" data-skip-htmlfix=\"1\" title=\"lmpwzyz3ptgwmczoyxnoptfhmjqyymy0owezzwyyodk2zjk5mmm0zmviodbkzjcy-thumb_\"><\/p>\n<p data-index=\"3\">S\u0103pt\u0103m\u00e2na trecut\u0103, \u00eentrebat despre c\u00e2te ministere va avea ALDE, pre\u015fedintele PSD a spus: \u201cO s\u0103 stabilim \u00eentr-o \u00eent\u00e2lnire informal\u0103 cred c\u0103 luni dup\u0103-mas\u0103 sau mar\u0163i diminea\u0163a. Va fi propor\u0163ional, relativ propor\u0163ional\u201d.<\/p>\n<p data-index=\"4\">Potrivit variantei aflate \u00een discu\u0163ie la acest moment, ALDE ar urma s\u0103 primeasc\u0103 Ministerul Mediului, condus de Daniel Constantin, Ministerul Comunica\u0163iilor, reprezentat de Sorin C\u00e2mpeanu, precum \u015fi postul de ministru delegat pentru Rela\u0163ia cu Parlamentul, care ar urma s\u0103 revin\u0103 Stelu\u0163ei C\u0103t\u0103niciu.<\/p>\n<p data-index=\"5\">De asemenea, exist\u0103 discu\u0163ii dac\u0103 Ministerul Culturii va reveni PSD sau ALDE, numele aflate \u00een discu\u0163ii pentru preluarea acestui portofoliu fiind cele ale lui Ionu\u0163 Vulpescu (PSD) \u015fi Daniel Barbu (ALDE).<\/p>\n<p data-index=\"6\">Pre\u015fedintele PSD, Liviu Dragnea, a prezentat, vineri, calendarul convenit de PSD-ALDE pentru instalarea noului Guvern, propunerea celor dou\u0103 partide fiind ca \u00een 4 ianuarie, la ora 19.00, noul Executiv s\u0103 depun\u0103 jur\u0103m\u00e2ntul.<\/p>\n<p data-index=\"7\">Liviu Dragnea a mai anun\u0163at c\u0103 mar\u0163i, 3 ianuarie, la ora 10.30 vor fi \u015fedin\u0163e de Birou Permanent, iar la ora 12.00 \u015fedin\u0163e ale plenului at\u00e2t la Senat c\u00e2t \u015fi la Camera Deputa\u0163ilor.<\/p>\n<p data-index=\"8\">De asemenea, la ora 14.00, vor fi \u015fedin\u0163ele conducerilor PSD \u015fi ALDE pentru aprobarea componen\u0163ei Cabinetului, iar la ora 15.00 va fi o \u00eent\u00e2lnire a grupurilor parlamentare reunite ale PSD \u015fi ALDE \u00een care fiecare candidat la func\u0163ia de ministru va avea o scurt\u0103 prezentare.<\/p>\n<p data-index=\"9\">\u00cen jurul orei 16.00 &#8211; 16.30 premierul desemnat Sorin Grindeanu va depune lista Guvernului \u015fi programul de guvernare la Parlament, iar la ora 17.00 vor fi convocate\u00a0 Birourile permanente reunite.<\/p>\n<p data-index=\"10\">\u00cen cursul zilei de miercuri, 4 ianuarie, mini\u015ftrii propu\u015fi vor fi audia\u0163i \u00een comisiile parlamentare, \u00eentre orele 8.00 \u015fi 14.00. La ora 15.00, va fi convocat plenul reunit al Parlamentului pentru prezentarea programului de guvernare \u015fi votul de \u00eenvestitur\u0103 al Guvernului.<\/p>\n<p data-index=\"11\">Premierul desemnat Sorin Grindeanu a afirmat, la r\u00e2ndul s\u0103u, c\u0103 inten\u0163ioneaz\u0103 ca, miercuri, la ora 21.00, s\u0103 convoace prima \u015fedin\u0163\u0103 de Guvern, \u00een care s\u0103 dea ordonan\u0163a de organizare a Cabinetului \u015fi proiectul de lege de abilitare a Guvernului s\u0103 emit\u0103 ordonan\u0163e \u00een vacan\u0163a parlamentar\u0103.<\/p>\n<\/div>\n<p> Source URL: https:\/\/www.digi24.ro\/stiri\/actualitate\/politica\/dragnea-tariceanu-si-constantin-intalnire-pentru-stabilirea-ministerele-care-vor-reveni-alde-642105<\/p>\n","protected":false},"excerpt":{"rendered":"<p>Pre\u015fedintele PSD, Liviu Dragnea, urmeaz\u0103 s\u0103 se \u00eent\u00e2lneasc\u0103, luni dup\u0103-amiaz\u0103 sau cel t\u00e2rziu mar\u0163i diminea\u0163a, cu copre\u015fedin\u0163ii ALDE, C\u0103lin Popescu T\u0103riceanu \u015fi Daniel Constantin, pentru a stabili ministerele care vor reveni acestui partid, discu\u0163iile de la acest moment indic\u00e2nd faptul c\u0103 Alian\u0163a Liberalilor \u015fi Democra\u0163ilor ar urma s\u0103 primesc\u0103 trei portofolii pline \u015fi unul de [&hellip;]<\/p>\n","protected":false},"author":1,"featured_media":152101,"comment_status":"open","ping_status":"","sticky":false,"template":"","format":"standard","meta":{"footnotes":""},"categories":[2],"tags":[11],"class_list":["post-152100","post","type-post","status-publish","format-standard","has-post-thumbnail","hentry","category-politics","tag-digi24"],"_links":{"self":[{"href":"https:\/\/analyse.optim.biz\/index.php?rest_route=\/wp\/v2\/posts\/152100","targetHints":{"allow":["GET"]}}],"collection":[{"href":"https:\/\/analyse.optim.biz\/index.php?rest_route=\/wp\/v2\/posts"}],"about":[{"href":"https:\/\/analyse.optim.biz\/index.php?rest_route=\/wp\/v2\/types\/post"}],"author":[{"embeddable":true,"href":"https:\/\/analyse.optim.biz\/index.php?rest_route=\/wp\/v2\/users\/1"}],"replies":[{"embeddable":true,"href":"https:\/\/analyse.optim.biz\/index.php?rest_route=%2Fwp%2Fv2%2Fcomments&post=152100"}],"version-history":[{"count":0,"href":"https:\/\/analyse.optim.biz\/index.php?rest_route=\/wp\/v2\/posts\/152100\/revisions"}],"wp:featuredmedia":[{"embeddable":true,"href":"https:\/\/analyse.optim.biz\/index.php?rest_route=\/wp\/v2\/media\/152101"}],"wp:attachment":[{"href":"https:\/\/analyse.optim.biz\/index.php?rest_route=%2Fwp%2Fv2%2Fmedia&parent=152100"}],"wp:term":[{"taxonomy":"category","embeddable":true,"href":"https:\/\/analyse.optim.biz\/index.php?rest_route=%2Fwp%2Fv2%2Fcategories&post=152100"},{"taxonomy":"post_tag","embeddable":true,"href":"https:\/\/analyse.optim.biz\/index.php?rest_route=%2Fwp%2Fv2%2Ftags&post=152100"}],"curies":[{"name":"wp","href":"https:\/\/api.w.org\/{rel}","templated":true}]}}