{"id":152097,"date":"2017-01-02T22:10:18","date_gmt":"2017-01-02T19:10:18","guid":{"rendered":"https:\/\/analyse.optim.biz\/?p=152097"},"modified":"2017-01-02T22:10:18","modified_gmt":"2017-01-02T19:10:18","slug":"dragnea-vor-fi-opt-femei-in-noul-guvern-si-peste-20-de-ministere","status":"publish","type":"post","link":"https:\/\/analyse.optim.biz\/?p=152097","title":{"rendered":"Dragnea: Vor fi opt femei \u00een noul guvern \u0219i peste 20 de ministere"},"content":{"rendered":"<div class=\"entry data-app-meta data-app-meta-article\" data-embed-base-url-canonical=\"https:\/\/www.digi24.ro\/embed\/stiri\/actualitate\/politica\/dragnea-vor-fi-opt-femei-in-noul-guvern-si-peste-20-de-ministere-642342\">\n<p data-index=\"1\"><strong>Liviu Dragnea a declarat, luni seara, la un post de televiziune c\u0103 lista cu noii mini\u0219tri e definitivat\u0103. Noul executiv va avea \u201e20 \u0219i ceva\u201d de ministere, opt vor fi conduse de femei, iar ALDE prime\u0219te patru posturi. Apele \u0219i p\u0103durile, turismul, IMM-urile vor avea ministere separate, a mai anun\u021bat Liviu Dragnea.<\/strong><\/p>\n<figure class=\"article-thumb\"><img decoding=\"async\" src=\"https:\/\/analyse.optim.biz\/wp-content\/uploads\/2024\/09\/ywzhzjdmodfjnwuwmtg0otjmzjfinwjlytlmyjc0-thumb_-1.jpg\" alt=\"161216_PSD_LIVIU_DRAGNEA_08_INQUAM_Octav_Ganea_\" data-skip-htmlfix=\"1\" title=\"ywzhzjdmodfjnwuwmtg0otjmzjfinwjlytlmyjc0-thumb_-1\"><figcaption> Foto: Inquam Photos\/Octav Ganea <\/figcaption><\/figure>\n<p data-index=\"2\"><span lang=\"ro-RO\">Propunerile pentru fotoliile de mini\u0219tri social-democra\u021bi vor fi aprobate mar\u021bi de conducerea PSD, iar din acest motiv Liviu Dragnea a refuzat s\u0103 dea nume, dar a precizat c\u0103 formula a fost aprobat\u0103 deja \u0219i de ALDE. \u201eProgramul de guvernare<\/span> are un calendar pe care \u00een seara asta i l-am predat lui Sorin Grindeanu, \u00eempreun[ am lucrat la lista de mini\u0219tri, pe care o pred\u0103m m\u00e2ine. La ora la care vorbim, lista e complet\u0103. Eu \u021bin foarte mult la reguli \u0219i mi se pare firesc ca colegii mei s\u0103 fie primii care afl\u0103, nu din pres\u0103\u201d, a spus liderul social-democrat.<\/p>\n<p data-index=\"3\">ALDE va transmite mar\u021bi propunerile de mi\u0219tri pentru cele patru posturi deja alocate, dar discu\u021bia de principiu a avut loc, a precizat Liviu Dragnea.<\/p>\n<p data-index=\"4\">\u00centrebat c\u00e2te femei va avea viitorul guvern, Liviu Dragnea a r\u0103spuns: \u201eDac\u0103 nu gre\u0219esc, cred c\u0103 opt (&#8230;) din 20 \u0219i ceva de ministere\u201d.<\/p>\n<p data-index=\"5\">\u00cen ceea ce prive\u0219te structura viitorului guvern, c\u00e2teva domenii vor fi scoase \u00een eviden\u021b\u0103 ca minister de sine st\u0103t\u0103tor, a anun\u021bat Dragnea, preciz\u00e2nd c\u0103 este vorba despre domenii care pot determina o cre\u0219tere economic\u0103 \u00een zona respectiv\u0103.<\/p>\n<p data-index=\"6\">El a dat ca exemplu <strong>Ministerul Turismului<\/strong>. \u201eTurismul e un domeniu de care vorbesc to\u021bi, dar a fost plimbat pe la mai multe ministere: Transporturi, Ministerul Dezvolt\u0103rii, Ministerul Economiei&#8230;\u0219i e un domeniu care poate aduce dezvoltare \u00een acest\u0103 \u021bar\u0103. Trebuie s\u0103 avem grij\u0103\u201d, a spus Liviu Dragnea.<\/p>\n<p data-index=\"7\">\u00cen ceea ce prive\u0219te <strong>economia<\/strong>, Liviu Dragnea a spus c\u0103 a avut o discu\u021bie cu oamenii de afaceri \u0219i c\u0103 din punctul s\u0103u de vedere, rela\u021bia dintre stat \u0219i oamenii de afaceri trebuie schimbat\u0103. \u201eTrebuie s\u0103 ne g\u00e2ndim cum s\u0103 \u00eei ajut\u0103m (&#8230;) \u00cen acest sens, am decis s\u0103 se \u00eenfiin\u021beze un minister al IMM-urilor, al mediului de afaceri \u0219i al antreprenoriatului\u201d, a explicat Dragnea.<\/p>\n<p data-index=\"8\">Un alt minister care a fost desp\u0103r\u021bit este cel al Mediului, <strong>Apelor \u0219i P\u0103durilor<\/strong>. \u201eDin punctul meu de vedere, trebuie s\u0103 \u00eencepem un mare program de re\u00eemp\u0103durire. P\u0103durile au fost plimbate at\u00e2t la Agricultur\u0103, c\u00e2t \u0219i la Mediu, au fost \u0219i altele. Este un domeniu at\u00e2t de sensibil \u0219i am \u021binut s\u0103 fie un minister de sine st\u0103t\u0103tor, iar apele reprezint\u0103 un domeniu \u00een care \u00een Rom\u00e2nia s-a f\u0103cut prea pu\u021bin. E mult haos privind gestionarea resurselor de ap\u0103. Noi avem o rezerv\u0103 de ap\u0103 foarte bun\u0103. Trebuie s\u0103 fie un minister separat, Ministerul Apelor \u0219i P\u0103durilor\u201d, a explicat Dragnea.<\/p>\n<p data-index=\"9\">\u00cen ceea ce prive\u0219te componen\u021ba guvernului Grindeanu, Liviu Dragnea a spus c\u0103 se va merge \u0219i pe oameni tineri, \u0219i mai pu\u021bin tineri, dar nu foarte cunoscu\u021bi. \u201eOameni care pot gestiona cinstit, deschis, f\u0103r\u0103 interese \u0219i care se angajeaz\u0103 la un act de guvernare diferit de p\u00e2n\u0103 acum\u201d, a completat Liviu Dragnea.<\/p>\n<p data-index=\"10\"><strong><span lang=\"ro-RO\">Dragnea: Statul s\u0103 nu mai fie agresiv cu firmele! Vom introduce Legea preven\u021biei<\/span><\/strong><\/p>\n<p data-index=\"11\"><span lang=\"ro-RO\">Liviu Dragnea a anun\u021bat c\u0103 \u00een primul trimestru se va introduce \u201elegea preven\u021biei\u201d, pentru c\u0103, din punctul s\u0103u de vedere, \u201erela\u021bia dintre stat \u0219i oamenii de afaceri trebuie schimbat\u0103 \u0219i pentru asta trebuie s\u0103 se \u00eent\u00e2mple c\u00e2teva lucruri: statul s\u0103 nu mai fie agresiv cu firmele. Vom introduce \u0219i legea preven\u021biei \u00een primul trimestru, pentru ca niciun om de afaceri s\u0103 nu mai primeasc\u0103 m\u0103sura punitiv\u0103 f\u0103r\u0103 m\u0103sura de preven\u021bie\u201d, a declarat Liviu Dragnea. <\/span><\/p>\n<p data-index=\"12\">\u201e<span lang=\"ro-RO\">Trebuie s\u0103 \u00een\u021belegem c\u0103 cea mai mare parte din veniturile de la bugetul de stat \u00eel fac oamenii de afaceri. Trebuie s\u0103 ne g\u00e2ndim cum \u00eei ajut\u0103m s\u0103 \u00eei prevenim \u0219i s\u0103 \u00eei ajut\u0103m s\u0103-\u0219i dezvolte afacerile. (&#8230;) Trebuie s\u0103 aib\u0103 un minister al lor, care s\u0103 fie plac\u0103 turnant\u0103 \u00een rela\u021biile dintre oamenii de afaceri \u0219i celelalte ministere de linie. \u00cen acest sens, am decis s\u0103 se \u00eenfiin\u021beze Ministerul IMM-urilor, al mediului de afaceri \u0219i al antreprenoriatului\u201d, a explicat pre\u0219edintele PSD.<\/span><\/p>\n<p data-index=\"13\">\u00a0<\/p>\n<\/div>\n<p> Source URL: https:\/\/www.digi24.ro\/stiri\/actualitate\/politica\/dragnea-vor-fi-opt-femei-in-noul-guvern-si-peste-20-de-ministere-642342<\/p>\n","protected":false},"excerpt":{"rendered":"<p>Liviu Dragnea a declarat, luni seara, la un post de televiziune c\u0103 lista cu noii mini\u0219tri e definitivat\u0103. Noul executiv va avea \u201e20 \u0219i ceva\u201d de ministere, opt vor fi conduse de femei, iar ALDE prime\u0219te patru posturi. Apele \u0219i p\u0103durile, turismul, IMM-urile vor avea ministere separate, a mai anun\u021bat Liviu Dragnea. Foto: Inquam Photos\/Octav [&hellip;]<\/p>\n","protected":false},"author":1,"featured_media":152098,"comment_status":"open","ping_status":"","sticky":false,"template":"","format":"standard","meta":{"footnotes":""},"categories":[2],"tags":[11],"class_list":["post-152097","post","type-post","status-publish","format-standard","has-post-thumbnail","hentry","category-politics","tag-digi24"],"_links":{"self":[{"href":"https:\/\/analyse.optim.biz\/index.php?rest_route=\/wp\/v2\/posts\/152097","targetHints":{"allow":["GET"]}}],"collection":[{"href":"https:\/\/analyse.optim.biz\/index.php?rest_route=\/wp\/v2\/posts"}],"about":[{"href":"https:\/\/analyse.optim.biz\/index.php?rest_route=\/wp\/v2\/types\/post"}],"author":[{"embeddable":true,"href":"https:\/\/analyse.optim.biz\/index.php?rest_route=\/wp\/v2\/users\/1"}],"replies":[{"embeddable":true,"href":"https:\/\/analyse.optim.biz\/index.php?rest_route=%2Fwp%2Fv2%2Fcomments&post=152097"}],"version-history":[{"count":0,"href":"https:\/\/analyse.optim.biz\/index.php?rest_route=\/wp\/v2\/posts\/152097\/revisions"}],"wp:featuredmedia":[{"embeddable":true,"href":"https:\/\/analyse.optim.biz\/index.php?rest_route=\/wp\/v2\/media\/152098"}],"wp:attachment":[{"href":"https:\/\/analyse.optim.biz\/index.php?rest_route=%2Fwp%2Fv2%2Fmedia&parent=152097"}],"wp:term":[{"taxonomy":"category","embeddable":true,"href":"https:\/\/analyse.optim.biz\/index.php?rest_route=%2Fwp%2Fv2%2Fcategories&post=152097"},{"taxonomy":"post_tag","embeddable":true,"href":"https:\/\/analyse.optim.biz\/index.php?rest_route=%2Fwp%2Fv2%2Ftags&post=152097"}],"curies":[{"name":"wp","href":"https:\/\/api.w.org\/{rel}","templated":true}]}}