{"id":151690,"date":"2017-01-04T16:34:03","date_gmt":"2017-01-04T13:34:03","guid":{"rendered":"https:\/\/analyse.optim.biz\/?p=151690"},"modified":"2017-01-04T16:34:03","modified_gmt":"2017-01-04T13:34:03","slug":"ciolos-despre-cumintenia-pamantului-am-fost-naiv","status":"publish","type":"post","link":"https:\/\/analyse.optim.biz\/?p=151690","title":{"rendered":"Ciolo\u015f, despre \u201eCumin\u0163enia P\u0103m\u00e2ntului\u201d: Am fost naiv"},"content":{"rendered":"<div class=\"entry data-app-meta data-app-meta-article\" data-embed-base-url-canonical=\"https:\/\/www.digi24.ro\/embed\/stiri\/actualitate\/politica\/ciolos-despre-cumintenia-pamantului-am-fost-naiv-643555\">\n<p data-index=\"1\">Premierul Dacian Ciolo\u0219 a declarat c\u0103 a fost naiv atunci c\u00e2nd nu \u0219i-a imaginat c\u0103 proiectul subscrip\u021biei publice pentru \u201eCumin\u021benia P\u0103m\u00e2ntului\u201d poate fi exploatat electoral. De asemenea, prim-ministrul a admis c\u0103 aceast\u0103 campanie nu a avut rezultatul dorit.\u00a0<\/p>\n<figure class=\"article-thumb\"><img decoding=\"async\" src=\"https:\/\/analyse.optim.biz\/wp-content\/uploads\/2024\/09\/emm9mszoyxnopwq3yjg5yjrhndgzmja3nze0ywqxnjg5odyzztyzmgrj-thumb_.jpg\" alt=\"20160318_cumintenia_pamantului_04_INQUAM_Octav_Ganea_resize\" data-skip-htmlfix=\"1\" title=\"emm9mszoyxnopwq3yjg5yjrhndgzmja3nze0ywqxnjg5odyzztyzmgrj-thumb_\"><figcaption> Foto: Inquam\/ Octav Ganea <\/figcaption><\/figure>\n<p data-index=\"2\"><em>\u201eCred \u00een continuare c\u0103 noi nu am mai avut timp \u015fi, din p\u0103cate, proiectul a fost abordat electoral de unele partide \u00een acest an. Aici probabil am f\u0103cut dovad\u0103 de naivitate pentru c\u0103 nu mi-am imaginat c\u0103 astfel de proiecte pot s\u0103 fie speculate electoral, chiar dac\u0103 ele aveau un interes mai larg&#8221;<\/em>, a declarat premierul, \u00een cadrul conferin\u0163ei \u00een care a f\u0103cut bilan\u0163ul mandatul s\u0103u ca prim-ministru, citat de <a href=\"http:\/\/www.news.ro\/\" target=\"_blank\" data-skip-linkfix=\"1\" rel=\"noopener\">News.ro<\/a>.<\/p>\n<p data-index=\"3\">Pe de alt\u0103 parte, Ciolo\u015f a spus c\u0103 se m\u00e2ndre\u015fte \u00een continuare pentru ini\u0163ierea subscrip\u0163iei.<\/p>\n<p data-index=\"4\"><em>\u201ePoate c\u0103 ar fi fost mai simplu s\u0103 m\u0103 duc s\u0103 caut doar bani pentru acel proiect, dar am vrut mai mult dec\u00e2t at\u00e2t, s\u0103 stimulez \u015fi un interes public al cet\u0103\u0163enilor de a sus\u0163ine astfel de proiecte cu valoare cultural\u0103. Din p\u0103cate, rezultatul nu a fost acela pe care l-am a\u015fteptat, dar faptul c\u0103 peste 100.000 de oameni s-au implicat e deja un semn bun\u201d<\/em>, a spus Dacian Ciolo\u015f.\u00a0<\/p>\n<p data-index=\"5\">De asemenea, premierul\u00a0a ad\u0103ugat c\u0103 statul rom\u00e2n are \u00een continuare solu\u0163ii pentru ca achizi\u0163ia \u201eCumin\u0163eniei P\u0103m\u00e2ntului\u201d s\u0103 fie finalizat\u0103.<\/p>\n<p data-index=\"6\">Aproape 100.000 de oameni au donat bani pentru achizi\u021bionarea operei lui Br\u00e2ncu\u0219i, str\u00e2ng\u00e2ndu-se aproximativ 1,2 milioane de euro. \u00a0<\/p>\n<p data-skip-zonterainread=\"1\" data-index=\"7\">Mo\u015ftenitorii inginerului Gheorghe\u00a0Roma\u015fcu, primul proprietar al operei de art\u0103, au cerut ini\u0163ial 20 de milioane de euro, iar \u00een urma negocierilor s-a ajuns la suma de 11 milioane. Guvernul a anun\u0163at c\u0103 dispune de doar 5 milioane de euro \u015fi spera s\u0103 str\u00e2ng\u0103 din dona\u0163ii publice restul de \u0219ase milioane de euro.<\/p>\n<p data-skip-zonterainread=\"1\" data-index=\"8\">Citi\u021bi \u0219i: \u00a0<strong><a href=\"http:\/\/www.digi24.ro\/special\/campanii-digi24\/brancusi-infinit\/documentar-povestea-cuminteniei-pamantului-578359\" target=\"_blank\" data-skip-linkfix=\"1\" rel=\"noopener\">Exclusiv Digi24 | Povestea Cumin\u0163eniei P\u0103m\u00e2ntului. Un documentar de Elena Vijulie<\/a><\/strong><\/p>\n<\/div>\n<p> Source URL: https:\/\/www.digi24.ro\/stiri\/actualitate\/politica\/ciolos-despre-cumintenia-pamantului-am-fost-naiv-643555<\/p>\n","protected":false},"excerpt":{"rendered":"<p>Premierul Dacian Ciolo\u0219 a declarat c\u0103 a fost naiv atunci c\u00e2nd nu \u0219i-a imaginat c\u0103 proiectul subscrip\u021biei publice pentru \u201eCumin\u021benia P\u0103m\u00e2ntului\u201d poate fi exploatat electoral. De asemenea, prim-ministrul a admis c\u0103 aceast\u0103 campanie nu a avut rezultatul dorit.\u00a0 Foto: Inquam\/ Octav Ganea \u201eCred \u00een continuare c\u0103 noi nu am mai avut timp \u015fi, din p\u0103cate, [&hellip;]<\/p>\n","protected":false},"author":1,"featured_media":151691,"comment_status":"open","ping_status":"","sticky":false,"template":"","format":"standard","meta":{"footnotes":""},"categories":[2],"tags":[11],"class_list":["post-151690","post","type-post","status-publish","format-standard","has-post-thumbnail","hentry","category-politics","tag-digi24"],"_links":{"self":[{"href":"https:\/\/analyse.optim.biz\/index.php?rest_route=\/wp\/v2\/posts\/151690","targetHints":{"allow":["GET"]}}],"collection":[{"href":"https:\/\/analyse.optim.biz\/index.php?rest_route=\/wp\/v2\/posts"}],"about":[{"href":"https:\/\/analyse.optim.biz\/index.php?rest_route=\/wp\/v2\/types\/post"}],"author":[{"embeddable":true,"href":"https:\/\/analyse.optim.biz\/index.php?rest_route=\/wp\/v2\/users\/1"}],"replies":[{"embeddable":true,"href":"https:\/\/analyse.optim.biz\/index.php?rest_route=%2Fwp%2Fv2%2Fcomments&post=151690"}],"version-history":[{"count":0,"href":"https:\/\/analyse.optim.biz\/index.php?rest_route=\/wp\/v2\/posts\/151690\/revisions"}],"wp:featuredmedia":[{"embeddable":true,"href":"https:\/\/analyse.optim.biz\/index.php?rest_route=\/wp\/v2\/media\/151691"}],"wp:attachment":[{"href":"https:\/\/analyse.optim.biz\/index.php?rest_route=%2Fwp%2Fv2%2Fmedia&parent=151690"}],"wp:term":[{"taxonomy":"category","embeddable":true,"href":"https:\/\/analyse.optim.biz\/index.php?rest_route=%2Fwp%2Fv2%2Fcategories&post=151690"},{"taxonomy":"post_tag","embeddable":true,"href":"https:\/\/analyse.optim.biz\/index.php?rest_route=%2Fwp%2Fv2%2Ftags&post=151690"}],"curies":[{"name":"wp","href":"https:\/\/api.w.org\/{rel}","templated":true}]}}