{"id":151678,"date":"2017-01-04T18:24:42","date_gmt":"2017-01-04T15:24:42","guid":{"rendered":"https:\/\/analyse.optim.biz\/?p=151678"},"modified":"2017-01-04T18:24:42","modified_gmt":"2017-01-04T15:24:42","slug":"v-ciorbea-sesizeaza-ccr-pentru-legea-90-care-interzice-persoanelor-condamnate-sa-fie-membri-ai-guvernului","status":"publish","type":"post","link":"https:\/\/analyse.optim.biz\/?p=151678","title":{"rendered":"V. Ciorbea sesizeaz\u0103 CCR pentru Legea 90, care interzice persoanelor condamnate s\u0103 fie membri ai Guvernului"},"content":{"rendered":"<div class=\"entry data-app-meta data-app-meta-article\" data-embed-base-url-canonical=\"https:\/\/www.digi24.ro\/embed\/stiri\/actualitate\/justitie\/v-ciorbea-sesizeaza-ccr-pentru-legea-90-care-interzice-persoanelor-condamnate-sa-fie-membri-ai-guvernului-643617\">\n<p data-index=\"1\"><strong>Avocatul Poporului sesizeaz\u0103 joi Curtea Constitu\u021bional\u0103 \u00een privin\u0163a Legii 90\/2001, care interzice persoanelor condamnate s\u0103 fie membri ai Guvernului.<\/strong><\/p>\n<figure class=\"article-thumb\"><img decoding=\"async\" src=\"https:\/\/analyse.optim.biz\/wp-content\/uploads\/2024\/09\/yxnoptkyzdi4ntg1ndflnje2nwqznwi2ztnlnzu1m2yyzwe4-thumb_.jpg\" alt=\"agerpres victor ciorbea avocatul poporului 24 09 2015\" data-skip-htmlfix=\"1\" title=\"yxnoptkyzdi4ntg1ndflnje2nwqznwi2ztnlnzu1m2yyzwe4-thumb_\"><figcaption> FOTO: Agerpres <\/figcaption><\/figure>\n<p data-index=\"2\">Victor Ciorbea a declarat, miercuri, la Parlament, c\u0103 va trimite joi la Curtea Constitu\u0163ional\u0103 o sesizare \u00een privin\u0163a Legii 90\/2001, cea care prevede c\u0103 pot fi membri ai Guvernului persoanele care NU au suferit condamn\u0103ri penale \u015fi NU se g\u0103sesc \u00een unul dintre cazurile de incompatibilitate.<\/p>\n<p data-index=\"3\">Aceast\u0103 lege a fost invocat\u0103 de pre\u0219edintele Klaus Iohannis \u00een campania electoral\u0103 \u0219i este cea care l-a f\u0103cut pe liderul PSD, Liviu Dragnea, s\u0103 renun\u021be la a fi el \u00eensu\u0219i propunerea PSD de premier.\u00a0<\/p>\n<p data-index=\"4\">\u201e<strong>Nu vreau ca vreun mandat pe care l-a\u015f fi putut \u00eencepe eu s\u0103 fie prin for\u0163area unei condamn\u0103ri nedrepte \u015fi a unei legi profund neconstitu\u0163ionale, care nu mi-au dat posibilitatea s\u0103 cer aceast\u0103 func\u0163ie pentru mine. Deocamdat\u0103<\/strong>\u201d, <a href=\"https:\/\/www.digi24.ro\/stiri\/actualitate\/politica\/dragnea-eu-voi-fi-responsabilul-politic-636373\" target=\"_blank\" data-skip-linkfix=\"1\" rel=\"noopener\">declara Liviu Dragnea<\/a>, la 21 decembrie, \u00een momentul \u00een care a fost la Palatul Cotroceni pentru a prezenta prima propunere de premier a PSD, \u00een persoana lui Sevil Shhaideh.<\/p>\n<p data-index=\"5\">Liviu Dragnea a fost condamnat la doi ani de \u00eenchisoare cu suspendare \u00een dosarul referendumului din 2012 pentru demiterea pre\u0219edintelui Traian B\u0103sescu.<\/p>\n<p data-index=\"6\">\u00centrebat, miercuri, dac\u0103 va contesta legea 90\/2001, Victor Ciorbea a spus: \u201eDe m\u00e2ine \u00eencolo vorbim, dragilor\u201d, scrie News.ro.<\/p>\n<p data-index=\"7\">Chestionat \u00een continuare dac\u0103 sunt argumente s\u0103 sesizeze CCR, Avocatul Poporului a r\u0103spuns: \u201eO s\u0103 vede\u0163i c\u0103 sunt argumente beton \u00een sensul solu\u0163iei pe care o voi da m\u00e2ine. V-am promis c\u0103 dup\u0103 \u00eenvestire. O s\u0103 vede\u0163i c\u00e2te texte din Constitu\u0163ie, din diverse Conven\u0163ii interna\u0163ionale sunt \u00eenc\u0103lcate, \u00een opinia noastr\u0103\u201d.<\/p>\n<p data-index=\"8\">Fiind \u00eentrebat dac\u0103 joi trimite sesizare la CCR, el a r\u0103spuns: \u00a0\u201eDa\u201d.<\/p>\n<p data-index=\"9\">Chestionat dac\u0103 legea 90\/2001 \u00eencalc\u0103 conven\u0163iile interna\u0163ionale despre care vorbe\u015fte, Victor Ciorbea a r\u0103spuns afirmativ.<\/p>\n<p data-index=\"10\">La \u00eentrebarea dac\u0103 contest\u0103 aceast\u0103 lege, Avocatul Poporului \u015fi-a nuan\u0163at r\u0103spunsul: \u201eNu \u015ftiu drag\u0103, nu se \u015ftie. Vom vedea m\u00e2ine. M\u00e2ine dup\u0103 ce \u00eenregistrez la Curte, c\u0103 e normal s\u0103 ajung\u0103 la Curte mai \u00eent\u00e2i. O s\u0103 primi\u0163i foarte frumos, cu explica\u0163ii, am f\u0103cut o sintez\u0103 de cinci pagini din 15, 17. Deci ave\u0163i timp s\u0103 extrage\u0163i, s\u0103 da\u0163i tot ce este mai bun. E \u00een temeiul acestei autosesiz\u0103ri despre care v-am anun\u0163at\u201d.\u00a0<\/p>\n<p data-index=\"11\">\u00cen 19 decembrie, Avocatul Poporului a anun\u0163at c\u0103 decizia cu privire la constitu\u0163ionalitatea sau neconstitu\u0163ionalitatea art. 2 din Legea nr. 90\/2001, care prevede c\u0103 nu pot fi membri ai Guvernului persoanele care au fost condamnate, va fi luat\u0103 dup\u0103 \u00eenvestirea viitorului Guvern.<\/p>\n<p data-index=\"12\">Legea 90\/2001 prevede c\u0103 pot fi membri ai Guvernului persoanele care au numai cet\u0103\u0163enia rom\u00e2n\u0103 \u015fi domiciliul \u00een \u0163ar\u0103, se bucur\u0103 de exerci\u0163iul drepturilor electorale, nu au suferit condamn\u0103ri penale \u015fi nu se g\u0103sesc \u00een unul dintre cazurile de incompatibilitate.<\/p>\n<\/div>\n<p> Source URL: https:\/\/www.digi24.ro\/stiri\/actualitate\/justitie\/v-ciorbea-sesizeaza-ccr-pentru-legea-90-care-interzice-persoanelor-condamnate-sa-fie-membri-ai-guvernului-643617<\/p>\n","protected":false},"excerpt":{"rendered":"<p>Avocatul Poporului sesizeaz\u0103 joi Curtea Constitu\u021bional\u0103 \u00een privin\u0163a Legii 90\/2001, care interzice persoanelor condamnate s\u0103 fie membri ai Guvernului. FOTO: Agerpres Victor Ciorbea a declarat, miercuri, la Parlament, c\u0103 va trimite joi la Curtea Constitu\u0163ional\u0103 o sesizare \u00een privin\u0163a Legii 90\/2001, cea care prevede c\u0103 pot fi membri ai Guvernului persoanele care NU au suferit [&hellip;]<\/p>\n","protected":false},"author":1,"featured_media":151679,"comment_status":"open","ping_status":"","sticky":false,"template":"","format":"standard","meta":{"footnotes":""},"categories":[2],"tags":[11],"class_list":["post-151678","post","type-post","status-publish","format-standard","has-post-thumbnail","hentry","category-politics","tag-digi24"],"_links":{"self":[{"href":"https:\/\/analyse.optim.biz\/index.php?rest_route=\/wp\/v2\/posts\/151678","targetHints":{"allow":["GET"]}}],"collection":[{"href":"https:\/\/analyse.optim.biz\/index.php?rest_route=\/wp\/v2\/posts"}],"about":[{"href":"https:\/\/analyse.optim.biz\/index.php?rest_route=\/wp\/v2\/types\/post"}],"author":[{"embeddable":true,"href":"https:\/\/analyse.optim.biz\/index.php?rest_route=\/wp\/v2\/users\/1"}],"replies":[{"embeddable":true,"href":"https:\/\/analyse.optim.biz\/index.php?rest_route=%2Fwp%2Fv2%2Fcomments&post=151678"}],"version-history":[{"count":0,"href":"https:\/\/analyse.optim.biz\/index.php?rest_route=\/wp\/v2\/posts\/151678\/revisions"}],"wp:featuredmedia":[{"embeddable":true,"href":"https:\/\/analyse.optim.biz\/index.php?rest_route=\/wp\/v2\/media\/151679"}],"wp:attachment":[{"href":"https:\/\/analyse.optim.biz\/index.php?rest_route=%2Fwp%2Fv2%2Fmedia&parent=151678"}],"wp:term":[{"taxonomy":"category","embeddable":true,"href":"https:\/\/analyse.optim.biz\/index.php?rest_route=%2Fwp%2Fv2%2Fcategories&post=151678"},{"taxonomy":"post_tag","embeddable":true,"href":"https:\/\/analyse.optim.biz\/index.php?rest_route=%2Fwp%2Fv2%2Ftags&post=151678"}],"curies":[{"name":"wp","href":"https:\/\/api.w.org\/{rel}","templated":true}]}}