{"id":151675,"date":"2017-01-04T18:29:39","date_gmt":"2017-01-04T15:29:39","guid":{"rendered":"https:\/\/analyse.optim.biz\/?p=151675"},"modified":"2017-01-04T18:29:39","modified_gmt":"2017-01-04T15:29:39","slug":"proprietarii-cuminteniei-pamantului-asteapta-un-raspuns-ferm-din-partea-statului","status":"publish","type":"post","link":"https:\/\/analyse.optim.biz\/?p=151675","title":{"rendered":"Proprietarii \u201eCumin\u0163eniei P\u0103m\u00e2ntului\u201d a\u0219teapt\u0103 un r\u0103spuns ferm din partea statului"},"content":{"rendered":"<div class=\"entry data-app-meta data-app-meta-article\" data-embed-base-url-canonical=\"https:\/\/www.digi24.ro\/embed\/stiri\/actualitate\/politica\/proprietarii-cuminteniei-pamantului-asteapta-un-raspuns-ferm-din-partea-statului-643622\">\n<p data-index=\"1\">Sculptura \u201eCumin\u021benia P\u0103m\u00e2ntului\u201d se afl\u0103 \u00een cutia ei la Muzeul Na\u021bional de Art\u0103 al Rom\u00e2niei (MNAR) \u0219i proprietarii a\u0219teapt\u0103 \u00een continuare un r\u0103spuns \u201eferm\u201d din partea statului cu privire la achizi\u021bionarea ei, a declarat avocatul proprietarilor Bogdan Grabowski pentru <a href=\"http:\/\/www.news.ro\/\" target=\"_blank\" data-skip-linkfix=\"1\" rel=\"noopener\">News.ro<\/a>.<\/p>\n<p data-index=\"2\"><img loading=\"lazy\" decoding=\"async\" class=\"alignnone size-full wp-image-643632\" src=\"https:\/\/analyse.optim.biz\/wp-content\/uploads\/2024\/09\/ad04mtqymzbmngqyngqwmzzjzjk5ngq1zgmwzmi3ndbhnq-thumb_.jpg\" alt=\"cumintenia pamantului\" width=\"1508\" height=\"923\" data-skip-htmlfix=\"1\" title=\"ad04mtqymzbmngqyngqwmzzjzjk5ngq1zgmwzmi3ndbhnq-thumb_\"><\/p>\n<p data-index=\"3\">Avocatul a mai precizat c\u0103 muzeul a refuzat comodatul de \u0219ase luni, prefer\u00e2nd s\u0103 semneze unul pentru o lun\u0103. Grabowski spune c\u0103, cel mai probabil, dup\u0103 ce Ionu\u0163 Vulpescu \u00ee\u015fi va prelua mandatul, vor primi un r\u0103spuns legat de soarta sculpturii lui Br\u00e2ncu\u015fi.<\/p>\n<p data-index=\"4\"><em>\u201eDeocamdat\u0103, \u00abCumin\u0163enia\u00bb se afl\u0103 la Muzeul Na\u0163ional de Art\u0103, unde st\u0103 \u00een cutia ei. Noi am vrut s\u0103 semn\u0103m cu MNAR un contract de comodat pe \u015fase luni, \u00eens\u0103 muzeul a refuzat, prefer\u00e2nd s\u0103 semneze p\u00e2n\u0103 la 31 decembrie. Acum, el s-a prelungit cu \u00eenc\u0103 o lun\u0103. Probabil, a\u015fteapt\u0103 decizia ministrului\u201d<\/em>, a mai spus Bogdan Grabowski.<\/p>\n<p data-index=\"5\">Bogdan Grabowski a spus c\u0103 proprietarii &#8211; Paula Ionescu \u015fi Alina \u015eerb\u0103nescu &#8211; a\u015fteapt\u0103 un r\u0103spuns ferm din partea statului privind achizi\u0163ionarea sculpturii \u201eCumin\u0163enia P\u0103m\u00e2ntului\u201d, pentru care \u015fi-a exprimat dorin\u0163a de a \u00ee\u015fi exercita dreptul de preemp\u0163iune \u00een martie 2015.<\/p>\n<p data-index=\"6\">\u201eLegea spune c\u0103, pentru o licita\u0163ie public\u0103 statul are dreptul de preemp\u0163iune. I se comunic\u0103 suma \u015fi decide dac\u0103 accept\u0103. Dac\u0103 nu, ea poate fi v\u00e2ndut\u0103 la licita\u0163ie\u201d, a declarat avocatul pentru News.ro.<\/p>\n<p data-index=\"7\">\u00a0<\/p>\n<p data-index=\"8\">Data de 20 decembrie era, potrivit declara\u0163iilor pentru <a href=\"http:\/\/www.news.ro\/\" target=\"_blank\" data-skip-linkfix=\"1\" rel=\"noopener\">News.ro<\/a> ale avocatului Bogdan Grabowski, termenul stabilit pentru semnarea actului de v\u00e2nzare-cump\u0103rare a operei \u201eCumin\u0163enia P\u0103m\u00e2ntului\u201d.<\/p>\n<p data-index=\"9\">Pe 12 octombrie, Guvernul a anun\u0163at c\u0103 opera \u201eCumin\u0163enia P\u0103m\u00e2ntului\u201c va fi achizi\u0163ionat\u0103 de statul rom\u00e2n.<\/p>\n<p data-index=\"10\">Sculptura \u201eCumin\u0163enia P\u0103m\u00e2ntului&#8221;, de Constantin Br\u00e2ncu\u015fi, a fost evaluat\u0103, \u00een septembrie 2014, la 20 de milioane de euro. Ministerul Culturii a fost invitat s\u0103 \u00ee\u015fi exercite dreptul de preem\u0163iune.<\/p>\n<p data-index=\"11\">Proprietarii sculpturii \u201eCumin\u0163enia P\u0103m\u00e2ntului\u201d, Paula Ionescu \u015fi Alina \u015eerb\u0103nescu, au acceptat, \u00een martie 2016, suma 11 milioane de euro pentru lucrare \u015fi termenul de 31 octombrie, care a fost recent prelungit pentru 30 noiembrie, pentru a primi banii pe care statul rom\u00e2n a decis s\u0103 \u00eei pl\u0103teasc\u0103 pentru lucrarea lui Constantin Br\u00e2ncu\u015fi.<\/p>\n<p data-index=\"12\">Guvernul Rom\u00e2niei a propus ca achizi\u0163ia operei lui Constantin Br\u00e2ncu\u015fi s\u0103 se fac\u0103 printr-un efort comun al statului rom\u00e2n \u015fi al cet\u0103\u0163enilor: suma de 5 milioane de euro a fost alocat\u0103 de Guvern \u015fi era nevoie ca 6 milioane de euro s\u0103 fie colectate prin intermediul contribu\u0163iilor voluntare ale persoanelor private \u015fi juridice.<\/p>\n<p data-index=\"13\">Peste 100.000 de donatori au participat la campania de subscrip\u0163ie na\u0163ional\u0103 \u201eBr\u00e2ncu\u015fi e al meu\u201d, menit\u0103 s\u0103 sus\u0163in\u0103 cump\u0103rarea de c\u0103tre statul rom\u00e2n a sculpturii \u201eCumin\u0163enia P\u0103m\u00e2ntului\u201d, iar suma str\u00e2ns\u0103 p\u00e2n\u0103 pe 30 septembrie, ziua \u00een care conturile deschise la mai multe b\u0103nci pentru dona\u0163ii au fost \u00eenchise, a fost de 1.163.032 de euro.<\/p>\n<p data-index=\"14\">Printr-o Ordonan\u0163\u0103 de Urgen\u0163\u0103 adoptat\u0103 pe 12 octombrie, Executivul a stabilit ca diferen\u0163a \u00eentre sumele donate \u00een cadrul campaniei de subscrip\u0163ie public\u0103 dedicat\u0103 sculpturii lui Constantin Br\u00e2ncu\u015fi \u015fi suma echivalent\u0103 \u00een lei a 6 milioane de euro s\u0103 fie asigurat\u0103 de la bugetul de stat, prin bugetul Ministerului Culturii.<\/p>\n<p data-index=\"15\">Sculptura \u201eCumin\u0163enia P\u0103m\u00e2ntului\u201d a fost expus\u0103 la MNAR p\u00e2n\u0103 \u00een noiembrie 2012, c\u00e2nd a fost mutat\u0103 de la Muzeul Cotroceni. Ea s-a aflat expus\u0103 la Muzeul B\u0103ncii Na\u0163ionale din iunie p\u00e2n\u0103 pe 31 octombrie, c\u00e2nd a ajuns la Muzeul Na\u0163ional de Art\u0103 al Rom\u00e2niei.<\/p>\n<\/div>\n<p> Source URL: https:\/\/www.digi24.ro\/stiri\/actualitate\/politica\/proprietarii-cuminteniei-pamantului-asteapta-un-raspuns-ferm-din-partea-statului-643622<\/p>\n","protected":false},"excerpt":{"rendered":"<p>Sculptura \u201eCumin\u021benia P\u0103m\u00e2ntului\u201d se afl\u0103 \u00een cutia ei la Muzeul Na\u021bional de Art\u0103 al Rom\u00e2niei (MNAR) \u0219i proprietarii a\u0219teapt\u0103 \u00een continuare un r\u0103spuns \u201eferm\u201d din partea statului cu privire la achizi\u021bionarea ei, a declarat avocatul proprietarilor Bogdan Grabowski pentru News.ro. Avocatul a mai precizat c\u0103 muzeul a refuzat comodatul de \u0219ase luni, prefer\u00e2nd s\u0103 semneze [&hellip;]<\/p>\n","protected":false},"author":1,"featured_media":151676,"comment_status":"open","ping_status":"","sticky":false,"template":"","format":"standard","meta":{"footnotes":""},"categories":[2],"tags":[11],"class_list":["post-151675","post","type-post","status-publish","format-standard","has-post-thumbnail","hentry","category-politics","tag-digi24"],"_links":{"self":[{"href":"https:\/\/analyse.optim.biz\/index.php?rest_route=\/wp\/v2\/posts\/151675","targetHints":{"allow":["GET"]}}],"collection":[{"href":"https:\/\/analyse.optim.biz\/index.php?rest_route=\/wp\/v2\/posts"}],"about":[{"href":"https:\/\/analyse.optim.biz\/index.php?rest_route=\/wp\/v2\/types\/post"}],"author":[{"embeddable":true,"href":"https:\/\/analyse.optim.biz\/index.php?rest_route=\/wp\/v2\/users\/1"}],"replies":[{"embeddable":true,"href":"https:\/\/analyse.optim.biz\/index.php?rest_route=%2Fwp%2Fv2%2Fcomments&post=151675"}],"version-history":[{"count":0,"href":"https:\/\/analyse.optim.biz\/index.php?rest_route=\/wp\/v2\/posts\/151675\/revisions"}],"wp:featuredmedia":[{"embeddable":true,"href":"https:\/\/analyse.optim.biz\/index.php?rest_route=\/wp\/v2\/media\/151676"}],"wp:attachment":[{"href":"https:\/\/analyse.optim.biz\/index.php?rest_route=%2Fwp%2Fv2%2Fmedia&parent=151675"}],"wp:term":[{"taxonomy":"category","embeddable":true,"href":"https:\/\/analyse.optim.biz\/index.php?rest_route=%2Fwp%2Fv2%2Fcategories&post=151675"},{"taxonomy":"post_tag","embeddable":true,"href":"https:\/\/analyse.optim.biz\/index.php?rest_route=%2Fwp%2Fv2%2Ftags&post=151675"}],"curies":[{"name":"wp","href":"https:\/\/api.w.org\/{rel}","templated":true}]}}