{"id":151653,"date":"2017-01-04T19:46:12","date_gmt":"2017-01-04T16:46:12","guid":{"rendered":"https:\/\/analyse.optim.biz\/?p=151653"},"modified":"2017-01-04T19:46:12","modified_gmt":"2017-01-04T16:46:12","slug":"guvernul-grindeanu-26-de-ministri-audiati-in-sase-ore","status":"publish","type":"post","link":"https:\/\/analyse.optim.biz\/?p=151653","title":{"rendered":"Guvernul Grindeanu: 26 de mini\u015ftri, audia\u0163i \u00een \u0219ase ore"},"content":{"rendered":"<div class=\"entry data-app-meta data-app-meta-article\" data-embed-base-url-canonical=\"https:\/\/www.digi24.ro\/embed\/stiri\/actualitate\/politica\/guvernul-grindeanu-26-de-ministri-audiati-in-sase-ore-643654\">\n<p data-index=\"1\"><strong>Audieri pe repede-nainte, ast\u0103zi, \u00een Parlament. \u00cen doar \u015fase ore, to\u0163i cei 26 de mini\u015ftri au trecut prin fa\u0163a comisiilor de specialitate. Asta \u00een condi\u0163iile \u00een care \u00een al\u0163i ani era nevoie de dou\u0103 zile pentru audierea unui num\u0103r mai mic de mini\u015ftri. Cu to\u0163ii au trecut f\u0103r\u0103 probleme de \u00eentreb\u0103rile senatorilor \u015fi deputa\u0163ilor \u015fi au primit aviz pozitiv.<\/strong><\/p>\n<p data-index=\"2\">La ora 08.00 s-a dat startul audierilor maraton din Parlament. Prima care a r\u0103spuns \u00eentreb\u0103rilor a fost Mihaela Toader, ministrul delegat pentru Fondurile Europene. Mai bine de jum\u0103tate de or\u0103 a vorbit despre planurile pe care le are, iar la final a primit avizul pozitiv al comisiei. \u00cen acela\u015fi timp, \u00eentr-o alt\u0103 sal\u0103, Alexandru Petrescu, cel care va ocupa scaunul de ministru al Economiei era \u015fi el audiat.<\/p>\n<p data-index=\"3\">Jum\u0103tate de or\u0103 mai t\u00e2rziu, al\u0163i doi mini\u015ftri intrau la audieri. Toma Petcu, ministrul Energiei, \u015fi Ana Birchall, ministru delegat pentru Fondurile Europene. Dup\u0103 mai pu\u0163in de 30 de minute de discu\u0163ii, ambii au trecut f\u0103r\u0103 probleme de comisiile de specialitate. Rapiditatea cu care au fost audia\u0163i mini\u015ftrii i-a nemul\u0163umit pe unii membrii din comisie.<\/p>\n<p data-index=\"4\"><em>\u201e<\/em><span lang=\"ro-RO\"><em>Mai avem nou\u0103 minute dup\u0103 programul stabilit pentru a pune \u00eentreb\u0103ri \u0219i spune r\u0103spunsurile, aceast\u0103 formalitate s-a dovedit ineficient\u0103. E un abuz doamn\u0103, Parlamentul pune \u00eentreb\u0103ri \u0219i prime\u0219te r\u0103spunsuri, la revedere\u201d,<\/em> a spus Eugen Tomac, membru \u00een comisia de specialitate.<\/span><\/p>\n<p data-index=\"5\">La ora 09.00, ministrul pentru Mediul de Afaceri, Florin Jianu, s-a prezentat \u00een fa\u0163a comisiilor de specialitate. Nu a vorbit despre planurile de viitor, ci despre m\u0103surile luate \u00een mandatul precedent. Chiar \u015fi a\u015fa a primit avizul pozitiv. \u00centre timp, Ministrul de Externe, Teodor Mele\u015fcanu era \u015fi el audiat. Mai bine de 40 de minute a vorbit despre planurile sale.<\/p>\n<p data-index=\"6\">Mult mai pu\u0163in a durat audierea ministrului Turismului, Mircea Dobre &#8211; nici 20 de minute. El a fost validat cu 38 de voturi pentru \u015fi doar opt \u00eempotriv\u0103. De asemenea, \u0219i audierea ministrului delegat pentru Rom\u00e2nii de Pretutindeni s-a derulat rapid. A durat aproximativ o jum\u0103tate de or\u0103 ceea ce a atras nemul\u0163umiri.<\/p>\n<p data-index=\"7\"><em>\u201e<span lang=\"ro-RO\">Am dori totu\u015fi s\u0103 r\u0103spunde\u0163i \u015fi la \u00eentreb\u0103ri, doamna ministru, nu am primit r\u0103spuns. Parlamentul nu are rol de decor, suntem aici la audierea unui ministru, doamna nu a r\u0103spuns la nicio \u00eentrebare din cele 28\u201d,\u00a0<\/span><\/em><span lang=\"ro-RO\">a reclamat un membru al comisiei.\u00a0<\/span><\/p>\n<p data-index=\"8\">Tot pe repede \u00eenainte a fost audiat\u0103 \u015fi Carmen Dan, ministra Afacerilor Interne. Totul s-a \u00eent\u00e2mplat, \u00eens\u0103, cu u\u015fa \u00eenchis\u0103, f\u0103r\u0103 accesul jurnali\u015ftilor.<\/p>\n<p data-index=\"9\">\u00cen timpul audierii, ministrul Transporturilor, R\u0103zvan Cuc, a fost \u00eentrebat despre \u015fosele care vor fi construite.<\/p>\n<p data-index=\"10\"><em>\u201e<\/em><span lang=\"ro-RO\"><em>C\u00e2\u021bi kilometri de autostrad\u0103, nu promit, ve\u021bi vedea \u00een programul de guvernare\u201d<\/em>, a spus noul ministru.<\/span><\/p>\n<p data-index=\"11\">Ministrul Comunica\u0163iilor, Augustin Jianu, a vorbit despre proiectele pe care le va realiza \u00een mandatul s\u0103u. A primit aviz pozitiv cu doar patru voturi \u00eempotriv\u0103. \u00cen schimb, Ministrul Ap\u0103r\u0103rii Na\u0163ionale i-a convins ceva mai greu pe senatorii \u015fi deputa\u0163ii din comisiile de specialitate s\u0103-i acorde \u00eencrederea. Au fost 19 voturi pentru \u0219i 11 \u00eempotriv\u0103.<\/p>\n<p data-index=\"12\"><span lang=\"ro-RO\">La ora 11.00 au \u00eenceput audierile pentru trei mini\u015ftri: Daniel Constantin de la Mediu, Ionu\u0163 Vulpescu de la Cultur\u0103 \u015fi Pavel N\u0103stase, ministrul Educa\u0163iei. \u00cen cazul lor, discu\u0163iile din comisii au durat \u00eentre 30 de minute \u015fi aproape o or\u0103. <\/span><\/p>\n<p data-index=\"13\">Mult mai rapid\u0103 a fost audierea ministrei Apelor \u015fi P\u0103durilor, Adriana Petcu. \u00cen mai pu\u0163in de 20 de minute, \u015fi-a prezentat planurile pe care le are la minister \u015fi a primit \u015fi avizul comisiei. Nici \u00een cazul Ministrului Cercet\u0103rii, senatorii \u015fi deputa\u0163ii nu s-au ab\u0103tut de la program. L-au validat pe \u015eerban Valeca \u00eentr-un timp mult mai scurt dec\u00e2t cel stabilit ini\u0163ial.<\/p>\n<p data-index=\"14\"><span lang=\"ro-RO\">La pr\u00e2nz le-a venit r\u00e2ndul altor trei mini\u015ftri s\u0103 fie audia\u0163i: Sevil Shhaideh, ministra Dezvolt\u0103rii, Marius Dunca, ministrul Tineretului, \u015fi Petre Daea, ministrul Agriculturii.<\/span><\/p>\n<p data-index=\"15\"><em>\u201eSper ca mintea s\u0103 m\u0103 \u021bin\u0103 \u00een stare s\u0103 nu fac gre\u0219eli\u201d<\/em>, a spus Petre Daea.<\/p>\n<p data-index=\"16\">A urmat apoi Viorel \u015etefan, ministrul Finan\u0163elor care a vorbit aproape o or\u0103 \u015fi jum\u0103tate despre proiectele pe care la va duce la bun sf\u00e2r\u015fit. \u015ei \u00een cazul ministrului S\u0103n\u0103t\u0103\u0163ii, Florian Bodog, audierile au durat ceva mai mult: aproximativ 40 de minute.<\/p>\n<p data-index=\"17\">Gra\u0163iela Gavrilescu, ministra pentru Rela\u0163ia cu Parlamentul, a fost validat\u0103 cu 26 de voturi pentru \u015fi 10 \u00eempotriv\u0103. De asemenea, \u0219i ministra Muncii a trecut f\u0103r\u0103 probleme de comisia de specialitate. Audiat\u0103 timp de aproximativ 40 de minute, Lia Olgu\u0163a Vasilescu a declarat c\u0103 nu a avut suficient timp pentru a r\u0103spunde la toate \u00eentreb\u0103rile colegilor.<\/p>\n<p data-index=\"18\"><em>\u201eEu cred c\u0103 nu este vina noastr\u0103 c\u0103 s-au f\u0103cut pe repede \u00eenainte\u201d<\/em>, a declarat Lia Olgu\u021ba Vasilescu. .<\/p>\n<p data-index=\"19\">Ultimele audieri au \u00eenceput la ora 13 \u015fi 30 de minute. Gabriel Petrea, ministrul pentru Dialog Social \u015fi Florin Iordache, ministrul Justi\u0163iei au \u00eencheiat \u015firul audierilor maraton.<\/p>\n<\/div>\n<p> Source URL: https:\/\/www.digi24.ro\/stiri\/actualitate\/politica\/guvernul-grindeanu-26-de-ministri-audiati-in-sase-ore-643654<\/p>\n","protected":false},"excerpt":{"rendered":"<p>Audieri pe repede-nainte, ast\u0103zi, \u00een Parlament. \u00cen doar \u015fase ore, to\u0163i cei 26 de mini\u015ftri au trecut prin fa\u0163a comisiilor de specialitate. Asta \u00een condi\u0163iile \u00een care \u00een al\u0163i ani era nevoie de dou\u0103 zile pentru audierea unui num\u0103r mai mic de mini\u015ftri. Cu to\u0163ii au trecut f\u0103r\u0103 probleme de \u00eentreb\u0103rile senatorilor \u015fi deputa\u0163ilor \u015fi [&hellip;]<\/p>\n","protected":false},"author":1,"featured_media":151654,"comment_status":"open","ping_status":"","sticky":false,"template":"","format":"standard","meta":{"footnotes":""},"categories":[2],"tags":[11],"class_list":["post-151653","post","type-post","status-publish","format-standard","has-post-thumbnail","hentry","category-politics","tag-digi24"],"_links":{"self":[{"href":"https:\/\/analyse.optim.biz\/index.php?rest_route=\/wp\/v2\/posts\/151653","targetHints":{"allow":["GET"]}}],"collection":[{"href":"https:\/\/analyse.optim.biz\/index.php?rest_route=\/wp\/v2\/posts"}],"about":[{"href":"https:\/\/analyse.optim.biz\/index.php?rest_route=\/wp\/v2\/types\/post"}],"author":[{"embeddable":true,"href":"https:\/\/analyse.optim.biz\/index.php?rest_route=\/wp\/v2\/users\/1"}],"replies":[{"embeddable":true,"href":"https:\/\/analyse.optim.biz\/index.php?rest_route=%2Fwp%2Fv2%2Fcomments&post=151653"}],"version-history":[{"count":0,"href":"https:\/\/analyse.optim.biz\/index.php?rest_route=\/wp\/v2\/posts\/151653\/revisions"}],"wp:featuredmedia":[{"embeddable":true,"href":"https:\/\/analyse.optim.biz\/index.php?rest_route=\/wp\/v2\/media\/151654"}],"wp:attachment":[{"href":"https:\/\/analyse.optim.biz\/index.php?rest_route=%2Fwp%2Fv2%2Fmedia&parent=151653"}],"wp:term":[{"taxonomy":"category","embeddable":true,"href":"https:\/\/analyse.optim.biz\/index.php?rest_route=%2Fwp%2Fv2%2Fcategories&post=151653"},{"taxonomy":"post_tag","embeddable":true,"href":"https:\/\/analyse.optim.biz\/index.php?rest_route=%2Fwp%2Fv2%2Ftags&post=151653"}],"curies":[{"name":"wp","href":"https:\/\/api.w.org\/{rel}","templated":true}]}}