{"id":151640,"date":"2017-01-04T19:50:42","date_gmt":"2017-01-04T16:50:42","guid":{"rendered":"https:\/\/analyse.optim.biz\/?p=151640"},"modified":"2017-01-04T19:50:42","modified_gmt":"2017-01-04T16:50:42","slug":"cabinetul-grindeanu-si-a-intrat-oficial-in-functie-klaus-iohannis-va-promit-ca-o-sa-ne-vedem-mai-des","status":"publish","type":"post","link":"https:\/\/analyse.optim.biz\/?p=151640","title":{"rendered":"Cabinetul Grindeanu \u0219i-a intrat oficial \u00een func\u021bie. Klaus Iohannis: \u201eV\u0103 promit c\u0103 o s\u0103 ne vedem mai des!\u201d"},"content":{"rendered":"<div class=\"entry data-app-meta data-app-meta-article\" data-embed-base-url-canonical=\"https:\/\/www.digi24.ro\/embed\/stiri\/actualitate\/politica\/astazi-este-investit-guvernul-grindeanu-cum-vor-decurge-audierile-votul-si-depunerea-juramantului-642988\">\n<p data-index=\"1\"><strong>Rom\u00e2nia are un nou guvern. Sorin Grindeanu (PSD) este al 13-lea prim-ministru al Rom\u00e2niei din ultimii 27 de ani (f\u0103r\u0103 a pune la socoteal\u0103 premierii interimari). \u00cen to\u021bi ace\u0219ti ani, pe la Palatul Victoria au trecut mai multe formule guvernamentale. <a href=\"https:\/\/www.digi24.ro\/stiri\/actualitate\/politica\/lista-ministrilor-din-cabinetul-sorin-grindeanu-642666\" target=\"_blank\" data-skip-linkfix=\"1\" rel=\"noopener\">Noul cabinet<\/a>\u00a0are 27 de membri, dar nu are emo\u021bii. Pe l\u00e2ng\u0103 majoritatea confortabil\u0103 pe care coali\u0163ia PSD-ALDE o are \u00een Parlament, cele dou\u0103 partide \u015fi-au asigurat \u015fi voturile UDMR \u015fi cele din partea celorlalte minorit\u0103\u0163i. \u00cen schimb, PNL, USR \u015fi PMP s-au declarat adversari ai viitorului Executiv.\u00a0<\/strong><\/p>\n<figure class=\"article-thumb\"><img decoding=\"async\" src=\"https:\/\/analyse.optim.biz\/wp-content\/uploads\/2024\/09\/agfzad1lyzhhyjc0yjq4ymeznzazztu5ymrjnjnhodzlmzniyq-thumb_.jpg\" alt=\"170104_JURAMANT - COTROCENI_GUVERN_00_INQUAM_Octav_Ganea\" data-skip-htmlfix=\"1\" title=\"agfzad1lyzhhyjc0yjq4ymeznzazztu5ymrjnjnhodzlmzniyq-thumb_\"><figcaption> Foto: Inquam Photos\/ Octav Ganea <\/figcaption><\/figure>\n<p data-index=\"2\"><strong>ACTUALIZARE 21:00<\/strong> Premierul Sorin Grindeanu se desparte de Liviu Dragnea \u0219i de C\u0103lin Popescu-T\u0103riceanu \u0219i, sub privirile lor, intr\u0103 \u00een prima \u0219edin\u021b\u0103 pe care o conduce din noua calitate de \u0219ef al executivului. Iat\u0103 momentul:<\/p>\n<p data-index=\"3\"><strong>ACTUALIZARE 20:00<\/strong> Membrii executivului condus de Sorin Grindeanu au ajuns la sediul Guvernului, unde erau a\u0219tepta\u021bi de fostul premier Dacian Ciolo\u0219. Primul care a intrat \u00een Guvern a fost Liviu Dragnea.<\/p>\n<p data-index=\"4\">Membrii guvernului Grindeanu au venit la Palatul Victoria cu trei microbuze \u00een care se aflau \u015fi pre\u015fedin\u0163ii celor dou\u0103 Camere ale Parlamentului, Liviu Dragnea \u015fi C\u0103lin Popescu-T\u0103riceanu. <strong>Unul dintre mini\u015ftri, Toma Petcu, ministrul Energiei, s-a \u00eempiedicat \u015fi a c\u0103zut pe treptele de la intrarea \u00een Guvern<\/strong>, potrivit News.ro. \u00a0El\u00a0a reu\u015fit s\u0103 se ridice repede.\u00a0<\/p>\n<figure class=\"article-thumb\"><img decoding=\"async\" src=\"https:\/\/analyse.optim.biz\/wp-content\/uploads\/2024\/09\/yxnopwzhmjc4mwexm2u2zgy5ztczmjnmndflnjbhytnmyje1-thumb_.jpg\" alt=\"toma petcu - 170104_AUDIERI_CABINET_GRINDEANU_00_INQUAM\" data-skip-htmlfix=\"1\" title=\"yxnopwzhmjc4mwexm2u2zgy5ztczmjnmndflnjbhytnmyje1-thumb_\"><figcaption> Foto: Inquam Photos <\/figcaption><\/figure>\n<p data-index=\"5\">Programat\u0103 ini\u0163ial pentru ora 21:00, prima \u015fedin\u0163\u0103 a guvernului Grindeanu a fost devansat\u0103 cu jum\u0103tate de or\u0103.<\/p>\n<p data-index=\"6\"><strong>ACTUALIZARE 19:30<\/strong>. Dup\u0103 ce to\u021bi membrii Cabinetului Grindeanu au depus jur\u0103m\u00e2ntul, pre\u0219edintele Klaus Iohannis a sus\u021binut un discurs pe un ton foarte sobru, \u00een care le-a spus mini\u0219trilor c\u0103 sper\u0103 s\u0103-\u0219i \u00eendeplineasc\u0103 promisiunile electorale \u0219i sper\u0103 ca \u201e\u00eentr-o bun\u0103 zi\u201d s\u0103-i explice cum se vor \u00eencadra \u00een deficitul bugetar de 3 la sut\u0103, cu toate cre\u0219terile de salarii \u0219i sc\u0103derile de impozit \u0219i TVA pe care doresc s\u0103 le fac\u0103. \u201eS\u0103 ave\u021bi grij\u0103 ca economia Rom\u00e2niei s\u0103 creasc\u0103\u201d, i-a aten\u021bionat Klaus Iohannis.<\/p>\n<p data-index=\"7\">La sf\u00e2r\u0219it, adres\u00e2ndu-se lui Liviu Dragnea, prezent la ceremonie \u00een calitate de pre\u0219edinte al Camerei Deputa\u021bilor, pre\u0219edintele, z\u00e2mbind u\u0219or, i-a spus, folosind perfectul simplu (timp specific Olteniei): <strong>\u201eAflar\u0103m de la televizor c\u0103 dvs sunte\u021bi singurul care \u0219ti\u021bi programul de guvernare din scoar\u021b\u0103 \u00een scoar\u021b\u0103. V\u0103 rog frumos \u00eenv\u0103\u021ba\u021bi-i \u0219i pe ei!\u201d<\/strong> (pe membrii guvernului &#8211; n.r.).<\/p>\n<p data-index=\"8\"><strong>\u201eV\u0103 promit c\u0103 o s\u0103 ne vedem mai des!\u201d,<\/strong> le-a spus \u00een \u00eencheiere pre\u0219edintele membrilor Cabinetului Grindeanu, o posibil\u0103 aluzie la faptul c\u0103 ar putea participa la \u0219edin\u021bele de guvern. \u0218eful statului are aceast\u0103 prerogativ\u0103, iar atunci c\u00e2nd merge la \u0219edin\u021bele de guvern le \u0219i conduce.<\/p>\n<p data-index=\"9\">Discursul integral, <strong><a href=\"https:\/\/www.digi24.ro\/stiri\/actualitate\/politica\/klaus-iohannis-aspru-si-ironic-la-juramantul-ministrilor-dle-dragnea-va-rog-eu-frumos-invatati-i-si-pe-ei-643702\" target=\"_blank\" data-skip-linkfix=\"1\" rel=\"noopener\">aici<\/a><\/strong>.<\/p>\n<hr>\n<p data-index=\"10\"><strong>ACTUALIZARE 19:00<\/strong> Ceremonia de la Palatul Cotroceni a \u00eenceput cu intonarea imunului de stat, dup\u0103 care mini\u0219trii au \u00eenceput s\u0103 rosteasc\u0103 jur\u0103m\u00e2ntul. Primul a fost premierul Sorin Grindeanu.<\/p>\n<p data-index=\"11\"><strong>ACTUALIZARE 18.45. Membrii noului Guvern, \u00eenvestit de Parlament, au ajuns la Cotroceni.<\/strong><\/p>\n<p data-index=\"12\"><strong>ACTUALIZARE 17.45. GUVERNUL A TRECUT \u00ceN PARLAMENT CU 295\u00a0DE VOTURI PENTRU \u015eI 133 VOTURI \u00ceMPOTRIV\u0102.\u00a0<\/strong><\/p>\n<p data-index=\"13\"><strong>Noul executiv depune jur\u0103m\u00e2ntul de credin\u0163\u0103 la Palatul Cotroceni, la ora 19:00.<\/strong><\/p>\n<p data-index=\"14\"><strong>Citi\u0163i \u015fi:<\/strong><\/p>\n<p data-index=\"15\"><strong><span lang=\"ro-RO\"><a href=\"https:\/\/www.digi24.ro\/stiri\/actualitate\/politica\/audiere-pe-repede-inainte-a-andreei-pastarnac-doamna-nu-a-raspuns-la-nicio-intrebare-din-cele-28-643227\" target=\"_blank\" data-skip-linkfix=\"1\" rel=\"noopener\">Audiere pe repede \u00eenainte a Andreei P\u0103st\u00e2rnac: &#8220;Doamna nu a r\u0103spuns la nicio \u00eentrebare din cele 28&#8221;<\/a><\/span><\/strong><\/p>\n<p data-index=\"16\"><strong><span lang=\"ro-RO\"><a href=\"https:\/\/www.digi24.ro\/stiri\/actualitate\/politica\/ministrul-propus-al-educatiei-sunt-oameni-care-din-nastere-nu-pot-lua-un-bacalaureat-643449\" target=\"_blank\" data-skip-linkfix=\"1\" rel=\"noopener\">Ministrul propus al Educa\u0163iei: Sunt oameni care din na\u015ftere nu pot lua un Bacalaureat<\/a><\/span><\/strong><\/p>\n<p data-index=\"17\"><strong><span lang=\"ro-RO\"><a href=\"https:\/\/www.digi24.ro\/stiri\/actualitate\/sanatate\/rafuiala-liberala-la-audierea-ministrului-sanatatii-643556\" target=\"_blank\" data-skip-linkfix=\"1\" rel=\"noopener\">Un deputat PNL sus\u0163ine c\u0103 un coleg liberal i-a cerut s\u0103 nu-i mai pun\u0103 &#8220;\u00eentreb\u0103ri t\u00e2mpite&#8221; ministrului PSD<\/a><\/span><\/strong><\/p>\n<p data-index=\"18\"><strong><a href=\"https:\/\/www.digi24.ro\/stiri\/actualitate\/politica\/olguta-vasilescu-pusa-in-dificultate-de-o-intrebare-a-jurnalistilor-643490\" target=\"_blank\" data-skip-linkfix=\"1\" rel=\"noopener\"><span lang=\"ro-RO\">Olgu\u0163a Vasilescu, pus\u0103 \u00een dificultate de o \u00eentrebare a jurnali\u015ftilor<\/span><\/a><\/strong><\/p>\n<p data-index=\"19\"><strong><span lang=\"ro-RO\"><a href=\"https:\/\/www.digi24.ro\/stiri\/actualitate\/politica\/ministrul-propus-al-sanatatii-a-dat-in-judecata-ministerul-educatiei-643428\" target=\"_blank\" data-skip-linkfix=\"1\" rel=\"noopener\">Ministrul propus al S\u0103n\u0103t\u0103\u0163ii a dat \u00een judecat\u0103 Ministerul Educa\u0163iei<\/a><\/span><\/strong><\/p>\n<p data-index=\"20\"><strong><span lang=\"ro-RO\"><a href=\"https:\/\/www.digi24.ro\/stiri\/actualitate\/politica\/petre-daea-avizat-pentru-agricultura-filosofii-despre-timp-si-existenta-643344\" target=\"_blank\" data-skip-linkfix=\"1\" rel=\"noopener\">Petre Daea, avizat pentru Agricultur\u0103: Sper ca mintea s\u0103 m\u0103 \u0163in\u0103 \u00een stare s\u0103 nu fac gre\u015feli<\/a><\/span><\/strong><\/p>\n<p data-index=\"21\"><strong><span lang=\"ro-RO\"><a href=\"https:\/\/www.digi24.ro\/stiri\/actualitate\/politica\/ana-birchall-in-comisii-romania-este-gradina-maicii-domnului-presedintia-ue-este-urmatorul-proiect-de-tara-643210\" target=\"_blank\" data-skip-linkfix=\"1\" rel=\"noopener\">Ana Birchall, \u00een comisii: Rom\u00e2nia este gr\u0103dina Maicii Domnului. Pre\u015fedin\u0163ia UE este urm\u0103torul proiect de \u0163ar\u0103<\/a><\/span><\/strong><\/p>\n<p data-index=\"22\"><strong><span lang=\"ro-RO\"><a href=\"https:\/\/www.digi24.ro\/stiri\/actualitate\/politica\/ionut-vulpescu-episoade-de-tipul-cumintenia-pamantului-sa-nu-mai-aiba-loc-643326\" target=\"_blank\" data-skip-linkfix=\"1\" rel=\"noopener\">Ionu\u0163 Vulpescu: Episoade de tipul \u00abCumin\u0163enia P\u0103m\u00e2ntului\u00bb s\u0103 nu mai aib\u0103 loc!<\/a><\/span><\/strong><\/p>\n<p data-index=\"23\"><strong><span lang=\"ro-RO\"><a href=\"https:\/\/www.digi24.ro\/stiri\/actualitate\/justitie\/florin-iordache-voi-propune-revederea-codului-penal-si-a-codului-de-procedura-penala-planuri-si-cu-procurorii-643353\" target=\"_blank\" data-skip-linkfix=\"1\" rel=\"noopener\">Iordache: Vor fi rev\u0103zute Codul Penal \u015fi Codul de Procedur\u0103 Penal\u0103. Amnistia, \u201eun subiect ce trebuie discutat\u201d<\/a><\/span><\/strong><\/p>\n<p data-index=\"24\"><strong><span lang=\"ro-RO\"><a href=\"https:\/\/www.digi24.ro\/stiri\/actualitate\/politica\/carmen-dan-avizata-pentru-interne-asa-cum-ma-cunosc-nu-am-de-ce-sa-fiu-acuzata-643254\" target=\"_blank\" data-skip-linkfix=\"1\" rel=\"noopener\">Carmen Dan, avizat\u0103 pentru Interne: A\u015fa cum m\u0103 cunosc, nu am de ce s\u0103 fiu acuzat\u0103<\/a><\/span><\/strong><\/p>\n<p data-index=\"25\"><strong><span lang=\"ro-RO\"><a href=\"https:\/\/www.digi24.ro\/stiri\/actualitate\/politica\/sotia-unui-ranit-colectiv-o-acuza-de-minciuna-pe-andreea-pastarnac-nu-a-ajutat-in-niciun-fel-643238\" target=\"_blank\" data-skip-linkfix=\"1\" rel=\"noopener\">So\u0163ia unui r\u0103nit Colectiv o acuz\u0103 de minciun\u0103 pe Andreea P\u0103st\u00e2rnac: Nu a ajutat \u00een niciun fel<\/a><\/span><\/strong><\/p>\n<p data-index=\"26\"><strong><span lang=\"ro-RO\"><a href=\"https:\/\/www.digi24.ro\/stiri\/actualitate\/politica\/marius-dunca-ma-recomanda-experienta-dupa-colectiv-toata-lumea-mi-a-dat-dreptate-643214\" target=\"_blank\" data-skip-linkfix=\"1\" rel=\"noopener\">Marius Dunca: M\u0103 recomand\u0103 experien\u0163a, dup\u0103 Colectiv toat\u0103 lumea mi-a dat dreptate<\/a><\/span><\/strong><\/p>\n<p data-index=\"27\"><span lang=\"ro-RO\"><strong>ACTUALIZARE 17.20.<\/strong> &#8220;Componen\u021ba acestui guvern, sus\u021binut de PSD, ALDE \u0219i UDMR, este o palm\u0103 dat\u0103 poporului rom\u00e2n. Mul\u021bi oameni de bun\u0103-credin\u021b\u0103 au dat crezare promisiunilor PSD. Odat\u0103 terminat\u0103 campania electoral\u0103, PSD-ul \u00ee\u0219i arat\u0103 acum adev\u0103rata fa\u021b\u0103. Sfid\u0103toare, din p\u0103cate! Nu m\u0103 refer doar la faptul c\u0103 la multe propuneri din campanie PSD-ul deja a renun\u021bat. \u00cens\u0103 lista guvernului ne arat\u0103 un PSD incapabil de modernizare, feuda personal\u0103 a unui \u0219ef abuziv, care \u00eencearc\u0103 s\u0103 exercite puterea \u00een toat\u0103 Rom\u00e2nia, fix dup\u0103 cum a exercitat-o la Teleorman. Ce altceva este, dac\u0103 nu un uria\u0219 abuz de \u00eencredere &#8211; s\u0103 dai senza\u021bia tuturor cet\u0103\u021benilor, prin periplu la toate televiziunile, c\u0103 membrii Guvernului Rom\u00e2niei nu valoreaz\u0103 dou\u0103 parale \u0219i c\u0103 sunt, de fapt, interpu\u0219ii t\u0103i, c\u0103rora le trimi\u021bi \u00een plic de la partid ce decizii au de luat \u00een ziua respectiv\u0103? La 10 ani de la aderarea Rom\u00e2niei la Uniunea European\u0103, asta este tot ce poate oferi PSD-ul Rom\u00e2niei? Dac\u0103 mai existau persoane care se \u00eendoiau de capacitatea PSD de a trage Rom\u00e2nia \u00eenapoi, ast\u0103zi primesc dovada suprem\u0103 a viziunii de tip feudal pe care dl Liviu Dragnea \u0219i acest partid o ofer\u0103 Rom\u00e2niei&#8221;, a spus Turcan \u00een plenul Parlamentului, unde va fi dat votul de \u00eenvestitur\u0103 pentru premierul desemnat Sorin Grindeanu \u0219i guvern.<\/span><\/p>\n<p data-index=\"28\">Ea a precizat c\u0103 lista Cabinetului arat\u0103 &#8220;incapacitatea cronic\u0103 a PSD de a oferi o guvernare de tip european&#8221;.<\/p>\n<p data-index=\"29\">&#8220;Un guvern trebuie s\u0103 fie al unei \u021b\u0103ri. Acest Guvern nu va fi un guvern al Rom\u00e2niei, ci un guvern al domnului Dragnea. \u0218i niciodat\u0103 guvernul personal al domnului Dragnea nu va putea fi transformat \u00een guvernul european dorit de cet\u0103\u021benii rom\u00e2ni, la 100 de ani de la Marea Unire&#8221;, a declarat Turcan.<\/p>\n<p data-index=\"30\">Liberul liberalilor consider\u0103 c\u0103 acest guvern va avea o via\u021b\u0103 scurt\u0103.<\/p>\n<p data-index=\"31\">&#8220;PNL nu va vota acest Guvern, despre care credem c\u0103 va avea o via\u021b\u0103 scurt\u0103, dup\u0103 cum o via\u021b\u0103 scurt\u0103 a avut \u0219i imaginea cosmetizat\u0103 a PSD din campania electoral\u0103. Acest guvern nu \u00eentrune\u0219te standardele de competen\u021b\u0103, autonomie, transparen\u021b\u0103 dorite de majoritatea cet\u0103\u021benilor rom\u00e2ni \u00een acest moment. Acest guvern se va ocupa cu prioritate de satisfacerea intereselor domnului Dragnea, de sc\u0103parea ho\u021bilor \u0219i a plagiatorilor&#8221;, a afirmat Turcan.<\/p>\n<p data-index=\"32\">Ea a mai sus\u021binut c\u0103 noul ministru al Educa\u021biei a fost ales pentru a continua &#8220;politicile \u00eenvechite, de conservare a g\u0103\u0219tilor din sistem&#8221;.<\/p>\n<p data-index=\"33\">De asemenea, Turcan a afirmat c\u0103 prezen\u021ba lui Teodor Mele\u0219canu \u00een guvern este &#8220;sfid\u0103toare \u0219i reprezint\u0103 o palm\u0103 dat\u0103 poporului&#8221;.<\/p>\n<p data-index=\"34\">&#8220;Cu aceast\u0103 numire, ne-am l\u0103murit \u0219i cu privire la ata\u0219amentul real al domnului T\u0103riceanu fa\u021b\u0103 de drepturile fundamentale ale cet\u0103\u021benilor. Drepturile sunt bune doar c\u00e2nd ni se aplic\u0103 nou\u0103, libertatea are valoare doar c\u00e2nd ne prive\u0219te pe noi. Al\u021bii s\u0103 stea la coad\u0103 \u0219i s\u0103 fie umili\u021bi pentru drepturile lor. Este o palm\u0103 pe obrazul poporului rom\u00e2n s\u0103-l pui ministru de Externe pe cel care a \u00eendeplinit aceea\u0219i func\u021bie \u00een guvernul V\u0103c\u0103roiu \u0219i care este co-autor, \u00een 2014, al celei mai sfid\u0103toare \u00eenc\u0103lc\u0103ri a dreptului la vot al cet\u0103\u021benilor rom\u00e2ni care trudesc \u00een str\u0103in\u0103tate. S\u0103 nu se fi g\u0103sit o alt\u0103 propunere de om format \u00een democra\u021bie sau dl T\u0103riceanu are obliga\u021bii foarte mari fa\u021b\u0103 de dl Mele\u0219canu? Ar trebui s\u0103 \u0219tim care sunt acestea&#8221;, a mai spus pre\u0219edintele interimar al PNL.<\/p>\n<p data-index=\"35\"><strong>ACTUALIZARE 17.10.<\/strong> \u201eVrem ca investitorii s\u0103 g\u0103seasc\u0103 \u00een Rom\u00e2nia <span lang=\"ro-RO\">o for\u0163\u0103 de munc\u0103 bine calificat\u0103, nu prost pl\u0103tit\u0103.<\/span><\/p>\n<p data-index=\"36\"><span lang=\"ro-RO\">Avem \u00een vedere o cre\u015ftere a salariului minimim la 1450 de lei. <\/span><\/p>\n<p data-index=\"37\"><span lang=\"ro-RO\">Trebuie s\u0103 cre\u015ftem punctul de pensie astfel \u00eenc\u00e2t s\u0103 ajung\u0103 \u00een 2021 la 45 la sut\u0103 din salariul mediu pe economie. Vreau ca tinerii s\u0103 r\u0103m\u00e2n\u0103 acas\u0103 \u015fi s\u0103 poat\u0103 avea grij\u0103 de p\u0103rin\u0163i \u015fi bunici. <\/span><\/p>\n<p data-index=\"38\">Am cuprins \u00een program multe m\u0103suri care au ca scop stoparea exodului. Avem un program ambi\u0163ios pentru \u00eenfiin\u0163area a 10.000 de firme pe an.<\/p>\n<p data-index=\"39\">Am prev\u0103zut <span lang=\"ro-RO\">programul primul salariu care s\u0103 acorde garan\u0163ia unui salariu de 2500 de lei, iar la medicin\u0103 1200 de euro \u015fi 0 impozit pe venit.<\/span><\/p>\n<p data-index=\"40\"><span lang=\"ro-RO\">Pentru fiecare afec\u0163iune s\u0103 existe un medicament compensat 100%.<\/span><\/p>\n<p data-index=\"41\"><span lang=\"ro-RO\">M<\/span>ai avem \u00een vedere o majorare a salariilor bugetarilor cu 20% \u00eencep\u00e2nd cu 1 iulie.<\/p>\n<p data-index=\"42\"><span lang=\"ro-RO\">\u00ce\u0103n Rom\u00e2nia normal\u0103 s\u0103 ne propunem s\u0103 realiz\u0103m o autostrad\u0103 care s\u0103 traverseze Rom\u00e2nia de la est la vest, una care s\u0103 lege regiunile istorice.<\/span><\/p>\n<p data-index=\"43\"><span lang=\"ro-RO\">O Rom\u00e2nie normal\u0103 \u00eenseamn\u0103 o justi\u0163ie corect\u0103, un stat de drept echilibrat \u015fi func\u0163ional. Lupta cu corup\u0163ia \u015fi cei care fur\u0103 trebuie s\u0103 fie ferm\u0103, dar la fel de ferm\u0103 trebuie s\u0103 fie \u015fi projarera drepturilor omului\u201d, a declarat Sorin Grindeanu. <\/span><\/p>\n<p data-index=\"44\"><span lang=\"ro-RO\"><strong>ACTUALIZARE 15.15. \u015eedin\u0163a plenului reunit al Camerei Deputa\u0163ilor \u015fi Senatului a \u00eenceput,<\/strong> premierul desemnat, Sorin Grindeanu, urm\u00e2nd s\u0103 solicite votul de \u00eencredere al Parlamentului pentru lista mini\u015ftrilor \u015fi programul de guvernare.<\/span><\/p>\n<p data-index=\"45\">\u015eedin\u0163a este prezidat\u0103 de pre\u015fedin\u0163ii Camerei Deputa\u0163ilor \u015fi Senatului, Liviu Dragnea, respectiv C\u0103lin Popescu T\u0103riceanu.<\/p>\n<p data-index=\"46\">Pentru \u00eenvestirea noului Guvern este necesar votul majorit\u0103\u0163ii deputa\u0163ilor \u015fi senatorilor.<\/p>\n<p data-index=\"47\">La \u015fedin\u0163\u0103 \u015fi-au anun\u0163at prezen\u0163a 327 de parlamentari.<\/p>\n<p data-index=\"48\"><strong>ACTUALIZARE 14.20. Florin Iordache a fost avizat pozitiv pentru Ministerul Justi\u0163iei.<\/strong><\/p>\n<p data-index=\"49\"><strong>ACTUALIZARE 14.00. Olgu\u0163a Vasilescu a primit aviz pozitiv pentru Ministerul Muncii.<\/strong><\/p>\n<p data-index=\"50\"><strong><span lang=\"ro-RO\">ACTUALIZARE 13.40. Gra\u0163iela Gavrilescu a primit aviz pozitiv \u00een comisii pentru portofoliul de la rela\u0163ia cu Parlamentul.<\/span><\/strong><\/p>\n<p data-index=\"51\"><span lang=\"ro-RO\"> Ea a primit 26 de voturi pentru \u015fi zece \u00eempotriv\u0103.<\/span><\/p>\n<p data-index=\"52\"><strong>ACTUALIZARE 13.14.Pavel N\u0103stase, propus la Ministerul Educa\u0163iei, a primit aviz pozitiv.<\/strong><\/p>\n<p data-index=\"53\"><strong>ACTUALIZARE 13.00. Petre Daea, propus la Ministerul Agriculturii, a primit aviz favorbail \u00een comisii.<\/strong><\/p>\n<p data-index=\"54\"><strong>ACTUALIZARE 12.50. Sevil Shhaideh a trecut de comisia de specialitate pentru portofoliul Ministerului Dezvolt\u0103rii,<\/strong> cu 21 voturi pentru \u015fi 11 \u00eempotriv\u0103.<\/p>\n<p data-index=\"55\">Ea va fi \u015fi vicepremier \u00een cabinetul condus de Sorin Grindeanu.<\/p>\n<p data-index=\"56\"><strong>ACTUALIZARE 12.20.\u00a0Adriana Petcu, propus\u0103 pentru func\u021bia de ministru al Apelor \u0219i P\u0103durilor, a primit miercuri aviz favorabil<\/strong> din partea comisiilor reunite pentru Mediu din Parlament, cu 17 voturi pentru \u0219i 7 \u00eempotriv\u0103.<\/p>\n<p data-index=\"57\"><strong>ACTUALIZARE 11.42. Ionut Vulpescu, ministrul propus pentru portofoliul Culturii, a primit aviz favorabil.<\/strong><\/p>\n<p data-index=\"58\"><strong>ACTUALIZARE 11.41. Marius Dunca, ministrul propus pentru tineret \u015fi Sport a primit aviz pozitiv cu 22 voturi pentru.\u00a0<\/strong><\/p>\n<p data-index=\"59\"><strong>ACTUALIZARE 11.40. Daniel Constantin, ministrul propus al Mediului, a primit aviz pozitiv.<\/strong><\/p>\n<p data-index=\"60\"><strong>ACTUALIZARE 11.30.\u00a0Augustin Jianu, ministrul propus al Comunica\u021biilor \u0219i Societ\u0103\u021bii Informa\u021bionale, a primit miercuri aviz favorabil<\/strong> din partea Comisiei pentru tehnologia informa\u021biei \u0219i comunica\u021biilor din Camera Deputa\u021bilor, \u0219i, respectiv, Comisiei economice pentru industrii \u0219i servicii din Senat, cu 16 voturi pentru \u0219i 4 \u00eempotriv\u0103.<\/p>\n<p data-index=\"61\"><strong>ACTUALIZARE 10.55. Gabriel Le\u015f, <\/strong>propus la Ap\u0103rare, a primit aviz favorabil.\u00a0<\/p>\n<p data-index=\"62\">&#8220;S\u0103 continu\u0103m \u00eenzestrarea Armatei \u015fi, bine\u00een\u0163eles, \u00een perspectiva celor 2% (din PIB &#8211; n.r.) este nevoie de \u00eenzestrarea armatei pentru proiectele majore. S\u0103 nu uit\u0103m c\u0103 noi suntem beneficiari ai securit\u0103\u0163ii date de structurile NATO, dar trebuie s\u0103 fim \u015fi furnizori \u015fi trebuie s\u0103 fim capabili s\u0103 avem ni\u015fte capabilit\u0103\u0163i cerute&#8221;, a declarat\u00a0Gabriel Le\u015f, potrivit <a href=\"http:\/\/www.news.ro\/\" target=\"_blank\" data-skip-linkfix=\"1\" rel=\"noopener\">News.ro<\/a>.<\/p>\n<p data-index=\"63\">\u00centrebat ce planuri are pentru achizi\u0163ionarea unor noi avioane F16, Le\u015f a spus c\u0103 acest program va continua, fiind cuprins \u00een programul de \u00eenzestrare. \u00cen privin\u0163a noilor corvete, \u00een cazul c\u0103rora Liviu Dragnea \u015fi C\u0103lin Popescu T\u0103riceanu s-au ar\u0103tat \u00eempotriva construirii lor \u00een \u015fantierul de la Gala\u0163i, pe motiv c\u0103 acesta nu are capital rom\u00e2nesc, ci olandez, Le\u015f a afirmat c\u0103 navele &#8220;sunt prev\u0103zute ca necesitate&#8221; \u015fi se va vedea \u00een ce mod vor fi construite.<\/p>\n<p data-index=\"64\">&#8220;Care va fi solu\u0163ia, corvetele se vor face mai devreme sau mai t\u00e2rziu&#8221;, a spus el, \u00eentrebat despre blocarea \u00een Senat de c\u0103tre PSD-ALDE a proiectului Guvernului Ciolo\u015f.<\/p>\n<p data-index=\"65\">Le\u015f a fost \u00eentrebat \u015fi ce l-a recomandat ca ministru al Ap\u0103r\u0103rii, spun\u00e2nd c\u0103 el a lucrat ca secretar la stat la multe dintre proiectele de \u00eenzestrare a Armatei, inclusiv la modernizarea fregatelor \u015fi achizi\u0163ionarea aeronavelor F16.<\/p>\n<p data-index=\"66\"><strong>ACTUALIZARE 10.40. Ana Birchall, propus\u0103 ministru delegat pentru Afaceri Europene, a primit aviz pozitiv din<\/strong> partea comisiilor de specialitate ale Parlament, ea declar\u00e2nd c\u0103 urm\u0103torul proiect de \u0163ar\u0103 al Rom\u00e2niei, dup\u0103 \u201daderarea la UE \u015fi integrarea \u00een NATO\u201d, este asigurarea pre\u015fedin\u0163iei Uniunii Europene \u201dimediat dup\u0103 aniversarea centenarului Marii Uniri\u201d.<\/p>\n<p data-index=\"67\"><strong>ACTUALIZARE 10.39. R\u0103zvan Cuc, <\/strong>ministru propus pentru Transporturi, a primit aviz favorabil.<\/p>\n<p data-index=\"68\"><strong>ACTUALIZARE 10.30. Carmen Dan, <\/strong>propus\u0103 ministru\u00a0de Interne, a primit aviz favorabil dup\u0103 audierea \u00een Parlament.<\/p>\n<p data-index=\"69\"><strong>ACTUALIZARE 10.14.\u00a0<\/strong><span lang=\"ro-RO\"><strong>Andreea P\u0103st\u00e2rnac<\/strong>, propus\u0103 ministru delegat pentru Rom\u00e2nii de Pretutindeni, a fost audiat\u0103 de parlamentari \u0219i a primit avizul. <\/span><\/p>\n<p data-index=\"70\"><strong>ACTUALIZARE 10.07.<\/strong>\u00a0<span lang=\"ro-RO\"><strong>Mircea Dobre<\/strong>, propus ministrul Turismului, a fost audiat \u00een comisie \u0219i a primit aviz favorabil. <\/span><\/p>\n<p data-index=\"71\"><strong>ACTUALIZARE 9.42. Teodor Mele\u0219canu<\/strong> a primit aviz pozitiv din partea Comisiei pentru Politic\u0103 Extern\u0103.\u00a0<span lang=\"ro-RO\">Propus \u0219ef al diploma\u021biei, el a declarat la audierile din parlament c\u0103 are <a href=\"https:\/\/www.digi24.ro\/stiri\/actualitate\/politica\/prioritatile-lui-teodor-melescanu-la-mae-643076\" target=\"_blank\" data-skip-linkfix=\"1\" rel=\"noopener\"><strong>patru priorit\u0103\u021bi<\/strong><\/a>pentru mandatul s\u0103u la Ministerul Afacerilor Externe. <\/span><\/p>\n<p data-index=\"72\"><strong>ACTUALIZARE 9.35.<\/strong> Aviz pozitiv pentru<strong> Florin Jianu<\/strong> la Ministerul pentru Mediul de Afaceri.\u00a0<\/p>\n<p data-index=\"73\"><strong>ACTUALIZARE 9.30.\u00a0Florin Jianu<\/strong>, propus ministru pentru Mediul de Afaceri este audiat \u00een Comisia pentru Politic<span lang=\"ro-RO\">\u0103 Economic\u0103.<\/span><\/p>\n<p data-index=\"74\"><strong>ACTUALIZARE 9.12. <\/strong>Aviz pozitiv pentru<strong> Toma Petcu<\/strong>, la Ministerul Energiei \u0219i pentru <strong>Ana Birchall<\/strong>, propus\u0103 ministru pentru Afaceri Europene.<\/p>\n<p data-index=\"75\"><strong>ACTUALIZARE 9.00. Teodor Mele\u0219canu,<\/strong> propus \u0219ef al diploma\u021biei, este audiat \u00een Comisia pentru Politic\u0103 Extern\u0103.<strong>\u00a0<\/strong><\/p>\n<p data-index=\"76\"><strong>ACTUALIZARE 8.45. Toma Petcu, <\/strong>care ar urma s\u0103\u00a0ocupe portofoliul\u00a0<strong>Energiei, <\/strong>este audiat \u00een Comisia pentru Politic\u0103 Economic\u0103. Comisia a dat aviz pentru numirea lui <strong>Alexandru Petrescu<\/strong> la Ministerul Economiei.\u00a0<\/p>\n<p data-index=\"77\"><strong>ACTUALIZARE 8.34. Mihaela Toader <\/strong>a primit aviz favorabil din partea Comisiei pentru Afaceri Europene. Urmeaz\u0103 s\u0103 fie audiat\u0103 <strong>Ana Birchall, <\/strong>propus\u0103 ministru delegat pentru Afaceri Europene.<strong>\u00a0<\/strong>\u00a0<\/p>\n<p data-index=\"78\"><strong>ACTUALIZARE 8.10.<\/strong><strong>Mihaela Toader<\/strong>, propus\u0103 ministru pentru Fondurile Europene, este audiat\u0103 \u00een Comisia pentru Afaceri Europene.<\/p>\n<p data-index=\"79\">\u00cen Comisia pentru Politic\u0103 Economic\u0103 este audiat <strong>Alexandru Petrescu<\/strong>, propus ministru al Economiei. \u00a0<\/p>\n<p data-index=\"80\">____________________________________________<\/p>\n<p data-index=\"81\">Mini\u0219trii propu\u0219i s\u0103 fac\u0103 parte din noul executiv vor fi audia\u021bi ast\u0103zi \u00een comisiile parlamentare, apoi urmeaz\u0103 votul de \u00eenvestitur\u0103 \u00een plen. Sunt patru mari etape care ar trebui s\u0103 marcheze ziua de miercuri, 4 ianuarie:<\/p>\n<p data-index=\"82\">Mai \u00eent\u00e2i, va avea loc audierea mini\u015ftrilor \u00een comisiile parlamentare reunite de specialitate, \u00een intervalul orar 08:00 \u2013 14:00.<\/p>\n<p data-index=\"83\">Urmeaz\u0103 apoi votul de \u00eenvestitur\u0103 \u00een plenul reunit al Camerei Deputa\u0163ilor \u015fi Senatului (intervalul orar 15.00 \u2013 18.00)<\/p>\n<p data-index=\"84\">Noul executiv depune jur\u0103m\u00e2ntul de credin\u0163\u0103 la Palatul Cotroceni, la ora 19:00, iar la ora 21:00 este programat\u0103 deja prima \u015fedin\u0163\u0103 a noului guvern.<\/p>\n<p data-index=\"85\"><strong><a href=\"https:\/\/www.digi24.ro\/stiri\/actualitate\/politica\/lista-ministrilor-din-cabinetul-sorin-grindeanu-642666\" target=\"_blank\" data-skip-linkfix=\"1\" rel=\"noopener\">Cine sunt mini\u0219trii Guvernului Grindeanu<\/a><\/strong><\/p>\n<p data-index=\"86\">Ministerul de <strong>Finan\u0163e<\/strong> va fi condus de<strong> Viorel \u015etefan<\/strong>, pre\u015fedintele Comisiei de Buget-Finan\u0163e din Camera Deputa\u0163ilor. A mai fost \u00een c\u0103r\u0163i pentru preluarea aceluia\u015fi minister imediat dup\u0103 arestarea lui Darius V\u00e2lcov.<\/p>\n<p data-index=\"87\">Portofoliul de la<strong> Energie<\/strong> a fost adjudecat de ALDE care l-a desemnat pe <strong>Toma Petcu.<\/strong> Acesta recunoa\u015fte \u00een CV-ul s\u0103u c\u0103 poate asigura \u201emanagementul oric\u0103rui compartiment din cadrul unei companii, cu excep\u0163ia celui economic\u201d.<\/p>\n<p data-index=\"88\">La <strong>Ministerul Dezvolt\u0103rii<\/strong> a ajuns <strong>Sevil Shhaideh<\/strong>, care a mai ocupat aceast\u0103 func\u0163ie \u00een 2015. A fost prima nominalizare a PSD pentru func\u0163ia de premier, refuzat\u0103 de pre\u015fedinte din cauza unor probleme pe care le-ar avea so\u0163ul s\u0103u de origine sirian\u0103. Ea va avea \u0219i rang de vicepremier.<\/p>\n<p data-index=\"89\"><strong>Ministerul Economiei<\/strong> va fi condus de <strong>Alexandru Petrescu<\/strong>, actualul director general al Po\u015ftei Rom\u00e2ne. A fost pre\u015fedinte al Consiliului de Administra\u0163ie al CFR C\u0103l\u0103tori \u015fi a lucrat \u00een domeniul bancar \u00een Marea Britanie.<\/p>\n<p data-index=\"90\">Fost ministru \u00een guvernul N\u0103stase, <strong>Petre Daea<\/strong> ar urma s\u0103 preia portofoliul <strong>Agriculturii<\/strong>. De numele lui se leag\u0103 concesionarea Insulei Mari a Br\u0103ilei. Petre Daea e contestat \u015fi pentru c\u0103 a ini\u0163iat proiectul de lege privind pensiile speciale pentru parlamentari.<\/p>\n<p data-index=\"91\">Guvernul Grindeanu va avea \u015fi un minister pentru <strong>Mediul de Afaceri, Comer\u0163 \u015fi Antreprenoriat<\/strong> condus de <strong>Florin Jianu,<\/strong> \u00een prezent pre\u015fedintele Consiliului IMM-urilor.<\/p>\n<p data-index=\"92\">Primarul Craiovei <strong>Lia Olgu\u0163a Vasilescu<\/strong> va conduce <strong>Ministerul Muncii<\/strong>. \u00cen vara anului trecut, procurorii DNA au trimis-o \u00een judecat\u0103 pentru luare de mit\u0103 \u015fi sp\u0103lare de bani.<\/p>\n<p data-index=\"93\">Deputatul PSD <strong>R\u0103zvan Alexandru Cuc<\/strong> a ob\u0163inut portofoliul de la <strong>Transporturi<\/strong>, unde a fost secretar de stat.<\/p>\n<p data-index=\"94\"><span lang=\"ro-RO\"><strong>Ministerul Justi\u0163iei<\/strong> va fi condus de <strong>Florin Iordache<\/strong>, deputat de 16 ani \u015fi pre\u015fedintele interimar al Camerei Deputa\u0163ilor \u00een fosta legislatur\u0103. El se num\u0103r\u0103 printre ini\u0163iatorii proiectelor amnistiei \u015fi gra\u0163ierii, dar \u015fi de modificare a Codului Penal, ajunse \u00een Parlament \u00een a\u015fa-numita \u201eMar\u0163e neagr\u0103&#8221;.<\/span><\/p>\n<p data-index=\"95\"><strong>Gra\u0163iela Gavrilescu<\/strong> de la ALDE a primit <strong>Ministerul pentru Rela\u0163ia cu Parlamentul<\/strong>. A fost viceprimar al municipiului Ploie\u015fti \u00een perioada 2004 &#8211; 2007.<\/p>\n<p data-index=\"96\"><strong>Ministerul Mediului<\/strong> merge tot la ALDE. <strong>Daniel Constantin<\/strong> va prelua portofoliul, dar va avea \u015fi o func\u0163ie de vicepremier.<\/p>\n<p data-index=\"97\">Liderul Tineretului Social Democrat, <strong>Gabriel Petrea<\/strong>, va fi ministrul <strong>Consult\u0103rii Publice \u015fi Dialogului Social<\/strong>. \u00cen 2009, el a fost consilierul personal al Ministrului Educa\u0163iei.<\/p>\n<p data-index=\"98\"><strong>Fondurile Europene<\/strong> vor face parte din Ministerul Dezvolt\u0103rii, iar ministrul delegat este <strong>Mihaela Toader<\/strong>. Ea a fost director \u00een cadrul Ministerului Fondurilor Europene.<\/p>\n<p data-index=\"99\"><strong>Ministerul Educa\u0163iei<\/strong> va fi condus de <strong>Pavel N\u0103stase<\/strong>, pre\u015fedintele Senatului ASE din Bucure\u015fti.<\/p>\n<p data-index=\"100\">Mai apare <strong>Ministerul Cercet\u0103rii \u015fi Inov\u0103rii<\/strong>, desprins din Ministerul Educa\u0163iei. Institu\u0163ia \u00eel va avea \u00een frunte pe senatorul PSD <strong>\u015eerban Valeca<\/strong>. Din 2000 \u015fi p\u00e2n\u0103 \u00een 2004 a fost ministru delegat pentru cercetare.<\/p>\n<p data-index=\"101\"><strong>Teodor Mele\u015fcanu<\/strong> va fi din nou ministru de <strong>Externe.<\/strong> El a fost \u015fi director SIE timp de doi ani, dar \u015fi ministru al Ap\u0103r\u0103rii. \u00cen mandatul precedent, Teodor Melel\u015fcanu a plecat de la \u015fefia Externelor dup\u0103 scandalul votului din diaspora.<\/p>\n<p data-index=\"102\">Ministru delegat pentru <strong>Afaceri Europene<\/strong> va fi <strong>Ana Birchall<\/strong>, pre\u015fedintele Comisiei de Afaceri Europene din Camera Deputa\u0163ilor.<\/p>\n<p data-index=\"103\"><span lang=\"ro-RO\">Portofoliul de la <strong>Interne<\/strong> merge la <strong>Carmen Dan<\/strong>. \u00cen prezent este senator PSD \u015fi a fost prefect al jude\u0163ului Teleorman. Este prima femeie care va ocupa aceast\u0103 func\u021bie \u00een Rom\u00e2nia. Ce o recomand\u0103? Iat\u0103 ce spune Liviu Dragnea: \u201eE o femeie cinstit\u0103, are foarte mult\u0103 experien\u021b\u0103 \u00een administra\u021bie, ca prefect a gestionat foarte bine chestiunile legate de Inspectoratul pentru Situa\u021bii de Urgen\u021b\u0103\u201d. <\/span><\/p>\n<p data-index=\"104\">La <strong>Ap\u0103rare<\/strong> a fost ales <strong>Gabriel Le\u015f<\/strong>, fost secretar de stat \u00een MApN. El a fost viceprimar al municipiului Satu Mare \u015fi director APIA Satu Mare.<\/p>\n<p data-index=\"105\"><strong>Ionu\u0163 Vulpescu<\/strong> revine la <strong>Ministerul Culturii<\/strong>. Fostul consilier al lui Ion Iliescu a mai de\u0163inut acest portofoliu \u015fi \u00een cabinetul Ponta.<\/p>\n<p data-index=\"106\">Directorul Administra\u0163iei Bazinale de Ap\u0103 Buz\u0103u &#8211; Ialomi\u0163a,<strong> Adriana Petcu<\/strong>, a fost propus\u0103 pentru portofoliul <strong>Apelor \u015fi P\u0103durilor<\/strong>. \u00cen 2014, ea era declarat\u0103 incompatibil\u0103 de Agen\u0163ia Na\u0163ional\u0103 de integritate.<\/p>\n<p data-index=\"107\">\u00cen v\u00e2rst\u0103 de doar 30 de ani, <strong>Augustin Jianu<\/strong> este propus pentru <strong>Ministerul Comunica\u0163iilor \u015fi Societ\u0103\u0163ii Informa\u0163ionale<\/strong>.<\/p>\n<p data-index=\"108\"><strong>Florian Bodog<\/strong> &#8211; decanul Universit\u0103\u0163ii de Medicin\u0103 \u0219i Farmacie din Oradea &#8211; ar urma s\u0103 preia <strong>Ministerul S\u0103n\u0103t\u0103\u0163ii<\/strong>. \u00cen 2013, Consiliul Na\u0163ional de Atestare a Titlurilor a stabilit c\u0103 acesta de\u0163ine ilegal titlul de profesor \u015fi n-ar trebui s\u0103 aib\u0103 dreptul s\u0103 conduc\u0103 lucr\u0103ri pentru doctorate.<\/p>\n<p data-index=\"109\"><span lang=\"ro-RO\">Vicepre\u015fedinte al Tineretului Social- Democrat \u015fi fost \u015fef al ANPC, <strong>Marius Dunca<\/strong> e sus\u0163inut de PSD s\u0103 conduc\u0103 <strong>Ministerul Tineretului \u015fi Sportului<\/strong>. <\/span><\/p>\n<p data-index=\"110\"><strong>Ministerul Turismului<\/strong>, desprins din cel al Dezvolt\u0103rii, ar urma s\u0103 \u00eel aib\u0103 \u015fef pe <strong>Mircea Titus Dobre<\/strong>. El a fost vicepre\u015fedinte al Comisiei pentru comunit\u0103\u0163ile de rom\u00e2ni din afara grani\u0163elor.<\/p>\n<p data-index=\"111\">Fost ambasador al Rom\u00e2niei \u00een Israel, <strong>Andreea P\u0103st\u00e2rnac<\/strong> s-ar putea ocupa de soarta rom\u00e2nilor din <strong>Diaspora<\/strong>. Dup\u0103 incendiul din Colectiv, ea a fost acuzat\u0103 nu s-a interesat de soarta r\u0103ni\u0163ilor transfera\u0163i \u00een Israel.<\/p>\n<h6>Orarul audierilor \u00een comisii<\/h6>\n<p data-index=\"112\"><span>Comisia pentru afaceri europene<\/span><\/p>\n<p data-index=\"113\"><strong>Mihaela-Virginia Toader<\/strong> \u2013 8:00 &#8211; 8:30<\/p>\n<p data-index=\"114\"><strong>Ana Birchall<\/strong> \u2013 8:30 &#8211; 9:00<\/p>\n<p data-index=\"115\"><span>Comisiile economice<\/span> reunite \u015fi <span>Comisia pentru dezvoltare regional\u0103, administrarea activelor statului \u015fi privatizare<\/span> \u00eei va audia \u00eentre 08:00 \u0219i 11.00 pe:<\/p>\n<p data-index=\"116\"><strong>Alexandru Petrescu<\/strong> (8:00), <strong>Toma-Florin Petcu<\/strong> (8:30), <strong>Florin Jianu<\/strong> (9:00), <strong>Mircea-Titus Dobre<\/strong> (9:30), <strong>R\u0103zvan-Alexandru Cuc<\/strong> (10:00) \u015fi <strong>Augustin Jianu<\/strong> (10:30)<\/p>\n<p data-index=\"117\"><span>Comisiile de politic\u0103 extern\u0103 reunite<\/span><\/p>\n<p data-index=\"118\"><strong>Teodor Mele\u015fcanu<\/strong> \u2013 9:00<\/p>\n<p data-index=\"119\"><strong>Andreea P\u0103st\u00e2rnac<\/strong> \u2013 9:30<\/p>\n<p data-index=\"120\"><span>Comisiile reunite de ap\u0103rare<\/span><\/p>\n<p data-index=\"121\"><strong>Carmen-Daniel Dan<\/strong> \u2013 11:00<\/p>\n<p data-index=\"122\"><strong>Gabriel-Veniamin Le\u015f<\/strong> \u2013 11:30<\/p>\n<p data-index=\"123\"><span>Comisiile reunite pentru cultur\u0103<\/span><\/p>\n<p data-index=\"124\"><strong>Ioan Vulpescu<\/strong> \u2013 11:00<\/p>\n<p data-index=\"125\"><span>Comisiile reunite de educa\u0163ie<\/span><\/p>\n<p data-index=\"126\"><strong>Pavel N\u0103stase<\/strong> &#8211; 11:00<\/p>\n<p data-index=\"127\"><strong>\u015eerban-Constantin Valeca<\/strong> &#8211; 11:30<\/p>\n<p data-index=\"128\"><strong>Alexandru Dunca<\/strong> \u2013 12:00<\/p>\n<p data-index=\"129\"><span>Comisiile reunite pentru mediu<\/span><\/p>\n<p data-index=\"130\"><strong>Daniel Constantin<\/strong> \u2013 12:00<\/p>\n<p data-index=\"131\"><strong>Adriana Petcu<\/strong> -12:30<\/p>\n<p data-index=\"132\"><span>Comisiile pentru administra\u0163ie public\u0103, respectiv dezvoltare regional\u0103, administrarea activelor statului \u015fi privatizare<\/span><\/p>\n<p data-index=\"133\"><strong>Sevil Shhaideh<\/strong> \u2013 12:00<\/p>\n<p data-index=\"134\"><span>Comisiile reunite pentru agricultur\u0103<\/span><\/p>\n<p data-index=\"135\"><strong>Petre Daea<\/strong> &#8211; 12:30<\/p>\n<p data-index=\"136\"><span>Comisiile pentru buget<\/span><\/p>\n<p data-index=\"137\"><strong>Viorel \u015etefan<\/strong> -12:30<\/p>\n<p data-index=\"138\"><span>Comisiile reunite pentru s\u0103n\u0103tate<\/span><\/p>\n<p data-index=\"139\"><strong>Florian-Dorel Bodog<\/strong> \u2013 12:30<\/p>\n<p data-index=\"140\"><span>Comisiile juridice reunite<\/span><\/p>\n<p data-index=\"141\"><strong>Gra\u0163iela Leocadia Gavrilescu<\/strong> \u2013 13:00<\/p>\n<p data-index=\"142\"><strong>Florin Iordache<\/strong> \u2013 13:30<\/p>\n<p data-index=\"143\"><span>Comisiile reunite pentru munc\u0103<\/span><\/p>\n<p data-index=\"144\"><strong>Lia Olgu\u0163a Vasilescu<\/strong> \u2013 13:00<\/p>\n<p data-index=\"145\"><strong>Gabriel Petrea<\/strong> \u2013 14:00<\/p>\n<h6>Votul \u00een plen. Cine voteaz\u0103 \u00eempotriv\u0103<\/h6>\n<p data-index=\"146\"><span lang=\"ro-RO\">Dup\u0103 ce comisiile \u00ee\u0219i vor da avizul, se reune\u015fte plenul comun al Camerei Deputa\u0163ilor \u015fi Senatului, iar <\/span><span lang=\"en-US\">premierul desemnat <\/span><span lang=\"ro-RO\">prezint\u0103 programul de guvernare. <\/span><\/p>\n<p data-index=\"147\"><span lang=\"ro-RO\">Liderii tuturor partidelor parlamentare \u00ee\u015fi prezint\u0103 pozi\u0163ia fa\u0163\u0103 de guvernul propus: pro sau contra, iar premierul desemnat le r\u0103spunde.<\/span><\/p>\n<p data-index=\"148\"><span lang=\"ro-RO\">Abia apoi se trece la vot, cu bile. S<\/span><span lang=\"en-US\">e num<\/span><span lang=\"ro-RO\">\u0103r\u0103 voturile, <\/span><span lang=\"en-US\">se anun<\/span><span lang=\"ro-RO\">\u0163\u0103 rezultatul, iar <\/span><span lang=\"en-US\">premierul <\/span><span lang=\"ro-RO\">votat mai poate \u0163ine un discurs de mul\u0163umire.<\/span><\/p>\n<p data-index=\"149\">Pentru \u00eenvestire, g<strong>uvernul trebuie votat de majoritatea deputa\u0163ilor \u015fi senatorilor, adic\u0103 de <span>234 de parlamentari.<\/span><\/strong><\/p>\n<p data-index=\"150\"><span><strong>For\u021bele din Parlament: PSD \u2013 221 de parlamentari, PNL \u2013 99, USR \u2013 43, UDMR \u2013 30, ALDE \u2013 29, PMP \u2013 26.<\/strong><\/span><\/p>\n<p data-index=\"151\"><strong>Liberalii<\/strong> au anun\u021bat c\u0103 resping hot\u0103r\u00e2t cabinetul propus de PSD \u015fi ALDE. Printre altele, liderul interimar, Raluca Turcan, repro\u0219eaz\u0103 \u201eo schem\u0103 supradimensionat\u0103 a Guvernului, f\u0103cut\u0103 pentru clientela politic\u0103\u201d.<\/p>\n<p data-index=\"152\">Un anun\u0163 similar a venit \u015fi din partea liderului <strong>USR,<\/strong> Nicu\u015for Dan. \u201eFaptul c\u0103 Liviu Dragnea nu a avut curaj s\u0103 propun\u0103 mini\u015ftri profesioni\u015fti arat\u0103 de fapt sl\u0103biciunea pre\u015fedintelui PSD. Liviu Dragnea se teme c\u0103 ar fi putut pierde controlul asupra banilor publici din care \u00ee\u015fi \u00eentre\u0163ine puterea politic\u0103\u201d, spune Nicu\u0219or Dan.<\/p>\n<p data-index=\"153\">Liderii <strong>PMP<\/strong> s-au pl\u00e2ns mar\u021bi c\u0103 n-au avut timp s\u0103 studieze progamul de guvernare, pentru a da un vot \u00een cuno\u015ftin\u0163\u0103 de cauz\u0103. Cererea lor de a am\u00e2na dezbaterile \u00een plen a fost respins\u0103.<\/p>\n<p data-index=\"154\">\u201eNu po\u021bi ca la 5:30 s\u0103 prime\u0219ti 170 de pagini m\u00e2ine la 8:00 s\u0103 te prezin\u021bi pentru audieri. E o sfidare marca PSD-ALDE\u201d, a spus Eugen Tomac, pre\u0219edintele executiv al PMP.<\/p>\n<p data-index=\"155\">\u201eProgramul nu poate s\u0103 fie de o pagin\u0103, ca la guvernul tehnocrat. Unii dintre colegii no\u0219tri trebuie s\u0103 \u00een\u021beleag\u0103 c\u0103 trebuie s\u0103 fac\u0103 un efort intelectual ceva mai mare\u201d, a replicat liderul ALDE, C\u0103lin Popescu-T\u0103riceanu.<\/p>\n<p data-index=\"156\">Coali\u0163ia PSD-ALDE \u015fi-a asigurat, \u00een schimb, voturile <strong>UDMR<\/strong>.<\/p>\n<p data-index=\"157\">\u201eAm propus s\u0103 existe o strunctur\u0103 \u00een Ministerul Culturii, care se va ocupa de minorit\u0103\u021bile etnice \u0219i protec\u021bia identit\u0103\u021bii lor \u0219i a culturii minorit\u0103\u021bilor etnice. R\u0103spunsul a fost pozitiv (&#8230;) Vom vota programul de guvernare, vom vota guvernul condus de Sorin Grindeanu. R\u0103spunsul a fost pozitiv\u201d, a anun\u021bat liderul UDMR, Kelemen Hunor.<\/p>\n<p data-index=\"158\">Cei 17 deputa\u0163i ai <strong>minorit\u0103\u0163ilor na\u0163ionale<\/strong>, altele dec\u00e2t cea maghiar\u0103, vor vota \u015fi ei pentru \u00eenvestirea Guvernului.<\/p>\n<h6>Jur\u0103m\u00e2nt pe Constitu\u021bie<\/h6>\n<p data-index=\"159\"><span lang=\"en-US\">Cabinetul va merge apoi la Palatul Cotroceni (ora 19:00) pentru a depune jur\u0103m\u00e2ntul \u00een fa\u021ba pre\u0219edintelui. Constitu\u021bia prevede c\u0103 prim-ministrul, mini\u015ftrii \u015fi ceilal\u0163i membri ai Guvernului vor depune individual, \u00een fa\u0163a Pre\u015fedintelui Rom\u00e2niei, jur\u0103m\u00e2ntul de la articolul 82: ,<em><strong>,Jur s\u0103-mi d\u0103ruiesc toat\u0103 puterea \u015fi priceperea pentru prop\u0103\u015firea spiritual\u0103 \u015fi material\u0103 a poporului rom\u00e2n, s\u0103 respect Constitu\u0163ia \u015fi legile \u0163\u0103rii, s\u0103 ap\u0103r democra\u0163ia, drepturile \u015fi libert\u0103\u0163ile fundamentale ale cet\u0103\u0163enilor, suveranitatea, independen\u0163a, unitatea \u015fi integritatea teritorial\u0103 a Rom\u00e2niei. A\u015fa s\u0103-mi ajute Dumnezeu!<\/strong><\/em>&#8220;<\/span><\/p>\n<p data-index=\"160\"><span lang=\"en-US\">Guvernul \u00een \u00eentregul s\u0103u \u015fi fiecare membru \u00een parte \u00ee\u015fi exercit\u0103 mandatul \u00eencep\u00e2nd de la data depunerii jur\u0103m\u00e2ntului. Ca urmare, imediat dup\u0103 ce vor pleca de la Cotroceni, membrii executivului au de g\u00e2nd s\u0103 se reuneasc\u0103 la Palatul Victoria \u00een prima \u0219edin\u021b\u0103 de guvern, unde s\u0103 adopte primele m\u0103suri ale Guvernului Grindeanu.<\/span><\/p>\n<\/div>\n<p> Source URL: https:\/\/www.digi24.ro\/stiri\/actualitate\/politica\/astazi-este-investit-guvernul-grindeanu-cum-vor-decurge-audierile-votul-si-depunerea-juramantului-642988<\/p>\n","protected":false},"excerpt":{"rendered":"<p>Rom\u00e2nia are un nou guvern. Sorin Grindeanu (PSD) este al 13-lea prim-ministru al Rom\u00e2niei din ultimii 27 de ani (f\u0103r\u0103 a pune la socoteal\u0103 premierii interimari). \u00cen to\u021bi ace\u0219ti ani, pe la Palatul Victoria au trecut mai multe formule guvernamentale. Noul cabinet\u00a0are 27 de membri, dar nu are emo\u021bii. Pe l\u00e2ng\u0103 majoritatea confortabil\u0103 pe care [&hellip;]<\/p>\n","protected":false},"author":1,"featured_media":151641,"comment_status":"open","ping_status":"","sticky":false,"template":"","format":"standard","meta":{"footnotes":""},"categories":[2],"tags":[11],"class_list":["post-151640","post","type-post","status-publish","format-standard","has-post-thumbnail","hentry","category-politics","tag-digi24"],"_links":{"self":[{"href":"https:\/\/analyse.optim.biz\/index.php?rest_route=\/wp\/v2\/posts\/151640","targetHints":{"allow":["GET"]}}],"collection":[{"href":"https:\/\/analyse.optim.biz\/index.php?rest_route=\/wp\/v2\/posts"}],"about":[{"href":"https:\/\/analyse.optim.biz\/index.php?rest_route=\/wp\/v2\/types\/post"}],"author":[{"embeddable":true,"href":"https:\/\/analyse.optim.biz\/index.php?rest_route=\/wp\/v2\/users\/1"}],"replies":[{"embeddable":true,"href":"https:\/\/analyse.optim.biz\/index.php?rest_route=%2Fwp%2Fv2%2Fcomments&post=151640"}],"version-history":[{"count":0,"href":"https:\/\/analyse.optim.biz\/index.php?rest_route=\/wp\/v2\/posts\/151640\/revisions"}],"wp:featuredmedia":[{"embeddable":true,"href":"https:\/\/analyse.optim.biz\/index.php?rest_route=\/wp\/v2\/media\/151641"}],"wp:attachment":[{"href":"https:\/\/analyse.optim.biz\/index.php?rest_route=%2Fwp%2Fv2%2Fmedia&parent=151640"}],"wp:term":[{"taxonomy":"category","embeddable":true,"href":"https:\/\/analyse.optim.biz\/index.php?rest_route=%2Fwp%2Fv2%2Fcategories&post=151640"},{"taxonomy":"post_tag","embeddable":true,"href":"https:\/\/analyse.optim.biz\/index.php?rest_route=%2Fwp%2Fv2%2Ftags&post=151640"}],"curies":[{"name":"wp","href":"https:\/\/api.w.org\/{rel}","templated":true}]}}