{"id":151618,"date":"2017-01-04T20:46:40","date_gmt":"2017-01-04T17:46:40","guid":{"rendered":"https:\/\/analyse.optim.biz\/?p=151618"},"modified":"2017-01-04T20:46:40","modified_gmt":"2017-01-04T17:46:40","slug":"lia-o-vasilescu-nu-a-jurat-cu-mana-pe-biblie-la-investire","status":"publish","type":"post","link":"https:\/\/analyse.optim.biz\/?p=151618","title":{"rendered":"Lia O. Vasilescu nu a jurat cu m\u00e2na pe Biblie la \u00eenvestire"},"content":{"rendered":"<div class=\"entry data-app-meta data-app-meta-article\" data-embed-base-url-canonical=\"https:\/\/www.digi24.ro\/embed\/stiri\/actualitate\/politica\/lia-o-vasilescu-nu-a-jurat-cu-mana-pe-biblie-la-investire-643683\">\n<p data-index=\"1\"><strong>Ceremonie de \u00eenvestire a mini\u0219trilor din Guvernul Grindeanu atipic\u0103 la Palatul Cotroceni. Lia Olgu\u021ba Vasilescu nu a pus m\u00e2na pe Biblie atunci c\u00e2nd a depus jur\u0103m\u00e2ntul pentru \u00eenvestirea \u00een func\u021bia de ministru al Muncii. Cutuma este ca atunci c\u00e2nd mini\u0219trii sunt \u00eenvesti\u021bi \u00een func\u021bie s\u0103 rosteasc\u0103 jur\u0103m\u00e2ntul cu m\u00e2na pe Biblie \u0219i pe Constitu\u021bie.\u00a0Lia Olgu\u021ba Vasilescu a demisionat \u00een urm\u0103 cu scurt timp de la Prim\u0103ria Craiovei pentru a-\u0219i exercita func\u021bia de ministru.<\/strong><\/p>\n<p data-index=\"2\">Tot la ceremonia de \u00eenvestire, \u0218tefan Viorel, noul ministru al Finan\u021belor, a fost at\u00e2t de ner\u0103bd\u0103tor dup\u0103 jur\u0103m\u00e2nt s\u0103 dea m\u00e2na cu pre\u0219edintele \u00eenc\u00e2t a uitat s\u0103 semneze decretul de \u00eenvestire. I s-a atras aten\u021bia rapid \u0219i situa\u021bia a fost remediat\u0103.\u00a0<\/p>\n<p data-index=\"3\">Dup\u0103 ce to\u021bi mini\u0219trii au depus jur\u0103m\u00e2ntul a urmat discursul pre\u0219edintelui Klaus Iohannis care a fost pres\u0103rat cu ironii referitoare la programul de guvernare al coali\u021biei de guvernare \u0219i la adresa<a href=\"https:\/\/www.digi24.ro\/stiri\/actualitate\/politica\/astazi-este-investit-guvernul-grindeanu-cum-vor-decurge-audierile-votul-si-depunerea-juramantului-642988\" target=\"_blank\" data-skip-linkfix=\"1\" rel=\"noopener\"> liderului social-democra\u021bilor, Liviu Dragnea<\/a>. Pre\u0219edintele i-a \u00eendemnat pe noii mini\u0219tri s\u0103 sus\u021bin\u0103 lupta anticorup\u021bie \u0219i s\u0103 vegheze ca justi\u021bia s\u0103 r\u0103m\u00e2n\u0103 independent\u0103. De asemenea, \u0219eful statului a spus c\u0103 a\u0219teapt\u0103 s\u0103 \u00eei explice\u00a0cum vor ajunge la deficit bugetar de 3 la sut\u0103, cum vor cre\u015fte salariile, cum vor sc\u0103dea impozitul, TVA \u015fi multe alte lucruri<\/p>\n<p data-index=\"4\"><em>\u201eTrebuie s\u0103 livra\u0163i ceea ce a fost promis \u00een campania electoral\u0103. Campania electoral\u0103 nu e doar un circ mediatic, sau poate c\u0103 este (&#8230;) De asta a\u0163i fost vota\u0163i \u015fi asta trebui s\u0103 livreze Guvernul. Sper ca \u00eentr-o zi s\u0103 \u00eemi eplica\u0163i cum ve\u0163i face astfel \u00eenc\u00e2t s\u0103 v\u0103 \u00eencadra\u0163i \u00een deficit bugetar de 3%, s\u0103 cre\u015fte\u0163i salariile, s\u0103 sc\u0103de\u0163i impozitele, TVA \u015fi multe alte lucruri&#8221;,<\/em> a afirmat pre\u015fedintele.<\/p>\n<p data-index=\"5\">De asemenea, \u00een mod normal, la finalul depunerii jur\u0103mintelor \u0219i discursului pre\u0219edintelui ar fi trebuit s\u0103 fie un moment festiv, \u00een care noii mini\u0219tri \u0219i pre\u0219edintele s\u0103 ciocneasc\u0103 un pahar de \u0219ampanie. La Palatul Cotroceni nu a fost preg\u0103tit nimic \u00een acest sens, astfel c\u0103 mini\u0219trii s-au pozat pe r\u00e2nd cu Klaus Iohannis, care a p\u0103r\u0103sit imediat sala, \u0219i apoi cu Liviu Dragnea.\u00a0<\/p>\n<p data-index=\"6\">Deschide\u021bi galeria foto pentru a vedea mai multe imagini de la ceremonia de \u00eenvestire a Guvernului Grindeanu (click pe prima fotografie). Sursa fotografiilor: Inquam\/ Octav Ganea<\/p>\n<p data-index=\"7\">\n<figure class=\"article-thumb article-thumb-gallery article-thumb-gallery-alt\"><a href=\"https:\/\/www.digi24.ro\/galerie-foto\/1\/stiri\/actualitate\/politica\/lia-o-vasilescu-nu-a-jurat-cu-mana-pe-biblie-la-investire-643683\" data-skip-linkfix=\"1\"><img decoding=\"async\" src=\"https:\/\/analyse.optim.biz\/wp-content\/uploads\/2024\/09\/ad0ymtfizda3nmfjmgqymgzhnta3zdu4ymezzdk1owu5nw-thumb_.jpg\" alt=\"Foto: Inquam Photos\/ Octav Ganea\" data-skip-htmlfix=\"1\" title=\"ad0ymtfizda3nmfjmgqymgzhnta3zdu4ymezzdk1owu5nw-thumb_\"><figcaption>Foto: Inquam Photos\/ Octav Ganea<\/figcaption><\/a><\/p>\n<div class=\"read-more-cta\"><a href=\"https:\/\/www.digi24.ro\/galerie-foto\/1\/stiri\/actualitate\/politica\/lia-o-vasilescu-nu-a-jurat-cu-mana-pe-biblie-la-investire-643683\" title=\"Deschide galeria foto\" class=\"read-more\" data-skip-linkfix=\"1\">Deschide galeria foto<\/a><\/div>\n<\/figure>\n<div class=\"swiper-gallery-nav article-thumb\">\n<div class=\"swiper-container\">\n<div class=\"swiper-wrapper\"><a href=\"https:\/\/www.digi24.ro\/galerie-foto\/1\/stiri\/actualitate\/politica\/lia-o-vasilescu-nu-a-jurat-cu-mana-pe-biblie-la-investire-643683#1\" class=\"swiper-slide\" data-skip-linkfix=\"1\"><img decoding=\"async\" src=\"https:\/\/analyse.optim.biz\/wp-content\/uploads\/2024\/09\/ad1jogewzdi3nwu5njmxzdg5ztdmmde0zwq5zjg4owjhma-thumb_.jpg\" alt=\"Foto: Inquam Photos\/ Octav Ganea | Poza 1 din 10\" data-skip-htmlfix=\"1\" title=\"ad1jogewzdi3nwu5njmxzdg5ztdmmde0zwq5zjg4owjhma-thumb_\"><figcaption class=\"hide\">Foto: Inquam Photos\/ Octav Ganea<\/figcaption><\/a><a href=\"https:\/\/www.digi24.ro\/galerie-foto\/1\/stiri\/actualitate\/politica\/lia-o-vasilescu-nu-a-jurat-cu-mana-pe-biblie-la-investire-643683#2\" class=\"swiper-slide\" data-skip-linkfix=\"1\"><img decoding=\"async\" src=\"https:\/\/analyse.optim.biz\/wp-content\/uploads\/2024\/09\/ad0xndrizwvjndljmja4nwqxodu3yteyodizmjfhztnkmw-thumb_.jpg\" alt=\"Foto: Inquam Photos\/ Octav Ganea | Poza 2 din 10\" data-skip-htmlfix=\"1\" title=\"ad0xndrizwvjndljmja4nwqxodu3yteyodizmjfhztnkmw-thumb_\"><figcaption class=\"hide\">Foto: Inquam Photos\/ Octav Ganea<\/figcaption><\/a><a href=\"https:\/\/www.digi24.ro\/galerie-foto\/1\/stiri\/actualitate\/politica\/lia-o-vasilescu-nu-a-jurat-cu-mana-pe-biblie-la-investire-643683#3\" class=\"swiper-slide\" data-skip-linkfix=\"1\"><img decoding=\"async\" src=\"https:\/\/analyse.optim.biz\/wp-content\/uploads\/2024\/09\/dz04mdamagfzad0wnju3mzyymgmwyznmmdkzmjjkngrlogm0mtmyztc2oa-thumb_.jpg\" alt=\"Foto: Inquam Photos\/ Octav Ganea | Poza 3 din 10\" data-skip-htmlfix=\"1\" title=\"dz04mdamagfzad0wnju3mzyymgmwyznmmdkzmjjkngrlogm0mtmyztc2oa-thumb_\"><figcaption class=\"hide\">Foto: Inquam Photos\/ Octav Ganea<\/figcaption><\/a><a href=\"https:\/\/www.digi24.ro\/galerie-foto\/1\/stiri\/actualitate\/politica\/lia-o-vasilescu-nu-a-jurat-cu-mana-pe-biblie-la-investire-643683#4\" class=\"swiper-slide\" data-skip-linkfix=\"1\"><img decoding=\"async\" src=\"https:\/\/analyse.optim.biz\/wp-content\/uploads\/2024\/09\/jnc9odawjmhhc2g9owzhm2i5ngy2ymy5m2m4yjuyndbkmtjizgi5mdllmda-thumb_.jpg\" alt=\"Foto: Inquam Photos\/ Octav Ganea | Poza 4 din 10\" data-skip-htmlfix=\"1\" title=\"jnc9odawjmhhc2g9owzhm2i5ngy2ymy5m2m4yjuyndbkmtjizgi5mdllmda-thumb_\"><figcaption class=\"hide\">Foto: Inquam Photos\/ Octav Ganea<\/figcaption><\/a><a href=\"https:\/\/www.digi24.ro\/galerie-foto\/1\/stiri\/actualitate\/politica\/lia-o-vasilescu-nu-a-jurat-cu-mana-pe-biblie-la-investire-643683#5\" class=\"swiper-slide\" data-skip-linkfix=\"1\"><img decoding=\"async\" src=\"https:\/\/analyse.optim.biz\/wp-content\/uploads\/2024\/09\/jnc9odawjmhhc2g9nmrjyjq3yju3nmrjytc1ztdhztjhotjimdvlzguymge-thumb_.jpg\" alt=\"Foto: Inquam Photos\/ Octav Ganea | Poza 5 din 10\" data-skip-htmlfix=\"1\" title=\"jnc9odawjmhhc2g9nmrjyjq3yju3nmrjytc1ztdhztjhotjimdvlzguymge-thumb_\"><figcaption class=\"hide\">Foto: Inquam Photos\/ Octav Ganea<\/figcaption><\/a><a href=\"https:\/\/www.digi24.ro\/galerie-foto\/1\/stiri\/actualitate\/politica\/lia-o-vasilescu-nu-a-jurat-cu-mana-pe-biblie-la-investire-643683#6\" class=\"swiper-slide\" data-skip-linkfix=\"1\"><img decoding=\"async\" src=\"https:\/\/analyse.optim.biz\/wp-content\/uploads\/2024\/09\/mdamagfzad00zmiyywm3nznlmje0ytflzwm5yme0mgqwm2vjn2e1nw-thumb_.jpg\" alt=\"Foto: Inquam Photos\/ Octav Ganea | Poza 6 din 10\" data-skip-htmlfix=\"1\" title=\"mdamagfzad00zmiyywm3nznlmje0ytflzwm5yme0mgqwm2vjn2e1nw-thumb_\"><figcaption class=\"hide\">Foto: Inquam Photos\/ Octav Ganea<\/figcaption><\/a><a href=\"https:\/\/www.digi24.ro\/galerie-foto\/1\/stiri\/actualitate\/politica\/lia-o-vasilescu-nu-a-jurat-cu-mana-pe-biblie-la-investire-643683#7\" class=\"swiper-slide\" data-skip-linkfix=\"1\"><img decoding=\"async\" src=\"https:\/\/analyse.optim.biz\/wp-content\/uploads\/2024\/09\/dz04mdamagfzad03ngqyngnhmgexzgu2yzexmddiowe0ntkzytqyztfmyq-thumb_.jpg\" alt=\"Foto: Inquam Photos\/ Octav Ganea | Poza 7 din 10\" data-skip-htmlfix=\"1\" title=\"dz04mdamagfzad03ngqyngnhmgexzgu2yzexmddiowe0ntkzytqyztfmyq-thumb_\"><figcaption class=\"hide\">Foto: Inquam Photos\/ Octav Ganea<\/figcaption><\/a><a href=\"https:\/\/www.digi24.ro\/galerie-foto\/1\/stiri\/actualitate\/politica\/lia-o-vasilescu-nu-a-jurat-cu-mana-pe-biblie-la-investire-643683#8\" class=\"swiper-slide\" data-skip-linkfix=\"1\"><img decoding=\"async\" src=\"https:\/\/analyse.optim.biz\/wp-content\/uploads\/2024\/09\/dz04mdamagfzad02mmy1ogi1yju3mjlinwvlngq0owq4mwe5yzyynmfhyg-thumb_.jpg\" alt=\"Foto: Inquam Photos\/ Octav Ganea | Poza 8 din 10\" data-skip-htmlfix=\"1\" title=\"dz04mdamagfzad02mmy1ogi1yju3mjlinwvlngq0owq4mwe5yzyynmfhyg-thumb_\"><figcaption class=\"hide\">Foto: Inquam Photos\/ Octav Ganea<\/figcaption><\/a><a href=\"https:\/\/www.digi24.ro\/galerie-foto\/1\/stiri\/actualitate\/politica\/lia-o-vasilescu-nu-a-jurat-cu-mana-pe-biblie-la-investire-643683#9\" class=\"swiper-slide\" data-skip-linkfix=\"1\"><img decoding=\"async\" src=\"https:\/\/analyse.optim.biz\/wp-content\/uploads\/2024\/09\/zyz3ptgwmczoyxnopwvmmgfhotu5nta3ytlhy2fimwzlnjizzdgzyzzlm2y1-thumb_.jpg\" alt=\"Foto: Inquam Photos\/ Octav Ganea | Poza 9 din 10\" data-skip-htmlfix=\"1\" title=\"zyz3ptgwmczoyxnopwvmmgfhotu5nta3ytlhy2fimwzlnjizzdgzyzzlm2y1-thumb_\"><figcaption class=\"hide\">Foto: Inquam Photos\/ Octav Ganea<\/figcaption><\/a><a href=\"https:\/\/www.digi24.ro\/galerie-foto\/1\/stiri\/actualitate\/politica\/lia-o-vasilescu-nu-a-jurat-cu-mana-pe-biblie-la-investire-643683#10\" class=\"swiper-slide\" data-skip-linkfix=\"1\"><img decoding=\"async\" src=\"https:\/\/analyse.optim.biz\/wp-content\/uploads\/2024\/09\/zdu1m2i0zdrlnwvlntaxmzq5y2q1nwy0nzk3oge-thumb_.jpg\" alt=\"Foto: Inquam Photos\/ Octav Ganea | Poza 10 din 10\" data-skip-htmlfix=\"1\" title=\"zdu1m2i0zdrlnwvlntaxmzq5y2q1nwy0nzk3oge-thumb_\"><figcaption class=\"hide\">Foto: Inquam Photos\/ Octav Ganea<\/figcaption><\/a>, <\/div>\n<\/div>\n<\/div>\n<p data-index=\"8\">La finalul ceremoniei, Klaus Iohannis le-a spus jurnali\u0219tilor prezen\u021bi la Palatul Cotroceni c\u0103 nu r\u0103spunde acum la \u00eentreb\u0103ri, dar a promis c\u0103 \u201ene vom vedea mai des\u201d.\u00a0<\/p>\n<\/div>\n<p> Source URL: https:\/\/www.digi24.ro\/stiri\/actualitate\/politica\/lia-o-vasilescu-nu-a-jurat-cu-mana-pe-biblie-la-investire-643683<\/p>\n","protected":false},"excerpt":{"rendered":"<p>Ceremonie de \u00eenvestire a mini\u0219trilor din Guvernul Grindeanu atipic\u0103 la Palatul Cotroceni. Lia Olgu\u021ba Vasilescu nu a pus m\u00e2na pe Biblie atunci c\u00e2nd a depus jur\u0103m\u00e2ntul pentru \u00eenvestirea \u00een func\u021bia de ministru al Muncii. Cutuma este ca atunci c\u00e2nd mini\u0219trii sunt \u00eenvesti\u021bi \u00een func\u021bie s\u0103 rosteasc\u0103 jur\u0103m\u00e2ntul cu m\u00e2na pe Biblie \u0219i pe Constitu\u021bie.\u00a0Lia Olgu\u021ba [&hellip;]<\/p>\n","protected":false},"author":1,"featured_media":151619,"comment_status":"open","ping_status":"","sticky":false,"template":"","format":"standard","meta":{"footnotes":""},"categories":[2],"tags":[11],"class_list":["post-151618","post","type-post","status-publish","format-standard","has-post-thumbnail","hentry","category-politics","tag-digi24"],"_links":{"self":[{"href":"https:\/\/analyse.optim.biz\/index.php?rest_route=\/wp\/v2\/posts\/151618","targetHints":{"allow":["GET"]}}],"collection":[{"href":"https:\/\/analyse.optim.biz\/index.php?rest_route=\/wp\/v2\/posts"}],"about":[{"href":"https:\/\/analyse.optim.biz\/index.php?rest_route=\/wp\/v2\/types\/post"}],"author":[{"embeddable":true,"href":"https:\/\/analyse.optim.biz\/index.php?rest_route=\/wp\/v2\/users\/1"}],"replies":[{"embeddable":true,"href":"https:\/\/analyse.optim.biz\/index.php?rest_route=%2Fwp%2Fv2%2Fcomments&post=151618"}],"version-history":[{"count":0,"href":"https:\/\/analyse.optim.biz\/index.php?rest_route=\/wp\/v2\/posts\/151618\/revisions"}],"wp:featuredmedia":[{"embeddable":true,"href":"https:\/\/analyse.optim.biz\/index.php?rest_route=\/wp\/v2\/media\/151619"}],"wp:attachment":[{"href":"https:\/\/analyse.optim.biz\/index.php?rest_route=%2Fwp%2Fv2%2Fmedia&parent=151618"}],"wp:term":[{"taxonomy":"category","embeddable":true,"href":"https:\/\/analyse.optim.biz\/index.php?rest_route=%2Fwp%2Fv2%2Fcategories&post=151618"},{"taxonomy":"post_tag","embeddable":true,"href":"https:\/\/analyse.optim.biz\/index.php?rest_route=%2Fwp%2Fv2%2Ftags&post=151618"}],"curies":[{"name":"wp","href":"https:\/\/api.w.org\/{rel}","templated":true}]}}