{"id":151607,"date":"2017-01-04T21:45:32","date_gmt":"2017-01-04T18:45:32","guid":{"rendered":"https:\/\/analyse.optim.biz\/?p=151607"},"modified":"2017-01-04T21:45:32","modified_gmt":"2017-01-04T18:45:32","slug":"iohannis-aspru-si-ironic-la-juramantul-ministrilor-dle-dragnea-va-rog-eu-frumos-invatati-i-si-pe-ei","status":"publish","type":"post","link":"https:\/\/analyse.optim.biz\/?p=151607","title":{"rendered":"Iohannis, aspru \u0219i ironic la jur\u0103m\u00e2ntul mini\u0219trilor: \u201eDle Dragnea, v\u0103 rog eu frumos, \u00eenv\u0103\u0163a\u0163i-i \u015fi pe ei!\u201d"},"content":{"rendered":"<div class=\"entry data-app-meta data-app-meta-article\" data-embed-base-url-canonical=\"https:\/\/www.digi24.ro\/embed\/stiri\/actualitate\/politica\/klaus-iohannis-aspru-si-ironic-la-juramantul-ministrilor-dle-dragnea-va-rog-eu-frumos-invatati-i-si-pe-ei-643702\">\n<p data-index=\"1\"><strong>To\u021bi ochii au fost a\u021binti\u021bi, miercuri seara, la Cotroceni, pe pre\u0219edintele Rom\u00e2niei, Klaus Iohannis, care avea prima \u00eent\u00e2lnire public\u0103, fa\u021b\u0103 \u00een fa\u021b\u0103, cu guvernul condus de Sorin Grindeanu \u0219i girat de Liviu Dragnea.<\/strong><\/p>\n<p data-index=\"2\">Pre\u0219edintele a avut ini\u021bial o atitudine grav\u0103 \u0219i serioas\u0103 \u0219i s-a adresat noului executiv pe un ton aspru, avertiz\u00e2nd voalat c\u0103 vor periclita economia dac\u0103 \u00ee\u0219i pun \u00een practic\u0103 toate promisiunile populiste din campanie \u0219i cer\u00e2ndu-le s\u0103 p\u0103streze statul de drept, o justi\u021bie independent\u0103 \u0219i orientarea euroatlantic\u0103 a Rom\u00e2niei.<\/p>\n<p data-index=\"3\">Spre final, tonul \u0219efului statului a devenit mai relaxat, l\u0103s\u00e2nd loc ironiei atunci c\u00e2nd s-a adresat \u201eoaspe\u021bilor\u201d &#8211; pre\u0219edintele Cur\u021bii Constitu\u021bionale, c\u0103ruia i-a accentuat func\u021bia (aluzie, poate, la faptul c\u0103 joi aceast\u0103 institu\u021bie va primi sesizarea avocatului poporului pe legea 90\/2001) \u0219i mai ales, pre\u0219edintele Camerei Deputa\u021bilor, Liviu Dragnea, c\u0103ruia i s-a adresat cu oltenescul \u201eaflar\u0103m\u201d.\u00a0<\/p>\n<p data-index=\"4\">\u00cenainte de a ie\u0219i din scen\u0103, pre\u0219edintele a aruncat c\u0103tre noul guvern, pe care deja \u00eel pusese \u00een dificultate c\u00e2nd \u00eel invitase s\u0103 fac\u0103 \u00eempreun\u0103 fotografii: \u201eV\u0103 promit c\u0103 o s\u0103 ne vedem mai des zilele acestea\u201d &#8211; o posibil\u0103 aluzie c\u0103 ar putea participa (\u0219i conduce) la \u0219edin\u021bele de guvern.<\/p>\n<p data-index=\"5\">Iat\u0103 discursul pre\u0219edintelui:<\/p>\n<p data-index=\"6\">\u201eDomnule Prim-ministru Grindeanu,<\/p>\n<p data-index=\"7\">Onora\u021bi membri ai Guvernului<\/p>\n<p data-index=\"8\">Da\u0163i-mi voie, \u00een primul r\u00e2nd, s\u0103 v\u0103 felicit pentru votul de \u00eencredere pe care l-a\u021bi primit \u00een Parlamentul Rom\u00e2niei \u0219i, evident, pentru depunerea jur\u0103m\u00e2ntului. Din acest moment dumneavoastr\u0103 sunte\u021bi Guvernul Rom\u00e2niei.<\/p>\n<p data-index=\"9\">Ave\u021bi o misiune grea, ave\u021bi de \u00eendeplinit promisiuni complicate. <strong>Trebuie s\u0103 livra\u021bi ceea ce a fost promis \u00een campania electoral\u0103.<\/strong> A\u015fa \u00eemi imaginez c\u0103, dup\u0103 alegeri, trebuie s\u0103 porneasc\u0103 un guvern. <strong>Campania electoral\u0103 nu este doar un circ mediatic, cu toate c\u0103 \u0219i asta este, ci \u00een campania electoral\u0103 s-au f\u0103cut promisiuni<\/strong>.<\/p>\n<p data-index=\"10\">De asta a\u021bi fost vota\u021bi, \u0219i m\u0103 adresez aici celor care sunt parlamentari \u0219i \u0219efi \u00een Parlament, \u0219i asta trebuie s\u0103 livreze Guvernul. <strong>Sper ca, \u00eentr-o zi, s\u0103-mi explica\u021bi cum ve\u021bi face, \u00een a\u0219a fel \u00eenc\u00e2t s\u0103 v\u0103 \u00eencadra\u021bi \u00eentr-un deficit bugetar de 3%, s\u0103 cre\u0219te\u021bi salariile, s\u0103 sc\u0103de\u021bi impozitul, TVA-ul \u0219i multe alte lucruri. Eu \u00eemi doresc s\u0103 face\u0163i aceste chestiuni.<\/strong><\/p>\n<p data-index=\"11\">Domnule Prim-ministru,<\/p>\n<p data-index=\"12\">Onora\u0163i membri ai Guvernului,<\/p>\n<p data-index=\"13\">Eu v\u0103 doresc s\u0103 ave\u021bi un mandat de succes! Rom\u00e2nii \u00ee\u0219i doresc s\u0103 aib\u0103 un guvern de succes. C\u00e2teva lucruri, \u00eens\u0103, cred c\u0103 se a\u0219teapt\u0103 de la dumneavoastr\u0103, cel pu\u021bin eu a\u0219tept aceste lucruri \u0219i cred c\u0103 sunt \u00een asentimentul rom\u00e2nilor cu aceste a\u0219tept\u0103ri.<\/p>\n<p data-index=\"14\">\u00cen primul r\u00e2nd, <strong>a\u0219tept s\u0103 p\u0103stra\u021bi clar\u0103, vizibil\u0103 \u0219i declarat\u0103, orientarea euro-atlantic\u0103 a Rom\u00e2niei<\/strong>, asta \u00eensemn\u00e2nd s\u0103 face\u021bi tot ce poate un Guvern, \u015fi poate, s\u0103 \u00eent\u0103ri\u021bi pozi\u0163ia Rom\u00e2niei \u00een cadrul NATO \u0219i \u00een cadrul Uniunii Europene.<\/p>\n<p data-index=\"15\">Eu a\u0219tept, \u0219i mul\u021bi a\u0219teapt\u0103, nu to\u021bi, dar foarte mul\u021bi a\u0219teapt\u0103, s\u0103 face\u021bi tot ce se poate, \u0219i se poate, <strong>s\u0103 sprijini\u021bi o justi\u021bie independent\u0103 \u00een Rom\u00e2nia.<\/strong> Asta \u00eenseamn\u0103 \u00eent\u0103rirea statului de drept. A\u0163i jurat c\u0103 ve\u0163i face tot ce pute\u0163i pentru o democra\u0163ie matur\u0103 \u00een Rom\u00e2nia.<strong> O democra\u0163ie f\u0103r\u0103 o justi\u0163ie independent\u0103 \u0219i f\u0103r\u0103 un stat de drept nu putem s\u0103 ne imagin\u0103m \u00een Europa.<\/strong><\/p>\n<p data-index=\"16\">Domnule Prim-ministru,<\/p>\n<p data-index=\"17\">Onora\u0163i membri ai Guvernului,<\/p>\n<p data-index=\"18\">A\u015ftept\u0103m, \u015fi a\u015ftept\u0103m cu to\u0163ii de data asta, pot s\u0103 spun, s\u0103 gestiona\u0163i \u00een mod responsabil economia rom\u00e2neasc\u0103, at\u00e2t c\u00e2t depinde de Guvern, dar, cu certitudine, a\u015ftept\u0103m cu to\u0163ii <strong>s\u0103 gestiona\u021bi \u00een mod responsabil finan\u0163ele publice.<\/strong> Este extrem de important ca, <strong>dup\u0103 ce cre\u015fte\u0163i toate salariile, sc\u0103de\u0163i toate taxele \u015fi impozitele, renun\u0163a\u0163i la impozite de multe feluri<\/strong>, s\u0103 ne g\u0103sim, totu\u015fi, \u00eentr-o zon\u0103 a sustenabilit\u0103\u0163ii, s\u0103 avem o datorie rezonabil\u0103, o datorie public\u0103, s\u0103 avem un deficit care, dac\u0103 se poate, s\u0103 fie sub 3%, deficit al finan\u0163elor publice, \u015fi foarte, foarte important, cu toate aceste m\u0103suri pe care le ve\u0163i \u00eendeplini, <strong>s\u0103 ave\u0163i, v\u0103 rog, grij\u0103 ca economia Rom\u00e2neasc\u0103 s\u0103 creasc\u0103.<\/strong><\/p>\n<p data-index=\"19\">Rom\u00e2nia este momentan la capitolul cre\u0219tere economic\u0103, hai s\u0103 zicem, campioan\u0103 european\u0103. Este mare lucru. O cre\u0219tere economic\u0103 mult peste medie este ceea ce ne dorim cu to\u021bii pentru a ajunge, dup\u0103 o perioad\u0103 rezonabil\u0103, la acela\u0219i nivel cu celelalte \u021b\u0103ri mai dezvoltate din Uniunea European\u0103.<\/p>\n<p data-index=\"20\">\u015ei, \u00een fine, sunt convins c\u0103 jur\u0103m\u00e2ntul pe care l-a\u0163i f\u0103cut ast\u0103zi v-a convins c\u0103, pentru Rom\u00e2nia, <strong>este foarte important s\u0103 v\u0103 \u00eengriji\u021bi de securitatea na\u0163ional\u0103<\/strong>. Asta garanteaz\u0103 p\u00e2n\u0103 la urm\u0103 \u015fi unitatea, \u015fi independen\u021ba, \u015fi integritatea teritorial\u0103, \u015fi suveranitatea. F\u0103r\u0103 securitate na\u0163ional\u0103, aceste lucruri s-ar putea s\u0103 nu fie de la sine \u00een\u0163elese. O securitatea na\u0163ional\u0103 care \u00een mod clar este \u00een str\u00e2ns\u0103 leg\u0103tur\u0103 cu <strong>stabilitatea Rom\u00e2niei.<\/strong> \u0218i, dac\u0103 vorbesc de stabilitate, este important s\u0103 \u015fti\u0163i c\u0103 <strong>pentru noi nu conteaz\u0103 doar stabilitatea intern\u0103, ci \u015fi stabilitatea regional\u0103<\/strong>. Rom\u00e2nia este o \u0163ar\u0103 care poate \u015fi vrea s\u0103 fie, ceea ce eu am numit \u00een repetate r\u00e2nduri, Rom\u00e2nia puternic\u0103. Rom\u00e2nia este \u015fi trebuie s\u0103 r\u0103m\u00e2n\u0103 un pol de stabilitate \u015fi securitate \u00een regiune. Pentru asta, este \u00eens\u0103 nevoie s\u0103 v\u0103 implica\u0163i cu to\u0163ii, fiecare \u00een domeniul lui.<\/p>\n<p data-index=\"21\">V\u0103 doresc mult succes cu toate acestea!<\/p>\n<p data-index=\"22\">\u00cei salut \u0219i pe musafirii no\u0219tri de ast\u0103zi, Pre\u0219edintele Senatului, Pre\u0219edintele Camerei Deputa\u021bilor, Pre\u0219edintele Cur\u021bii Constitu\u021bionale&#8230;<\/p>\n<p data-index=\"23\"><strong>Domnule pre\u015fedinte Dragnea, aflar\u0103m de la televizor c\u0103 sunte\u0163i singurul care cunoa\u015fte programul de guvernare din scoar\u0163\u0103 \u00een scoar\u0163\u0103. V\u0103 rog eu frumos, \u00eenv\u0103\u0163a\u0163i-i \u015fi pe ei!<\/strong><\/p>\n<p data-index=\"24\">V\u0103 doresc tuturor mult succes pentru Rom\u00e2nia!\u201d<\/p>\n<p data-index=\"25\"><strong>Pa\u0219ii lui Grindeanu c\u0103tre pre\u0219edinte<\/strong><\/p>\n<p data-index=\"26\">Potrivit News.ro, dup\u0103\u00a0aceast\u0103 fraz\u0103 \u0219i pauz\u0103 de o secund\u0103, pre\u0219edintele Iohannis s-a \u00eentors c\u0103tre Sorin Grindeanu z\u00e2mbind \u015fi a chemat Cabinetul la o poz\u0103. \u201eDac\u0103 vor\u201d. \u00a0C\u00e2teva secunde, nimeni nu a f\u0103cut niciun pas, Grindeanu c\u0103ut\u00e2ndu-l din ochi pe Dragnea. Mini\u015ftrii p\u0103reau c\u0103 au plumb \u00een picioare la aceast\u0103 invita\u0163ie nea\u015fteptat\u0103 a lui Iohannis, ei c\u0103ut\u00e2ndu-l la r\u00e2ndul lor cu privirea pe Grindeanu. \u00cen cele din urm\u0103, premierul a f\u0103cut un pas, apoi pe al doilea, \u015fi s-a apropiat de pre\u015fedinte, fiind urmat, nesigur, \u015fi de restul Guvernului, scrie <a href=\"http:\/\/www.news.ro\/politic-intern\/reportaj-atipica-ceremonie-in-trei-acte-de-la-cotroceni-iohannis-a-ironizat-programul-de-guvernare-l-a-intepat-pe-dragnea-apoi-s-a-pozat-cu-guvernul-foto-1922404204002017012016465130\" target=\"_blank\" data-skip-linkfix=\"1\" rel=\"noopener\">News.ro<\/a>.<\/p>\n<p data-index=\"27\">Odat\u0103 ce pozele au fost f\u0103cute, pre\u015fedintele a venit c\u0103tre pres\u0103, schimb\u00e2nd c\u00e2teva cuvinte cu jurnali\u015ftii, \u00een timp ce, \u00een spatele s\u0103u, mini\u015ftrii se repliau \u00een jurul lui Liviu Dragnea \u015fi al lui Klaus Iohannis.<\/p>\n<p data-index=\"28\">\u201e<strong>V\u0103 promit c\u0103 o s\u0103 ne vedem mai des zilele acestea. Sear\u0103 bun\u0103<\/strong>!\u201d, le-a spus Iohannis, \u00eentorc\u00e2ndu-se pe c\u0103lc\u00e2ie \u015fi trec\u00e2nd pe l\u00e2ng\u0103 Cabinetul Grindeanu \u015fi \u00een spatele cortinei.<\/p>\n<p data-index=\"29\">Guvernul Grindeanu a mai r\u0103mas totu\u015fi \u00een sala Unirii pentru a-\u015fi face o poz\u0103 al\u0103turi \u015fi de Dragnea \u015fi T\u0103riceanu.<\/p>\n<\/div>\n<p> Source URL: https:\/\/www.digi24.ro\/stiri\/actualitate\/politica\/klaus-iohannis-aspru-si-ironic-la-juramantul-ministrilor-dle-dragnea-va-rog-eu-frumos-invatati-i-si-pe-ei-643702<\/p>\n","protected":false},"excerpt":{"rendered":"<p>To\u021bi ochii au fost a\u021binti\u021bi, miercuri seara, la Cotroceni, pe pre\u0219edintele Rom\u00e2niei, Klaus Iohannis, care avea prima \u00eent\u00e2lnire public\u0103, fa\u021b\u0103 \u00een fa\u021b\u0103, cu guvernul condus de Sorin Grindeanu \u0219i girat de Liviu Dragnea. Pre\u0219edintele a avut ini\u021bial o atitudine grav\u0103 \u0219i serioas\u0103 \u0219i s-a adresat noului executiv pe un ton aspru, avertiz\u00e2nd voalat c\u0103 vor [&hellip;]<\/p>\n","protected":false},"author":1,"featured_media":151608,"comment_status":"open","ping_status":"","sticky":false,"template":"","format":"standard","meta":{"footnotes":""},"categories":[2],"tags":[11],"class_list":["post-151607","post","type-post","status-publish","format-standard","has-post-thumbnail","hentry","category-politics","tag-digi24"],"_links":{"self":[{"href":"https:\/\/analyse.optim.biz\/index.php?rest_route=\/wp\/v2\/posts\/151607","targetHints":{"allow":["GET"]}}],"collection":[{"href":"https:\/\/analyse.optim.biz\/index.php?rest_route=\/wp\/v2\/posts"}],"about":[{"href":"https:\/\/analyse.optim.biz\/index.php?rest_route=\/wp\/v2\/types\/post"}],"author":[{"embeddable":true,"href":"https:\/\/analyse.optim.biz\/index.php?rest_route=\/wp\/v2\/users\/1"}],"replies":[{"embeddable":true,"href":"https:\/\/analyse.optim.biz\/index.php?rest_route=%2Fwp%2Fv2%2Fcomments&post=151607"}],"version-history":[{"count":0,"href":"https:\/\/analyse.optim.biz\/index.php?rest_route=\/wp\/v2\/posts\/151607\/revisions"}],"wp:featuredmedia":[{"embeddable":true,"href":"https:\/\/analyse.optim.biz\/index.php?rest_route=\/wp\/v2\/media\/151608"}],"wp:attachment":[{"href":"https:\/\/analyse.optim.biz\/index.php?rest_route=%2Fwp%2Fv2%2Fmedia&parent=151607"}],"wp:term":[{"taxonomy":"category","embeddable":true,"href":"https:\/\/analyse.optim.biz\/index.php?rest_route=%2Fwp%2Fv2%2Fcategories&post=151607"},{"taxonomy":"post_tag","embeddable":true,"href":"https:\/\/analyse.optim.biz\/index.php?rest_route=%2Fwp%2Fv2%2Ftags&post=151607"}],"curies":[{"name":"wp","href":"https:\/\/api.w.org\/{rel}","templated":true}]}}