{"id":151604,"date":"2017-01-04T22:12:38","date_gmt":"2017-01-04T19:12:38","guid":{"rendered":"https:\/\/analyse.optim.biz\/?p=151604"},"modified":"2017-01-04T22:12:38","modified_gmt":"2017-01-04T19:12:38","slug":"deciziile-primei-sedinte-a-guvernului-grindeanu","status":"publish","type":"post","link":"https:\/\/analyse.optim.biz\/?p=151604","title":{"rendered":"Deciziile primei \u0219edin\u021be a Guvernului Grindeanu"},"content":{"rendered":"<div class=\"entry data-app-meta data-app-meta-article\" data-embed-base-url-canonical=\"https:\/\/www.digi24.ro\/embed\/stiri\/actualitate\/politica\/deciziile-primei-sedinte-a-guvernului-grindeanu-643709\">\n<p data-index=\"1\"><strong>Premierul Sorin Grindeanu le-a cerut mini\u015ftrilor miercuri seara, la \u00eenceputul primei \u015fedin\u0163e de Guvern, s\u0103 fac\u0103 un inventar al problemelor urgente pe fiecare minister, pe care s\u0103 le prezinte la urm\u0103toarea \u015fedin\u0163\u0103 de guvern, care va avea loc vineri.<\/strong><\/p>\n<figure class=\"article-thumb\"><img decoding=\"async\" src=\"https:\/\/analyse.optim.biz\/wp-content\/uploads\/2024\/09\/c2g9zjjhztkxotrmyjaxnzuyzwqyzme0nwfhodq4ymi2mge-thumb_.jpg\" alt=\"grindeanu guvern 170104_GUVERN_10_INQUAM_Octav_Ganea\" data-skip-htmlfix=\"1\" title=\"c2g9zjjhztkxotrmyjaxnzuyzwqyzme0nwfhodq4ymi2mge-thumb_\"><figcaption> Foto: Gulliver\/GettyImages <\/figcaption><\/figure>\n<p data-index=\"2\">\u201eM\u00e2ine diminea\u0163a, la ora 9.00, fiecare ministru merge \u015fi preia ministerul pentru care a fost votat \u00een Parlament. Totodat\u0103, v\u0103 rog s\u0103 face\u0163i un inventar al problemelor urgente pe fiecare minister, astfel \u00eenc\u00e2t, vineri, c\u00e2nd vom avea urm\u0103toarea \u015fedin\u0163\u0103 de guvern s\u0103 le prezenta\u0163i\u201d, le-a spus prim-ministrul mini\u015ftrilor.<\/p>\n<p data-index=\"3\">Sorin Grindeanu a \u0163inut c\u0103 precizeze c\u0103 a trecut campania electoral\u0103, iar acum Guvernul \u201eintr\u0103 \u00een p\u00e2ine\u201d \u015fi trece la fapte.<\/p>\n<p data-index=\"4\">\u201eAst\u0103zi avem pe ordinea de zi dou\u0103 puncte: un proiect de lege privind abilitarea Guvernului de a emite ordonan\u0163e \u015fi un proiect de OUG pentru stabilirea unor m\u0103suri \u00een domeniul administra\u0163iei publice centrale \u015fi pentru modificarea \u015fi completarea unor acte normative. Sunt lucruri absolut necesare pentru a func\u0163iona cum trebuie ca Guvern \u015fi pentru a da posibilitatea Parlamentului, zilele urm\u0103toare s\u0103 adopte acest proiect de lege. Avem toate avizele pentru cele dou\u0103. Campania a trecut, intr\u0103m \u00een p\u00e2ine \u015fi trecem la fapte\u201d, a \u00eencheiat premierul Sorin Grindeanu.<\/p>\n<p data-index=\"5\">\u015eedin\u0163a de Guvern s-a terminat dup\u0103 mai pu\u0163in de o or\u0103, f\u0103r\u0103 ca un membru al Guvernului s\u0103 fac\u0103 declara\u0163ii de pres\u0103 la final.<\/p>\n<p data-index=\"6\">(sursa: News.ro)<\/p>\n<\/div>\n<p> Source URL: https:\/\/www.digi24.ro\/stiri\/actualitate\/politica\/deciziile-primei-sedinte-a-guvernului-grindeanu-643709<\/p>\n","protected":false},"excerpt":{"rendered":"<p>Premierul Sorin Grindeanu le-a cerut mini\u015ftrilor miercuri seara, la \u00eenceputul primei \u015fedin\u0163e de Guvern, s\u0103 fac\u0103 un inventar al problemelor urgente pe fiecare minister, pe care s\u0103 le prezinte la urm\u0103toarea \u015fedin\u0163\u0103 de guvern, care va avea loc vineri. Foto: Gulliver\/GettyImages \u201eM\u00e2ine diminea\u0163a, la ora 9.00, fiecare ministru merge \u015fi preia ministerul pentru care a [&hellip;]<\/p>\n","protected":false},"author":1,"featured_media":151605,"comment_status":"open","ping_status":"","sticky":false,"template":"","format":"standard","meta":{"footnotes":""},"categories":[2],"tags":[11],"class_list":["post-151604","post","type-post","status-publish","format-standard","has-post-thumbnail","hentry","category-politics","tag-digi24"],"_links":{"self":[{"href":"https:\/\/analyse.optim.biz\/index.php?rest_route=\/wp\/v2\/posts\/151604","targetHints":{"allow":["GET"]}}],"collection":[{"href":"https:\/\/analyse.optim.biz\/index.php?rest_route=\/wp\/v2\/posts"}],"about":[{"href":"https:\/\/analyse.optim.biz\/index.php?rest_route=\/wp\/v2\/types\/post"}],"author":[{"embeddable":true,"href":"https:\/\/analyse.optim.biz\/index.php?rest_route=\/wp\/v2\/users\/1"}],"replies":[{"embeddable":true,"href":"https:\/\/analyse.optim.biz\/index.php?rest_route=%2Fwp%2Fv2%2Fcomments&post=151604"}],"version-history":[{"count":0,"href":"https:\/\/analyse.optim.biz\/index.php?rest_route=\/wp\/v2\/posts\/151604\/revisions"}],"wp:featuredmedia":[{"embeddable":true,"href":"https:\/\/analyse.optim.biz\/index.php?rest_route=\/wp\/v2\/media\/151605"}],"wp:attachment":[{"href":"https:\/\/analyse.optim.biz\/index.php?rest_route=%2Fwp%2Fv2%2Fmedia&parent=151604"}],"wp:term":[{"taxonomy":"category","embeddable":true,"href":"https:\/\/analyse.optim.biz\/index.php?rest_route=%2Fwp%2Fv2%2Fcategories&post=151604"},{"taxonomy":"post_tag","embeddable":true,"href":"https:\/\/analyse.optim.biz\/index.php?rest_route=%2Fwp%2Fv2%2Ftags&post=151604"}],"curies":[{"name":"wp","href":"https:\/\/api.w.org\/{rel}","templated":true}]}}