{"id":151581,"date":"2017-01-05T03:46:53","date_gmt":"2017-01-05T00:46:53","guid":{"rendered":"https:\/\/analyse.optim.biz\/?p=151581"},"modified":"2017-01-05T03:46:53","modified_gmt":"2017-01-05T00:46:53","slug":"raspunsul-lui-dragnea-dupa-discursul-ironic-al-lui-iohannis","status":"publish","type":"post","link":"https:\/\/analyse.optim.biz\/?p=151581","title":{"rendered":"R\u0103spunsul lui Dragnea, dup\u0103 discursul ironic al lui Iohannis"},"content":{"rendered":"<div class=\"entry data-app-meta data-app-meta-article\" data-embed-base-url-canonical=\"https:\/\/www.digi24.ro\/embed\/stiri\/actualitate\/politica\/raspunsul-lui-dragnea-dupa-discursul-ironic-al-lui-iohannis-643767\">\n<p data-index=\"1\"><strong>Pre\u015fedintele PSD, Liviu Dragnea, a afirmat, miercuri, la un post de televiziune, c\u0103 se a\u015ftepta la un <a href=\"https:\/\/www.digi24.ro\/stiri\/actualitate\/politica\/klaus-iohannis-aspru-si-ironic-la-juramantul-ministrilor-dle-dragnea-va-rog-eu-frumos-invatati-i-si-pe-ei-643702\" target=\"_blank\" data-skip-linkfix=\"1\" rel=\"noopener\">alt discurs din partea pre\u015fedintelui Iohannis dup\u0103 ceremonia de depunere a jur\u0103m\u00e2ntului<\/a> de c\u0103tre membrii guvernului Grindeanu. \u201eAr fi bine s\u0103 nu ne mai juc\u0103m cu vorbele, nici cu glumi\u0163ele\u201d, a punctat liderul PSD, citat de News.ro<\/strong>.<\/p>\n<figure class=\"article-thumb\"><img decoding=\"async\" src=\"https:\/\/analyse.optim.biz\/wp-content\/uploads\/2024\/09\/n2jjmdhlmwq0owexnjzizjjknjlimtcwzwzjmze4-thumb_.jpg\" alt=\"161216_PSD_LIVIU_DRAGNEA_05_INQUAM_Octav_Ganea_\" data-skip-htmlfix=\"1\" title=\"n2jjmdhlmwq0owexnjzizjjknjlimtcwzwzjmze4-thumb_\"><figcaption> Foto: Inquam Photos \/Octav Ganea <\/figcaption><\/figure>\n<p data-index=\"2\">\u201eRom\u00e2nia este \u00eentr-o situa\u0163ie care poate fi foarte bun\u0103 sau \u00eentr-una \u00een care deciden\u0163ii din statul rom\u00e2n nu reu\u015fesc s\u0103 aib\u0103 capacitatea de a contribui la un climat de dialog. Eu o s\u0103 promovez tot timpul dialogul, nu conflictul politic, dar m-a\u015f fi a\u015fteptat la altfel de discurs \u015fi altfel de observa\u0163ii \u00eentr-o ceremonie de asemenea nivel \u015fi \u00een palatul preziden\u0163ial\u201d, a spus Liviu Dragnea, invitat s\u0103 comenteze discursul pre\u015fedintelui Iohannis de la depunerea jur\u0103m\u00e2ntului de c\u0103tre noul guvern PSD-ALDE.<\/p>\n<p data-index=\"3\">Pre\u015fedintele PSD a ar\u0103tat c\u0103 nu este preocupat de considera\u0163iile lui Klaus Iohannis legate de programul de guvernare, dar a avertizat c\u0103 este datoria celor cu putere de decizie \u00een statul rom\u00e2n s\u0103 sprijine Guvernul.<\/p>\n<p data-index=\"4\">\u201e\u00cen ce prive\u015fte cifrele la care s-a referit pre\u015fedintele, eu nu de acolo \u00eemi fac probleme sub nicio form\u0103, pentru c\u0103 noi nu am f\u0103cut un program de guvernare mincinos, ci unul elaborat foarte bine. \u00cen schimb, m\u0103 a\u015ftept \u015fi cer tuturor institu\u0163iilor statului s\u0103 sprijine acest guvern. Este Guvernul Rom\u00e2niei \u015fi este obliga\u0163ia tuturor oamenilor cu decizie \u00een acest stat s\u0103 sprijine acest guvern \u015fi s\u0103 nu-i pun\u0103 piedici. Ar fi bine s\u0103 nu ne mai juc\u0103m niciunul nici cu vorbele, nici cu glumi\u0163ele, nici cu ac\u0163iuni v\u0103zute sau nev\u0103zute\u201d, a declarat Liviu Dragnea.<\/p>\n<p data-index=\"5\">\u00centrebat care sunt \u015fansele elabor\u0103rii unui proiect de \u0163ar\u0103 de c\u0103tre comisia preziden\u0163ial\u0103 \u00eenfiin\u0163at\u0103 \u00een acest scop, \u00een condi\u0163iile unei rela\u0163ii tensionate \u00eentre pre\u015fedinte \u015fi coali\u0163ia de guvern\u0103m\u00e2nt, Dragnea a r\u0103spuns: \u201eNiciun fel de rezerv\u0103 din partea noastr\u0103. Cel mai important lucru care trebuie definit rapid este care sunt componentele interesului na\u0163ional, care este conceptul interesului na\u0163ional. Noi am trimis oameni de la partid imediat c\u00e2nd ni s-a solicitat ast\u0103-var\u0103 \u00een acea echip\u0103 de la Cotroceni. Nu am \u00eempiedicat cu nimic, nu avem de g\u00e2nd s\u0103 \u00eempiedic\u0103m. \u00cen schimb, noi nu putem s\u0103 punem \u00een paranteze activitatea Guvernului \u015fi a Parlamentului, pentru c\u0103 \u00een fiecare zi se \u00eent\u00e2mpl\u0103 ceva \u00een Rom\u00e2nia\u201d.<\/p>\n<p data-index=\"6\"><a href=\"https:\/\/www.digi24.ro\/stiri\/actualitate\/politica\/klaus-iohannis-aspru-si-ironic-la-juramantul-ministrilor-dle-dragnea-va-rog-eu-frumos-invatati-i-si-pe-ei-643702\" target=\"_blank\" data-skip-linkfix=\"1\" rel=\"noopener\">Pre\u015fedintele Klaus Iohannis le-a spus noilor mini\u015ftri<\/a>, dup\u0103 depunerea jur\u0103m\u00e2ntului, c\u0103 sper\u0103 ca \u00eentr-o zi s\u0103 \u00eei explice cum vor respecta un deficit bugetar de 3 la sut\u0103, dup\u0103 ce vor cre\u015fte salariile, vor sc\u0103dea impozitele \u0219i TVA. \u015eeful statului le-a mai spus noilor mini\u015ftri c\u0103 trebuie s\u0103 \u201elivreze\u201d ceea ce au promis \u00een campania electoral\u0103.<\/p>\n<p data-index=\"7\">La sf\u00e2r\u0219it, adres\u00e2ndu-se lui Liviu Dragnea, prezent la ceremonie \u00een calitate de pre\u0219edinte al Camerei Deputa\u021bilor, pre\u0219edintele, z\u00e2mbind u\u0219or, i-a spus, folosind perfectul simplu (timp specific Olteniei):\u00a0\u201eAflar\u0103m de la televizor c\u0103 dvs sunte\u021bi singurul care \u0219ti\u021bi programul de guvernare din scoar\u021b\u0103 \u00een scoar\u021b\u0103. V\u0103 rog frumos \u00eenv\u0103\u021ba\u021bi-i \u0219i pe ei!\u201d\u00a0(pe membrii guvernului &#8211; n.r.).<\/p>\n<p data-index=\"8\">\u201eV\u0103 promit c\u0103 o s\u0103 ne vedem mai des!\u201d,\u00a0le-a spus \u00een \u00eencheiere pre\u0219edintele membrilor Cabinetului Grindeanu, o posibil\u0103 aluzie la faptul c\u0103 ar putea participa la \u0219edin\u021bele de guvern. \u0218eful statului are aceast\u0103 prerogativ\u0103, iar atunci c\u00e2nd merge la \u0219edin\u021bele de guvern le \u0219i conduce.<\/p>\n<\/div>\n<p> Source URL: https:\/\/www.digi24.ro\/stiri\/actualitate\/politica\/raspunsul-lui-dragnea-dupa-discursul-ironic-al-lui-iohannis-643767<\/p>\n","protected":false},"excerpt":{"rendered":"<p>Pre\u015fedintele PSD, Liviu Dragnea, a afirmat, miercuri, la un post de televiziune, c\u0103 se a\u015ftepta la un alt discurs din partea pre\u015fedintelui Iohannis dup\u0103 ceremonia de depunere a jur\u0103m\u00e2ntului de c\u0103tre membrii guvernului Grindeanu. \u201eAr fi bine s\u0103 nu ne mai juc\u0103m cu vorbele, nici cu glumi\u0163ele\u201d, a punctat liderul PSD, citat de News.ro. Foto: [&hellip;]<\/p>\n","protected":false},"author":1,"featured_media":151582,"comment_status":"open","ping_status":"","sticky":false,"template":"","format":"standard","meta":{"footnotes":""},"categories":[2],"tags":[11],"class_list":["post-151581","post","type-post","status-publish","format-standard","has-post-thumbnail","hentry","category-politics","tag-digi24"],"_links":{"self":[{"href":"https:\/\/analyse.optim.biz\/index.php?rest_route=\/wp\/v2\/posts\/151581","targetHints":{"allow":["GET"]}}],"collection":[{"href":"https:\/\/analyse.optim.biz\/index.php?rest_route=\/wp\/v2\/posts"}],"about":[{"href":"https:\/\/analyse.optim.biz\/index.php?rest_route=\/wp\/v2\/types\/post"}],"author":[{"embeddable":true,"href":"https:\/\/analyse.optim.biz\/index.php?rest_route=\/wp\/v2\/users\/1"}],"replies":[{"embeddable":true,"href":"https:\/\/analyse.optim.biz\/index.php?rest_route=%2Fwp%2Fv2%2Fcomments&post=151581"}],"version-history":[{"count":0,"href":"https:\/\/analyse.optim.biz\/index.php?rest_route=\/wp\/v2\/posts\/151581\/revisions"}],"wp:featuredmedia":[{"embeddable":true,"href":"https:\/\/analyse.optim.biz\/index.php?rest_route=\/wp\/v2\/media\/151582"}],"wp:attachment":[{"href":"https:\/\/analyse.optim.biz\/index.php?rest_route=%2Fwp%2Fv2%2Fmedia&parent=151581"}],"wp:term":[{"taxonomy":"category","embeddable":true,"href":"https:\/\/analyse.optim.biz\/index.php?rest_route=%2Fwp%2Fv2%2Fcategories&post=151581"},{"taxonomy":"post_tag","embeddable":true,"href":"https:\/\/analyse.optim.biz\/index.php?rest_route=%2Fwp%2Fv2%2Ftags&post=151581"}],"curies":[{"name":"wp","href":"https:\/\/api.w.org\/{rel}","templated":true}]}}