{"id":1515420,"date":"2026-01-28T16:48:40","date_gmt":"2026-01-28T13:48:40","guid":{"rendered":"https:\/\/analyse.optim.biz\/?p=1515420"},"modified":"2026-01-28T16:48:40","modified_gmt":"2026-01-28T13:48:40","slug":"marco-rubio-estados-unidos-no-se-plantea-ninguna-accion-militar-en-venezuela","status":"publish","type":"post","link":"https:\/\/analyse.optim.biz\/?p=1515420","title":{"rendered":"Marco Rubio: \u201cEstados Unidos no se plantea ninguna acci\u00f3n militar en Venezuela\u201d"},"content":{"rendered":"<article id=\"main-content\" class=\"a _g _g-lg _g-o\">\n<header class=\"a_e _g _g-xs\">\n<div class=\"a_e_txt _df\">\n<div class=\"a_k _df\"><a class=\"a_k_n\" href=\"https:\/\/elpais.com\/noticias\/estados-unidos\/\">Estados Unidos<\/a><\/div>\n<h1 class=\"a_t\">Marco Rubio: \u201cEstados Unidos no se plantea ninguna acci\u00f3n militar en Venezuela\u201d<\/h1>\n<p class=\"a_st\">\u201cNuestra relaci\u00f3n con el Gobierno de Delcy Rodr\u00edguez es productiva y respetuosa\u201d, ha asegurado el secretario de Estado en una comparecencia ante el Comit\u00e9 de Relaciones Exteriores del Senado para explicar los planes de Washington en el pa\u00eds sudamericano<\/p>\n<\/div>\n<div class='\"ph-v_t\"'>Marco Rubio descarta una acci\u00f3n militar estadounidense en Venezuela<\/div>\n<p>n      &#8220;}},&#8221;video_agency&#8221;:false,&#8221;alt_image&#8221;:&#8221;Marco Rubio descarta una acci\u00f3n militar estadounidense en Venezuela&#8221;},&#8221;url&#8221;:&#8221;https:\/\/cloudfront-eu-central-1.images.arcpublishing.com\/prisa\/2MMJU2A4GBEGBF4C5L57IKJFDE.jpg&#8221;,&#8221;alt&#8221;:&#8221;Marco Rubio descarta una acci\u00f3n militar estadounidense en Venezuela&#8221;,&#8221;ogWidth&#8221;:16,&#8221;ogHeight&#8221;:9,&#8221;floating&#8221;:false,&#8221;preset&#8221;:{&#8220;crops&#8221;:{&#8220;414w&#8221;:{&#8220;width&#8221;:414,&#8221;height&#8221;:233},&#8221;640w&#8221;:{&#8220;width&#8221;:828,&#8221;height&#8221;:466},&#8221;1000w&#8221;:{&#8220;width&#8221;:980,&#8221;height&#8221;:551},&#8221;1200w&#8221;:{&#8220;width&#8221;:1200,&#8221;height&#8221;:675}},&#8221;sizes&#8221;:&#8221;(min-width:1199px) 661px, (min-width: 1001px) calc((100vw &#8211; 385px)\/12*7 + 186px), (min-width:767px) 767px, 100vw&#8221;,&#8221;default&#8221;:&#8221;414w&#8221;},&#8221;resized_urls&#8221;:{&#8220;414&#215;0&#8243;:&#8221;3Qeo7op_1ecNMbmgudh4QWHzRoI=\/414&#215;0\/&#8221;,&#8221;640&#215;0&#8243;:&#8221;2bMwFfTVXEC4cQcTJw2gOOPePew=\/640&#215;0\/&#8221;,&#8221;1000&#215;0&#8243;:&#8221;gPDrhlELmOEuMhJJn3BSiVS8lAc=\/1000&#215;0\/&#8221;,&#8221;1200&#215;0&#8243;:&#8221;2hz7kVre0hYiKmG8eX19mYaoMKg=\/1200&#215;0\/&#8221;,&#8221;414&#215;414&#8243;:&#8221;bfuON4E-FeHyXG5qkuCVxxAflfI=\/414&#215;414\/&#8221;,&#8221;640&#215;640&#8243;:&#8221;DIP4LbPAqhv8eE9mIXcOIWyTVtI=\/640&#215;640\/&#8221;,&#8221;1000&#215;1000&#8243;:&#8221;LG9x9nnuiMq5iuMRq2AHBWQCRaw=\/1000&#215;1000\/&#8221;,&#8221;1200&#215;1200&#8243;:&#8221;Fy_IrpWvSAjLmjfuHIUfJ-fVY9A=\/1200&#215;1200\/&#8221;,&#8221;414&#215;311&#8243;:&#8221;78-wmYCZjx29I_FchvGseV7VZqA=\/414&#215;311\/&#8221;,&#8221;640&#215;480&#8243;:&#8221;wZdKP3ohGR06wybFN3F0xJ6lRos=\/640&#215;480\/&#8221;,&#8221;1000&#215;750&#8243;:&#8221;LacbMcDluBJcXBaEuXVqfx7ixKM=\/1000&#215;750\/&#8221;,&#8221;1200&#215;900&#8243;:&#8221;NN8ccgY28bnaFV0NG2gp-05MMoY=\/1200&#215;900\/&#8221;,&#8221;414&#215;233&#8243;:&#8221;upmZLv5dGeqjRrEkCWaSU5oNSvQ=\/414&#215;233\/&#8221;,&#8221;640&#215;360&#8243;:&#8221;Cjt9bFydQ9pxILczZrjM4PK7PqU=\/640&#215;360\/&#8221;,&#8221;1000&#215;563&#8243;:&#8221;3yTnbPvV_yBdJXnSv_hykDKFT0k=\/1000&#215;563\/&#8221;,&#8221;1200&#215;675&#8243;:&#8221;OdAgwEiaAkUDXXD0QcFUFcBq7s4=\/1200&#215;675\/&#8221;,&#8221;828&#215;0&#8243;:&#8221;Otx4j_6bm8EObViAmKQyaGQ4rX8=\/828&#215;0\/&#8221;,&#8221;980&#215;0&#8243;:&#8221;63ahE-Y7os2qCcAT7IP7vrsqIzs=\/980&#215;0\/&#8221;,&#8221;1960&#215;0&#8243;:&#8221;7uAHhkspEU2T7bUIukEETzP1i2I=\/1960&#215;0\/&#8221;,&#8221;828&#215;828&#8243;:&#8221;xsPcoKil_3N2Tspj_JF5owX5i6E=\/828&#215;828\/&#8221;,&#8221;980&#215;980&#8243;:&#8221;gnX3C2oWYqhW0poBhRt-DLGn17U=\/980&#215;980\/&#8221;,&#8221;1960&#215;1960&#8243;:&#8221;iGmZlKTACowtVhn6JaYPtKqDURI=\/1960&#215;1960\/&#8221;,&#8221;828&#215;621&#8243;:&#8221;Odej5jyekUjkNLUcegWyEX5ITZQ=\/828&#215;621\/&#8221;,&#8221;980&#215;735&#8243;:&#8221;ByuhpkZJND6SvUQLdXI99E6HUu8=\/980&#215;735\/&#8221;,&#8221;1960&#215;1470&#8243;:&#8221;PoVWmaqo2NNcHxYX8dwU9l-EIf4=\/1960&#215;1470\/&#8221;,&#8221;828&#215;466&#8243;:&#8221;D5SaXzvDuNX5qqWEXeN_nPv3bbM=\/828&#215;466\/&#8221;,&#8221;980&#215;551&#8243;:&#8221;hpNXtSffV1_KITtzJS1a-s3IoAI=\/980&#215;551\/&#8221;,&#8221;1960&#215;1103&#8243;:&#8221;-Xwsun54S0jGxK6nezh-s4qfngQ=\/1960&#215;1103\/&#8221;,&#8221;146&#215;110&#8243;:&#8221;HijXlc5bkw0ReEr08_0D8TaafWU=\/146&#215;110\/&#8221;,&#8221;292&#215;219&#8243;:&#8221;xj9pTI9JAGxXduhhLSFVhL18ewY=\/292&#215;219\/&#8221;,&#8221;290&#215;290&#8243;:&#8221;lCrSArvXHOwgXX_0xZALJWZRfV8=\/290&#215;290\/&#8221;,&#8221;145&#215;145&#8243;:&#8221;TCqqqgzE7PFy0_ZzRBwuvS-lOoc=\/145&#215;145\/&#8221;,&#8221;100&#215;100&#8243;:&#8221;j718QvTJNajPEZSsxptz8veBsng=\/100&#215;100\/&#8221;,&#8221;80&#215;80&#8243;:&#8221;wBszQ_MG_MyRCS-qcYhacMXoUBo=\/80&#215;80\/&#8221;,&#8221;117&#215;20&#8243;:&#8221;Mr6yeUX0cwLDxKlpD3vfKAuZOkQ=\/117&#215;20\/&#8221;,&#8221;35&#215;35&#8243;:&#8221;c6lqqXSihLVyy8LkRHzt3IDglJM=\/35&#215;35\/&#8221;,&#8221;643&#215;361&#8243;:&#8221;sVqLvSErAdjK4Ix_zpmFVT57bXc=\/643&#215;361\/&#8221;,&#8221;1286&#215;722&#8243;:&#8221;xfhrsNQb0ae_FdO7zEVUeFvFgUs=\/1286&#215;722\/&#8221;,&#8221;180&#215;180&#8243;:&#8221;0UAUP_Ph2w3loNdXdqVk9piZ0co=\/180&#215;180\/&#8221;,&#8221;300&#215;300&#8243;:&#8221;fZjVxU8USTlapQM7PW0oAhpz1fM=\/300&#215;300\/&#8221;,&#8221;260&#215;390&#8243;:&#8221;Zv3pUSkOXwAr3_afeTqfRmJzkBo=\/260&#215;390\/&#8221;,&#8221;400&#215;600&#8243;:&#8221;MNG30B0LQr08vClWj5rk9ZNY7y0=\/400&#215;600\/&#8221;,&#8221;220&#215;220&#8243;:&#8221;_F1T_ifTdiGegR6cqR0UcrjPF4c=\/220&#215;220\/&#8221;,&#8221;440&#215;440&#8243;:&#8221;qzFZ9AFhLfnJkxPW1CVEUBHF190=\/440&#215;440\/&#8221;,&#8221;660&#215;660&#8243;:&#8221;MlNhAIEPhF-wIUNAMSsj687AnM0=\/660&#215;660\/&#8221;},&#8221;resized_urls_v2&#8243;:{&#8220;414&#215;0&#8243;:&#8221;\/2MMJU2A4GBEGBF4C5L57IKJFDE.jpg?auth=01c1eb843fd5ce982044326035a86752a8eafe631ccc8d4ccb35c6ad6807463c&amp;width=414&#8243;,&#8221;640&#215;0&#8243;:&#8221;\/2MMJU2A4GBEGBF4C5L57IKJFDE.jpg?auth=01c1eb843fd5ce982044326035a86752a8eafe631ccc8d4ccb35c6ad6807463c&amp;width=640&#8243;,&#8221;1000&#215;0&#8243;:&#8221;\/2MMJU2A4GBEGBF4C5L57IKJFDE.jpg?auth=01c1eb843fd5ce982044326035a86752a8eafe631ccc8d4ccb35c6ad6807463c&amp;width=1000&#8243;,&#8221;1200&#215;0&#8243;:&#8221;\/2MMJU2A4GBEGBF4C5L57IKJFDE.jpg?auth=01c1eb843fd5ce982044326035a86752a8eafe631ccc8d4ccb35c6ad6807463c&amp;width=1200&#8243;,&#8221;414&#215;414&#8243;:&#8221;\/2MMJU2A4GBEGBF4C5L57IKJFDE.jpg?auth=01c1eb843fd5ce982044326035a86752a8eafe631ccc8d4ccb35c6ad6807463c&amp;width=414&amp;height=414&amp;smart=true&#8221;,&#8221;640&#215;640&#8243;:&#8221;\/2MMJU2A4GBEGBF4C5L57IKJFDE.jpg?auth=01c1eb843fd5ce982044326035a86752a8eafe631ccc8d4ccb35c6ad6807463c&amp;width=640&amp;height=640&amp;smart=true&#8221;,&#8221;1000&#215;1000&#8243;:&#8221;\/2MMJU2A4GBEGBF4C5L57IKJFDE.jpg?auth=01c1eb843fd5ce982044326035a86752a8eafe631ccc8d4ccb35c6ad6807463c&amp;width=1000&amp;height=1000&amp;smart=true&#8221;,&#8221;1200&#215;1200&#8243;:&#8221;\/2MMJU2A4GBEGBF4C5L57IKJFDE.jpg?auth=01c1eb843fd5ce982044326035a86752a8eafe631ccc8d4ccb35c6ad6807463c&amp;width=1200&amp;height=1200&amp;smart=true&#8221;,&#8221;414&#215;311&#8243;:&#8221;\/2MMJU2A4GBEGBF4C5L57IKJFDE.jpg?auth=01c1eb843fd5ce982044326035a86752a8eafe631ccc8d4ccb35c6ad6807463c&amp;width=414&amp;height=311&amp;smart=true&#8221;,&#8221;640&#215;480&#8243;:&#8221;\/2MMJU2A4GBEGBF4C5L57IKJFDE.jpg?auth=01c1eb843fd5ce982044326035a86752a8eafe631ccc8d4ccb35c6ad6807463c&amp;width=640&amp;height=480&amp;smart=true&#8221;,&#8221;1000&#215;750&#8243;:&#8221;\/2MMJU2A4GBEGBF4C5L57IKJFDE.jpg?auth=01c1eb843fd5ce982044326035a86752a8eafe631ccc8d4ccb35c6ad6807463c&amp;width=1000&amp;height=750&amp;smart=true&#8221;,&#8221;1200&#215;900&#8243;:&#8221;\/2MMJU2A4GBEGBF4C5L57IKJFDE.jpg?auth=01c1eb843fd5ce982044326035a86752a8eafe631ccc8d4ccb35c6ad6807463c&amp;width=1200&amp;height=900&amp;smart=true&#8221;,&#8221;414&#215;233&#8243;:&#8221;\/2MMJU2A4GBEGBF4C5L57IKJFDE.jpg?auth=01c1eb843fd5ce982044326035a86752a8eafe631ccc8d4ccb35c6ad6807463c&amp;width=414&amp;height=233&amp;smart=true&#8221;,&#8221;640&#215;360&#8243;:&#8221;\/2MMJU2A4GBEGBF4C5L57IKJFDE.jpg?auth=01c1eb843fd5ce982044326035a86752a8eafe631ccc8d4ccb35c6ad6807463c&amp;width=640&amp;height=360&amp;smart=true&#8221;,&#8221;1000&#215;563&#8243;:&#8221;\/2MMJU2A4GBEGBF4C5L57IKJFDE.jpg?auth=01c1eb843fd5ce982044326035a86752a8eafe631ccc8d4ccb35c6ad6807463c&amp;width=1000&amp;height=563&amp;smart=true&#8221;,&#8221;1200&#215;675&#8243;:&#8221;\/2MMJU2A4GBEGBF4C5L57IKJFDE.jpg?auth=01c1eb843fd5ce982044326035a86752a8eafe631ccc8d4ccb35c6ad6807463c&amp;width=1200&amp;height=675&amp;smart=true&#8221;,&#8221;828&#215;0&#8243;:&#8221;\/2MMJU2A4GBEGBF4C5L57IKJFDE.jpg?auth=01c1eb843fd5ce982044326035a86752a8eafe631ccc8d4ccb35c6ad6807463c&amp;width=828&#8243;,&#8221;980&#215;0&#8243;:&#8221;\/2MMJU2A4GBEGBF4C5L57IKJFDE.jpg?auth=01c1eb843fd5ce982044326035a86752a8eafe631ccc8d4ccb35c6ad6807463c&amp;width=980&#8243;,&#8221;1960&#215;0&#8243;:&#8221;\/2MMJU2A4GBEGBF4C5L57IKJFDE.jpg?auth=01c1eb843fd5ce982044326035a86752a8eafe631ccc8d4ccb35c6ad6807463c&amp;width=1960&#8243;,&#8221;828&#215;828&#8243;:&#8221;\/2MMJU2A4GBEGBF4C5L57IKJFDE.jpg?auth=01c1eb843fd5ce982044326035a86752a8eafe631ccc8d4ccb35c6ad6807463c&amp;width=828&amp;height=828&amp;smart=true&#8221;,&#8221;980&#215;980&#8243;:&#8221;\/2MMJU2A4GBEGBF4C5L57IKJFDE.jpg?auth=01c1eb843fd5ce982044326035a86752a8eafe631ccc8d4ccb35c6ad6807463c&amp;width=980&amp;height=980&amp;smart=true&#8221;,&#8221;1960&#215;1960&#8243;:&#8221;\/2MMJU2A4GBEGBF4C5L57IKJFDE.jpg?auth=01c1eb843fd5ce982044326035a86752a8eafe631ccc8d4ccb35c6ad6807463c&amp;width=1960&amp;height=1960&amp;smart=true&#8221;,&#8221;828&#215;621&#8243;:&#8221;\/2MMJU2A4GBEGBF4C5L57IKJFDE.jpg?auth=01c1eb843fd5ce982044326035a86752a8eafe631ccc8d4ccb35c6ad6807463c&amp;width=828&amp;height=621&amp;smart=true&#8221;,&#8221;980&#215;735&#8243;:&#8221;\/2MMJU2A4GBEGBF4C5L57IKJFDE.jpg?auth=01c1eb843fd5ce982044326035a86752a8eafe631ccc8d4ccb35c6ad6807463c&amp;width=980&amp;height=735&amp;smart=true&#8221;,&#8221;1960&#215;1470&#8243;:&#8221;\/2MMJU2A4GBEGBF4C5L57IKJFDE.jpg?auth=01c1eb843fd5ce982044326035a86752a8eafe631ccc8d4ccb35c6ad6807463c&amp;width=1960&amp;height=1470&amp;smart=true&#8221;,&#8221;828&#215;466&#8243;:&#8221;\/2MMJU2A4GBEGBF4C5L57IKJFDE.jpg?auth=01c1eb843fd5ce982044326035a86752a8eafe631ccc8d4ccb35c6ad6807463c&amp;width=828&amp;height=466&amp;smart=true&#8221;,&#8221;980&#215;551&#8243;:&#8221;\/2MMJU2A4GBEGBF4C5L57IKJFDE.jpg?auth=01c1eb843fd5ce982044326035a86752a8eafe631ccc8d4ccb35c6ad6807463c&amp;width=980&amp;height=551&amp;smart=true&#8221;,&#8221;1960&#215;1103&#8243;:&#8221;\/2MMJU2A4GBEGBF4C5L57IKJFDE.jpg?auth=01c1eb843fd5ce982044326035a86752a8eafe631ccc8d4ccb35c6ad6807463c&amp;width=1960&amp;height=1103&amp;smart=true&#8221;,&#8221;146&#215;110&#8243;:&#8221;\/2MMJU2A4GBEGBF4C5L57IKJFDE.jpg?auth=01c1eb843fd5ce982044326035a86752a8eafe631ccc8d4ccb35c6ad6807463c&amp;width=146&amp;height=110&amp;smart=true&#8221;,&#8221;292&#215;219&#8243;:&#8221;\/2MMJU2A4GBEGBF4C5L57IKJFDE.jpg?auth=01c1eb843fd5ce982044326035a86752a8eafe631ccc8d4ccb35c6ad6807463c&amp;width=292&amp;height=219&amp;smart=true&#8221;,&#8221;290&#215;290&#8243;:&#8221;\/2MMJU2A4GBEGBF4C5L57IKJFDE.jpg?auth=01c1eb843fd5ce982044326035a86752a8eafe631ccc8d4ccb35c6ad6807463c&amp;width=290&amp;height=290&amp;smart=true&#8221;,&#8221;145&#215;145&#8243;:&#8221;\/2MMJU2A4GBEGBF4C5L57IKJFDE.jpg?auth=01c1eb843fd5ce982044326035a86752a8eafe631ccc8d4ccb35c6ad6807463c&amp;width=145&amp;height=145&amp;smart=true&#8221;,&#8221;100&#215;100&#8243;:&#8221;\/2MMJU2A4GBEGBF4C5L57IKJFDE.jpg?auth=01c1eb843fd5ce982044326035a86752a8eafe631ccc8d4ccb35c6ad6807463c&amp;width=100&amp;height=100&amp;smart=true&#8221;,&#8221;80&#215;80&#8243;:&#8221;\/2MMJU2A4GBEGBF4C5L57IKJFDE.jpg?auth=01c1eb843fd5ce982044326035a86752a8eafe631ccc8d4ccb35c6ad6807463c&amp;width=80&amp;height=80&amp;smart=true&#8221;,&#8221;117&#215;20&#8243;:&#8221;\/2MMJU2A4GBEGBF4C5L57IKJFDE.jpg?auth=01c1eb843fd5ce982044326035a86752a8eafe631ccc8d4ccb35c6ad6807463c&amp;width=117&amp;height=20&amp;smart=true&#8221;,&#8221;35&#215;35&#8243;:&#8221;\/2MMJU2A4GBEGBF4C5L57IKJFDE.jpg?auth=01c1eb843fd5ce982044326035a86752a8eafe631ccc8d4ccb35c6ad6807463c&amp;width=35&amp;height=35&amp;smart=true&#8221;,&#8221;643&#215;361&#8243;:&#8221;\/2MMJU2A4GBEGBF4C5L57IKJFDE.jpg?auth=01c1eb843fd5ce982044326035a86752a8eafe631ccc8d4ccb35c6ad6807463c&amp;width=643&amp;height=361&amp;smart=true&#8221;,&#8221;1286&#215;722&#8243;:&#8221;\/2MMJU2A4GBEGBF4C5L57IKJFDE.jpg?auth=01c1eb843fd5ce982044326035a86752a8eafe631ccc8d4ccb35c6ad6807463c&amp;width=1286&amp;height=722&amp;smart=true&#8221;,&#8221;180&#215;180&#8243;:&#8221;\/2MMJU2A4GBEGBF4C5L57IKJFDE.jpg?auth=01c1eb843fd5ce982044326035a86752a8eafe631ccc8d4ccb35c6ad6807463c&amp;width=180&amp;height=180&amp;smart=true&#8221;,&#8221;300&#215;300&#8243;:&#8221;\/2MMJU2A4GBEGBF4C5L57IKJFDE.jpg?auth=01c1eb843fd5ce982044326035a86752a8eafe631ccc8d4ccb35c6ad6807463c&amp;width=300&amp;height=300&amp;smart=true&#8221;,&#8221;260&#215;390&#8243;:&#8221;\/2MMJU2A4GBEGBF4C5L57IKJFDE.jpg?auth=01c1eb843fd5ce982044326035a86752a8eafe631ccc8d4ccb35c6ad6807463c&amp;width=260&amp;height=390&amp;smart=true&#8221;,&#8221;400&#215;600&#8243;:&#8221;\/2MMJU2A4GBEGBF4C5L57IKJFDE.jpg?auth=01c1eb843fd5ce982044326035a86752a8eafe631ccc8d4ccb35c6ad6807463c&amp;width=400&amp;height=600&amp;smart=true&#8221;,&#8221;220&#215;220&#8243;:&#8221;\/2MMJU2A4GBEGBF4C5L57IKJFDE.jpg?auth=01c1eb843fd5ce982044326035a86752a8eafe631ccc8d4ccb35c6ad6807463c&amp;width=220&amp;height=220&amp;smart=true&#8221;,&#8221;440&#215;440&#8243;:&#8221;\/2MMJU2A4GBEGBF4C5L57IKJFDE.jpg?auth=01c1eb843fd5ce982044326035a86752a8eafe631ccc8d4ccb35c6ad6807463c&amp;width=440&amp;height=440&amp;smart=true&#8221;,&#8221;660&#215;660&#8243;:&#8221;\/2MMJU2A4GBEGBF4C5L57IKJFDE.jpg?auth=01c1eb843fd5ce982044326035a86752a8eafe631ccc8d4ccb35c6ad6807463c&amp;width=660&amp;height=660&amp;smart=true&#8221;}});<\/p>\n<div class=\"videoTop videoTop-v\">\n<div id=\"video_2026012815258236\">\n<div class=\"videoTop videoTop-ph\" id=\"ph_video_2026012815258236\">\n<div role=\"button\" class=\"posicionador\" aria-label=\"Reproducir v\u00eddeo\"><img loading=\"lazy\" decoding=\"async\" class=\"_re lazyload a_m-h\" height=\"233\" width=\"414\" src=\"https:\/\/analyse.optim.biz\/wp-content\/uploads\/2026\/01\/2mmju2a4gbegbf4c5l57ikjfde-1.jpg\" title=\"2mmju2a4gbegbf4c5l57ikjfde-1\"><\/p>\n<div class=\"_pa _df ph-v_b\">\n<div class=\"_df ph-v_c\">\n<div class=\"ph-v_d _dib\">03:01<\/div>\n<div class=\"ph-v_t\">Marco Rubio descarta una acci\u00f3n militar estadounidense en Venezuela<\/div>\n<\/div>\n<\/div>\n<\/div>\n<\/div>\n<\/div>\n<\/div><figcaption class=\"a_m_p\">Marco Rubio a su llegada al Capitolio, este mi\u00e9rcoles.<span class=\"a_m_m\"><span>Foto:<\/span>SHAWN THEW (EFE) | <span>V\u00eddeo:<\/span>EPV<\/span><\/figcaption><\/header>\n<div class=\"a_md _g _g-xs \">\n<figure class=\"a_md_i a_m-h c_m--nf\"><span class=\"a_m_w _db\"><img decoding=\"async\" alt=\"Macarena Vidal Liy\" class=\"_re lazyload a_m-h\" height=\"100\" width=\"100\" src=\"https:\/\/analyse.optim.biz\/wp-content\/uploads\/2026\/01\/https3a2f2fs3-amazonaws-com2farc-authors2fprisa2f78dec7b0-05a3-45b7-a676-f3c20c4a7238-3.jpg\" loading=\"lazy\" title=\"https3a2f2fs3-amazonaws-com2farc-authors2fprisa2f78dec7b0-05a3-45b7-a676-f3c20c4a7238-3\"><\/span><\/figure>\n<div class=\"a_md_txt\">\n<div class=\"a_md_a\" data-dtm-region=\"articulo_firma\"><a href=\"https:\/\/elpais.com\/autor\/macarena-vidal-liy\/#?rel=author_top\" title=\"Ver todas las noticias de Macarena Vidal Liy\" class=\"a_md_a_n\">Macarena Vidal Liy<\/a><\/div>\n<div class=\"a_md_f\"><span>Washington &#8211; <a href=\"https:\/\/elpais.com\/hemeroteca\/2026-01-28\/\" data-date=\"2026-01-28T17:48:40+01:00\"><time data-date=\"2026-01-28T17:48:40+01:00\" datetime=\"2026-01-28T17:48:40+01:00\" id=\"article_date_p\">28 ene 2026 &#8211; 17:48<abbr title=\"Central European Time\">CET<\/abbr><\/time><\/a><\/span><\/div>\n<div class=\"w_rs\" data-dtm-region=\"articulo_botonera-social\">\n<div class=\"w_rs_i\"><a class=\"_btn hidden\" href=\"\/\/send?text=Marco%20Rubio%3A%20%E2%80%9CEstados%20Unidos%20no%20se%20plantea%20ninguna%20acci%C3%B3n%20militar%20en%20Venezuela%E2%80%9D%0D%0A%0D%0Ahttps%3A%2F%2Felpais.com%2Finternacional%2F2026-01-28%2Fmarco-rubio-nuestra-relacion-con-el-gobierno-de-rodriguez-es-productiva-y-respetuosa.html%3Fssm=whatsapp_CC\" data-action=\"share\/whatsapp\/share\" data-param-description=\"Marco Rubio: \u201cEstados Unidos no se plantea ninguna acci\u00f3n militar en Venezuela\u201d\" data-param-href=\"https:\/\/elpais.com\/internacional\/2026-01-28\/marco-rubio-nuestra-relacion-con-el-gobierno-de-rodriguez-es-productiva-y-respetuosa.html\" data-param-text=\"Marco Rubio: \u201cEstados Unidos no se plantea ninguna acci\u00f3n militar en Venezuela\u201d https:\/\/elpais.com\/internacional\/2026-01-28\/marco-rubio-nuestra-relacion-con-el-gobierno-de-rodriguez-es-productiva-y-respetuosa.html\" data-param-url=\"https:\/\/elpais.com\/internacional\/2026-01-28\/marco-rubio-nuestra-relacion-con-el-gobierno-de-rodriguez-es-productiva-y-respetuosa.html\" target=\"_blank\" rel=\"noopener noreferrer\" data-share-track-dtm=\"whatsapp\" id=\"btn_share_whatsapp_3\"><span class=\"_sr\">Compartir en Whatsapp<\/span><\/a><\/div>\n<div class=\"w_rs_i\"><a class=\"_btn \" href=\"https:\/\/www.facebook.com\/dialog\/share?display=popup&amp;app_id=94039431626&amp;href=https%3A%2F%2Felpais.com%2Finternacional%2F2026-01-28%2Fmarco-rubio-nuestra-relacion-con-el-gobierno-de-rodriguez-es-productiva-y-respetuosa.html%3Fssm=FB_CC&amp;quote=Marco%20Rubio%3A%20%E2%80%9CEstados%20Unidos%20no%20se%20plantea%20ninguna%20acci%C3%B3n%20militar%20en%20Venezuela%E2%80%9D\" data-param-app_id=\"94039431626\" data-param-description=\"Marco Rubio: \u201cEstados Unidos no se plantea ninguna acci\u00f3n militar en Venezuela\u201d\" data-param-href=\"https:\/\/elpais.com\/internacional\/2026-01-28\/marco-rubio-nuestra-relacion-con-el-gobierno-de-rodriguez-es-productiva-y-respetuosa.html\" data-param-text=\"Marco Rubio: \u201cEstados Unidos no se plantea ninguna acci\u00f3n militar en Venezuela\u201d\" data-param-url=\"https:\/\/elpais.com\/internacional\/2026-01-28\/marco-rubio-nuestra-relacion-con-el-gobierno-de-rodriguez-es-productiva-y-respetuosa.html\" target=\"_blank\" rel=\"noopener noreferrer\" data-share-track-dtm=\"facebook\" id=\"btn_share_facebook_3\"><span class=\"_sr\">Compartir en Facebook<\/span><\/a><\/div>\n<div class=\"w_rs_i\"><a class=\"_btn \" href=\"https:\/\/twitter.com\/intent\/tweet?url=https%3A%2F%2Felpais.com%2Finternacional%2F2026-01-28%2Fmarco-rubio-nuestra-relacion-con-el-gobierno-de-rodriguez-es-productiva-y-respetuosa.html%3Fssm=TW_CC&amp;text=Marco%20Rubio%3A%20%E2%80%9CEstados%20Unidos%20no%20se%20plantea%20ninguna%20acci%C3%B3n%20militar%20en%20Venezuela%E2%80%9D&amp;via=el_pais&amp;lang=es\" data-param-description=\"Marco Rubio: \u201cEstados Unidos no se plantea ninguna acci\u00f3n militar en Venezuela\u201d\" data-param-href=\"https:\/\/elpais.com\/internacional\/2026-01-28\/marco-rubio-nuestra-relacion-con-el-gobierno-de-rodriguez-es-productiva-y-respetuosa.html\" data-param-text=\"Marco Rubio: \u201cEstados Unidos no se plantea ninguna acci\u00f3n militar en Venezuela\u201d via @el_pais\" data-param-url=\"https:\/\/elpais.com\/internacional\/2026-01-28\/marco-rubio-nuestra-relacion-con-el-gobierno-de-rodriguez-es-productiva-y-respetuosa.html\" target=\"_blank\" rel=\"noopener noreferrer\" data-share-track-dtm=\"twitter\" id=\"btn_share_twitter_3\"><span class=\"_sr\">Compartir en Twitter<\/span><\/a><\/div>\n<div class=\"w_rs_i\"><a class=\"_btn \" href=\"https:\/\/bsky.app\/intent\/compose?text=https%3A%2F%2Felpais.com%2Finternacional%2F2026-01-28%2Fmarco-rubio-nuestra-relacion-con-el-gobierno-de-rodriguez-es-productiva-y-respetuosa.html%3Fssm=bsky_CC\" data-param-description=\"Marco Rubio: \u201cEstados Unidos no se plantea ninguna acci\u00f3n militar en Venezuela\u201d\" data-param-href=\"https:\/\/elpais.com\/internacional\/2026-01-28\/marco-rubio-nuestra-relacion-con-el-gobierno-de-rodriguez-es-productiva-y-respetuosa.html\" data-param-text=\"Marco Rubio: \u201cEstados Unidos no se plantea ninguna acci\u00f3n militar en Venezuela\u201d\" data-param-url=\"https:\/\/elpais.com\/internacional\/2026-01-28\/marco-rubio-nuestra-relacion-con-el-gobierno-de-rodriguez-es-productiva-y-respetuosa.html\" target=\"_blank\" rel=\"noopener noreferrer\" data-share-track-dtm=\"bluesky\" id=\"btn_share_bluesky_3\"><span class=\"_sr\">Compartir en Bluesky<\/span><\/a><\/div>\n<div class=\"w_rs_i\"><a class=\"_btn \" href=\"https:\/\/www.linkedin.com\/sharing\/share-offsite\/?url=https%3A%2F%2Felpais.com%2Finternacional%2F2026-01-28%2Fmarco-rubio-nuestra-relacion-con-el-gobierno-de-rodriguez-es-productiva-y-respetuosa.html%3Fssm=LK_CC\" data-param-description=\"Marco Rubio: \u201cEstados Unidos no se plantea ninguna acci\u00f3n militar en Venezuela\u201d\" data-param-href=\"https:\/\/elpais.com\/internacional\/2026-01-28\/marco-rubio-nuestra-relacion-con-el-gobierno-de-rodriguez-es-productiva-y-respetuosa.html\" data-param-text=\"Marco Rubio: \u201cEstados Unidos no se plantea ninguna acci\u00f3n militar en Venezuela\u201d\" data-param-url=\"https:\/\/elpais.com\/internacional\/2026-01-28\/marco-rubio-nuestra-relacion-con-el-gobierno-de-rodriguez-es-productiva-y-respetuosa.html\" target=\"_blank\" rel=\"noopener noreferrer\" data-share-track-dtm=\"linkedin\" id=\"btn_share_linkedin_3\"><span class=\"_sr\">Compartir en Linkedin<\/span><\/a><\/div>\n<div class=\"w_rs_i\"><a class=\"_btn rs_l\" href=\"https:\/\/elpais.com\/internacional\/2026-01-28\/marco-rubio-nuestra-relacion-con-el-gobierno-de-rodriguez-es-productiva-y-respetuosa.html#?prm=copy_link\" data-share-track-dtm=\"copiar_url\" id=\"btn_share_link_73\"><span class=\"_sr\">Copiar enlace<\/span><\/a><\/div>\n<div class=\"w_rs_i\"><a class=\"_btn rs_c\" href=\"https:\/\/elpais.com\/internacional\/2026-01-28\/marco-rubio-nuestra-relacion-con-el-gobierno-de-rodriguez-es-productiva-y-respetuosa.html#comments_container\" aria-expanded=\"false\" aria-controls=\"me-c\" data-share-track-dtm=\"eskup\" id=\"btn_share_comments_73\"><span class=\"_sr\">Ir a los comentarios<\/span><\/a><\/div>\n<\/div>\n<\/div>\n<\/div>\n<div class=\"a_c clearfix\" data-dtm-region=\"articulo_cuerpo\">\n<p class>El secretario de Estado, Marco Rubio, ha descartado este mi\u00e9rcoles cualquier tipo de intervenci\u00f3n militar de Estados Unidos en Venezuela, apenas un d\u00eda despu\u00e9s de haber advertido al gobierno de Delcy Rodr\u00edguez con el uso de la fuerza si la presidenta en funciones no colaboraba lo suficiente con Washington. \u201cLes puedo asegurar con total certeza que no preparamos, ni tenemos la intenci\u00f3n, ni esperamos tener que tomar ninguna acci\u00f3n militar en Venezuela en ning\u00fan momento\u201d, ha declarado, tras describir la relaci\u00f3n con las autoridades provisionales en Caracas como \u201cproductiva y respetuosa\u201d, aunque \u201ca\u00fan queda mucho trabajo pendiente\u201d. <\/p>\n<p class>\u201cImportan los hechos, no las palabras\u201d, ha insistido en una audiencia ante el Comit\u00e9 de Relaciones Exteriores del Senado para explicar los planes de su Gobierno sobre Venezuela tras la intervenci\u00f3n militar del pasado d\u00eda 3 que captur\u00f3 al presidente Nicol\u00e1s Maduro y su esposa, Cilia Flores. La comparecencia de Rubio es la primera en p\u00fablico ante un comit\u00e9 del Congreso desde el pasado mayo.<\/p>\n<p class>Seg\u00fan Rubio, Washington est\u00e1 logrando \u201cm\u00e1s progresos\u201d en estas \u00faltimas cuatro semanas de lo que anticipaba antes de dar el visto bueno a aquella operaci\u00f3n. \u201cNo vamos a dar un giro de 180 grados a todo esto en una sola noche, pero estamos logrando buenos progresos. Es el mejor plan y desde luego estamos mejor en Venezuela de lo que est\u00e1bamos hace cuatro semanas. Creo y espero que estaremos mejor en tres meses, o en nueve, de lo que hubi\u00e9ramos estado si Maduro hubiera seguido donde estaba\u201d, ha sostenido. <\/p>\n<figure class=\"a_m a_m-h \"><span class=\"_db a_m_w _pr lb_btn\"><img decoding=\"async\" class=\"_re lazyload a_m-h\" height=\"277\" width=\"414\" src=\"https:\/\/analyse.optim.biz\/wp-content\/uploads\/2026\/01\/c4yn4iq2wrjezg3qxakl2jqmiy.jpg\" loading=\"lazy\" title=\"c4yn4iq2wrjezg3qxakl2jqmiy\"><\/span><figcaption class=\"a_m_p\" aria-hidden=\"true\"><span>Comparecencia de Marco Rubio, este mi\u00e9rcoles.<\/span><span class=\"a_m_m\">SHAWN THEW (EFE)<\/span><\/figcaption><\/figure>\n<p class>\u201cPor primera vez en veinte a\u00f1os estamos manteniendo conversaciones serias para reducir y eliminar la presencia iran\u00ed, la influencia de China, la presencia rusa tambi\u00e9n. Hay muchos elementos en Venezuela que dan la bienvenida al restablecimiento de relaciones con Estados Unidos en m\u00faltiples frentes\u201d, ha asegurado. <\/p>\n<p class>En una declaraci\u00f3n de apertura por escrito que hab\u00eda enviado la noche anterior al Comit\u00e9, y que finalmente no ley\u00f3 en la audiencia, el tambi\u00e9n consejero de Seguridad Nacional advert\u00eda de que Estados Unidos est\u00e1 dispuesto a utilizar la fuerza de nuevo en <a href=\"https:\/\/elpais.com\/america\/2026-01-28\/un-grupo-de-universitarios-se-encara-con-delcy-rodriguez-y-le-exige-liberaciones-en-venezuela-hay-mas-de-200-jovenes-presos-politicos.html\" rel title=\"https:\/\/elpais.com\/america\/2026-01-28\/un-grupo-de-universitarios-se-encara-con-delcy-rodriguez-y-le-exige-liberaciones-en-venezuela-hay-mas-de-200-jovenes-presos-politicos.html\">Venezuela<\/a> si decide que la presidenta en funciones, Delcy Rodr\u00edguez, no est\u00e1 cooperando con Washington <a href=\"https:\/\/elpais.com\/america\/2026-01-27\/trump-celebra-el-ritmo-rapido-de-excarcelaciones-en-venezuela-mientras-las-ong-exigen-libertad-plena-para-los-liberados.html\" rel title=\"https:\/\/elpais.com\/america\/2026-01-27\/trump-celebra-el-ritmo-rapido-de-excarcelaciones-en-venezuela-mientras-las-ong-exigen-libertad-plena-para-los-liberados.html\">al nivel que espera la Administraci\u00f3n de Donald Trump<\/a>. \u201cSupervisaremos de cerca la actuaci\u00f3n de las autoridades interinas en su cooperaci\u00f3n con nuestro plan por fases para restablecer la estabilidad de Venezuela. Que no quepa duda: como ha dicho el presidente (Donald Trump), estamos dispuestos a usar la fuerza para garantizar la m\u00e1xima cooperaci\u00f3n si otros m\u00e9todos no la consiguen\u201d, apuntaba. <\/p>\n<p class>Ante los senadores, insisti\u00f3 en que Trump es el comandante en jefe de las Fuerzas Armadas y, como tal, nunca descarta ninguna opci\u00f3n: \u201csi aparece una f\u00e1brica de drones iran\u00edes que amenaza nuestras fuerzas en la regi\u00f3n, el presidente se reserva la opci\u00f3n de eliminarla\u201d, matizaba.<\/p>\n<p class>El alto cargo tambi\u00e9n ha expresado su optimismo sobre la reapertura en un futuro pr\u00f3ximo de la embajada de Estados Unidos en Caracas y la normalizaci\u00f3n de las relaciones diplom\u00e1ticas bilaterales. Y sosten\u00eda que, hoy por hoy, la \u00fanica presencia militar de su pa\u00eds en Venezuela son los infantes de marina que protegen el edificio de la embajada.<\/p>\n<p class>El coste de la reapertura de esa legaci\u00f3n diplom\u00e1tica es el \u00fanico en el que est\u00e1 incurriendo su Administraci\u00f3n en el proceso en Venezuela, sostuvo. El resto vendr\u00e1 sufragado por el sector petrolero del pa\u00eds, su motor econ\u00f3mico, que Estados Unidos quiere restaurar y en el que pretende que sus empresas tengan una posici\u00f3n ventajosa. Washington ya ha venido 500 millones de d\u00f3lares de crudo venezolano, de los que ha entregado 300 millones al gobierno en Caracas y otros 200 millones permanecen en una cuenta bancaria. <\/p>\n<p class> El secretario de Estado ya compareci\u00f3 ante los legisladores a puerta cerrada inmediatamente despu\u00e9s de la operaci\u00f3n militar del d\u00eda 3. Entonces revel\u00f3 que <a href=\"https:\/\/elpais.com\/america\/2026-01-26\/trump-habla-sobre-venezuela-con-lula-que-recalca-la-importancia-de-la-estabilidad-regional.html\" rel title=\"https:\/\/elpais.com\/america\/2026-01-26\/trump-habla-sobre-venezuela-con-lula-que-recalca-la-importancia-de-la-estabilidad-regional.html\">el plan de tutelaje<\/a> que prev\u00e9 Estados Unidos para Venezuela se divide en tres fases: en la primera, la de estabilizaci\u00f3n, los trabajos se centrar\u00e1n en restablecer la infraestructura para que el pa\u00eds, y el sector petrolero que es su motor econ\u00f3mico, puedan funcionar. Despu\u00e9s llegar\u00e1 una etapa de recuperaci\u00f3n, sobre todo econ\u00f3mica, tras la que se producir\u00e1 una transici\u00f3n para la celebraci\u00f3n de elecciones democr\u00e1ticas. La Administraci\u00f3n Trump ha admitido que es un proceso que puede durar a\u00f1os.<\/p>\n<figure class=\"a_m a_m-h \"><span class=\"_db a_m_w _pr lb_btn\"><img decoding=\"async\" class=\"_re lazyload a_m-h\" height=\"295\" width=\"414\" src=\"https:\/\/analyse.optim.biz\/wp-content\/uploads\/2026\/01\/c5n3sharcrkbbfxa5mzqkhevbe.jpg\" loading=\"lazy\" title=\"c5n3sharcrkbbfxa5mzqkhevbe\"><\/span><figcaption class=\"a_m_p\" aria-hidden=\"true\"><span>Marco Rubio comparece en el Capitolio de Washington, esta ma\u00f1ana.<\/span><span class=\"a_m_m\">Nathan Howard (REUTERS)<\/span><\/figcaption><\/figure>\n<p class>Al final del proceso, apuntaba ahora Rubio, la idea es que exista \u201cuna Venezuela amistosa, estable, pr\u00f3spera y democr\u00e1tica, en la que todos los elementos de la sociedad est\u00e9n representados y se celebren elecciones justas y libres\u201d. Pero, apuntaba, esos comicios a\u00fan est\u00e1n lejanos en el futuro: \u201csi la oposici\u00f3n no tiene acceso a los medios, si los candidatos de oposici\u00f3n no pueden figurar en las papeletas a causa del gobierno, eso no son elecciones justas y libres. No vamos a llegar a unas elecciones justas y libres en solo tres semanas, es algo que llevar\u00e1 tiempo\u201d. <\/p>\n<p class>Y abund\u00f3 en esa idea al poner como ejemplo de transiciones pol\u00edticas la de Espa\u00f1a tras la muerte del dictador Francisco Franco en 1975. \u201cHay precedentes. Puedo mencionar varios ejemplos, como Espa\u00f1a o Paraguay, lugares donde hubo una transici\u00f3n de un r\u00e9gimen autocr\u00e1tico a una democracia, y llev\u00f3 tiempo\u201d. <\/p>\n<p class>El secretario de Estado se mostr\u00f3 abierto a que la l\u00edder de la oposici\u00f3n del pa\u00eds sudamericano, <a href=\"https:\/\/elpais.com\/internacional\/2026-01-22\/trump-anuncia-que-ha-vuelto-a-hablar-con-maria-corina-machado-me-gusta-mucho.html\" rel title=\"https:\/\/elpais.com\/internacional\/2026-01-22\/trump-anuncia-que-ha-vuelto-a-hablar-con-maria-corina-machado-me-gusta-mucho.html\">Mar\u00eda Corina Machado<\/a>, forme parte del proceso de transici\u00f3n, algo a lo que el propio Donald Trump tambi\u00e9n se ha mostrado abierto. Pero subrayaba que \u201cnos guste o no, el control de las armas y de las instituciones gubernamentales est\u00e1 en manos del r\u00e9gimen\u201d. <\/p>\n<p class>Rubio se reuni\u00f3 este mi\u00e9rcoles con Machado en un encuentro a puerta cerrada en el Departamento de Estado, inmediatamente despu\u00e9s de su comparecencia en el Senado. La conversaci\u00f3n se produjo dos semanas despu\u00e9s de que la premio Nobel regalara su galard\u00f3n a Trump durante una reuni\u00f3n privada en la Casa Blanca, a la que tambi\u00e9n asisti\u00f3 el exsenador hijo de exiliados cubanos. <\/p>\n<p class>En declaraciones tras la reuni\u00f3n, que se prolong\u00f3 m\u00e1s de una hora, Machado reclam\u00f3 que se produzca una \u201ctransici\u00f3n real\u201d en Venezuela y expres\u00f3 su disposici\u00f3n a trabajar para que se produzca. \u201cEsto no es una transici\u00f3n a la rusa, donde se quedan las mafias en el poder\u201d, aseguraba la premio Nobel, que en un comentario directo hacia la poblaci\u00f3n venezolana asegur\u00f3 que la liberaci\u00f3n de los presos pol\u00edticos es \u201cnuestra prioridad absoluta\u201d. M\u00e1s de 300 ya han sido liberados, pero a\u00fan faltan cerca de 700 por excarcelar, seg\u00fan sus cifras: \u201cno dejaremos luchar hasta que todos sean liberados\u201d, subrayaba.<\/p>\n<p class>La comparecencia de Rubio ante los senadores llegaba despu\u00e9s de que esta misma semana la presidenta en funciones venezolana haya declarado que su Gobierno no acepta \u201c\u00f3rdenes externas\u201d y Venezuela \u201cha tenido bastante\u201d de interferencia estadounidense. Preguntado por esas afirmaciones este mi\u00e9rcoles, Trump respondi\u00f3 que no la ha escuchado y, en cambio, subray\u00f3 su \u201cmuy buena relaci\u00f3n\u201d con las autoridades provisionales.<\/p>\n<p class>Acerca de la intervenci\u00f3n del d\u00eda 3, el alto cargo argument\u00f3 que durante meses, la Administraci\u00f3n estadounidense trat\u00f3 de dialogar con Maduro para que se marchase voluntariamente, pero \u201cno es alguien con quien se pueda negociar\u201d. <\/p>\n<p class>En su declaraci\u00f3n por escrito, Rubio describe la intervenci\u00f3n como una \u201coperaci\u00f3n judicial\u201d para capturar a \u201cdos narcotraficantes\u201d -Maduro y Flores- que ser\u00e1n juzgados en Estado Unidos. Su Administraci\u00f3n no considera que constituyese una ocupaci\u00f3n de territorio extranjero ni una guerra, por lo que -en su opini\u00f3n- no necesit\u00f3 pedir autorizaci\u00f3n previa del Congreso antes de que sus helic\u00f3pteros entraran en espacio a\u00e9reo venezolano, una posici\u00f3n que el mandatario reiter\u00f3 en su comparecencia.<\/p>\n<\/div>\n<div id=\"me-dis\" class=\"me _pf\">\n<div class=\"me_bg\">\n<div class=\"me-dis _pa _df\">\n<div class=\"me-dis_c\">\n<h2 class=\"me-dis_t\">Tu suscripci\u00f3n se est\u00e1 usando en otro dispositivo<\/h2>\n<p>\u00bfQuieres a\u00f1adir otro usuario a tu suscripci\u00f3n?<\/p>\n<div class=\"me-dis_l\"><a href=\"https:\/\/elpais.com\/suscripciones\/premium\/upgrade\/?utm_source=autopromo&amp;utm_medium=interno&amp;utm_campaign=YYYY_MM_capping_upgrade\" id=\"capping-upgrade\" class=\"btn\">A\u00f1adir usuario<\/a><a href=\"https:\/\/elpais.com\/internacional\/2026-01-28\/marco-rubio-nuestra-relacion-con-el-gobierno-de-rodriguez-es-productiva-y-respetuosa.html\" id=\"capping-continue\" class=\"btn btn-b\">Continuar leyendo aqu\u00ed<\/a><\/div>\n<p>Si contin\u00faas leyendo en este dispositivo, no se podr\u00e1 leer en el otro.<\/p>\n<p class=\"lk\"><a href=\"https:\/\/elpais.com\/internacional\/2026-01-28\/marco-rubio-nuestra-relacion-con-el-gobierno-de-rodriguez-es-productiva-y-respetuosa.html\" id=\"capping-show-more-button\">\u00bfPor qu\u00e9 est\u00e1s viendo esto?<\/a><\/p>\n<p><span class=\"arrow\" id=\"capping-arrow\">Flecha<\/span><\/p>\n<div class=\"me-dis_d\">\n<div class=\"me-dis_d_t\">\n<h2 class=\"enc\">Tu suscripci\u00f3n se est\u00e1 usando en otro dispositivo y solo puedes acceder a EL PA\u00cdS desde un dispositivo a la vez.<\/h2>\n<div class=\"tx\">\n<p>Si quieres compartir tu cuenta, cambia tu suscripci\u00f3n a la modalidad Premium, as\u00ed podr\u00e1s a\u00f1adir otro usuario. Cada uno acceder\u00e1 con su propia cuenta de email, lo que os permitir\u00e1 personalizar vuestra experiencia en EL PA\u00cdS.<\/p>\n<p>\u00bfTienes una suscripci\u00f3n de empresa? Accede <a target=\"_blank\" rel=\"noreferrer\" href=\"https:\/\/elpais.com\/suscripciones\/premium\/upgrade\/\">aqu\u00ed<\/a> para contratar m\u00e1s cuentas.<\/p>\n<p>En el caso de no saber qui\u00e9n est\u00e1 usando tu cuenta, te recomendamos cambiar tu contrase\u00f1a <a target=\"_blank\" rel=\"noreferrer\" href=\"https:\/\/elpais.com\/subscriptions\/#\/forgot-password\">aqu\u00ed.<\/a><\/p>\n<p>Si decides continuar compartiendo tu cuenta, este mensaje se mostrar\u00e1 en tu dispositivo y en el de la otra persona que est\u00e1 usando tu cuenta de forma indefinida, afectando a tu experiencia de lectura. Puedes <a target=\"_blank\" rel=\"noreferrer\" href=\"https:\/\/elpais.com\/suscripciones\/condiciones-generales-servicios\/\">consultar aqu\u00ed los t\u00e9rminos y condiciones de la suscripci\u00f3n digital.<\/a><\/p>\n<\/div>\n<\/div>\n<\/div>\n<\/div>\n<\/div>\n<\/div>\n<\/div>\n<aside class=\"w w-sea\">\n<h2 class=\"w_t\">Sobre la firma<\/h2>\n<div class=\"w_b\">\n<div class=\"_g _g-xs\">\n<figure class=\"w-sea_f a_m-h c_m--nf\"><span class=\"a_m_w _db\"><img decoding=\"async\" alt=\"Macarena Vidal Liy\" class=\"_re lazyload a_m-h\" height=\"100\" width=\"100\" src=\"https:\/\/analyse.optim.biz\/wp-content\/uploads\/2026\/01\/https3a2f2fs3-amazonaws-com2farc-authors2fprisa2f78dec7b0-05a3-45b7-a676-f3c20c4a7238-3.jpg\" loading=\"lazy\" title=\"https3a2f2fs3-amazonaws-com2farc-authors2fprisa2f78dec7b0-05a3-45b7-a676-f3c20c4a7238-3\"><\/span><\/figure>\n<div class=\"w-sea_txt\">\n<div class=\"_df\">\n<div class=\"w-sea_txt_na\"><a href=\"https:\/\/elpais.com\/autor\/macarena-vidal-liy\/\" rel=\"autor_bottom\">Macarena Vidal Liy<\/a><\/div>\n<\/div>\n<div class=\"w-sea_txt_da _dn\">Es corresponsal de EL PA\u00cdS en Washington. Previamente, trabaj\u00f3 en la corresponsal\u00eda del peri\u00f3dico en Asia, en la delegaci\u00f3n de EFE en Pek\u00edn, cubriendo la Casa Blanca y en el Reino Unido. Sigui\u00f3 como enviada especial conflictos en Bosnia-Herzegovina y Oriente Medio. Licenciada en Ciencias de la Informaci\u00f3n por la Universidad Complutense de Madrid. <\/div>\n<\/div>\n<\/div>\n<\/div>\n<\/aside>\n<aside class=\"w w-fid\">\n<div class=\"w_b\">\n<div class=\"w-fid_t\"><a href=\"https:\/\/plus.elpais.com\/newsletters\/lnp\/1\/334\/#?prm=not_newsletters_internacional\">Recibe el bolet\u00edn de Internacional<\/a><\/div>\n<div class=\"w-fid_s\">\n<div class=\"w_rs\">\n<div class=\"w_rs_i\"><a class=\"_btn\" href=\"https:\/\/www.facebook.com\/elpais\" rel=\"nofollow\"><span class=\"_sr\">Internacional El Pa\u00eds en Facebook<\/span><\/a><\/div>\n<div class=\"w_rs_i\"><a class=\"_btn\" href=\"https:\/\/www.instagram.com\/el_pais\/\" rel=\"nofollow\"><span class=\"_sr\">Internacional El Pa\u00eds en Instagram<\/span><\/a><\/div>\n<div class=\"w_rs_i\"><a class=\"_btn\" href=\"https:\/\/twitter.com\/el_pais\" rel=\"nofollow\"><span class=\"_sr\">Internacional El Pa\u00eds en Twitter<\/span><\/a><\/div>\n<\/div>\n<\/div>\n<\/div>\n<\/aside>\n<aside class=\"a_com w w-com _df\"><a class=\"a_com_l\" href=\"https:\/\/elpais.com\/info\/normas-de-participacion\/\">Normas \u203a<\/a><\/aside>\n<div class=\"me _pf\" id=\"me-c\">\n<div class=\"me_bg\">\n<div class=\"me-c _pa\" id=\"comments_container\" data-dtm-region=\"articulo_comentarios\">\n<div class=\"me_f me_f-os me_cc\"><a href=\"https:\/\/plus.elpais.com\/perfil\/actividad\/\">Mis comentarios<\/a><a href=\"https:\/\/elpais.com\/info\/normas-de-participacion\/\">Normas<\/a><\/div>\n<div class=\"me_f me_f-ns\"><span class=\"me_f_txt _db\">Rellena tu <b>nombre y apellido<\/b> para comentar<\/span><a href=\"https:\/\/plus.elpais.com\/autorization.html\/?prod=COM&amp;backURL=https%3A%2F%2Felpais.com%2Finternacional%2F2026-01-28%2Fmarco-rubio-nuestra-relacion-con-el-gobierno-de-rodriguez-es-productiva-y-respetuosa.html\" class=\"btn btn-2\">completar datos<\/a><\/div>\n<div class=\"me_f\" id=\"comments_msg\"><a class=\"btn btn-2\" href=\"https:\/\/elpais.com\/suscripciones\/#\/campaign?prod=SUSDIGCRART&amp;o=COM&amp;prm=suscrip_articulo_comentarios_el-pais&amp;backURL=https%3A%2F%2Felpais.com%2Finternacional%2F2026-01-28%2Fmarco-rubio-nuestra-relacion-con-el-gobierno-de-rodriguez-es-productiva-y-respetuosa.html\" id=\"comments_subscribe_link\" data-link-am=\"https:\/\/elpais.com\/suscripciones\/america\/#\/campaign?prod=SUSDIGCRARTAM&amp;o=COMAM&amp;prm=suscrip_articulo_comentarios_el-pais-america&amp;backURL=https%3A%2F%2Felpais.com%2Finternacional%2F2026-01-28%2Fmarco-rubio-nuestra-relacion-con-el-gobierno-de-rodriguez-es-productiva-y-respetuosa.html\" data-link-mx=\"https:\/\/elpais.com\/suscripciones\/america\/#\/campaign?prod=SUSDIGMX&amp;o=COMMX&amp;prm=suscrip_articulo_comentarios_el-pais-mexico&amp;backURL=https%3A%2F%2Felpais.com%2Finternacional%2F2026-01-28%2Fmarco-rubio-nuestra-relacion-con-el-gobierno-de-rodriguez-es-productiva-y-respetuosa.html\" data-link-co=\"https:\/\/elpais.com\/suscripciones\/america\/#\/campaign?prod=SUSDIGCOL&amp;o=COMCOL&amp;prm=suscrip_articulo_comentarios_el-pais_colombia&amp;backURL=https%3A%2F%2Felpais.com%2Finternacional%2F2026-01-28%2Fmarco-rubio-nuestra-relacion-con-el-gobierno-de-rodriguez-es-productiva-y-respetuosa.html\" data-link-ar=\"https:\/\/elpais.com\/suscripciones\/america\/#\/campaign?prod=SUSDIGCRARTAR&amp;o=COMAR&amp;backURL=https%3A%2F%2Felpais.com%2Finternacional%2F2026-01-28%2Fmarco-rubio-nuestra-relacion-con-el-gobierno-de-rodriguez-es-productiva-y-respetuosa.html\" data-link-cl=\"https:\/\/elpais.com\/suscripciones\/america\/#\/campaign?prod=SUSDIGCHILE&amp;o=COMCHILE&amp;backURL=https%3A%2F%2Felpais.com%2Finternacional%2F2026-01-28%2Fmarco-rubio-nuestra-relacion-con-el-gobierno-de-rodriguez-es-productiva-y-respetuosa.html\" data-link-us=\"https:\/\/elpais.com\/suscripciones\/america\/#\/campaign?prod=SUSDIGCRARTEUCAN&amp;o=COMUS&amp;prm=suscrip_articulo_comentarios_el-pais_eucan&amp;backURL=https%3A%2F%2Felpais.com%2Finternacional%2F2026-01-28%2Fmarco-rubio-nuestra-relacion-con-el-gobierno-de-rodriguez-es-productiva-y-respetuosa.html\">Suscr\u00edbete en El Pa\u00eds para participar<\/a><a class=\"btn btn-3\" href=\"https:\/\/elpais.com\/subscriptions\/#\/sign-in?prod=REG&amp;o=COM&amp;prm=login_articulo_comentarios_el-pais&amp;backURL=https%3A%2F%2Felpais.com%2Finternacional%2F2026-01-28%2Fmarco-rubio-nuestra-relacion-con-el-gobierno-de-rodriguez-es-productiva-y-respetuosa.html\" id=\"comments_login_link\" data-link-am=\"https:\/\/elpais.com\/subscriptions\/#\/sign-in?prod=REG&amp;o=COM&amp;prm=login_articulo_comentarios_el-pais-america&amp;backURL=https%3A%2F%2Felpais.com%2Finternacional%2F2026-01-28%2Fmarco-rubio-nuestra-relacion-con-el-gobierno-de-rodriguez-es-productiva-y-respetuosa.html\" data-link-mx=\"https:\/\/elpais.com\/subscriptions\/#\/sign-in?prod=REG&amp;o=COM&amp;prm=login_articulo_comentarios_el-pais-mexico&amp;backURL=https%3A%2F%2Felpais.com%2Finternacional%2F2026-01-28%2Fmarco-rubio-nuestra-relacion-con-el-gobierno-de-rodriguez-es-productiva-y-respetuosa.html\" data-link-co=\"https:\/\/elpais.com\/subscriptions\/#\/sign-in?prod=REG&amp;o=COM&amp;backURL=https%3A%2F%2Felpais.com%2Finternacional%2F2026-01-28%2Fmarco-rubio-nuestra-relacion-con-el-gobierno-de-rodriguez-es-productiva-y-respetuosa.html\" data-link-ar=\"https:\/\/elpais.com\/subscriptions\/#\/sign-in?prod=REG&amp;o=COM&amp;backURL=https%3A%2F%2Felpais.com%2Finternacional%2F2026-01-28%2Fmarco-rubio-nuestra-relacion-con-el-gobierno-de-rodriguez-es-productiva-y-respetuosa.html\" data-link-cl=\"https:\/\/elpais.com\/subscriptions\/#\/sign-in?prod=REG&amp;o=COM&amp;backURL=https%3A%2F%2Felpais.com%2Finternacional%2F2026-01-28%2Fmarco-rubio-nuestra-relacion-con-el-gobierno-de-rodriguez-es-productiva-y-respetuosa.html\" data-link-us=\"https:\/\/elpais.com\/subscriptions\/#\/sign-in?prod=REG&amp;o=COM&amp;backURL=https%3A%2F%2Felpais.com%2Finternacional%2F2026-01-28%2Fmarco-rubio-nuestra-relacion-con-el-gobierno-de-rodriguez-es-productiva-y-respetuosa.html\">Ya tengo una suscripci\u00f3n<\/a><\/div>\n<p>Please enable JavaScript to view the &lt;a href=&#8221;https:\/\/disqus.com\/?ref_noscript&#8221; rel=&#8221;nofollow&#8221;&gt; comments powered by Disqus.&lt;\/a&gt;<\/p><\/div>\n<\/div>\n<\/div>\n<aside class=\"w w-rel\" data-dtm-region=\"articulo_mas-informacion\">\n<h2 class=\"w_t\">M\u00e1s informaci\u00f3n<\/h2>\n<ul class=\"w_b _ls\">\n<li class=\"_g _g-xs w-rel_n\">\n<div class=\" a_m-h c_m--nf\"><span class=\"_db _pr\"><img decoding=\"async\" class=\"_re lazyload a_m-h\" height=\"311\" width=\"414\" src=\"https:\/\/analyse.optim.biz\/wp-content\/uploads\/2026\/01\/fqep7mjrxvdubn7r6jfizvbmya.jpg\" loading=\"lazy\" title=\"fqep7mjrxvdubn7r6jfizvbmya\"><\/span><\/div>\n<div class=\"nt\">\n<h3 class=\"nt_t\"><a href=\"https:\/\/elpais.com\/internacional\/2026-01-28\/trump-amenaza-a-iran-con-un-ataque-militar-similar-al-que-lanzo-en-venezuela-con-violencia-si-es-necesario.html#?rel=mas\">Trump amenaza a Ir\u00e1n con un ataque militar similar al que lanz\u00f3 en Venezuela: \u201cCon violencia, si es necesario\u201d<\/a><\/h3>\n<div class=\"nt_a\"><a href=\"https:\/\/elpais.com\/autor\/macarena-vidal-liy\/\" title=\"Ver todas las noticias de Macarena Vidal Liy\">Macarena Vidal Liy<\/a> \/ <a href=\"https:\/\/elpais.com\/autor\/antonio-pita-jimeno\/\" title=\"Ver todas las noticias de Antonio Pita\">Antonio Pita<\/a> | Washington \/ Jerusal\u00e9n<\/div>\n<\/div>\n<\/li>\n<li class=\"_g _g-xs w-rel_n\">\n<div class=\" a_m-h c_m--nf\"><span class=\"_db _pr\"><img decoding=\"async\" class=\"_re lazyload a_m-h\" height=\"311\" width=\"414\" src=\"https:\/\/analyse.optim.biz\/wp-content\/uploads\/2026\/01\/jnmjvcoag5mbtjpbn4m7pr2fw4.jpg\" loading=\"lazy\" title=\"jnmjvcoag5mbtjpbn4m7pr2fw4\"><\/span><\/div>\n<div class=\"nt\">\n<h3 class=\"nt_t\"><a href=\"https:\/\/elpais.com\/america\/2026-01-28\/marco-rubio-estados-unidos-usara-la-fuerza-si-rodriguez-no-coopera-en-venezuela.html#?rel=mas\">Marco Rubio: \u201cEstados Unidos usar\u00e1 la fuerza si Rodr\u00edguez no coopera en Venezuela\u201d<\/a><\/h3>\n<div class=\"nt_a\"><a href=\"https:\/\/elpais.com\/autor\/macarena-vidal-liy\/\" title=\"Ver todas las noticias de Macarena Vidal Liy\">Macarena Vidal Liy<\/a> | Washington<\/div>\n<\/div>\n<\/li>\n<\/ul>\n<\/aside>\n<section class=\"w w-ae\" data-dtm-region=\"articulo_archivado-en\">\n<h2 class=\"w_t\">Archivado En<\/h2>\n<div class=\"w_b\">\n<ul class=\"w_ul w_ul--mh _df _ls\">\n<li><a href=\"https:\/\/elpais.com\/noticias\/donald-trump\/#?rel=arch\" rel=\"noopener noreferrer\">Donald Trump<\/a><\/li>\n<li><a href=\"https:\/\/elpais.com\/noticias\/estados-unidos\/#?rel=arch\" rel=\"noopener noreferrer\">Estados Unidos<\/a><\/li>\n<li><a href=\"https:\/\/elpais.com\/noticias\/norteamerica\/#?rel=arch\" rel=\"noopener noreferrer\">Norteam\u00e9rica<\/a><\/li>\n<li><a href=\"https:\/\/elpais.com\/noticias\/america\/#?rel=arch\" rel=\"noopener noreferrer\">Am\u00e9rica<\/a><\/li>\n<li><a href=\"https:\/\/elpais.com\/noticias\/casa-blanca\/#?rel=arch\" rel=\"noopener noreferrer\">Casa Blanca<\/a><\/li>\n<li><a href=\"https:\/\/elpais.com\/noticias\/washington-dc\/#?rel=arch\" rel=\"noopener noreferrer\">Washington D.C.<\/a><\/li>\n<li><a href=\"https:\/\/elpais.com\/noticias\/preu-partido-republicano-estados-unidos\/#?rel=arch\" rel=\"noopener noreferrer\">Partido Republicano EE UU<\/a><\/li>\n<li><a href=\"https:\/\/elpais.com\/noticias\/politica\/#?rel=arch\" rel=\"noopener noreferrer\">Pol\u00edtica<\/a><\/li>\n<li><a href=\"https:\/\/elpais.com\/noticias\/marco-rubio\/#?rel=arch\" rel=\"noopener noreferrer\">Marco Rubio<\/a><\/li>\n<li><a href=\"https:\/\/elpais.com\/noticias\/venezuela\/#?rel=arch\" rel=\"noopener noreferrer\">Venezuela<\/a><\/li>\n<\/ul>\n<\/div>\n<\/section>\n<aside class=\"a_tp _df\">\n<div class=\"a_tp_txt\"><span class=\"a_tp_t\">Se adhiere a los criterios de<\/span><\/p>\n<figure class=\"a_m a_m-h c_m--nf\"><a class=\"a_tp_i _dib\" href=\"https:\/\/elpais.com\/estaticos\/que-es-the-trust-project\/\" target=\"_blank\" rel=\"noopener noreferrer nofollow\"><img decoding=\"async\" alt=\"The Trust Project\" class=\" lazyload a_m-h\" height=\"20\" width=\"117\" src=\"https:\/\/analyse.optim.biz\/wp-content\/uploads\/2026\/01\/the-trust-project-329.svg\" loading=\"lazy\" title=\"the-trust-project-329\"><\/a><\/figure>\n<p><a class=\"a_tp_mi\" href=\"https:\/\/elpais.com\/estaticos\/codigo-etico\/\" target=\"_blank\" rel=\"noopener noreferrer nofollow\">M\u00e1s informaci\u00f3n<\/a><\/div>\n<div class=\"a_tp_si\">Si est\u00e1 interesado en licenciar este contenido, pinche <a class=\"a_tp_si_l\" href=\"https:\/\/profesional.elpais.com\/soluciones-sindicacion\/?utm_medium=interno&amp;utm_source=crosslinking&amp;utm_campaign=sindicacion_ep_pie_articulos\" target=\"_blank\" rel=\"noopener noreferrer nofollow\">aqu\u00ed<\/a><\/div>\n<\/aside>\n<div class=\"a_o _pr\" data-dtm-region=\"articulo_right-rail\">\n<div id=\"elpais_gpt-MPU1\" data-adtype=\"MPU\" class=\"ad ad-mpu\"><span class=\"_dn\">_<\/span><\/div>\n<section class=\"w w-sc b_col\" data-dtm-region=\"articulo_ultimas-noticias\">\n<header class=\"w_h b_col_h\">\n<h3 class=\"w_t\"><a href=\"https:\/\/elpais.com\/ultimas-noticias\/\" rel=\"story-card-ultimas-noticias\">\u00daltimas noticias<\/a><\/h3>\n<\/header>\n<div class=\"w_b\">\n<article class=\"c  c--m-n   \" data-word=\"0\">\n<header class=\"c_h\"><time datetime=\"2026-01-29T02:49:41+01:00\" class=\"c_da\">02:49<\/time><\/p>\n<h2 class=\"c_t \"><a href=\"https:\/\/elpais.com\/america-colombia\/2026-01-29\/diogenes-quintero-el-lider-social-que-llevo-la-voz-del-catatumbo-al-congreso-y-murio-en-el-accidente-de-satena.html\">Di\u00f3genes Quintero, el l\u00edder social que llev\u00f3 la voz del Catatumbo al Congreso y muri\u00f3 en el accidente de Satena<\/a><\/h2>\n<\/header>\n<\/article>\n<article class=\"c  c--m-n   \" data-word=\"0\">\n<header class=\"c_h\"><time datetime=\"2026-01-29T01:51:50+01:00\" class=\"c_da\">01:51<\/time><\/p>\n<h2 class=\"c_t \"><a href=\"https:\/\/elpais.com\/mexico\/2026-01-29\/rumbo-al-mundial-asi-sera-el-recorrido-del-trofeo-de-la-fifa-por-mexico.html\">Rumbo al mundial: as\u00ed ser\u00e1 el recorrido del trofeo de la FIFA por M\u00e9xico<\/a><\/h2>\n<\/header>\n<\/article>\n<article class=\"c  c--m-n   \" data-word=\"0\">\n<header class=\"c_h\"><time datetime=\"2026-01-29T01:50:28+01:00\" class=\"c_da\">01:50<\/time><\/p>\n<h2 class=\"c_t \"><a href=\"https:\/\/elpais.com\/america-colombia\/2026-01-29\/lo-que-se-sabe-del-caso-de-las-frambuesas-envenenadas-con-talio-el-arresto-de-zulma-guzman-en-londres-y-el-avance-de-su-extradicion.html\">Lo que se sabe del caso de las frambuesas envenenadas con talio: el arresto de Zulma Guzm\u00e1n en Londres y el avance de su extradici\u00f3n<\/a><\/h2>\n<\/header>\n<\/article>\n<article class=\"c  c--m-n   \" data-word=\"0\">\n<header class=\"c_h\"><time datetime=\"2026-01-29T01:47:27+01:00\" class=\"c_da\">01:47<\/time><\/p>\n<h2 class=\"c_t \"><a href=\"https:\/\/elpais.com\/america\/2026-01-29\/america-latina-y-las-democracias-imperfectas-el-auge-de-los-liderazgos-autoritarios.html\">Am\u00e9rica Latina y las democracias imperfectas: el auge de los liderazgos autoritarios<\/a><\/h2>\n<\/header>\n<\/article>\n<\/div>\n<\/section>\n<aside class=\"w w-lmv\" data-dtm-region=\"articulo_lom\">\n<h2 class=\"w_t\"><a href=\"https:\/\/elpais.com\/lo-mas-visto\/\">Lo m\u00e1s visto<\/a><\/h2>\n<div class=\"w_b\">\n<ol class=\"_ls\">\n<li><a href=\"https:\/\/elpais.com\/economia\/2026-01-27\/trump-bendice-la-caida-del-dolar-va-muy-bien-miren-los-negocios-que-estamos-haciendo.html#?rel=lom\">Trump asegura que no le preocupa la ca\u00edda del d\u00f3lar: \u201cVa muy bien, miren los negocios que estamos haciendo\u201d<\/a><\/li>\n<li><a href=\"https:\/\/elpais.com\/espana\/2026-01-28\/ultima-hora-de-los-efectos-de-la-borrasca-kristin-en-directo.html#?rel=lom\">\u00daltima hora de la borrasca \u2018Kristin\u2019 &#8211;  28 de enero de 2026<\/a><\/li>\n<li><a href=\"https:\/\/elpais.com\/espana\/2026-01-27\/exmagistrados-del-supremo-garzon-o-carmena-cargan-contra-la-sentencia-a-garcia-ortiz-condena-la-presuncion-de-inocencia.html#?rel=lom\">Exmagistrados del Supremo, Garz\u00f3n o Carmena cargan contra la sentencia a Garc\u00eda Ortiz: \u201cCondena a la presunci\u00f3n de inocencia\u201d<\/a><\/li>\n<li><a href=\"https:\/\/elpais.com\/espana\/2026-01-27\/la-guardia-civil-investiga-a-un-hombre-por-robar-571-pinos-pinoneros-en-valladolid-y-utilizarlos-para-hacer-biomasa.html#?rel=lom\">La Guardia Civil investiga a un hombre por robar 571 pinos pi\u00f1oneros en Valladolid y utilizarlos para hacer biomasa<\/a><\/li>\n<li><a href=\"https:\/\/elpais.com\/internacional\/2026-01-27\/francia-y-espana-replican-a-rutte-que-no-es-ningun-sueno-que-europa-aspire-a-defenderse-sola.html#?rel=lom\">Francia y Espa\u00f1a replican a Rutte que no es \u201cning\u00fan sue\u00f1o\u201d que Europa aspire a defenderse sola<\/a><\/li>\n<\/ol>\n<\/div>\n<\/aside>\n<\/div>\n<\/article>\n<article class=\"c  c--m-n   \" data-word=\"0\">\n<header class=\"c_h\"><time datetime=\"2026-01-29T02:49:41+01:00\" class=\"c_da\">02:49<\/time><\/p>\n<h2 class=\"c_t \"><a href=\"https:\/\/elpais.com\/america-colombia\/2026-01-29\/diogenes-quintero-el-lider-social-que-llevo-la-voz-del-catatumbo-al-congreso-y-murio-en-el-accidente-de-satena.html\">Di\u00f3genes Quintero, el l\u00edder social que llev\u00f3 la voz del Catatumbo al Congreso y muri\u00f3 en el accidente de Satena<\/a><\/h2>\n<\/header>\n<\/article>\n<article class=\"c  c--m-n   \" data-word=\"0\">\n<header class=\"c_h\"><time datetime=\"2026-01-29T01:51:50+01:00\" class=\"c_da\">01:51<\/time><\/p>\n<h2 class=\"c_t \"><a href=\"https:\/\/elpais.com\/mexico\/2026-01-29\/rumbo-al-mundial-asi-sera-el-recorrido-del-trofeo-de-la-fifa-por-mexico.html\">Rumbo al mundial: as\u00ed ser\u00e1 el recorrido del trofeo de la FIFA por M\u00e9xico<\/a><\/h2>\n<\/header>\n<\/article>\n<article class=\"c  c--m-n   \" data-word=\"0\">\n<header class=\"c_h\"><time datetime=\"2026-01-29T01:50:28+01:00\" class=\"c_da\">01:50<\/time><\/p>\n<h2 class=\"c_t \"><a href=\"https:\/\/elpais.com\/america-colombia\/2026-01-29\/lo-que-se-sabe-del-caso-de-las-frambuesas-envenenadas-con-talio-el-arresto-de-zulma-guzman-en-londres-y-el-avance-de-su-extradicion.html\">Lo que se sabe del caso de las frambuesas envenenadas con talio: el arresto de Zulma Guzm\u00e1n en Londres y el avance de su extradici\u00f3n<\/a><\/h2>\n<\/header>\n<\/article>\n<article class=\"c  c--m-n   \" data-word=\"0\">\n<header class=\"c_h\"><time datetime=\"2026-01-29T01:47:27+01:00\" class=\"c_da\">01:47<\/time><\/p>\n<h2 class=\"c_t \"><a href=\"https:\/\/elpais.com\/america\/2026-01-29\/america-latina-y-las-democracias-imperfectas-el-auge-de-los-liderazgos-autoritarios.html\">Am\u00e9rica Latina y las democracias imperfectas: el auge de los liderazgos autoritarios<\/a><\/h2>\n<\/header>\n<\/article>\n<p> Source URL: https:\/\/elpais.com\/internacional\/2026-01-28\/marco-rubio-nuestra-relacion-con-el-gobierno-de-rodriguez-es-productiva-y-respetuosa.html<\/p>\n","protected":false},"excerpt":{"rendered":"<p>Estados Unidos Marco Rubio: \u201cEstados Unidos no se plantea ninguna acci\u00f3n militar en Venezuela\u201d \u201cNuestra relaci\u00f3n con el Gobierno de Delcy Rodr\u00edguez es productiva y respetuosa\u201d, ha asegurado el secretario de Estado en una comparecencia ante el Comit\u00e9 de Relaciones Exteriores del Senado para explicar los planes de Washington en el pa\u00eds sudamericano Marco Rubio [&hellip;]<\/p>\n","protected":false},"author":1,"featured_media":1515421,"comment_status":"open","ping_status":"","sticky":false,"template":"","format":"standard","meta":{"footnotes":""},"categories":[88],"tags":[92],"class_list":["post-1515420","post","type-post","status-publish","format-standard","has-post-thumbnail","hentry","category-spain","tag-elpais-com"],"_links":{"self":[{"href":"https:\/\/analyse.optim.biz\/index.php?rest_route=\/wp\/v2\/posts\/1515420","targetHints":{"allow":["GET"]}}],"collection":[{"href":"https:\/\/analyse.optim.biz\/index.php?rest_route=\/wp\/v2\/posts"}],"about":[{"href":"https:\/\/analyse.optim.biz\/index.php?rest_route=\/wp\/v2\/types\/post"}],"author":[{"embeddable":true,"href":"https:\/\/analyse.optim.biz\/index.php?rest_route=\/wp\/v2\/users\/1"}],"replies":[{"embeddable":true,"href":"https:\/\/analyse.optim.biz\/index.php?rest_route=%2Fwp%2Fv2%2Fcomments&post=1515420"}],"version-history":[{"count":0,"href":"https:\/\/analyse.optim.biz\/index.php?rest_route=\/wp\/v2\/posts\/1515420\/revisions"}],"wp:featuredmedia":[{"embeddable":true,"href":"https:\/\/analyse.optim.biz\/index.php?rest_route=\/wp\/v2\/media\/1515421"}],"wp:attachment":[{"href":"https:\/\/analyse.optim.biz\/index.php?rest_route=%2Fwp%2Fv2%2Fmedia&parent=1515420"}],"wp:term":[{"taxonomy":"category","embeddable":true,"href":"https:\/\/analyse.optim.biz\/index.php?rest_route=%2Fwp%2Fv2%2Fcategories&post=1515420"},{"taxonomy":"post_tag","embeddable":true,"href":"https:\/\/analyse.optim.biz\/index.php?rest_route=%2Fwp%2Fv2%2Ftags&post=1515420"}],"curies":[{"name":"wp","href":"https:\/\/api.w.org\/{rel}","templated":true}]}}