{"id":1515396,"date":"2026-01-28T19:58:50","date_gmt":"2026-01-28T16:58:50","guid":{"rendered":"https:\/\/analyse.optim.biz\/?p=1515396"},"modified":"2026-01-28T19:58:50","modified_gmt":"2026-01-28T16:58:50","slug":"mueren-15-personas-entre-ellas-el-congresista-diogenes-quintero-al-estrellarse-una-avioneta-de-satena-en-norte-de-santander","status":"publish","type":"post","link":"https:\/\/analyse.optim.biz\/?p=1515396","title":{"rendered":"Mueren 15 personas, entre ellas el congresista Di\u00f3genes Quintero, al estrellarse una avioneta de Satena en Norte de Santander"},"content":{"rendered":"<article id=\"main-content\" class=\"a _g _g-lg _g-o\">\n<header class=\"a_e _g _g-xs\">\n<div class=\"a_e_txt _df\">\n<div class=\"a_k _df\"><a class=\"a_k_n\" href=\"https:\/\/elpais.com\/noticias\/accidentes-aereos\/\">Accidentes a\u00e9reos<\/a><\/div>\n<h1 class=\"a_t\">Mueren 15 personas, entre ellas el congresista Di\u00f3genes Quintero, al estrellarse una avioneta de Satena en Norte de Santander<\/h1>\n<p class=\"a_st\">La aeronave, en la que tambi\u00e9n se desplazaban el candidato al Congreso Carlos Salcedo y parte de los equipos de trabajo de ambos, cubr\u00eda la ruta entre C\u00facuta y Oca\u00f1a<\/p>\n<\/div>\n<div class=\"a_e_m\">\n<figure class=\"a_m a_m-h \"><span class=\"a_m_w _db\"><img fetchpriority=\"high\" decoding=\"async\" class=\"_re  a_m-h\" height=\"276\" width=\"414\" src=\"https:\/\/analyse.optim.biz\/wp-content\/uploads\/2026\/01\/oiwohvolnrf3xooipfq7fap3cy-1.jpg\" loading=\"eager\" title=\"oiwohvolnrf3xooipfq7fap3cy-1\"><\/span><figcaption class=\"a_m_p\" aria-hidden=\"true\"><span>Restos del avi\u00f3n accidentado de Satena, en Norte de Santander, este mi\u00e9rcoles.<br \/>\n<\/span><span class=\"a_m_m\">Rastreo de Redes (EFE)<\/span><\/figcaption><\/figure>\n<\/div>\n<\/header>\n<div class=\"a_md _g _g-xs ni\">\n<div class=\"a_md_txt\">\n<div class=\"a_md_a\" data-dtm-region=\"articulo_firma\"><a href=\"https:\/\/elpais.com\/autor\/emma-jaramillo-bernat\/#?rel=author_top\" title=\"Ver todas las noticias de Emma Jaramillo Bernat\" class=\"a_md_a_n\">Emma Jaramillo Bernat<\/a><a href=\"https:\/\/elpais.com\/autor\/santiago-triana-sanchez\/#?rel=author_top\" title=\"Ver todas las noticias de Santiago Triana S\u00e1nchez\" class=\"a_md_a_n\">Santiago Triana S\u00e1nchez<\/a><a href=\"https:\/\/elpais.com\/autor\/diego-andres-stacey-salazar\/#?rel=author_top\" title=\"Ver todas las noticias de Diego Stacey\" class=\"a_md_a_n\">Diego Stacey<\/a><\/div>\n<div class=\"a_md_f\"><span>Bogot\u00e1 &#8211; <a href=\"https:\/\/elpais.com\/hemeroteca\/2026-01-28\/\" data-date=\"2026-01-28T20:58:50+01:00\"><time data-date=\"2026-01-28T20:58:50+01:00\" datetime=\"2026-01-28T20:58:50+01:00\" id=\"article_date_p\">28 ene. 2026 &#8211; 20:58<\/time><\/a><\/span><span><time class=\"sg\" id=\"article_date_u\" data-date=\"2026-01-29T00:14:47+01:00\" datetime=\"2026-01-29T00:14:47+01:00\"><abbr id=\"act_abb\" title=\"actualizado\">Actualizado: <\/abbr>29 ene. 2026 &#8211; 00:14<abbr title=\"Central European Time\">CET<\/abbr><\/time><\/span><\/div>\n<div class=\"w_rs\" data-dtm-region=\"articulo_botonera-social\">\n<div class=\"w_rs_i\"><a class=\"_btn hidden\" href=\"\/\/send?text=Mueren%2015%20personas%2C%20entre%20ellas%20el%20congresista%20Di%C3%B3genes%20Quintero%2C%20al%20estrellarse%20una%20avioneta%20de%20Satena%20en%20Norte%20de%20Santander%0D%0A%0D%0Ahttps%3A%2F%2Felpais.com%2Famerica-colombia%2F2026-01-28%2Fmuere-el-representante-diogenes-quintero-al-estrellarse-la-avioneta-de-satena-en-la-que-viajaba-en-norte-de-santander.html%3Fssm=whatsapp_CC\" data-action=\"share\/whatsapp\/share\" data-param-description=\"Mueren 15 personas, entre ellas el congresista Di\u00f3genes Quintero, al estrellarse una avioneta de Satena en Norte de Santander\" data-param-href=\"https:\/\/elpais.com\/america-colombia\/2026-01-28\/muere-el-representante-diogenes-quintero-al-estrellarse-la-avioneta-de-satena-en-la-que-viajaba-en-norte-de-santander.html\" data-param-text=\"Mueren 15 personas, entre ellas el congresista Di\u00f3genes Quintero, al estrellarse una avioneta de Satena en Norte de Santander https:\/\/elpais.com\/america-colombia\/2026-01-28\/muere-el-representante-diogenes-quintero-al-estrellarse-la-avioneta-de-satena-en-la-que-viajaba-en-norte-de-santander.html\" data-param-url=\"https:\/\/elpais.com\/america-colombia\/2026-01-28\/muere-el-representante-diogenes-quintero-al-estrellarse-la-avioneta-de-satena-en-la-que-viajaba-en-norte-de-santander.html\" target=\"_blank\" rel=\"noopener noreferrer\" data-share-track-dtm=\"whatsapp\" id=\"btn_share_whatsapp_333\"><span class=\"_sr\">Compartir en Whatsapp<\/span><\/a><\/div>\n<div class=\"w_rs_i\"><a class=\"_btn \" href=\"https:\/\/www.facebook.com\/dialog\/share?display=popup&amp;app_id=94039431626&amp;href=https%3A%2F%2Felpais.com%2Famerica-colombia%2F2026-01-28%2Fmuere-el-representante-diogenes-quintero-al-estrellarse-la-avioneta-de-satena-en-la-que-viajaba-en-norte-de-santander.html%3Fssm=FB_CC&amp;quote=Mueren%2015%20personas%2C%20entre%20ellas%20el%20congresista%20Di%C3%B3genes%20Quintero%2C%20al%20estrellarse%20una%20avioneta%20de%20Satena%20en%20Norte%20de%20Santander\" data-param-app_id=\"94039431626\" data-param-description=\"Mueren 15 personas, entre ellas el congresista Di\u00f3genes Quintero, al estrellarse una avioneta de Satena en Norte de Santander\" data-param-href=\"https:\/\/elpais.com\/america-colombia\/2026-01-28\/muere-el-representante-diogenes-quintero-al-estrellarse-la-avioneta-de-satena-en-la-que-viajaba-en-norte-de-santander.html\" data-param-text=\"Mueren 15 personas, entre ellas el congresista Di\u00f3genes Quintero, al estrellarse una avioneta de Satena en Norte de Santander\" data-param-url=\"https:\/\/elpais.com\/america-colombia\/2026-01-28\/muere-el-representante-diogenes-quintero-al-estrellarse-la-avioneta-de-satena-en-la-que-viajaba-en-norte-de-santander.html\" target=\"_blank\" rel=\"noopener noreferrer\" data-share-track-dtm=\"facebook\" id=\"btn_share_facebook_333\"><span class=\"_sr\">Compartir en Facebook<\/span><\/a><\/div>\n<div class=\"w_rs_i\"><a class=\"_btn \" href=\"https:\/\/twitter.com\/intent\/tweet?url=https%3A%2F%2Felpais.com%2Famerica-colombia%2F2026-01-28%2Fmuere-el-representante-diogenes-quintero-al-estrellarse-la-avioneta-de-satena-en-la-que-viajaba-en-norte-de-santander.html%3Fssm=TW_CC&amp;text=Mueren%2015%20personas%2C%20entre%20ellas%20el%20congresista%20Di%C3%B3genes%20Quintero%2C%20al%20estrellarse%20una%20avioneta%20de%20Satena%20en%20Norte%20de%20Santander&amp;via=elpaisamericaco&amp;lang=es\" data-param-description=\"Mueren 15 personas, entre ellas el congresista Di\u00f3genes Quintero, al estrellarse una avioneta de Satena en Norte de Santander\" data-param-href=\"https:\/\/elpais.com\/america-colombia\/2026-01-28\/muere-el-representante-diogenes-quintero-al-estrellarse-la-avioneta-de-satena-en-la-que-viajaba-en-norte-de-santander.html\" data-param-text=\"Mueren 15 personas, entre ellas el congresista Di\u00f3genes Quintero, al estrellarse una avioneta de Satena en Norte de Santander via @elpaisamericaco\" data-param-url=\"https:\/\/elpais.com\/america-colombia\/2026-01-28\/muere-el-representante-diogenes-quintero-al-estrellarse-la-avioneta-de-satena-en-la-que-viajaba-en-norte-de-santander.html\" target=\"_blank\" rel=\"noopener noreferrer\" data-share-track-dtm=\"twitter\" id=\"btn_share_twitter_333\"><span class=\"_sr\">Compartir en Twitter<\/span><\/a><\/div>\n<div class=\"w_rs_i\"><a class=\"_btn \" href=\"https:\/\/bsky.app\/intent\/compose?text=https%3A%2F%2Felpais.com%2Famerica-colombia%2F2026-01-28%2Fmuere-el-representante-diogenes-quintero-al-estrellarse-la-avioneta-de-satena-en-la-que-viajaba-en-norte-de-santander.html%3Fssm=bsky_CC\" data-param-description=\"Mueren 15 personas, entre ellas el congresista Di\u00f3genes Quintero, al estrellarse una avioneta de Satena en Norte de Santander\" data-param-href=\"https:\/\/elpais.com\/america-colombia\/2026-01-28\/muere-el-representante-diogenes-quintero-al-estrellarse-la-avioneta-de-satena-en-la-que-viajaba-en-norte-de-santander.html\" data-param-text=\"Mueren 15 personas, entre ellas el congresista Di\u00f3genes Quintero, al estrellarse una avioneta de Satena en Norte de Santander\" data-param-url=\"https:\/\/elpais.com\/america-colombia\/2026-01-28\/muere-el-representante-diogenes-quintero-al-estrellarse-la-avioneta-de-satena-en-la-que-viajaba-en-norte-de-santander.html\" target=\"_blank\" rel=\"noopener noreferrer\" data-share-track-dtm=\"bluesky\" id=\"btn_share_bluesky_333\"><span class=\"_sr\">Compartir en Bluesky<\/span><\/a><\/div>\n<div class=\"w_rs_i\"><a class=\"_btn \" href=\"https:\/\/www.linkedin.com\/sharing\/share-offsite\/?url=https%3A%2F%2Felpais.com%2Famerica-colombia%2F2026-01-28%2Fmuere-el-representante-diogenes-quintero-al-estrellarse-la-avioneta-de-satena-en-la-que-viajaba-en-norte-de-santander.html%3Fssm=LK_CC\" data-param-description=\"Mueren 15 personas, entre ellas el congresista Di\u00f3genes Quintero, al estrellarse una avioneta de Satena en Norte de Santander\" data-param-href=\"https:\/\/elpais.com\/america-colombia\/2026-01-28\/muere-el-representante-diogenes-quintero-al-estrellarse-la-avioneta-de-satena-en-la-que-viajaba-en-norte-de-santander.html\" data-param-text=\"Mueren 15 personas, entre ellas el congresista Di\u00f3genes Quintero, al estrellarse una avioneta de Satena en Norte de Santander\" data-param-url=\"https:\/\/elpais.com\/america-colombia\/2026-01-28\/muere-el-representante-diogenes-quintero-al-estrellarse-la-avioneta-de-satena-en-la-que-viajaba-en-norte-de-santander.html\" target=\"_blank\" rel=\"noopener noreferrer\" data-share-track-dtm=\"linkedin\" id=\"btn_share_linkedin_333\"><span class=\"_sr\">Compartir en Linkedin<\/span><\/a><\/div>\n<div class=\"w_rs_i\"><a class=\"_btn rs_l\" href=\"https:\/\/elpais.com\/america-colombia\/2026-01-28\/muere-el-representante-diogenes-quintero-al-estrellarse-la-avioneta-de-satena-en-la-que-viajaba-en-norte-de-santander.html#?prm=copy_link\" data-share-track-dtm=\"copiar_url\" id=\"btn_share_link_10\"><span class=\"_sr\">Copiar enlace<\/span><\/a><\/div>\n<div class=\"w_rs_i\"><a class=\"_btn rs_c\" href=\"https:\/\/elpais.com\/america-colombia\/2026-01-28\/muere-el-representante-diogenes-quintero-al-estrellarse-la-avioneta-de-satena-en-la-que-viajaba-en-norte-de-santander.html#comments_container\" aria-expanded=\"false\" aria-controls=\"me-c\" data-share-track-dtm=\"eskup\" id=\"btn_share_comments_10\"><span class=\"_sr\">Ir a los comentarios<\/span><\/a><\/div>\n<\/div>\n<\/div>\n<\/div>\n<div class=\"a_c clearfix\" data-dtm-region=\"articulo_cuerpo\">\n<p class>El representante a la C\u00e1mara por la curul de <a href=\"https:\/\/elpais.com\/america-colombia\/2026-01-18\/el-catatumbo-entra-a-su-segundo-ano-de-crisis-humanitaria-sin-senales-de-alivio.html\" target=\"_self\" rel title=\"https:\/\/elpais.com\/america-colombia\/2026-01-18\/el-catatumbo-entra-a-su-segundo-ano-de-crisis-humanitaria-sin-senales-de-alivio.html\">paz del Catatumbo<\/a>, Di\u00f3genes Quintero, y otras 14 personas han muerto este mi\u00e9rcoles al estrellarse la avioneta de la aerol\u00ednea estatal Satena en la que viajaban desde <a href=\"https:\/\/elpais.com\/america-colombia\/2025-02-23\/un-mes-de-terror-sin-tregua-en-el-catatumbo-mis-hijas-se-estan-muriendo-me-estoy-volviendo-loca.html\" target=\"_self\" rel title=\"https:\/\/elpais.com\/america-colombia\/2025-02-23\/un-mes-de-terror-sin-tregua-en-el-catatumbo-mis-hijas-se-estan-muriendo-me-estoy-volviendo-loca.html\">C\u00facuta<\/a> a Oca\u00f1a, dos ciudades ubicadas en el nororiente de Colombia. Entre los pasajeros tambi\u00e9n se encontraban Carlos Salcedo, candidato a la misma curul de paz, parte de los equipos de trabajo de ambos y dos tripulantes. No ha habido sobrevivientes en el siniestro. El accidente ha ocurrido en Curasica, <a href=\"https:\/\/elpais.com\/america-colombia\/2022-08-04\/la-colombia-olvidada-que-encuentra-gustavo-petro.html\" target=\"_self\" rel title=\"https:\/\/elpais.com\/america-colombia\/2022-08-04\/la-colombia-olvidada-que-encuentra-gustavo-petro.html\">zona rural del municipio de Playa de Bel\u00e9n<\/a> (Norte de Santander), en la regi\u00f3n del Catatumbo. <\/p>\n<p class>El accidente ha sido confirmado por el puesto de mando unificado (PMU) integrado por la Aeron\u00e1utica Civil y el Ministerio de Transporte tras conocerse la desaparici\u00f3n de la aeronave. El avi\u00f3n despeg\u00f3 del aeropuerto Camilo Daza, en C\u00facuta, a las 11.42, hora local, con un aterrizaje programado en Oca\u00f1a a las 12.05. La \u00faltima comunicaci\u00f3n que se tuvo con la aeronave \u2014un Beechcraft 1900 de matr\u00edcula HK4709 alquilado a Satena por la empresa privada Searca\u2014 ha sido a las 11.54, 12 minutos despu\u00e9s de su despegue desde C\u00facuta. El vuelo hasta Oca\u00f1a suele durar unos 25 minutos.<\/p>\n<div class=\"raw_html\">\n<div><\/div>\n<\/div>\n<p class>La \u00faltima coordenada detectada de la aeronave se localiz\u00f3 en una zona monta\u00f1osa entre el municipio de Playa de Bel\u00e9n y Hacar\u00ed. A media tarde, Satena ha indicado que el tiempo de autonom\u00eda de vuelo de la aeronave se agot\u00f3 a las 14.00. La aerol\u00ednea ha explicado adem\u00e1s que el localizador de emergencia de la avioneta no hab\u00eda sido activado.<\/p>\n<p class>Una vez conocida la desaparici\u00f3n, tres aviones de la Fuerza A\u00e9rea y dos m\u00e1s de la empresa Searca han empezado a sobrevolar los lugares donde se registr\u00f3 la \u00faltima informaci\u00f3n de ubicaci\u00f3n. La Aeron\u00e1utica Civil y el Ministerio de Transporte pusieron en marcha un plan de b\u00fasqueda para dar con la aeronave y activaron un puesto de mando unificado para atender la emergencia. Pasadas las 16.00 horas, y con ayuda de la poblaci\u00f3n de la zona, el PMU ha confirmado el siniestro de la aeronave. Los videos y fotos compartidos en redes sociales muestran al avi\u00f3n accidentado en una zona boscosa, completamente destruido.<\/p>\n<div class=\"raw_html\">\n<div><\/div>\n<\/div>\n<p class>El Ministerio de Transporte ha descartado de momento determinar las causas exactas del siniestro. Aunque varios medios locales han sugerido que la principal hip\u00f3tesis que se baraja es la variable clim\u00e1tica \u2014por las fuertes lluvias en la zona\u2014, las autoridades han recalcado que la investigaci\u00f3n tomar\u00e1 tiempo. La Aeron\u00e1utica Civil ha revelado en una rueda de prensa varios datos sobre la aeronave siniestrada. Fue fabricada en 1995, contaba con alrededor de 32.000 horas de vuelo y ten\u00eda los permisos vigentes para volar.<\/p>\n<p class>Las autoridades han confirmado que un equipo de investigadores se desplazar\u00e1 este jueves a primera hora a Oca\u00f1a y luego al sitio del impacto para analizar los factores de este accidente. Adem\u00e1s, la ministra Mar\u00eda Fernanda Rojas ha pedido a los habitantes de Curasica que no manipulen los restos de la aeronave para no afectar la investigaci\u00f3n.<\/p>\n<h3 class>Mensajes de condolencias<\/h3>\n<p class>El Gobierno ha enviado sus condolencias a los familiares de los fallecidos. El presidente Gustavo Petro ha publicado un breve mensaje en X: \u201cSiento mucho estos muertos. Toda mi solidaridad a sus familias y QEPD\u201d. El ministro del Interior, Armando Benedetti, ha lamentado \u201clas circunstancias en las que se dio el accidente\u201d y ha calificado el hecho de ser \u201cprofundamente doloroso\u201d; mientras que la ministra Rojas ha dicho que es \u201cun d\u00eda triste\u201d y ha explicado que \u201clos cuerpos de socorro llegaron a la zona con expectativa de rescate, pero lamentablemente no hubo sobrevivientes\u201d.<\/p>\n<p class>Los mensajes de condolencias no se han hecho esperar. El Partido de la U, al que pertenec\u00eda el representante Quintero, de 36 a\u00f1os, ha expresado su \u201cprofunda consternaci\u00f3n ante esta dolorosa p\u00e9rdida\u201d. \u201cDi\u00f3genes fue un l\u00edder comprometido con su regi\u00f3n, con una firme vocaci\u00f3n de servicio y un profundo sentido de responsabilidad p\u00fablica\u201d, ha lamentado el partido en un comunicado. Otros partidos como el Centro Democr\u00e1tico, la Alianza Verde o el Pacto Hist\u00f3rico tambi\u00e9n han compartido sus mensajes de p\u00e9same a las familias de los fallecidos.<\/p>\n<p class>Quintero era natural del municipio de Hacar\u00ed, en el Catatumbo, una de las regiones m\u00e1s golpeadas por el conflicto en Colombia. Fue elegido para ocupar la curul de paz por esa regi\u00f3n para la legislatura 2022-2026, y esperaba reelegirse como congresista en las elecciones legislativas del 8 de marzo pr\u00f3ximo. <\/p>\n<p class>En la aeronave siniestrada tambi\u00e9n se encontraban Carlos Salcedo, candidato a la curul de paz por la regi\u00f3n del Catatumbo; Natalia Cristina Acosta, asistente del representante Quintero; Juan David Pacheco, exconcejal de Oca\u00f1a, y su esposa, Mar\u00eda S\u00e1nchez.<\/p>\n<section class=\"a_de\" data-dtm-region=\"articulo_sumarioenlaces-despiece\">\n<h2 class=\"a_de_t\">La lista de los pasajeros fallecidos<\/h2>\n<div class=\"a_de_txt\">\n<ol>\n<li data-list=\"ordered\"><span>Mar\u00eda \u00c1lvarez Barbosa<\/span><\/li>\n<li data-list=\"ordered\"><span>Carlos M. Salcedo<\/span><\/li>\n<li data-list=\"ordered\"><span>Rolando Pe\u00f1aloza Gualdr\u00f3n<\/span><\/li>\n<li data-list=\"ordered\"><span>Mar\u00eda D\u00edaz Rodr\u00edguez<\/span><\/li>\n<li data-list=\"ordered\"><span>Maira Avenda\u00f1o Rinc\u00f3n<\/span><\/li>\n<li data-list=\"ordered\"><span>Anayisel Quintero<\/span><\/li>\n<li data-list=\"ordered\"><span>Karen Parales Vera<\/span><\/li>\n<li data-list=\"ordered\"><span>Anirley Julio Osorio<\/span><\/li>\n<li data-list=\"ordered\"><span>Gineth Rinc\u00f3n<\/span><\/li>\n<li data-list=\"ordered\"><span>Di\u00f3genes Quintero Amaya<\/span><\/li>\n<li data-list=\"ordered\"><span>Natalia Acosta Salcedo<\/span><\/li>\n<li data-list=\"ordered\"><span>Maira S\u00e1nchez Criado<\/span><\/li>\n<li data-list=\"ordered\"><span>Juan Pacheco Mej\u00eda<\/span><\/li>\n<li data-list=\"ordered\"><span>Capit\u00e1n Miguel Vanegas<\/span><\/li>\n<li data-list=\"ordered\"><span>Capit\u00e1n Jos\u00e9 de la Vega<\/span><\/li>\n<\/ol>\n<p><\/p>\n<\/div>\n<\/section>\n<\/div>\n<div id=\"me-dis\" class=\"me _pf\">\n<div class=\"me_bg\">\n<div class=\"me-dis _pa _df\">\n<div class=\"me-dis_c\">\n<h2 class=\"me-dis_t\">Tu suscripci\u00f3n se est\u00e1 usando en otro dispositivo<\/h2>\n<p>\u00bfQuieres a\u00f1adir otro usuario a tu suscripci\u00f3n?<\/p>\n<div class=\"me-dis_l\"><a href=\"https:\/\/elpais.com\/suscripciones\/premium\/upgrade\/?utm_source=autopromo&amp;utm_medium=interno&amp;utm_campaign=YYYY_MM_capping_upgrade\" id=\"capping-upgrade\" class=\"btn\">A\u00f1adir usuario<\/a><a href=\"https:\/\/elpais.com\/america-colombia\/2026-01-28\/muere-el-representante-diogenes-quintero-al-estrellarse-la-avioneta-de-satena-en-la-que-viajaba-en-norte-de-santander.html\" id=\"capping-continue\" class=\"btn btn-b\">Continuar leyendo aqu\u00ed<\/a><\/div>\n<p>Si contin\u00faas leyendo en este dispositivo, no se podr\u00e1 leer en el otro.<\/p>\n<p class=\"lk\"><a href=\"https:\/\/elpais.com\/america-colombia\/2026-01-28\/muere-el-representante-diogenes-quintero-al-estrellarse-la-avioneta-de-satena-en-la-que-viajaba-en-norte-de-santander.html\" id=\"capping-show-more-button\">\u00bfPor qu\u00e9 est\u00e1s viendo esto?<\/a><\/p>\n<p><span class=\"arrow\" id=\"capping-arrow\">Flecha<\/span><\/p>\n<div class=\"me-dis_d\">\n<div class=\"me-dis_d_t\">\n<h2 class=\"enc\">Tu suscripci\u00f3n se est\u00e1 usando en otro dispositivo y solo puedes acceder a EL PA\u00cdS desde un dispositivo a la vez.<\/h2>\n<div class=\"tx\">\n<p>Si quieres compartir tu cuenta, cambia tu suscripci\u00f3n a la modalidad Premium, as\u00ed podr\u00e1s a\u00f1adir otro usuario. Cada uno acceder\u00e1 con su propia cuenta de email, lo que os permitir\u00e1 personalizar vuestra experiencia en EL PA\u00cdS.<\/p>\n<p>\u00bfTienes una suscripci\u00f3n de empresa? Accede <a target=\"_blank\" rel=\"noreferrer\" href=\"https:\/\/elpais.com\/suscripciones\/premium\/upgrade\/\">aqu\u00ed<\/a> para contratar m\u00e1s cuentas.<\/p>\n<p>En el caso de no saber qui\u00e9n est\u00e1 usando tu cuenta, te recomendamos cambiar tu contrase\u00f1a <a target=\"_blank\" rel=\"noreferrer\" href=\"https:\/\/elpais.com\/subscriptions\/#\/forgot-password\">aqu\u00ed.<\/a><\/p>\n<p>Si decides continuar compartiendo tu cuenta, este mensaje se mostrar\u00e1 en tu dispositivo y en el de la otra persona que est\u00e1 usando tu cuenta de forma indefinida, afectando a tu experiencia de lectura. Puedes <a target=\"_blank\" rel=\"noreferrer\" href=\"https:\/\/elpais.com\/suscripciones\/condiciones-generales-servicios\/\">consultar aqu\u00ed los t\u00e9rminos y condiciones de la suscripci\u00f3n digital.<\/a><\/p>\n<\/div>\n<\/div>\n<\/div>\n<\/div>\n<\/div>\n<\/div>\n<\/div>\n<aside class=\"w w-fid\">\n<div class=\"w_b\">\n<div class=\"w-fid_t\"><a href=\"https:\/\/plus.elpais.com\/newsletters\/lnp\/1\/427\/#?prm=not_newsletters_colombia\">Reciba la newsletter de Colombia, con lo m\u00e1s relevante de la actualidad del pa\u00eds<\/a><\/div>\n<div class=\"w-fid_s\">\n<div class=\"w_rs\">\n<div class=\"w_rs_i\"><a class=\"_btn\" href=\"https:\/\/www.facebook.com\/elpaisamericacolombia\" rel=\"nofollow\"><span class=\"_sr\">America Colombia El Pa\u00eds Colombia en Facebook<\/span><\/a><\/div>\n<div class=\"w_rs_i\"><a class=\"_btn\" href=\"https:\/\/www.instagram.com\/elpaisamericacolombia\/\" rel=\"nofollow\"><span class=\"_sr\">America Colombia El Pa\u00eds Colombia en Instagram<\/span><\/a><\/div>\n<div class=\"w_rs_i\"><a class=\"_btn\" href=\"https:\/\/twitter.com\/ElPaisAmericaCo\" rel=\"nofollow\"><span class=\"_sr\">America Colombia El Pa\u00eds Colombia en Twitter<\/span><\/a><\/div>\n<div class=\"w_rs_i\"><a class=\"_btn\" href=\"https:\/\/www.whatsapp.com\/channel\/0029VZziBPSJUM2fSzXi7Q16\" rel=\"nofollow\"><span class=\"_sr\">America Colombia El Pa\u00eds Colombia en Whatsapp<\/span><\/a><\/div>\n<\/div>\n<\/div>\n<\/div>\n<\/aside>\n<aside class=\"a_com w w-com _df\"><a class=\"a_com_l\" href=\"https:\/\/elpais.com\/info\/normas-de-participacion\/\">Normas \u203a<\/a><\/aside>\n<div class=\"me _pf\" id=\"me-c\">\n<div class=\"me_bg\">\n<div class=\"me-c _pa\" id=\"comments_container\" data-dtm-region=\"articulo_comentarios\">\n<div class=\"me_f me_f-os me_cc\"><a href=\"https:\/\/plus.elpais.com\/perfil\/actividad\/\">Mis comentarios<\/a><a href=\"https:\/\/elpais.com\/info\/normas-de-participacion\/\">Normas<\/a><\/div>\n<div class=\"me_f me_f-ns\"><span class=\"me_f_txt _db\">Rellena tu <b>nombre y apellido<\/b> para comentar<\/span><a href=\"https:\/\/plus.elpais.com\/autorization.html\/?prod=COM&amp;backURL=https%3A%2F%2Felpais.com%2Famerica-colombia%2F2026-01-28%2Fmuere-el-representante-diogenes-quintero-al-estrellarse-la-avioneta-de-satena-en-la-que-viajaba-en-norte-de-santander.html\" class=\"btn btn-2\">completar datos<\/a><\/div>\n<div class=\"me_f\" id=\"comments_msg\"><a class=\"btn btn-2\" href=\"https:\/\/elpais.com\/suscripciones\/#\/campaign?prod=SUSDIGCRART&amp;o=COM&amp;prm=suscrip_articulo_comentarios_el-pais&amp;backURL=https%3A%2F%2Felpais.com%2Famerica-colombia%2F2026-01-28%2Fmuere-el-representante-diogenes-quintero-al-estrellarse-la-avioneta-de-satena-en-la-que-viajaba-en-norte-de-santander.html\" id=\"comments_subscribe_link\" data-link-am=\"https:\/\/elpais.com\/suscripciones\/america\/#\/campaign?prod=SUSDIGCRARTAM&amp;o=COMAM&amp;prm=suscrip_articulo_comentarios_el-pais-america&amp;backURL=https%3A%2F%2Felpais.com%2Famerica-colombia%2F2026-01-28%2Fmuere-el-representante-diogenes-quintero-al-estrellarse-la-avioneta-de-satena-en-la-que-viajaba-en-norte-de-santander.html\" data-link-mx=\"https:\/\/elpais.com\/suscripciones\/america\/#\/campaign?prod=SUSDIGMX&amp;o=COMMX&amp;prm=suscrip_articulo_comentarios_el-pais-mexico&amp;backURL=https%3A%2F%2Felpais.com%2Famerica-colombia%2F2026-01-28%2Fmuere-el-representante-diogenes-quintero-al-estrellarse-la-avioneta-de-satena-en-la-que-viajaba-en-norte-de-santander.html\" data-link-co=\"https:\/\/elpais.com\/suscripciones\/america\/#\/campaign?prod=SUSDIGCOL&amp;o=COMCOL&amp;prm=suscrip_articulo_comentarios_el-pais_colombia&amp;backURL=https%3A%2F%2Felpais.com%2Famerica-colombia%2F2026-01-28%2Fmuere-el-representante-diogenes-quintero-al-estrellarse-la-avioneta-de-satena-en-la-que-viajaba-en-norte-de-santander.html\" data-link-ar=\"https:\/\/elpais.com\/suscripciones\/america\/#\/campaign?prod=SUSDIGCRARTAR&amp;o=COMAR&amp;backURL=https%3A%2F%2Felpais.com%2Famerica-colombia%2F2026-01-28%2Fmuere-el-representante-diogenes-quintero-al-estrellarse-la-avioneta-de-satena-en-la-que-viajaba-en-norte-de-santander.html\" data-link-cl=\"https:\/\/elpais.com\/suscripciones\/america\/#\/campaign?prod=SUSDIGCHILE&amp;o=COMCHILE&amp;backURL=https%3A%2F%2Felpais.com%2Famerica-colombia%2F2026-01-28%2Fmuere-el-representante-diogenes-quintero-al-estrellarse-la-avioneta-de-satena-en-la-que-viajaba-en-norte-de-santander.html\" data-link-us=\"https:\/\/elpais.com\/suscripciones\/america\/#\/campaign?prod=SUSDIGCRARTEUCAN&amp;o=COMUS&amp;prm=suscrip_articulo_comentarios_el-pais_eucan&amp;backURL=https%3A%2F%2Felpais.com%2Famerica-colombia%2F2026-01-28%2Fmuere-el-representante-diogenes-quintero-al-estrellarse-la-avioneta-de-satena-en-la-que-viajaba-en-norte-de-santander.html\">Suscr\u00edbete en El Pa\u00eds para participar<\/a><a class=\"btn btn-3\" href=\"https:\/\/elpais.com\/subscriptions\/#\/sign-in?prod=REG&amp;o=COM&amp;prm=login_articulo_comentarios_el-pais&amp;backURL=https%3A%2F%2Felpais.com%2Famerica-colombia%2F2026-01-28%2Fmuere-el-representante-diogenes-quintero-al-estrellarse-la-avioneta-de-satena-en-la-que-viajaba-en-norte-de-santander.html\" id=\"comments_login_link\" data-link-am=\"https:\/\/elpais.com\/subscriptions\/#\/sign-in?prod=REG&amp;o=COM&amp;prm=login_articulo_comentarios_el-pais-america&amp;backURL=https%3A%2F%2Felpais.com%2Famerica-colombia%2F2026-01-28%2Fmuere-el-representante-diogenes-quintero-al-estrellarse-la-avioneta-de-satena-en-la-que-viajaba-en-norte-de-santander.html\" data-link-mx=\"https:\/\/elpais.com\/subscriptions\/#\/sign-in?prod=REG&amp;o=COM&amp;prm=login_articulo_comentarios_el-pais-mexico&amp;backURL=https%3A%2F%2Felpais.com%2Famerica-colombia%2F2026-01-28%2Fmuere-el-representante-diogenes-quintero-al-estrellarse-la-avioneta-de-satena-en-la-que-viajaba-en-norte-de-santander.html\" data-link-co=\"https:\/\/elpais.com\/subscriptions\/#\/sign-in?prod=REG&amp;o=COM&amp;backURL=https%3A%2F%2Felpais.com%2Famerica-colombia%2F2026-01-28%2Fmuere-el-representante-diogenes-quintero-al-estrellarse-la-avioneta-de-satena-en-la-que-viajaba-en-norte-de-santander.html\" data-link-ar=\"https:\/\/elpais.com\/subscriptions\/#\/sign-in?prod=REG&amp;o=COM&amp;backURL=https%3A%2F%2Felpais.com%2Famerica-colombia%2F2026-01-28%2Fmuere-el-representante-diogenes-quintero-al-estrellarse-la-avioneta-de-satena-en-la-que-viajaba-en-norte-de-santander.html\" data-link-cl=\"https:\/\/elpais.com\/subscriptions\/#\/sign-in?prod=REG&amp;o=COM&amp;backURL=https%3A%2F%2Felpais.com%2Famerica-colombia%2F2026-01-28%2Fmuere-el-representante-diogenes-quintero-al-estrellarse-la-avioneta-de-satena-en-la-que-viajaba-en-norte-de-santander.html\" data-link-us=\"https:\/\/elpais.com\/subscriptions\/#\/sign-in?prod=REG&amp;o=COM&amp;backURL=https%3A%2F%2Felpais.com%2Famerica-colombia%2F2026-01-28%2Fmuere-el-representante-diogenes-quintero-al-estrellarse-la-avioneta-de-satena-en-la-que-viajaba-en-norte-de-santander.html\">Ya tengo una suscripci\u00f3n<\/a><\/div>\n<p>Please enable JavaScript to view the &lt;a href=&#8221;https:\/\/disqus.com\/?ref_noscript&#8221; rel=&#8221;nofollow&#8221;&gt; comments powered by Disqus.&lt;\/a&gt;<\/p><\/div>\n<\/div>\n<\/div>\n<aside class=\"w w-rel\" data-dtm-region=\"articulo_mas-informacion\">\n<h2 class=\"w_t\">M\u00e1s informaci\u00f3n<\/h2>\n<ul class=\"w_b _ls\">\n<li class=\"_g _g-xs w-rel_n\">\n<div class=\" a_m-h c_m--nf\"><span class=\"_db _pr\"><img decoding=\"async\" class=\"_re lazyload a_m-h\" height=\"311\" width=\"414\" src=\"https:\/\/analyse.optim.biz\/wp-content\/uploads\/2026\/01\/cnckq3yg6jkajkda3inzuysera.jpg\" loading=\"lazy\" title=\"cnckq3yg6jkajkda3inzuysera\"><\/span><\/div>\n<div class=\"nt\">\n<h3 class=\"nt_t\"><a href=\"https:\/\/elpais.com\/america-colombia\/2026-01-11\/muere-el-cantante-yeison-jimenez-en-un-accidente-de-avioneta.html#?rel=mas\">Muere el cantante Yeison Jim\u00e9nez en un accidente de avioneta <\/a><\/h3>\n<div class=\"nt_a\"><a href=\"https:\/\/elpais.com\/autor\/noor-mahtani\/\" title=\"Ver todas las noticias de Noor Mahtani\">Noor Mahtani<\/a><\/div>\n<\/div>\n<\/li>\n<li class=\"_g _g-xs w-rel_n\">\n<div class=\" a_m-h c_m--nf\"><span class=\"_db _pr\"><img decoding=\"async\" class=\"_re lazyload a_m-h\" height=\"311\" width=\"414\" src=\"https:\/\/analyse.optim.biz\/wp-content\/uploads\/2026\/01\/z7grffl7b5bojcyn7jctep6oay.jpg\" loading=\"lazy\" title=\"z7grffl7b5bojcyn7jctep6oay\"><\/span><\/div>\n<div class=\"nt\">\n<h3 class=\"nt_t\"><a href=\"https:\/\/elpais.com\/internacional\/2026-01-08\/vuelo-mh370-tercer-intento-para-resolver-el-mayor-misterio-de-la-aviacion-comercial.html#?rel=mas\">Vuelo MH370 de Malaysia Airlines, tercer intento para resolver el mayor misterio de la aviaci\u00f3n comercial<\/a><\/h3>\n<div class=\"nt_a\"><a href=\"https:\/\/elpais.com\/autor\/inmaculada-bonet-bailen\/\" title=\"Ver todas las noticias de Inma Bonet\">Inma Bonet<\/a> | Pek\u00edn<\/div>\n<\/div>\n<\/li>\n<\/ul>\n<\/aside>\n<section class=\"w w-ae\" data-dtm-region=\"articulo_archivado-en\">\n<h2 class=\"w_t\">Archivado En<\/h2>\n<div class=\"w_b\">\n<ul class=\"w_ul w_ul--mh _df _ls\">\n<li><a href=\"https:\/\/elpais.com\/noticias\/colombia\/#?rel=arch\" rel=\"noopener noreferrer\">Colombia<\/a><\/li>\n<li><a href=\"https:\/\/elpais.com\/noticias\/america\/#?rel=arch\" rel=\"noopener noreferrer\">Am\u00e9rica<\/a><\/li>\n<li><a href=\"https:\/\/elpais.com\/noticias\/latinoamerica\/#?rel=arch\" rel=\"noopener noreferrer\">Latinoam\u00e9rica<\/a><\/li>\n<li><a href=\"https:\/\/elpais.com\/noticias\/accidentes-aereos\/#?rel=arch\" rel=\"noopener noreferrer\">Accidentes a\u00e9reos<\/a><\/li>\n<li><a href=\"https:\/\/elpais.com\/noticias\/santander\/#?rel=arch\" rel=\"noopener noreferrer\">Santander<\/a><\/li>\n<li><a href=\"https:\/\/elpais.com\/noticias\/accidentes\/#?rel=arch\" rel=\"noopener noreferrer\">Accidentes<\/a><\/li>\n<\/ul>\n<\/div>\n<\/section>\n<aside class=\"a_tp _df\">\n<div class=\"a_tp_txt\"><span class=\"a_tp_t\">Se adhiere a los criterios de<\/span><\/p>\n<figure class=\"a_m a_m-h c_m--nf\"><a class=\"a_tp_i _dib\" href=\"https:\/\/elpais.com\/estaticos\/que-es-the-trust-project\/\" target=\"_blank\" rel=\"noopener noreferrer nofollow\"><img decoding=\"async\" alt=\"The Trust Project\" class=\" lazyload a_m-h\" height=\"20\" width=\"117\" src=\"https:\/\/analyse.optim.biz\/wp-content\/uploads\/2026\/01\/the-trust-project-327.svg\" loading=\"lazy\" title=\"the-trust-project-327\"><\/a><\/figure>\n<p><a class=\"a_tp_mi\" href=\"https:\/\/elpais.com\/estaticos\/codigo-etico\/\" target=\"_blank\" rel=\"noopener noreferrer nofollow\">M\u00e1s informaci\u00f3n<\/a><\/div>\n<div class=\"a_tp_si\">Si est\u00e1 interesado en licenciar este contenido, pinche <a class=\"a_tp_si_l\" href=\"https:\/\/profesional.elpais.com\/soluciones-sindicacion\/?utm_medium=interno&amp;utm_source=crosslinking&amp;utm_campaign=sindicacion_ep_pie_articulos\" target=\"_blank\" rel=\"noopener noreferrer nofollow\">aqu\u00ed<\/a><\/div>\n<\/aside>\n<div class=\"a_o _pr\" data-dtm-region=\"articulo_right-rail\">\n<div id=\"elpais_gpt-MPU1\" data-adtype=\"MPU\" class=\"ad ad-mpu\"><span class=\"_dn\">_<\/span><\/div>\n<section class=\"w w-sc b_col\" data-dtm-region=\"articulo_ultimas-noticias\">\n<header class=\"w_h b_col_h\">\n<h3 class=\"w_t\"><a href=\"https:\/\/elpais.com\/ultimas-noticias\/\" rel=\"story-card-ultimas-noticias\">\u00daltimas noticias<\/a><\/h3>\n<\/header>\n<div class=\"w_b\">\n<article class=\"c c-o  c--m-n   \" data-word=\"0\">\n<header class=\"c_h\"><time datetime=\"2026-01-29T05:15:00+01:00\" class=\"c_da\">05:15<\/time><\/p>\n<h2 class=\"c_t c_t-i \"><a href=\"https:\/\/elpais.com\/videos\/2026-01-29\/como-un-hombre-puede-ayudar-a-una-mujer-que-va-sola-de-noche.html\">C\u00f3mo un hombre puede ayudar a una mujer que va sola de noche <\/a><\/h2>\n<\/header>\n<\/article>\n<article class=\"c  c--m-n   \" data-word=\"0\">\n<header class=\"c_h\"><time datetime=\"2026-01-29T05:15:00+01:00\" class=\"c_da\">05:15<\/time><\/p>\n<h2 class=\"c_t \"><a href=\"https:\/\/elpais.com\/videos\/2026-01-29\/por-que-trump-eligio-minnesota-para-dar-ejemplo-con-el-ice-y-por-que-le-ha-salido-mal.html?autoplay=1\">Por qu\u00e9 Trump eligi\u00f3 Minnesota para dar ejemplo con el ICE y por qu\u00e9 le ha salido mal<\/a><\/h2>\n<\/header>\n<\/article>\n<article class=\"c  c--m-n   \" data-word=\"0\">\n<header class=\"c_h\"><time datetime=\"2026-01-29T05:15:00+01:00\" class=\"c_da\">05:15<\/time><\/p>\n<h2 class=\"c_t \"><a href=\"https:\/\/elpais.com\/deportes\/tenis\/2026-01-29\/zverev-una-herida-que-no-cierra-y-un-paso-al-frente-en-busca-del-grande-que-se-le-resiste.html\">Zverev, una herida que no cierra y un paso al frente en busca del grande que se le resiste <\/a><\/h2>\n<\/header>\n<\/article>\n<article class=\"c  c--m-n   \" data-word=\"0\">\n<header class=\"c_h\"><time datetime=\"2026-01-29T02:49:41+01:00\" class=\"c_da\">02:49<\/time><\/p>\n<h2 class=\"c_t \"><a href=\"https:\/\/elpais.com\/america-colombia\/2026-01-29\/diogenes-quintero-el-lider-social-que-llevo-la-voz-del-catatumbo-al-congreso-y-murio-en-el-accidente-de-satena.html\">Di\u00f3genes Quintero, el l\u00edder social que llev\u00f3 la voz del Catatumbo al Congreso y muri\u00f3 en el accidente de Satena<\/a><\/h2>\n<\/header>\n<\/article>\n<\/div>\n<\/section>\n<aside class=\"w w-lmv\" data-dtm-region=\"articulo_lom\">\n<h2 class=\"w_t\"><a href=\"https:\/\/elpais.com\/lo-mas-visto\/\">Lo m\u00e1s visto<\/a><\/h2>\n<div class=\"w_b\">\n<ol class=\"_ls\">\n<li><a href=\"https:\/\/elpais.com\/america-colombia\/2026-01-28\/petro-reactiva-su-discurso-anti-trump-deben-devolver-a-maduro-y-que-lo-juzgue-un-tribunal-venezolano.html#?rel=lom\">Petro reactiva su discurso anti-Trump: \u201cDeben devolver a Maduro, y que lo juzgue un tribunal venezolano\u201d <\/a><\/li>\n<li><a href=\"https:\/\/elpais.com\/america-colombia\/2026-01-23\/la-unidad-de-busqueda-confirma-el-hallazgo-del-cuerpo-del-cura-guerrillero-camilo-torres-icono-de-la-izquierda-colombiana.html#?rel=lom\">Un grupo de forenses identifica el cuerpo del cura guerrillero Camilo Torres, \u00edcono de la izquierda colombiana<\/a><\/li>\n<li><a href=\"https:\/\/elpais.com\/america-colombia\/2026-01-28\/muere-el-representante-diogenes-quintero-al-estrellarse-la-avioneta-de-satena-en-la-que-viajaba-en-norte-de-santander.html#?rel=lom\">Mueren 15 personas, entre ellas el congresista Di\u00f3genes Quintero, al estrellarse una avioneta de Satena en Norte de Santander<\/a><\/li>\n<li><a href=\"https:\/\/elpais.com\/america-colombia\/2026-01-27\/como-consultar-si-fue-elegido-jurado-de-votacion-para-las-elecciones-del-8-de-marzo.html#?rel=lom\">C\u00f3mo consultar si fue elegido jurado de votaci\u00f3n para las elecciones del 8 de marzo <\/a><\/li>\n<li><a href=\"https:\/\/elpais.com\/america-colombia\/2026-01-26\/el-dolor-de-perder-a-16-companeros-de-colegio-en-un-accidente-soy-el-unico-de-mis-amigos-que-sobrevivio.html#?rel=lom\">El dolor de perder a 16 compa\u00f1eros de colegio en un accidente: \u201cSoy el \u00fanico de mis amigos que sobrevivi\u00f3\u201d<\/a><\/li>\n<\/ol>\n<\/div>\n<\/aside>\n<\/div>\n<\/article>\n<article class=\"c c-o  c--m-n   \" data-word=\"0\">\n<header class=\"c_h\"><time datetime=\"2026-01-29T05:15:00+01:00\" class=\"c_da\">05:15<\/time><\/p>\n<h2 class=\"c_t c_t-i \"><a href=\"https:\/\/elpais.com\/videos\/2026-01-29\/como-un-hombre-puede-ayudar-a-una-mujer-que-va-sola-de-noche.html\">C\u00f3mo un hombre puede ayudar a una mujer que va sola de noche <\/a><\/h2>\n<\/header>\n<\/article>\n<article class=\"c  c--m-n   \" data-word=\"0\">\n<header class=\"c_h\"><time datetime=\"2026-01-29T05:15:00+01:00\" class=\"c_da\">05:15<\/time><\/p>\n<h2 class=\"c_t \"><a href=\"https:\/\/elpais.com\/videos\/2026-01-29\/por-que-trump-eligio-minnesota-para-dar-ejemplo-con-el-ice-y-por-que-le-ha-salido-mal.html?autoplay=1\">Por qu\u00e9 Trump eligi\u00f3 Minnesota para dar ejemplo con el ICE y por qu\u00e9 le ha salido mal<\/a><\/h2>\n<\/header>\n<\/article>\n<article class=\"c  c--m-n   \" data-word=\"0\">\n<header class=\"c_h\"><time datetime=\"2026-01-29T05:15:00+01:00\" class=\"c_da\">05:15<\/time><\/p>\n<h2 class=\"c_t \"><a href=\"https:\/\/elpais.com\/deportes\/tenis\/2026-01-29\/zverev-una-herida-que-no-cierra-y-un-paso-al-frente-en-busca-del-grande-que-se-le-resiste.html\">Zverev, una herida que no cierra y un paso al frente en busca del grande que se le resiste <\/a><\/h2>\n<\/header>\n<\/article>\n<article class=\"c  c--m-n   \" data-word=\"0\">\n<header class=\"c_h\"><time datetime=\"2026-01-29T02:49:41+01:00\" class=\"c_da\">02:49<\/time><\/p>\n<h2 class=\"c_t \"><a href=\"https:\/\/elpais.com\/america-colombia\/2026-01-29\/diogenes-quintero-el-lider-social-que-llevo-la-voz-del-catatumbo-al-congreso-y-murio-en-el-accidente-de-satena.html\">Di\u00f3genes Quintero, el l\u00edder social que llev\u00f3 la voz del Catatumbo al Congreso y muri\u00f3 en el accidente de Satena<\/a><\/h2>\n<\/header>\n<\/article>\n<p> Source URL: https:\/\/elpais.com\/america-colombia\/2026-01-28\/muere-el-representante-diogenes-quintero-al-estrellarse-la-avioneta-de-satena-en-la-que-viajaba-en-norte-de-santander.html<\/p>\n","protected":false},"excerpt":{"rendered":"<p>Accidentes a\u00e9reos Mueren 15 personas, entre ellas el congresista Di\u00f3genes Quintero, al estrellarse una avioneta de Satena en Norte de Santander La aeronave, en la que tambi\u00e9n se desplazaban el candidato al Congreso Carlos Salcedo y parte de los equipos de trabajo de ambos, cubr\u00eda la ruta entre C\u00facuta y Oca\u00f1a Restos del avi\u00f3n accidentado [&hellip;]<\/p>\n","protected":false},"author":1,"featured_media":1515397,"comment_status":"open","ping_status":"","sticky":false,"template":"","format":"standard","meta":{"footnotes":""},"categories":[88],"tags":[92],"class_list":["post-1515396","post","type-post","status-publish","format-standard","has-post-thumbnail","hentry","category-spain","tag-elpais-com"],"_links":{"self":[{"href":"https:\/\/analyse.optim.biz\/index.php?rest_route=\/wp\/v2\/posts\/1515396","targetHints":{"allow":["GET"]}}],"collection":[{"href":"https:\/\/analyse.optim.biz\/index.php?rest_route=\/wp\/v2\/posts"}],"about":[{"href":"https:\/\/analyse.optim.biz\/index.php?rest_route=\/wp\/v2\/types\/post"}],"author":[{"embeddable":true,"href":"https:\/\/analyse.optim.biz\/index.php?rest_route=\/wp\/v2\/users\/1"}],"replies":[{"embeddable":true,"href":"https:\/\/analyse.optim.biz\/index.php?rest_route=%2Fwp%2Fv2%2Fcomments&post=1515396"}],"version-history":[{"count":0,"href":"https:\/\/analyse.optim.biz\/index.php?rest_route=\/wp\/v2\/posts\/1515396\/revisions"}],"wp:featuredmedia":[{"embeddable":true,"href":"https:\/\/analyse.optim.biz\/index.php?rest_route=\/wp\/v2\/media\/1515397"}],"wp:attachment":[{"href":"https:\/\/analyse.optim.biz\/index.php?rest_route=%2Fwp%2Fv2%2Fmedia&parent=1515396"}],"wp:term":[{"taxonomy":"category","embeddable":true,"href":"https:\/\/analyse.optim.biz\/index.php?rest_route=%2Fwp%2Fv2%2Fcategories&post=1515396"},{"taxonomy":"post_tag","embeddable":true,"href":"https:\/\/analyse.optim.biz\/index.php?rest_route=%2Fwp%2Fv2%2Ftags&post=1515396"}],"curies":[{"name":"wp","href":"https:\/\/api.w.org\/{rel}","templated":true}]}}