{"id":1515314,"date":"2026-01-28T17:15:11","date_gmt":"2026-01-28T14:15:11","guid":{"rendered":"https:\/\/analyse.optim.biz\/?p=1515314"},"modified":"2026-01-28T17:15:11","modified_gmt":"2026-01-28T14:15:11","slug":"la-borrasca-kristin-da-paso-a-mas-lluvias-y-viento-fuerte-en-gran-parte-de-espana","status":"publish","type":"post","link":"https:\/\/analyse.optim.biz\/?p=1515314","title":{"rendered":"La borrasca \u2018Kristin\u2019 da paso a m\u00e1s lluvias y viento fuerte en gran parte de Espa\u00f1a"},"content":{"rendered":"<article id=\"main-content\" class=\"a _g _g-lg _g-o\">\n<header class=\"a_e _g _g-xs\">\n<div class=\"a_e_txt _df\">\n<div class=\"a_k _df\"><a class=\"a_k_n\" href=\"https:\/\/elpais.com\/noticias\/prediccion-meteorologica\/\">PREDICCI\u00d3N METEOROL\u00d3GICA<\/a><\/div>\n<h1 class=\"a_t\">La borrasca \u2018Kristin\u2019 da paso a m\u00e1s lluvias y viento fuerte en gran parte de Espa\u00f1a<\/h1>\n<p class=\"a_st\">Tras un mi\u00e9rcoles marcado por el temporal, la llegada de nuevos frentes atl\u00e1nticos prolonga la inestabilidad, especialmente en Galicia y Andaluc\u00eda<\/p>\n<\/div>\n<div class=\"a_e_m\">\n<figure class=\"a_m a_m-h \"><span class=\"a_m_w _db\"><img fetchpriority=\"high\" decoding=\"async\" alt=\"Borrasca \u2018Kristin\u2019\" class=\"_re  a_m-h\" height=\"277\" width=\"414\" src=\"https:\/\/analyse.optim.biz\/wp-content\/uploads\/2026\/01\/wto3j5z3bzho5cy4g7shunz6uq-1.jpg\" loading=\"eager\" title=\"wto3j5z3bzho5cy4g7shunz6uq-1\"><\/span><figcaption class=\"a_m_p\" aria-hidden=\"true\"><span>Temporal de viento y lluvia ocasionado por la borrasca &#8216;Kristin&#8217; en el litoral de la ciudad de M\u00e1laga.<\/span><span class=\"a_m_m\">\u00c1lvaro Cabrera<\/span><\/figcaption><\/figure>\n<\/div>\n<\/header>\n<div class=\"a_md _g _g-xs ni\">\n<div class=\"a_md_txt\">\n<div class=\"a_md_a\" data-dtm-region=\"articulo_firma\"><a href=\"https:\/\/elpais.com\/autor\/sandra-paola-mendoza-rodriguez\/#?rel=author_top\" title=\"Ver todas las noticias de Paola Mendoza\" class=\"a_md_a_n\">Paola Mendoza<\/a><a href=\"https:\/\/elpais.com\/autor\/borja-andrino-turon\/#?rel=author_top\" title=\"Ver todas las noticias de Borja Andrino (Gr\u00e1ficos)\" class=\"a_md_a_n\">Borja Andrino (Gr\u00e1ficos)<\/a><\/div>\n<div class=\"a_md_f\"><span>Madrid &#8211; <a href=\"https:\/\/elpais.com\/hemeroteca\/2026-01-28\/\" data-date=\"2026-01-28T18:15:11+01:00\"><time data-date=\"2026-01-28T18:15:11+01:00\" datetime=\"2026-01-28T18:15:11+01:00\" id=\"article_date_p\">28 ene 2026 &#8211; 18:15<abbr title=\"Central European Time\">CET<\/abbr><\/time><\/a><\/span><\/div>\n<div class=\"w_rs\" data-dtm-region=\"articulo_botonera-social\">\n<div class=\"w_rs_i\"><a class=\"_btn hidden\" href=\"\/\/send?text=La%20borrasca%20%E2%80%98Kristin%E2%80%99%20da%20paso%20a%20m%C3%A1s%20lluvias%20y%20viento%20fuerte%20en%20gran%20parte%20de%20Espa%C3%B1a%0D%0A%0D%0Ahttps%3A%2F%2Felpais.com%2Fel-tiempo%2F2026-01-28%2Fla-borrasca-kristin-da-paso-a-mas-lluvias-y-viento-fuerte-en-gran-parte-de-espana.html%3Fssm=whatsapp_CC\" data-action=\"share\/whatsapp\/share\" data-param-description=\"La borrasca \u2018Kristin\u2019 da paso a m\u00e1s lluvias y viento fuerte en gran parte de Espa\u00f1a\" data-param-href=\"https:\/\/elpais.com\/el-tiempo\/2026-01-28\/la-borrasca-kristin-da-paso-a-mas-lluvias-y-viento-fuerte-en-gran-parte-de-espana.html\" data-param-text=\"La borrasca \u2018Kristin\u2019 da paso a m\u00e1s lluvias y viento fuerte en gran parte de Espa\u00f1a https:\/\/elpais.com\/el-tiempo\/2026-01-28\/la-borrasca-kristin-da-paso-a-mas-lluvias-y-viento-fuerte-en-gran-parte-de-espana.html\" data-param-url=\"https:\/\/elpais.com\/el-tiempo\/2026-01-28\/la-borrasca-kristin-da-paso-a-mas-lluvias-y-viento-fuerte-en-gran-parte-de-espana.html\" target=\"_blank\" rel=\"noopener noreferrer\" data-share-track-dtm=\"whatsapp\" id=\"btn_share_whatsapp_623\"><span class=\"_sr\">Compartir en Whatsapp<\/span><\/a><\/div>\n<div class=\"w_rs_i\"><a class=\"_btn \" href=\"https:\/\/www.facebook.com\/dialog\/share?display=popup&amp;app_id=94039431626&amp;href=https%3A%2F%2Felpais.com%2Fel-tiempo%2F2026-01-28%2Fla-borrasca-kristin-da-paso-a-mas-lluvias-y-viento-fuerte-en-gran-parte-de-espana.html%3Fssm=FB_CC&amp;quote=La%20borrasca%20%E2%80%98Kristin%E2%80%99%20da%20paso%20a%20m%C3%A1s%20lluvias%20y%20viento%20fuerte%20en%20gran%20parte%20de%20Espa%C3%B1a\" data-param-app_id=\"94039431626\" data-param-description=\"La borrasca \u2018Kristin\u2019 da paso a m\u00e1s lluvias y viento fuerte en gran parte de Espa\u00f1a\" data-param-href=\"https:\/\/elpais.com\/el-tiempo\/2026-01-28\/la-borrasca-kristin-da-paso-a-mas-lluvias-y-viento-fuerte-en-gran-parte-de-espana.html\" data-param-text=\"La borrasca \u2018Kristin\u2019 da paso a m\u00e1s lluvias y viento fuerte en gran parte de Espa\u00f1a\" data-param-url=\"https:\/\/elpais.com\/el-tiempo\/2026-01-28\/la-borrasca-kristin-da-paso-a-mas-lluvias-y-viento-fuerte-en-gran-parte-de-espana.html\" target=\"_blank\" rel=\"noopener noreferrer\" data-share-track-dtm=\"facebook\" id=\"btn_share_facebook_623\"><span class=\"_sr\">Compartir en Facebook<\/span><\/a><\/div>\n<div class=\"w_rs_i\"><a class=\"_btn \" href=\"https:\/\/twitter.com\/intent\/tweet?url=https%3A%2F%2Felpais.com%2Fel-tiempo%2F2026-01-28%2Fla-borrasca-kristin-da-paso-a-mas-lluvias-y-viento-fuerte-en-gran-parte-de-espana.html%3Fssm=TW_CC&amp;text=La%20borrasca%20%E2%80%98Kristin%E2%80%99%20da%20paso%20a%20m%C3%A1s%20lluvias%20y%20viento%20fuerte%20en%20gran%20parte%20de%20Espa%C3%B1a&amp;via=el_pais&amp;lang=es\" data-param-description=\"La borrasca \u2018Kristin\u2019 da paso a m\u00e1s lluvias y viento fuerte en gran parte de Espa\u00f1a\" data-param-href=\"https:\/\/elpais.com\/el-tiempo\/2026-01-28\/la-borrasca-kristin-da-paso-a-mas-lluvias-y-viento-fuerte-en-gran-parte-de-espana.html\" data-param-text=\"La borrasca \u2018Kristin\u2019 da paso a m\u00e1s lluvias y viento fuerte en gran parte de Espa\u00f1a via @el_pais\" data-param-url=\"https:\/\/elpais.com\/el-tiempo\/2026-01-28\/la-borrasca-kristin-da-paso-a-mas-lluvias-y-viento-fuerte-en-gran-parte-de-espana.html\" target=\"_blank\" rel=\"noopener noreferrer\" data-share-track-dtm=\"twitter\" id=\"btn_share_twitter_623\"><span class=\"_sr\">Compartir en Twitter<\/span><\/a><\/div>\n<div class=\"w_rs_i\"><a class=\"_btn \" href=\"https:\/\/bsky.app\/intent\/compose?text=https%3A%2F%2Felpais.com%2Fel-tiempo%2F2026-01-28%2Fla-borrasca-kristin-da-paso-a-mas-lluvias-y-viento-fuerte-en-gran-parte-de-espana.html%3Fssm=bsky_CC\" data-param-description=\"La borrasca \u2018Kristin\u2019 da paso a m\u00e1s lluvias y viento fuerte en gran parte de Espa\u00f1a\" data-param-href=\"https:\/\/elpais.com\/el-tiempo\/2026-01-28\/la-borrasca-kristin-da-paso-a-mas-lluvias-y-viento-fuerte-en-gran-parte-de-espana.html\" data-param-text=\"La borrasca \u2018Kristin\u2019 da paso a m\u00e1s lluvias y viento fuerte en gran parte de Espa\u00f1a\" data-param-url=\"https:\/\/elpais.com\/el-tiempo\/2026-01-28\/la-borrasca-kristin-da-paso-a-mas-lluvias-y-viento-fuerte-en-gran-parte-de-espana.html\" target=\"_blank\" rel=\"noopener noreferrer\" data-share-track-dtm=\"bluesky\" id=\"btn_share_bluesky_623\"><span class=\"_sr\">Compartir en Bluesky<\/span><\/a><\/div>\n<div class=\"w_rs_i\"><a class=\"_btn \" href=\"https:\/\/www.linkedin.com\/sharing\/share-offsite\/?url=https%3A%2F%2Felpais.com%2Fel-tiempo%2F2026-01-28%2Fla-borrasca-kristin-da-paso-a-mas-lluvias-y-viento-fuerte-en-gran-parte-de-espana.html%3Fssm=LK_CC\" data-param-description=\"La borrasca \u2018Kristin\u2019 da paso a m\u00e1s lluvias y viento fuerte en gran parte de Espa\u00f1a\" data-param-href=\"https:\/\/elpais.com\/el-tiempo\/2026-01-28\/la-borrasca-kristin-da-paso-a-mas-lluvias-y-viento-fuerte-en-gran-parte-de-espana.html\" data-param-text=\"La borrasca \u2018Kristin\u2019 da paso a m\u00e1s lluvias y viento fuerte en gran parte de Espa\u00f1a\" data-param-url=\"https:\/\/elpais.com\/el-tiempo\/2026-01-28\/la-borrasca-kristin-da-paso-a-mas-lluvias-y-viento-fuerte-en-gran-parte-de-espana.html\" target=\"_blank\" rel=\"noopener noreferrer\" data-share-track-dtm=\"linkedin\" id=\"btn_share_linkedin_623\"><span class=\"_sr\">Compartir en Linkedin<\/span><\/a><\/div>\n<div class=\"w_rs_i\"><a class=\"_btn rs_l\" href=\"https:\/\/elpais.com\/el-tiempo\/2026-01-28\/la-borrasca-kristin-da-paso-a-mas-lluvias-y-viento-fuerte-en-gran-parte-de-espana.html#?prm=copy_link\" data-share-track-dtm=\"copiar_url\" id=\"btn_share_link_32\"><span class=\"_sr\">Copiar enlace<\/span><\/a><\/div>\n<div class=\"w_rs_i\"><a class=\"_btn rs_c\" href=\"https:\/\/elpais.com\/el-tiempo\/2026-01-28\/la-borrasca-kristin-da-paso-a-mas-lluvias-y-viento-fuerte-en-gran-parte-de-espana.html#comments_container\" aria-expanded=\"false\" aria-controls=\"me-c\" data-share-track-dtm=\"eskup\" id=\"btn_share_comments_32\"><span class=\"_sr\">Ir a los comentarios<\/span><\/a><\/div>\n<\/div>\n<\/div>\n<\/div>\n<div class=\"a_c clearfix\" data-dtm-region=\"articulo_cuerpo\">\n<p class>Despu\u00e9s de un mi\u00e9rcoles adverso en toda Espa\u00f1a debido al paso de <a href=\"https:\/\/elpais.com\/el-tiempo\/2026-01-28\/el-temporal-kristin-llega-a-gran-parte-de-espana-con-lluvias-muy-intensas-nieve-y-viento-fuerte.html\" target=\"_blank\" rel=\"noreferrer\" title=\"https:\/\/elpais.com\/el-tiempo\/2026-01-28\/el-temporal-kristin-llega-a-gran-parte-de-espana-con-lluvias-muy-intensas-nieve-y-viento-fuerte.html\">la borrasca <i>Kristin<\/i><\/a><i>, <\/i>que provoc\u00f3 numerosos problemas <a href=\"https:\/\/elpais.com\/el-tiempo\/2026-01-28\/el-paso-de-la-borrasca-kristin-en-imagenes.html\" target=\"_blank\" rel=\"noreferrer\" title=\"https:\/\/elpais.com\/el-tiempo\/2026-01-28\/el-paso-de-la-borrasca-kristin-en-imagenes.html\">por nieve, lluvia y vientos muy fuertes<\/a>, este jueves el tiempo en la Pen\u00ednsula seguir\u00e1 inestable por la llegada de nuevas borrascas atl\u00e1nticas. La Agencia Estatal de Meteorolog\u00eda (<a href=\"https:\/\/www.aemet.es\/es\/eltiempo\/prediccion\/avisos\" target=\"_blank\" rel=\"noreferrer\" title=\"https:\/\/www.aemet.es\/es\/eltiempo\/prediccion\/avisos\">Aemet<\/a>) mantiene activos avisos naranja, por riesgo importante, en las comunidades de Andaluc\u00eda, Galicia y Murcia por fuertes vientos y mala mar. En aviso amarillo, de peligro bajo, figuran Asturias, Cantabria, Pa\u00eds Vasco, Baleares, adem\u00e1s de Ceuta y Melilla con fen\u00f3menos costeros; Castilla &#8211; La Mancha por lluvias y fuertes rachas de viento; y la Comunidad de Madrid por precipitaciones que persistir\u00e1n hasta llegada la noche.<\/p>\n<div class=\"a_gph\">\n<div>\n<div id=\"datawrapper-vis-Mz4KO\"><img decoding=\"async\" src=\"https:\/\/analyse.optim.biz\/wp-content\/uploads\/2026\/01\/full-26.png\" alt=\"Mapa coropl\u00e9tico\" title=\"full-26\"><\/div>\n<\/div>\n<\/div>\n<p class>De acuerdo con <a href=\"https:\/\/elpais.com\/videos\/2026-01-28\/el-portavoz-de-la-aemet-las-borrascas-como-kristin-dan-lugar-a-mucha-incertidumbre-en-el-pronostico.html?autoplay=1\" target=\"_blank\" rel=\"noreferrer\" title=\"https:\/\/elpais.com\/videos\/2026-01-28\/el-portavoz-de-la-aemet-las-borrascas-como-kristin-dan-lugar-a-mucha-incertidumbre-en-el-pronostico.html?autoplay=1\">el portavoz de la Aemet<\/a>, Rub\u00e9n del Campo, la lluvia marcar\u00e1 la jornada del jueves en buena parte del pa\u00eds, con precipitaciones m\u00e1s frecuentes e intensas en el sur de Galicia y en zonas monta\u00f1osas de Andaluc\u00eda, donde podr\u00edan mantenerse durante varias horas. En el Cant\u00e1brico se esperan chubascos fuertes, que podr\u00edan ir acompa\u00f1ados de tormenta y granizo. <\/p>\n<div class=\"a_gph\">\n<div>\n<div id=\"datawrapper-vis-3Zm2e\"><img decoding=\"async\" src=\"https:\/\/analyse.optim.biz\/wp-content\/uploads\/2026\/01\/full-27.png\" alt=\"Tabla\" title=\"full-27\"><\/div>\n<\/div>\n<\/div>\n<p class>La cota de nieve se situar\u00e1 por encima de los 1.500 metros, mientras que las temperaturas tendr\u00e1n un ascenso generalizado. Eso s\u00ed, las m\u00ednimas se producir\u00e1n al final del d\u00eda. En Bilbao se alcanzar\u00e1n valores cercanos a los 20 grados y en Murcia se superar\u00e1n los 25.<\/p>\n<div class=\"a_gph\">\n<div>\n<div id=\"datawrapper-vis-fIdqx\"><img decoding=\"async\" src=\"https:\/\/analyse.optim.biz\/wp-content\/uploads\/2026\/01\/full-28.png\" alt=\"Mapa coropl\u00e9tico\" title=\"full-28\"><\/div>\n<\/div>\n<\/div>\n<p class>Con la llegada del fin de semana, el temporal dar\u00e1 una tregua. El viernes se prev\u00e9n lluvias m\u00e1s d\u00e9biles y dispersas, aunque en el centro y el norte de la Pen\u00ednsula seguir\u00e1 lloviendo, especialmente en Galicia. El viento continuar\u00e1 soplando con intensidad en el norte y el este, y las temperaturas ser\u00e1n algo m\u00e1s bajas, aunque todav\u00eda suaves para la temporada.<\/p>\n<div class=\"a_gph\">\n<div>\n<div id=\"datawrapper-vis-gDi5u\"><img decoding=\"async\" src=\"https:\/\/analyse.optim.biz\/wp-content\/uploads\/2026\/01\/full-29.png\" alt=\"Mapa coropl\u00e9tico\" title=\"full-29\"><\/div>\n<\/div>\n<\/div>\n<p class>La jornada del s\u00e1bado estar\u00e1 marcada por la lluvia en amplias zonas del norte y del oeste de la Pen\u00ednsula. No se descartan algunas precipitaciones d\u00e9biles en otros puntos del territorio peninsular, aunque el \u00e1rea mediterr\u00e1nea quedar\u00e1 al margen. La nieve aparecer\u00e1 en el Cant\u00e1brico y los Pirineos a partir de cotas relativamente bajas, entre los 700 y los 1.000 metros. El viento soplar\u00e1 con rachas muy fuertes en zonas del noreste peninsular y en Baleares. Las temperaturas descender\u00e1n ligeramente. <\/p>\n<div class=\"a_gph\">\n<div>\n<div id=\"datawrapper-vis-ZGegW\"><img decoding=\"async\" src=\"https:\/\/analyse.optim.biz\/wp-content\/uploads\/2026\/01\/full-30.png\" alt=\"Tabla\" title=\"full-30\"><\/div>\n<\/div>\n<\/div>\n<p class>El domingo llegar\u00e1 un frente m\u00e1s activo, acompa\u00f1ado de vientos h\u00famedos y templados. Dejar\u00e1 lluvias abundantes en el oeste de la Pen\u00ednsula, con especial incidencia en Galicia y en el entorno del Sistema Central. La cota de nieve se situar\u00e1 en niveles m\u00e1s altos debido al ascenso de las temperaturas. Este aumento t\u00e9rmico ser\u00e1 notable en el sur del \u00e1rea mediterr\u00e1nea y en el Valle del Guadalquivir, donde se superar\u00e1n los 20 grados.<\/p>\n<p class>En Canarias predominar\u00e1n los intervalos nubosos durante el resto de la semana, sobre todo en el norte de las islas de mayor relieve, donde no se descartan algunas lluvias d\u00e9biles. En el sur, el tiempo ser\u00e1 m\u00e1s despejado. Los vientos soplar\u00e1n en general flojos o moderados, con alguna racha fuerte ocasional. Las temperaturas subir\u00e1n, con m\u00ednimas entre 16 y 18 grados y m\u00e1ximas de entre 21 y 23 grados en zonas costeras.<\/p>\n<\/div>\n<div id=\"me-dis\" class=\"me _pf\">\n<div class=\"me_bg\">\n<div class=\"me-dis _pa _df\">\n<div class=\"me-dis_c\">\n<h2 class=\"me-dis_t\">Tu suscripci\u00f3n se est\u00e1 usando en otro dispositivo<\/h2>\n<p>\u00bfQuieres a\u00f1adir otro usuario a tu suscripci\u00f3n?<\/p>\n<div class=\"me-dis_l\"><a href=\"https:\/\/elpais.com\/suscripciones\/premium\/upgrade\/?utm_source=autopromo&amp;utm_medium=interno&amp;utm_campaign=YYYY_MM_capping_upgrade\" id=\"capping-upgrade\" class=\"btn\">A\u00f1adir usuario<\/a><a href=\"https:\/\/elpais.com\/el-tiempo\/2026-01-28\/la-borrasca-kristin-da-paso-a-mas-lluvias-y-viento-fuerte-en-gran-parte-de-espana.html\" id=\"capping-continue\" class=\"btn btn-b\">Continuar leyendo aqu\u00ed<\/a><\/div>\n<p>Si contin\u00faas leyendo en este dispositivo, no se podr\u00e1 leer en el otro.<\/p>\n<p class=\"lk\"><a href=\"https:\/\/elpais.com\/el-tiempo\/2026-01-28\/la-borrasca-kristin-da-paso-a-mas-lluvias-y-viento-fuerte-en-gran-parte-de-espana.html\" id=\"capping-show-more-button\">\u00bfPor qu\u00e9 est\u00e1s viendo esto?<\/a><\/p>\n<p><span class=\"arrow\" id=\"capping-arrow\">Flecha<\/span><\/p>\n<div class=\"me-dis_d\">\n<div class=\"me-dis_d_t\">\n<h2 class=\"enc\">Tu suscripci\u00f3n se est\u00e1 usando en otro dispositivo y solo puedes acceder a EL PA\u00cdS desde un dispositivo a la vez.<\/h2>\n<div class=\"tx\">\n<p>Si quieres compartir tu cuenta, cambia tu suscripci\u00f3n a la modalidad Premium, as\u00ed podr\u00e1s a\u00f1adir otro usuario. Cada uno acceder\u00e1 con su propia cuenta de email, lo que os permitir\u00e1 personalizar vuestra experiencia en EL PA\u00cdS.<\/p>\n<p>\u00bfTienes una suscripci\u00f3n de empresa? Accede <a target=\"_blank\" rel=\"noreferrer\" href=\"https:\/\/elpais.com\/suscripciones\/premium\/upgrade\/\">aqu\u00ed<\/a> para contratar m\u00e1s cuentas.<\/p>\n<p>En el caso de no saber qui\u00e9n est\u00e1 usando tu cuenta, te recomendamos cambiar tu contrase\u00f1a <a target=\"_blank\" rel=\"noreferrer\" href=\"https:\/\/elpais.com\/subscriptions\/#\/forgot-password\">aqu\u00ed.<\/a><\/p>\n<p>Si decides continuar compartiendo tu cuenta, este mensaje se mostrar\u00e1 en tu dispositivo y en el de la otra persona que est\u00e1 usando tu cuenta de forma indefinida, afectando a tu experiencia de lectura. Puedes <a target=\"_blank\" rel=\"noreferrer\" href=\"https:\/\/elpais.com\/suscripciones\/condiciones-generales-servicios\/\">consultar aqu\u00ed los t\u00e9rminos y condiciones de la suscripci\u00f3n digital.<\/a><\/p>\n<\/div>\n<\/div>\n<\/div>\n<\/div>\n<\/div>\n<\/div>\n<\/div>\n<aside class=\"w w-fid\">\n<div class=\"w_b\">\n<div class=\"w-fid_t\"><a href=\"https:\/\/usuarios.elpais.com\/newsletters\/?id_externo_promo=not_newsletters_gen\">Recibe la mejor informaci\u00f3n en tu bandeja de entrada<\/a><\/div>\n<div class=\"w-fid_s\">\n<div class=\"w_rs\">\n<div class=\"w_rs_i\"><a class=\"_btn\" href=\"https:\/\/www.facebook.com\/elpais\" rel=\"nofollow\"><span class=\"_sr\">El Tiempo El Pa\u00eds en Facebook<\/span><\/a><\/div>\n<div class=\"w_rs_i\"><a class=\"_btn\" href=\"https:\/\/www.instagram.com\/el_pais\/\" rel=\"nofollow\"><span class=\"_sr\">El Tiempo El Pa\u00eds en Instagram<\/span><\/a><\/div>\n<div class=\"w_rs_i\"><a class=\"_btn\" href=\"https:\/\/twitter.com\/el_pais\" rel=\"nofollow\"><span class=\"_sr\">El Tiempo El Pa\u00eds en Twitter<\/span><\/a><\/div>\n<\/div>\n<\/div>\n<\/div>\n<\/aside>\n<aside class=\"a_com w w-com _df\"><a class=\"a_com_l\" href=\"https:\/\/elpais.com\/info\/normas-de-participacion\/\">Normas \u203a<\/a><\/aside>\n<div class=\"me _pf\" id=\"me-c\">\n<div class=\"me_bg\">\n<div class=\"me-c _pa\" id=\"comments_container\" data-dtm-region=\"articulo_comentarios\">\n<div class=\"me_f me_f-os me_cc\"><a href=\"https:\/\/plus.elpais.com\/perfil\/actividad\/\">Mis comentarios<\/a><a href=\"https:\/\/elpais.com\/info\/normas-de-participacion\/\">Normas<\/a><\/div>\n<div class=\"me_f me_f-ns\"><span class=\"me_f_txt _db\">Rellena tu <b>nombre y apellido<\/b> para comentar<\/span><a href=\"https:\/\/plus.elpais.com\/autorization.html\/?prod=COM&amp;backURL=https%3A%2F%2Felpais.com%2Fel-tiempo%2F2026-01-28%2Fla-borrasca-kristin-da-paso-a-mas-lluvias-y-viento-fuerte-en-gran-parte-de-espana.html\" class=\"btn btn-2\">completar datos<\/a><\/div>\n<div class=\"me_f\" id=\"comments_msg\"><a class=\"btn btn-2\" href=\"https:\/\/elpais.com\/suscripciones\/#\/campaign?prod=SUSDIGCRART&amp;o=COM&amp;prm=suscrip_articulo_comentarios_el-pais&amp;backURL=https%3A%2F%2Felpais.com%2Fel-tiempo%2F2026-01-28%2Fla-borrasca-kristin-da-paso-a-mas-lluvias-y-viento-fuerte-en-gran-parte-de-espana.html\" id=\"comments_subscribe_link\" data-link-am=\"https:\/\/elpais.com\/suscripciones\/america\/#\/campaign?prod=SUSDIGCRARTAM&amp;o=COMAM&amp;prm=suscrip_articulo_comentarios_el-pais-america&amp;backURL=https%3A%2F%2Felpais.com%2Fel-tiempo%2F2026-01-28%2Fla-borrasca-kristin-da-paso-a-mas-lluvias-y-viento-fuerte-en-gran-parte-de-espana.html\" data-link-mx=\"https:\/\/elpais.com\/suscripciones\/america\/#\/campaign?prod=SUSDIGMX&amp;o=COMMX&amp;prm=suscrip_articulo_comentarios_el-pais-mexico&amp;backURL=https%3A%2F%2Felpais.com%2Fel-tiempo%2F2026-01-28%2Fla-borrasca-kristin-da-paso-a-mas-lluvias-y-viento-fuerte-en-gran-parte-de-espana.html\" data-link-co=\"https:\/\/elpais.com\/suscripciones\/america\/#\/campaign?prod=SUSDIGCOL&amp;o=COMCOL&amp;prm=suscrip_articulo_comentarios_el-pais_colombia&amp;backURL=https%3A%2F%2Felpais.com%2Fel-tiempo%2F2026-01-28%2Fla-borrasca-kristin-da-paso-a-mas-lluvias-y-viento-fuerte-en-gran-parte-de-espana.html\" data-link-ar=\"https:\/\/elpais.com\/suscripciones\/america\/#\/campaign?prod=SUSDIGCRARTAR&amp;o=COMAR&amp;backURL=https%3A%2F%2Felpais.com%2Fel-tiempo%2F2026-01-28%2Fla-borrasca-kristin-da-paso-a-mas-lluvias-y-viento-fuerte-en-gran-parte-de-espana.html\" data-link-cl=\"https:\/\/elpais.com\/suscripciones\/america\/#\/campaign?prod=SUSDIGCHILE&amp;o=COMCHILE&amp;backURL=https%3A%2F%2Felpais.com%2Fel-tiempo%2F2026-01-28%2Fla-borrasca-kristin-da-paso-a-mas-lluvias-y-viento-fuerte-en-gran-parte-de-espana.html\" data-link-us=\"https:\/\/elpais.com\/suscripciones\/america\/#\/campaign?prod=SUSDIGCRARTEUCAN&amp;o=COMUS&amp;prm=suscrip_articulo_comentarios_el-pais_eucan&amp;backURL=https%3A%2F%2Felpais.com%2Fel-tiempo%2F2026-01-28%2Fla-borrasca-kristin-da-paso-a-mas-lluvias-y-viento-fuerte-en-gran-parte-de-espana.html\">Suscr\u00edbete en El Pa\u00eds para participar<\/a><a class=\"btn btn-3\" href=\"https:\/\/elpais.com\/subscriptions\/#\/sign-in?prod=REG&amp;o=COM&amp;prm=login_articulo_comentarios_el-pais&amp;backURL=https%3A%2F%2Felpais.com%2Fel-tiempo%2F2026-01-28%2Fla-borrasca-kristin-da-paso-a-mas-lluvias-y-viento-fuerte-en-gran-parte-de-espana.html\" id=\"comments_login_link\" data-link-am=\"https:\/\/elpais.com\/subscriptions\/#\/sign-in?prod=REG&amp;o=COM&amp;prm=login_articulo_comentarios_el-pais-america&amp;backURL=https%3A%2F%2Felpais.com%2Fel-tiempo%2F2026-01-28%2Fla-borrasca-kristin-da-paso-a-mas-lluvias-y-viento-fuerte-en-gran-parte-de-espana.html\" data-link-mx=\"https:\/\/elpais.com\/subscriptions\/#\/sign-in?prod=REG&amp;o=COM&amp;prm=login_articulo_comentarios_el-pais-mexico&amp;backURL=https%3A%2F%2Felpais.com%2Fel-tiempo%2F2026-01-28%2Fla-borrasca-kristin-da-paso-a-mas-lluvias-y-viento-fuerte-en-gran-parte-de-espana.html\" data-link-co=\"https:\/\/elpais.com\/subscriptions\/#\/sign-in?prod=REG&amp;o=COM&amp;backURL=https%3A%2F%2Felpais.com%2Fel-tiempo%2F2026-01-28%2Fla-borrasca-kristin-da-paso-a-mas-lluvias-y-viento-fuerte-en-gran-parte-de-espana.html\" data-link-ar=\"https:\/\/elpais.com\/subscriptions\/#\/sign-in?prod=REG&amp;o=COM&amp;backURL=https%3A%2F%2Felpais.com%2Fel-tiempo%2F2026-01-28%2Fla-borrasca-kristin-da-paso-a-mas-lluvias-y-viento-fuerte-en-gran-parte-de-espana.html\" data-link-cl=\"https:\/\/elpais.com\/subscriptions\/#\/sign-in?prod=REG&amp;o=COM&amp;backURL=https%3A%2F%2Felpais.com%2Fel-tiempo%2F2026-01-28%2Fla-borrasca-kristin-da-paso-a-mas-lluvias-y-viento-fuerte-en-gran-parte-de-espana.html\" data-link-us=\"https:\/\/elpais.com\/subscriptions\/#\/sign-in?prod=REG&amp;o=COM&amp;backURL=https%3A%2F%2Felpais.com%2Fel-tiempo%2F2026-01-28%2Fla-borrasca-kristin-da-paso-a-mas-lluvias-y-viento-fuerte-en-gran-parte-de-espana.html\">Ya tengo una suscripci\u00f3n<\/a><\/div>\n<p>Please enable JavaScript to view the &lt;a href=&#8221;https:\/\/disqus.com\/?ref_noscript&#8221; rel=&#8221;nofollow&#8221;&gt; comments powered by Disqus.&lt;\/a&gt;<\/p><\/div>\n<\/div>\n<\/div>\n<aside class=\"w w-rel\" data-dtm-region=\"articulo_mas-informacion\">\n<h2 class=\"w_t\">M\u00e1s informaci\u00f3n<\/h2>\n<ul class=\"w_b _ls\">\n<li class=\"_g _g-xs w-rel_n\">\n<div class=\" a_m-h c_m--nf\"><span class=\"_db _pr\"><img decoding=\"async\" class=\"_re lazyload a_m-h\" height=\"311\" width=\"414\" src=\"https:\/\/analyse.optim.biz\/wp-content\/uploads\/2026\/01\/b3vnhjmysjg37pr3ifjbu57hae-2.jpg\" loading=\"lazy\" title=\"b3vnhjmysjg37pr3ifjbu57hae-2\"><\/span><\/div>\n<div class=\"nt\">\n<h3 class=\"nt_t\"><a href=\"https:\/\/elpais.com\/el-tiempo\/2026-01-28\/el-temporal-kristin-llega-a-gran-parte-de-espana-con-lluvias-muy-intensas-nieve-y-viento-fuerte.html#?rel=mas\">El temporal \u2018Kristin\u2019 llega a gran parte de Espa\u00f1a con lluvias muy intensas, nieve y viento fuerte<\/a><\/h3>\n<div class=\"nt_a\"><a href=\"https:\/\/elpais.com\/autor\/sandra-paola-mendoza-rodriguez\/\" title=\"Ver todas las noticias de Paola Mendoza\">Paola Mendoza<\/a><\/div>\n<\/div>\n<\/li>\n<li class=\"_g _g-xs w-rel_n\">\n<div class=\" a_m-h c_m--nf\"><span class=\"_db _pr\"><img decoding=\"async\" class=\"_re lazyload a_m-h\" height=\"311\" width=\"414\" src=\"https:\/\/analyse.optim.biz\/wp-content\/uploads\/2026\/01\/boacqms4sva4tcwpxkhysfp7ee-1.jpg\" loading=\"lazy\" title=\"boacqms4sva4tcwpxkhysfp7ee-1\"><\/span><\/div>\n<div class=\"nt\">\n<h3 class=\"nt_t\"><a href=\"https:\/\/elpais.com\/el-tiempo\/2026-01-27\/un-temporal-azota-casi-toda-espana-con-lluvias-intensas-viento-y-fuerte-oleaje.html#?rel=mas\">Un temporal azota casi toda Espa\u00f1a con lluvias intensas, viento y fuerte oleaje <\/a><\/h3>\n<div class=\"nt_a\"><a href=\"https:\/\/elpais.com\/autor\/carolina-de-lima-soares\/\" title=\"Ver todas las noticias de Carolina de Lima\">Carolina de Lima<\/a> | Madrid<\/div>\n<\/div>\n<\/li>\n<\/ul>\n<\/aside>\n<section class=\"w w-ae\" data-dtm-region=\"articulo_archivado-en\">\n<h2 class=\"w_t\">Archivado En<\/h2>\n<div class=\"w_b\">\n<ul class=\"w_ul w_ul--mh _df _ls\">\n<li><a href=\"https:\/\/elpais.com\/noticias\/el-tiempo\/#?rel=arch\" rel=\"noopener noreferrer\">El Tiempo<\/a><\/li>\n<li><a href=\"https:\/\/elpais.com\/noticias\/prediccion-meteorologica\/#?rel=arch\" rel=\"noopener noreferrer\">Predicci\u00f3n meteorol\u00f3gica<\/a><\/li>\n<li><a href=\"https:\/\/elpais.com\/noticias\/meteorologia\/#?rel=arch\" rel=\"noopener noreferrer\">Meteorolog\u00eda<\/a><\/li>\n<li><a href=\"https:\/\/elpais.com\/noticias\/aemet-agencia-estatal-meteorologia\/#?rel=arch\" rel=\"noopener noreferrer\">Aemet<\/a><\/li>\n<li><a href=\"https:\/\/elpais.com\/noticias\/temperaturas\/#?rel=arch\" rel=\"noopener noreferrer\">Temperaturas<\/a><\/li>\n<li><a href=\"https:\/\/elpais.com\/noticias\/temperaturas-maximas\/#?rel=arch\" rel=\"noopener noreferrer\">Temperaturas m\u00e1ximas<\/a><\/li>\n<li><a href=\"https:\/\/elpais.com\/noticias\/temperaturas-minimas\/#?rel=arch\" rel=\"noopener noreferrer\">Temperaturas m\u00ednimas<\/a><\/li>\n<li><a href=\"https:\/\/elpais.com\/noticias\/climas\/#?rel=arch\" rel=\"noopener noreferrer\">Climas<\/a><\/li>\n<li><a href=\"https:\/\/elpais.com\/noticias\/temporales\/#?rel=arch\" rel=\"noopener noreferrer\">Temporales<\/a><\/li>\n<\/ul>\n<\/div>\n<\/section>\n<aside class=\"a_tp _df\">\n<div class=\"a_tp_txt\"><span class=\"a_tp_t\">Se adhiere a los criterios de<\/span><\/p>\n<figure class=\"a_m a_m-h c_m--nf\"><a class=\"a_tp_i _dib\" href=\"https:\/\/elpais.com\/estaticos\/que-es-the-trust-project\/\" target=\"_blank\" rel=\"noopener noreferrer nofollow\"><img decoding=\"async\" alt=\"The Trust Project\" class=\" lazyload a_m-h\" height=\"20\" width=\"117\" src=\"https:\/\/analyse.optim.biz\/wp-content\/uploads\/2026\/01\/the-trust-project-323.svg\" loading=\"lazy\" title=\"the-trust-project-323\"><\/a><\/figure>\n<p><a class=\"a_tp_mi\" href=\"https:\/\/elpais.com\/estaticos\/codigo-etico\/\" target=\"_blank\" rel=\"noopener noreferrer nofollow\">M\u00e1s informaci\u00f3n<\/a><\/div>\n<div class=\"a_tp_si\">Si est\u00e1 interesado en licenciar este contenido, pinche <a class=\"a_tp_si_l\" href=\"https:\/\/profesional.elpais.com\/soluciones-sindicacion\/?utm_medium=interno&amp;utm_source=crosslinking&amp;utm_campaign=sindicacion_ep_pie_articulos\" target=\"_blank\" rel=\"noopener noreferrer nofollow\">aqu\u00ed<\/a><\/div>\n<\/aside>\n<div class=\"a_o _pr\" data-dtm-region=\"articulo_right-rail\">\n<div id=\"elpais_gpt-MPU1\" data-adtype=\"MPU\" class=\"ad ad-mpu\"><span class=\"_dn\">_<\/span><\/div>\n<section class=\"w w-sc b_col\" data-dtm-region=\"articulo_ultimas-noticias\">\n<header class=\"w_h b_col_h\">\n<h3 class=\"w_t\"><a href=\"https:\/\/elpais.com\/ultimas-noticias\/\" rel=\"story-card-ultimas-noticias\">\u00daltimas noticias<\/a><\/h3>\n<\/header>\n<div class=\"w_b\">\n<article class=\"c  c--m-n   \" data-word=\"0\">\n<header class=\"c_h\"><time datetime=\"2026-01-29T02:49:41+01:00\" class=\"c_da\">02:49<\/time><\/p>\n<h2 class=\"c_t \"><a href=\"https:\/\/elpais.com\/america-colombia\/2026-01-29\/diogenes-quintero-el-lider-social-que-llevo-la-voz-del-catatumbo-al-congreso-y-murio-en-el-accidente-de-satena.html\">Di\u00f3genes Quintero, el l\u00edder social que llev\u00f3 la voz del Catatumbo al Congreso y muri\u00f3 en el accidente de Satena<\/a><\/h2>\n<\/header>\n<\/article>\n<article class=\"c  c--m-n   \" data-word=\"0\">\n<header class=\"c_h\"><time datetime=\"2026-01-29T01:51:50+01:00\" class=\"c_da\">01:51<\/time><\/p>\n<h2 class=\"c_t \"><a href=\"https:\/\/elpais.com\/mexico\/2026-01-29\/rumbo-al-mundial-asi-sera-el-recorrido-del-trofeo-de-la-fifa-por-mexico.html\">Rumbo al mundial: as\u00ed ser\u00e1 el recorrido del trofeo de la FIFA por M\u00e9xico<\/a><\/h2>\n<\/header>\n<\/article>\n<article class=\"c  c--m-n   \" data-word=\"0\">\n<header class=\"c_h\"><time datetime=\"2026-01-29T01:50:28+01:00\" class=\"c_da\">01:50<\/time><\/p>\n<h2 class=\"c_t \"><a href=\"https:\/\/elpais.com\/america-colombia\/2026-01-29\/lo-que-se-sabe-del-caso-de-las-frambuesas-envenenadas-con-talio-el-arresto-de-zulma-guzman-en-londres-y-el-avance-de-su-extradicion.html\">Lo que se sabe del caso de las frambuesas envenenadas con talio: el arresto de Zulma Guzm\u00e1n en Londres y el avance de su extradici\u00f3n<\/a><\/h2>\n<\/header>\n<\/article>\n<article class=\"c  c--m-n   \" data-word=\"0\">\n<header class=\"c_h\"><time datetime=\"2026-01-29T01:47:27+01:00\" class=\"c_da\">01:47<\/time><\/p>\n<h2 class=\"c_t \"><a href=\"https:\/\/elpais.com\/america\/2026-01-29\/america-latina-y-las-democracias-imperfectas-el-auge-de-los-liderazgos-autoritarios.html\">Am\u00e9rica Latina y las democracias imperfectas: el auge de los liderazgos autoritarios<\/a><\/h2>\n<\/header>\n<\/article>\n<\/div>\n<\/section>\n<aside class=\"w w-lmv\" data-dtm-region=\"articulo_lom\">\n<h2 class=\"w_t\"><a href=\"https:\/\/elpais.com\/lo-mas-visto\/\">Lo m\u00e1s visto<\/a><\/h2>\n<div class=\"w_b\">\n<ol class=\"_ls\">\n<li><a href=\"https:\/\/elpais.com\/economia\/2026-01-27\/trump-bendice-la-caida-del-dolar-va-muy-bien-miren-los-negocios-que-estamos-haciendo.html#?rel=lom\">Trump asegura que no le preocupa la ca\u00edda del d\u00f3lar: \u201cVa muy bien, miren los negocios que estamos haciendo\u201d<\/a><\/li>\n<li><a href=\"https:\/\/elpais.com\/espana\/2026-01-28\/ultima-hora-de-los-efectos-de-la-borrasca-kristin-en-directo.html#?rel=lom\">\u00daltima hora de la borrasca \u2018Kristin\u2019 &#8211;  28 de enero de 2026<\/a><\/li>\n<li><a href=\"https:\/\/elpais.com\/espana\/2026-01-27\/exmagistrados-del-supremo-garzon-o-carmena-cargan-contra-la-sentencia-a-garcia-ortiz-condena-la-presuncion-de-inocencia.html#?rel=lom\">Exmagistrados del Supremo, Garz\u00f3n o Carmena cargan contra la sentencia a Garc\u00eda Ortiz: \u201cCondena a la presunci\u00f3n de inocencia\u201d<\/a><\/li>\n<li><a href=\"https:\/\/elpais.com\/espana\/2026-01-27\/la-guardia-civil-investiga-a-un-hombre-por-robar-571-pinos-pinoneros-en-valladolid-y-utilizarlos-para-hacer-biomasa.html#?rel=lom\">La Guardia Civil investiga a un hombre por robar 571 pinos pi\u00f1oneros en Valladolid y utilizarlos para hacer biomasa<\/a><\/li>\n<li><a href=\"https:\/\/elpais.com\/internacional\/2026-01-27\/francia-y-espana-replican-a-rutte-que-no-es-ningun-sueno-que-europa-aspire-a-defenderse-sola.html#?rel=lom\">Francia y Espa\u00f1a replican a Rutte que no es \u201cning\u00fan sue\u00f1o\u201d que Europa aspire a defenderse sola<\/a><\/li>\n<\/ol>\n<\/div>\n<\/aside>\n<\/div>\n<\/article>\n<article class=\"c  c--m-n   \" data-word=\"0\">\n<header class=\"c_h\"><time datetime=\"2026-01-29T02:49:41+01:00\" class=\"c_da\">02:49<\/time><\/p>\n<h2 class=\"c_t \"><a href=\"https:\/\/elpais.com\/america-colombia\/2026-01-29\/diogenes-quintero-el-lider-social-que-llevo-la-voz-del-catatumbo-al-congreso-y-murio-en-el-accidente-de-satena.html\">Di\u00f3genes Quintero, el l\u00edder social que llev\u00f3 la voz del Catatumbo al Congreso y muri\u00f3 en el accidente de Satena<\/a><\/h2>\n<\/header>\n<\/article>\n<article class=\"c  c--m-n   \" data-word=\"0\">\n<header class=\"c_h\"><time datetime=\"2026-01-29T01:51:50+01:00\" class=\"c_da\">01:51<\/time><\/p>\n<h2 class=\"c_t \"><a href=\"https:\/\/elpais.com\/mexico\/2026-01-29\/rumbo-al-mundial-asi-sera-el-recorrido-del-trofeo-de-la-fifa-por-mexico.html\">Rumbo al mundial: as\u00ed ser\u00e1 el recorrido del trofeo de la FIFA por M\u00e9xico<\/a><\/h2>\n<\/header>\n<\/article>\n<article class=\"c  c--m-n   \" data-word=\"0\">\n<header class=\"c_h\"><time datetime=\"2026-01-29T01:50:28+01:00\" class=\"c_da\">01:50<\/time><\/p>\n<h2 class=\"c_t \"><a href=\"https:\/\/elpais.com\/america-colombia\/2026-01-29\/lo-que-se-sabe-del-caso-de-las-frambuesas-envenenadas-con-talio-el-arresto-de-zulma-guzman-en-londres-y-el-avance-de-su-extradicion.html\">Lo que se sabe del caso de las frambuesas envenenadas con talio: el arresto de Zulma Guzm\u00e1n en Londres y el avance de su extradici\u00f3n<\/a><\/h2>\n<\/header>\n<\/article>\n<article class=\"c  c--m-n   \" data-word=\"0\">\n<header class=\"c_h\"><time datetime=\"2026-01-29T01:47:27+01:00\" class=\"c_da\">01:47<\/time><\/p>\n<h2 class=\"c_t \"><a href=\"https:\/\/elpais.com\/america\/2026-01-29\/america-latina-y-las-democracias-imperfectas-el-auge-de-los-liderazgos-autoritarios.html\">Am\u00e9rica Latina y las democracias imperfectas: el auge de los liderazgos autoritarios<\/a><\/h2>\n<\/header>\n<\/article>\n<p> Source URL: https:\/\/elpais.com\/el-tiempo\/2026-01-28\/la-borrasca-kristin-da-paso-a-mas-lluvias-y-viento-fuerte-en-gran-parte-de-espana.html<\/p>\n","protected":false},"excerpt":{"rendered":"<p>PREDICCI\u00d3N METEOROL\u00d3GICA La borrasca \u2018Kristin\u2019 da paso a m\u00e1s lluvias y viento fuerte en gran parte de Espa\u00f1a Tras un mi\u00e9rcoles marcado por el temporal, la llegada de nuevos frentes atl\u00e1nticos prolonga la inestabilidad, especialmente en Galicia y Andaluc\u00eda Temporal de viento y lluvia ocasionado por la borrasca &#8216;Kristin&#8217; en el litoral de la ciudad [&hellip;]<\/p>\n","protected":false},"author":1,"featured_media":1515315,"comment_status":"open","ping_status":"","sticky":false,"template":"","format":"standard","meta":{"footnotes":""},"categories":[88],"tags":[92],"class_list":["post-1515314","post","type-post","status-publish","format-standard","has-post-thumbnail","hentry","category-spain","tag-elpais-com"],"_links":{"self":[{"href":"https:\/\/analyse.optim.biz\/index.php?rest_route=\/wp\/v2\/posts\/1515314","targetHints":{"allow":["GET"]}}],"collection":[{"href":"https:\/\/analyse.optim.biz\/index.php?rest_route=\/wp\/v2\/posts"}],"about":[{"href":"https:\/\/analyse.optim.biz\/index.php?rest_route=\/wp\/v2\/types\/post"}],"author":[{"embeddable":true,"href":"https:\/\/analyse.optim.biz\/index.php?rest_route=\/wp\/v2\/users\/1"}],"replies":[{"embeddable":true,"href":"https:\/\/analyse.optim.biz\/index.php?rest_route=%2Fwp%2Fv2%2Fcomments&post=1515314"}],"version-history":[{"count":0,"href":"https:\/\/analyse.optim.biz\/index.php?rest_route=\/wp\/v2\/posts\/1515314\/revisions"}],"wp:featuredmedia":[{"embeddable":true,"href":"https:\/\/analyse.optim.biz\/index.php?rest_route=\/wp\/v2\/media\/1515315"}],"wp:attachment":[{"href":"https:\/\/analyse.optim.biz\/index.php?rest_route=%2Fwp%2Fv2%2Fmedia&parent=1515314"}],"wp:term":[{"taxonomy":"category","embeddable":true,"href":"https:\/\/analyse.optim.biz\/index.php?rest_route=%2Fwp%2Fv2%2Fcategories&post=1515314"},{"taxonomy":"post_tag","embeddable":true,"href":"https:\/\/analyse.optim.biz\/index.php?rest_route=%2Fwp%2Fv2%2Ftags&post=1515314"}],"curies":[{"name":"wp","href":"https:\/\/api.w.org\/{rel}","templated":true}]}}