{"id":1515298,"date":"2026-01-28T18:14:27","date_gmt":"2026-01-28T15:14:27","guid":{"rendered":"https:\/\/analyse.optim.biz\/?p=1515298"},"modified":"2026-01-28T18:14:27","modified_gmt":"2026-01-28T15:14:27","slug":"la-audiencia-nacional-reduce-a-tres-millones-la-multa-a-bankinter-por-la-venta-de-la-torre-cepsa","status":"publish","type":"post","link":"https:\/\/analyse.optim.biz\/?p=1515298","title":{"rendered":"La Audiencia Nacional reduce a tres millones la multa a Bankinter por la venta de la Torre Cepsa"},"content":{"rendered":"<article id=\"main-content\" class=\"a _g _g-lg _g-o\">\n<header class=\"a_e _g _g-xs\">\n<div class=\"a_e_txt _df\">\n<div class=\"a_k _df\"><a class=\"a_k_n\" href=\"https:\/\/cincodias.elpais.com\/noticias\/tribunales\/\">Tribunales<\/a><\/div>\n<h1 class=\"a_t\">La Audiencia Nacional reduce a tres millones la multa a Bankinter por la venta de la Torre Cepsa<\/h1>\n<p class=\"a_st\">La entidad prest\u00f3 400 millones a una sociedad del expresidente de la petrolera Khadem Al Qubaisi, en busca y captura, para adquirir el rascacielos y venderlo un d\u00eda despu\u00e9s por 100 millones m\u00e1s<\/p>\n<\/div>\n<div class=\"a_e_m\">\n<figure class=\"a_m a_m-h \"><span class=\"a_m_w _db\"><img fetchpriority=\"high\" decoding=\"async\" class=\"_re  a_m-h\" height=\"254\" width=\"414\" src=\"https:\/\/analyse.optim.biz\/wp-content\/uploads\/2026\/01\/xzjcjuiwprmmhmxbhk2o2qz5ia-1.jpg\" loading=\"eager\" title=\"xzjcjuiwprmmhmxbhk2o2qz5ia-1\"><\/span><figcaption class=\"a_m_p\" aria-hidden=\"true\"><span>Foto de la Torre Cepsa, situada en Madrid.<\/span><span class=\"a_m_m\">Pablo Monge<\/span><\/figcaption><\/figure>\n<\/div>\n<\/header>\n<div class=\"a_md _g _g-xs \">\n<figure class=\"a_md_i a_m-h c_m--nf\"><span class=\"a_m_w _db\"><img decoding=\"async\" alt=\"Nuria Morcillo\" class=\"_re lazyload a_m-h\" height=\"100\" width=\"100\" src=\"https:\/\/analyse.optim.biz\/wp-content\/uploads\/2026\/01\/https3a2f2fs3-amazonaws-com2farc-authors2fprisa2fe0fe4c73-18df-4776-bc59-fde9d060a081.jpg\" loading=\"lazy\" title=\"https3a2f2fs3-amazonaws-com2farc-authors2fprisa2fe0fe4c73-18df-4776-bc59-fde9d060a081\"><\/span><\/figure>\n<div class=\"a_md_txt\">\n<div class=\"a_md_a\" data-dtm-region=\"articulo_firma\"><a href=\"https:\/\/cincodias.elpais.com\/autor\/nuria-morcillo-garcia\/#?rel=author_top\" title=\"Ver todas las noticias de Nuria Morcillo\" class=\"a_md_a_n\">Nuria Morcillo<\/a><\/div>\n<div class=\"a_md_f\"><span>Madrid &#8211; <a href=\"https:\/\/cincodias.elpais.com\/hemeroteca\/2026-01-28\/\" data-date=\"2026-01-28T19:14:27+01:00\"><time data-date=\"2026-01-28T19:14:27+01:00\" datetime=\"2026-01-28T19:14:27+01:00\" id=\"article_date_p\">28 ene 2026 &#8211; 19:14<abbr title=\"Central European Time\">CET<\/abbr><\/time><\/a><\/span><\/div>\n<div class=\"w_rs\" data-dtm-region=\"articulo_botonera-social\">\n<div class=\"w_rs_i\"><a class=\"_btn hidden\" href=\"\/\/send?text=La%20Audiencia%20Nacional%20reduce%20a%20tres%20millones%20la%20multa%20a%20Bankinter%20por%20la%20venta%20de%20la%20Torre%20Cepsa%0D%0A%0D%0Ahttps%3A%2F%2Fcincodias.elpais.com%2Fcompanias%2F2026-01-28%2Fla-audiencia-nacional-reduce-a-tres-millones-la-multa-a-bakinter-por-la-venta-de-la-torre-cepsa.html%3Fssm=whatsapp_CC\" data-action=\"share\/whatsapp\/share\" data-param-description=\"La Audiencia Nacional reduce a tres millones la multa a Bankinter por la venta de la Torre Cepsa\" data-param-href=\"https:\/\/cincodias.elpais.com\/companias\/2026-01-28\/la-audiencia-nacional-reduce-a-tres-millones-la-multa-a-bakinter-por-la-venta-de-la-torre-cepsa.html\" data-param-text=\"La Audiencia Nacional reduce a tres millones la multa a Bankinter por la venta de la Torre Cepsa https:\/\/cincodias.elpais.com\/companias\/2026-01-28\/la-audiencia-nacional-reduce-a-tres-millones-la-multa-a-bakinter-por-la-venta-de-la-torre-cepsa.html\" data-param-url=\"https:\/\/cincodias.elpais.com\/companias\/2026-01-28\/la-audiencia-nacional-reduce-a-tres-millones-la-multa-a-bakinter-por-la-venta-de-la-torre-cepsa.html\" target=\"_blank\" rel=\"noopener noreferrer\" data-share-track-dtm=\"whatsapp\" id=\"btn_share_whatsapp_594\"><span class=\"_sr\">Compartir en Whatsapp<\/span><\/a><\/div>\n<div class=\"w_rs_i\"><a class=\"_btn \" href=\"https:\/\/www.facebook.com\/dialog\/share?display=popup&amp;app_id=94039431626&amp;href=https%3A%2F%2Fcincodias.elpais.com%2Fcompanias%2F2026-01-28%2Fla-audiencia-nacional-reduce-a-tres-millones-la-multa-a-bakinter-por-la-venta-de-la-torre-cepsa.html%3Fssm=FB_CC&amp;quote=La%20Audiencia%20Nacional%20reduce%20a%20tres%20millones%20la%20multa%20a%20Bankinter%20por%20la%20venta%20de%20la%20Torre%20Cepsa\" data-param-app_id=\"94039431626\" data-param-description=\"La Audiencia Nacional reduce a tres millones la multa a Bankinter por la venta de la Torre Cepsa\" data-param-href=\"https:\/\/cincodias.elpais.com\/companias\/2026-01-28\/la-audiencia-nacional-reduce-a-tres-millones-la-multa-a-bakinter-por-la-venta-de-la-torre-cepsa.html\" data-param-text=\"La Audiencia Nacional reduce a tres millones la multa a Bankinter por la venta de la Torre Cepsa\" data-param-url=\"https:\/\/cincodias.elpais.com\/companias\/2026-01-28\/la-audiencia-nacional-reduce-a-tres-millones-la-multa-a-bakinter-por-la-venta-de-la-torre-cepsa.html\" target=\"_blank\" rel=\"noopener noreferrer\" data-share-track-dtm=\"facebook\" id=\"btn_share_facebook_594\"><span class=\"_sr\">Compartir en Facebook<\/span><\/a><\/div>\n<div class=\"w_rs_i\"><a class=\"_btn \" href=\"https:\/\/twitter.com\/intent\/tweet?url=https%3A%2F%2Fcincodias.elpais.com%2Fcompanias%2F2026-01-28%2Fla-audiencia-nacional-reduce-a-tres-millones-la-multa-a-bakinter-por-la-venta-de-la-torre-cepsa.html%3Fssm=TW_CC&amp;text=La%20Audiencia%20Nacional%20reduce%20a%20tres%20millones%20la%20multa%20a%20Bankinter%20por%20la%20venta%20de%20la%20Torre%20Cepsa&amp;via=cincodiascom&amp;lang=es\" data-param-description=\"La Audiencia Nacional reduce a tres millones la multa a Bankinter por la venta de la Torre Cepsa\" data-param-href=\"https:\/\/cincodias.elpais.com\/companias\/2026-01-28\/la-audiencia-nacional-reduce-a-tres-millones-la-multa-a-bakinter-por-la-venta-de-la-torre-cepsa.html\" data-param-text=\"La Audiencia Nacional reduce a tres millones la multa a Bankinter por la venta de la Torre Cepsa via @cincodiascom\" data-param-url=\"https:\/\/cincodias.elpais.com\/companias\/2026-01-28\/la-audiencia-nacional-reduce-a-tres-millones-la-multa-a-bakinter-por-la-venta-de-la-torre-cepsa.html\" target=\"_blank\" rel=\"noopener noreferrer\" data-share-track-dtm=\"twitter\" id=\"btn_share_twitter_594\"><span class=\"_sr\">Compartir en Twitter<\/span><\/a><\/div>\n<div class=\"w_rs_i\"><a class=\"_btn \" href=\"https:\/\/bsky.app\/intent\/compose?text=https%3A%2F%2Fcincodias.elpais.com%2Fcompanias%2F2026-01-28%2Fla-audiencia-nacional-reduce-a-tres-millones-la-multa-a-bakinter-por-la-venta-de-la-torre-cepsa.html%3Fssm=bsky_CC\" data-param-description=\"La Audiencia Nacional reduce a tres millones la multa a Bankinter por la venta de la Torre Cepsa\" data-param-href=\"https:\/\/cincodias.elpais.com\/companias\/2026-01-28\/la-audiencia-nacional-reduce-a-tres-millones-la-multa-a-bakinter-por-la-venta-de-la-torre-cepsa.html\" data-param-text=\"La Audiencia Nacional reduce a tres millones la multa a Bankinter por la venta de la Torre Cepsa\" data-param-url=\"https:\/\/cincodias.elpais.com\/companias\/2026-01-28\/la-audiencia-nacional-reduce-a-tres-millones-la-multa-a-bakinter-por-la-venta-de-la-torre-cepsa.html\" target=\"_blank\" rel=\"noopener noreferrer\" data-share-track-dtm=\"bluesky\" id=\"btn_share_bluesky_594\"><span class=\"_sr\">Compartir en Bluesky<\/span><\/a><\/div>\n<div class=\"w_rs_i\"><a class=\"_btn \" href=\"https:\/\/www.linkedin.com\/sharing\/share-offsite\/?url=https%3A%2F%2Fcincodias.elpais.com%2Fcompanias%2F2026-01-28%2Fla-audiencia-nacional-reduce-a-tres-millones-la-multa-a-bakinter-por-la-venta-de-la-torre-cepsa.html%3Fssm=LK_CC\" data-param-description=\"La Audiencia Nacional reduce a tres millones la multa a Bankinter por la venta de la Torre Cepsa\" data-param-href=\"https:\/\/cincodias.elpais.com\/companias\/2026-01-28\/la-audiencia-nacional-reduce-a-tres-millones-la-multa-a-bakinter-por-la-venta-de-la-torre-cepsa.html\" data-param-text=\"La Audiencia Nacional reduce a tres millones la multa a Bankinter por la venta de la Torre Cepsa\" data-param-url=\"https:\/\/cincodias.elpais.com\/companias\/2026-01-28\/la-audiencia-nacional-reduce-a-tres-millones-la-multa-a-bakinter-por-la-venta-de-la-torre-cepsa.html\" target=\"_blank\" rel=\"noopener noreferrer\" data-share-track-dtm=\"linkedin\" id=\"btn_share_linkedin_594\"><span class=\"_sr\">Compartir en Linkedin<\/span><\/a><\/div>\n<div class=\"w_rs_i\"><a class=\"_btn rs_l\" href=\"https:\/\/cincodias.elpais.com\/companias\/2026-01-28\/la-audiencia-nacional-reduce-a-tres-millones-la-multa-a-bakinter-por-la-venta-de-la-torre-cepsa.html#?prm=copy_link\" data-share-track-dtm=\"copiar_url\" id=\"btn_share_link_15\"><span class=\"_sr\">Copiar enlace<\/span><\/a><\/div>\n<div class=\"w_rs_i\"><a class=\"_btn rs_c\" href=\"https:\/\/cincodias.elpais.com\/companias\/2026-01-28\/la-audiencia-nacional-reduce-a-tres-millones-la-multa-a-bakinter-por-la-venta-de-la-torre-cepsa.html#comments_container\" aria-expanded=\"false\" aria-controls=\"me-c\" data-share-track-dtm=\"eskup\" id=\"btn_share_comments_15\"><span class=\"_sr\">Ir a los comentarios<\/span><\/a><\/div>\n<\/div>\n<\/div>\n<\/div>\n<div class=\"a_c clearfix\" data-dtm-region=\"articulo_cuerpo\">\n<p class>La operaci\u00f3n de compraventa de la conocida como la Torre Cepsa (sede de la petrolera, ahora llamada Moeve), uno de los cuatro rascacielos del distrito financiero madrile\u00f1o, lleva a\u00f1os bajo lupa de los tribunales. El motivo: <a href=\"https:\/\/elpais.com\/economia\/negocios\/2025-08-02\/un-rascacielos-un-jeque-y-un-pelotazo-en-el-cielo-de-madrid.html\" target=\"_blank\" rel title=\"https:\/\/elpais.com\/economia\/negocios\/2025-08-02\/un-rascacielos-un-jeque-y-un-pelotazo-en-el-cielo-de-madrid.html\">el <i>pelotazo <\/i>que dio el expresidente de la compa\u00f1\u00eda Khadem Al Qubaisi<\/a>, que vendi\u00f3 el inmueble un d\u00eda despu\u00e9s de adquirirlo y obtuvo una plusval\u00eda de casi 100 millones de euros. El Servicio Ejecutivo de la Comisi\u00f3n de Prevenci\u00f3n del Blanqueo de Capitales e Infracciones Monetarias (Sepblac) dio la voz de alarma a la Fiscal\u00eda Anticorrupci\u00f3n por un posible blanqueo de capitales y, en paralelo, el Ministerio de Econom\u00eda mult\u00f3 a Bankinter con 8,2 millones de euros por prestar 400 millones de euros a Muscari Properties, el veh\u00edculo utilizado para la compraventa, pese a que el empresario \u00e1rabe ten\u00eda fondos bloqueados por uno de los mayores esc\u00e1ndalos financieros mundiales. Ahora, la Audiencia Nacional ha resuelto el recurso del banco y ha reducido la sanci\u00f3n a 3,2 millones.<\/p>\n<p class>El Sepblac entendi\u00f3 que Bankinter incumpli\u00f3 la normativa de prevenci\u00f3n de blanqueo de capitales al autorizar el cr\u00e9dito puente para comprar la tambi\u00e9n conocida como Torre Foster (por su arquitecto Norman Foster). Al Qubaisi, en paradero desconocido y con una orden de busca y captura y de embargo de bienes decretada por un juez instructor de la Audiencia Nacional, solicit\u00f3 el pr\u00e9stamo para comprar a Bankia el edificio, que revendi\u00f3 24 horas despu\u00e9s a Pontegadea, la inmobiliaria de Amancio Ortega, por 490 millones de euros. <\/p>\n<p class>Bankia, absorbida en 2021 por CaixaBank \u2015que tambi\u00e9n ha sido sancionado por la unidad de inteligencia financiera con m\u00e1s de 30 millones de euros, seg\u00fan se conoci\u00f3 a mediados de enero\u2014 era el propietario del inmueble hasta 2013 cuando se tuvo que deshacer de \u00e9l tras su nacionalizaci\u00f3n. Para ello, firm\u00f3 un contrato de arrendamiento con opci\u00f3n a compra firmado con Muscari Property, la compa\u00f1\u00eda neerlandesa utilizada para la operaci\u00f3n, que concluy\u00f3 en 2016 por el total de 400 millones de euros, cantidad que fue solicitada a Bankinter.<\/p>\n<p class>El organismo dependiente del Ministerio de Econom\u00eda analiz\u00f3 la operaci\u00f3n y consider\u00f3 que Bankinter no realiz\u00f3 las diligencias debidas para obtener informaci\u00f3n del \u201cprop\u00f3sito e \u00edndole\u201d de los negocios de su cliente, pese a conocer que detr\u00e1s de la sociedad estaba el empresario \u00e1rabe, quien ya en 2016 ten\u00eda cuentas y bienes congelados en su pa\u00eds de origen (Emiratos \u00c1rabes Unidos) y en Estados Unidos, donde ten\u00eda un proceso judicial abierto en relaci\u00f3n a su posible implicaci\u00f3n en una estafa internacional de miles de millones de d\u00f3lares por el desfalco del fondo soberano malasio 1Malaysia Development Berhad (1MDB). <\/p>\n<p class>El Sepblac tambi\u00e9n cuestion\u00f3 dos transferencias posteriores de 54 millones de euros, correspondiente a la mitad del beneficio obtenido con la reventa de la torre de 49 plantas, realizada en noviembre de 2016 a una cuenta de la sociedad en Emiratos \u00c1rabes; y otra de 1.037.500 euros a una cuenta de la sociedad vinculada a Al Qubaisi en Cura\u00e7ao, en enero de 2018.<\/p>\n<p class>As\u00ed, Econom\u00eda impuso a Bankinter una triple sanci\u00f3n de un total de 8,2 millones de euros, que fue recurrida ante la Sala de lo Contencioso-Administrativo de la Audiencia Nacional, cuya tramitaci\u00f3n ha estado paralizada <a href=\"https:\/\/cincodias.elpais.com\/companias\/2024-10-18\/recta-final-en-el-caso-por-la-reventa-de-torre-cepsa-tras-seis-anos-sin-localizar-al-principal-imputado.html\" target=\"_self\" rel title=\"https:\/\/cincodias.elpais.com\/companias\/2024-10-18\/recta-final-en-el-caso-por-la-reventa-de-torre-cepsa-tras-seis-anos-sin-localizar-al-principal-imputado.html\">hasta que la investigaci\u00f3n penal concluyera<\/a>. Una vez que el Juzgado Central de Instrucci\u00f3n n\u00famero 4 de la Audiencia Nacional concluy\u00f3 las pesquisas el pasado junio, acordando el archivo para cuatro investigados y ordenando la detenci\u00f3n de Al Qubaisi, as\u00ed como de un testaferro, los magistrados de lo contencioso han retomado el asunto de la multa a la entidad presidida por Mar\u00eda Dolores Dancausa.<\/p>\n<h3 class>Examin\u00f3 al cliente pero no las transferencias<\/h3>\n<p class>En una sentencia dictada el pasado 19 de diciembre, consultada por este peri\u00f3dico, la Sala de lo Contencioso-Administrativo ha estimado parcialmente el recurso de Bankinter, al considerar que Bankinter s\u00ed realiz\u00f3 un \u201cexamen especial\u201d antes de autorizar el cr\u00e9dito de 400 millones, ya que \u201canaliz\u00f3 el cliente, su titular real, la operaci\u00f3n, el cr\u00e9dito y origen de los fondos para su devoluci\u00f3n\u201d. <\/p>\n<p class>En la causa penal, altos cargos de Bankinter, como la propia Dancausa, declararon como testigos y defendieron la legalidad de la operaci\u00f3n. Uno de ellos fue el <a href=\"https:\/\/cincodias.elpais.com\/cincodias\/2022\/12\/20\/companias\/1671563053_193321.html\" target=\"_blank\" rel title=\"https:\/\/cincodias.elpais.com\/cincodias\/2022\/12\/20\/companias\/1671563053_193321.html\">exjefe de cumplimiento normativo del banco<\/a>, quien, seg\u00fan se\u00f1alaron fuentes jur\u00eddicas presentes en la declaraci\u00f3n, explic\u00f3 al juez instructor que su departamento realiz\u00f3 la evaluaci\u00f3n pertinente al pr\u00e9stamo solicitado y que no se detect\u00f3 ning\u00fan tipo de sospecha sobre el riesgo blanqueo de capitales, algo que se traslad\u00f3 al consejo de administraci\u00f3n del banco, \u00f3rgano que debati\u00f3 el asunto por la elevada cuant\u00eda del pr\u00e9stamo. A\u00f1adi\u00f3, el banco ten\u00eda conocimiento de que la torre iba a ser vendida al <i>holding<\/i> del fundador de Inditex y que \u00e9ste, a su vez, hab\u00eda solicitado para la operaci\u00f3n un cr\u00e9dito a BBVA.<\/p>\n<p class>Los magistrados de lo contencioso consideran probado este punto, si bien s\u00ed da la raz\u00f3n a la agencia antiblanqueo con respecto a que no recab\u00f3 informaci\u00f3n suficiente sobre la actividad profesional o empresarial de su cliente en el momento en el que se abri\u00f3 la primera cuenta a nombre de Muscari, pese a que su titular ya ten\u00eda los fondos bloqueados. As\u00ed, reduce la sanci\u00f3n impuesta por este aspecto de cuatro millones de euros al tramo inferior previsto en la ley de 60.001 euros. <\/p>\n<p class>En cuanto a las transferencias, la Audiencia Nacional tiene en cuenta que Bankinter pidi\u00f3 informaci\u00f3n a Muscari sobre el repentino cambio de su titularidad para comprobar si era una maniobra para eludir los bloqueos internacionales y que alert\u00f3 al Sepblac de que estos traspasos eran indiciarias de blanqueo de capitales. Sin embargo, el tribunal considera que los an\u00e1lisis sobre estas operaciones no se hicieron correctamente en su integridad. <\/p>\n<p class>Sobre la primera transferencia, la entidad reconoci\u00f3 que no hizo el \u201cexamen especial\u201d pertinente porque concluy\u00f3 que los fondos eran los mismos que los del cr\u00e9dito concedido previamente y por tanto concluy\u00f3 que eran de procedencia l\u00edcita. Todo ello, a pesar de que los representantes de Muscari no respondieron a los requerimientos sobre el cambio de due\u00f1o. El tribunal comparte parte de las alegaciones de Bankinter, pero considera que debi\u00f3 haber vuelto a hacer el estudio de la situaci\u00f3n cuando se orden\u00f3 a hacer la transferencia. Por ello, mantiene la sanci\u00f3n impuesta, aunque la reduce de 1,08 millones de euros a 121.500 euros.<\/p>\n<p class>Con respecto al traspaso de m\u00e1s de un mill\u00f3n de euros en 2018 a una cuenta en Cura\u00e7ao, los magistrados critican que la entidad siguiera trabajando entonces con Muscari, aun habiendo comunicado a las autoridades que hab\u00eda roto las relaciones dos a\u00f1os antes. \u201cSigui\u00f3 permitiendo entradas y salidas de fondos de su cuenta\u201d, subraya la sentencia. As\u00ed, debido a que incumpli\u00f3 la \u201cobligaci\u00f3n de abstenci\u00f3n\u201d, la Audiencia Nacional confirma la sanci\u00f3n impuesta de 3.060.001 euros.<\/p>\n<\/div>\n<aside class=\"w w-sea\">\n<h2 class=\"w_t\">Sobre la firma<\/h2>\n<div class=\"w_b\">\n<div class=\"_g _g-xs\">\n<figure class=\"w-sea_f a_m-h c_m--nf\"><span class=\"a_m_w _db\"><img decoding=\"async\" alt=\"Nuria Morcillo\" class=\"_re lazyload a_m-h\" height=\"100\" width=\"100\" src=\"https:\/\/analyse.optim.biz\/wp-content\/uploads\/2026\/01\/https3a2f2fs3-amazonaws-com2farc-authors2fprisa2fe0fe4c73-18df-4776-bc59-fde9d060a081.jpg\" loading=\"lazy\" title=\"https3a2f2fs3-amazonaws-com2farc-authors2fprisa2fe0fe4c73-18df-4776-bc59-fde9d060a081\"><\/span><\/figure>\n<div class=\"w-sea_txt\">\n<div class=\"_df\">\n<div class=\"w-sea_txt_na\"><a href=\"https:\/\/cincodias.elpais.com\/autor\/nuria-morcillo-garcia\/\" rel=\"autor_bottom\">Nuria Morcillo<\/a><\/div>\n<\/div>\n<div class=\"w-sea_txt_da _dn\">Periodista de Tribunales con m\u00e1s de 10 a\u00f1os de experiencia. Tras dar los primeros pasos en El Mundo y ABC, lleg\u00f3 a la agencia de noticias Europa Press, donde comenz\u00f3 a profundizar en el mundo jur\u00eddico. Despu\u00e9s pas\u00f3 por La Informaci\u00f3n, donde sigui\u00f3 especializ\u00e1ndose en ese \u00e1rea.  En CincoD\u00edas desde diciembre de 2022.<\/div>\n<\/div>\n<\/div>\n<\/div>\n<\/aside>\n<aside class=\"w w-fid\">\n<div class=\"w_b\">\n<div class=\"w-fid_t\"><a href=\"https:\/\/plus.elpais.com\/newsletters\/lnp\/1\/475\/#?prm=not_newsletters_empresas\">El an\u00e1lisis de la actualidad econ\u00f3mica y las noticias financieras m\u00e1s relevantes<\/a><\/div>\n<div class=\"w-fid_s\">\n<div class=\"w_rs\">\n<div class=\"w_rs_i\"><a class=\"_btn\" href=\"https:\/\/www.facebook.com\/Cincodias\/\" rel=\"nofollow\"><span class=\"_sr\">Companias Cinco D\u00edas en Facebook<\/span><\/a><\/div>\n<div class=\"w_rs_i\"><a class=\"_btn\" href=\"https:\/\/twitter.com\/CincoDiascom\" rel=\"nofollow\"><span class=\"_sr\">Companias Cinco D\u00edas en Twitter<\/span><\/a><\/div>\n<\/div>\n<\/div>\n<\/div>\n<\/aside>\n<aside class=\"a_com w w-com _df\"><a class=\"a_com_l\" href=\"https:\/\/elpais.com\/info\/normas-de-participacion\/\">Normas \u203a<\/a><\/aside>\n<div class=\"me _pf\" id=\"me-c\">\n<div class=\"me_bg\">\n<div class=\"me-c _pa\" id=\"comments_container\" data-dtm-region=\"articulo_comentarios\">\n<div class=\"me_f me_f-os me_cc\"><a href=\"https:\/\/plus.elpais.com\/perfil\/actividad\/\">Mis comentarios<\/a><a href=\"https:\/\/elpais.com\/info\/normas-de-participacion\/\">Normas<\/a><\/div>\n<div class=\"me_f me_f-ns\"><span class=\"me_f_txt _db\">Rellena tu <b>nombre y apellido<\/b> para comentar<\/span><a href=\"https:\/\/plus.elpais.com\/autorization.html\/?prod=COM&amp;backURL=https%3A%2F%2Fcincodias.elpais.com%2Fcompanias%2F2026-01-28%2Fla-audiencia-nacional-reduce-a-tres-millones-la-multa-a-bakinter-por-la-venta-de-la-torre-cepsa.html\" class=\"btn btn-2\">completar datos<\/a><\/div>\n<div class=\"me_f\" id=\"comments_msg\"><a class=\"btn btn-2\" href=\"https:\/\/elpais.com\/suscripciones\/premium\/primer-mes-anual\/#\/campaign?prod=SUSDIGCRART&amp;o=COM5D&amp;prm=suscrip_articulo_comentarios_5d&amp;backURL=https%3A%2F%2Fcincodias.elpais.com%2Fcompanias%2F2026-01-28%2Fla-audiencia-nacional-reduce-a-tres-millones-la-multa-a-bakinter-por-la-venta-de-la-torre-cepsa.html\" id=\"comments_subscribe_link\" data-link-am=\"https:\/\/elpais.com\/suscripcion\/latam\/primermes\/premium\/mensual\/anual\/#\/campaign?prod=SUSDIGCRART&amp;o=COM5D&amp;prm=suscrip_articulo_comentarios_5d&amp;backURL=https%3A%2F%2Fcincodias.elpais.com%2Fcompanias%2F2026-01-28%2Fla-audiencia-nacional-reduce-a-tres-millones-la-multa-a-bakinter-por-la-venta-de-la-torre-cepsa.html\" data-link-mx=\"https:\/\/elpais.com\/suscripcion\/latam\/primermes\/premium\/mensual\/anual\/#\/campaign?prod=SUSDIGCRART&amp;o=COM5D&amp;prm=suscrip_articulo_comentarios_5d&amp;backURL=https%3A%2F%2Fcincodias.elpais.com%2Fcompanias%2F2026-01-28%2Fla-audiencia-nacional-reduce-a-tres-millones-la-multa-a-bakinter-por-la-venta-de-la-torre-cepsa.html\" data-link-co=\"https:\/\/elpais.com\/suscripcion\/latam\/primermes\/premium\/mensual\/anual\/#\/campaign?prod=SUSDIGCRART&amp;o=COM5D&amp;prm=suscrip_articulo_comentarios_5d&amp;backURL=https%3A%2F%2Fcincodias.elpais.com%2Fcompanias%2F2026-01-28%2Fla-audiencia-nacional-reduce-a-tres-millones-la-multa-a-bakinter-por-la-venta-de-la-torre-cepsa.html\" data-link-ar=\"https:\/\/elpais.com\/suscripcion\/latam\/primermes\/premium\/mensual\/anual\/#\/campaign?prod=SUSDIGCRART&amp;o=COM5D&amp;prm=suscrip_articulo_comentarios_5d&amp;backURL=https%3A%2F%2Fcincodias.elpais.com%2Fcompanias%2F2026-01-28%2Fla-audiencia-nacional-reduce-a-tres-millones-la-multa-a-bakinter-por-la-venta-de-la-torre-cepsa.html\" data-link-cl=\"https:\/\/elpais.com\/suscripcion\/latam\/primermes\/premium\/mensual\/anual\/#\/campaign?prod=SUSDIGCRART&amp;o=COM5D&amp;prm=suscrip_articulo_comentarios_5d&amp;backURL=https%3A%2F%2Fcincodias.elpais.com%2Fcompanias%2F2026-01-28%2Fla-audiencia-nacional-reduce-a-tres-millones-la-multa-a-bakinter-por-la-venta-de-la-torre-cepsa.html\" data-link-us=\"https:\/\/elpais.com\/suscripcion\/latam\/primermes\/premium\/mensual\/anual\/#\/campaign?prod=SUSDIGCRART&amp;o=COM5D&amp;prm=suscrip_articulo_comentarios_5d&amp;backURL=https%3A%2F%2Fcincodias.elpais.com%2Fcompanias%2F2026-01-28%2Fla-audiencia-nacional-reduce-a-tres-millones-la-multa-a-bakinter-por-la-venta-de-la-torre-cepsa.html\">Suscr\u00edbete en El Pa\u00eds para participar<\/a><a class=\"btn btn-3\" href=\"https:\/\/elpais.com\/subscriptions\/#\/sign-in?prod=SUSDIG&amp;o=COM5D&amp;prm=login_articulo_comentarios_5d&amp;backURL=https%3A%2F%2Fcincodias.elpais.com%2Fcompanias%2F2026-01-28%2Fla-audiencia-nacional-reduce-a-tres-millones-la-multa-a-bakinter-por-la-venta-de-la-torre-cepsa.html\" id=\"comments_login_link\" data-link-am=\"https:\/\/elpais.com\/subscriptions\/#\/sign-in?prod=SUSDIG&amp;o=COM5D&amp;prm=login_articulo_comentarios_5d&amp;backURL=https%3A%2F%2Fcincodias.elpais.com%2Fcompanias%2F2026-01-28%2Fla-audiencia-nacional-reduce-a-tres-millones-la-multa-a-bakinter-por-la-venta-de-la-torre-cepsa.html\" data-link-mx=\"https:\/\/elpais.com\/subscriptions\/#\/sign-in?prod=SUSDIG&amp;o=COM5D&amp;prm=login_articulo_comentarios_5d&amp;backURL=https%3A%2F%2Fcincodias.elpais.com%2Fcompanias%2F2026-01-28%2Fla-audiencia-nacional-reduce-a-tres-millones-la-multa-a-bakinter-por-la-venta-de-la-torre-cepsa.html\" data-link-co=\"https:\/\/elpais.com\/subscriptions\/#\/sign-in?prod=SUSDIG&amp;o=COM5D&amp;prm=login_articulo_comentarios_5d&amp;backURL=https%3A%2F%2Fcincodias.elpais.com%2Fcompanias%2F2026-01-28%2Fla-audiencia-nacional-reduce-a-tres-millones-la-multa-a-bakinter-por-la-venta-de-la-torre-cepsa.html\" data-link-ar=\"https:\/\/elpais.com\/subscriptions\/#\/sign-in?prod=SUSDIG&amp;o=COM5D&amp;prm=login_articulo_comentarios_5d&amp;backURL=https%3A%2F%2Fcincodias.elpais.com%2Fcompanias%2F2026-01-28%2Fla-audiencia-nacional-reduce-a-tres-millones-la-multa-a-bakinter-por-la-venta-de-la-torre-cepsa.html\" data-link-cl=\"https:\/\/elpais.com\/subscriptions\/#\/sign-in?prod=SUSDIG&amp;o=COM5D&amp;prm=login_articulo_comentarios_5d&amp;backURL=https%3A%2F%2Fcincodias.elpais.com%2Fcompanias%2F2026-01-28%2Fla-audiencia-nacional-reduce-a-tres-millones-la-multa-a-bakinter-por-la-venta-de-la-torre-cepsa.html\" data-link-us=\"https:\/\/elpais.com\/subscriptions\/#\/sign-in?prod=SUSDIG&amp;o=COM5D&amp;prm=login_articulo_comentarios_5d&amp;backURL=https%3A%2F%2Fcincodias.elpais.com%2Fcompanias%2F2026-01-28%2Fla-audiencia-nacional-reduce-a-tres-millones-la-multa-a-bakinter-por-la-venta-de-la-torre-cepsa.html\">Ya tengo una suscripci\u00f3n<\/a><\/div>\n<p>Please enable JavaScript to view the &lt;a href=&#8221;https:\/\/disqus.com\/?ref_noscript&#8221; rel=&#8221;nofollow&#8221;&gt; comments powered by Disqus.&lt;\/a&gt;<\/p><\/div>\n<\/div>\n<\/div>\n<aside class=\"w w-rel\" data-dtm-region=\"articulo_mas-informacion\">\n<h2 class=\"w_t\">M\u00e1s informaci\u00f3n<\/h2>\n<ul class=\"w_b _ls\">\n<li class=\"_g _g-xs w-rel_n\">\n<div class=\" a_m-h c_m--nf\"><span class=\"_db _pr\"><img decoding=\"async\" class=\"_re lazyload a_m-h\" height=\"311\" width=\"414\" src=\"https:\/\/analyse.optim.biz\/wp-content\/uploads\/2026\/01\/hbl6edhqqzayxilt5t5v54rbe4.jpg\" loading=\"lazy\" title=\"hbl6edhqqzayxilt5t5v54rbe4\"><\/span><\/div>\n<div class=\"nt\">\n<h3 class=\"nt_t\"><a href=\"https:\/\/cincodias.elpais.com\/companias\/2026-01-27\/perez-llorca-aterrizara-en-abu-dabi-con-la-mirada-puesta-en-inversores-privados-y-fondos-soberanos.html#?rel=mas\">P\u00e9rez-Llorca aterrizar\u00e1 en Abu Dabi con la mirada puesta en inversores privados y fondos soberanos<\/a><\/h3>\n<div class=\"nt_a\"><a href=\"https:\/\/cincodias.elpais.com\/autor\/nuria-morcillo-garcia\/\" title=\"Ver todas las noticias de Nuria Morcillo\">Nuria Morcillo<\/a> | Madrid<\/div>\n<\/div>\n<\/li>\n<li class=\"_g _g-xs w-rel_n\">\n<div class=\" a_m-h c_m--nf\"><span class=\"_db _pr\"><img decoding=\"async\" class=\"_re lazyload a_m-h\" height=\"311\" width=\"414\" src=\"https:\/\/analyse.optim.biz\/wp-content\/uploads\/2026\/01\/uqa63ik36bga5dlqtuelzyxc34.jpg\" loading=\"lazy\" title=\"uqa63ik36bga5dlqtuelzyxc34\"><\/span><\/div>\n<div class=\"nt\">\n<h3 class=\"nt_t\"><a href=\"https:\/\/cincodias.elpais.com\/companias\/2026-01-22\/el-supremo-dictamina-sobre-la-tributacion-de-las-perdidas-por-una-quiebra-bancaria-tras-el-caso-popular.html#?rel=mas\">El Supremo decidir\u00e1 sobre la tributaci\u00f3n de las p\u00e9rdidas por una quiebra bancaria tras el caso Popular<\/a><\/h3>\n<div class=\"nt_a\"><a href=\"https:\/\/cincodias.elpais.com\/autor\/nuria-morcillo-garcia\/\" title=\"Ver todas las noticias de Nuria Morcillo\">Nuria Morcillo<\/a> | Madrid<\/div>\n<\/div>\n<\/li>\n<\/ul>\n<\/aside>\n<section class=\"w w-ae\" data-dtm-region=\"articulo_archivado-en\">\n<h2 class=\"w_t\">Archivado En<\/h2>\n<div class=\"w_b\">\n<ul class=\"w_ul w_ul--mh _df _ls\">\n<li><a href=\"https:\/\/cincodias.elpais.com\/noticias\/empresas\/#?rel=arch\" rel=\"noopener noreferrer\">Empresas<\/a><\/li>\n<li><a href=\"https:\/\/cincodias.elpais.com\/noticias\/audiencia-nacional\/#?rel=arch\" rel=\"noopener noreferrer\">Audiencia Nacional<\/a><\/li>\n<li><a href=\"https:\/\/cincodias.elpais.com\/noticias\/bankinter\/#?rel=arch\" rel=\"noopener noreferrer\">Bankinter<\/a><\/li>\n<li><a href=\"https:\/\/cincodias.elpais.com\/noticias\/tribunales\/#?rel=arch\" rel=\"noopener noreferrer\">Tribunales<\/a><\/li>\n<li><a href=\"https:\/\/cincodias.elpais.com\/noticias\/torre-cepsa\/#?rel=arch\" rel=\"noopener noreferrer\">Torre Cepsa<\/a><\/li>\n<li><a href=\"https:\/\/cincodias.elpais.com\/noticias\/pontegadea-inmobiliaria\/#?rel=arch\" rel=\"noopener noreferrer\">Pontegadea Inmobiliaria<\/a><\/li>\n<li><a href=\"https:\/\/cincodias.elpais.com\/noticias\/bankia\/#?rel=arch\" rel=\"noopener noreferrer\">Bankia<\/a><\/li>\n<li><a href=\"https:\/\/cincodias.elpais.com\/noticias\/caixabank\/#?rel=arch\" rel=\"noopener noreferrer\">CaixaBank<\/a><\/li>\n<li><a href=\"https:\/\/cincodias.elpais.com\/noticias\/ministerio-economia\/#?rel=arch\" rel=\"noopener noreferrer\">Ministerio de Econom\u00eda, Comercio y Empresa<\/a><\/li>\n<li><a href=\"https:\/\/cincodias.elpais.com\/noticias\/blanqueo-capitales\/#?rel=arch\" rel=\"noopener noreferrer\">Blanqueo capitales<\/a><\/li>\n<\/ul>\n<\/div>\n<\/section>\n<aside class=\"a_tp _df\">\n<div class=\"a_tp_txt\"><span class=\"a_tp_t\">Se adhiere a los criterios de<\/span><\/p>\n<figure class=\"a_m a_m-h c_m--nf\"><a class=\"a_tp_i _dib\" href=\"https:\/\/elpais.com\/estaticos\/que-es-the-trust-project\/\" target=\"_blank\" rel=\"noopener noreferrer nofollow\"><img decoding=\"async\" alt=\"The Trust Project\" class=\" lazyload a_m-h\" height=\"20\" width=\"117\" src=\"https:\/\/analyse.optim.biz\/wp-content\/uploads\/2026\/01\/the-trust-project-322.svg\" loading=\"lazy\" title=\"the-trust-project-322\"><\/a><\/figure>\n<p><a class=\"a_tp_mi\" href=\"https:\/\/elpais.com\/estaticos\/codigo-etico\/\" target=\"_blank\" rel=\"noopener noreferrer nofollow\">M\u00e1s informaci\u00f3n<\/a><\/div>\n<div class=\"a_tp_si\">Si est\u00e1 interesado en licenciar este contenido, pinche <a class=\"a_tp_si_l\" href=\"https:\/\/profesional.elpais.com\/soluciones-sindicacion\/?utm_medium=interno&amp;utm_source=crosslinking&amp;utm_campaign=sindicacion_ep_pie_articulos\" target=\"_blank\" rel=\"noopener noreferrer nofollow\">aqu\u00ed<\/a><\/div>\n<\/aside>\n<div class=\"a_o _pr\" data-dtm-region=\"articulo_right-rail\">\n<div id=\"elpais_gpt-MPU1\" data-adtype=\"MPU\" class=\"ad ad-mpu\"><span class=\"_dn\">_<\/span><\/div>\n<section class=\"w w-sc b_col\" data-dtm-region=\"articulo_ultimas-noticias\">\n<header class=\"w_h b_col_h\">\n<h3 class=\"w_t\"><a href=\"https:\/\/cincodias.elpais.com\/ultimas-noticias\/\" rel=\"story-card-ultimas-noticias\">\u00daltimas noticias<\/a><\/h3>\n<\/header>\n<div class=\"w_b\">\n<article class=\"c  c--m-n   \" data-word=\"0\">\n<header class=\"c_h\"><time datetime=\"2026-01-29T01:41:21+01:00\" class=\"c_da\">01:41<\/time><\/p>\n<h2 class=\"c_t \"><a href=\"https:\/\/cincodias.elpais.com\/companias\/2026-01-28\/la-consultora-digital-izertis-amplia-capital-en-51-millones-para-financiar-nuevas-compras.html\">La consultora digital Izertis cierra una colocaci\u00f3n de capital en 54 millones para financiar nuevas compras<\/a><\/h2>\n<\/header>\n<\/article>\n<article class=\"c  c--m-n   \" data-word=\"0\">\n<header class=\"c_h\"><time datetime=\"2026-01-29T00:55:52+01:00\" class=\"c_da\">00:55<\/time><\/p>\n<h2 class=\"c_t \"><a href=\"https:\/\/elpais.com\/economia\/2026-01-28\/microsoft-mejora-los-resultados-un-60-pero-alienta-la-dudas-sobre-la-inversion-en-ia.html\">Microsoft mejora los resultados un 60%, pero alienta la dudas sobre la inversi\u00f3n en IA<\/a><\/h2>\n<\/header>\n<\/article>\n<article class=\"c  c--m-n   \" data-word=\"0\">\n<header class=\"c_h\"><time datetime=\"2026-01-28T22:45:07+01:00\" class=\"c_da\">22:45<\/time><\/p>\n<h2 class=\"c_t \"><a href=\"https:\/\/elpais.com\/economia\/2026-01-28\/tesla-reduce-un-46-las-ganancias-de-2025-por-la-caida-de-la-venta-de-coches-y-la-deriva-politica-de-musk.html\">Tesla reduce un 46% las ganancias de 2025 por la ca\u00edda de la venta de coches y la deriva pol\u00edtica de Musk<\/a><\/h2>\n<\/header>\n<\/article>\n<article class=\"c  c--m-n   \" data-word=\"0\">\n<header class=\"c_h\"><time datetime=\"2026-01-28T22:41:13+01:00\" class=\"c_da\">22:41<\/time><\/p>\n<h2 class=\"c_t \"><a href=\"https:\/\/cincodias.elpais.com\/mercados-financieros\/2026-01-28\/la-bolsa-y-el-ibex-35.html\">La Bolsa y la deuda se tambalean mientras Powell enfr\u00eda las expectativas de rebajas de tipos<\/a><\/h2>\n<\/header>\n<\/article>\n<\/div>\n<\/section>\n<aside class=\"w w-lmv\" data-dtm-region=\"articulo_lom\">\n<h2 class=\"w_t\"><a href=\"https:\/\/cincodias.elpais.com\/lo-mas-visto\/\">Lo m\u00e1s visto<\/a><\/h2>\n<div class=\"w_b\">\n<ol class=\"_ls\">\n<li><a href=\"https:\/\/cincodias.elpais.com\/economia\/2026-01-27\/trump-bendice-la-caida-del-dolar-va-muy-bien-miren-los-negocios-que-estamos-haciendo.html#?rel=lom\">Trump asegura que no le preocupa la ca\u00edda del d\u00f3lar: \u201cVa muy bien, miren los negocios que estamos haciendo\u201d<\/a><\/li>\n<\/ol>\n<\/div>\n<\/aside>\n<section class=\"w w-b5d\">\n<h2 class=\"w_t\"><a href=\"https:\/\/cincodias.elpais.com\/mercados\/\">Buscar bolsas y mercados<\/a><\/h2>\n<div class=\"w_b\">\n<div class=\"lk\"><a href=\"https:\/\/cincodias.elpais.com\/mercados\/bolsa\/ibex-35\/\" title=\"Ibex 35\">Ibex 35<\/a><a href=\"https:\/\/cincodias.elpais.com\/mercados\/bolsa\/eurostoxx-50\/\" title=\"Eurostoxx\">Eurostoxx<\/a><a href=\"https:\/\/cincodias.elpais.com\/mercados\/bolsa\/sp-500\/\" title=\"S&amp;P 500\">S&amp;P 500<\/a><\/div>\n<\/div>\n<\/section>\n<\/div>\n<\/article>\n<article class=\"c  c--m-n   \" data-word=\"0\">\n<header class=\"c_h\"><time datetime=\"2026-01-29T01:41:21+01:00\" class=\"c_da\">01:41<\/time><\/p>\n<h2 class=\"c_t \"><a href=\"https:\/\/cincodias.elpais.com\/companias\/2026-01-28\/la-consultora-digital-izertis-amplia-capital-en-51-millones-para-financiar-nuevas-compras.html\">La consultora digital Izertis cierra una colocaci\u00f3n de capital en 54 millones para financiar nuevas compras<\/a><\/h2>\n<\/header>\n<\/article>\n<article class=\"c  c--m-n   \" data-word=\"0\">\n<header class=\"c_h\"><time datetime=\"2026-01-29T00:55:52+01:00\" class=\"c_da\">00:55<\/time><\/p>\n<h2 class=\"c_t \"><a href=\"https:\/\/elpais.com\/economia\/2026-01-28\/microsoft-mejora-los-resultados-un-60-pero-alienta-la-dudas-sobre-la-inversion-en-ia.html\">Microsoft mejora los resultados un 60%, pero alienta la dudas sobre la inversi\u00f3n en IA<\/a><\/h2>\n<\/header>\n<\/article>\n<article class=\"c  c--m-n   \" data-word=\"0\">\n<header class=\"c_h\"><time datetime=\"2026-01-28T22:45:07+01:00\" class=\"c_da\">22:45<\/time><\/p>\n<h2 class=\"c_t \"><a href=\"https:\/\/elpais.com\/economia\/2026-01-28\/tesla-reduce-un-46-las-ganancias-de-2025-por-la-caida-de-la-venta-de-coches-y-la-deriva-politica-de-musk.html\">Tesla reduce un 46% las ganancias de 2025 por la ca\u00edda de la venta de coches y la deriva pol\u00edtica de Musk<\/a><\/h2>\n<\/header>\n<\/article>\n<article class=\"c  c--m-n   \" data-word=\"0\">\n<header class=\"c_h\"><time datetime=\"2026-01-28T22:41:13+01:00\" class=\"c_da\">22:41<\/time><\/p>\n<h2 class=\"c_t \"><a href=\"https:\/\/cincodias.elpais.com\/mercados-financieros\/2026-01-28\/la-bolsa-y-el-ibex-35.html\">La Bolsa y la deuda se tambalean mientras Powell enfr\u00eda las expectativas de rebajas de tipos<\/a><\/h2>\n<\/header>\n<\/article>\n<p> Source URL: https:\/\/cincodias.elpais.com\/companias\/2026-01-28\/la-audiencia-nacional-reduce-a-tres-millones-la-multa-a-bakinter-por-la-venta-de-la-torre-cepsa.html<\/p>\n","protected":false},"excerpt":{"rendered":"<p>Tribunales La Audiencia Nacional reduce a tres millones la multa a Bankinter por la venta de la Torre Cepsa La entidad prest\u00f3 400 millones a una sociedad del expresidente de la petrolera Khadem Al Qubaisi, en busca y captura, para adquirir el rascacielos y venderlo un d\u00eda despu\u00e9s por 100 millones m\u00e1s Foto de la [&hellip;]<\/p>\n","protected":false},"author":1,"featured_media":1515299,"comment_status":"open","ping_status":"","sticky":false,"template":"","format":"standard","meta":{"footnotes":""},"categories":[88],"tags":[92],"class_list":["post-1515298","post","type-post","status-publish","format-standard","has-post-thumbnail","hentry","category-spain","tag-elpais-com"],"_links":{"self":[{"href":"https:\/\/analyse.optim.biz\/index.php?rest_route=\/wp\/v2\/posts\/1515298","targetHints":{"allow":["GET"]}}],"collection":[{"href":"https:\/\/analyse.optim.biz\/index.php?rest_route=\/wp\/v2\/posts"}],"about":[{"href":"https:\/\/analyse.optim.biz\/index.php?rest_route=\/wp\/v2\/types\/post"}],"author":[{"embeddable":true,"href":"https:\/\/analyse.optim.biz\/index.php?rest_route=\/wp\/v2\/users\/1"}],"replies":[{"embeddable":true,"href":"https:\/\/analyse.optim.biz\/index.php?rest_route=%2Fwp%2Fv2%2Fcomments&post=1515298"}],"version-history":[{"count":0,"href":"https:\/\/analyse.optim.biz\/index.php?rest_route=\/wp\/v2\/posts\/1515298\/revisions"}],"wp:featuredmedia":[{"embeddable":true,"href":"https:\/\/analyse.optim.biz\/index.php?rest_route=\/wp\/v2\/media\/1515299"}],"wp:attachment":[{"href":"https:\/\/analyse.optim.biz\/index.php?rest_route=%2Fwp%2Fv2%2Fmedia&parent=1515298"}],"wp:term":[{"taxonomy":"category","embeddable":true,"href":"https:\/\/analyse.optim.biz\/index.php?rest_route=%2Fwp%2Fv2%2Fcategories&post=1515298"},{"taxonomy":"post_tag","embeddable":true,"href":"https:\/\/analyse.optim.biz\/index.php?rest_route=%2Fwp%2Fv2%2Ftags&post=1515298"}],"curies":[{"name":"wp","href":"https:\/\/api.w.org\/{rel}","templated":true}]}}