{"id":1515242,"date":"2026-01-28T21:45:07","date_gmt":"2026-01-28T18:45:07","guid":{"rendered":"https:\/\/analyse.optim.biz\/?p=1515242"},"modified":"2026-01-28T21:45:07","modified_gmt":"2026-01-28T18:45:07","slug":"tesla-reduce-un-46-las-ganancias-de-2025-por-la-caida-de-la-venta-de-coches-y-la-deriva-politica-de-musk","status":"publish","type":"post","link":"https:\/\/analyse.optim.biz\/?p=1515242","title":{"rendered":"Tesla reduce un 46% las ganancias de 2025 por la ca\u00edda de la venta de coches y la deriva pol\u00edtica de Musk"},"content":{"rendered":"<article id=\"main-content\" class=\"a _g _g-lg _g-o\">\n<header class=\"a_e _g _g-xs\">\n<div class=\"a_e_txt _df\">\n<div class=\"a_k _df\"><a class=\"a_k_n\" href=\"https:\/\/elpais.com\/noticias\/tesla-motors\/\">Tesla<\/a><\/div>\n<h1 class=\"a_t\">Tesla reduce un 46% las ganancias de 2025 por la ca\u00edda de la venta de coches y la deriva pol\u00edtica de Musk<\/h1>\n<p class=\"a_st\">La empresa de Elon Musk busca enfocarse m\u00e1s en inteligencia artificial, en el negocio de drones y en los robots<\/p>\n<\/div>\n<div class=\"a_e_m\">\n<figure class=\"a_m a_m-h c_m--nf\"><span class=\"a_m_w _db\"><img fetchpriority=\"high\" decoding=\"async\" class=\"_re  a_m-h\" height=\"244\" width=\"414\" src=\"https:\/\/analyse.optim.biz\/wp-content\/uploads\/2026\/01\/gz6bsclr5rcdtcfgo6ckh7vnyu-1.jpg\" loading=\"eager\" title=\"gz6bsclr5rcdtcfgo6ckh7vnyu-1\"><\/span><\/figure>\n<\/div>\n<\/header>\n<div class=\"a_md _g _g-xs \">\n<figure class=\"a_md_i a_m-h c_m--nf\"><span class=\"a_m_w _db\"><img decoding=\"async\" alt=\"Jes\u00fas S\u00e9rvulo Gonz\u00e1lez\" class=\"_re lazyload a_m-h\" height=\"100\" width=\"100\" src=\"https:\/\/analyse.optim.biz\/wp-content\/uploads\/2026\/01\/https3a2f2fauthor-service-images-prod-us-east-1-publishing-aws_-arc_-pub2fprisa2f17b46eb6-fa75-4dc1-9b31-ecaa0c6f9b06-5.jpg\" loading=\"lazy\" title=\"https3a2f2fauthor-service-images-prod-us-east-1-publishing-aws_-arc_-pub2fprisa2f17b46eb6-fa75-4dc1-9b31-ecaa0c6f9b06-5\"><\/span><\/figure>\n<div class=\"a_md_txt\">\n<div class=\"a_md_a\" data-dtm-region=\"articulo_firma\"><a href=\"https:\/\/elpais.com\/autor\/jesus-servulo-gonzalez\/#?rel=author_top\" title=\"Ver todas las noticias de Jes\u00fas S\u00e9rvulo Gonz\u00e1lez\" class=\"a_md_a_n\">Jes\u00fas S\u00e9rvulo Gonz\u00e1lez<\/a><\/div>\n<div class=\"a_md_f\"><span>Washington &#8211; <a href=\"https:\/\/elpais.com\/hemeroteca\/2026-01-28\/\" data-date=\"2026-01-28T22:45:07+01:00\"><time data-date=\"2026-01-28T22:45:07+01:00\" datetime=\"2026-01-28T22:45:07+01:00\" id=\"article_date_p\">28 ene 2026 &#8211; 22:45<abbr title=\"Central European Time\">CET<\/abbr><\/time><\/a><\/span><\/div>\n<div class=\"w_rs\" data-dtm-region=\"articulo_botonera-social\">\n<div class=\"w_rs_i\"><a class=\"_btn hidden\" href=\"\/\/send?text=Tesla%20reduce%20un%2046%25%20las%20ganancias%20de%202025%20por%20la%20ca%C3%ADda%20de%20la%20venta%20de%20coches%20y%20la%20deriva%20pol%C3%ADtica%20de%20Musk%0D%0A%0D%0Ahttps%3A%2F%2Felpais.com%2Feconomia%2F2026-01-28%2Ftesla-reduce-un-46-las-ganancias-de-2025-por-la-caida-de-la-venta-de-coches-y-la-deriva-politica-de-musk.html%3Fssm=whatsapp_CC\" data-action=\"share\/whatsapp\/share\" data-param-description=\"Tesla reduce un 46% las ganancias de 2025 por la ca\u00edda de la venta de coches y la deriva pol\u00edtica de Musk\" data-param-href=\"https:\/\/elpais.com\/economia\/2026-01-28\/tesla-reduce-un-46-las-ganancias-de-2025-por-la-caida-de-la-venta-de-coches-y-la-deriva-politica-de-musk.html\" data-param-text=\"Tesla reduce un 46% las ganancias de 2025 por la ca\u00edda de la venta de coches y la deriva pol\u00edtica de Musk https:\/\/elpais.com\/economia\/2026-01-28\/tesla-reduce-un-46-las-ganancias-de-2025-por-la-caida-de-la-venta-de-coches-y-la-deriva-politica-de-musk.html\" data-param-url=\"https:\/\/elpais.com\/economia\/2026-01-28\/tesla-reduce-un-46-las-ganancias-de-2025-por-la-caida-de-la-venta-de-coches-y-la-deriva-politica-de-musk.html\" target=\"_blank\" rel=\"noopener noreferrer\" data-share-track-dtm=\"whatsapp\" id=\"btn_share_whatsapp_924\"><span class=\"_sr\">Compartir en Whatsapp<\/span><\/a><\/div>\n<div class=\"w_rs_i\"><a class=\"_btn \" href=\"https:\/\/www.facebook.com\/dialog\/share?display=popup&amp;app_id=94039431626&amp;href=https%3A%2F%2Felpais.com%2Feconomia%2F2026-01-28%2Ftesla-reduce-un-46-las-ganancias-de-2025-por-la-caida-de-la-venta-de-coches-y-la-deriva-politica-de-musk.html%3Fssm=FB_CC&amp;quote=Tesla%20reduce%20un%2046%25%20las%20ganancias%20de%202025%20por%20la%20ca%C3%ADda%20de%20la%20venta%20de%20coches%20y%20la%20deriva%20pol%C3%ADtica%20de%20Musk\" data-param-app_id=\"94039431626\" data-param-description=\"Tesla reduce un 46% las ganancias de 2025 por la ca\u00edda de la venta de coches y la deriva pol\u00edtica de Musk\" data-param-href=\"https:\/\/elpais.com\/economia\/2026-01-28\/tesla-reduce-un-46-las-ganancias-de-2025-por-la-caida-de-la-venta-de-coches-y-la-deriva-politica-de-musk.html\" data-param-text=\"Tesla reduce un 46% las ganancias de 2025 por la ca\u00edda de la venta de coches y la deriva pol\u00edtica de Musk\" data-param-url=\"https:\/\/elpais.com\/economia\/2026-01-28\/tesla-reduce-un-46-las-ganancias-de-2025-por-la-caida-de-la-venta-de-coches-y-la-deriva-politica-de-musk.html\" target=\"_blank\" rel=\"noopener noreferrer\" data-share-track-dtm=\"facebook\" id=\"btn_share_facebook_924\"><span class=\"_sr\">Compartir en Facebook<\/span><\/a><\/div>\n<div class=\"w_rs_i\"><a class=\"_btn \" href=\"https:\/\/twitter.com\/intent\/tweet?url=https%3A%2F%2Felpais.com%2Feconomia%2F2026-01-28%2Ftesla-reduce-un-46-las-ganancias-de-2025-por-la-caida-de-la-venta-de-coches-y-la-deriva-politica-de-musk.html%3Fssm=TW_CC&amp;text=Tesla%20reduce%20un%2046%25%20las%20ganancias%20de%202025%20por%20la%20ca%C3%ADda%20de%20la%20venta%20de%20coches%20y%20la%20deriva%20pol%C3%ADtica%20de%20Musk&amp;via=el_pais&amp;lang=es\" data-param-description=\"Tesla reduce un 46% las ganancias de 2025 por la ca\u00edda de la venta de coches y la deriva pol\u00edtica de Musk\" data-param-href=\"https:\/\/elpais.com\/economia\/2026-01-28\/tesla-reduce-un-46-las-ganancias-de-2025-por-la-caida-de-la-venta-de-coches-y-la-deriva-politica-de-musk.html\" data-param-text=\"Tesla reduce un 46% las ganancias de 2025 por la ca\u00edda de la venta de coches y la deriva pol\u00edtica de Musk via @el_pais\" data-param-url=\"https:\/\/elpais.com\/economia\/2026-01-28\/tesla-reduce-un-46-las-ganancias-de-2025-por-la-caida-de-la-venta-de-coches-y-la-deriva-politica-de-musk.html\" target=\"_blank\" rel=\"noopener noreferrer\" data-share-track-dtm=\"twitter\" id=\"btn_share_twitter_924\"><span class=\"_sr\">Compartir en Twitter<\/span><\/a><\/div>\n<div class=\"w_rs_i\"><a class=\"_btn \" href=\"https:\/\/bsky.app\/intent\/compose?text=https%3A%2F%2Felpais.com%2Feconomia%2F2026-01-28%2Ftesla-reduce-un-46-las-ganancias-de-2025-por-la-caida-de-la-venta-de-coches-y-la-deriva-politica-de-musk.html%3Fssm=bsky_CC\" data-param-description=\"Tesla reduce un 46% las ganancias de 2025 por la ca\u00edda de la venta de coches y la deriva pol\u00edtica de Musk\" data-param-href=\"https:\/\/elpais.com\/economia\/2026-01-28\/tesla-reduce-un-46-las-ganancias-de-2025-por-la-caida-de-la-venta-de-coches-y-la-deriva-politica-de-musk.html\" data-param-text=\"Tesla reduce un 46% las ganancias de 2025 por la ca\u00edda de la venta de coches y la deriva pol\u00edtica de Musk\" data-param-url=\"https:\/\/elpais.com\/economia\/2026-01-28\/tesla-reduce-un-46-las-ganancias-de-2025-por-la-caida-de-la-venta-de-coches-y-la-deriva-politica-de-musk.html\" target=\"_blank\" rel=\"noopener noreferrer\" data-share-track-dtm=\"bluesky\" id=\"btn_share_bluesky_924\"><span class=\"_sr\">Compartir en Bluesky<\/span><\/a><\/div>\n<div class=\"w_rs_i\"><a class=\"_btn \" href=\"https:\/\/www.linkedin.com\/sharing\/share-offsite\/?url=https%3A%2F%2Felpais.com%2Feconomia%2F2026-01-28%2Ftesla-reduce-un-46-las-ganancias-de-2025-por-la-caida-de-la-venta-de-coches-y-la-deriva-politica-de-musk.html%3Fssm=LK_CC\" data-param-description=\"Tesla reduce un 46% las ganancias de 2025 por la ca\u00edda de la venta de coches y la deriva pol\u00edtica de Musk\" data-param-href=\"https:\/\/elpais.com\/economia\/2026-01-28\/tesla-reduce-un-46-las-ganancias-de-2025-por-la-caida-de-la-venta-de-coches-y-la-deriva-politica-de-musk.html\" data-param-text=\"Tesla reduce un 46% las ganancias de 2025 por la ca\u00edda de la venta de coches y la deriva pol\u00edtica de Musk\" data-param-url=\"https:\/\/elpais.com\/economia\/2026-01-28\/tesla-reduce-un-46-las-ganancias-de-2025-por-la-caida-de-la-venta-de-coches-y-la-deriva-politica-de-musk.html\" target=\"_blank\" rel=\"noopener noreferrer\" data-share-track-dtm=\"linkedin\" id=\"btn_share_linkedin_924\"><span class=\"_sr\">Compartir en Linkedin<\/span><\/a><\/div>\n<div class=\"w_rs_i\"><a class=\"_btn rs_l\" href=\"https:\/\/elpais.com\/economia\/2026-01-28\/tesla-reduce-un-46-las-ganancias-de-2025-por-la-caida-de-la-venta-de-coches-y-la-deriva-politica-de-musk.html#?prm=copy_link\" data-share-track-dtm=\"copiar_url\" id=\"btn_share_link_28\"><span class=\"_sr\">Copiar enlace<\/span><\/a><\/div>\n<div class=\"w_rs_i\"><a class=\"_btn rs_c\" href=\"https:\/\/elpais.com\/economia\/2026-01-28\/tesla-reduce-un-46-las-ganancias-de-2025-por-la-caida-de-la-venta-de-coches-y-la-deriva-politica-de-musk.html#comments_container\" aria-expanded=\"false\" aria-controls=\"me-c\" data-share-track-dtm=\"eskup\" id=\"btn_share_comments_28\"><span class=\"_sr\">Ir a los comentarios<\/span><\/a><\/div>\n<\/div>\n<\/div>\n<\/div>\n<div class=\"a_c clearfix\" data-dtm-region=\"articulo_cuerpo\">\n<p class>El fabricante de coches el\u00e9ctricos Tesla cerr\u00f3 el a\u00f1o pasado con ca\u00edda de ventas y resultados. 2025 no fue un buen a\u00f1o para<a href=\"https:\/\/elpais.com\/economia\/2025-12-16\/elon-musk-presenta-su-candidatura-para-ser-el-primer-hombre-en-alcanzar-una-fortuna-de-un-billon-de-dolares.html\" target=\"_self\" rel title=\"https:\/\/elpais.com\/economia\/2025-12-16\/elon-musk-presenta-su-candidatura-para-ser-el-primer-hombre-en-alcanzar-una-fortuna-de-un-billon-de-dolares.html\"> la compa\u00f1\u00eda fundada por Elon Musk<\/a>. El grupo tecnol\u00f3gico acus\u00f3 el descenso en la venta de coches por el coste de la incursi\u00f3n pol\u00edtica de su primer ejecutivo y por la mayor competencia en el segmento de los coches procedentes de China, <a href=\"https:\/\/elpais.com\/economia\/negocios\/2025-10-17\/byd-el-fabricante-de-coches-chino-del-que-musk-se-mofo-y-ahora-teme.html\" target=\"_blank\" rel=\"noreferrer\" title=\"https:\/\/elpais.com\/economia\/negocios\/2025-10-17\/byd-el-fabricante-de-coches-chino-del-que-musk-se-mofo-y-ahora-teme.html\">sobre todo por la china BYD<\/a>. La compa\u00f1\u00eda tecnol\u00f3gica logr\u00f3 un beneficio de 3.794 millones de d\u00f3lares, lo que representa un descenso del 46% respecto al a\u00f1o anterior. <\/p>\n<p class>El grupo est\u00e1 sumido en una profunda reestructuraci\u00f3n. Musk prev\u00e9 un futuro diferente para la compa\u00f1\u00eda. <a href=\"https:\/\/elpais.com\/economia\/2025-11-08\/robots-ventas-ineditas-de-tesla-record-en-bolsa-viajes-lunares-los-retos-de-musk-para-cobrar-su-bonus-del-billon.html\" target=\"_blank\" rel title=\"https:\/\/elpais.com\/economia\/2025-11-08\/robots-ventas-ineditas-de-tesla-record-en-bolsa-viajes-lunares-los-retos-de-musk-para-cobrar-su-bonus-del-billon.html\">Pretende enfocarse m\u00e1s en inteligencia artificial, en el negocio de drones y en los robots<\/a>. Con ese panorama, el grupo con sede en Austin (Texas) registr\u00f3 unas ventas de 94.827 millones de d\u00f3lares, lo que representa un descenso del 3% respecto a los 97.690 millones ingresados el ejercicio anterior. Se trata del primer descenso de ingresos cosechados por la compa\u00f1\u00eda durante su corta historia, lastrado sobre todo por la ca\u00edda del 11% en el negocio de venta de veh\u00edculo, que representa aproximadamente dos de cada tres euros de los ingresos. <\/p>\n<p class>A pesar de ello, las acciones del grupo tecnol\u00f3gico subieron cerca de un 3% en las operaciones de fuera de mercado, porque los resultados mejoraron las expectativas de los inversores. Aunque Bloomberg, explica que el movimiento es moderado porque los analistas esperaban oscilaciones del 5% en cualquier direcci\u00f3n. <\/p>\n<p class>\u201cHa sido un a\u00f1o crucial para Tesla, ya que ampliamos nuestra misi\u00f3n y continuamos nuestra transici\u00f3n de una empresa centrada en el <i>hardware <\/i>a una empresa de inteligencia artificial f\u00edsica\u201d, explica la compa\u00f1\u00eda en la nota a inversores. \u201cSentamos las bases para el futuro de Tesla al avanzar en el desarrollo de FSD, lanzar nuestro servicio de Robotaxi (taxis aut\u00f3nomos), comenzar la instalaci\u00f3n de l\u00edneas de producci\u00f3n para Cybercab y perfeccionar el dise\u00f1o de Optimus (robots humanoides), listo para la producci\u00f3n, al tiempo que expandimos nuestra infraestructura de entrenamiento de IA\u201d, a\u00f1ade la empresa.<\/p>\n<p class>La compa\u00f1\u00eda explica que este a\u00f1o aumentar\u00e1 la inversi\u00f3n \u201cen la infraestructura necesaria para respaldar la energ\u00eda limpia, el transporte y los robots aut\u00f3nomos, incluyendo la puesta en marcha de seis nuevas l\u00edneas de producci\u00f3n para veh\u00edculos, robots, almacenamiento de energ\u00eda y fabricaci\u00f3n de bater\u00edas, al tiempo que aprovecharemos nuestra red existente de f\u00e1bricas, estaciones de carga y centros de servicio para respaldar el crecimiento futuro\u201d.<\/p>\n<\/div>\n<div id=\"me-dis\" class=\"me _pf\">\n<div class=\"me_bg\">\n<div class=\"me-dis _pa _df\">\n<div class=\"me-dis_c\">\n<h2 class=\"me-dis_t\">Tu suscripci\u00f3n se est\u00e1 usando en otro dispositivo<\/h2>\n<p>\u00bfQuieres a\u00f1adir otro usuario a tu suscripci\u00f3n?<\/p>\n<div class=\"me-dis_l\"><a href=\"https:\/\/elpais.com\/suscripciones\/premium\/upgrade\/?utm_source=autopromo&amp;utm_medium=interno&amp;utm_campaign=YYYY_MM_capping_upgrade\" id=\"capping-upgrade\" class=\"btn\">A\u00f1adir usuario<\/a><a href=\"https:\/\/elpais.com\/economia\/2026-01-28\/tesla-reduce-un-46-las-ganancias-de-2025-por-la-caida-de-la-venta-de-coches-y-la-deriva-politica-de-musk.html\" id=\"capping-continue\" class=\"btn btn-b\">Continuar leyendo aqu\u00ed<\/a><\/div>\n<p>Si contin\u00faas leyendo en este dispositivo, no se podr\u00e1 leer en el otro.<\/p>\n<p class=\"lk\"><a href=\"https:\/\/elpais.com\/economia\/2026-01-28\/tesla-reduce-un-46-las-ganancias-de-2025-por-la-caida-de-la-venta-de-coches-y-la-deriva-politica-de-musk.html\" id=\"capping-show-more-button\">\u00bfPor qu\u00e9 est\u00e1s viendo esto?<\/a><\/p>\n<p><span class=\"arrow\" id=\"capping-arrow\">Flecha<\/span><\/p>\n<div class=\"me-dis_d\">\n<div class=\"me-dis_d_t\">\n<h2 class=\"enc\">Tu suscripci\u00f3n se est\u00e1 usando en otro dispositivo y solo puedes acceder a EL PA\u00cdS desde un dispositivo a la vez.<\/h2>\n<div class=\"tx\">\n<p>Si quieres compartir tu cuenta, cambia tu suscripci\u00f3n a la modalidad Premium, as\u00ed podr\u00e1s a\u00f1adir otro usuario. Cada uno acceder\u00e1 con su propia cuenta de email, lo que os permitir\u00e1 personalizar vuestra experiencia en EL PA\u00cdS.<\/p>\n<p>\u00bfTienes una suscripci\u00f3n de empresa? Accede <a target=\"_blank\" rel=\"noreferrer\" href=\"https:\/\/elpais.com\/suscripciones\/premium\/upgrade\/\">aqu\u00ed<\/a> para contratar m\u00e1s cuentas.<\/p>\n<p>En el caso de no saber qui\u00e9n est\u00e1 usando tu cuenta, te recomendamos cambiar tu contrase\u00f1a <a target=\"_blank\" rel=\"noreferrer\" href=\"https:\/\/elpais.com\/subscriptions\/#\/forgot-password\">aqu\u00ed.<\/a><\/p>\n<p>Si decides continuar compartiendo tu cuenta, este mensaje se mostrar\u00e1 en tu dispositivo y en el de la otra persona que est\u00e1 usando tu cuenta de forma indefinida, afectando a tu experiencia de lectura. Puedes <a target=\"_blank\" rel=\"noreferrer\" href=\"https:\/\/elpais.com\/suscripciones\/condiciones-generales-servicios\/\">consultar aqu\u00ed los t\u00e9rminos y condiciones de la suscripci\u00f3n digital.<\/a><\/p>\n<\/div>\n<\/div>\n<\/div>\n<\/div>\n<\/div>\n<\/div>\n<\/div>\n<aside class=\"w w-sea\">\n<h2 class=\"w_t\">Sobre la firma<\/h2>\n<div class=\"w_b\">\n<div class=\"_g _g-xs\">\n<figure class=\"w-sea_f a_m-h c_m--nf\"><span class=\"a_m_w _db\"><img decoding=\"async\" alt=\"Jes\u00fas S\u00e9rvulo Gonz\u00e1lez\" class=\"_re lazyload a_m-h\" height=\"100\" width=\"100\" src=\"https:\/\/analyse.optim.biz\/wp-content\/uploads\/2026\/01\/https3a2f2fauthor-service-images-prod-us-east-1-publishing-aws_-arc_-pub2fprisa2f17b46eb6-fa75-4dc1-9b31-ecaa0c6f9b06-5.jpg\" loading=\"lazy\" title=\"https3a2f2fauthor-service-images-prod-us-east-1-publishing-aws_-arc_-pub2fprisa2f17b46eb6-fa75-4dc1-9b31-ecaa0c6f9b06-5\"><\/span><\/figure>\n<div class=\"w-sea_txt\">\n<div class=\"_df\">\n<div class=\"w-sea_txt_na\"><a href=\"https:\/\/elpais.com\/autor\/jesus-servulo-gonzalez\/\" rel=\"autor_bottom\">Jes\u00fas S\u00e9rvulo Gonz\u00e1lez<\/a><\/div>\n<div class=\"w_rs_i\"><a class=\"_btn \" href=\"https:\/\/twitter.com\/#!\/Jesus_Servulo\" target=\"_blank\" rel=\"noopener noreferrer\"><span class=\"_sr\">Jes\u00fas S\u00e9rvulo Gonz\u00e1lez &#8211; twitter<\/span><\/a><\/div>\n<\/div>\n<div class=\"w-sea_txt_da _dn\">Corresponsal en Washington. Ha sido redactor jefe de Econom\u00eda y Negocios. Antes, cont\u00f3 las consecuencias de la crisis financiera y de los a\u00f1os de los ajustes presupuestarios. Aprendi\u00f3 el oficio durante su paso por la informaci\u00f3n local\u00a0de\u00a0Madrid.<\/div>\n<\/div>\n<\/div>\n<\/div>\n<\/aside>\n<aside class=\"w w-fid\">\n<div class=\"w_b\">\n<div class=\"w-fid_t\"><a href=\"https:\/\/plus.elpais.com\/newsletters\/lnp\/1\/475#?prm=footer_economia\">Recibe nuestro bolet\u00edn de actualidad econ\u00f3mica solo para suscriptores.<\/a><\/div>\n<div class=\"w-fid_s\">\n<div class=\"w_rs\">\n<div class=\"w_rs_i\"><a class=\"_btn\" href=\"https:\/\/www.facebook.com\/elpais\" rel=\"nofollow\"><span class=\"_sr\">Economia El Pa\u00eds en Facebook<\/span><\/a><\/div>\n<div class=\"w_rs_i\"><a class=\"_btn\" href=\"https:\/\/www.instagram.com\/el_pais\/\" rel=\"nofollow\"><span class=\"_sr\">Economia El Pa\u00eds en Instagram<\/span><\/a><\/div>\n<div class=\"w_rs_i\"><a class=\"_btn\" href=\"https:\/\/twitter.com\/el_pais\" rel=\"nofollow\"><span class=\"_sr\">Economia El Pa\u00eds en Twitter<\/span><\/a><\/div>\n<\/div>\n<\/div>\n<\/div>\n<\/aside>\n<aside class=\"a_com w w-com _df\"><a class=\"a_com_l\" href=\"https:\/\/elpais.com\/info\/normas-de-participacion\/\">Normas \u203a<\/a><\/aside>\n<div class=\"me _pf\" id=\"me-c\">\n<div class=\"me_bg\">\n<div class=\"me-c _pa\" id=\"comments_container\" data-dtm-region=\"articulo_comentarios\">\n<div class=\"me_f me_f-os me_cc\"><a href=\"https:\/\/plus.elpais.com\/perfil\/actividad\/\">Mis comentarios<\/a><a href=\"https:\/\/elpais.com\/info\/normas-de-participacion\/\">Normas<\/a><\/div>\n<div class=\"me_f me_f-ns\"><span class=\"me_f_txt _db\">Rellena tu <b>nombre y apellido<\/b> para comentar<\/span><a href=\"https:\/\/plus.elpais.com\/autorization.html\/?prod=COM&amp;backURL=https%3A%2F%2Felpais.com%2Feconomia%2F2026-01-28%2Ftesla-reduce-un-46-las-ganancias-de-2025-por-la-caida-de-la-venta-de-coches-y-la-deriva-politica-de-musk.html\" class=\"btn btn-2\">completar datos<\/a><\/div>\n<div class=\"me_f\" id=\"comments_msg\"><a class=\"btn btn-2\" href=\"https:\/\/elpais.com\/suscripciones\/#\/campaign?prod=SUSDIGCRART&amp;o=COM&amp;prm=suscrip_articulo_comentarios_el-pais&amp;backURL=https%3A%2F%2Felpais.com%2Feconomia%2F2026-01-28%2Ftesla-reduce-un-46-las-ganancias-de-2025-por-la-caida-de-la-venta-de-coches-y-la-deriva-politica-de-musk.html\" id=\"comments_subscribe_link\" data-link-am=\"https:\/\/elpais.com\/suscripciones\/america\/#\/campaign?prod=SUSDIGCRARTAM&amp;o=COMAM&amp;prm=suscrip_articulo_comentarios_el-pais-america&amp;backURL=https%3A%2F%2Felpais.com%2Feconomia%2F2026-01-28%2Ftesla-reduce-un-46-las-ganancias-de-2025-por-la-caida-de-la-venta-de-coches-y-la-deriva-politica-de-musk.html\" data-link-mx=\"https:\/\/elpais.com\/suscripciones\/america\/#\/campaign?prod=SUSDIGMX&amp;o=COMMX&amp;prm=suscrip_articulo_comentarios_el-pais-mexico&amp;backURL=https%3A%2F%2Felpais.com%2Feconomia%2F2026-01-28%2Ftesla-reduce-un-46-las-ganancias-de-2025-por-la-caida-de-la-venta-de-coches-y-la-deriva-politica-de-musk.html\" data-link-co=\"https:\/\/elpais.com\/suscripciones\/america\/#\/campaign?prod=SUSDIGCOL&amp;o=COMCOL&amp;prm=suscrip_articulo_comentarios_el-pais_colombia&amp;backURL=https%3A%2F%2Felpais.com%2Feconomia%2F2026-01-28%2Ftesla-reduce-un-46-las-ganancias-de-2025-por-la-caida-de-la-venta-de-coches-y-la-deriva-politica-de-musk.html\" data-link-ar=\"https:\/\/elpais.com\/suscripciones\/america\/#\/campaign?prod=SUSDIGCRARTAR&amp;o=COMAR&amp;backURL=https%3A%2F%2Felpais.com%2Feconomia%2F2026-01-28%2Ftesla-reduce-un-46-las-ganancias-de-2025-por-la-caida-de-la-venta-de-coches-y-la-deriva-politica-de-musk.html\" data-link-cl=\"https:\/\/elpais.com\/suscripciones\/america\/#\/campaign?prod=SUSDIGCHILE&amp;o=COMCHILE&amp;backURL=https%3A%2F%2Felpais.com%2Feconomia%2F2026-01-28%2Ftesla-reduce-un-46-las-ganancias-de-2025-por-la-caida-de-la-venta-de-coches-y-la-deriva-politica-de-musk.html\" data-link-us=\"https:\/\/elpais.com\/suscripciones\/america\/#\/campaign?prod=SUSDIGCRARTEUCAN&amp;o=COMUS&amp;prm=suscrip_articulo_comentarios_el-pais_eucan&amp;backURL=https%3A%2F%2Felpais.com%2Feconomia%2F2026-01-28%2Ftesla-reduce-un-46-las-ganancias-de-2025-por-la-caida-de-la-venta-de-coches-y-la-deriva-politica-de-musk.html\">Suscr\u00edbete en El Pa\u00eds para participar<\/a><a class=\"btn btn-3\" href=\"https:\/\/elpais.com\/subscriptions\/#\/sign-in?prod=REG&amp;o=COM&amp;prm=login_articulo_comentarios_el-pais&amp;backURL=https%3A%2F%2Felpais.com%2Feconomia%2F2026-01-28%2Ftesla-reduce-un-46-las-ganancias-de-2025-por-la-caida-de-la-venta-de-coches-y-la-deriva-politica-de-musk.html\" id=\"comments_login_link\" data-link-am=\"https:\/\/elpais.com\/subscriptions\/#\/sign-in?prod=REG&amp;o=COM&amp;prm=login_articulo_comentarios_el-pais-america&amp;backURL=https%3A%2F%2Felpais.com%2Feconomia%2F2026-01-28%2Ftesla-reduce-un-46-las-ganancias-de-2025-por-la-caida-de-la-venta-de-coches-y-la-deriva-politica-de-musk.html\" data-link-mx=\"https:\/\/elpais.com\/subscriptions\/#\/sign-in?prod=REG&amp;o=COM&amp;prm=login_articulo_comentarios_el-pais-mexico&amp;backURL=https%3A%2F%2Felpais.com%2Feconomia%2F2026-01-28%2Ftesla-reduce-un-46-las-ganancias-de-2025-por-la-caida-de-la-venta-de-coches-y-la-deriva-politica-de-musk.html\" data-link-co=\"https:\/\/elpais.com\/subscriptions\/#\/sign-in?prod=REG&amp;o=COM&amp;backURL=https%3A%2F%2Felpais.com%2Feconomia%2F2026-01-28%2Ftesla-reduce-un-46-las-ganancias-de-2025-por-la-caida-de-la-venta-de-coches-y-la-deriva-politica-de-musk.html\" data-link-ar=\"https:\/\/elpais.com\/subscriptions\/#\/sign-in?prod=REG&amp;o=COM&amp;backURL=https%3A%2F%2Felpais.com%2Feconomia%2F2026-01-28%2Ftesla-reduce-un-46-las-ganancias-de-2025-por-la-caida-de-la-venta-de-coches-y-la-deriva-politica-de-musk.html\" data-link-cl=\"https:\/\/elpais.com\/subscriptions\/#\/sign-in?prod=REG&amp;o=COM&amp;backURL=https%3A%2F%2Felpais.com%2Feconomia%2F2026-01-28%2Ftesla-reduce-un-46-las-ganancias-de-2025-por-la-caida-de-la-venta-de-coches-y-la-deriva-politica-de-musk.html\" data-link-us=\"https:\/\/elpais.com\/subscriptions\/#\/sign-in?prod=REG&amp;o=COM&amp;backURL=https%3A%2F%2Felpais.com%2Feconomia%2F2026-01-28%2Ftesla-reduce-un-46-las-ganancias-de-2025-por-la-caida-de-la-venta-de-coches-y-la-deriva-politica-de-musk.html\">Ya tengo una suscripci\u00f3n<\/a><\/div>\n<p>Please enable JavaScript to view the &lt;a href=&#8221;https:\/\/disqus.com\/?ref_noscript&#8221; rel=&#8221;nofollow&#8221;&gt; comments powered by Disqus.&lt;\/a&gt;<\/p><\/div>\n<\/div>\n<\/div>\n<aside class=\"w w-rel\" data-dtm-region=\"articulo_mas-informacion\">\n<h2 class=\"w_t\">M\u00e1s informaci\u00f3n<\/h2>\n<ul class=\"w_b _ls\">\n<li class=\"_g _g-xs w-rel_n\">\n<div class=\" a_m-h c_m--nf\"><span class=\"_db _pr\"><img decoding=\"async\" class=\"_re lazyload a_m-h\" height=\"311\" width=\"414\" src=\"https:\/\/analyse.optim.biz\/wp-content\/uploads\/2026\/01\/hhwj4pzwjfc7repawbq4ghc6ii.jpg\" loading=\"lazy\" title=\"hhwj4pzwjfc7repawbq4ghc6ii\"><\/span><\/div>\n<div class=\"nt\">\n<h3 class=\"nt_t\"><a href=\"https:\/\/elpais.com\/economia\/2026-01-02\/tesla-cede-el-trono-del-coche-electrico-mundial-a-byd-en-otro-ano-marcado-por-el-retroceso-de-ventas.html#?rel=mas\">Tesla cede el trono del coche el\u00e9ctrico mundial a BYD en otro a\u00f1o marcado por el retroceso de ventas<\/a><\/h3>\n<div class=\"nt_a\"><a href=\"https:\/\/elpais.com\/autor\/alejandro-lopez-de-asiain-garcia-\/\" title=\"Ver todas las noticias de A. L. A.\">A. L. A.<\/a> \/ <a href=\"https:\/\/elpais.com\/autor\/bloomberg\/\" title=\"Ver todas las noticias de Bloomberg\">Bloomberg<\/a> | Madrid<\/div>\n<\/div>\n<\/li>\n<li class=\"_g _g-xs w-rel_n\">\n<div class=\" a_m-h c_m--nf\"><span class=\"_db _pr\"><img decoding=\"async\" class=\"_re lazyload a_m-h\" height=\"311\" width=\"414\" src=\"https:\/\/analyse.optim.biz\/wp-content\/uploads\/2026\/01\/b2qlvdrtk5ma7p7yrgtp33ych4.jpg\" loading=\"lazy\" title=\"b2qlvdrtk5ma7p7yrgtp33ych4\"><\/span><\/div>\n<div class=\"nt\">\n<h3 class=\"nt_t\"><a href=\"https:\/\/cincodias.elpais.com\/mercados-financieros\/2025-12-02\/el-inversor-bajista-michael-burry-apuesta-contra-tesla-el-superbonus-a-musk-sera-perjudicial-para-los-accionistas.html#?rel=mas\">El inversor bajista Michael Burry apuesta contra Tesla: el \u2018superbonus\u2019 a Musk ser\u00e1 perjudicial para los accionistas<\/a><\/h3>\n<div class=\"nt_a\"><a href=\"https:\/\/elpais.com\/autor\/bloomberg\/\" title=\"Ver todas las noticias de Bloomberg\">Bloomberg<\/a> \/ <a href=\"https:\/\/elpais.com\/autor\/cinco-dias\/\" title=\"Ver todas las noticias de CINCO D\u00cdAS\">CINCO D\u00cdAS<\/a><\/div>\n<\/div>\n<\/li>\n<\/ul>\n<\/aside>\n<section class=\"w w-ae\" data-dtm-region=\"articulo_archivado-en\">\n<h2 class=\"w_t\">Archivado En<\/h2>\n<div class=\"w_b\">\n<ul class=\"w_ul w_ul--mh _df _ls\">\n<li><a href=\"https:\/\/elpais.com\/noticias\/economia\/#?rel=arch\" rel=\"noopener noreferrer\">Econom\u00eda<\/a><\/li>\n<li><a href=\"https:\/\/elpais.com\/noticias\/tesla-motors\/#?rel=arch\" rel=\"noopener noreferrer\">Tesla Motors<\/a><\/li>\n<li><a href=\"https:\/\/elpais.com\/noticias\/tesla-model-3\/#?rel=arch\" rel=\"noopener noreferrer\">Tesla Model 3<\/a><\/li>\n<li><a href=\"https:\/\/elpais.com\/noticias\/elon-reeve-musk\/#?rel=arch\" rel=\"noopener noreferrer\">Elon Musk<\/a><\/li>\n<li><a href=\"https:\/\/elpais.com\/noticias\/cuenta-resultados\/#?rel=arch\" rel=\"noopener noreferrer\">Cuenta resultados<\/a><\/li>\n<li><a href=\"https:\/\/elpais.com\/noticias\/matriculacion-vehiculos\/#?rel=arch\" rel=\"noopener noreferrer\">Matriculaci\u00f3n veh\u00edculos<\/a><\/li>\n<li><a href=\"https:\/\/elpais.com\/noticias\/ventas\/#?rel=arch\" rel=\"noopener noreferrer\">Ventas<\/a><\/li>\n<li><a href=\"https:\/\/elpais.com\/noticias\/beneficios\/#?rel=arch\" rel=\"noopener noreferrer\">Beneficios<\/a><\/li>\n<li><a href=\"https:\/\/elpais.com\/noticias\/coches-electricos\/#?rel=arch\" rel=\"noopener noreferrer\">Coches el\u00e9ctricos<\/a><\/li>\n<\/ul>\n<\/div>\n<\/section>\n<aside class=\"a_tp _df\">\n<div class=\"a_tp_txt\"><span class=\"a_tp_t\">Se adhiere a los criterios de<\/span><\/p>\n<figure class=\"a_m a_m-h c_m--nf\"><a class=\"a_tp_i _dib\" href=\"https:\/\/elpais.com\/estaticos\/que-es-the-trust-project\/\" target=\"_blank\" rel=\"noopener noreferrer nofollow\"><img decoding=\"async\" alt=\"The Trust Project\" class=\" lazyload a_m-h\" height=\"20\" width=\"117\" src=\"https:\/\/analyse.optim.biz\/wp-content\/uploads\/2026\/01\/the-trust-project-318.svg\" loading=\"lazy\" title=\"the-trust-project-318\"><\/a><\/figure>\n<p><a class=\"a_tp_mi\" href=\"https:\/\/elpais.com\/estaticos\/codigo-etico\/\" target=\"_blank\" rel=\"noopener noreferrer nofollow\">M\u00e1s informaci\u00f3n<\/a><\/div>\n<div class=\"a_tp_si\">Si est\u00e1 interesado en licenciar este contenido, pinche <a class=\"a_tp_si_l\" href=\"https:\/\/profesional.elpais.com\/soluciones-sindicacion\/?utm_medium=interno&amp;utm_source=crosslinking&amp;utm_campaign=sindicacion_ep_pie_articulos\" target=\"_blank\" rel=\"noopener noreferrer nofollow\">aqu\u00ed<\/a><\/div>\n<\/aside>\n<div class=\"a_o _pr\" data-dtm-region=\"articulo_right-rail\">\n<div id=\"elpais_gpt-MPU1\" data-adtype=\"MPU\" class=\"ad ad-mpu\"><span class=\"_dn\">_<\/span><\/div>\n<section class=\"w w-sc b_col\" data-dtm-region=\"articulo_ultimas-noticias\">\n<header class=\"w_h b_col_h\">\n<h3 class=\"w_t\"><a href=\"https:\/\/elpais.com\/ultimas-noticias\/\" rel=\"story-card-ultimas-noticias\">\u00daltimas noticias<\/a><\/h3>\n<\/header>\n<div class=\"w_b\">\n<article class=\"c  c--m-n   \" data-word=\"0\">\n<header class=\"c_h\"><time datetime=\"2026-01-29T02:49:41+01:00\" class=\"c_da\">02:49<\/time><\/p>\n<h2 class=\"c_t \"><a href=\"https:\/\/elpais.com\/america-colombia\/2026-01-29\/diogenes-quintero-el-lider-social-que-llevo-la-voz-del-catatumbo-al-congreso-y-murio-en-el-accidente-de-satena.html\">Di\u00f3genes Quintero, el l\u00edder social que llev\u00f3 la voz del Catatumbo al Congreso y muri\u00f3 en el accidente de Satena<\/a><\/h2>\n<\/header>\n<\/article>\n<article class=\"c  c--m-n   \" data-word=\"0\">\n<header class=\"c_h\"><time datetime=\"2026-01-29T01:51:50+01:00\" class=\"c_da\">01:51<\/time><\/p>\n<h2 class=\"c_t \"><a href=\"https:\/\/elpais.com\/mexico\/2026-01-29\/rumbo-al-mundial-asi-sera-el-recorrido-del-trofeo-de-la-fifa-por-mexico.html\">Rumbo al mundial: as\u00ed ser\u00e1 el recorrido del trofeo de la FIFA por M\u00e9xico<\/a><\/h2>\n<\/header>\n<\/article>\n<article class=\"c  c--m-n   \" data-word=\"0\">\n<header class=\"c_h\"><time datetime=\"2026-01-29T01:50:28+01:00\" class=\"c_da\">01:50<\/time><\/p>\n<h2 class=\"c_t \"><a href=\"https:\/\/elpais.com\/america-colombia\/2026-01-29\/lo-que-se-sabe-del-caso-de-las-frambuesas-envenenadas-con-talio-el-arresto-de-zulma-guzman-en-londres-y-el-avance-de-su-extradicion.html\">Lo que se sabe del caso de las frambuesas envenenadas con talio: el arresto de Zulma Guzm\u00e1n en Londres y el avance de su extradici\u00f3n<\/a><\/h2>\n<\/header>\n<\/article>\n<article class=\"c  c--m-n   \" data-word=\"0\">\n<header class=\"c_h\"><time datetime=\"2026-01-29T01:47:27+01:00\" class=\"c_da\">01:47<\/time><\/p>\n<h2 class=\"c_t \"><a href=\"https:\/\/elpais.com\/america\/2026-01-29\/america-latina-y-las-democracias-imperfectas-el-auge-de-los-liderazgos-autoritarios.html\">Am\u00e9rica Latina y las democracias imperfectas: el auge de los liderazgos autoritarios<\/a><\/h2>\n<\/header>\n<\/article>\n<\/div>\n<\/section>\n<aside class=\"w w-lmv\" data-dtm-region=\"articulo_lom\">\n<h2 class=\"w_t\"><a href=\"https:\/\/elpais.com\/lo-mas-visto\/\">Lo m\u00e1s visto<\/a><\/h2>\n<div class=\"w_b\">\n<ol class=\"_ls\">\n<li><a href=\"https:\/\/elpais.com\/economia\/2026-01-27\/trump-bendice-la-caida-del-dolar-va-muy-bien-miren-los-negocios-que-estamos-haciendo.html#?rel=lom\">Trump asegura que no le preocupa la ca\u00edda del d\u00f3lar: \u201cVa muy bien, miren los negocios que estamos haciendo\u201d<\/a><\/li>\n<li><a href=\"https:\/\/elpais.com\/espana\/2026-01-28\/ultima-hora-de-los-efectos-de-la-borrasca-kristin-en-directo.html#?rel=lom\">\u00daltima hora de la borrasca \u2018Kristin\u2019 &#8211;  28 de enero de 2026<\/a><\/li>\n<li><a href=\"https:\/\/elpais.com\/espana\/2026-01-27\/exmagistrados-del-supremo-garzon-o-carmena-cargan-contra-la-sentencia-a-garcia-ortiz-condena-la-presuncion-de-inocencia.html#?rel=lom\">Exmagistrados del Supremo, Garz\u00f3n o Carmena cargan contra la sentencia a Garc\u00eda Ortiz: \u201cCondena a la presunci\u00f3n de inocencia\u201d<\/a><\/li>\n<li><a href=\"https:\/\/elpais.com\/espana\/2026-01-27\/la-guardia-civil-investiga-a-un-hombre-por-robar-571-pinos-pinoneros-en-valladolid-y-utilizarlos-para-hacer-biomasa.html#?rel=lom\">La Guardia Civil investiga a un hombre por robar 571 pinos pi\u00f1oneros en Valladolid y utilizarlos para hacer biomasa<\/a><\/li>\n<li><a href=\"https:\/\/elpais.com\/internacional\/2026-01-27\/francia-y-espana-replican-a-rutte-que-no-es-ningun-sueno-que-europa-aspire-a-defenderse-sola.html#?rel=lom\">Francia y Espa\u00f1a replican a Rutte que no es \u201cning\u00fan sue\u00f1o\u201d que Europa aspire a defenderse sola<\/a><\/li>\n<\/ol>\n<\/div>\n<\/aside>\n<\/div>\n<\/article>\n<article class=\"c  c--m-n   \" data-word=\"0\">\n<header class=\"c_h\"><time datetime=\"2026-01-29T02:49:41+01:00\" class=\"c_da\">02:49<\/time><\/p>\n<h2 class=\"c_t \"><a href=\"https:\/\/elpais.com\/america-colombia\/2026-01-29\/diogenes-quintero-el-lider-social-que-llevo-la-voz-del-catatumbo-al-congreso-y-murio-en-el-accidente-de-satena.html\">Di\u00f3genes Quintero, el l\u00edder social que llev\u00f3 la voz del Catatumbo al Congreso y muri\u00f3 en el accidente de Satena<\/a><\/h2>\n<\/header>\n<\/article>\n<article class=\"c  c--m-n   \" data-word=\"0\">\n<header class=\"c_h\"><time datetime=\"2026-01-29T01:51:50+01:00\" class=\"c_da\">01:51<\/time><\/p>\n<h2 class=\"c_t \"><a href=\"https:\/\/elpais.com\/mexico\/2026-01-29\/rumbo-al-mundial-asi-sera-el-recorrido-del-trofeo-de-la-fifa-por-mexico.html\">Rumbo al mundial: as\u00ed ser\u00e1 el recorrido del trofeo de la FIFA por M\u00e9xico<\/a><\/h2>\n<\/header>\n<\/article>\n<article class=\"c  c--m-n   \" data-word=\"0\">\n<header class=\"c_h\"><time datetime=\"2026-01-29T01:50:28+01:00\" class=\"c_da\">01:50<\/time><\/p>\n<h2 class=\"c_t \"><a href=\"https:\/\/elpais.com\/america-colombia\/2026-01-29\/lo-que-se-sabe-del-caso-de-las-frambuesas-envenenadas-con-talio-el-arresto-de-zulma-guzman-en-londres-y-el-avance-de-su-extradicion.html\">Lo que se sabe del caso de las frambuesas envenenadas con talio: el arresto de Zulma Guzm\u00e1n en Londres y el avance de su extradici\u00f3n<\/a><\/h2>\n<\/header>\n<\/article>\n<article class=\"c  c--m-n   \" data-word=\"0\">\n<header class=\"c_h\"><time datetime=\"2026-01-29T01:47:27+01:00\" class=\"c_da\">01:47<\/time><\/p>\n<h2 class=\"c_t \"><a href=\"https:\/\/elpais.com\/america\/2026-01-29\/america-latina-y-las-democracias-imperfectas-el-auge-de-los-liderazgos-autoritarios.html\">Am\u00e9rica Latina y las democracias imperfectas: el auge de los liderazgos autoritarios<\/a><\/h2>\n<\/header>\n<\/article>\n<p> Source URL: https:\/\/elpais.com\/economia\/2026-01-28\/tesla-reduce-un-46-las-ganancias-de-2025-por-la-caida-de-la-venta-de-coches-y-la-deriva-politica-de-musk.html<\/p>\n","protected":false},"excerpt":{"rendered":"<p>Tesla Tesla reduce un 46% las ganancias de 2025 por la ca\u00edda de la venta de coches y la deriva pol\u00edtica de Musk La empresa de Elon Musk busca enfocarse m\u00e1s en inteligencia artificial, en el negocio de drones y en los robots Jes\u00fas S\u00e9rvulo Gonz\u00e1lez Washington &#8211; 28 ene 2026 &#8211; 22:45CET Compartir en [&hellip;]<\/p>\n","protected":false},"author":1,"featured_media":1515243,"comment_status":"open","ping_status":"","sticky":false,"template":"","format":"standard","meta":{"footnotes":""},"categories":[88],"tags":[92],"class_list":["post-1515242","post","type-post","status-publish","format-standard","has-post-thumbnail","hentry","category-spain","tag-elpais-com"],"_links":{"self":[{"href":"https:\/\/analyse.optim.biz\/index.php?rest_route=\/wp\/v2\/posts\/1515242","targetHints":{"allow":["GET"]}}],"collection":[{"href":"https:\/\/analyse.optim.biz\/index.php?rest_route=\/wp\/v2\/posts"}],"about":[{"href":"https:\/\/analyse.optim.biz\/index.php?rest_route=\/wp\/v2\/types\/post"}],"author":[{"embeddable":true,"href":"https:\/\/analyse.optim.biz\/index.php?rest_route=\/wp\/v2\/users\/1"}],"replies":[{"embeddable":true,"href":"https:\/\/analyse.optim.biz\/index.php?rest_route=%2Fwp%2Fv2%2Fcomments&post=1515242"}],"version-history":[{"count":0,"href":"https:\/\/analyse.optim.biz\/index.php?rest_route=\/wp\/v2\/posts\/1515242\/revisions"}],"wp:featuredmedia":[{"embeddable":true,"href":"https:\/\/analyse.optim.biz\/index.php?rest_route=\/wp\/v2\/media\/1515243"}],"wp:attachment":[{"href":"https:\/\/analyse.optim.biz\/index.php?rest_route=%2Fwp%2Fv2%2Fmedia&parent=1515242"}],"wp:term":[{"taxonomy":"category","embeddable":true,"href":"https:\/\/analyse.optim.biz\/index.php?rest_route=%2Fwp%2Fv2%2Fcategories&post=1515242"},{"taxonomy":"post_tag","embeddable":true,"href":"https:\/\/analyse.optim.biz\/index.php?rest_route=%2Fwp%2Fv2%2Ftags&post=1515242"}],"curies":[{"name":"wp","href":"https:\/\/api.w.org\/{rel}","templated":true}]}}