{"id":1514825,"date":"2026-01-28T15:11:27","date_gmt":"2026-01-28T12:11:27","guid":{"rendered":"https:\/\/analyse.optim.biz\/?p=1514825"},"modified":"2026-01-28T15:11:27","modified_gmt":"2026-01-28T12:11:27","slug":"perez-reverte-suspende-las-jornadas-sobre-la-guerra-civil-tras-la-polemica-unas-batallas-se-ganan-y-otras-se-pierden-esta-es-una-batalla-aplazada","status":"publish","type":"post","link":"https:\/\/analyse.optim.biz\/?p=1514825","title":{"rendered":"P\u00e9rez-Reverte suspende las jornadas sobre la Guerra Civil tras la pol\u00e9mica: \u201cUnas batallas se ganan y otras se pierden. Esta es una batalla aplazada\u201d"},"content":{"rendered":"<article id=\"main-content\" class=\"a _g _g-lg _g-o\">\n<header class=\"a_e _g _g-xs\">\n<div class=\"a_e_txt _df\">\n<div class=\"a_k _df\"><a class=\"a_k_n\" href=\"https:\/\/elpais.com\/noticias\/guerra-civil-espanola\/\">Guerra civil<\/a><\/div>\n<h1 class=\"a_t\">P\u00e9rez-Reverte suspende las jornadas sobre la Guerra Civil tras la pol\u00e9mica: \u201cUnas batallas se ganan y otras se pierden. Esta es una batalla aplazada\u201d<\/h1>\n<p class=\"a_st\">La organizaci\u00f3n del evento que iba a celebrarse en Sevilla, del que se retiraron David Ucl\u00e9s y otros ponentes, denuncia \u201camenazas violentas\u201d y presiones a los participantes<\/p>\n<\/div>\n<div class=\"a_e_m\">\n<figure class=\"a_m a_m-h \"><span class=\"a_m_w _db\"><img fetchpriority=\"high\" decoding=\"async\" class=\"_re  a_m-h\" height=\"276\" width=\"414\" src=\"https:\/\/analyse.optim.biz\/wp-content\/uploads\/2026\/01\/ociom3kxrbh7xdurihhiaspsxm-1.jpg\" loading=\"eager\" title=\"ociom3kxrbh7xdurihhiaspsxm-1\"><\/span><figcaption class=\"a_m_p\" aria-hidden=\"true\"><span>El presidente de la Fundaci\u00f3n Cajasol (izquierda), Antonio Pulido, y el escritor, Arturo P\u00e9rez-Reverte, durante la inauguraci\u00f3n del X ciclo &#8216;Letras en Sevilla&#8217;, el 3 de febrero de 2025 en Sevilla.<\/span><span class=\"a_m_m\">Roc\u00edo Ruz (Europa Press)<\/span><\/figcaption><\/figure>\n<\/div>\n<\/header>\n<div class=\"a_md _g _g-xs ni\">\n<div class=\"a_md_txt\">\n<div class=\"a_md_a\" data-dtm-region=\"articulo_firma\"><a href=\"https:\/\/elpais.com\/autor\/rodrigo-naredo-nunez\/#?rel=author_top\" title=\"Ver todas las noticias de Rodrigo Naredo\" class=\"a_md_a_n\">Rodrigo Naredo<\/a><a href=\"https:\/\/elpais.com\/autor\/sergio-cuadrado-fanjul\/#?rel=author_top\" title=\"Ver todas las noticias de Sergio C. Fanjul\" class=\"a_md_a_n\">Sergio C. Fanjul<\/a><a href=\"https:\/\/elpais.com\/autor\/eva-saiz\/#?rel=author_top\" title=\"Ver todas las noticias de Eva Saiz\" class=\"a_md_a_n\">Eva Saiz<\/a><\/div>\n<div class=\"a_md_f\"><span>Madrid \/ Sevilla &#8211; <a href=\"https:\/\/elpais.com\/hemeroteca\/2026-01-28\/\" data-date=\"2026-01-28T16:11:27+01:00\"><time data-date=\"2026-01-28T16:11:27+01:00\" datetime=\"2026-01-28T16:11:27+01:00\" id=\"article_date_p\">28 ene 2026 &#8211; 16:11<abbr title=\"Central European Time\">CET<\/abbr><\/time><\/a><\/span><\/div>\n<div class=\"w_rs\" data-dtm-region=\"articulo_botonera-social\">\n<div class=\"w_rs_i\"><a class=\"_btn hidden\" href=\"\/\/send?text=P%C3%A9rez-Reverte%20suspende%20las%20jornadas%20sobre%20la%20Guerra%20Civil%20tras%20la%20pol%C3%A9mica%3A%20%E2%80%9CUnas%20batallas%20se%20ganan%20y%20otras%20se%20pierden.%20Esta%20es%20una%20batalla%20aplazada%E2%80%9D%0D%0A%0D%0Ahttps%3A%2F%2Felpais.com%2Fcultura%2F2026-01-28%2Fperez-reverte-anuncia-que-aplaza-las-jornadas-sobre-la-guerra-civil-tras-la-polemica.html%3Fssm=whatsapp_CC\" data-action=\"share\/whatsapp\/share\" data-param-description=\"P\u00e9rez-Reverte suspende las jornadas sobre la Guerra Civil tras la pol\u00e9mica: \u201cUnas batallas se ganan y otras se pierden. Esta es una batalla aplazada\u201d\" data-param-href=\"https:\/\/elpais.com\/cultura\/2026-01-28\/perez-reverte-anuncia-que-aplaza-las-jornadas-sobre-la-guerra-civil-tras-la-polemica.html\" data-param-text=\"P\u00e9rez-Reverte suspende las jornadas sobre la Guerra Civil tras la pol\u00e9mica: \u201cUnas batallas se ganan y otras se pierden. Esta es una batalla aplazada\u201d https:\/\/elpais.com\/cultura\/2026-01-28\/perez-reverte-anuncia-que-aplaza-las-jornadas-sobre-la-guerra-civil-tras-la-polemica.html\" data-param-url=\"https:\/\/elpais.com\/cultura\/2026-01-28\/perez-reverte-anuncia-que-aplaza-las-jornadas-sobre-la-guerra-civil-tras-la-polemica.html\" target=\"_blank\" rel=\"noopener noreferrer\" data-share-track-dtm=\"whatsapp\" id=\"btn_share_whatsapp_682\"><span class=\"_sr\">Compartir en Whatsapp<\/span><\/a><\/div>\n<div class=\"w_rs_i\"><a class=\"_btn \" href=\"https:\/\/www.facebook.com\/dialog\/share?display=popup&amp;app_id=94039431626&amp;href=https%3A%2F%2Felpais.com%2Fcultura%2F2026-01-28%2Fperez-reverte-anuncia-que-aplaza-las-jornadas-sobre-la-guerra-civil-tras-la-polemica.html%3Fssm=FB_CC&amp;quote=P%C3%A9rez-Reverte%20suspende%20las%20jornadas%20sobre%20la%20Guerra%20Civil%20tras%20la%20pol%C3%A9mica%3A%20%E2%80%9CUnas%20batallas%20se%20ganan%20y%20otras%20se%20pierden.%20Esta%20es%20una%20batalla%20aplazada%E2%80%9D\" data-param-app_id=\"94039431626\" data-param-description=\"P\u00e9rez-Reverte suspende las jornadas sobre la Guerra Civil tras la pol\u00e9mica: \u201cUnas batallas se ganan y otras se pierden. Esta es una batalla aplazada\u201d\" data-param-href=\"https:\/\/elpais.com\/cultura\/2026-01-28\/perez-reverte-anuncia-que-aplaza-las-jornadas-sobre-la-guerra-civil-tras-la-polemica.html\" data-param-text=\"P\u00e9rez-Reverte suspende las jornadas sobre la Guerra Civil tras la pol\u00e9mica: \u201cUnas batallas se ganan y otras se pierden. Esta es una batalla aplazada\u201d\" data-param-url=\"https:\/\/elpais.com\/cultura\/2026-01-28\/perez-reverte-anuncia-que-aplaza-las-jornadas-sobre-la-guerra-civil-tras-la-polemica.html\" target=\"_blank\" rel=\"noopener noreferrer\" data-share-track-dtm=\"facebook\" id=\"btn_share_facebook_682\"><span class=\"_sr\">Compartir en Facebook<\/span><\/a><\/div>\n<div class=\"w_rs_i\"><a class=\"_btn \" href=\"https:\/\/twitter.com\/intent\/tweet?url=https%3A%2F%2Felpais.com%2Fcultura%2F2026-01-28%2Fperez-reverte-anuncia-que-aplaza-las-jornadas-sobre-la-guerra-civil-tras-la-polemica.html%3Fssm=TW_CC&amp;text=P%C3%A9rez-Reverte%20suspende%20las%20jornadas%20sobre%20la%20Guerra%20Civil%20tras%20la%20pol%C3%A9mica%3A%20%E2%80%9CUnas%20batallas%20se%20ganan%20y%20otras%20se%20pierden.%20Esta%20es%20una%20batalla%20aplazada%E2%80%9D&amp;via=el_pais&amp;lang=es\" data-param-description=\"P\u00e9rez-Reverte suspende las jornadas sobre la Guerra Civil tras la pol\u00e9mica: \u201cUnas batallas se ganan y otras se pierden. Esta es una batalla aplazada\u201d\" data-param-href=\"https:\/\/elpais.com\/cultura\/2026-01-28\/perez-reverte-anuncia-que-aplaza-las-jornadas-sobre-la-guerra-civil-tras-la-polemica.html\" data-param-text=\"P\u00e9rez-Reverte suspende las jornadas sobre la Guerra Civil tras la pol\u00e9mica: \u201cUnas batallas se ganan y otras se pierden. Esta es una batalla aplazada\u201d via @el_pais\" data-param-url=\"https:\/\/elpais.com\/cultura\/2026-01-28\/perez-reverte-anuncia-que-aplaza-las-jornadas-sobre-la-guerra-civil-tras-la-polemica.html\" target=\"_blank\" rel=\"noopener noreferrer\" data-share-track-dtm=\"twitter\" id=\"btn_share_twitter_682\"><span class=\"_sr\">Compartir en Twitter<\/span><\/a><\/div>\n<div class=\"w_rs_i\"><a class=\"_btn \" href=\"https:\/\/bsky.app\/intent\/compose?text=https%3A%2F%2Felpais.com%2Fcultura%2F2026-01-28%2Fperez-reverte-anuncia-que-aplaza-las-jornadas-sobre-la-guerra-civil-tras-la-polemica.html%3Fssm=bsky_CC\" data-param-description=\"P\u00e9rez-Reverte suspende las jornadas sobre la Guerra Civil tras la pol\u00e9mica: \u201cUnas batallas se ganan y otras se pierden. Esta es una batalla aplazada\u201d\" data-param-href=\"https:\/\/elpais.com\/cultura\/2026-01-28\/perez-reverte-anuncia-que-aplaza-las-jornadas-sobre-la-guerra-civil-tras-la-polemica.html\" data-param-text=\"P\u00e9rez-Reverte suspende las jornadas sobre la Guerra Civil tras la pol\u00e9mica: \u201cUnas batallas se ganan y otras se pierden. Esta es una batalla aplazada\u201d\" data-param-url=\"https:\/\/elpais.com\/cultura\/2026-01-28\/perez-reverte-anuncia-que-aplaza-las-jornadas-sobre-la-guerra-civil-tras-la-polemica.html\" target=\"_blank\" rel=\"noopener noreferrer\" data-share-track-dtm=\"bluesky\" id=\"btn_share_bluesky_682\"><span class=\"_sr\">Compartir en Bluesky<\/span><\/a><\/div>\n<div class=\"w_rs_i\"><a class=\"_btn \" href=\"https:\/\/www.linkedin.com\/sharing\/share-offsite\/?url=https%3A%2F%2Felpais.com%2Fcultura%2F2026-01-28%2Fperez-reverte-anuncia-que-aplaza-las-jornadas-sobre-la-guerra-civil-tras-la-polemica.html%3Fssm=LK_CC\" data-param-description=\"P\u00e9rez-Reverte suspende las jornadas sobre la Guerra Civil tras la pol\u00e9mica: \u201cUnas batallas se ganan y otras se pierden. Esta es una batalla aplazada\u201d\" data-param-href=\"https:\/\/elpais.com\/cultura\/2026-01-28\/perez-reverte-anuncia-que-aplaza-las-jornadas-sobre-la-guerra-civil-tras-la-polemica.html\" data-param-text=\"P\u00e9rez-Reverte suspende las jornadas sobre la Guerra Civil tras la pol\u00e9mica: \u201cUnas batallas se ganan y otras se pierden. Esta es una batalla aplazada\u201d\" data-param-url=\"https:\/\/elpais.com\/cultura\/2026-01-28\/perez-reverte-anuncia-que-aplaza-las-jornadas-sobre-la-guerra-civil-tras-la-polemica.html\" target=\"_blank\" rel=\"noopener noreferrer\" data-share-track-dtm=\"linkedin\" id=\"btn_share_linkedin_682\"><span class=\"_sr\">Compartir en Linkedin<\/span><\/a><\/div>\n<div class=\"w_rs_i\"><a class=\"_btn rs_l\" href=\"https:\/\/elpais.com\/cultura\/2026-01-28\/perez-reverte-anuncia-que-aplaza-las-jornadas-sobre-la-guerra-civil-tras-la-polemica.html#?prm=copy_link\" data-share-track-dtm=\"copiar_url\" id=\"btn_share_link_37\"><span class=\"_sr\">Copiar enlace<\/span><\/a><\/div>\n<div class=\"w_rs_i\"><a class=\"_btn rs_c\" href=\"https:\/\/elpais.com\/cultura\/2026-01-28\/perez-reverte-anuncia-que-aplaza-las-jornadas-sobre-la-guerra-civil-tras-la-polemica.html#comments_container\" aria-expanded=\"false\" aria-controls=\"me-c\" data-share-track-dtm=\"eskup\" id=\"btn_share_comments_37\"><span class=\"_sr\">Ir a los comentarios<\/span><\/a><\/div>\n<\/div>\n<\/div>\n<\/div>\n<div class=\"a_c clearfix\" data-dtm-region=\"articulo_cuerpo\">\n<p class>Arturo P\u00e9rez-Reverte y Jes\u00fas Vigorra, organizadores de las jornadas sobre la Guerra Civil <a href=\"https:\/\/elpais.com\/cultura\/2026-01-25\/david-ucles-se-retira-de-un-evento-sobre-la-guerra-civil-por-la-presencia-de-jose-maria-aznar-e-ivan-espinosa-de-los-monteros.html\" target=\"_blank\" rel=\"noreferrer\" title=\"https:\/\/elpais.com\/cultura\/2026-01-25\/david-ucles-se-retira-de-un-evento-sobre-la-guerra-civil-por-la-presencia-de-jose-maria-aznar-e-ivan-espinosa-de-los-monteros.html\">que saltaron a la pol\u00e9mica cuando el escritor David Ucl\u00e9s anunci\u00f3 su retirada<\/a> el domingo pasado, han anunciado su aplazamiento \u201chasta nueva fecha\u201d, tras denunciar amenazas violentas y presiones a los participantes. El evento iba a celebrarse en Sevilla entre el 2 y el 5 de febrero en la fundaci\u00f3n Cajasol. Los organizadores han difundido un comunicado en el que dicen que \u201cla intenci\u00f3n expresada en las redes sociales por grupos de ultraizquierda, proponiendo manifestarse de forma violenta ante el lugar donde est\u00e1 previsto celebrar la XI edici\u00f3n de Letras en Sevilla\u201d les hizo \u201caconsejar a Cajasol que aplace hasta nueva fecha los debates anunciados\u201d. Los dos firmantes, que en la nota a\u00f1aden al nombre del ciclo unos interrogantes, rebautiz\u00e1ndolo como <i>1936: \u00bfLa guerra que todos perdimos?<\/i>, achacan la suspensi\u00f3n a \u201cuna campa\u00f1a intolerable de presiones que desde Podemos y medios afines se ha estado ejerciendo sobre algunos de los participantes\u201d, a fin de hacerles renunciar a su intervenci\u00f3n, en unas jornadas cuyo contenido \u201cconoc\u00edan perfectamente\u201d y cuya asistencia \u201chab\u00edan confirmado hace meses\u201d. <\/p>\n<p class>\u2014Tengo 74 a\u00f1os y mucha mili a cuestas. Hay batallas que se ganan y otras que se pierden \u2014ha declarado P\u00e9rez-Reverte a EL PA\u00cdS este mi\u00e9rcoles por la tarde. <\/p>\n<p class>\u2014\u00bfY esta es una batalla ganada o perdida? <\/p>\n<p class>\u2014Esta es una batalla aplazada.<\/p>\n<aside class=\"a_ei\">\n<header class=\"a_ei_h _db\">M\u00e1s informaci\u00f3n<\/header>\n<div class=\"a_ei_r _g _g-xs \"><a class=\"a_ei_t\" href=\"https:\/\/elpais.com\/cultura\/2026-01-27\/todos-perdimos-la-guerra-civil-un-ciclo-de-charlas-desata-la-polemica-sobre-la-equidistancia.html#?rel=mas_sumario\" rel>\u00bf\u201cTodos\u201d perdimos la Guerra Civil? Un ciclo de charlas desata la pol\u00e9mica sobre la equidistancia<\/a><\/div>\n<\/aside>\n<p class>Podemos no ha tardado en responder a las acusaciones de los dos organizadores. \u201cTenemos cosas mejores que hacer [que organizar un boicot], la verdad. Lo que tienen ahora mismo es una crisis de legitimidad, de reputaci\u00f3n, muy importante. A P\u00e9rez-Reverte lo que le pasa es que piensa que vive en el pasado. Y, por suerte, nuestro pa\u00eds en las \u00faltimas d\u00e9cadas ha cambiado mucho y cosas que antes se pod\u00edan hacer \u2014colocarse en un lugar equidistante para no mojarse\u2014 ya no es posible\u201d, ha asegurado la secretaria general del partido, Ione Belarra en el programa<i> Todo es Mentira<\/i>.<\/p>\n<p class>Tambi\u00e9n se ha expresado al respecto Juan Antonio Delgado, el candidato de la formaci\u00f3n morada a la Junta de Andaluc\u00eda: \u201cNi Podemos ha coaccionado a nadie, ni hemos llamado a ning\u00fan participante. Simplemente nos hemos limitado a opinar sobre un evento p\u00fablico en redes sociales como muchas otras fuerzas pol\u00edticas y organizaciones memorialistas. Y si les molesta que critiquemos, pues bienvenidos a la democracia\u201d, ha contado a EL PA\u00cdS. Delgado, ex guardia civil, tambi\u00e9n cuestiona, como Belarra, el t\u00edtulo de las jornadas. \u201cNo todos perdimos, perdimos los dem\u00f3cratas. Despu\u00e9s, esperando, perdi\u00f3 el progreso\u201d, ha se\u00f1alado para insistir en que en el tema de la memoria \u201cno se puede ser equidistante con el fascismo ni con quienes defienden ideas totalitarias\u201d.<\/p>\n<div id=\"sum_twitter\" data-oembed-type=\"twitter\" class=\"a_em _df\">\n<blockquote class=\"twitter-tweet\" data-width=\"500\" data-dnt=\"true\">\n<p lang=\"es\" dir=\"ltr\">Por estas razones hemos aplazado lado la und\u00e9cima edici\u00f3n de &quot;Letras en Sevilla&quot;.<br \/>Quiz\u00e1 les interese leer el comunicado completo. <a href=\"https:\/\/t.co\/L8OcQc3TlZ\">pic.twitter.com\/L8OcQc3TlZ<\/a><\/p>\n<p>&mdash; Arturo P\u00e9rez-Reverte (@perezreverte) <a href=\"https:\/\/twitter.com\/perezreverte\/status\/2016589779547091058?ref_src=twsrc%5Etfw\">January 28, 2026<\/a><\/p><\/blockquote>\n<p><script async src=\"https:\/\/platform.twitter.com\/widgets.js\" charset=\"utf-8\"><\/script><\/p>\n<\/div>\n<p class>La pol\u00e9mica estall\u00f3 este domingo cuando el escritor David Ucl\u00e9s (\u00dabeda, 36 a\u00f1os) \u2014autor del superventas <a href=\"https:\/\/elpais.com\/babelia\/2024-04-01\/la-peninsula-de-las-casas-vacias-la-guerra-civil-como-ciclo-arturico-fundacional.html\" rel title=\"https:\/\/elpais.com\/babelia\/2024-04-01\/la-peninsula-de-las-casas-vacias-la-guerra-civil-como-ciclo-arturico-fundacional.html\"><i>La pen\u00ednsula de las casas vac\u00edas<\/i><\/a> (Siruela), novela basada en la Guerra Civil, y flamante premio Nadal con <i>La ciudad de las luces muertas\u2014<\/i> anunci\u00f3 su renuncia a asistir, fundamentalmente, porque no quer\u00eda compartir cartel con el expresidente popular <a href=\"https:\/\/elpais.com\/noticias\/jose-maria-aznar\/\" rel title=\"https:\/\/elpais.com\/noticias\/jose-maria-aznar\/\">Jos\u00e9 Mar\u00eda Aznar<\/a> y con el ex secretario general de Vox <a href=\"https:\/\/elpais.com\/noticias\/ivan-espinosa-de-los-monteros-y-de-simon\/\" rel title=\"https:\/\/elpais.com\/noticias\/ivan-espinosa-de-los-monteros-y-de-simon\/\">Iv\u00e1n Espinosa de los Monteros<\/a>: \u201cHan hecho zancadillas a valores democr\u00e1ticos y a medidas que nos conforman como una sociedad moderna y emp\u00e1tica\u201d, dijo Ucl\u00e9s a este peri\u00f3dico. Tambi\u00e9n hab\u00eda mostrado su malestar por figurar en un c\u00e1rtel bajo el lema \u201cla guerra que todos perdimos\u201d. \u201cCreo que el t\u00edtulo acertado hubiera sido la guerra que <i>sufrimos <\/i>todos, que es lo que yo defiendo en mi libro, donde trato la intrahistoria del conflicto. Pero no la perdimos todos&#8221;, a\u00f1ad\u00eda.<\/p>\n<p class>Este mi\u00e9rcoles por la tarde, tras conocer la decisi\u00f3n de la organizaci\u00f3n de suspender el foro, el joven novelista ha declarado a EL PA\u00cdS: \u201cEstas son las cosas que pasan cuando no se juega limpio y se manipula, poni\u00e9ndonos a todos bajo ese lema en el cartel y mintiendo respecto al t\u00edtulo del evento [los organizadores aseguraron que el t\u00edtulo llevaba unos signos de interrogaci\u00f3n que no aparecieron en el cartel]. Me alegro de que se hayan aplazado las jornadas, porque adem\u00e1s han comenzado contra m\u00ed una campa\u00f1a de defenestraci\u00f3n. Y celebro que otros invitados hayan renunciado ante personas de tanto poder\u201d.<\/p>\n<p class>P\u00e9rez-Reverte y Vigorra abordan el tema central del conflicto y arremeten contra Ucl\u00e9s en el comunicado en el que han anunciado la suspensi\u00f3n del foro: \u201cUna semana antes de iniciarse las jornadas, y sin previo aviso a la organizaci\u00f3n, el novelista David Ucl\u00e9s (cuya asistencia estaba confirmada por \u00e9l mismo para una conversaci\u00f3n con el escritor Luis Mateo D\u00edez sobre Guerra Civil, juventud y literatura), que conoc\u00eda perfectamente desde hac\u00eda meses el programa de las jornadas, anunci\u00f3 en las redes sociales, en un tono lastimero e infantil que ofende cualquier inteligencia, su renuncia a participar debido a la presencia de Aznar y Espinosa de los Monteros\u201d.<\/p>\n<p class>Ucl\u00e9s anunci\u00f3 que no acudir\u00eda al foro en un v\u00eddeo de tres minutos y medio difundido por sus redes sociales, en el que argumentaba su postura en detalle. A su salida se sumaron otras, como la del coordinador de Izquierda Unida, Antonio Ma\u00edllo; la vicesecretaria general del PSOE de Andaluc\u00eda, Mar\u00eda M\u00e1rquez; la presidenta del Consejo de Estado, Carmen Calvo; el escritor Paco Cerd\u00e1, y la soci\u00f3loga Zira Box, como confirm\u00f3 la fundaci\u00f3n Cajasol. \u201cLa vocaci\u00f3n de Letras en Sevilla es que est\u00e9n representadas todas las voces y sensibilidades, y adem\u00e1s es imposible rearmar el programa en tan pocos d\u00edas con ponentes de la misma calidad y de ideolog\u00edas equilibradas. Es mejor parar, reprogramar y mirar al oto\u00f1o\u201d, han explicado a este diario fuentes de la fundaci\u00f3n.<\/p>\n<p class>P\u00e9rez-Reverte y Vigorra defienden en su comunicado que todo se debi\u00f3 a las \u201ccoacciones\u201d a los participantes, que fueron \u201cp\u00fablicas y privadas\u201d, incluyendo, dicen, llamadas telef\u00f3nicas. Algunos, como el ministro F\u00e9lix Bola\u00f1os y \u201ctodos los historiadores con excepci\u00f3n de Zira Box\u201d, mantuvieron su compromiso y confirmaron su asistencia.<\/p>\n<p class>La excepci\u00f3n entre los historiadores, la soci\u00f3loga y profesora en la Facultad de Ciencias Sociales de la Universidad de Valencia Zira Box,daba sus razones en una columna publicada<i> en <\/i><a href=\"https:\/\/www.eldiario.es\/opinion\/dialogo-perdimos_129_12941324.html\" target=\"_blank\" rel=\"noreferrer\" title=\"https:\/\/www.eldiario.es\/opinion\/dialogo-perdimos_129_12941324.html\"><i>elDiario.es<\/i><\/a><i>: &#8220;<\/i>Podr\u00eda argumentar motivos heroicos que gustar\u00edan a los \u2018m\u00edos\u2019 y que encajar\u00edan con muchos con quienes comparto voto pol\u00edtico. Pero no ser\u00eda verdad. La realidad es m\u00e1s prosaica, y es que la sobreexposici\u00f3n involuntaria en redes y la presi\u00f3n sentida por parte de mucha gente de quien hubiera esperado un intercambio argumental m\u00e1s sosegado me han hecho renunciar a ir a un espacio en el que creo que debemos estar. No pasa nada&#8221;. <\/p>\n<div id=\"sum_twitter\" data-oembed-type=\"twitter\" class=\"a_em _df\">\n<blockquote class=\"twitter-tweet\" data-width=\"500\" data-dnt=\"true\">\n<p lang=\"es\" dir=\"ltr\">COMUNICADO: EL CICLO \u2018LETRAS EN SEVILLA\u2019 APLAZA LA CELEBRACI\u00d3N DE SU XI EDICI\u00d3N AL PR\u00d3XIMO OTO\u00d1O. <a href=\"https:\/\/t.co\/XSLp9YF100\">pic.twitter.com\/XSLp9YF100<\/a><\/p>\n<p>&mdash; Fundaci\u00f3n Cajasol (@Cajasol) <a href=\"https:\/\/twitter.com\/Cajasol\/status\/2016528220149944671?ref_src=twsrc%5Etfw\">January 28, 2026<\/a><\/p><\/blockquote>\n<p><script async src=\"https:\/\/platform.twitter.com\/widgets.js\" charset=\"utf-8\"><\/script><\/p>\n<\/div>\n<p class>La Federaci\u00f3n Andaluza de Memoria Democr\u00e1tica (FAMD), la entidad que aglutina al mayor n\u00famero de asociaciones memorialistas de la comunidad \u2014el territorio con m\u00e1s represaliados y fosas comunes de Espa\u00f1a\u2014 ha rechazado estos d\u00edas la celebraci\u00f3n de estas jornadas, por entender que su planteamiento \u201cno contribuye a una convivencia democr\u00e1tica basada en la defensa de los derechos humanos sobre los principios de verdad, justicia y reparaci\u00f3n, sino que perpet\u00faan la desmemoria y, con ello, la impunidad\u201d, seg\u00fan traslad\u00f3 en un comunicado. La FAMD cuestionaba tanto el t\u00edtulo de las jornadas, \u201cla guerra que todos perdimos\u201d, como uno de los puntos de partida del ciclo, que la Guerra Civil fue algo \u201cinevitable\u201d. \u201cEste enfoque adopta una mirada equidistante que normaliza y blanquea el golpe de Estado de 1936 y la dictadura franquista, obviando de manera deliberada la represi\u00f3n sistem\u00e1tica ejercida durante d\u00e9cadas contra la poblaci\u00f3n civil en tiempo de paz\u201d.<\/p>\n<p class>\u201cCreemos que el aplazamiento de estas jornadas es un triunfo de la movilizaci\u00f3n ciudadana y por supuesto descartamos que sea por una presi\u00f3n ultraizquierdista\u201d, ha se\u00f1alado a este diario Pepe Barrag\u00e1n, portavoz de la federaci\u00f3n, en alusi\u00f3n a los argumentos para la cancelaci\u00f3n ofrecidos por los impulsores del encuentro. \u201cEs una presi\u00f3n democr\u00e1tica\u201d, ha incidido. Barrag\u00e1n subraya c\u00f3mo el debate sobre el origen de la contienda se aleja, adem\u00e1s, del prop\u00f3sito de las entidades memorialistas. \u201cNosotros no nos situamos en el pasado, que est\u00e1 perfectamente estudiado, sino que queremos llegar al presente y al futuro, el movimiento memorialista est\u00e1 tratando de sanar las heridas de las v\u00edctimas que a\u00fan viven y las de los familiares de los que ya fallecieron, de darles dignidad, no estamos para remover el pasado\u201d, ha subrayado.<\/p>\n<\/div>\n<div id=\"me-dis\" class=\"me _pf\">\n<div class=\"me_bg\">\n<div class=\"me-dis _pa _df\">\n<div class=\"me-dis_c\">\n<h2 class=\"me-dis_t\">Tu suscripci\u00f3n se est\u00e1 usando en otro dispositivo<\/h2>\n<p>\u00bfQuieres a\u00f1adir otro usuario a tu suscripci\u00f3n?<\/p>\n<div class=\"me-dis_l\"><a href=\"https:\/\/elpais.com\/suscripciones\/premium\/upgrade\/?utm_source=autopromo&amp;utm_medium=interno&amp;utm_campaign=YYYY_MM_capping_upgrade\" id=\"capping-upgrade\" class=\"btn\">A\u00f1adir usuario<\/a><a href=\"https:\/\/elpais.com\/cultura\/2026-01-28\/perez-reverte-anuncia-que-aplaza-las-jornadas-sobre-la-guerra-civil-tras-la-polemica.html\" id=\"capping-continue\" class=\"btn btn-b\">Continuar leyendo aqu\u00ed<\/a><\/div>\n<p>Si contin\u00faas leyendo en este dispositivo, no se podr\u00e1 leer en el otro.<\/p>\n<p class=\"lk\"><a href=\"https:\/\/elpais.com\/cultura\/2026-01-28\/perez-reverte-anuncia-que-aplaza-las-jornadas-sobre-la-guerra-civil-tras-la-polemica.html\" id=\"capping-show-more-button\">\u00bfPor qu\u00e9 est\u00e1s viendo esto?<\/a><\/p>\n<p><span class=\"arrow\" id=\"capping-arrow\">Flecha<\/span><\/p>\n<div class=\"me-dis_d\">\n<div class=\"me-dis_d_t\">\n<h2 class=\"enc\">Tu suscripci\u00f3n se est\u00e1 usando en otro dispositivo y solo puedes acceder a EL PA\u00cdS desde un dispositivo a la vez.<\/h2>\n<div class=\"tx\">\n<p>Si quieres compartir tu cuenta, cambia tu suscripci\u00f3n a la modalidad Premium, as\u00ed podr\u00e1s a\u00f1adir otro usuario. Cada uno acceder\u00e1 con su propia cuenta de email, lo que os permitir\u00e1 personalizar vuestra experiencia en EL PA\u00cdS.<\/p>\n<p>\u00bfTienes una suscripci\u00f3n de empresa? Accede <a target=\"_blank\" rel=\"noreferrer\" href=\"https:\/\/elpais.com\/suscripciones\/premium\/upgrade\/\">aqu\u00ed<\/a> para contratar m\u00e1s cuentas.<\/p>\n<p>En el caso de no saber qui\u00e9n est\u00e1 usando tu cuenta, te recomendamos cambiar tu contrase\u00f1a <a target=\"_blank\" rel=\"noreferrer\" href=\"https:\/\/elpais.com\/subscriptions\/#\/forgot-password\">aqu\u00ed.<\/a><\/p>\n<p>Si decides continuar compartiendo tu cuenta, este mensaje se mostrar\u00e1 en tu dispositivo y en el de la otra persona que est\u00e1 usando tu cuenta de forma indefinida, afectando a tu experiencia de lectura. Puedes <a target=\"_blank\" rel=\"noreferrer\" href=\"https:\/\/elpais.com\/suscripciones\/condiciones-generales-servicios\/\">consultar aqu\u00ed los t\u00e9rminos y condiciones de la suscripci\u00f3n digital.<\/a><\/p>\n<\/div>\n<\/div>\n<\/div>\n<\/div>\n<\/div>\n<\/div>\n<\/div>\n<aside class=\"w w-fid\">\n<div class=\"w_b\">\n<div class=\"w-fid_t\"><a href=\"https:\/\/plus.elpais.com\/newsletters\/lnp\/1\/411\">Recibe la informaci\u00f3n y la agenda del mundo del arte en tu correo<\/a><\/div>\n<div class=\"w-fid_s\">\n<div class=\"w_rs\">\n<div class=\"w_rs_i\"><a class=\"_btn\" href=\"https:\/\/facebook.com\/elpais\" rel=\"nofollow\"><span class=\"_sr\">Cultura El Pa\u00eds en Facebook<\/span><\/a><\/div>\n<div class=\"w_rs_i\"><a class=\"_btn\" href=\"https:\/\/www.instagram.com\/el_pais\/\" rel=\"nofollow\"><span class=\"_sr\">Cultura El Pa\u00eds en Instagram<\/span><\/a><\/div>\n<div class=\"w_rs_i\"><a class=\"_btn\" href=\"https:\/\/twitter.com\/el_pais\" rel=\"nofollow\"><span class=\"_sr\">Cultura El Pa\u00eds en Twitter<\/span><\/a><\/div>\n<\/div>\n<\/div>\n<\/div>\n<\/aside>\n<aside class=\"a_com w w-com _df\"><a class=\"a_com_l\" href=\"https:\/\/elpais.com\/info\/normas-de-participacion\/\">Normas \u203a<\/a><\/aside>\n<div class=\"me _pf\" id=\"me-c\">\n<div class=\"me_bg\">\n<div class=\"me-c _pa\" id=\"comments_container\" data-dtm-region=\"articulo_comentarios\">\n<div class=\"me_f me_f-os me_cc\"><a href=\"https:\/\/plus.elpais.com\/perfil\/actividad\/\">Mis comentarios<\/a><a href=\"https:\/\/elpais.com\/info\/normas-de-participacion\/\">Normas<\/a><\/div>\n<div class=\"me_f me_f-ns\"><span class=\"me_f_txt _db\">Rellena tu <b>nombre y apellido<\/b> para comentar<\/span><a href=\"https:\/\/plus.elpais.com\/autorization.html\/?prod=COM&amp;backURL=https%3A%2F%2Felpais.com%2Fcultura%2F2026-01-28%2Fperez-reverte-anuncia-que-aplaza-las-jornadas-sobre-la-guerra-civil-tras-la-polemica.html\" class=\"btn btn-2\">completar datos<\/a><\/div>\n<div class=\"me_f\" id=\"comments_msg\"><a class=\"btn btn-2\" href=\"https:\/\/elpais.com\/suscripciones\/#\/campaign?prod=SUSDIGCRART&amp;o=COM&amp;prm=suscrip_articulo_comentarios_el-pais&amp;backURL=https%3A%2F%2Felpais.com%2Fcultura%2F2026-01-28%2Fperez-reverte-anuncia-que-aplaza-las-jornadas-sobre-la-guerra-civil-tras-la-polemica.html\" id=\"comments_subscribe_link\" data-link-am=\"https:\/\/elpais.com\/suscripciones\/america\/#\/campaign?prod=SUSDIGCRARTAM&amp;o=COMAM&amp;prm=suscrip_articulo_comentarios_el-pais-america&amp;backURL=https%3A%2F%2Felpais.com%2Fcultura%2F2026-01-28%2Fperez-reverte-anuncia-que-aplaza-las-jornadas-sobre-la-guerra-civil-tras-la-polemica.html\" data-link-mx=\"https:\/\/elpais.com\/suscripciones\/america\/#\/campaign?prod=SUSDIGMX&amp;o=COMMX&amp;prm=suscrip_articulo_comentarios_el-pais-mexico&amp;backURL=https%3A%2F%2Felpais.com%2Fcultura%2F2026-01-28%2Fperez-reverte-anuncia-que-aplaza-las-jornadas-sobre-la-guerra-civil-tras-la-polemica.html\" data-link-co=\"https:\/\/elpais.com\/suscripciones\/america\/#\/campaign?prod=SUSDIGCOL&amp;o=COMCOL&amp;prm=suscrip_articulo_comentarios_el-pais_colombia&amp;backURL=https%3A%2F%2Felpais.com%2Fcultura%2F2026-01-28%2Fperez-reverte-anuncia-que-aplaza-las-jornadas-sobre-la-guerra-civil-tras-la-polemica.html\" data-link-ar=\"https:\/\/elpais.com\/suscripciones\/america\/#\/campaign?prod=SUSDIGCRARTAR&amp;o=COMAR&amp;backURL=https%3A%2F%2Felpais.com%2Fcultura%2F2026-01-28%2Fperez-reverte-anuncia-que-aplaza-las-jornadas-sobre-la-guerra-civil-tras-la-polemica.html\" data-link-cl=\"https:\/\/elpais.com\/suscripciones\/america\/#\/campaign?prod=SUSDIGCHILE&amp;o=COMCHILE&amp;backURL=https%3A%2F%2Felpais.com%2Fcultura%2F2026-01-28%2Fperez-reverte-anuncia-que-aplaza-las-jornadas-sobre-la-guerra-civil-tras-la-polemica.html\" data-link-us=\"https:\/\/elpais.com\/suscripciones\/america\/#\/campaign?prod=SUSDIGCRARTEUCAN&amp;o=COMUS&amp;prm=suscrip_articulo_comentarios_el-pais_eucan&amp;backURL=https%3A%2F%2Felpais.com%2Fcultura%2F2026-01-28%2Fperez-reverte-anuncia-que-aplaza-las-jornadas-sobre-la-guerra-civil-tras-la-polemica.html\">Suscr\u00edbete en El Pa\u00eds para participar<\/a><a class=\"btn btn-3\" href=\"https:\/\/elpais.com\/subscriptions\/#\/sign-in?prod=REG&amp;o=COM&amp;prm=login_articulo_comentarios_el-pais&amp;backURL=https%3A%2F%2Felpais.com%2Fcultura%2F2026-01-28%2Fperez-reverte-anuncia-que-aplaza-las-jornadas-sobre-la-guerra-civil-tras-la-polemica.html\" id=\"comments_login_link\" data-link-am=\"https:\/\/elpais.com\/subscriptions\/#\/sign-in?prod=REG&amp;o=COM&amp;prm=login_articulo_comentarios_el-pais-america&amp;backURL=https%3A%2F%2Felpais.com%2Fcultura%2F2026-01-28%2Fperez-reverte-anuncia-que-aplaza-las-jornadas-sobre-la-guerra-civil-tras-la-polemica.html\" data-link-mx=\"https:\/\/elpais.com\/subscriptions\/#\/sign-in?prod=REG&amp;o=COM&amp;prm=login_articulo_comentarios_el-pais-mexico&amp;backURL=https%3A%2F%2Felpais.com%2Fcultura%2F2026-01-28%2Fperez-reverte-anuncia-que-aplaza-las-jornadas-sobre-la-guerra-civil-tras-la-polemica.html\" data-link-co=\"https:\/\/elpais.com\/subscriptions\/#\/sign-in?prod=REG&amp;o=COM&amp;backURL=https%3A%2F%2Felpais.com%2Fcultura%2F2026-01-28%2Fperez-reverte-anuncia-que-aplaza-las-jornadas-sobre-la-guerra-civil-tras-la-polemica.html\" data-link-ar=\"https:\/\/elpais.com\/subscriptions\/#\/sign-in?prod=REG&amp;o=COM&amp;backURL=https%3A%2F%2Felpais.com%2Fcultura%2F2026-01-28%2Fperez-reverte-anuncia-que-aplaza-las-jornadas-sobre-la-guerra-civil-tras-la-polemica.html\" data-link-cl=\"https:\/\/elpais.com\/subscriptions\/#\/sign-in?prod=REG&amp;o=COM&amp;backURL=https%3A%2F%2Felpais.com%2Fcultura%2F2026-01-28%2Fperez-reverte-anuncia-que-aplaza-las-jornadas-sobre-la-guerra-civil-tras-la-polemica.html\" data-link-us=\"https:\/\/elpais.com\/subscriptions\/#\/sign-in?prod=REG&amp;o=COM&amp;backURL=https%3A%2F%2Felpais.com%2Fcultura%2F2026-01-28%2Fperez-reverte-anuncia-que-aplaza-las-jornadas-sobre-la-guerra-civil-tras-la-polemica.html\">Ya tengo una suscripci\u00f3n<\/a><\/div>\n<p>Please enable JavaScript to view the &lt;a href=&#8221;https:\/\/disqus.com\/?ref_noscript&#8221; rel=&#8221;nofollow&#8221;&gt; comments powered by Disqus.&lt;\/a&gt;<\/p><\/div>\n<\/div>\n<\/div>\n<aside class=\"w w-rel\" data-dtm-region=\"articulo_mas-informacion\">\n<h2 class=\"w_t\">M\u00e1s informaci\u00f3n<\/h2>\n<ul class=\"w_b _ls\">\n<li class=\"_g _g-xs w-rel_n\">\n<div class=\" a_m-h c_m--nf\"><span class=\"_db _pr\"><img decoding=\"async\" class=\"_re lazyload a_m-h\" height=\"311\" width=\"414\" src=\"https:\/\/analyse.optim.biz\/wp-content\/uploads\/2026\/01\/caovqrhe7bchzd2crkvelk6ghq-1.jpg\" loading=\"lazy\" title=\"caovqrhe7bchzd2crkvelk6ghq-1\"><\/span><\/div>\n<div class=\"nt\">\n<h3 class=\"nt_t\"><a href=\"https:\/\/elpais.com\/cultura\/2026-01-27\/todos-perdimos-la-guerra-civil-un-ciclo-de-charlas-desata-la-polemica-sobre-la-equidistancia.html#?rel=mas\">\u00bf\u201cTodos\u201d perdimos la Guerra Civil? Un ciclo de charlas desata la pol\u00e9mica sobre la equidistancia<\/a><\/h3>\n<div class=\"nt_a\"><a href=\"https:\/\/elpais.com\/autor\/sergio-cuadrado-fanjul\/\" title=\"Ver todas las noticias de Sergio C. Fanjul\">Sergio C. Fanjul<\/a> | Madrid<\/div>\n<\/div>\n<\/li>\n<li class=\"_g _g-xs w-rel_n\">\n<div class=\" a_m-h c_m--nf\"><span class=\"_db _pr\"><img decoding=\"async\" class=\"_re lazyload a_m-h\" height=\"311\" width=\"414\" src=\"https:\/\/analyse.optim.biz\/wp-content\/uploads\/2026\/01\/56juluqqlvf3tbmddby7kdts5y-2.jpg\" loading=\"lazy\" title=\"56juluqqlvf3tbmddby7kdts5y-2\"><\/span><\/div>\n<div class=\"nt\">\n<h3 class=\"nt_t\"><a href=\"https:\/\/elpais.com\/cultura\/2026-01-25\/david-ucles-se-retira-de-un-evento-sobre-la-guerra-civil-por-la-presencia-de-jose-maria-aznar-e-ivan-espinosa-de-los-monteros.html#?rel=mas\">David Ucl\u00e9s se retira de un evento sobre la Guerra Civil por la presencia de Jos\u00e9 Mar\u00eda Aznar e Iv\u00e1n Espinosa de los Monteros<\/a><\/h3>\n<div class=\"nt_a\"><a href=\"https:\/\/elpais.com\/autor\/sergio-cuadrado-fanjul\/\" title=\"Ver todas las noticias de Sergio C. Fanjul\">Sergio C. Fanjul<\/a> | Madrid<\/div>\n<\/div>\n<\/li>\n<\/ul>\n<\/aside>\n<section class=\"w w-ae\" data-dtm-region=\"articulo_archivado-en\">\n<h2 class=\"w_t\">Archivado En<\/h2>\n<div class=\"w_b\">\n<ul class=\"w_ul w_ul--mh _df _ls\">\n<li><a href=\"https:\/\/elpais.com\/noticias\/cultura\/#?rel=arch\" rel=\"noopener noreferrer\">Cultura<\/a><\/li>\n<li><a href=\"https:\/\/elpais.com\/noticias\/arturo-perez-reverte\/#?rel=arch\" rel=\"noopener noreferrer\">Arturo P\u00e9rez-Reverte<\/a><\/li>\n<li><a href=\"https:\/\/elpais.com\/noticias\/david-ucles-vilchez\/#?rel=arch\" rel=\"noopener noreferrer\">David Ucl\u00e9s<\/a><\/li>\n<li><a href=\"https:\/\/elpais.com\/noticias\/libros\/#?rel=arch\" rel=\"noopener noreferrer\">Libros<\/a><\/li>\n<li><a href=\"https:\/\/elpais.com\/noticias\/guerra-civil\/#?rel=arch\" rel=\"noopener noreferrer\">Guerra civil<\/a><\/li>\n<li><a href=\"https:\/\/elpais.com\/noticias\/guerra-civil-espanola\/#?rel=arch\" rel=\"noopener noreferrer\">Guerra civil espa\u00f1ola<\/a><\/li>\n<li><a href=\"https:\/\/elpais.com\/noticias\/polemicas\/#?rel=arch\" rel=\"noopener noreferrer\">Pol\u00e9micas<\/a><\/li>\n<li><a href=\"https:\/\/elpais.com\/noticias\/andalucia\/#?rel=arch\" rel=\"noopener noreferrer\">Andaluc\u00eda<\/a><\/li>\n<li><a href=\"https:\/\/elpais.com\/noticias\/sevilla\/#?rel=arch\" rel=\"noopener noreferrer\">Sevilla<\/a><\/li>\n<\/ul>\n<\/div>\n<\/section>\n<aside class=\"a_tp _df\">\n<div class=\"a_tp_txt\"><span class=\"a_tp_t\">Se adhiere a los criterios de<\/span><\/p>\n<figure class=\"a_m a_m-h c_m--nf\"><a class=\"a_tp_i _dib\" href=\"https:\/\/elpais.com\/estaticos\/que-es-the-trust-project\/\" target=\"_blank\" rel=\"noopener noreferrer nofollow\"><img decoding=\"async\" alt=\"The Trust Project\" class=\" lazyload a_m-h\" height=\"20\" width=\"117\" src=\"https:\/\/analyse.optim.biz\/wp-content\/uploads\/2026\/01\/the-trust-project-296.svg\" loading=\"lazy\" title=\"the-trust-project-296\"><\/a><\/figure>\n<p><a class=\"a_tp_mi\" href=\"https:\/\/elpais.com\/estaticos\/codigo-etico\/\" target=\"_blank\" rel=\"noopener noreferrer nofollow\">M\u00e1s informaci\u00f3n<\/a><\/div>\n<div class=\"a_tp_si\">Si est\u00e1 interesado en licenciar este contenido, pinche <a class=\"a_tp_si_l\" href=\"https:\/\/profesional.elpais.com\/soluciones-sindicacion\/?utm_medium=interno&amp;utm_source=crosslinking&amp;utm_campaign=sindicacion_ep_pie_articulos\" target=\"_blank\" rel=\"noopener noreferrer nofollow\">aqu\u00ed<\/a><\/div>\n<\/aside>\n<div class=\"a_o _pr\" data-dtm-region=\"articulo_right-rail\">\n<div id=\"elpais_gpt-MPU1\" data-adtype=\"MPU\" class=\"ad ad-mpu\"><span class=\"_dn\">_<\/span><\/div>\n<section class=\"w w-sc b_col\" data-dtm-region=\"articulo_ultimas-noticias\">\n<header class=\"w_h b_col_h\">\n<h3 class=\"w_t\"><a href=\"https:\/\/elpais.com\/ultimas-noticias\/\" rel=\"story-card-ultimas-noticias\">\u00daltimas noticias<\/a><\/h3>\n<\/header>\n<div class=\"w_b\">\n<article class=\"c  c--m-n   \" data-word=\"0\">\n<header class=\"c_h\"><time datetime=\"2026-01-29T02:49:41+01:00\" class=\"c_da\">02:49<\/time><\/p>\n<h2 class=\"c_t \"><a href=\"https:\/\/elpais.com\/america-colombia\/2026-01-29\/diogenes-quintero-el-lider-social-que-llevo-la-voz-del-catatumbo-al-congreso-y-murio-en-el-accidente-de-satena.html\">Di\u00f3genes Quintero, el l\u00edder social que llev\u00f3 la voz del Catatumbo al Congreso y muri\u00f3 en el accidente de Satena<\/a><\/h2>\n<\/header>\n<\/article>\n<article class=\"c  c--m-n   \" data-word=\"0\">\n<header class=\"c_h\"><time datetime=\"2026-01-29T01:51:50+01:00\" class=\"c_da\">01:51<\/time><\/p>\n<h2 class=\"c_t \"><a href=\"https:\/\/elpais.com\/mexico\/2026-01-29\/rumbo-al-mundial-asi-sera-el-recorrido-del-trofeo-de-la-fifa-por-mexico.html\">Rumbo al mundial: as\u00ed ser\u00e1 el recorrido del trofeo de la FIFA por M\u00e9xico<\/a><\/h2>\n<\/header>\n<\/article>\n<article class=\"c  c--m-n   \" data-word=\"0\">\n<header class=\"c_h\"><time datetime=\"2026-01-29T01:50:28+01:00\" class=\"c_da\">01:50<\/time><\/p>\n<h2 class=\"c_t \"><a href=\"https:\/\/elpais.com\/america-colombia\/2026-01-29\/lo-que-se-sabe-del-caso-de-las-frambuesas-envenenadas-con-talio-el-arresto-de-zulma-guzman-en-londres-y-el-avance-de-su-extradicion.html\">Lo que se sabe del caso de las frambuesas envenenadas con talio: el arresto de Zulma Guzm\u00e1n en Londres y el avance de su extradici\u00f3n<\/a><\/h2>\n<\/header>\n<\/article>\n<article class=\"c  c--m-n   \" data-word=\"0\">\n<header class=\"c_h\"><time datetime=\"2026-01-29T01:47:27+01:00\" class=\"c_da\">01:47<\/time><\/p>\n<h2 class=\"c_t \"><a href=\"https:\/\/elpais.com\/america\/2026-01-29\/america-latina-y-las-democracias-imperfectas-el-auge-de-los-liderazgos-autoritarios.html\">Am\u00e9rica Latina y las democracias imperfectas: el auge de los liderazgos autoritarios<\/a><\/h2>\n<\/header>\n<\/article>\n<\/div>\n<\/section>\n<aside class=\"w w-lmv\" data-dtm-region=\"articulo_lom\">\n<h2 class=\"w_t\"><a href=\"https:\/\/elpais.com\/lo-mas-visto\/\">Lo m\u00e1s visto<\/a><\/h2>\n<div class=\"w_b\">\n<ol class=\"_ls\">\n<li><a href=\"https:\/\/elpais.com\/economia\/2026-01-27\/trump-bendice-la-caida-del-dolar-va-muy-bien-miren-los-negocios-que-estamos-haciendo.html#?rel=lom\">Trump asegura que no le preocupa la ca\u00edda del d\u00f3lar: \u201cVa muy bien, miren los negocios que estamos haciendo\u201d<\/a><\/li>\n<li><a href=\"https:\/\/elpais.com\/espana\/2026-01-28\/ultima-hora-de-los-efectos-de-la-borrasca-kristin-en-directo.html#?rel=lom\">\u00daltima hora de la borrasca \u2018Kristin\u2019 &#8211;  28 de enero de 2026<\/a><\/li>\n<li><a href=\"https:\/\/elpais.com\/espana\/2026-01-27\/exmagistrados-del-supremo-garzon-o-carmena-cargan-contra-la-sentencia-a-garcia-ortiz-condena-la-presuncion-de-inocencia.html#?rel=lom\">Exmagistrados del Supremo, Garz\u00f3n o Carmena cargan contra la sentencia a Garc\u00eda Ortiz: \u201cCondena a la presunci\u00f3n de inocencia\u201d<\/a><\/li>\n<li><a href=\"https:\/\/elpais.com\/espana\/2026-01-27\/la-guardia-civil-investiga-a-un-hombre-por-robar-571-pinos-pinoneros-en-valladolid-y-utilizarlos-para-hacer-biomasa.html#?rel=lom\">La Guardia Civil investiga a un hombre por robar 571 pinos pi\u00f1oneros en Valladolid y utilizarlos para hacer biomasa<\/a><\/li>\n<li><a href=\"https:\/\/elpais.com\/internacional\/2026-01-27\/francia-y-espana-replican-a-rutte-que-no-es-ningun-sueno-que-europa-aspire-a-defenderse-sola.html#?rel=lom\">Francia y Espa\u00f1a replican a Rutte que no es \u201cning\u00fan sue\u00f1o\u201d que Europa aspire a defenderse sola<\/a><\/li>\n<\/ol>\n<\/div>\n<\/aside>\n<\/div>\n<\/article>\n<article class=\"c  c--m-n   \" data-word=\"0\">\n<header class=\"c_h\"><time datetime=\"2026-01-29T02:49:41+01:00\" class=\"c_da\">02:49<\/time><\/p>\n<h2 class=\"c_t \"><a href=\"https:\/\/elpais.com\/america-colombia\/2026-01-29\/diogenes-quintero-el-lider-social-que-llevo-la-voz-del-catatumbo-al-congreso-y-murio-en-el-accidente-de-satena.html\">Di\u00f3genes Quintero, el l\u00edder social que llev\u00f3 la voz del Catatumbo al Congreso y muri\u00f3 en el accidente de Satena<\/a><\/h2>\n<\/header>\n<\/article>\n<article class=\"c  c--m-n   \" data-word=\"0\">\n<header class=\"c_h\"><time datetime=\"2026-01-29T01:51:50+01:00\" class=\"c_da\">01:51<\/time><\/p>\n<h2 class=\"c_t \"><a href=\"https:\/\/elpais.com\/mexico\/2026-01-29\/rumbo-al-mundial-asi-sera-el-recorrido-del-trofeo-de-la-fifa-por-mexico.html\">Rumbo al mundial: as\u00ed ser\u00e1 el recorrido del trofeo de la FIFA por M\u00e9xico<\/a><\/h2>\n<\/header>\n<\/article>\n<article class=\"c  c--m-n   \" data-word=\"0\">\n<header class=\"c_h\"><time datetime=\"2026-01-29T01:50:28+01:00\" class=\"c_da\">01:50<\/time><\/p>\n<h2 class=\"c_t \"><a href=\"https:\/\/elpais.com\/america-colombia\/2026-01-29\/lo-que-se-sabe-del-caso-de-las-frambuesas-envenenadas-con-talio-el-arresto-de-zulma-guzman-en-londres-y-el-avance-de-su-extradicion.html\">Lo que se sabe del caso de las frambuesas envenenadas con talio: el arresto de Zulma Guzm\u00e1n en Londres y el avance de su extradici\u00f3n<\/a><\/h2>\n<\/header>\n<\/article>\n<article class=\"c  c--m-n   \" data-word=\"0\">\n<header class=\"c_h\"><time datetime=\"2026-01-29T01:47:27+01:00\" class=\"c_da\">01:47<\/time><\/p>\n<h2 class=\"c_t \"><a href=\"https:\/\/elpais.com\/america\/2026-01-29\/america-latina-y-las-democracias-imperfectas-el-auge-de-los-liderazgos-autoritarios.html\">Am\u00e9rica Latina y las democracias imperfectas: el auge de los liderazgos autoritarios<\/a><\/h2>\n<\/header>\n<\/article>\n<p> Source URL: https:\/\/elpais.com\/cultura\/2026-01-28\/perez-reverte-anuncia-que-aplaza-las-jornadas-sobre-la-guerra-civil-tras-la-polemica.html<\/p>\n","protected":false},"excerpt":{"rendered":"<p>Guerra civil P\u00e9rez-Reverte suspende las jornadas sobre la Guerra Civil tras la pol\u00e9mica: \u201cUnas batallas se ganan y otras se pierden. Esta es una batalla aplazada\u201d La organizaci\u00f3n del evento que iba a celebrarse en Sevilla, del que se retiraron David Ucl\u00e9s y otros ponentes, denuncia \u201camenazas violentas\u201d y presiones a los participantes El presidente [&hellip;]<\/p>\n","protected":false},"author":1,"featured_media":1514826,"comment_status":"open","ping_status":"","sticky":false,"template":"","format":"standard","meta":{"footnotes":""},"categories":[88],"tags":[92],"class_list":["post-1514825","post","type-post","status-publish","format-standard","has-post-thumbnail","hentry","category-spain","tag-elpais-com"],"_links":{"self":[{"href":"https:\/\/analyse.optim.biz\/index.php?rest_route=\/wp\/v2\/posts\/1514825","targetHints":{"allow":["GET"]}}],"collection":[{"href":"https:\/\/analyse.optim.biz\/index.php?rest_route=\/wp\/v2\/posts"}],"about":[{"href":"https:\/\/analyse.optim.biz\/index.php?rest_route=\/wp\/v2\/types\/post"}],"author":[{"embeddable":true,"href":"https:\/\/analyse.optim.biz\/index.php?rest_route=\/wp\/v2\/users\/1"}],"replies":[{"embeddable":true,"href":"https:\/\/analyse.optim.biz\/index.php?rest_route=%2Fwp%2Fv2%2Fcomments&post=1514825"}],"version-history":[{"count":0,"href":"https:\/\/analyse.optim.biz\/index.php?rest_route=\/wp\/v2\/posts\/1514825\/revisions"}],"wp:featuredmedia":[{"embeddable":true,"href":"https:\/\/analyse.optim.biz\/index.php?rest_route=\/wp\/v2\/media\/1514826"}],"wp:attachment":[{"href":"https:\/\/analyse.optim.biz\/index.php?rest_route=%2Fwp%2Fv2%2Fmedia&parent=1514825"}],"wp:term":[{"taxonomy":"category","embeddable":true,"href":"https:\/\/analyse.optim.biz\/index.php?rest_route=%2Fwp%2Fv2%2Fcategories&post=1514825"},{"taxonomy":"post_tag","embeddable":true,"href":"https:\/\/analyse.optim.biz\/index.php?rest_route=%2Fwp%2Fv2%2Ftags&post=1514825"}],"curies":[{"name":"wp","href":"https:\/\/api.w.org\/{rel}","templated":true}]}}