{"id":1514686,"date":"2026-01-28T09:11:10","date_gmt":"2026-01-28T06:11:10","guid":{"rendered":"https:\/\/analyse.optim.biz\/?p=1514686"},"modified":"2026-01-28T09:11:10","modified_gmt":"2026-01-28T06:11:10","slug":"el-abandono-educativo-cae-en-espana-a-un-historico-128-gracias-al-tiron-de-las-mujeres","status":"publish","type":"post","link":"https:\/\/analyse.optim.biz\/?p=1514686","title":{"rendered":"El abandono educativo cae en Espa\u00f1a a un hist\u00f3rico 12,8% gracias al tir\u00f3n de las mujeres"},"content":{"rendered":"<article id=\"main-content\" class=\"a _g _g-lg _g-o\">\n<header class=\"a_e _g _g-xs\">\n<div class=\"a_e_txt _df\">\n<div class=\"a_k _df\"><a class=\"a_k_n\" href=\"https:\/\/elpais.com\/educacion\/\">Educaci\u00f3n<\/a><\/div>\n<h1 class=\"a_t\">El abandono educativo cae en Espa\u00f1a a un hist\u00f3rico 12,8% gracias al tir\u00f3n de las mujeres<\/h1>\n<p class=\"a_st\">El pa\u00eds reduce al m\u00ednimo su tradicional distancia respecto a la Uni\u00f3n Europea. La tasa espa\u00f1ola alcanzaba el 32% al inicio de la crisis financiera de 2008<\/p>\n<\/div>\n<div class=\"a_e_m\">\n<figure class=\"a_m a_m-h \"><span class=\"a_m_w _db\"><img fetchpriority=\"high\" decoding=\"async\" class=\"_re  a_m-h\" height=\"281\" width=\"414\" src=\"https:\/\/analyse.optim.biz\/wp-content\/uploads\/2026\/01\/zacw7q5eordt3prftjjj26t4km-1.jpg\" loading=\"eager\" title=\"zacw7q5eordt3prftjjj26t4km-1\"><\/span><figcaption class=\"a_m_p\" aria-hidden=\"true\"><span>J\u00f3venes estudian en una biblioteca de Barcelona.<\/span><span class=\"a_m_m\">Gianluca Battista<\/span><\/figcaption><\/figure>\n<\/div>\n<\/header>\n<div class=\"a_md _g _g-xs \">\n<figure class=\"a_md_i a_m-h c_m--nf\"><span class=\"a_m_w _db\"><img decoding=\"async\" alt=\"Ignacio Zafra\" class=\"_re lazyload a_m-h\" height=\"100\" width=\"100\" src=\"https:\/\/analyse.optim.biz\/wp-content\/uploads\/2026\/01\/https3a2f2fs3-amazonaws-com2farc-authors2fprisa2f4d89325c-7f93-4b69-b7eb-b1b3b272c02d-2.jpg\" loading=\"lazy\" title=\"https3a2f2fs3-amazonaws-com2farc-authors2fprisa2f4d89325c-7f93-4b69-b7eb-b1b3b272c02d-2\"><\/span><\/figure>\n<div class=\"a_md_txt\">\n<div class=\"a_md_a\" data-dtm-region=\"articulo_firma\"><a href=\"https:\/\/elpais.com\/autor\/ignacio-zafra\/#?rel=author_top\" title=\"Ver todas las noticias de Ignacio Zafra\" class=\"a_md_a_n\">Ignacio Zafra<\/a><\/div>\n<div class=\"a_md_f\"><span>Valencia &#8211; <a href=\"https:\/\/elpais.com\/hemeroteca\/2026-01-28\/\" data-date=\"2026-01-28T10:11:10+01:00\"><time data-date=\"2026-01-28T10:11:10+01:00\" datetime=\"2026-01-28T10:11:10+01:00\" id=\"article_date_p\">28 ene 2026 &#8211; 10:11<\/time><\/a><\/span><span><time class=\"sg\" id=\"article_date_u\" data-date=\"2026-01-28T16:03:03+01:00\" datetime=\"2026-01-28T16:03:03+01:00\"><abbr id=\"act_abb\" title=\"actualizado\">Actualizado: <\/abbr>28 ene 2026 &#8211; 16:03<abbr title=\"Central European Time\">CET<\/abbr><\/time><\/span><\/div>\n<div class=\"w_rs\" data-dtm-region=\"articulo_botonera-social\">\n<div class=\"w_rs_i\"><a class=\"_btn hidden\" href=\"\/\/send?text=El%20abandono%20educativo%20cae%20en%20Espa%C3%B1a%20a%20un%20hist%C3%B3rico%2012%2C8%25%20gracias%20al%20tir%C3%B3n%20de%20las%20mujeres%0D%0A%0D%0Ahttps%3A%2F%2Felpais.com%2Feducacion%2F2026-01-28%2Fel-abandono-educativo-cae-en-espana-a-un-historico-128-gracias-al-tiron-de-las-mujeres.html%3Fssm=whatsapp_CC\" data-action=\"share\/whatsapp\/share\" data-param-description=\"El abandono educativo cae en Espa\u00f1a a un hist\u00f3rico 12,8% gracias al tir\u00f3n de las mujeres\" data-param-href=\"https:\/\/elpais.com\/educacion\/2026-01-28\/el-abandono-educativo-cae-en-espana-a-un-historico-128-gracias-al-tiron-de-las-mujeres.html\" data-param-text=\"El abandono educativo cae en Espa\u00f1a a un hist\u00f3rico 12,8% gracias al tir\u00f3n de las mujeres https:\/\/elpais.com\/educacion\/2026-01-28\/el-abandono-educativo-cae-en-espana-a-un-historico-128-gracias-al-tiron-de-las-mujeres.html\" data-param-url=\"https:\/\/elpais.com\/educacion\/2026-01-28\/el-abandono-educativo-cae-en-espana-a-un-historico-128-gracias-al-tiron-de-las-mujeres.html\" target=\"_blank\" rel=\"noopener noreferrer\" data-share-track-dtm=\"whatsapp\" id=\"btn_share_whatsapp_562\"><span class=\"_sr\">Compartir en Whatsapp<\/span><\/a><\/div>\n<div class=\"w_rs_i\"><a class=\"_btn \" href=\"https:\/\/www.facebook.com\/dialog\/share?display=popup&amp;app_id=94039431626&amp;href=https%3A%2F%2Felpais.com%2Feducacion%2F2026-01-28%2Fel-abandono-educativo-cae-en-espana-a-un-historico-128-gracias-al-tiron-de-las-mujeres.html%3Fssm=FB_CC&amp;quote=El%20abandono%20educativo%20cae%20en%20Espa%C3%B1a%20a%20un%20hist%C3%B3rico%2012%2C8%25%20gracias%20al%20tir%C3%B3n%20de%20las%20mujeres\" data-param-app_id=\"94039431626\" data-param-description=\"El abandono educativo cae en Espa\u00f1a a un hist\u00f3rico 12,8% gracias al tir\u00f3n de las mujeres\" data-param-href=\"https:\/\/elpais.com\/educacion\/2026-01-28\/el-abandono-educativo-cae-en-espana-a-un-historico-128-gracias-al-tiron-de-las-mujeres.html\" data-param-text=\"El abandono educativo cae en Espa\u00f1a a un hist\u00f3rico 12,8% gracias al tir\u00f3n de las mujeres\" data-param-url=\"https:\/\/elpais.com\/educacion\/2026-01-28\/el-abandono-educativo-cae-en-espana-a-un-historico-128-gracias-al-tiron-de-las-mujeres.html\" target=\"_blank\" rel=\"noopener noreferrer\" data-share-track-dtm=\"facebook\" id=\"btn_share_facebook_562\"><span class=\"_sr\">Compartir en Facebook<\/span><\/a><\/div>\n<div class=\"w_rs_i\"><a class=\"_btn \" href=\"https:\/\/twitter.com\/intent\/tweet?url=https%3A%2F%2Felpais.com%2Feducacion%2F2026-01-28%2Fel-abandono-educativo-cae-en-espana-a-un-historico-128-gracias-al-tiron-de-las-mujeres.html%3Fssm=TW_CC&amp;text=El%20abandono%20educativo%20cae%20en%20Espa%C3%B1a%20a%20un%20hist%C3%B3rico%2012%2C8%25%20gracias%20al%20tir%C3%B3n%20de%20las%20mujeres&amp;via=el_pais&amp;lang=es\" data-param-description=\"El abandono educativo cae en Espa\u00f1a a un hist\u00f3rico 12,8% gracias al tir\u00f3n de las mujeres\" data-param-href=\"https:\/\/elpais.com\/educacion\/2026-01-28\/el-abandono-educativo-cae-en-espana-a-un-historico-128-gracias-al-tiron-de-las-mujeres.html\" data-param-text=\"El abandono educativo cae en Espa\u00f1a a un hist\u00f3rico 12,8% gracias al tir\u00f3n de las mujeres via @el_pais\" data-param-url=\"https:\/\/elpais.com\/educacion\/2026-01-28\/el-abandono-educativo-cae-en-espana-a-un-historico-128-gracias-al-tiron-de-las-mujeres.html\" target=\"_blank\" rel=\"noopener noreferrer\" data-share-track-dtm=\"twitter\" id=\"btn_share_twitter_562\"><span class=\"_sr\">Compartir en Twitter<\/span><\/a><\/div>\n<div class=\"w_rs_i\"><a class=\"_btn \" href=\"https:\/\/bsky.app\/intent\/compose?text=https%3A%2F%2Felpais.com%2Feducacion%2F2026-01-28%2Fel-abandono-educativo-cae-en-espana-a-un-historico-128-gracias-al-tiron-de-las-mujeres.html%3Fssm=bsky_CC\" data-param-description=\"El abandono educativo cae en Espa\u00f1a a un hist\u00f3rico 12,8% gracias al tir\u00f3n de las mujeres\" data-param-href=\"https:\/\/elpais.com\/educacion\/2026-01-28\/el-abandono-educativo-cae-en-espana-a-un-historico-128-gracias-al-tiron-de-las-mujeres.html\" data-param-text=\"El abandono educativo cae en Espa\u00f1a a un hist\u00f3rico 12,8% gracias al tir\u00f3n de las mujeres\" data-param-url=\"https:\/\/elpais.com\/educacion\/2026-01-28\/el-abandono-educativo-cae-en-espana-a-un-historico-128-gracias-al-tiron-de-las-mujeres.html\" target=\"_blank\" rel=\"noopener noreferrer\" data-share-track-dtm=\"bluesky\" id=\"btn_share_bluesky_562\"><span class=\"_sr\">Compartir en Bluesky<\/span><\/a><\/div>\n<div class=\"w_rs_i\"><a class=\"_btn \" href=\"https:\/\/www.linkedin.com\/sharing\/share-offsite\/?url=https%3A%2F%2Felpais.com%2Feducacion%2F2026-01-28%2Fel-abandono-educativo-cae-en-espana-a-un-historico-128-gracias-al-tiron-de-las-mujeres.html%3Fssm=LK_CC\" data-param-description=\"El abandono educativo cae en Espa\u00f1a a un hist\u00f3rico 12,8% gracias al tir\u00f3n de las mujeres\" data-param-href=\"https:\/\/elpais.com\/educacion\/2026-01-28\/el-abandono-educativo-cae-en-espana-a-un-historico-128-gracias-al-tiron-de-las-mujeres.html\" data-param-text=\"El abandono educativo cae en Espa\u00f1a a un hist\u00f3rico 12,8% gracias al tir\u00f3n de las mujeres\" data-param-url=\"https:\/\/elpais.com\/educacion\/2026-01-28\/el-abandono-educativo-cae-en-espana-a-un-historico-128-gracias-al-tiron-de-las-mujeres.html\" target=\"_blank\" rel=\"noopener noreferrer\" data-share-track-dtm=\"linkedin\" id=\"btn_share_linkedin_562\"><span class=\"_sr\">Compartir en Linkedin<\/span><\/a><\/div>\n<div class=\"w_rs_i\"><a class=\"_btn rs_l\" href=\"https:\/\/elpais.com\/educacion\/2026-01-28\/el-abandono-educativo-cae-en-espana-a-un-historico-128-gracias-al-tiron-de-las-mujeres.html#?prm=copy_link\" data-share-track-dtm=\"copiar_url\" id=\"btn_share_link_63\"><span class=\"_sr\">Copiar enlace<\/span><\/a><\/div>\n<div class=\"w_rs_i\"><a class=\"_btn rs_c\" href=\"https:\/\/elpais.com\/educacion\/2026-01-28\/el-abandono-educativo-cae-en-espana-a-un-historico-128-gracias-al-tiron-de-las-mujeres.html#comments_container\" aria-expanded=\"false\" aria-controls=\"me-c\" data-share-track-dtm=\"eskup\" id=\"btn_share_comments_63\"><span class=\"_sr\">Ir a los comentarios<\/span><\/a><\/div>\n<\/div>\n<\/div>\n<\/div>\n<div class=\"a_c clearfix\" data-dtm-region=\"articulo_cuerpo\">\n<p class>El abandono educativo temprano ha bajado en Espa\u00f1a a un hist\u00f3rico 12,8% en 2025, dos d\u00e9cimas menos <a href=\"https:\/\/elpais.com\/educacion\/2025-01-28\/espana-reduce-al-minimo-historico-el-abandono-educativo-gracias-a-la-fp-y-los-programas-de-refuerzo.html#?rel=mas\" target=\"_self\" rel title=\"https:\/\/elpais.com\/educacion\/2025-01-28\/espana-reduce-al-minimo-historico-el-abandono-educativo-gracias-a-la-fp-y-los-programas-de-refuerzo.html#?rel=mas\">que un a\u00f1o antes<\/a>, seg\u00fan ha informado este mi\u00e9rcoles el Ministerio de Educaci\u00f3n. La tasa, uno de los indicadores m\u00e1s fiables sobre la solidez de un sistema educativo, calcula el porcentaje de j\u00f3venes de 20 a 24 a\u00f1os que han terminado como mucho la Educaci\u00f3n Secundaria Obligatoria (ESO) y no est\u00e1n estudiando. En 2015, todav\u00eda se situaba en el 20%. Y en 2008, a las puertas de la gran crisis financiera que cambi\u00f3 la visi\u00f3n de la sociedad espa\u00f1ola sobre la necesidad de contar con estudios, alcanzaba el 31,7%. <\/p>\n<p class>Los expertos, como Miquel \u00c0ngel Alegre, de la Fundaci\u00f3 Bofill, celebran los datos, \u201cespecialmente en un contexto en el que no ha dejado de complejizarse <a href=\"https:\/\/elpais.com\/educacion\/2025-09-01\/arranca-el-curso-mas-diverso-uno-de-cada-cuatro-alumnos-de-primaria-ya-es-extranjero-en-los-colegios-publicos-de-siete-provincias.html\" target=\"_self\" rel title=\"https:\/\/elpais.com\/educacion\/2025-09-01\/arranca-el-curso-mas-diverso-uno-de-cada-cuatro-alumnos-de-primaria-ya-es-extranjero-en-los-colegios-publicos-de-siete-provincias.html\">la composici\u00f3n social y por inmigraci\u00f3n del alumnado espa\u00f1ol<\/a>\u201d. Pero advierten de que a medida que el abandono desciende en general se va enquistando en los sectores m\u00e1s vulnerables y crece la brecha entre chicas y chicos, <a href=\"https:\/\/elpais.com\/educacion\/2025-08-17\/las-chicas-sacan-cada-vez-mas-ventaja-a-los-chicos-en-educacion-para-algunos-estudiar-resta-masculinidad.html\" target=\"_self\" rel title=\"https:\/\/elpais.com\/educacion\/2025-08-17\/las-chicas-sacan-cada-vez-mas-ventaja-a-los-chicos-en-educacion-para-algunos-estudiar-resta-masculinidad.html\">debido a las peores tasas de \u00e9xito educativo de estos<\/a>.<\/p>\n<div class=\"a_gph\">\n<div>\n<div id=\"datawrapper-vis-L6ROC\"><img decoding=\"async\" src=\"https:\/\/analyse.optim.biz\/wp-content\/uploads\/2026\/01\/full-23.png\" alt=\"L\u00edneas\" title=\"full-23\"><\/div>\n<\/div>\n<\/div>\n<p class>A pesar de la buena evoluci\u00f3n que ha experimentado en los \u00faltimos a\u00f1os, el abandono en Espa\u00f1a contin\u00faa siendo, por otra parte, uno de los m\u00e1s altos de la Uni\u00f3n Europea, que en 2024 (el dato de 2025 todav\u00eda no se ha publicado) se situaba en el 9,4%. Se trata, con todo, de la menor diferencia de la serie hist\u00f3rica, de 3,4 puntos. En 2020 esta todav\u00eda alcanzaba los 6. El objetivo europeo es reducir la tasa por debajo del 9% en el a\u00f1o 2030.<\/p>\n<p class>Una de las claves de la mejora en Espa\u00f1a <a href=\"https:\/\/elpais.com\/educacion\/2026-01-22\/la-fp-privada-crece-el-doble-de-rapido-que-la-publica-miles-de-jovenes-pagan-hasta-9000-euros-por-cursar-una-titulacion.html\" target=\"_self\" rel title=\"https:\/\/elpais.com\/educacion\/2026-01-22\/la-fp-privada-crece-el-doble-de-rapido-que-la-publica-miles-de-jovenes-pagan-hasta-9000-euros-por-cursar-una-titulacion.html\">es el despegue de la Formaci\u00f3n Profesional<\/a>, que ha ganado 344.073 estudiantes en los \u00faltimos seis a\u00f1os y que seg\u00fan la previsi\u00f3n del Ministerio de Educaci\u00f3n alcanzar\u00e1 este curso los 1.181.272 alumnos. Otra, la recuperaci\u00f3n de programas espec\u00edficos destinados a reducir el fracaso escolar, <a href=\"https:\/\/elpais.com\/educacion\/2025-12-29\/el-programa-educativo-para-el-alumnado-vulnerable-que-elimino-rajoy-lleva-ahora-el-exito-academico-a-3000-colegios-e-institutos.html\" target=\"_self\" rel title=\"https:\/\/elpais.com\/educacion\/2025-12-29\/el-programa-educativo-para-el-alumnado-vulnerable-que-elimino-rajoy-lleva-ahora-el-exito-academico-a-3000-colegios-e-institutos.html\">como el PROA+<\/a> y el aumento de las becas para estudios postobligatorios.<\/p>\n<p class>En un contexto de crecimiento econ\u00f3mico, la tradicional diferencia en abandono entre mujeres (9,5%) y hombres (15,9%) se ha ensanchado en 2025: la de ellas se reducido 0,5 puntos porcentuales, mientras la de los chicos crec\u00eda un 0,2. El dato por nacionalidad todav\u00eda no est\u00e1 disponible, pero el \u00faltimo, de 2024, muestra gran distancia entre el abandono de los j\u00f3venes de nacionalidad espa\u00f1ola (10,4%) y el de los extranjeros que viven en el pa\u00eds (29,6%).<\/p>\n<p class>Dentro del terreno positivo, Miquel \u00c0ngel Alegre destaca que est\u00e1 \u201cdisoci\u00e1ndose el nivel de abandono del ciclo econ\u00f3mico y laboral de los distintos territorios de Espa\u00f1a\u201d. Hist\u00f3ricamente, en las \u00e9pocas y en las comunidades aut\u00f3nomas en las que hab\u00eda \u201cmayor empleo precario juvenil\u201d (empleos sin cualificar en la construcci\u00f3n o de camareros, por ejemplo), hab\u00eda m\u00e1s abandono. Y, en cambio, en las etapas y regiones con m\u00e1s paro juvenil, \u201chab\u00eda menos abandono, porque la escuela actuaba como un espacio refugio ante un mercado laboral colapsado para los j\u00f3venes\u201d. Los datos reflejan que esto est\u00e1 cambiando, en parte porque el propio mercado laboral espa\u00f1ol se ha transformado (cada vez es m\u00e1s dif\u00edcil encontrar empleo no cualificado), porque las familias est\u00e1n m\u00e1s concienciadas de la importancia de los estudios (y se lo transmiten a sus hijos), y porque las pol\u00edticas educativas se han reforzado en este campo. <\/p>\n<h3 class>Un abismo territorial<\/h3>\n<p class>La brecha entre unas comunidades aut\u00f3nomas y otras sigue siendo enorme, con Murcia (20% de abandono) en un extremo y Euskadi (3,6%) en el otro.<\/p>\n<div class=\"a_gph\">\n<div>\n<div id=\"datawrapper-vis-1RO4l\"><img decoding=\"async\" src=\"https:\/\/analyse.optim.biz\/wp-content\/uploads\/2026\/01\/full-24.png\" alt=\"Gr\u00e1fico de barras\" title=\"full-24\"><\/div>\n<\/div>\n<\/div>\n<p class>Educaci\u00f3n advierte de que hay que tomar con precauci\u00f3n los datos territoriales, especialmente los de comunidades aut\u00f3nomas que no son muy grandes, debido a que los tama\u00f1os muestrales peque\u00f1os (la informaci\u00f3n sobre abandono proviene de la Encuesta de Poblaci\u00f3n Activa, la EPA) pueden dar lugar a errores. El Pa\u00eds Vasco, por ejemplo, se sit\u00faa casi todos los a\u00f1os como el territorio con menor abandono, pero el dato de 2025 resulta especialmente bajo (casi la mitad que el de 2023).<\/p>\n<h3 class>Razones no solo educativas<\/h3>\n<p class>En todo caso, se\u00f1ala Ainara Zubillaga, el caso vasco y el abismo que lo separa del de Murcia, tienen causas estructurales que van m\u00e1s all\u00e1 del sistema educativo, porque abarcan tambi\u00e9n el tejido econ\u00f3mico, y sirven para entender los desequilibrios territoriales.<\/p>\n<p class>De un lado est\u00e1 el efecto de la Formaci\u00f3n Profesional, un elemento clave en la reducci\u00f3n del abandono educativo temprano al plantear \u201coportunidades educativas diferentes a la trayectoria acad\u00e9mica m\u00e1s tradicional\u201d de la que una parte de los chavales se sienten desconectados, afirma Zubillaga. Y el ejemplo de Euskadi resulta en este sentido paradigm\u00e1tico. \u201cEn el Pa\u00eds Vasco, la FP est\u00e1 metida en el ADN del sistema educativo y del sistema productivo. Y eso hace los chavales que no encajan en el modelo m\u00e1s acad\u00e9mico vean esas oportunidades mucho m\u00e1s reales, viables, al alcance de su mano. Cuando la FP no est\u00e1 tan imbricada en el sistema educativo ni en el sistema laboral, verla como una oportunidad es, en cambio, m\u00e1s complejo\u201d.<\/p>\n<p class>Hay adem\u00e1s, prosigue Zubillaga, otros dos factores que explican la disparidad auton\u00f3mica. Primero, las diferentes realidades econ\u00f3micas: las zonas con m\u00e1s potencia de la industria llevan ventaja, por la larga relaci\u00f3n entre esta y los estudios de FP, frente a regiones con m\u00e1s peso de la agricultura o la hosteler\u00eda, que suelen ser reductos de empleos poco cualificados. Y segundo, por el distinto nivel de riqueza de la sociedad, ya que abundante investigaci\u00f3n educativa ha acreditado \u201cque cuanto m\u00e1s bajo es el nivel sociocultural de las familias, mayor probabilidad hay de repeticiones de curso y abandono educativo\u201d, se\u00f1ala.<\/p>\n<h3 class>C\u00f3mo mejorar<\/h3>\n<p class>El responsable del gabinete de estudios de la Federaci\u00f3n de Ense\u00f1anza de CC OO, Alonso Guti\u00e9rrez, se\u00f1ala tres elementos para seguir reduciendo el abandono. Avanzar en \u201cel \u00e9xito de todo el alumnado en la educaci\u00f3n obligatoria\u201d, dado que en 2024 un 20% de los j\u00f3venes de 20 a 24 a\u00f1os no ten\u00edan ni el t\u00edtulo de la ESO, \u201cuna circunstancia que se entiende tan poco en el \u00e1mbito europeo que ni siquiera hay datos comparativos\u201d. Reducir el porcentaje de chavales que dejan los ciclos de grado medio de Formaci\u00f3n Profesional sin terminar, que ronda el 30%, el m\u00e1s alto del sistema. Y ampliar las plazas p\u00fablicas de FP, para evitar que se queden sin posibilidad de seguir estudiando aquellos que m\u00e1s dif\u00edcil lo tienen por falta de recursos.<\/p>\n<p class>A Espa\u00f1a, concluye Alegre, director del proyectos de la Fundaci\u00f3 Bofill, le costar\u00e1 cada vez m\u00e1s seguir reduciendo el abandono porque este va concentr\u00e1ndose en los colectivos y centros educativos m\u00e1s vulnerables. Para continuar avanzando, el soci\u00f3logo apunta apunta varias medidas m\u00e1s: \u201cSeguir ampliando la cobertura y los importes de las becas, reforzar m\u00e1s programas como PROA+, actuando sobre los centros que m\u00e1s necesidades concentran, continuar luchando contra la segregaci\u00f3n escolar, y potenciar las llamadas pol\u00edticas de segundas oportunidades, que ofrecen v\u00edas de reenganche educativo a los j\u00f3venes que en su d\u00eda abandonaron los estudios y tampoco est\u00e1n trabajando\u201d.<\/p>\n<\/div>\n<div id=\"me-dis\" class=\"me _pf\">\n<div class=\"me_bg\">\n<div class=\"me-dis _pa _df\">\n<div class=\"me-dis_c\">\n<h2 class=\"me-dis_t\">Tu suscripci\u00f3n se est\u00e1 usando en otro dispositivo<\/h2>\n<p>\u00bfQuieres a\u00f1adir otro usuario a tu suscripci\u00f3n?<\/p>\n<div class=\"me-dis_l\"><a href=\"https:\/\/elpais.com\/suscripciones\/premium\/upgrade\/?utm_source=autopromo&amp;utm_medium=interno&amp;utm_campaign=YYYY_MM_capping_upgrade\" id=\"capping-upgrade\" class=\"btn\">A\u00f1adir usuario<\/a><a href=\"https:\/\/elpais.com\/educacion\/2026-01-28\/el-abandono-educativo-cae-en-espana-a-un-historico-128-gracias-al-tiron-de-las-mujeres.html\" id=\"capping-continue\" class=\"btn btn-b\">Continuar leyendo aqu\u00ed<\/a><\/div>\n<p>Si contin\u00faas leyendo en este dispositivo, no se podr\u00e1 leer en el otro.<\/p>\n<p class=\"lk\"><a href=\"https:\/\/elpais.com\/educacion\/2026-01-28\/el-abandono-educativo-cae-en-espana-a-un-historico-128-gracias-al-tiron-de-las-mujeres.html\" id=\"capping-show-more-button\">\u00bfPor qu\u00e9 est\u00e1s viendo esto?<\/a><\/p>\n<p><span class=\"arrow\" id=\"capping-arrow\">Flecha<\/span><\/p>\n<div class=\"me-dis_d\">\n<div class=\"me-dis_d_t\">\n<h2 class=\"enc\">Tu suscripci\u00f3n se est\u00e1 usando en otro dispositivo y solo puedes acceder a EL PA\u00cdS desde un dispositivo a la vez.<\/h2>\n<div class=\"tx\">\n<p>Si quieres compartir tu cuenta, cambia tu suscripci\u00f3n a la modalidad Premium, as\u00ed podr\u00e1s a\u00f1adir otro usuario. Cada uno acceder\u00e1 con su propia cuenta de email, lo que os permitir\u00e1 personalizar vuestra experiencia en EL PA\u00cdS.<\/p>\n<p>\u00bfTienes una suscripci\u00f3n de empresa? Accede <a target=\"_blank\" rel=\"noreferrer\" href=\"https:\/\/elpais.com\/suscripciones\/premium\/upgrade\/\">aqu\u00ed<\/a> para contratar m\u00e1s cuentas.<\/p>\n<p>En el caso de no saber qui\u00e9n est\u00e1 usando tu cuenta, te recomendamos cambiar tu contrase\u00f1a <a target=\"_blank\" rel=\"noreferrer\" href=\"https:\/\/elpais.com\/subscriptions\/#\/forgot-password\">aqu\u00ed.<\/a><\/p>\n<p>Si decides continuar compartiendo tu cuenta, este mensaje se mostrar\u00e1 en tu dispositivo y en el de la otra persona que est\u00e1 usando tu cuenta de forma indefinida, afectando a tu experiencia de lectura. Puedes <a target=\"_blank\" rel=\"noreferrer\" href=\"https:\/\/elpais.com\/suscripciones\/condiciones-generales-servicios\/\">consultar aqu\u00ed los t\u00e9rminos y condiciones de la suscripci\u00f3n digital.<\/a><\/p>\n<\/div>\n<\/div>\n<\/div>\n<\/div>\n<\/div>\n<\/div>\n<\/div>\n<aside class=\"w w-sea\">\n<h2 class=\"w_t\">Sobre la firma<\/h2>\n<div class=\"w_b\">\n<div class=\"_g _g-xs\">\n<figure class=\"w-sea_f a_m-h c_m--nf\"><span class=\"a_m_w _db\"><img decoding=\"async\" alt=\"Ignacio Zafra\" class=\"_re lazyload a_m-h\" height=\"100\" width=\"100\" src=\"https:\/\/analyse.optim.biz\/wp-content\/uploads\/2026\/01\/https3a2f2fs3-amazonaws-com2farc-authors2fprisa2f4d89325c-7f93-4b69-b7eb-b1b3b272c02d-2.jpg\" loading=\"lazy\" title=\"https3a2f2fs3-amazonaws-com2farc-authors2fprisa2f4d89325c-7f93-4b69-b7eb-b1b3b272c02d-2\"><\/span><\/figure>\n<div class=\"w-sea_txt\">\n<div class=\"_df\">\n<div class=\"w-sea_txt_na\"><a href=\"https:\/\/elpais.com\/autor\/ignacio-zafra\/\" rel=\"autor_bottom\">Ignacio Zafra<\/a><\/div>\n<div class=\"w_rs_i\"><a class=\"_btn \" href=\"http:\/\/twitter.com\/#!\/I_Zafra\" target=\"_blank\" rel=\"noopener noreferrer\"><span class=\"_sr\">Ignacio Zafra &#8211; twitter<\/span><\/a><\/div>\n<\/div>\n<div class=\"w-sea_txt_da _dn\">Es redactor de la secci\u00f3n de Sociedad del diario EL PA\u00cdS y est\u00e1 especializado en temas de pol\u00edtica educativa. Ha desarrollado su carrera en EL PA\u00cdS. Es licenciado en Derecho por la Universidad de Valencia y M\u00e1ster de periodismo por la Universidad Aut\u00f3noma de Madrid y EL PA\u00cdS. <\/div>\n<\/div>\n<\/div>\n<\/div>\n<\/aside>\n<aside class=\"w w-fid\">\n<div class=\"w_b\">\n<div class=\"w-fid_t\"><a href=\"https:\/\/plus.elpais.com\/newsletters\/lnp\/1\/388\/#?prm=not_newsletters_educacion\">Recibe el bolet\u00edn de educaci\u00f3n<\/a><\/div>\n<div class=\"w-fid_s\">\n<div class=\"w_rs\">\n<div class=\"w_rs_i\"><a class=\"_btn\" href=\"https:\/\/www.facebook.com\/elpais\" rel=\"nofollow\"><span class=\"_sr\">Educacion El Pa\u00eds en Facebook<\/span><\/a><\/div>\n<div class=\"w_rs_i\"><a class=\"_btn\" href=\"https:\/\/www.instagram.com\/el_pais\/\" rel=\"nofollow\"><span class=\"_sr\">Educacion El Pa\u00eds en Instagram<\/span><\/a><\/div>\n<div class=\"w_rs_i\"><a class=\"_btn\" href=\"https:\/\/twitter.com\/el_pais\" rel=\"nofollow\"><span class=\"_sr\">Educacion El Pa\u00eds en Twitter<\/span><\/a><\/div>\n<\/div>\n<\/div>\n<\/div>\n<\/aside>\n<aside class=\"a_com w w-com _df\"><a class=\"a_com_l\" href=\"https:\/\/elpais.com\/info\/normas-de-participacion\/\">Normas \u203a<\/a><\/aside>\n<div class=\"me _pf\" id=\"me-c\">\n<div class=\"me_bg\">\n<div class=\"me-c _pa\" id=\"comments_container\" data-dtm-region=\"articulo_comentarios\">\n<div class=\"me_f me_f-os me_cc\"><a href=\"https:\/\/plus.elpais.com\/perfil\/actividad\/\">Mis comentarios<\/a><a href=\"https:\/\/elpais.com\/info\/normas-de-participacion\/\">Normas<\/a><\/div>\n<div class=\"me_f me_f-ns\"><span class=\"me_f_txt _db\">Rellena tu <b>nombre y apellido<\/b> para comentar<\/span><a href=\"https:\/\/plus.elpais.com\/autorization.html\/?prod=COM&amp;backURL=https%3A%2F%2Felpais.com%2Feducacion%2F2026-01-28%2Fel-abandono-educativo-cae-en-espana-a-un-historico-128-gracias-al-tiron-de-las-mujeres.html\" class=\"btn btn-2\">completar datos<\/a><\/div>\n<div class=\"me_f\" id=\"comments_msg\"><a class=\"btn btn-2\" href=\"https:\/\/elpais.com\/suscripciones\/#\/campaign?prod=SUSDIGCRART&amp;o=COM&amp;prm=suscrip_articulo_comentarios_el-pais&amp;backURL=https%3A%2F%2Felpais.com%2Feducacion%2F2026-01-28%2Fel-abandono-educativo-cae-en-espana-a-un-historico-128-gracias-al-tiron-de-las-mujeres.html\" id=\"comments_subscribe_link\" data-link-am=\"https:\/\/elpais.com\/suscripciones\/america\/#\/campaign?prod=SUSDIGCRARTAM&amp;o=COMAM&amp;prm=suscrip_articulo_comentarios_el-pais-america&amp;backURL=https%3A%2F%2Felpais.com%2Feducacion%2F2026-01-28%2Fel-abandono-educativo-cae-en-espana-a-un-historico-128-gracias-al-tiron-de-las-mujeres.html\" data-link-mx=\"https:\/\/elpais.com\/suscripciones\/america\/#\/campaign?prod=SUSDIGMX&amp;o=COMMX&amp;prm=suscrip_articulo_comentarios_el-pais-mexico&amp;backURL=https%3A%2F%2Felpais.com%2Feducacion%2F2026-01-28%2Fel-abandono-educativo-cae-en-espana-a-un-historico-128-gracias-al-tiron-de-las-mujeres.html\" data-link-co=\"https:\/\/elpais.com\/suscripciones\/america\/#\/campaign?prod=SUSDIGCOL&amp;o=COMCOL&amp;prm=suscrip_articulo_comentarios_el-pais_colombia&amp;backURL=https%3A%2F%2Felpais.com%2Feducacion%2F2026-01-28%2Fel-abandono-educativo-cae-en-espana-a-un-historico-128-gracias-al-tiron-de-las-mujeres.html\" data-link-ar=\"https:\/\/elpais.com\/suscripciones\/america\/#\/campaign?prod=SUSDIGCRARTAR&amp;o=COMAR&amp;backURL=https%3A%2F%2Felpais.com%2Feducacion%2F2026-01-28%2Fel-abandono-educativo-cae-en-espana-a-un-historico-128-gracias-al-tiron-de-las-mujeres.html\" data-link-cl=\"https:\/\/elpais.com\/suscripciones\/america\/#\/campaign?prod=SUSDIGCHILE&amp;o=COMCHILE&amp;backURL=https%3A%2F%2Felpais.com%2Feducacion%2F2026-01-28%2Fel-abandono-educativo-cae-en-espana-a-un-historico-128-gracias-al-tiron-de-las-mujeres.html\" data-link-us=\"https:\/\/elpais.com\/suscripciones\/america\/#\/campaign?prod=SUSDIGCRARTEUCAN&amp;o=COMUS&amp;prm=suscrip_articulo_comentarios_el-pais_eucan&amp;backURL=https%3A%2F%2Felpais.com%2Feducacion%2F2026-01-28%2Fel-abandono-educativo-cae-en-espana-a-un-historico-128-gracias-al-tiron-de-las-mujeres.html\">Suscr\u00edbete en El Pa\u00eds para participar<\/a><a class=\"btn btn-3\" href=\"https:\/\/elpais.com\/subscriptions\/#\/sign-in?prod=REG&amp;o=COM&amp;prm=login_articulo_comentarios_el-pais&amp;backURL=https%3A%2F%2Felpais.com%2Feducacion%2F2026-01-28%2Fel-abandono-educativo-cae-en-espana-a-un-historico-128-gracias-al-tiron-de-las-mujeres.html\" id=\"comments_login_link\" data-link-am=\"https:\/\/elpais.com\/subscriptions\/#\/sign-in?prod=REG&amp;o=COM&amp;prm=login_articulo_comentarios_el-pais-america&amp;backURL=https%3A%2F%2Felpais.com%2Feducacion%2F2026-01-28%2Fel-abandono-educativo-cae-en-espana-a-un-historico-128-gracias-al-tiron-de-las-mujeres.html\" data-link-mx=\"https:\/\/elpais.com\/subscriptions\/#\/sign-in?prod=REG&amp;o=COM&amp;prm=login_articulo_comentarios_el-pais-mexico&amp;backURL=https%3A%2F%2Felpais.com%2Feducacion%2F2026-01-28%2Fel-abandono-educativo-cae-en-espana-a-un-historico-128-gracias-al-tiron-de-las-mujeres.html\" data-link-co=\"https:\/\/elpais.com\/subscriptions\/#\/sign-in?prod=REG&amp;o=COM&amp;backURL=https%3A%2F%2Felpais.com%2Feducacion%2F2026-01-28%2Fel-abandono-educativo-cae-en-espana-a-un-historico-128-gracias-al-tiron-de-las-mujeres.html\" data-link-ar=\"https:\/\/elpais.com\/subscriptions\/#\/sign-in?prod=REG&amp;o=COM&amp;backURL=https%3A%2F%2Felpais.com%2Feducacion%2F2026-01-28%2Fel-abandono-educativo-cae-en-espana-a-un-historico-128-gracias-al-tiron-de-las-mujeres.html\" data-link-cl=\"https:\/\/elpais.com\/subscriptions\/#\/sign-in?prod=REG&amp;o=COM&amp;backURL=https%3A%2F%2Felpais.com%2Feducacion%2F2026-01-28%2Fel-abandono-educativo-cae-en-espana-a-un-historico-128-gracias-al-tiron-de-las-mujeres.html\" data-link-us=\"https:\/\/elpais.com\/subscriptions\/#\/sign-in?prod=REG&amp;o=COM&amp;backURL=https%3A%2F%2Felpais.com%2Feducacion%2F2026-01-28%2Fel-abandono-educativo-cae-en-espana-a-un-historico-128-gracias-al-tiron-de-las-mujeres.html\">Ya tengo una suscripci\u00f3n<\/a><\/div>\n<p>Please enable JavaScript to view the &lt;a href=&#8221;https:\/\/disqus.com\/?ref_noscript&#8221; rel=&#8221;nofollow&#8221;&gt; comments powered by Disqus.&lt;\/a&gt;<\/p><\/div>\n<\/div>\n<\/div>\n<aside class=\"w w-rel\" data-dtm-region=\"articulo_mas-informacion\">\n<h2 class=\"w_t\">M\u00e1s informaci\u00f3n<\/h2>\n<ul class=\"w_b _ls\">\n<li class=\"_g _g-xs w-rel_n\">\n<div class=\" a_m-h c_m--nf\"><span class=\"_db _pr\"><img decoding=\"async\" class=\"_re lazyload a_m-h\" height=\"311\" width=\"414\" src=\"https:\/\/analyse.optim.biz\/wp-content\/uploads\/2026\/01\/pxxgn4r4cne6rg3ehvggsykmma-2.jpg\" loading=\"lazy\" title=\"pxxgn4r4cne6rg3ehvggsykmma-2\"><\/span><\/div>\n<div class=\"nt\">\n<h3 class=\"nt_t\"><a href=\"https:\/\/elpais.com\/educacion\/2026-01-28\/cinco-universidades-espanolas-estan-entre-las-100-mejores-de-europa.html#?rel=mas\">Cinco universidades espa\u00f1olas est\u00e1n entre las 100 mejores de Europa<\/a><\/h3>\n<div class=\"nt_a\"><a href=\"https:\/\/elpais.com\/autor\/domitila-diez-bruzone\/\" title=\"Ver todas las noticias de Domitila Diez\">Domitila Diez<\/a> | Madrid<\/div>\n<\/div>\n<\/li>\n<li class=\"_g _g-xs w-rel_n\">\n<div class=\" a_m-h c_m--nf\"><span class=\"_db _pr\"><img decoding=\"async\" class=\"_re lazyload a_m-h\" height=\"311\" width=\"414\" src=\"https:\/\/analyse.optim.biz\/wp-content\/uploads\/2026\/01\/e6kf3kupuvcepmmxezjrxskuby-2.jpg\" loading=\"lazy\" title=\"e6kf3kupuvcepmmxezjrxskuby-2\"><\/span><\/div>\n<div class=\"nt\">\n<h3 class=\"nt_t\"><a href=\"https:\/\/elpais.com\/educacion\/2026-01-26\/a-los-ricos-no-les-gusta-la-fp-uno-de-cada-cuatro-aun-cree-que-no-tiene-prestigio.html#?rel=mas\">A los ricos no les gusta la FP: uno de cada cuatro a\u00fan cree que no tiene prestigio<\/a><\/h3>\n<div class=\"nt_a\"><a href=\"https:\/\/elpais.com\/autor\/ignacio-zafra\/\" title=\"Ver todas las noticias de Ignacio Zafra\">Ignacio Zafra<\/a> | Valencia<\/div>\n<\/div>\n<\/li>\n<\/ul>\n<\/aside>\n<section class=\"w w-ae\" data-dtm-region=\"articulo_archivado-en\">\n<h2 class=\"w_t\">Archivado En<\/h2>\n<div class=\"w_b\">\n<ul class=\"w_ul w_ul--mh _df _ls\">\n<li><a href=\"https:\/\/elpais.com\/noticias\/educacion\/#?rel=arch\" rel=\"noopener noreferrer\">Educaci\u00f3n<\/a><\/li>\n<li><a href=\"https:\/\/elpais.com\/noticias\/sociedad\/#?rel=arch\" rel=\"noopener noreferrer\">Sociedad<\/a><\/li>\n<li><a href=\"https:\/\/elpais.com\/noticias\/sistema-educativo\/#?rel=arch\" rel=\"noopener noreferrer\">Sistema educativo<\/a><\/li>\n<li><a href=\"https:\/\/elpais.com\/noticias\/fracaso-escolar\/#?rel=arch\" rel=\"noopener noreferrer\">Fracaso escolar<\/a><\/li>\n<li><a href=\"https:\/\/elpais.com\/noticias\/estudiantes\/#?rel=arch\" rel=\"noopener noreferrer\">Estudiantes<\/a><\/li>\n<li><a href=\"https:\/\/elpais.com\/noticias\/formacion\/#?rel=arch\" rel=\"noopener noreferrer\">Formaci\u00f3n<\/a><\/li>\n<li><a href=\"https:\/\/elpais.com\/noticias\/calidad-ensenanza\/#?rel=arch\" rel=\"noopener noreferrer\">Calidad ense\u00f1anza<\/a><\/li>\n<li><a href=\"https:\/\/elpais.com\/noticias\/politica-educativa\/#?rel=arch\" rel=\"noopener noreferrer\">Pol\u00edtica educativa<\/a><\/li>\n<li><a href=\"https:\/\/elpais.com\/noticias\/centros-educativos\/#?rel=arch\" rel=\"noopener noreferrer\">Centros educativos<\/a><\/li>\n<li><a href=\"https:\/\/elpais.com\/noticias\/adolescencia\/#?rel=arch\" rel=\"noopener noreferrer\">Adolescencia<\/a><\/li>\n<li><a href=\"https:\/\/elpais.com\/noticias\/jovenes\/#?rel=arch\" rel=\"noopener noreferrer\">J\u00f3venes<\/a><\/li>\n<li><a href=\"https:\/\/elpais.com\/noticias\/profesorado\/#?rel=arch\" rel=\"noopener noreferrer\">Profesorado<\/a><\/li>\n<li><a href=\"https:\/\/elpais.com\/noticias\/educacion-secundaria\/#?rel=arch\" rel=\"noopener noreferrer\">Educaci\u00f3n secundaria<\/a><\/li>\n<li><a href=\"https:\/\/elpais.com\/noticias\/fp-formacion-profesional\/#?rel=arch\" rel=\"noopener noreferrer\">Formaci\u00f3n profesional<\/a><\/li>\n<li><a href=\"https:\/\/elpais.com\/noticias\/espana\/#?rel=arch\" rel=\"noopener noreferrer\">Espa\u00f1a<\/a><\/li>\n<\/ul>\n<\/div>\n<\/section>\n<aside class=\"a_tp _df\">\n<div class=\"a_tp_txt\"><span class=\"a_tp_t\">Se adhiere a los criterios de<\/span><\/p>\n<figure class=\"a_m a_m-h c_m--nf\"><a class=\"a_tp_i _dib\" href=\"https:\/\/elpais.com\/estaticos\/que-es-the-trust-project\/\" target=\"_blank\" rel=\"noopener noreferrer nofollow\"><img decoding=\"async\" alt=\"The Trust Project\" class=\" lazyload a_m-h\" height=\"20\" width=\"117\" src=\"https:\/\/analyse.optim.biz\/wp-content\/uploads\/2026\/01\/the-trust-project-290.svg\" loading=\"lazy\" title=\"the-trust-project-290\"><\/a><\/figure>\n<p><a class=\"a_tp_mi\" href=\"https:\/\/elpais.com\/estaticos\/codigo-etico\/\" target=\"_blank\" rel=\"noopener noreferrer nofollow\">M\u00e1s informaci\u00f3n<\/a><\/div>\n<div class=\"a_tp_si\">Si est\u00e1 interesado en licenciar este contenido, pinche <a class=\"a_tp_si_l\" href=\"https:\/\/profesional.elpais.com\/soluciones-sindicacion\/?utm_medium=interno&amp;utm_source=crosslinking&amp;utm_campaign=sindicacion_ep_pie_articulos\" target=\"_blank\" rel=\"noopener noreferrer nofollow\">aqu\u00ed<\/a><\/div>\n<\/aside>\n<div class=\"a_o _pr\" data-dtm-region=\"articulo_right-rail\">\n<div id=\"elpais_gpt-MPU1\" data-adtype=\"MPU\" class=\"ad ad-mpu\"><span class=\"_dn\">_<\/span><\/div>\n<section class=\"w w-sc b_col\" data-dtm-region=\"articulo_ultimas-noticias\">\n<header class=\"w_h b_col_h\">\n<h3 class=\"w_t\"><a href=\"https:\/\/elpais.com\/ultimas-noticias\/\" rel=\"story-card-ultimas-noticias\">\u00daltimas noticias<\/a><\/h3>\n<\/header>\n<div class=\"w_b\">\n<article class=\"c  c--m-n   \" data-word=\"0\">\n<header class=\"c_h\"><time datetime=\"2026-01-29T02:49:41+01:00\" class=\"c_da\">02:49<\/time><\/p>\n<h2 class=\"c_t \"><a href=\"https:\/\/elpais.com\/america-colombia\/2026-01-29\/diogenes-quintero-el-lider-social-que-llevo-la-voz-del-catatumbo-al-congreso-y-murio-en-el-accidente-de-satena.html\">Di\u00f3genes Quintero, el l\u00edder social que llev\u00f3 la voz del Catatumbo al Congreso y muri\u00f3 en el accidente de Satena<\/a><\/h2>\n<\/header>\n<\/article>\n<article class=\"c  c--m-n   \" data-word=\"0\">\n<header class=\"c_h\"><time datetime=\"2026-01-29T01:51:50+01:00\" class=\"c_da\">01:51<\/time><\/p>\n<h2 class=\"c_t \"><a href=\"https:\/\/elpais.com\/mexico\/2026-01-29\/rumbo-al-mundial-asi-sera-el-recorrido-del-trofeo-de-la-fifa-por-mexico.html\">Rumbo al mundial: as\u00ed ser\u00e1 el recorrido del trofeo de la FIFA por M\u00e9xico<\/a><\/h2>\n<\/header>\n<\/article>\n<article class=\"c  c--m-n   \" data-word=\"0\">\n<header class=\"c_h\"><time datetime=\"2026-01-29T01:50:28+01:00\" class=\"c_da\">01:50<\/time><\/p>\n<h2 class=\"c_t \"><a href=\"https:\/\/elpais.com\/america-colombia\/2026-01-29\/lo-que-se-sabe-del-caso-de-las-frambuesas-envenenadas-con-talio-el-arresto-de-zulma-guzman-en-londres-y-el-avance-de-su-extradicion.html\">Lo que se sabe del caso de las frambuesas envenenadas con talio: el arresto de Zulma Guzm\u00e1n en Londres y el avance de su extradici\u00f3n<\/a><\/h2>\n<\/header>\n<\/article>\n<article class=\"c  c--m-n   \" data-word=\"0\">\n<header class=\"c_h\"><time datetime=\"2026-01-29T01:47:27+01:00\" class=\"c_da\">01:47<\/time><\/p>\n<h2 class=\"c_t \"><a href=\"https:\/\/elpais.com\/america\/2026-01-29\/america-latina-y-las-democracias-imperfectas-el-auge-de-los-liderazgos-autoritarios.html\">Am\u00e9rica Latina y las democracias imperfectas: el auge de los liderazgos autoritarios<\/a><\/h2>\n<\/header>\n<\/article>\n<\/div>\n<\/section>\n<aside class=\"w w-lmv\" data-dtm-region=\"articulo_lom\">\n<h2 class=\"w_t\"><a href=\"https:\/\/elpais.com\/lo-mas-visto\/\">Lo m\u00e1s visto<\/a><\/h2>\n<div class=\"w_b\">\n<ol class=\"_ls\">\n<li><a href=\"https:\/\/elpais.com\/economia\/2026-01-27\/trump-bendice-la-caida-del-dolar-va-muy-bien-miren-los-negocios-que-estamos-haciendo.html#?rel=lom\">Trump asegura que no le preocupa la ca\u00edda del d\u00f3lar: \u201cVa muy bien, miren los negocios que estamos haciendo\u201d<\/a><\/li>\n<li><a href=\"https:\/\/elpais.com\/espana\/2026-01-28\/ultima-hora-de-los-efectos-de-la-borrasca-kristin-en-directo.html#?rel=lom\">\u00daltima hora de la borrasca \u2018Kristin\u2019 &#8211;  28 de enero de 2026<\/a><\/li>\n<li><a href=\"https:\/\/elpais.com\/espana\/2026-01-27\/exmagistrados-del-supremo-garzon-o-carmena-cargan-contra-la-sentencia-a-garcia-ortiz-condena-la-presuncion-de-inocencia.html#?rel=lom\">Exmagistrados del Supremo, Garz\u00f3n o Carmena cargan contra la sentencia a Garc\u00eda Ortiz: \u201cCondena a la presunci\u00f3n de inocencia\u201d<\/a><\/li>\n<li><a href=\"https:\/\/elpais.com\/espana\/2026-01-27\/la-guardia-civil-investiga-a-un-hombre-por-robar-571-pinos-pinoneros-en-valladolid-y-utilizarlos-para-hacer-biomasa.html#?rel=lom\">La Guardia Civil investiga a un hombre por robar 571 pinos pi\u00f1oneros en Valladolid y utilizarlos para hacer biomasa<\/a><\/li>\n<li><a href=\"https:\/\/elpais.com\/internacional\/2026-01-27\/francia-y-espana-replican-a-rutte-que-no-es-ningun-sueno-que-europa-aspire-a-defenderse-sola.html#?rel=lom\">Francia y Espa\u00f1a replican a Rutte que no es \u201cning\u00fan sue\u00f1o\u201d que Europa aspire a defenderse sola<\/a><\/li>\n<\/ol>\n<\/div>\n<\/aside>\n<\/div>\n<\/article>\n<article class=\"c  c--m-n   \" data-word=\"0\">\n<header class=\"c_h\"><time datetime=\"2026-01-29T02:49:41+01:00\" class=\"c_da\">02:49<\/time><\/p>\n<h2 class=\"c_t \"><a href=\"https:\/\/elpais.com\/america-colombia\/2026-01-29\/diogenes-quintero-el-lider-social-que-llevo-la-voz-del-catatumbo-al-congreso-y-murio-en-el-accidente-de-satena.html\">Di\u00f3genes Quintero, el l\u00edder social que llev\u00f3 la voz del Catatumbo al Congreso y muri\u00f3 en el accidente de Satena<\/a><\/h2>\n<\/header>\n<\/article>\n<article class=\"c  c--m-n   \" data-word=\"0\">\n<header class=\"c_h\"><time datetime=\"2026-01-29T01:51:50+01:00\" class=\"c_da\">01:51<\/time><\/p>\n<h2 class=\"c_t \"><a href=\"https:\/\/elpais.com\/mexico\/2026-01-29\/rumbo-al-mundial-asi-sera-el-recorrido-del-trofeo-de-la-fifa-por-mexico.html\">Rumbo al mundial: as\u00ed ser\u00e1 el recorrido del trofeo de la FIFA por M\u00e9xico<\/a><\/h2>\n<\/header>\n<\/article>\n<article class=\"c  c--m-n   \" data-word=\"0\">\n<header class=\"c_h\"><time datetime=\"2026-01-29T01:50:28+01:00\" class=\"c_da\">01:50<\/time><\/p>\n<h2 class=\"c_t \"><a href=\"https:\/\/elpais.com\/america-colombia\/2026-01-29\/lo-que-se-sabe-del-caso-de-las-frambuesas-envenenadas-con-talio-el-arresto-de-zulma-guzman-en-londres-y-el-avance-de-su-extradicion.html\">Lo que se sabe del caso de las frambuesas envenenadas con talio: el arresto de Zulma Guzm\u00e1n en Londres y el avance de su extradici\u00f3n<\/a><\/h2>\n<\/header>\n<\/article>\n<article class=\"c  c--m-n   \" data-word=\"0\">\n<header class=\"c_h\"><time datetime=\"2026-01-29T01:47:27+01:00\" class=\"c_da\">01:47<\/time><\/p>\n<h2 class=\"c_t \"><a href=\"https:\/\/elpais.com\/america\/2026-01-29\/america-latina-y-las-democracias-imperfectas-el-auge-de-los-liderazgos-autoritarios.html\">Am\u00e9rica Latina y las democracias imperfectas: el auge de los liderazgos autoritarios<\/a><\/h2>\n<\/header>\n<\/article>\n<p> Source URL: https:\/\/elpais.com\/educacion\/2026-01-28\/el-abandono-educativo-cae-en-espana-a-un-historico-128-gracias-al-tiron-de-las-mujeres.html<\/p>\n","protected":false},"excerpt":{"rendered":"<p>Educaci\u00f3n El abandono educativo cae en Espa\u00f1a a un hist\u00f3rico 12,8% gracias al tir\u00f3n de las mujeres El pa\u00eds reduce al m\u00ednimo su tradicional distancia respecto a la Uni\u00f3n Europea. La tasa espa\u00f1ola alcanzaba el 32% al inicio de la crisis financiera de 2008 J\u00f3venes estudian en una biblioteca de Barcelona.Gianluca Battista Ignacio Zafra Valencia [&hellip;]<\/p>\n","protected":false},"author":1,"featured_media":1514687,"comment_status":"open","ping_status":"","sticky":false,"template":"","format":"standard","meta":{"footnotes":""},"categories":[88],"tags":[92],"class_list":["post-1514686","post","type-post","status-publish","format-standard","has-post-thumbnail","hentry","category-spain","tag-elpais-com"],"_links":{"self":[{"href":"https:\/\/analyse.optim.biz\/index.php?rest_route=\/wp\/v2\/posts\/1514686","targetHints":{"allow":["GET"]}}],"collection":[{"href":"https:\/\/analyse.optim.biz\/index.php?rest_route=\/wp\/v2\/posts"}],"about":[{"href":"https:\/\/analyse.optim.biz\/index.php?rest_route=\/wp\/v2\/types\/post"}],"author":[{"embeddable":true,"href":"https:\/\/analyse.optim.biz\/index.php?rest_route=\/wp\/v2\/users\/1"}],"replies":[{"embeddable":true,"href":"https:\/\/analyse.optim.biz\/index.php?rest_route=%2Fwp%2Fv2%2Fcomments&post=1514686"}],"version-history":[{"count":0,"href":"https:\/\/analyse.optim.biz\/index.php?rest_route=\/wp\/v2\/posts\/1514686\/revisions"}],"wp:featuredmedia":[{"embeddable":true,"href":"https:\/\/analyse.optim.biz\/index.php?rest_route=\/wp\/v2\/media\/1514687"}],"wp:attachment":[{"href":"https:\/\/analyse.optim.biz\/index.php?rest_route=%2Fwp%2Fv2%2Fmedia&parent=1514686"}],"wp:term":[{"taxonomy":"category","embeddable":true,"href":"https:\/\/analyse.optim.biz\/index.php?rest_route=%2Fwp%2Fv2%2Fcategories&post=1514686"},{"taxonomy":"post_tag","embeddable":true,"href":"https:\/\/analyse.optim.biz\/index.php?rest_route=%2Fwp%2Fv2%2Ftags&post=1514686"}],"curies":[{"name":"wp","href":"https:\/\/api.w.org\/{rel}","templated":true}]}}