{"id":1514623,"date":"2026-01-28T09:00:00","date_gmt":"2026-01-28T06:00:00","guid":{"rendered":"https:\/\/analyse.optim.biz\/?p=1514623"},"modified":"2026-01-28T09:00:00","modified_gmt":"2026-01-28T06:00:00","slug":"el-alquiler-se-acerca-a-su-techo-porque-los-inquilinos-ya-no-pueden-pagar-mas-segun-un-estudio","status":"publish","type":"post","link":"https:\/\/analyse.optim.biz\/?p=1514623","title":{"rendered":"El alquiler se acerca a su techo porque los inquilinos ya no pueden pagar m\u00e1s, seg\u00fan un estudio"},"content":{"rendered":"<article id=\"main-content\" class=\"a _g _g-lg _g-o\">\n<header class=\"a_e _g _g-xs\">\n<div class=\"a_e_txt _df\">\n<div class=\"a_k _df\"><a class=\"a_k_n\" href=\"https:\/\/elpais.com\/economia\/vivienda\/\">Vivienda<\/a><\/div>\n<h1 class=\"a_t\">El alquiler se acerca a su techo porque los inquilinos ya no pueden pagar m\u00e1s, seg\u00fan un estudio<\/h1>\n<p class=\"a_st\">Un informe del Observatorio del Alquiler concluye que los precios subieron un 5,9% en 2025, menos que en 2024, por \u201cla imposibilidad de los inquilinos de asumir m\u00e1s renta\u201d<\/p>\n<\/div>\n<div class=\"a_e_m\">\n<figure class=\"a_m a_m-h \"><span class=\"a_m_w _db\"><img fetchpriority=\"high\" decoding=\"async\" class=\"_re  a_m-h\" height=\"276\" width=\"414\" src=\"https:\/\/analyse.optim.biz\/wp-content\/uploads\/2026\/01\/r75kxkexd5dvfgt5aujjgy4e7q-1.jpg\" loading=\"eager\" title=\"r75kxkexd5dvfgt5aujjgy4e7q-1\"><\/span><figcaption class=\"a_m_p\" aria-hidden=\"true\"><span>Un cartel que anuncia que se alquila una vivienda en Madrid.<\/span><span class=\"a_m_m\">RICARDO RUBIO \/ EUROPA PRESS  (RICARDO RUBIO \/ EUROPA PRESS)<\/span><\/figcaption><\/figure>\n<\/div>\n<\/header>\n<div class=\"a_md _g _g-xs \">\n<figure class=\"a_md_i a_m-h c_m--nf\"><span class=\"a_m_w _db\"><img decoding=\"async\" alt=\"Gorka R. P\u00e9rez\" class=\"_re lazyload a_m-h\" height=\"100\" width=\"100\" src=\"https:\/\/analyse.optim.biz\/wp-content\/uploads\/2026\/01\/https3a2f2fs3-amazonaws-com2farc-authors2fprisa2ff0156c12-27d5-4ba5-af0b-fd7a705607c2-1.jpg\" loading=\"lazy\" title=\"https3a2f2fs3-amazonaws-com2farc-authors2fprisa2ff0156c12-27d5-4ba5-af0b-fd7a705607c2-1\"><\/span><\/figure>\n<div class=\"a_md_txt\">\n<div class=\"a_md_a\" data-dtm-region=\"articulo_firma\"><a href=\"https:\/\/elpais.com\/autor\/gorka-rodrigalvarez-perez\/#?rel=author_top\" title=\"Ver todas las noticias de Gorka R. P\u00e9rez\" class=\"a_md_a_n\">Gorka R. P\u00e9rez<\/a><\/div>\n<div class=\"a_md_f\"><span>Madrid &#8211; <a href=\"https:\/\/elpais.com\/hemeroteca\/2026-01-28\/\" data-date=\"2026-01-28T10:00:00+01:00\"><time data-date=\"2026-01-28T10:00:00+01:00\" datetime=\"2026-01-28T10:00:00+01:00\" id=\"article_date_p\">28 ene 2026 &#8211; 10:00<abbr title=\"Central European Time\">CET<\/abbr><\/time><\/a><\/span><\/div>\n<div class=\"w_rs\" data-dtm-region=\"articulo_botonera-social\">\n<div class=\"w_rs_i\"><a class=\"_btn hidden\" href=\"\/\/send?text=El%20alquiler%20se%20acerca%20a%20su%20techo%20porque%20los%20inquilinos%20ya%20no%20pueden%20pagar%20m%C3%A1s%2C%20seg%C3%BAn%20un%20estudio%0D%0A%0D%0Ahttps%3A%2F%2Felpais.com%2Feconomia%2Fvivienda%2F2026-01-28%2Fel-alquiler-se-acerca-a-su-techo-porque-los-inquilinos-ya-no-pueden-pagar-mas.html%3Fssm=whatsapp_CC\" data-action=\"share\/whatsapp\/share\" data-param-description=\"El alquiler se acerca a su techo porque los inquilinos ya no pueden pagar m\u00e1s, seg\u00fan un estudio\" data-param-href=\"https:\/\/elpais.com\/economia\/vivienda\/2026-01-28\/el-alquiler-se-acerca-a-su-techo-porque-los-inquilinos-ya-no-pueden-pagar-mas.html\" data-param-text=\"El alquiler se acerca a su techo porque los inquilinos ya no pueden pagar m\u00e1s, seg\u00fan un estudio https:\/\/elpais.com\/economia\/vivienda\/2026-01-28\/el-alquiler-se-acerca-a-su-techo-porque-los-inquilinos-ya-no-pueden-pagar-mas.html\" data-param-url=\"https:\/\/elpais.com\/economia\/vivienda\/2026-01-28\/el-alquiler-se-acerca-a-su-techo-porque-los-inquilinos-ya-no-pueden-pagar-mas.html\" target=\"_blank\" rel=\"noopener noreferrer\" data-share-track-dtm=\"whatsapp\" id=\"btn_share_whatsapp_311\"><span class=\"_sr\">Compartir en Whatsapp<\/span><\/a><\/div>\n<div class=\"w_rs_i\"><a class=\"_btn \" href=\"https:\/\/www.facebook.com\/dialog\/share?display=popup&amp;app_id=94039431626&amp;href=https%3A%2F%2Felpais.com%2Feconomia%2Fvivienda%2F2026-01-28%2Fel-alquiler-se-acerca-a-su-techo-porque-los-inquilinos-ya-no-pueden-pagar-mas.html%3Fssm=FB_CC&amp;quote=El%20alquiler%20se%20acerca%20a%20su%20techo%20porque%20los%20inquilinos%20ya%20no%20pueden%20pagar%20m%C3%A1s%2C%20seg%C3%BAn%20un%20estudio\" data-param-app_id=\"94039431626\" data-param-description=\"El alquiler se acerca a su techo porque los inquilinos ya no pueden pagar m\u00e1s, seg\u00fan un estudio\" data-param-href=\"https:\/\/elpais.com\/economia\/vivienda\/2026-01-28\/el-alquiler-se-acerca-a-su-techo-porque-los-inquilinos-ya-no-pueden-pagar-mas.html\" data-param-text=\"El alquiler se acerca a su techo porque los inquilinos ya no pueden pagar m\u00e1s, seg\u00fan un estudio\" data-param-url=\"https:\/\/elpais.com\/economia\/vivienda\/2026-01-28\/el-alquiler-se-acerca-a-su-techo-porque-los-inquilinos-ya-no-pueden-pagar-mas.html\" target=\"_blank\" rel=\"noopener noreferrer\" data-share-track-dtm=\"facebook\" id=\"btn_share_facebook_311\"><span class=\"_sr\">Compartir en Facebook<\/span><\/a><\/div>\n<div class=\"w_rs_i\"><a class=\"_btn \" href=\"https:\/\/twitter.com\/intent\/tweet?url=https%3A%2F%2Felpais.com%2Feconomia%2Fvivienda%2F2026-01-28%2Fel-alquiler-se-acerca-a-su-techo-porque-los-inquilinos-ya-no-pueden-pagar-mas.html%3Fssm=TW_CC&amp;text=El%20alquiler%20se%20acerca%20a%20su%20techo%20porque%20los%20inquilinos%20ya%20no%20pueden%20pagar%20m%C3%A1s%2C%20seg%C3%BAn%20un%20estudio&amp;via=el_pais&amp;lang=es\" data-param-description=\"El alquiler se acerca a su techo porque los inquilinos ya no pueden pagar m\u00e1s, seg\u00fan un estudio\" data-param-href=\"https:\/\/elpais.com\/economia\/vivienda\/2026-01-28\/el-alquiler-se-acerca-a-su-techo-porque-los-inquilinos-ya-no-pueden-pagar-mas.html\" data-param-text=\"El alquiler se acerca a su techo porque los inquilinos ya no pueden pagar m\u00e1s, seg\u00fan un estudio via @el_pais\" data-param-url=\"https:\/\/elpais.com\/economia\/vivienda\/2026-01-28\/el-alquiler-se-acerca-a-su-techo-porque-los-inquilinos-ya-no-pueden-pagar-mas.html\" target=\"_blank\" rel=\"noopener noreferrer\" data-share-track-dtm=\"twitter\" id=\"btn_share_twitter_311\"><span class=\"_sr\">Compartir en Twitter<\/span><\/a><\/div>\n<div class=\"w_rs_i\"><a class=\"_btn \" href=\"https:\/\/bsky.app\/intent\/compose?text=https%3A%2F%2Felpais.com%2Feconomia%2Fvivienda%2F2026-01-28%2Fel-alquiler-se-acerca-a-su-techo-porque-los-inquilinos-ya-no-pueden-pagar-mas.html%3Fssm=bsky_CC\" data-param-description=\"El alquiler se acerca a su techo porque los inquilinos ya no pueden pagar m\u00e1s, seg\u00fan un estudio\" data-param-href=\"https:\/\/elpais.com\/economia\/vivienda\/2026-01-28\/el-alquiler-se-acerca-a-su-techo-porque-los-inquilinos-ya-no-pueden-pagar-mas.html\" data-param-text=\"El alquiler se acerca a su techo porque los inquilinos ya no pueden pagar m\u00e1s, seg\u00fan un estudio\" data-param-url=\"https:\/\/elpais.com\/economia\/vivienda\/2026-01-28\/el-alquiler-se-acerca-a-su-techo-porque-los-inquilinos-ya-no-pueden-pagar-mas.html\" target=\"_blank\" rel=\"noopener noreferrer\" data-share-track-dtm=\"bluesky\" id=\"btn_share_bluesky_311\"><span class=\"_sr\">Compartir en Bluesky<\/span><\/a><\/div>\n<div class=\"w_rs_i\"><a class=\"_btn \" href=\"https:\/\/www.linkedin.com\/sharing\/share-offsite\/?url=https%3A%2F%2Felpais.com%2Feconomia%2Fvivienda%2F2026-01-28%2Fel-alquiler-se-acerca-a-su-techo-porque-los-inquilinos-ya-no-pueden-pagar-mas.html%3Fssm=LK_CC\" data-param-description=\"El alquiler se acerca a su techo porque los inquilinos ya no pueden pagar m\u00e1s, seg\u00fan un estudio\" data-param-href=\"https:\/\/elpais.com\/economia\/vivienda\/2026-01-28\/el-alquiler-se-acerca-a-su-techo-porque-los-inquilinos-ya-no-pueden-pagar-mas.html\" data-param-text=\"El alquiler se acerca a su techo porque los inquilinos ya no pueden pagar m\u00e1s, seg\u00fan un estudio\" data-param-url=\"https:\/\/elpais.com\/economia\/vivienda\/2026-01-28\/el-alquiler-se-acerca-a-su-techo-porque-los-inquilinos-ya-no-pueden-pagar-mas.html\" target=\"_blank\" rel=\"noopener noreferrer\" data-share-track-dtm=\"linkedin\" id=\"btn_share_linkedin_311\"><span class=\"_sr\">Compartir en Linkedin<\/span><\/a><\/div>\n<div class=\"w_rs_i\"><a class=\"_btn rs_l\" href=\"https:\/\/elpais.com\/economia\/vivienda\/2026-01-28\/el-alquiler-se-acerca-a-su-techo-porque-los-inquilinos-ya-no-pueden-pagar-mas.html#?prm=copy_link\" data-share-track-dtm=\"copiar_url\" id=\"btn_share_link_64\"><span class=\"_sr\">Copiar enlace<\/span><\/a><\/div>\n<div class=\"w_rs_i\"><a class=\"_btn rs_c\" href=\"https:\/\/elpais.com\/economia\/vivienda\/2026-01-28\/el-alquiler-se-acerca-a-su-techo-porque-los-inquilinos-ya-no-pueden-pagar-mas.html#comments_container\" aria-expanded=\"false\" aria-controls=\"me-c\" data-share-track-dtm=\"eskup\" id=\"btn_share_comments_64\"><span class=\"_sr\">Ir a los comentarios<\/span><\/a><\/div>\n<\/div>\n<\/div>\n<\/div>\n<div class=\"a_c clearfix\" data-dtm-region=\"articulo_cuerpo\">\n<p class>La ley de la oferta (poca) y la demanda (mucha) rige con pu\u00f1o de hierro el mercado del alquiler en la actualidad. Los precios de los arrendamientos subieron un 5,9% en 2025, y no lo hicieron m\u00e1s porque cada vez hay menos inquilinos <a href=\"https:\/\/elpais.com\/espana\/madrid\/2026-01-27\/subir-mucho-el-alquiler-es-de-malas-personas.html\" target=\"_blank\" rel=\"noreferrer\" title=\"https:\/\/elpais.com\/espana\/madrid\/2026-01-27\/subir-mucho-el-alquiler-es-de-malas-personas.html\">que puedan pagar lo que se pide<\/a> por los inmuebles. Esta situaci\u00f3n provocar\u00e1 en el futuro m\u00e1s pr\u00f3ximo un efecto aparentemente positivo, pero perverso: el precio medio del metro cuadrado continuar\u00e1 increment\u00e1ndose, pero menos de lo que podr\u00eda hacerlo. Eso s\u00ed, cuando una vivienda relativamente asequible salga al mercado, ser\u00e1 absorbida inmediatamente, puesto que los ojos que <a href=\"https:\/\/elpais.com\/economia\/vivienda\/2026-01-26\/las-hipotecas-continuan-su-escalada-ya-se-han-firmado-un-18-mas-que-en-todo-2024.html\" target=\"_blank\" rel=\"noreferrer\" title=\"https:\/\/elpais.com\/economia\/vivienda\/2026-01-26\/las-hipotecas-continuan-su-escalada-ya-se-han-firmado-un-18-mas-que-en-todo-2024.html\">rastrean diariamente el ecosistema inmobiliario<\/a> son m\u00e1s que nunca.<\/p>\n<p class>El agotamiento del sector a lo largo del a\u00f1o pasado es una de las principales conclusiones del <i>Bar\u00f3metro del Alquiler 2025<\/i>, publicado este mi\u00e9rcoles por el Observatorio del Alquiler, que promueve la Fundaci\u00f3n Alquiler Seguro y en el que colabora la Universidad Rey Juan Carlos. \u201cEl mercado ha alcanzado un punto de inflexi\u00f3n donde los precios han dejado de subir al ritmo de a\u00f1os anteriores, (5,9% frente al 11,3% de 2024), no por una mayor oferta, sino por la imposibilidad de los inquilinos de asumir mayores rentas\u201d, se\u00f1ala el informe. Un panorama que lo aboca <a href=\"https:\/\/elpais.com\/economia\/vivienda\/2026-01-19\/las-operaciones-de-vivienda-hasta-noviembre-superan-ya-las-de-todo-2024.html\" target=\"_blank\" rel=\"noreferrer\" title=\"https:\/\/elpais.com\/economia\/vivienda\/2026-01-19\/las-operaciones-de-vivienda-hasta-noviembre-superan-ya-las-de-todo-2024.html\">a una din\u00e1mica de cambio<\/a>, marcada por \u201cla consolidaci\u00f3n de un desequilibrio entre una oferta menguante y una demanda que sigue sin ser respondida\u201d.<\/p>\n<p class>De acuerdo con los resultados del informe, Espa\u00f1a cerr\u00f3 el a\u00f1o pasado con un precio medio del alquiler de 1.184 euros, un 5,9% m\u00e1s que 2024. \u201cNo obstante, se observa una desaceleraci\u00f3n con el a\u00f1o anterior, en el que el incremento de los precios fue del 11,3% con respecto a 2023\u2033, matiza el texto. <\/p>\n<p class>Tras analizar la situaci\u00f3n territorialmente, otra de las conclusiones que arroja el informe es la estabilizaci\u00f3n de los precios en los \u00faltimos seis meses en grandes mercados como Madrid, Barcelona, Baleares o M\u00e1laga. \u201cEsto se vincula al l\u00edmite de la capacidad de pago de los inquilinos, quienes ya dedican casi el 40% de sus ingresos a la renta en ciudades como Madrid o Barcelona\u201d, explica. \u201cEl desajuste entre la oferta y la demanda y la escasez de viviendas disponibles para arrendar est\u00e1n detr\u00e1s del alto nivel de precios que tanto dificulta el acceso a la vivienda en nuestro pa\u00eds\u201d, justifica el texto, en l\u00ednea con la visi\u00f3n imperante en el sector inmobiliario de que la crisis actual responde principalmente a un desequilibrio entre oferta y demanda.<\/p>\n<p class>El estudio pone n\u00famero a la senda decreciente en la que se ha sumido \u00faltimamente el alquiler en Espa\u00f1a en cuanto a la oferta: alrededor de las 33.000 viviendas, concentr\u00e1ndose la mayor\u00eda de ellas \u201cen las zonas intervenidas o en v\u00edas de intervenci\u00f3n\u201d. Al cierre de 2025, el total de viviendas comercializadas ascendi\u00f3 a 683.920, lo que representa una ca\u00edda del 4,7% respecto a las 717.338 de finales de 2024. En t\u00e9rminos absolutos, el mercado espa\u00f1ol ha perdido 33.418 inmuebles exactamente en tan solo doce meses, seg\u00fan los c\u00e1lculos del Observatorio. Esto no quiere decir que haya menos inmuebles alquilados, sino menos que salgan al mercado, ya que estad\u00edsticas p\u00fablicas como las del INE muestran que en Espa\u00f1a hay cada vez m\u00e1s personas viviendo de alquiler. <\/p>\n<p class>El texto matiza, sin embargo, que los inmuebles perdidos para ese mercado en 2025 respecto a 2024 son menos que los que desaparecieron entre 2023 y 2024 (95.216). Esto se debe a que la ca\u00edda \u201cya ha empezado a moderarse y se prev\u00e9 que lo siga haciendo a lo largo del 2026\u2033, pronostica. \u201cEsto no debe confundirse con una recuperaci\u00f3n. Se trata de una moderaci\u00f3n de la ca\u00edda que, aun as\u00ed, es y ser\u00e1 insuficiente para cubrir el problema de fondo\u201d, alertan los autores.<\/p>\n<p class>Y es que cada vez son m\u00e1s quienes buscan un lugar en el que instalarse, lo que hace que la lista de potenciales inquilinos crezca de un ejercicio al otro. El texto indica que las personas interesadas en una vivienda de alquiler en sus primeros diez d\u00edas fueron 135 en 2025. Aunque supone un ligero descenso con respecto a los 136 registrados en el tercer trimestre, la cifra es \u201csignificativamente superior a los 124 interesados\u201d que se dio en 2024. <\/p>\n<p class>La provincia de Barcelona sigue siendo la que presenta un volumen m\u00e1s elevado, con 462 interesados por piso, la cifra m\u00e1s alta registrada en la serie hist\u00f3rica del Observatorio del Alquiler. Esto refleja \u201cuna escasez de oferta residencial sin precedentes derivada de la consolidaci\u00f3n de medidas como la declaraci\u00f3n <a href=\"https:\/\/elpais.com\/economia\/vivienda\/2026-01-18\/mas-de-nueve-millones-de-personas-viven-ya-en-zonas-tensionadas-por-el-alquiler.html\" target=\"_blank\" rel=\"noreferrer\" title=\"https:\/\/elpais.com\/economia\/vivienda\/2026-01-18\/mas-de-nueve-millones-de-personas-viven-ya-en-zonas-tensionadas-por-el-alquiler.html\">de zonas tensionadas en el 90% del territorio catal\u00e1n<\/a>\u201d, explica el texto.<\/p>\n<p class>Barcelona es tambi\u00e9n donde m\u00e1s ha ca\u00eddo la oferta. Si a nivel nacional se han perdido 33.418 inmuebles, 11.594 han sido en la capital catalana, es decir, el 34,7% del total. Otros estudios, como los que realiza el Observatorio Metropolitano de Vivienda de Barcelona, en el que participan varias Administraciones p\u00fablicas, alegan que la ca\u00edda de oferta tras los topes de precios responden a una mayor estabilidad de los inquilinos, al haber menor rotaci\u00f3n de pisos por desaparecer los incentivos para echar a los arrendatarios y buscar unos nuevos subiendo la mensualidad.<\/p>\n<p class>Adem\u00e1s de Barcelona (-11.594), otras provincias con reducciones considerables de oferta en el \u00faltimo a\u00f1o han sido Sevilla (-3.139 inmuebles), Valencia (-2.218), Asturias (-2.217), Vizcaya (-1.588), C\u00e1diz (-1.573), Cantabria (-1.458), Castell\u00f3n (-1.292) o Alicante (-1.074). En contraste, mercados como Salamanca (9,3%), C\u00e1ceres (9%) o Santa Cruz de Tenerife (6,3%) han logrado estabilizar su oferta e incluso recuperar algunas unidades. Madrid y M\u00e1laga muestran tambi\u00e9n s\u00edntomas de estabilizaci\u00f3n, seg\u00fan el informe.<\/p>\n<h3 class>Balanza inclinada<\/h3>\n<p class>\u201cLa escasez de oferta se mantiene como la piedra angular del problema, habiendo alcanzado niveles de extrema gravedad, y aunque se prev\u00e9 que empiece a moderar su ca\u00edda tras los registros negativos de los dos \u00faltimos ejercicios, esto no ser\u00e1 suficiente para cubrir el problema de fondo\u201d, pronostica el informe; que tambi\u00e9n a\u00f1ade contexto a esta futura estabilizaci\u00f3n. \u201cNo debe confundirse con una recuperaci\u00f3n, ya que la reducci\u00f3n acumulada es tan profunda que cualquier nuevo inmueble es absorbido instant\u00e1neamente por una demanda que tender\u00e1 a estabilizarse en cotas de presi\u00f3n excepcionalmente altas\u201d, dice.<\/p>\n<p class>La dificultad de acceso a la compra, el auge de hogares unipersonales y la incorporaci\u00f3n de j\u00f3venes al mercado laboral mantendr\u00e1 la balanza \u201cclaramente inclinada hacia la escasez\u201d, proyecta el estudio. En cuanto a los precios, en 2026 se espera \u201cuna desaceleraci\u00f3n del crecimiento medio nacional\u201d, y que la presi\u00f3n de la demanda se desplace hacia cinturones metropolitanos y zonas lim\u00edtrofes por el \u201cefecto expulsi\u00f3n\u201d de las grandes capitales.<\/p>\n<\/div>\n<div id=\"me-dis\" class=\"me _pf\">\n<div class=\"me_bg\">\n<div class=\"me-dis _pa _df\">\n<div class=\"me-dis_c\">\n<h2 class=\"me-dis_t\">Tu suscripci\u00f3n se est\u00e1 usando en otro dispositivo<\/h2>\n<p>\u00bfQuieres a\u00f1adir otro usuario a tu suscripci\u00f3n?<\/p>\n<div class=\"me-dis_l\"><a href=\"https:\/\/elpais.com\/suscripciones\/premium\/upgrade\/?utm_source=autopromo&amp;utm_medium=interno&amp;utm_campaign=YYYY_MM_capping_upgrade\" id=\"capping-upgrade\" class=\"btn\">A\u00f1adir usuario<\/a><a href=\"https:\/\/elpais.com\/economia\/vivienda\/2026-01-28\/el-alquiler-se-acerca-a-su-techo-porque-los-inquilinos-ya-no-pueden-pagar-mas.html\" id=\"capping-continue\" class=\"btn btn-b\">Continuar leyendo aqu\u00ed<\/a><\/div>\n<p>Si contin\u00faas leyendo en este dispositivo, no se podr\u00e1 leer en el otro.<\/p>\n<p class=\"lk\"><a href=\"https:\/\/elpais.com\/economia\/vivienda\/2026-01-28\/el-alquiler-se-acerca-a-su-techo-porque-los-inquilinos-ya-no-pueden-pagar-mas.html\" id=\"capping-show-more-button\">\u00bfPor qu\u00e9 est\u00e1s viendo esto?<\/a><\/p>\n<p><span class=\"arrow\" id=\"capping-arrow\">Flecha<\/span><\/p>\n<div class=\"me-dis_d\">\n<div class=\"me-dis_d_t\">\n<h2 class=\"enc\">Tu suscripci\u00f3n se est\u00e1 usando en otro dispositivo y solo puedes acceder a EL PA\u00cdS desde un dispositivo a la vez.<\/h2>\n<div class=\"tx\">\n<p>Si quieres compartir tu cuenta, cambia tu suscripci\u00f3n a la modalidad Premium, as\u00ed podr\u00e1s a\u00f1adir otro usuario. Cada uno acceder\u00e1 con su propia cuenta de email, lo que os permitir\u00e1 personalizar vuestra experiencia en EL PA\u00cdS.<\/p>\n<p>\u00bfTienes una suscripci\u00f3n de empresa? Accede <a target=\"_blank\" rel=\"noreferrer\" href=\"https:\/\/elpais.com\/suscripciones\/premium\/upgrade\/\">aqu\u00ed<\/a> para contratar m\u00e1s cuentas.<\/p>\n<p>En el caso de no saber qui\u00e9n est\u00e1 usando tu cuenta, te recomendamos cambiar tu contrase\u00f1a <a target=\"_blank\" rel=\"noreferrer\" href=\"https:\/\/elpais.com\/subscriptions\/#\/forgot-password\">aqu\u00ed.<\/a><\/p>\n<p>Si decides continuar compartiendo tu cuenta, este mensaje se mostrar\u00e1 en tu dispositivo y en el de la otra persona que est\u00e1 usando tu cuenta de forma indefinida, afectando a tu experiencia de lectura. Puedes <a target=\"_blank\" rel=\"noreferrer\" href=\"https:\/\/elpais.com\/suscripciones\/condiciones-generales-servicios\/\">consultar aqu\u00ed los t\u00e9rminos y condiciones de la suscripci\u00f3n digital.<\/a><\/p>\n<\/div>\n<\/div>\n<\/div>\n<\/div>\n<\/div>\n<\/div>\n<\/div>\n<aside class=\"w w-sea\">\n<h2 class=\"w_t\">Sobre la firma<\/h2>\n<div class=\"w_b\">\n<div class=\"_g _g-xs\">\n<figure class=\"w-sea_f a_m-h c_m--nf\"><span class=\"a_m_w _db\"><img decoding=\"async\" alt=\"Gorka R. P\u00e9rez\" class=\"_re lazyload a_m-h\" height=\"100\" width=\"100\" src=\"https:\/\/analyse.optim.biz\/wp-content\/uploads\/2026\/01\/https3a2f2fs3-amazonaws-com2farc-authors2fprisa2ff0156c12-27d5-4ba5-af0b-fd7a705607c2-1.jpg\" loading=\"lazy\" title=\"https3a2f2fs3-amazonaws-com2farc-authors2fprisa2ff0156c12-27d5-4ba5-af0b-fd7a705607c2-1\"><\/span><\/figure>\n<div class=\"w-sea_txt\">\n<div class=\"_df\">\n<div class=\"w-sea_txt_na\"><a href=\"https:\/\/elpais.com\/autor\/gorka-rodrigalvarez-perez\/\" rel=\"autor_bottom\">Gorka R. P\u00e9rez<\/a><\/div>\n<div class=\"w_rs_i\"><a class=\"_btn \" href=\"https:\/\/twitter.com\/#!\/gorkarperez\" target=\"_blank\" rel=\"noopener noreferrer\"><span class=\"_sr\">Gorka R. P\u00e9rez &#8211; twitter<\/span><\/a><\/div>\n<\/div>\n<div class=\"w-sea_txt_da _dn\">Es redactor de la secci\u00f3n de Econom\u00eda y est\u00e1 especializado en temas laborales. Ha desarrollado la mayor parte de su carrera en EL PA\u00cdS. Antes trabaj\u00f3 en Cadena Ser. Es licenciado en Periodismo por la Universidad del Pa\u00eds Vasco y M\u00e1ster en Informaci\u00f3n Econ\u00f3mica de la Universidad Internacional Men\u00e9ndez Pelayo.<\/div>\n<\/div>\n<\/div>\n<\/div>\n<\/aside>\n<aside class=\"w w-fid\">\n<div class=\"w_b\">\n<div class=\"w-fid_s\">\n<div class=\"w_rs\">\n<div class=\"w_rs_i\"><a class=\"_btn\" href=\"https:\/\/www.facebook.com\/elpais\" rel=\"nofollow\"><span class=\"_sr\">Economia El Pa\u00eds en Facebook<\/span><\/a><\/div>\n<div class=\"w_rs_i\"><a class=\"_btn\" href=\"https:\/\/www.instagram.com\/el_pais\/\" rel=\"nofollow\"><span class=\"_sr\">Economia El Pa\u00eds en Instagram<\/span><\/a><\/div>\n<div class=\"w_rs_i\"><a class=\"_btn\" href=\"https:\/\/twitter.com\/el_pais\" rel=\"nofollow\"><span class=\"_sr\">Economia El Pa\u00eds en Twitter<\/span><\/a><\/div>\n<\/div>\n<\/div>\n<\/div>\n<\/aside>\n<aside class=\"a_com w w-com _df\"><a class=\"a_com_l\" href=\"https:\/\/elpais.com\/info\/normas-de-participacion\/\">Normas \u203a<\/a><\/aside>\n<div class=\"me _pf\" id=\"me-c\">\n<div class=\"me_bg\">\n<div class=\"me-c _pa\" id=\"comments_container\" data-dtm-region=\"articulo_comentarios\">\n<div class=\"me_f me_f-os me_cc\"><a href=\"https:\/\/plus.elpais.com\/perfil\/actividad\/\">Mis comentarios<\/a><a href=\"https:\/\/elpais.com\/info\/normas-de-participacion\/\">Normas<\/a><\/div>\n<div class=\"me_f me_f-ns\"><span class=\"me_f_txt _db\">Rellena tu <b>nombre y apellido<\/b> para comentar<\/span><a href=\"https:\/\/plus.elpais.com\/autorization.html\/?prod=COM&amp;backURL=https%3A%2F%2Felpais.com%2Feconomia%2Fvivienda%2F2026-01-28%2Fel-alquiler-se-acerca-a-su-techo-porque-los-inquilinos-ya-no-pueden-pagar-mas.html\" class=\"btn btn-2\">completar datos<\/a><\/div>\n<div class=\"me_f\" id=\"comments_msg\"><a class=\"btn btn-2\" href=\"https:\/\/elpais.com\/suscripciones\/#\/campaign?prod=SUSDIGCRART&amp;o=COM&amp;prm=suscrip_articulo_comentarios_el-pais&amp;backURL=https%3A%2F%2Felpais.com%2Feconomia%2Fvivienda%2F2026-01-28%2Fel-alquiler-se-acerca-a-su-techo-porque-los-inquilinos-ya-no-pueden-pagar-mas.html\" id=\"comments_subscribe_link\" data-link-am=\"https:\/\/elpais.com\/suscripciones\/america\/#\/campaign?prod=SUSDIGCRARTAM&amp;o=COMAM&amp;prm=suscrip_articulo_comentarios_el-pais-america&amp;backURL=https%3A%2F%2Felpais.com%2Feconomia%2Fvivienda%2F2026-01-28%2Fel-alquiler-se-acerca-a-su-techo-porque-los-inquilinos-ya-no-pueden-pagar-mas.html\" data-link-mx=\"https:\/\/elpais.com\/suscripciones\/america\/#\/campaign?prod=SUSDIGMX&amp;o=COMMX&amp;prm=suscrip_articulo_comentarios_el-pais-mexico&amp;backURL=https%3A%2F%2Felpais.com%2Feconomia%2Fvivienda%2F2026-01-28%2Fel-alquiler-se-acerca-a-su-techo-porque-los-inquilinos-ya-no-pueden-pagar-mas.html\" data-link-co=\"https:\/\/elpais.com\/suscripciones\/america\/#\/campaign?prod=SUSDIGCOL&amp;o=COMCOL&amp;prm=suscrip_articulo_comentarios_el-pais_colombia&amp;backURL=https%3A%2F%2Felpais.com%2Feconomia%2Fvivienda%2F2026-01-28%2Fel-alquiler-se-acerca-a-su-techo-porque-los-inquilinos-ya-no-pueden-pagar-mas.html\" data-link-ar=\"https:\/\/elpais.com\/suscripciones\/america\/#\/campaign?prod=SUSDIGCRARTAR&amp;o=COMAR&amp;backURL=https%3A%2F%2Felpais.com%2Feconomia%2Fvivienda%2F2026-01-28%2Fel-alquiler-se-acerca-a-su-techo-porque-los-inquilinos-ya-no-pueden-pagar-mas.html\" data-link-cl=\"https:\/\/elpais.com\/suscripciones\/america\/#\/campaign?prod=SUSDIGCHILE&amp;o=COMCHILE&amp;backURL=https%3A%2F%2Felpais.com%2Feconomia%2Fvivienda%2F2026-01-28%2Fel-alquiler-se-acerca-a-su-techo-porque-los-inquilinos-ya-no-pueden-pagar-mas.html\" data-link-us=\"https:\/\/elpais.com\/suscripciones\/america\/#\/campaign?prod=SUSDIGCRARTEUCAN&amp;o=COMUS&amp;prm=suscrip_articulo_comentarios_el-pais_eucan&amp;backURL=https%3A%2F%2Felpais.com%2Feconomia%2Fvivienda%2F2026-01-28%2Fel-alquiler-se-acerca-a-su-techo-porque-los-inquilinos-ya-no-pueden-pagar-mas.html\">Suscr\u00edbete en El Pa\u00eds para participar<\/a><a class=\"btn btn-3\" href=\"https:\/\/elpais.com\/subscriptions\/#\/sign-in?prod=REG&amp;o=COM&amp;prm=login_articulo_comentarios_el-pais&amp;backURL=https%3A%2F%2Felpais.com%2Feconomia%2Fvivienda%2F2026-01-28%2Fel-alquiler-se-acerca-a-su-techo-porque-los-inquilinos-ya-no-pueden-pagar-mas.html\" id=\"comments_login_link\" data-link-am=\"https:\/\/elpais.com\/subscriptions\/#\/sign-in?prod=REG&amp;o=COM&amp;prm=login_articulo_comentarios_el-pais-america&amp;backURL=https%3A%2F%2Felpais.com%2Feconomia%2Fvivienda%2F2026-01-28%2Fel-alquiler-se-acerca-a-su-techo-porque-los-inquilinos-ya-no-pueden-pagar-mas.html\" data-link-mx=\"https:\/\/elpais.com\/subscriptions\/#\/sign-in?prod=REG&amp;o=COM&amp;prm=login_articulo_comentarios_el-pais-mexico&amp;backURL=https%3A%2F%2Felpais.com%2Feconomia%2Fvivienda%2F2026-01-28%2Fel-alquiler-se-acerca-a-su-techo-porque-los-inquilinos-ya-no-pueden-pagar-mas.html\" data-link-co=\"https:\/\/elpais.com\/subscriptions\/#\/sign-in?prod=REG&amp;o=COM&amp;backURL=https%3A%2F%2Felpais.com%2Feconomia%2Fvivienda%2F2026-01-28%2Fel-alquiler-se-acerca-a-su-techo-porque-los-inquilinos-ya-no-pueden-pagar-mas.html\" data-link-ar=\"https:\/\/elpais.com\/subscriptions\/#\/sign-in?prod=REG&amp;o=COM&amp;backURL=https%3A%2F%2Felpais.com%2Feconomia%2Fvivienda%2F2026-01-28%2Fel-alquiler-se-acerca-a-su-techo-porque-los-inquilinos-ya-no-pueden-pagar-mas.html\" data-link-cl=\"https:\/\/elpais.com\/subscriptions\/#\/sign-in?prod=REG&amp;o=COM&amp;backURL=https%3A%2F%2Felpais.com%2Feconomia%2Fvivienda%2F2026-01-28%2Fel-alquiler-se-acerca-a-su-techo-porque-los-inquilinos-ya-no-pueden-pagar-mas.html\" data-link-us=\"https:\/\/elpais.com\/subscriptions\/#\/sign-in?prod=REG&amp;o=COM&amp;backURL=https%3A%2F%2Felpais.com%2Feconomia%2Fvivienda%2F2026-01-28%2Fel-alquiler-se-acerca-a-su-techo-porque-los-inquilinos-ya-no-pueden-pagar-mas.html\">Ya tengo una suscripci\u00f3n<\/a><\/div>\n<p>Please enable JavaScript to view the &lt;a href=&#8221;https:\/\/disqus.com\/?ref_noscript&#8221; rel=&#8221;nofollow&#8221;&gt; comments powered by Disqus.&lt;\/a&gt;<\/p><\/div>\n<\/div>\n<\/div>\n<aside class=\"w w-rel\" data-dtm-region=\"articulo_mas-informacion\">\n<h2 class=\"w_t\">M\u00e1s informaci\u00f3n<\/h2>\n<ul class=\"w_b _ls\">\n<li class=\"_g _g-xs w-rel_n\">\n<div class=\" a_m-h c_m--nf\"><span class=\"_db _pr\"><img decoding=\"async\" class=\"_re lazyload a_m-h\" height=\"311\" width=\"414\" src=\"https:\/\/analyse.optim.biz\/wp-content\/uploads\/2026\/01\/ebd7nbkmdvm3rlch6mq4cbazzm-3.jpg\" loading=\"lazy\" title=\"ebd7nbkmdvm3rlch6mq4cbazzm-3\"><\/span><\/div>\n<div class=\"nt\">\n<h3 class=\"nt_t\"><a href=\"https:\/\/elpais.com\/economia\/2026-01-27\/el-bce-revisara-los-criterios-de-concesion-de-hipotecas-de-los-bancos-para-evitar-una-nueva-burbuja-inmobiliaria.html#?rel=mas\">El BCE revisar\u00e1 los criterios de concesi\u00f3n de hipotecas de los bancos para evitar una nueva burbuja inmobiliaria<\/a><\/h3>\n<div class=\"nt_a\"><a href=\"https:\/\/elpais.com\/autor\/alvaro-bayon-alvarez\/\" title=\"Ver todas las noticias de \u00c1lvaro Bay\u00f3n\">\u00c1lvaro Bay\u00f3n<\/a> | Madrid<\/div>\n<\/div>\n<\/li>\n<li class=\"_g _g-xs w-rel_n\">\n<div class=\" a_m-h c_m--nf\"><span class=\"_db _pr\"><img decoding=\"async\" class=\"_re lazyload a_m-h\" height=\"311\" width=\"414\" src=\"https:\/\/analyse.optim.biz\/wp-content\/uploads\/2026\/01\/i4hunfwqonguronc7sjjwyy6kq-1.jpg\" loading=\"lazy\" title=\"i4hunfwqonguronc7sjjwyy6kq-1\"><\/span><\/div>\n<div class=\"nt\">\n<h3 class=\"nt_t\"><a href=\"https:\/\/elpais.com\/economia\/2026-01-27\/el-paro-en-espana-cae-por-debajo-del-10-por-primera-vez-en-17-anos-tras-crearse-605000-empleos-en-2025.html#?rel=mas\">El paro en Espa\u00f1a cae por debajo del 10% por primera vez en 17 a\u00f1os tras crearse 605.000 empleos en 2025<\/a><\/h3>\n<div class=\"nt_a\"><a href=\"https:\/\/elpais.com\/autor\/emilio-sanchez-hidalgo\/\" title=\"Ver todas las noticias de Emilio S\u00e1nchez Hidalgo\">Emilio S\u00e1nchez Hidalgo<\/a> | Madrid<\/div>\n<\/div>\n<\/li>\n<\/ul>\n<\/aside>\n<section class=\"w w-ae\" data-dtm-region=\"articulo_archivado-en\">\n<h2 class=\"w_t\">Archivado En<\/h2>\n<div class=\"w_b\">\n<ul class=\"w_ul w_ul--mh _df _ls\">\n<li><a href=\"https:\/\/elpais.com\/noticias\/vivienda\/#?rel=arch\" rel=\"noopener noreferrer\">Vivienda<\/a><\/li>\n<li><a href=\"https:\/\/elpais.com\/noticias\/mercado-inmobiliario\/#?rel=arch\" rel=\"noopener noreferrer\">Mercado inmobiliario<\/a><\/li>\n<li><a href=\"https:\/\/elpais.com\/noticias\/promotoras-inmobiliarias\/#?rel=arch\" rel=\"noopener noreferrer\">Promotoras<\/a><\/li>\n<li><a href=\"https:\/\/elpais.com\/noticias\/inversion-inmobiliaria\/#?rel=arch\" rel=\"noopener noreferrer\">Inversi\u00f3n inmobiliaria<\/a><\/li>\n<li><a href=\"https:\/\/elpais.com\/noticias\/viviendas-alquiler\/#?rel=arch\" rel=\"noopener noreferrer\">Viviendas alquiler<\/a><\/li>\n<\/ul>\n<\/div>\n<\/section>\n<aside class=\"a_tp _df\">\n<div class=\"a_tp_txt\"><span class=\"a_tp_t\">Se adhiere a los criterios de<\/span><\/p>\n<figure class=\"a_m a_m-h c_m--nf\"><a class=\"a_tp_i _dib\" href=\"https:\/\/elpais.com\/estaticos\/que-es-the-trust-project\/\" target=\"_blank\" rel=\"noopener noreferrer nofollow\"><img decoding=\"async\" alt=\"The Trust Project\" class=\" lazyload a_m-h\" height=\"20\" width=\"117\" src=\"https:\/\/analyse.optim.biz\/wp-content\/uploads\/2026\/01\/the-trust-project-287.svg\" loading=\"lazy\" title=\"the-trust-project-287\"><\/a><\/figure>\n<p><a class=\"a_tp_mi\" href=\"https:\/\/elpais.com\/estaticos\/codigo-etico\/\" target=\"_blank\" rel=\"noopener noreferrer nofollow\">M\u00e1s informaci\u00f3n<\/a><\/div>\n<div class=\"a_tp_si\">Si est\u00e1 interesado en licenciar este contenido, pinche <a class=\"a_tp_si_l\" href=\"https:\/\/profesional.elpais.com\/soluciones-sindicacion\/?utm_medium=interno&amp;utm_source=crosslinking&amp;utm_campaign=sindicacion_ep_pie_articulos\" target=\"_blank\" rel=\"noopener noreferrer nofollow\">aqu\u00ed<\/a><\/div>\n<\/aside>\n<div class=\"a_o _pr\" data-dtm-region=\"articulo_right-rail\">\n<div id=\"elpais_gpt-MPU1\" data-adtype=\"MPU\" class=\"ad ad-mpu\"><span class=\"_dn\">_<\/span><\/div>\n<section class=\"w w-sc b_col\" data-dtm-region=\"articulo_ultimas-noticias\">\n<header class=\"w_h b_col_h\">\n<h3 class=\"w_t\"><a href=\"https:\/\/elpais.com\/ultimas-noticias\/\" rel=\"story-card-ultimas-noticias\">\u00daltimas noticias<\/a><\/h3>\n<\/header>\n<div class=\"w_b\">\n<article class=\"c  c--m-n   \" data-word=\"0\">\n<header class=\"c_h\"><time datetime=\"2026-01-29T02:49:41+01:00\" class=\"c_da\">02:49<\/time><\/p>\n<h2 class=\"c_t \"><a href=\"https:\/\/elpais.com\/america-colombia\/2026-01-29\/diogenes-quintero-el-lider-social-que-llevo-la-voz-del-catatumbo-al-congreso-y-murio-en-el-accidente-de-satena.html\">Di\u00f3genes Quintero, el l\u00edder social que llev\u00f3 la voz del Catatumbo al Congreso y muri\u00f3 en el accidente de Satena<\/a><\/h2>\n<\/header>\n<\/article>\n<article class=\"c  c--m-n   \" data-word=\"0\">\n<header class=\"c_h\"><time datetime=\"2026-01-29T01:51:50+01:00\" class=\"c_da\">01:51<\/time><\/p>\n<h2 class=\"c_t \"><a href=\"https:\/\/elpais.com\/mexico\/2026-01-29\/rumbo-al-mundial-asi-sera-el-recorrido-del-trofeo-de-la-fifa-por-mexico.html\">Rumbo al mundial: as\u00ed ser\u00e1 el recorrido del trofeo de la FIFA por M\u00e9xico<\/a><\/h2>\n<\/header>\n<\/article>\n<article class=\"c  c--m-n   \" data-word=\"0\">\n<header class=\"c_h\"><time datetime=\"2026-01-29T01:50:28+01:00\" class=\"c_da\">01:50<\/time><\/p>\n<h2 class=\"c_t \"><a href=\"https:\/\/elpais.com\/america-colombia\/2026-01-29\/lo-que-se-sabe-del-caso-de-las-frambuesas-envenenadas-con-talio-el-arresto-de-zulma-guzman-en-londres-y-el-avance-de-su-extradicion.html\">Lo que se sabe del caso de las frambuesas envenenadas con talio: el arresto de Zulma Guzm\u00e1n en Londres y el avance de su extradici\u00f3n<\/a><\/h2>\n<\/header>\n<\/article>\n<article class=\"c  c--m-n   \" data-word=\"0\">\n<header class=\"c_h\"><time datetime=\"2026-01-29T01:47:27+01:00\" class=\"c_da\">01:47<\/time><\/p>\n<h2 class=\"c_t \"><a href=\"https:\/\/elpais.com\/america\/2026-01-29\/america-latina-y-las-democracias-imperfectas-el-auge-de-los-liderazgos-autoritarios.html\">Am\u00e9rica Latina y las democracias imperfectas: el auge de los liderazgos autoritarios<\/a><\/h2>\n<\/header>\n<\/article>\n<\/div>\n<\/section>\n<aside class=\"w w-lmv\" data-dtm-region=\"articulo_lom\">\n<h2 class=\"w_t\"><a href=\"https:\/\/elpais.com\/lo-mas-visto\/\">Lo m\u00e1s visto<\/a><\/h2>\n<div class=\"w_b\">\n<ol class=\"_ls\">\n<li><a href=\"https:\/\/elpais.com\/economia\/2026-01-27\/trump-bendice-la-caida-del-dolar-va-muy-bien-miren-los-negocios-que-estamos-haciendo.html#?rel=lom\">Trump asegura que no le preocupa la ca\u00edda del d\u00f3lar: \u201cVa muy bien, miren los negocios que estamos haciendo\u201d<\/a><\/li>\n<li><a href=\"https:\/\/elpais.com\/espana\/2026-01-28\/ultima-hora-de-los-efectos-de-la-borrasca-kristin-en-directo.html#?rel=lom\">\u00daltima hora de la borrasca \u2018Kristin\u2019 &#8211;  28 de enero de 2026<\/a><\/li>\n<li><a href=\"https:\/\/elpais.com\/espana\/2026-01-27\/exmagistrados-del-supremo-garzon-o-carmena-cargan-contra-la-sentencia-a-garcia-ortiz-condena-la-presuncion-de-inocencia.html#?rel=lom\">Exmagistrados del Supremo, Garz\u00f3n o Carmena cargan contra la sentencia a Garc\u00eda Ortiz: \u201cCondena a la presunci\u00f3n de inocencia\u201d<\/a><\/li>\n<li><a href=\"https:\/\/elpais.com\/espana\/2026-01-27\/la-guardia-civil-investiga-a-un-hombre-por-robar-571-pinos-pinoneros-en-valladolid-y-utilizarlos-para-hacer-biomasa.html#?rel=lom\">La Guardia Civil investiga a un hombre por robar 571 pinos pi\u00f1oneros en Valladolid y utilizarlos para hacer biomasa<\/a><\/li>\n<li><a href=\"https:\/\/elpais.com\/internacional\/2026-01-27\/francia-y-espana-replican-a-rutte-que-no-es-ningun-sueno-que-europa-aspire-a-defenderse-sola.html#?rel=lom\">Francia y Espa\u00f1a replican a Rutte que no es \u201cning\u00fan sue\u00f1o\u201d que Europa aspire a defenderse sola<\/a><\/li>\n<\/ol>\n<\/div>\n<\/aside>\n<\/div>\n<\/article>\n<article class=\"c  c--m-n   \" data-word=\"0\">\n<header class=\"c_h\"><time datetime=\"2026-01-29T02:49:41+01:00\" class=\"c_da\">02:49<\/time><\/p>\n<h2 class=\"c_t \"><a href=\"https:\/\/elpais.com\/america-colombia\/2026-01-29\/diogenes-quintero-el-lider-social-que-llevo-la-voz-del-catatumbo-al-congreso-y-murio-en-el-accidente-de-satena.html\">Di\u00f3genes Quintero, el l\u00edder social que llev\u00f3 la voz del Catatumbo al Congreso y muri\u00f3 en el accidente de Satena<\/a><\/h2>\n<\/header>\n<\/article>\n<article class=\"c  c--m-n   \" data-word=\"0\">\n<header class=\"c_h\"><time datetime=\"2026-01-29T01:51:50+01:00\" class=\"c_da\">01:51<\/time><\/p>\n<h2 class=\"c_t \"><a href=\"https:\/\/elpais.com\/mexico\/2026-01-29\/rumbo-al-mundial-asi-sera-el-recorrido-del-trofeo-de-la-fifa-por-mexico.html\">Rumbo al mundial: as\u00ed ser\u00e1 el recorrido del trofeo de la FIFA por M\u00e9xico<\/a><\/h2>\n<\/header>\n<\/article>\n<article class=\"c  c--m-n   \" data-word=\"0\">\n<header class=\"c_h\"><time datetime=\"2026-01-29T01:50:28+01:00\" class=\"c_da\">01:50<\/time><\/p>\n<h2 class=\"c_t \"><a href=\"https:\/\/elpais.com\/america-colombia\/2026-01-29\/lo-que-se-sabe-del-caso-de-las-frambuesas-envenenadas-con-talio-el-arresto-de-zulma-guzman-en-londres-y-el-avance-de-su-extradicion.html\">Lo que se sabe del caso de las frambuesas envenenadas con talio: el arresto de Zulma Guzm\u00e1n en Londres y el avance de su extradici\u00f3n<\/a><\/h2>\n<\/header>\n<\/article>\n<article class=\"c  c--m-n   \" data-word=\"0\">\n<header class=\"c_h\"><time datetime=\"2026-01-29T01:47:27+01:00\" class=\"c_da\">01:47<\/time><\/p>\n<h2 class=\"c_t \"><a href=\"https:\/\/elpais.com\/america\/2026-01-29\/america-latina-y-las-democracias-imperfectas-el-auge-de-los-liderazgos-autoritarios.html\">Am\u00e9rica Latina y las democracias imperfectas: el auge de los liderazgos autoritarios<\/a><\/h2>\n<\/header>\n<\/article>\n<p> Source URL: https:\/\/elpais.com\/economia\/vivienda\/2026-01-28\/el-alquiler-se-acerca-a-su-techo-porque-los-inquilinos-ya-no-pueden-pagar-mas.html<\/p>\n","protected":false},"excerpt":{"rendered":"<p>Vivienda El alquiler se acerca a su techo porque los inquilinos ya no pueden pagar m\u00e1s, seg\u00fan un estudio Un informe del Observatorio del Alquiler concluye que los precios subieron un 5,9% en 2025, menos que en 2024, por \u201cla imposibilidad de los inquilinos de asumir m\u00e1s renta\u201d Un cartel que anuncia que se alquila [&hellip;]<\/p>\n","protected":false},"author":1,"featured_media":1514624,"comment_status":"open","ping_status":"","sticky":false,"template":"","format":"standard","meta":{"footnotes":""},"categories":[88],"tags":[92],"class_list":["post-1514623","post","type-post","status-publish","format-standard","has-post-thumbnail","hentry","category-spain","tag-elpais-com"],"_links":{"self":[{"href":"https:\/\/analyse.optim.biz\/index.php?rest_route=\/wp\/v2\/posts\/1514623","targetHints":{"allow":["GET"]}}],"collection":[{"href":"https:\/\/analyse.optim.biz\/index.php?rest_route=\/wp\/v2\/posts"}],"about":[{"href":"https:\/\/analyse.optim.biz\/index.php?rest_route=\/wp\/v2\/types\/post"}],"author":[{"embeddable":true,"href":"https:\/\/analyse.optim.biz\/index.php?rest_route=\/wp\/v2\/users\/1"}],"replies":[{"embeddable":true,"href":"https:\/\/analyse.optim.biz\/index.php?rest_route=%2Fwp%2Fv2%2Fcomments&post=1514623"}],"version-history":[{"count":0,"href":"https:\/\/analyse.optim.biz\/index.php?rest_route=\/wp\/v2\/posts\/1514623\/revisions"}],"wp:featuredmedia":[{"embeddable":true,"href":"https:\/\/analyse.optim.biz\/index.php?rest_route=\/wp\/v2\/media\/1514624"}],"wp:attachment":[{"href":"https:\/\/analyse.optim.biz\/index.php?rest_route=%2Fwp%2Fv2%2Fmedia&parent=1514623"}],"wp:term":[{"taxonomy":"category","embeddable":true,"href":"https:\/\/analyse.optim.biz\/index.php?rest_route=%2Fwp%2Fv2%2Fcategories&post=1514623"},{"taxonomy":"post_tag","embeddable":true,"href":"https:\/\/analyse.optim.biz\/index.php?rest_route=%2Fwp%2Fv2%2Ftags&post=1514623"}],"curies":[{"name":"wp","href":"https:\/\/api.w.org\/{rel}","templated":true}]}}