{"id":1514589,"date":"2026-01-28T09:29:03","date_gmt":"2026-01-28T06:29:03","guid":{"rendered":"https:\/\/analyse.optim.biz\/?p=1514589"},"modified":"2026-01-28T09:29:03","modified_gmt":"2026-01-28T06:29:03","slug":"azcon-sanchez-usa-las-pensiones-y-a-los-pensionistas-para-hacer-politica","status":"publish","type":"post","link":"https:\/\/analyse.optim.biz\/?p=1514589","title":{"rendered":"Azc\u00f3n: \u201cS\u00e1nchez usa las pensiones y a los pensionistas para hacer pol\u00edtica\u201d"},"content":{"rendered":"<article id=\"main-content\" class=\"a _g _g-lg _g-o\">\n<header class=\"a_e _g _g-xs\">\n<div class=\"a_e_txt _df\">\n<div class=\"a_k _df\"><a class=\"a_k_n\" href=\"https:\/\/elpais.com\/espana\/elecciones-aragon\/\">Elecciones aragonesas<\/a><\/div>\n<h1 class=\"a_t\">Azc\u00f3n: \u201cS\u00e1nchez usa las pensiones y a los pensionistas para hacer pol\u00edtica\u201d<\/h1>\n<p class=\"a_st\">El presidente de Arag\u00f3n y candidato del PP rechaza tambi\u00e9n la regularizaci\u00f3n de inmigrantes y pide que conozcan el espa\u00f1ol como otro requisito<\/p>\n<\/div>\n<div class=\"a_e_m\">\n<figure class=\"a_m a_m-h \"><span class=\"a_m_w _db\"><img fetchpriority=\"high\" decoding=\"async\" class=\"_re  a_m-h\" height=\"277\" width=\"414\" src=\"https:\/\/analyse.optim.biz\/wp-content\/uploads\/2026\/01\/c7yq77cikfinbjuyt7k4giqhae-1.jpg\" loading=\"eager\" title=\"c7yq77cikfinbjuyt7k4giqhae-1\"><\/span><figcaption class=\"a_m_p\" aria-hidden=\"true\"><span>El candidato del PP a la Presidencia de Arag\u00f3n, Jorge Azc\u00f3n, junto al consejero de Sanidad, Jos\u00e9 Luis Bancalero, este martes.<\/span><span class=\"a_m_m\">PP ARAG\u00d3N (PP ARAG\u00d3N)<\/span><\/figcaption><\/figure>\n<\/div>\n<\/header>\n<div class=\"a_md _g _g-xs ni\">\n<div class=\"a_md_txt\">\n<div class=\"a_md_a\" data-dtm-region=\"articulo_firma\"><a href=\"https:\/\/elpais.com\/autor\/eva-maria-perez-sorribes\/#?rel=author_top\" title=\"Ver todas las noticias de Eva P\u00e9rez Sorribes\" class=\"a_md_a_n\">Eva P\u00e9rez Sorribes<\/a><\/div>\n<div class=\"a_md_f\"><span>Zaragoza &#8211; <a href=\"https:\/\/elpais.com\/hemeroteca\/2026-01-28\/\" data-date=\"2026-01-28T10:29:03+01:00\"><time data-date=\"2026-01-28T10:29:03+01:00\" datetime=\"2026-01-28T10:29:03+01:00\" id=\"article_date_p\">28 ene 2026 &#8211; 10:29<abbr title=\"Central European Time\">CET<\/abbr><\/time><\/a><\/span><\/div>\n<div class=\"w_rs\" data-dtm-region=\"articulo_botonera-social\">\n<div class=\"w_rs_i\"><a class=\"_btn hidden\" href=\"\/\/send?text=Azc%C3%B3n%3A%20%E2%80%9CS%C3%A1nchez%20usa%20las%20pensiones%20y%20a%20los%20pensionistas%20para%20hacer%20pol%C3%ADtica%E2%80%9D%0D%0A%0D%0Ahttps%3A%2F%2Felpais.com%2Fespana%2Felecciones-aragon%2F2026-01-28%2Fazcon-sanchez-usa-las-pensiones-y-a-los-pensionistas-para-hacer-politica.html%3Fssm=whatsapp_CC\" data-action=\"share\/whatsapp\/share\" data-param-description=\"Azc\u00f3n: \u201cS\u00e1nchez usa las pensiones y a los pensionistas para hacer pol\u00edtica\u201d\" data-param-href=\"https:\/\/elpais.com\/espana\/elecciones-aragon\/2026-01-28\/azcon-sanchez-usa-las-pensiones-y-a-los-pensionistas-para-hacer-politica.html\" data-param-text=\"Azc\u00f3n: \u201cS\u00e1nchez usa las pensiones y a los pensionistas para hacer pol\u00edtica\u201d https:\/\/elpais.com\/espana\/elecciones-aragon\/2026-01-28\/azcon-sanchez-usa-las-pensiones-y-a-los-pensionistas-para-hacer-politica.html\" data-param-url=\"https:\/\/elpais.com\/espana\/elecciones-aragon\/2026-01-28\/azcon-sanchez-usa-las-pensiones-y-a-los-pensionistas-para-hacer-politica.html\" target=\"_blank\" rel=\"noopener noreferrer\" data-share-track-dtm=\"whatsapp\" id=\"btn_share_whatsapp_178\"><span class=\"_sr\">Compartir en Whatsapp<\/span><\/a><\/div>\n<div class=\"w_rs_i\"><a class=\"_btn \" href=\"https:\/\/www.facebook.com\/dialog\/share?display=popup&amp;app_id=94039431626&amp;href=https%3A%2F%2Felpais.com%2Fespana%2Felecciones-aragon%2F2026-01-28%2Fazcon-sanchez-usa-las-pensiones-y-a-los-pensionistas-para-hacer-politica.html%3Fssm=FB_CC&amp;quote=Azc%C3%B3n%3A%20%E2%80%9CS%C3%A1nchez%20usa%20las%20pensiones%20y%20a%20los%20pensionistas%20para%20hacer%20pol%C3%ADtica%E2%80%9D\" data-param-app_id=\"94039431626\" data-param-description=\"Azc\u00f3n: \u201cS\u00e1nchez usa las pensiones y a los pensionistas para hacer pol\u00edtica\u201d\" data-param-href=\"https:\/\/elpais.com\/espana\/elecciones-aragon\/2026-01-28\/azcon-sanchez-usa-las-pensiones-y-a-los-pensionistas-para-hacer-politica.html\" data-param-text=\"Azc\u00f3n: \u201cS\u00e1nchez usa las pensiones y a los pensionistas para hacer pol\u00edtica\u201d\" data-param-url=\"https:\/\/elpais.com\/espana\/elecciones-aragon\/2026-01-28\/azcon-sanchez-usa-las-pensiones-y-a-los-pensionistas-para-hacer-politica.html\" target=\"_blank\" rel=\"noopener noreferrer\" data-share-track-dtm=\"facebook\" id=\"btn_share_facebook_178\"><span class=\"_sr\">Compartir en Facebook<\/span><\/a><\/div>\n<div class=\"w_rs_i\"><a class=\"_btn \" href=\"https:\/\/twitter.com\/intent\/tweet?url=https%3A%2F%2Felpais.com%2Fespana%2Felecciones-aragon%2F2026-01-28%2Fazcon-sanchez-usa-las-pensiones-y-a-los-pensionistas-para-hacer-politica.html%3Fssm=TW_CC&amp;text=Azc%C3%B3n%3A%20%E2%80%9CS%C3%A1nchez%20usa%20las%20pensiones%20y%20a%20los%20pensionistas%20para%20hacer%20pol%C3%ADtica%E2%80%9D&amp;via=el_pais&amp;lang=es\" data-param-description=\"Azc\u00f3n: \u201cS\u00e1nchez usa las pensiones y a los pensionistas para hacer pol\u00edtica\u201d\" data-param-href=\"https:\/\/elpais.com\/espana\/elecciones-aragon\/2026-01-28\/azcon-sanchez-usa-las-pensiones-y-a-los-pensionistas-para-hacer-politica.html\" data-param-text=\"Azc\u00f3n: \u201cS\u00e1nchez usa las pensiones y a los pensionistas para hacer pol\u00edtica\u201d via @el_pais\" data-param-url=\"https:\/\/elpais.com\/espana\/elecciones-aragon\/2026-01-28\/azcon-sanchez-usa-las-pensiones-y-a-los-pensionistas-para-hacer-politica.html\" target=\"_blank\" rel=\"noopener noreferrer\" data-share-track-dtm=\"twitter\" id=\"btn_share_twitter_178\"><span class=\"_sr\">Compartir en Twitter<\/span><\/a><\/div>\n<div class=\"w_rs_i\"><a class=\"_btn \" href=\"https:\/\/bsky.app\/intent\/compose?text=https%3A%2F%2Felpais.com%2Fespana%2Felecciones-aragon%2F2026-01-28%2Fazcon-sanchez-usa-las-pensiones-y-a-los-pensionistas-para-hacer-politica.html%3Fssm=bsky_CC\" data-param-description=\"Azc\u00f3n: \u201cS\u00e1nchez usa las pensiones y a los pensionistas para hacer pol\u00edtica\u201d\" data-param-href=\"https:\/\/elpais.com\/espana\/elecciones-aragon\/2026-01-28\/azcon-sanchez-usa-las-pensiones-y-a-los-pensionistas-para-hacer-politica.html\" data-param-text=\"Azc\u00f3n: \u201cS\u00e1nchez usa las pensiones y a los pensionistas para hacer pol\u00edtica\u201d\" data-param-url=\"https:\/\/elpais.com\/espana\/elecciones-aragon\/2026-01-28\/azcon-sanchez-usa-las-pensiones-y-a-los-pensionistas-para-hacer-politica.html\" target=\"_blank\" rel=\"noopener noreferrer\" data-share-track-dtm=\"bluesky\" id=\"btn_share_bluesky_178\"><span class=\"_sr\">Compartir en Bluesky<\/span><\/a><\/div>\n<div class=\"w_rs_i\"><a class=\"_btn \" href=\"https:\/\/www.linkedin.com\/sharing\/share-offsite\/?url=https%3A%2F%2Felpais.com%2Fespana%2Felecciones-aragon%2F2026-01-28%2Fazcon-sanchez-usa-las-pensiones-y-a-los-pensionistas-para-hacer-politica.html%3Fssm=LK_CC\" data-param-description=\"Azc\u00f3n: \u201cS\u00e1nchez usa las pensiones y a los pensionistas para hacer pol\u00edtica\u201d\" data-param-href=\"https:\/\/elpais.com\/espana\/elecciones-aragon\/2026-01-28\/azcon-sanchez-usa-las-pensiones-y-a-los-pensionistas-para-hacer-politica.html\" data-param-text=\"Azc\u00f3n: \u201cS\u00e1nchez usa las pensiones y a los pensionistas para hacer pol\u00edtica\u201d\" data-param-url=\"https:\/\/elpais.com\/espana\/elecciones-aragon\/2026-01-28\/azcon-sanchez-usa-las-pensiones-y-a-los-pensionistas-para-hacer-politica.html\" target=\"_blank\" rel=\"noopener noreferrer\" data-share-track-dtm=\"linkedin\" id=\"btn_share_linkedin_178\"><span class=\"_sr\">Compartir en Linkedin<\/span><\/a><\/div>\n<div class=\"w_rs_i\"><a class=\"_btn rs_l\" href=\"https:\/\/elpais.com\/espana\/elecciones-aragon\/2026-01-28\/azcon-sanchez-usa-las-pensiones-y-a-los-pensionistas-para-hacer-politica.html#?prm=copy_link\" data-share-track-dtm=\"copiar_url\" id=\"btn_share_link_37\"><span class=\"_sr\">Copiar enlace<\/span><\/a><\/div>\n<div class=\"w_rs_i\"><a class=\"_btn rs_c\" href=\"https:\/\/elpais.com\/espana\/elecciones-aragon\/2026-01-28\/azcon-sanchez-usa-las-pensiones-y-a-los-pensionistas-para-hacer-politica.html#comments_container\" aria-expanded=\"false\" aria-controls=\"me-c\" data-share-track-dtm=\"eskup\" id=\"btn_share_comments_37\"><span class=\"_sr\">Ir a los comentarios<\/span><\/a><\/div>\n<\/div>\n<\/div>\n<\/div>\n<div class=\"a_c clearfix\" data-dtm-region=\"articulo_cuerpo\">\n<p class>El presidente de Arag\u00f3n y candidato del PP, <a href=\"https:\/\/elpais.com\/noticias\/jorge-azcon-navarro\/\" target=\"_blank\" rel=\"noreferrer\" title=\"https:\/\/elpais.com\/noticias\/jorge-azcon-navarro\/\">Jorge Azc\u00f3n, <\/a>ha rechazado esta ma\u00f1ana el decreto \u00f3mnibus que incluye la revalorizaci\u00f3n de las pensiones porque considera que \u201ces muy triste utilizar a los mayores para hacer pol\u00edtica\u201d. Azc\u00f3n ha defendido as\u00ed que su partido <a href=\"https:\/\/elpais.com\/espana\/2026-01-27\/pp-vox-y-junts-se-unen-para-tumbar-la-revalorizacion-ya-de-las-pensiones-y-el-escudo-social.html\" target=\"_blank\" rel=\"noreferrer\" title=\"https:\/\/elpais.com\/espana\/2026-01-27\/pp-vox-y-junts-se-unen-para-tumbar-la-revalorizacion-ya-de-las-pensiones-y-el-escudo-social.html\">haya tumbado este decreto junto con los votos de Junts y Vox<\/a>. Seg\u00fan ha explicado en una entrevista en la Cadena SER, el aragon\u00e9s considera que de este modo \u201cse dificulta un debate espec\u00edfico sobre esta cuesti\u00f3n\u201d por lo que ha defendido que su partido pidiera que la iniciativa se votara por separado. <\/p>\n<p class>Para el bar\u00f3n popular, incluir en este decreto la protecci\u00f3n de colectivos vulnerables y la okupaci\u00f3n de viviendas ha provocado \u201cque lo positivo quede condicionado por lo negativo\u201d. Aunque no ha podido concretar con datos si realmente <a href=\"https:\/\/elpais.com\/economia\/2025-03-15\/la-paradoja-de-la-okupacion-cuando-el-miedo-gana-a-la-estadistica.html\" target=\"_blank\" rel=\"noreferrer\" title=\"https:\/\/elpais.com\/economia\/2025-03-15\/la-paradoja-de-la-okupacion-cuando-el-miedo-gana-a-la-estadistica.html\">lo que llamaba \u201cinquiokupaci\u00f3n\u201d <\/a>supone realmente un problema en su tierra. \u201cSon cientos los que conocemos en Arag\u00f3n que sufren casos como este\u201d respond\u00eda sin precisar cuando le ped\u00edan un dato sobre la magnitud de afectados. \u201cNo me quiero equivocar con una cifra\u201d se disculpaba. <\/p>\n<p class>Azc\u00f3n tambi\u00e9n se ha expresado en contra de la <a href=\"https:\/\/elpais.com\/espana\/2026-01-27\/los-inmigrantes-podran-solicitar-su-regularizacion-entre-abril-y-junio.html\" target=\"_blank\" rel=\"noreferrer\" title=\"https:\/\/elpais.com\/espana\/2026-01-27\/los-inmigrantes-podran-solicitar-su-regularizacion-entre-abril-y-junio.html\">regularizaci\u00f3n de inmigrantes aprobada este martes por el Consejo de Ministros<\/a>, que ve como \u201cpura supervivencia pol\u00edtica en este momento\u201d. El dirigente aragon\u00e9s afirma que \u201cresponde a razones pol\u00edticas como la financiaci\u00f3n con Catalu\u00f1a o las medidas pactadas con Bildu sobre vivienda\u201d y, seg\u00fan \u00e9l, \u201cla inmigraci\u00f3n debe ser ordenada, debe requerir m\u00e1s reflexi\u00f3n y no tanta conveniencia pol\u00edtica\u201d porque podr\u00eda abrir la puerta a regularizar a personas con causas pendientes en la Justicia. Y a\u00f1ad\u00eda un requisito m\u00e1s para poder ser regularizado: el idioma. Para Azc\u00f3n, es imprescindible que los inmigrantes conozcan el idioma espa\u00f1ol porque \u201clo l\u00f3gico es que quien viene a vivir a nuestro pa\u00eds conozca nuestra lengua, por una sencilla raz\u00f3n, los que vienen a trabajar tienen que integrarse\u201d.<\/p>\n<p class>Este mi\u00e9rcoles, Azc\u00f3n visita, acompa\u00f1ado de Alberto N\u00fa\u00f1ez Feij\u00f3o, el municipio de Figueruelas, en el cintur\u00f3n de Zaragoza, donde se est\u00e1 levantando la f\u00e1brica de bater\u00edas de la china CATL para Stellantis. Hasta all\u00ed est\u00e1n llegando trabajadores del gigante asi\u00e1tico para implantar esta tecnolog\u00eda y el candidato la pon\u00eda de ejemplo: \u201cEn esa f\u00e1brica trabajar\u00e1n entre 1.500 y 2.000 personas chinas por un tiempo, y se hace de forma ordenada y regulada\u201d. Sin embargo, cuando se le ha preguntado por si ellos saben espa\u00f1ol, ha contestado que \u201cno s\u00e9 si est\u00e1 entre los requisitos, pero no es lo mismo cuando hablamos de la regularizaci\u00f3n masiva del Gobierno, porque deben integrarse\u201d.<\/p>\n<p class>El presidente de Arag\u00f3n y candidato ha hablado tambi\u00e9n de sanidad y uno de sus temas estrella, la financiaci\u00f3n auton\u00f3mica que plantea el Gobierno de Espa\u00f1a. Modelo que rechaza porque no incluye el criterio de despoblaci\u00f3n y por la ordinalidad para Catalu\u00f1a. El aragon\u00e9s prefiere el \u201cmodelo Madrid\u201d y lo ha defendido porque \u201cla comunidad madrile\u00f1a lidera en empleo, renta y crecimiento econ\u00f3mico\u201d y es \u201cuno de los principales motores del pa\u00eds\u201d. De hecho, <a href=\"https:\/\/elpais.com\/espana\/2026-01-25\/azcon-tira-de-ayuso-para-la-campana-del-pp-en-aragon-opino-como-isabel-el-sistema-ferroviario-es-un-escandalo.html\" target=\"_blank\" rel=\"noreferrer\" title=\"https:\/\/elpais.com\/espana\/2026-01-25\/azcon-tira-de-ayuso-para-la-campana-del-pp-en-aragon-opino-como-isabel-el-sistema-ferroviario-es-un-escandalo.html\">Isabel D\u00edaz Ayuso ya ha estado dos veces en Arag\u00f3n en estos d\u00edas<\/a>. Elogiando a su hom\u00f3loga, Azc\u00f3n dec\u00eda que cuenta con \u201clas mejores listas de espera de Espa\u00f1a\u201d y ha afirmado que Arag\u00f3n sigue reduciendo tiempos, aunque a\u00fan queda margen de mejora. Ha negado que su Gobierno est\u00e9 privatizando la sanidad y ha acusado al anterior Ejecutivo socialista de ser quien m\u00e1s recursos destin\u00f3 a conciertos privados. Ha defendido, adem\u00e1s, que su Ejecutivo \u201cha incrementado en m\u00e1s de 500 millones la inversi\u00f3n en sanidad p\u00fablica\u201d.<\/p>\n<p class>Sobre su pr\u00f3xima cita con las urnas, Jorge Azc\u00f3n reconoc\u00eda no esperar una mayor\u00eda absoluta, \u201cen Arag\u00f3n nunca la ha habido\u201d dec\u00eda tras volver a defender que no se puede gobernar sin presupuestos y \u201cpor coherencia hay que convocar elecciones\u201d. Pero si en Arag\u00f3n se repite el bloqueo de Vox como est\u00e1 ocurriendo en Extremadura, el presidente al que le sonr\u00eden las encuestas para revalidar el cargo, se despacha con \u201cellos son los que lo tendr\u00e1n que explicar\u201d.<\/p>\n<\/div>\n<div id=\"me-dis\" class=\"me _pf\">\n<div class=\"me_bg\">\n<div class=\"me-dis _pa _df\">\n<div class=\"me-dis_c\">\n<h2 class=\"me-dis_t\">Tu suscripci\u00f3n se est\u00e1 usando en otro dispositivo<\/h2>\n<p>\u00bfQuieres a\u00f1adir otro usuario a tu suscripci\u00f3n?<\/p>\n<div class=\"me-dis_l\"><a href=\"https:\/\/elpais.com\/suscripciones\/premium\/upgrade\/?utm_source=autopromo&amp;utm_medium=interno&amp;utm_campaign=YYYY_MM_capping_upgrade\" id=\"capping-upgrade\" class=\"btn\">A\u00f1adir usuario<\/a><a href=\"https:\/\/elpais.com\/espana\/elecciones-aragon\/2026-01-28\/azcon-sanchez-usa-las-pensiones-y-a-los-pensionistas-para-hacer-politica.html\" id=\"capping-continue\" class=\"btn btn-b\">Continuar leyendo aqu\u00ed<\/a><\/div>\n<p>Si contin\u00faas leyendo en este dispositivo, no se podr\u00e1 leer en el otro.<\/p>\n<p class=\"lk\"><a href=\"https:\/\/elpais.com\/espana\/elecciones-aragon\/2026-01-28\/azcon-sanchez-usa-las-pensiones-y-a-los-pensionistas-para-hacer-politica.html\" id=\"capping-show-more-button\">\u00bfPor qu\u00e9 est\u00e1s viendo esto?<\/a><\/p>\n<p><span class=\"arrow\" id=\"capping-arrow\">Flecha<\/span><\/p>\n<div class=\"me-dis_d\">\n<div class=\"me-dis_d_t\">\n<h2 class=\"enc\">Tu suscripci\u00f3n se est\u00e1 usando en otro dispositivo y solo puedes acceder a EL PA\u00cdS desde un dispositivo a la vez.<\/h2>\n<div class=\"tx\">\n<p>Si quieres compartir tu cuenta, cambia tu suscripci\u00f3n a la modalidad Premium, as\u00ed podr\u00e1s a\u00f1adir otro usuario. Cada uno acceder\u00e1 con su propia cuenta de email, lo que os permitir\u00e1 personalizar vuestra experiencia en EL PA\u00cdS.<\/p>\n<p>\u00bfTienes una suscripci\u00f3n de empresa? Accede <a target=\"_blank\" rel=\"noreferrer\" href=\"https:\/\/elpais.com\/suscripciones\/premium\/upgrade\/\">aqu\u00ed<\/a> para contratar m\u00e1s cuentas.<\/p>\n<p>En el caso de no saber qui\u00e9n est\u00e1 usando tu cuenta, te recomendamos cambiar tu contrase\u00f1a <a target=\"_blank\" rel=\"noreferrer\" href=\"https:\/\/elpais.com\/subscriptions\/#\/forgot-password\">aqu\u00ed.<\/a><\/p>\n<p>Si decides continuar compartiendo tu cuenta, este mensaje se mostrar\u00e1 en tu dispositivo y en el de la otra persona que est\u00e1 usando tu cuenta de forma indefinida, afectando a tu experiencia de lectura. Puedes <a target=\"_blank\" rel=\"noreferrer\" href=\"https:\/\/elpais.com\/suscripciones\/condiciones-generales-servicios\/\">consultar aqu\u00ed los t\u00e9rminos y condiciones de la suscripci\u00f3n digital.<\/a><\/p>\n<\/div>\n<\/div>\n<\/div>\n<\/div>\n<\/div>\n<\/div>\n<\/div>\n<aside class=\"w w-fid\">\n<div class=\"w_b\">\n<div class=\"w-fid_t\"><a href=\"https:\/\/usuarios.elpais.com\/newsletters\/?id_externo_promo=not_newsletters_gen\">Recibe la mejor informaci\u00f3n en tu bandeja de entrada<\/a><\/div>\n<div class=\"w-fid_s\">\n<div class=\"w_rs\">\n<div class=\"w_rs_i\"><a class=\"_btn\" href=\"https:\/\/www.facebook.com\/elpais\" rel=\"nofollow\"><span class=\"_sr\">Espana El Pa\u00eds en Facebook<\/span><\/a><\/div>\n<div class=\"w_rs_i\"><a class=\"_btn\" href=\"https:\/\/www.instagram.com\/el_pais\/\" rel=\"nofollow\"><span class=\"_sr\">Espana El Pa\u00eds en Instagram<\/span><\/a><\/div>\n<div class=\"w_rs_i\"><a class=\"_btn\" href=\"https:\/\/twitter.com\/el_pais\" rel=\"nofollow\"><span class=\"_sr\">Espana El Pa\u00eds en Twitter<\/span><\/a><\/div>\n<\/div>\n<\/div>\n<\/div>\n<\/aside>\n<aside class=\"a_com w w-com _df\"><a class=\"a_com_l\" href=\"https:\/\/elpais.com\/info\/normas-de-participacion\/\">Normas \u203a<\/a><\/aside>\n<div class=\"me _pf\" id=\"me-c\">\n<div class=\"me_bg\">\n<div class=\"me-c _pa\" id=\"comments_container\" data-dtm-region=\"articulo_comentarios\">\n<div class=\"me_f me_f-os me_cc\"><a href=\"https:\/\/plus.elpais.com\/perfil\/actividad\/\">Mis comentarios<\/a><a href=\"https:\/\/elpais.com\/info\/normas-de-participacion\/\">Normas<\/a><\/div>\n<div class=\"me_f me_f-ns\"><span class=\"me_f_txt _db\">Rellena tu <b>nombre y apellido<\/b> para comentar<\/span><a href=\"https:\/\/plus.elpais.com\/autorization.html\/?prod=COM&amp;backURL=https%3A%2F%2Felpais.com%2Fespana%2Felecciones-aragon%2F2026-01-28%2Fazcon-sanchez-usa-las-pensiones-y-a-los-pensionistas-para-hacer-politica.html\" class=\"btn btn-2\">completar datos<\/a><\/div>\n<div class=\"me_f\" id=\"comments_msg\"><a class=\"btn btn-2\" href=\"https:\/\/elpais.com\/suscripciones\/#\/campaign?prod=SUSDIGCRART&amp;o=COM&amp;prm=suscrip_articulo_comentarios_el-pais&amp;backURL=https%3A%2F%2Felpais.com%2Fespana%2Felecciones-aragon%2F2026-01-28%2Fazcon-sanchez-usa-las-pensiones-y-a-los-pensionistas-para-hacer-politica.html\" id=\"comments_subscribe_link\" data-link-am=\"https:\/\/elpais.com\/suscripciones\/america\/#\/campaign?prod=SUSDIGCRARTAM&amp;o=COMAM&amp;prm=suscrip_articulo_comentarios_el-pais-america&amp;backURL=https%3A%2F%2Felpais.com%2Fespana%2Felecciones-aragon%2F2026-01-28%2Fazcon-sanchez-usa-las-pensiones-y-a-los-pensionistas-para-hacer-politica.html\" data-link-mx=\"https:\/\/elpais.com\/suscripciones\/america\/#\/campaign?prod=SUSDIGMX&amp;o=COMMX&amp;prm=suscrip_articulo_comentarios_el-pais-mexico&amp;backURL=https%3A%2F%2Felpais.com%2Fespana%2Felecciones-aragon%2F2026-01-28%2Fazcon-sanchez-usa-las-pensiones-y-a-los-pensionistas-para-hacer-politica.html\" data-link-co=\"https:\/\/elpais.com\/suscripciones\/america\/#\/campaign?prod=SUSDIGCOL&amp;o=COMCOL&amp;prm=suscrip_articulo_comentarios_el-pais_colombia&amp;backURL=https%3A%2F%2Felpais.com%2Fespana%2Felecciones-aragon%2F2026-01-28%2Fazcon-sanchez-usa-las-pensiones-y-a-los-pensionistas-para-hacer-politica.html\" data-link-ar=\"https:\/\/elpais.com\/suscripciones\/america\/#\/campaign?prod=SUSDIGCRARTAR&amp;o=COMAR&amp;backURL=https%3A%2F%2Felpais.com%2Fespana%2Felecciones-aragon%2F2026-01-28%2Fazcon-sanchez-usa-las-pensiones-y-a-los-pensionistas-para-hacer-politica.html\" data-link-cl=\"https:\/\/elpais.com\/suscripciones\/america\/#\/campaign?prod=SUSDIGCHILE&amp;o=COMCHILE&amp;backURL=https%3A%2F%2Felpais.com%2Fespana%2Felecciones-aragon%2F2026-01-28%2Fazcon-sanchez-usa-las-pensiones-y-a-los-pensionistas-para-hacer-politica.html\" data-link-us=\"https:\/\/elpais.com\/suscripciones\/america\/#\/campaign?prod=SUSDIGCRARTEUCAN&amp;o=COMUS&amp;prm=suscrip_articulo_comentarios_el-pais_eucan&amp;backURL=https%3A%2F%2Felpais.com%2Fespana%2Felecciones-aragon%2F2026-01-28%2Fazcon-sanchez-usa-las-pensiones-y-a-los-pensionistas-para-hacer-politica.html\">Suscr\u00edbete en El Pa\u00eds para participar<\/a><a class=\"btn btn-3\" href=\"https:\/\/elpais.com\/subscriptions\/#\/sign-in?prod=REG&amp;o=COM&amp;prm=login_articulo_comentarios_el-pais&amp;backURL=https%3A%2F%2Felpais.com%2Fespana%2Felecciones-aragon%2F2026-01-28%2Fazcon-sanchez-usa-las-pensiones-y-a-los-pensionistas-para-hacer-politica.html\" id=\"comments_login_link\" data-link-am=\"https:\/\/elpais.com\/subscriptions\/#\/sign-in?prod=REG&amp;o=COM&amp;prm=login_articulo_comentarios_el-pais-america&amp;backURL=https%3A%2F%2Felpais.com%2Fespana%2Felecciones-aragon%2F2026-01-28%2Fazcon-sanchez-usa-las-pensiones-y-a-los-pensionistas-para-hacer-politica.html\" data-link-mx=\"https:\/\/elpais.com\/subscriptions\/#\/sign-in?prod=REG&amp;o=COM&amp;prm=login_articulo_comentarios_el-pais-mexico&amp;backURL=https%3A%2F%2Felpais.com%2Fespana%2Felecciones-aragon%2F2026-01-28%2Fazcon-sanchez-usa-las-pensiones-y-a-los-pensionistas-para-hacer-politica.html\" data-link-co=\"https:\/\/elpais.com\/subscriptions\/#\/sign-in?prod=REG&amp;o=COM&amp;backURL=https%3A%2F%2Felpais.com%2Fespana%2Felecciones-aragon%2F2026-01-28%2Fazcon-sanchez-usa-las-pensiones-y-a-los-pensionistas-para-hacer-politica.html\" data-link-ar=\"https:\/\/elpais.com\/subscriptions\/#\/sign-in?prod=REG&amp;o=COM&amp;backURL=https%3A%2F%2Felpais.com%2Fespana%2Felecciones-aragon%2F2026-01-28%2Fazcon-sanchez-usa-las-pensiones-y-a-los-pensionistas-para-hacer-politica.html\" data-link-cl=\"https:\/\/elpais.com\/subscriptions\/#\/sign-in?prod=REG&amp;o=COM&amp;backURL=https%3A%2F%2Felpais.com%2Fespana%2Felecciones-aragon%2F2026-01-28%2Fazcon-sanchez-usa-las-pensiones-y-a-los-pensionistas-para-hacer-politica.html\" data-link-us=\"https:\/\/elpais.com\/subscriptions\/#\/sign-in?prod=REG&amp;o=COM&amp;backURL=https%3A%2F%2Felpais.com%2Fespana%2Felecciones-aragon%2F2026-01-28%2Fazcon-sanchez-usa-las-pensiones-y-a-los-pensionistas-para-hacer-politica.html\">Ya tengo una suscripci\u00f3n<\/a><\/div>\n<p>Please enable JavaScript to view the &lt;a href=&#8221;https:\/\/disqus.com\/?ref_noscript&#8221; rel=&#8221;nofollow&#8221;&gt; comments powered by Disqus.&lt;\/a&gt;<\/p><\/div>\n<\/div>\n<\/div>\n<section class=\"w w-ae\" data-dtm-region=\"articulo_archivado-en\">\n<h2 class=\"w_t\">Archivado En<\/h2>\n<div class=\"w_b\">\n<ul class=\"w_ul w_ul--mh _df _ls\">\n<li><a href=\"https:\/\/elpais.com\/noticias\/espana\/#?rel=arch\" rel=\"noopener noreferrer\">Espa\u00f1a<\/a><\/li>\n<li><a href=\"https:\/\/elpais.com\/noticias\/elecciones-aragonesas\/#?rel=arch\" rel=\"noopener noreferrer\">Elecciones aragonesas<\/a><\/li>\n<li><a href=\"https:\/\/elpais.com\/noticias\/elecciones\/#?rel=arch\" rel=\"noopener noreferrer\">Elecciones<\/a><\/li>\n<li><a href=\"https:\/\/elpais.com\/noticias\/jorge-azcon-navarro\/#?rel=arch\" rel=\"noopener noreferrer\">Jorge Azc\u00f3n<\/a><\/li>\n<li><a href=\"https:\/\/elpais.com\/noticias\/aragon\/#?rel=arch\" rel=\"noopener noreferrer\">Arag\u00f3n<\/a><\/li>\n<li><a href=\"https:\/\/elpais.com\/noticias\/pp-partido-popular\/#?rel=arch\" rel=\"noopener noreferrer\">PP<\/a><\/li>\n<li><a href=\"https:\/\/elpais.com\/noticias\/partidos-politicos\/#?rel=arch\" rel=\"noopener noreferrer\">Partidos pol\u00edticos<\/a><\/li>\n<li><a href=\"https:\/\/elpais.com\/noticias\/ideologias\/#?rel=arch\" rel=\"noopener noreferrer\">Ideolog\u00edas<\/a><\/li>\n<li><a href=\"https:\/\/elpais.com\/noticias\/vox-espana\/#?rel=arch\" rel=\"noopener noreferrer\">Vox<\/a><\/li>\n<li><a href=\"https:\/\/elpais.com\/noticias\/pensiones\/#?rel=arch\" rel=\"noopener noreferrer\">Pensiones<\/a><\/li>\n<li><a href=\"https:\/\/elpais.com\/noticias\/congreso-diputados\/#?rel=arch\" rel=\"noopener noreferrer\">Congreso Diputados<\/a><\/li>\n<\/ul>\n<\/div>\n<\/section>\n<aside class=\"a_tp _df\">\n<div class=\"a_tp_txt\"><span class=\"a_tp_t\">Se adhiere a los criterios de<\/span><\/p>\n<figure class=\"a_m a_m-h c_m--nf\"><a class=\"a_tp_i _dib\" href=\"https:\/\/elpais.com\/estaticos\/que-es-the-trust-project\/\" target=\"_blank\" rel=\"noopener noreferrer nofollow\"><img decoding=\"async\" alt=\"The Trust Project\" class=\" lazyload a_m-h\" height=\"20\" width=\"117\" src=\"https:\/\/analyse.optim.biz\/wp-content\/uploads\/2026\/01\/the-trust-project-285.svg\" loading=\"lazy\" title=\"the-trust-project-285\"><\/a><\/figure>\n<p><a class=\"a_tp_mi\" href=\"https:\/\/elpais.com\/estaticos\/codigo-etico\/\" target=\"_blank\" rel=\"noopener noreferrer nofollow\">M\u00e1s informaci\u00f3n<\/a><\/div>\n<div class=\"a_tp_si\">Si est\u00e1 interesado en licenciar este contenido, pinche <a class=\"a_tp_si_l\" href=\"https:\/\/profesional.elpais.com\/soluciones-sindicacion\/?utm_medium=interno&amp;utm_source=crosslinking&amp;utm_campaign=sindicacion_ep_pie_articulos\" target=\"_blank\" rel=\"noopener noreferrer nofollow\">aqu\u00ed<\/a><\/div>\n<\/aside>\n<div class=\"a_o _pr\" data-dtm-region=\"articulo_right-rail\">\n<div id=\"elpais_gpt-MPU1\" data-adtype=\"MPU\" class=\"ad ad-mpu\"><span class=\"_dn\">_<\/span><\/div>\n<section class=\"w w-sc b_col\" data-dtm-region=\"articulo_ultimas-noticias\">\n<header class=\"w_h b_col_h\">\n<h3 class=\"w_t\"><a href=\"https:\/\/elpais.com\/ultimas-noticias\/\" rel=\"story-card-ultimas-noticias\">\u00daltimas noticias<\/a><\/h3>\n<\/header>\n<div class=\"w_b\">\n<article class=\"c  c--m-n   \" data-word=\"0\">\n<header class=\"c_h\"><time datetime=\"2026-01-29T02:49:41+01:00\" class=\"c_da\">02:49<\/time><\/p>\n<h2 class=\"c_t \"><a href=\"https:\/\/elpais.com\/america-colombia\/2026-01-29\/diogenes-quintero-el-lider-social-que-llevo-la-voz-del-catatumbo-al-congreso-y-murio-en-el-accidente-de-satena.html\">Di\u00f3genes Quintero, el l\u00edder social que llev\u00f3 la voz del Catatumbo al Congreso y muri\u00f3 en el accidente de Satena<\/a><\/h2>\n<\/header>\n<\/article>\n<article class=\"c  c--m-n   \" data-word=\"0\">\n<header class=\"c_h\"><time datetime=\"2026-01-29T01:51:50+01:00\" class=\"c_da\">01:51<\/time><\/p>\n<h2 class=\"c_t \"><a href=\"https:\/\/elpais.com\/mexico\/2026-01-29\/rumbo-al-mundial-asi-sera-el-recorrido-del-trofeo-de-la-fifa-por-mexico.html\">Rumbo al mundial: as\u00ed ser\u00e1 el recorrido del trofeo de la FIFA por M\u00e9xico<\/a><\/h2>\n<\/header>\n<\/article>\n<article class=\"c  c--m-n   \" data-word=\"0\">\n<header class=\"c_h\"><time datetime=\"2026-01-29T01:50:28+01:00\" class=\"c_da\">01:50<\/time><\/p>\n<h2 class=\"c_t \"><a href=\"https:\/\/elpais.com\/america-colombia\/2026-01-29\/lo-que-se-sabe-del-caso-de-las-frambuesas-envenenadas-con-talio-el-arresto-de-zulma-guzman-en-londres-y-el-avance-de-su-extradicion.html\">Lo que se sabe del caso de las frambuesas envenenadas con talio: el arresto de Zulma Guzm\u00e1n en Londres y el avance de su extradici\u00f3n<\/a><\/h2>\n<\/header>\n<\/article>\n<article class=\"c  c--m-n   \" data-word=\"0\">\n<header class=\"c_h\"><time datetime=\"2026-01-29T01:47:27+01:00\" class=\"c_da\">01:47<\/time><\/p>\n<h2 class=\"c_t \"><a href=\"https:\/\/elpais.com\/america\/2026-01-29\/america-latina-y-las-democracias-imperfectas-el-auge-de-los-liderazgos-autoritarios.html\">Am\u00e9rica Latina y las democracias imperfectas: el auge de los liderazgos autoritarios<\/a><\/h2>\n<\/header>\n<\/article>\n<\/div>\n<\/section>\n<aside class=\"w w-lmv\" data-dtm-region=\"articulo_lom\">\n<h2 class=\"w_t\"><a href=\"https:\/\/elpais.com\/lo-mas-visto\/\">Lo m\u00e1s visto<\/a><\/h2>\n<div class=\"w_b\">\n<ol class=\"_ls\">\n<li><a href=\"https:\/\/elpais.com\/economia\/2026-01-27\/trump-bendice-la-caida-del-dolar-va-muy-bien-miren-los-negocios-que-estamos-haciendo.html#?rel=lom\">Trump asegura que no le preocupa la ca\u00edda del d\u00f3lar: \u201cVa muy bien, miren los negocios que estamos haciendo\u201d<\/a><\/li>\n<li><a href=\"https:\/\/elpais.com\/espana\/2026-01-28\/ultima-hora-de-los-efectos-de-la-borrasca-kristin-en-directo.html#?rel=lom\">\u00daltima hora de la borrasca \u2018Kristin\u2019 &#8211;  28 de enero de 2026<\/a><\/li>\n<li><a href=\"https:\/\/elpais.com\/espana\/2026-01-27\/exmagistrados-del-supremo-garzon-o-carmena-cargan-contra-la-sentencia-a-garcia-ortiz-condena-la-presuncion-de-inocencia.html#?rel=lom\">Exmagistrados del Supremo, Garz\u00f3n o Carmena cargan contra la sentencia a Garc\u00eda Ortiz: \u201cCondena a la presunci\u00f3n de inocencia\u201d<\/a><\/li>\n<li><a href=\"https:\/\/elpais.com\/espana\/2026-01-27\/la-guardia-civil-investiga-a-un-hombre-por-robar-571-pinos-pinoneros-en-valladolid-y-utilizarlos-para-hacer-biomasa.html#?rel=lom\">La Guardia Civil investiga a un hombre por robar 571 pinos pi\u00f1oneros en Valladolid y utilizarlos para hacer biomasa<\/a><\/li>\n<li><a href=\"https:\/\/elpais.com\/internacional\/2026-01-27\/francia-y-espana-replican-a-rutte-que-no-es-ningun-sueno-que-europa-aspire-a-defenderse-sola.html#?rel=lom\">Francia y Espa\u00f1a replican a Rutte que no es \u201cning\u00fan sue\u00f1o\u201d que Europa aspire a defenderse sola<\/a><\/li>\n<\/ol>\n<\/div>\n<\/aside>\n<\/div>\n<\/article>\n<article class=\"c  c--m-n   \" data-word=\"0\">\n<header class=\"c_h\"><time datetime=\"2026-01-29T02:49:41+01:00\" class=\"c_da\">02:49<\/time><\/p>\n<h2 class=\"c_t \"><a href=\"https:\/\/elpais.com\/america-colombia\/2026-01-29\/diogenes-quintero-el-lider-social-que-llevo-la-voz-del-catatumbo-al-congreso-y-murio-en-el-accidente-de-satena.html\">Di\u00f3genes Quintero, el l\u00edder social que llev\u00f3 la voz del Catatumbo al Congreso y muri\u00f3 en el accidente de Satena<\/a><\/h2>\n<\/header>\n<\/article>\n<article class=\"c  c--m-n   \" data-word=\"0\">\n<header class=\"c_h\"><time datetime=\"2026-01-29T01:51:50+01:00\" class=\"c_da\">01:51<\/time><\/p>\n<h2 class=\"c_t \"><a href=\"https:\/\/elpais.com\/mexico\/2026-01-29\/rumbo-al-mundial-asi-sera-el-recorrido-del-trofeo-de-la-fifa-por-mexico.html\">Rumbo al mundial: as\u00ed ser\u00e1 el recorrido del trofeo de la FIFA por M\u00e9xico<\/a><\/h2>\n<\/header>\n<\/article>\n<article class=\"c  c--m-n   \" data-word=\"0\">\n<header class=\"c_h\"><time datetime=\"2026-01-29T01:50:28+01:00\" class=\"c_da\">01:50<\/time><\/p>\n<h2 class=\"c_t \"><a href=\"https:\/\/elpais.com\/america-colombia\/2026-01-29\/lo-que-se-sabe-del-caso-de-las-frambuesas-envenenadas-con-talio-el-arresto-de-zulma-guzman-en-londres-y-el-avance-de-su-extradicion.html\">Lo que se sabe del caso de las frambuesas envenenadas con talio: el arresto de Zulma Guzm\u00e1n en Londres y el avance de su extradici\u00f3n<\/a><\/h2>\n<\/header>\n<\/article>\n<article class=\"c  c--m-n   \" data-word=\"0\">\n<header class=\"c_h\"><time datetime=\"2026-01-29T01:47:27+01:00\" class=\"c_da\">01:47<\/time><\/p>\n<h2 class=\"c_t \"><a href=\"https:\/\/elpais.com\/america\/2026-01-29\/america-latina-y-las-democracias-imperfectas-el-auge-de-los-liderazgos-autoritarios.html\">Am\u00e9rica Latina y las democracias imperfectas: el auge de los liderazgos autoritarios<\/a><\/h2>\n<\/header>\n<\/article>\n<p> Source URL: https:\/\/elpais.com\/espana\/elecciones-aragon\/2026-01-28\/azcon-sanchez-usa-las-pensiones-y-a-los-pensionistas-para-hacer-politica.html<\/p>\n","protected":false},"excerpt":{"rendered":"<p>Elecciones aragonesas Azc\u00f3n: \u201cS\u00e1nchez usa las pensiones y a los pensionistas para hacer pol\u00edtica\u201d El presidente de Arag\u00f3n y candidato del PP rechaza tambi\u00e9n la regularizaci\u00f3n de inmigrantes y pide que conozcan el espa\u00f1ol como otro requisito El candidato del PP a la Presidencia de Arag\u00f3n, Jorge Azc\u00f3n, junto al consejero de Sanidad, Jos\u00e9 Luis [&hellip;]<\/p>\n","protected":false},"author":1,"featured_media":1514590,"comment_status":"open","ping_status":"","sticky":false,"template":"","format":"standard","meta":{"footnotes":""},"categories":[88],"tags":[92],"class_list":["post-1514589","post","type-post","status-publish","format-standard","has-post-thumbnail","hentry","category-spain","tag-elpais-com"],"_links":{"self":[{"href":"https:\/\/analyse.optim.biz\/index.php?rest_route=\/wp\/v2\/posts\/1514589","targetHints":{"allow":["GET"]}}],"collection":[{"href":"https:\/\/analyse.optim.biz\/index.php?rest_route=\/wp\/v2\/posts"}],"about":[{"href":"https:\/\/analyse.optim.biz\/index.php?rest_route=\/wp\/v2\/types\/post"}],"author":[{"embeddable":true,"href":"https:\/\/analyse.optim.biz\/index.php?rest_route=\/wp\/v2\/users\/1"}],"replies":[{"embeddable":true,"href":"https:\/\/analyse.optim.biz\/index.php?rest_route=%2Fwp%2Fv2%2Fcomments&post=1514589"}],"version-history":[{"count":0,"href":"https:\/\/analyse.optim.biz\/index.php?rest_route=\/wp\/v2\/posts\/1514589\/revisions"}],"wp:featuredmedia":[{"embeddable":true,"href":"https:\/\/analyse.optim.biz\/index.php?rest_route=\/wp\/v2\/media\/1514590"}],"wp:attachment":[{"href":"https:\/\/analyse.optim.biz\/index.php?rest_route=%2Fwp%2Fv2%2Fmedia&parent=1514589"}],"wp:term":[{"taxonomy":"category","embeddable":true,"href":"https:\/\/analyse.optim.biz\/index.php?rest_route=%2Fwp%2Fv2%2Fcategories&post=1514589"},{"taxonomy":"post_tag","embeddable":true,"href":"https:\/\/analyse.optim.biz\/index.php?rest_route=%2Fwp%2Fv2%2Ftags&post=1514589"}],"curies":[{"name":"wp","href":"https:\/\/api.w.org\/{rel}","templated":true}]}}