{"id":1514564,"date":"2026-01-28T07:23:47","date_gmt":"2026-01-28T04:23:47","guid":{"rendered":"https:\/\/analyse.optim.biz\/?p=1514564"},"modified":"2026-01-28T07:23:47","modified_gmt":"2026-01-28T04:23:47","slug":"el-asesino-confeso-del-nino-en-sueca-declara-al-juez-que-no-tenia-nada-en-contra-del-menor","status":"publish","type":"post","link":"https:\/\/analyse.optim.biz\/?p=1514564","title":{"rendered":"El asesino confeso del ni\u00f1o en Sueca declara al juez que no ten\u00eda nada en contra del menor"},"content":{"rendered":"<article id=\"main-content\" class=\"a _g _g-lg _g-o\">\n<header class=\"a_e _g _g-xs\">\n<div class=\"a_e_txt _df\">\n<div class=\"a_k _df\"><a class=\"a_k_n\" href=\"https:\/\/elpais.com\/noticias\/sucesos\/\">Sucesos<\/a><\/div>\n<h1 class=\"a_t\">El asesino confeso del ni\u00f1o en Sueca declara al juez que no ten\u00eda nada en contra del menor <\/h1>\n<p class=\"a_st\">Juan F. M., de 48 a\u00f1os, no aclara los motivos del crimen, pero se\u00f1ala que le estaba afectando mucho la disputa con su exmujer por la custodia de sus hijos <\/p>\n<\/div>\n<div class='\"ph-v_t\"'>Familiares del fallecido en Sueca se abalanzan contra el furg\u00f3n del autor confeso del crimen<\/div>\n<p>n      &#8220;}},&#8221;video_agency&#8221;:false,&#8221;alt_image&#8221;:&#8221;Familiares del fallecido en Sueca se abalanzan contra el furg\u00f3n del autor confeso del crimen&#8221;},&#8221;url&#8221;:&#8221;https:\/\/cloudfront-eu-central-1.images.arcpublishing.com\/prisa\/5GLCOC3G5JLFRMOC2NSLD5SPIQ.jpg&#8221;,&#8221;alt&#8221;:&#8221;Familiares del fallecido en Sueca se abalanzan contra el furg\u00f3n del autor confeso del crimen&#8221;,&#8221;ogWidth&#8221;:16,&#8221;ogHeight&#8221;:9,&#8221;floating&#8221;:false,&#8221;preset&#8221;:{&#8220;crops&#8221;:{&#8220;414w&#8221;:{&#8220;width&#8221;:414,&#8221;height&#8221;:233},&#8221;640w&#8221;:{&#8220;width&#8221;:828,&#8221;height&#8221;:466},&#8221;1000w&#8221;:{&#8220;width&#8221;:980,&#8221;height&#8221;:551},&#8221;1200w&#8221;:{&#8220;width&#8221;:1200,&#8221;height&#8221;:675}},&#8221;sizes&#8221;:&#8221;(min-width:1199px) 661px, (min-width: 1001px) calc((100vw &#8211; 385px)\/12*7 + 186px), (min-width:767px) 767px, 100vw&#8221;,&#8221;default&#8221;:&#8221;414w&#8221;},&#8221;resized_urls&#8221;:{&#8220;414&#215;0&#8243;:&#8221;URULjMYbFb_ca5MNlmTVFcBMcgI=\/414&#215;0\/&#8221;,&#8221;640&#215;0&#8243;:&#8221;n-mVIDm7vAD6ge-_Jg2RKtShEGk=\/640&#215;0\/&#8221;,&#8221;1000&#215;0&#8243;:&#8221;plJ2SfBdFUWt7QVhUbgU5C8sqyY=\/1000&#215;0\/&#8221;,&#8221;1200&#215;0&#8243;:&#8221;QfTmgSaAmpn_Y_UMWHaU0qmIklc=\/1200&#215;0\/&#8221;,&#8221;414&#215;414&#8243;:&#8221;vzYfCUCXezpwfYRMI-oLQYcwkXc=\/414&#215;414\/&#8221;,&#8221;640&#215;640&#8243;:&#8221;drpmOXH77fUxCrJyNbCzwGFC0hw=\/640&#215;640\/&#8221;,&#8221;1000&#215;1000&#8243;:&#8221;E_Wa3ik1AEyc6CKHQnNyPsAtwK8=\/1000&#215;1000\/&#8221;,&#8221;1200&#215;1200&#8243;:&#8221;2VmQqKkIPQcI17rDkNizUxJ7Pok=\/1200&#215;1200\/&#8221;,&#8221;414&#215;311&#8243;:&#8221;UgJnWZ7LyGB50DJxFuSwRohnRu4=\/414&#215;311\/&#8221;,&#8221;640&#215;480&#8243;:&#8221;GFZzm8vfDSIlFWThbSrpcFoJP8c=\/640&#215;480\/&#8221;,&#8221;1000&#215;750&#8243;:&#8221;yq6rsAvUkBp6lKljxJZkYdQums4=\/1000&#215;750\/&#8221;,&#8221;1200&#215;900&#8243;:&#8221;VWWHe9ORatKs1-hg2kuSOpz6r7E=\/1200&#215;900\/&#8221;,&#8221;414&#215;233&#8243;:&#8221;j-hPJDNYoXpced2reTr7CWFIpaU=\/414&#215;233\/&#8221;,&#8221;640&#215;360&#8243;:&#8221;YasUsRHFGd7ayPdN7OxPSWPwuEQ=\/640&#215;360\/&#8221;,&#8221;1000&#215;563&#8243;:&#8221;UL9ivONggmG_j-v_1C0NOgv9vJI=\/1000&#215;563\/&#8221;,&#8221;1200&#215;675&#8243;:&#8221;jvcHfpLrb12TAFhxmltn4qmhzaE=\/1200&#215;675\/&#8221;,&#8221;828&#215;0&#8243;:&#8221;XcSMwVXA61i5AFT3IChyGohANf0=\/828&#215;0\/&#8221;,&#8221;980&#215;0&#8243;:&#8221;zJdZyQrkFz50jV_s6Oi7a2wVesY=\/980&#215;0\/&#8221;,&#8221;1960&#215;0&#8243;:&#8221;TMIAbGF7Oye-2WP_SWvi9iBbsbs=\/1960&#215;0\/&#8221;,&#8221;828&#215;828&#8243;:&#8221;UvixKeclrbVdVcevAVEBqmQ9io0=\/828&#215;828\/&#8221;,&#8221;980&#215;980&#8243;:&#8221;34ZwKiznOGYa1ZlOcuJVgZ5ZCcs=\/980&#215;980\/&#8221;,&#8221;1960&#215;1960&#8243;:&#8221;xdldXQRfkp4I1_5W1b1aEZRVgyg=\/1960&#215;1960\/&#8221;,&#8221;828&#215;621&#8243;:&#8221;cYYHcPWHRDwD4UywLVGzT03a7J0=\/828&#215;621\/&#8221;,&#8221;980&#215;735&#8243;:&#8221;ALhaXWUhxn46qJS9_M3szIwQFng=\/980&#215;735\/&#8221;,&#8221;1960&#215;1470&#8243;:&#8221;59s6AaiJvKhv7pJf7iUaGPX7PPk=\/1960&#215;1470\/&#8221;,&#8221;828&#215;466&#8243;:&#8221;vr1x4RpIShD_T0K0cU_R889qzts=\/828&#215;466\/&#8221;,&#8221;980&#215;551&#8243;:&#8221;iAItF7sTNjasu1j460VYNQwMS90=\/980&#215;551\/&#8221;,&#8221;1960&#215;1103&#8243;:&#8221;jXCc_pgLwMS6vLBuuvCRjgntKXU=\/1960&#215;1103\/&#8221;,&#8221;146&#215;110&#8243;:&#8221;fsRdHT65mE9vMKqyDCkYAHSdXD0=\/146&#215;110\/&#8221;,&#8221;292&#215;219&#8243;:&#8221;5e9NQ-JIT-TsMSbjACf-9BB0ry8=\/292&#215;219\/&#8221;,&#8221;290&#215;290&#8243;:&#8221;dQ17T5qw2BhShZGH8xpvp6wnB-Y=\/290&#215;290\/&#8221;,&#8221;145&#215;145&#8243;:&#8221;LNjVojdXGmv3eET5jI0NQm7vry0=\/145&#215;145\/&#8221;,&#8221;100&#215;100&#8243;:&#8221;WegXaW0HSFY4Rwb8PMfi0XkfK6Q=\/100&#215;100\/&#8221;,&#8221;80&#215;80&#8243;:&#8221;qUAPuHSvZo2iOQeOtg3KhVLlE2c=\/80&#215;80\/&#8221;,&#8221;117&#215;20&#8243;:&#8221;VGxdVIsIrqRLM-zvT_sIV5q7WAA=\/117&#215;20\/&#8221;,&#8221;35&#215;35&#8243;:&#8221;W7bzLuRBaOX7DMVSwbv36g8F83U=\/35&#215;35\/&#8221;,&#8221;643&#215;361&#8243;:&#8221;o-auqMA9hvrq9wNEMoT1D-n0MzQ=\/643&#215;361\/&#8221;,&#8221;1286&#215;722&#8243;:&#8221;F_Wel1CmV3UqQLRZa7bS7hLZ-Xw=\/1286&#215;722\/&#8221;,&#8221;180&#215;180&#8243;:&#8221;kXEcijIiFMxH5LkdGKojCIVhpNY=\/180&#215;180\/&#8221;,&#8221;300&#215;300&#8243;:&#8221;bo61HdR1AgsugzkSB1qgPfNd7bY=\/300&#215;300\/&#8221;,&#8221;260&#215;390&#8243;:&#8221;UtFkSEX5lYgdF7eWfwpPSL0CJRg=\/260&#215;390\/&#8221;,&#8221;400&#215;600&#8243;:&#8221;hrzofajNi7gcGA8WqzDrEL3phcg=\/400&#215;600\/&#8221;,&#8221;220&#215;220&#8243;:&#8221;z5LTL1c8yaL0jkzrvNtkVjQ6APw=\/220&#215;220\/&#8221;,&#8221;440&#215;440&#8243;:&#8221;jYgNh95fUD84jRp7NrL9Iu_r8Sk=\/440&#215;440\/&#8221;,&#8221;660&#215;660&#8243;:&#8221;W3LPW6vkdNdgRLsBL63yWZWzOc4=\/660&#215;660\/&#8221;},&#8221;resized_urls_v2&#8243;:{&#8220;414&#215;0&#8243;:&#8221;\/5GLCOC3G5JLFRMOC2NSLD5SPIQ.jpg?auth=9ba57517509a65a02326d3684e917888ff5a3226bcdb6bf062e4e68ee007c593&amp;width=414&#8243;,&#8221;640&#215;0&#8243;:&#8221;\/5GLCOC3G5JLFRMOC2NSLD5SPIQ.jpg?auth=9ba57517509a65a02326d3684e917888ff5a3226bcdb6bf062e4e68ee007c593&amp;width=640&#8243;,&#8221;1000&#215;0&#8243;:&#8221;\/5GLCOC3G5JLFRMOC2NSLD5SPIQ.jpg?auth=9ba57517509a65a02326d3684e917888ff5a3226bcdb6bf062e4e68ee007c593&amp;width=1000&#8243;,&#8221;1200&#215;0&#8243;:&#8221;\/5GLCOC3G5JLFRMOC2NSLD5SPIQ.jpg?auth=9ba57517509a65a02326d3684e917888ff5a3226bcdb6bf062e4e68ee007c593&amp;width=1200&#8243;,&#8221;414&#215;414&#8243;:&#8221;\/5GLCOC3G5JLFRMOC2NSLD5SPIQ.jpg?auth=9ba57517509a65a02326d3684e917888ff5a3226bcdb6bf062e4e68ee007c593&amp;width=414&amp;height=414&amp;smart=true&#8221;,&#8221;640&#215;640&#8243;:&#8221;\/5GLCOC3G5JLFRMOC2NSLD5SPIQ.jpg?auth=9ba57517509a65a02326d3684e917888ff5a3226bcdb6bf062e4e68ee007c593&amp;width=640&amp;height=640&amp;smart=true&#8221;,&#8221;1000&#215;1000&#8243;:&#8221;\/5GLCOC3G5JLFRMOC2NSLD5SPIQ.jpg?auth=9ba57517509a65a02326d3684e917888ff5a3226bcdb6bf062e4e68ee007c593&amp;width=1000&amp;height=1000&amp;smart=true&#8221;,&#8221;1200&#215;1200&#8243;:&#8221;\/5GLCOC3G5JLFRMOC2NSLD5SPIQ.jpg?auth=9ba57517509a65a02326d3684e917888ff5a3226bcdb6bf062e4e68ee007c593&amp;width=1200&amp;height=1200&amp;smart=true&#8221;,&#8221;414&#215;311&#8243;:&#8221;\/5GLCOC3G5JLFRMOC2NSLD5SPIQ.jpg?auth=9ba57517509a65a02326d3684e917888ff5a3226bcdb6bf062e4e68ee007c593&amp;width=414&amp;height=311&amp;smart=true&#8221;,&#8221;640&#215;480&#8243;:&#8221;\/5GLCOC3G5JLFRMOC2NSLD5SPIQ.jpg?auth=9ba57517509a65a02326d3684e917888ff5a3226bcdb6bf062e4e68ee007c593&amp;width=640&amp;height=480&amp;smart=true&#8221;,&#8221;1000&#215;750&#8243;:&#8221;\/5GLCOC3G5JLFRMOC2NSLD5SPIQ.jpg?auth=9ba57517509a65a02326d3684e917888ff5a3226bcdb6bf062e4e68ee007c593&amp;width=1000&amp;height=750&amp;smart=true&#8221;,&#8221;1200&#215;900&#8243;:&#8221;\/5GLCOC3G5JLFRMOC2NSLD5SPIQ.jpg?auth=9ba57517509a65a02326d3684e917888ff5a3226bcdb6bf062e4e68ee007c593&amp;width=1200&amp;height=900&amp;smart=true&#8221;,&#8221;414&#215;233&#8243;:&#8221;\/5GLCOC3G5JLFRMOC2NSLD5SPIQ.jpg?auth=9ba57517509a65a02326d3684e917888ff5a3226bcdb6bf062e4e68ee007c593&amp;width=414&amp;height=233&amp;smart=true&#8221;,&#8221;640&#215;360&#8243;:&#8221;\/5GLCOC3G5JLFRMOC2NSLD5SPIQ.jpg?auth=9ba57517509a65a02326d3684e917888ff5a3226bcdb6bf062e4e68ee007c593&amp;width=640&amp;height=360&amp;smart=true&#8221;,&#8221;1000&#215;563&#8243;:&#8221;\/5GLCOC3G5JLFRMOC2NSLD5SPIQ.jpg?auth=9ba57517509a65a02326d3684e917888ff5a3226bcdb6bf062e4e68ee007c593&amp;width=1000&amp;height=563&amp;smart=true&#8221;,&#8221;1200&#215;675&#8243;:&#8221;\/5GLCOC3G5JLFRMOC2NSLD5SPIQ.jpg?auth=9ba57517509a65a02326d3684e917888ff5a3226bcdb6bf062e4e68ee007c593&amp;width=1200&amp;height=675&amp;smart=true&#8221;,&#8221;828&#215;0&#8243;:&#8221;\/5GLCOC3G5JLFRMOC2NSLD5SPIQ.jpg?auth=9ba57517509a65a02326d3684e917888ff5a3226bcdb6bf062e4e68ee007c593&amp;width=828&#8243;,&#8221;980&#215;0&#8243;:&#8221;\/5GLCOC3G5JLFRMOC2NSLD5SPIQ.jpg?auth=9ba57517509a65a02326d3684e917888ff5a3226bcdb6bf062e4e68ee007c593&amp;width=980&#8243;,&#8221;1960&#215;0&#8243;:&#8221;\/5GLCOC3G5JLFRMOC2NSLD5SPIQ.jpg?auth=9ba57517509a65a02326d3684e917888ff5a3226bcdb6bf062e4e68ee007c593&amp;width=1960&#8243;,&#8221;828&#215;828&#8243;:&#8221;\/5GLCOC3G5JLFRMOC2NSLD5SPIQ.jpg?auth=9ba57517509a65a02326d3684e917888ff5a3226bcdb6bf062e4e68ee007c593&amp;width=828&amp;height=828&amp;smart=true&#8221;,&#8221;980&#215;980&#8243;:&#8221;\/5GLCOC3G5JLFRMOC2NSLD5SPIQ.jpg?auth=9ba57517509a65a02326d3684e917888ff5a3226bcdb6bf062e4e68ee007c593&amp;width=980&amp;height=980&amp;smart=true&#8221;,&#8221;1960&#215;1960&#8243;:&#8221;\/5GLCOC3G5JLFRMOC2NSLD5SPIQ.jpg?auth=9ba57517509a65a02326d3684e917888ff5a3226bcdb6bf062e4e68ee007c593&amp;width=1960&amp;height=1960&amp;smart=true&#8221;,&#8221;828&#215;621&#8243;:&#8221;\/5GLCOC3G5JLFRMOC2NSLD5SPIQ.jpg?auth=9ba57517509a65a02326d3684e917888ff5a3226bcdb6bf062e4e68ee007c593&amp;width=828&amp;height=621&amp;smart=true&#8221;,&#8221;980&#215;735&#8243;:&#8221;\/5GLCOC3G5JLFRMOC2NSLD5SPIQ.jpg?auth=9ba57517509a65a02326d3684e917888ff5a3226bcdb6bf062e4e68ee007c593&amp;width=980&amp;height=735&amp;smart=true&#8221;,&#8221;1960&#215;1470&#8243;:&#8221;\/5GLCOC3G5JLFRMOC2NSLD5SPIQ.jpg?auth=9ba57517509a65a02326d3684e917888ff5a3226bcdb6bf062e4e68ee007c593&amp;width=1960&amp;height=1470&amp;smart=true&#8221;,&#8221;828&#215;466&#8243;:&#8221;\/5GLCOC3G5JLFRMOC2NSLD5SPIQ.jpg?auth=9ba57517509a65a02326d3684e917888ff5a3226bcdb6bf062e4e68ee007c593&amp;width=828&amp;height=466&amp;smart=true&#8221;,&#8221;980&#215;551&#8243;:&#8221;\/5GLCOC3G5JLFRMOC2NSLD5SPIQ.jpg?auth=9ba57517509a65a02326d3684e917888ff5a3226bcdb6bf062e4e68ee007c593&amp;width=980&amp;height=551&amp;smart=true&#8221;,&#8221;1960&#215;1103&#8243;:&#8221;\/5GLCOC3G5JLFRMOC2NSLD5SPIQ.jpg?auth=9ba57517509a65a02326d3684e917888ff5a3226bcdb6bf062e4e68ee007c593&amp;width=1960&amp;height=1103&amp;smart=true&#8221;,&#8221;146&#215;110&#8243;:&#8221;\/5GLCOC3G5JLFRMOC2NSLD5SPIQ.jpg?auth=9ba57517509a65a02326d3684e917888ff5a3226bcdb6bf062e4e68ee007c593&amp;width=146&amp;height=110&amp;smart=true&#8221;,&#8221;292&#215;219&#8243;:&#8221;\/5GLCOC3G5JLFRMOC2NSLD5SPIQ.jpg?auth=9ba57517509a65a02326d3684e917888ff5a3226bcdb6bf062e4e68ee007c593&amp;width=292&amp;height=219&amp;smart=true&#8221;,&#8221;290&#215;290&#8243;:&#8221;\/5GLCOC3G5JLFRMOC2NSLD5SPIQ.jpg?auth=9ba57517509a65a02326d3684e917888ff5a3226bcdb6bf062e4e68ee007c593&amp;width=290&amp;height=290&amp;smart=true&#8221;,&#8221;145&#215;145&#8243;:&#8221;\/5GLCOC3G5JLFRMOC2NSLD5SPIQ.jpg?auth=9ba57517509a65a02326d3684e917888ff5a3226bcdb6bf062e4e68ee007c593&amp;width=145&amp;height=145&amp;smart=true&#8221;,&#8221;100&#215;100&#8243;:&#8221;\/5GLCOC3G5JLFRMOC2NSLD5SPIQ.jpg?auth=9ba57517509a65a02326d3684e917888ff5a3226bcdb6bf062e4e68ee007c593&amp;width=100&amp;height=100&amp;smart=true&#8221;,&#8221;80&#215;80&#8243;:&#8221;\/5GLCOC3G5JLFRMOC2NSLD5SPIQ.jpg?auth=9ba57517509a65a02326d3684e917888ff5a3226bcdb6bf062e4e68ee007c593&amp;width=80&amp;height=80&amp;smart=true&#8221;,&#8221;117&#215;20&#8243;:&#8221;\/5GLCOC3G5JLFRMOC2NSLD5SPIQ.jpg?auth=9ba57517509a65a02326d3684e917888ff5a3226bcdb6bf062e4e68ee007c593&amp;width=117&amp;height=20&amp;smart=true&#8221;,&#8221;35&#215;35&#8243;:&#8221;\/5GLCOC3G5JLFRMOC2NSLD5SPIQ.jpg?auth=9ba57517509a65a02326d3684e917888ff5a3226bcdb6bf062e4e68ee007c593&amp;width=35&amp;height=35&amp;smart=true&#8221;,&#8221;643&#215;361&#8243;:&#8221;\/5GLCOC3G5JLFRMOC2NSLD5SPIQ.jpg?auth=9ba57517509a65a02326d3684e917888ff5a3226bcdb6bf062e4e68ee007c593&amp;width=643&amp;height=361&amp;smart=true&#8221;,&#8221;1286&#215;722&#8243;:&#8221;\/5GLCOC3G5JLFRMOC2NSLD5SPIQ.jpg?auth=9ba57517509a65a02326d3684e917888ff5a3226bcdb6bf062e4e68ee007c593&amp;width=1286&amp;height=722&amp;smart=true&#8221;,&#8221;180&#215;180&#8243;:&#8221;\/5GLCOC3G5JLFRMOC2NSLD5SPIQ.jpg?auth=9ba57517509a65a02326d3684e917888ff5a3226bcdb6bf062e4e68ee007c593&amp;width=180&amp;height=180&amp;smart=true&#8221;,&#8221;300&#215;300&#8243;:&#8221;\/5GLCOC3G5JLFRMOC2NSLD5SPIQ.jpg?auth=9ba57517509a65a02326d3684e917888ff5a3226bcdb6bf062e4e68ee007c593&amp;width=300&amp;height=300&amp;smart=true&#8221;,&#8221;260&#215;390&#8243;:&#8221;\/5GLCOC3G5JLFRMOC2NSLD5SPIQ.jpg?auth=9ba57517509a65a02326d3684e917888ff5a3226bcdb6bf062e4e68ee007c593&amp;width=260&amp;height=390&amp;smart=true&#8221;,&#8221;400&#215;600&#8243;:&#8221;\/5GLCOC3G5JLFRMOC2NSLD5SPIQ.jpg?auth=9ba57517509a65a02326d3684e917888ff5a3226bcdb6bf062e4e68ee007c593&amp;width=400&amp;height=600&amp;smart=true&#8221;,&#8221;220&#215;220&#8243;:&#8221;\/5GLCOC3G5JLFRMOC2NSLD5SPIQ.jpg?auth=9ba57517509a65a02326d3684e917888ff5a3226bcdb6bf062e4e68ee007c593&amp;width=220&amp;height=220&amp;smart=true&#8221;,&#8221;440&#215;440&#8243;:&#8221;\/5GLCOC3G5JLFRMOC2NSLD5SPIQ.jpg?auth=9ba57517509a65a02326d3684e917888ff5a3226bcdb6bf062e4e68ee007c593&amp;width=440&amp;height=440&amp;smart=true&#8221;,&#8221;660&#215;660&#8243;:&#8221;\/5GLCOC3G5JLFRMOC2NSLD5SPIQ.jpg?auth=9ba57517509a65a02326d3684e917888ff5a3226bcdb6bf062e4e68ee007c593&amp;width=660&amp;height=660&amp;smart=true&#8221;}});<\/p>\n<div class=\"videoTop videoTop-v\">\n<div id=\"video_20260127132028184\">\n<div class=\"videoTop videoTop-ph\" id=\"ph_video_20260127132028184\">\n<div role=\"button\" class=\"posicionador\" aria-label=\"Reproducir v\u00eddeo\"><img loading=\"lazy\" decoding=\"async\" class=\"_re lazyload a_m-h\" height=\"233\" width=\"414\" src=\"https:\/\/analyse.optim.biz\/wp-content\/uploads\/2026\/01\/5glcoc3g5jlfrmoc2nsld5spiq-1.jpg\" title=\"5glcoc3g5jlfrmoc2nsld5spiq-1\"><\/p>\n<div class=\"_pa _df ph-v_b\">\n<div class=\"_df ph-v_c\">\n<div class=\"ph-v_d _dib\">00:54<\/div>\n<div class=\"ph-v_t\">Familiares del fallecido en Sueca se abalanzan contra el furg\u00f3n del autor confeso del crimen<\/div>\n<\/div>\n<\/div>\n<\/div>\n<\/div>\n<\/div>\n<\/div><figcaption class=\"a_m_p\">Familiares y amigos de la v\u00edctima aguardan el pase a disposici\u00f3n judicial del detenido por el crimen del menor de 13 a\u00f1os en Sueca.<span class=\"a_m_m\"><span>Foto:<\/span>Manuel Bruque (EFE) | <span>V\u00eddeo:<\/span>EPV<\/span><\/figcaption><\/header>\n<div class=\"a_md _g _g-xs ni\">\n<div class=\"a_md_txt\">\n<div class=\"a_md_a\" data-dtm-region=\"articulo_firma\"><a href=\"https:\/\/elpais.com\/autor\/ferran-bono\/#?rel=author_top\" title=\"Ver todas las noticias de Ferran Bono\" class=\"a_md_a_n\">Ferran Bono<\/a><a href=\"https:\/\/elpais.com\/autor\/juana-viudez\/#?rel=author_top\" title=\"Ver todas las noticias de Juana Vi\u00fadez\" class=\"a_md_a_n\">Juana Vi\u00fadez<\/a><\/div>\n<div class=\"a_md_f\"><span>Valencia \/ Madrid &#8211; <a href=\"https:\/\/elpais.com\/hemeroteca\/2026-01-28\/\" data-date=\"2026-01-28T08:23:47+01:00\"><time data-date=\"2026-01-28T08:23:47+01:00\" datetime=\"2026-01-28T08:23:47+01:00\" id=\"article_date_p\">28 ene 2026 &#8211; 08:23<abbr title=\"Central European Time\">CET<\/abbr><\/time><\/a><\/span><\/div>\n<div class=\"w_rs\" data-dtm-region=\"articulo_botonera-social\">\n<div class=\"w_rs_i\"><a class=\"_btn hidden\" href=\"\/\/send?text=El%20asesino%20confeso%20del%20ni%C3%B1o%20en%20Sueca%20declara%20al%20juez%20que%20no%20ten%C3%ADa%20nada%20en%20contra%20del%20menor%20%0D%0A%0D%0Ahttps%3A%2F%2Felpais.com%2Fespana%2Fcomunidad-valenciana%2F2026-01-28%2Fel-asesino-confeso-del-nino-en-sueca-declara-al-juez-que-no-tenia-nada-en-contra-del-menor.html%3Fssm=whatsapp_CC\" data-action=\"share\/whatsapp\/share\" data-param-description=\"El asesino confeso del ni\u00f1o en Sueca declara al juez que no ten\u00eda nada en contra del menor \" data-param-href=\"https:\/\/elpais.com\/espana\/comunidad-valenciana\/2026-01-28\/el-asesino-confeso-del-nino-en-sueca-declara-al-juez-que-no-tenia-nada-en-contra-del-menor.html\" data-param-text=\"El asesino confeso del ni\u00f1o en Sueca declara al juez que no ten\u00eda nada en contra del menor  https:\/\/elpais.com\/espana\/comunidad-valenciana\/2026-01-28\/el-asesino-confeso-del-nino-en-sueca-declara-al-juez-que-no-tenia-nada-en-contra-del-menor.html\" data-param-url=\"https:\/\/elpais.com\/espana\/comunidad-valenciana\/2026-01-28\/el-asesino-confeso-del-nino-en-sueca-declara-al-juez-que-no-tenia-nada-en-contra-del-menor.html\" target=\"_blank\" rel=\"noopener noreferrer\" data-share-track-dtm=\"whatsapp\" id=\"btn_share_whatsapp_290\"><span class=\"_sr\">Compartir en Whatsapp<\/span><\/a><\/div>\n<div class=\"w_rs_i\"><a class=\"_btn \" href=\"https:\/\/www.facebook.com\/dialog\/share?display=popup&amp;app_id=94039431626&amp;href=https%3A%2F%2Felpais.com%2Fespana%2Fcomunidad-valenciana%2F2026-01-28%2Fel-asesino-confeso-del-nino-en-sueca-declara-al-juez-que-no-tenia-nada-en-contra-del-menor.html%3Fssm=FB_CC&amp;quote=El%20asesino%20confeso%20del%20ni%C3%B1o%20en%20Sueca%20declara%20al%20juez%20que%20no%20ten%C3%ADa%20nada%20en%20contra%20del%20menor%20\" data-param-app_id=\"94039431626\" data-param-description=\"El asesino confeso del ni\u00f1o en Sueca declara al juez que no ten\u00eda nada en contra del menor \" data-param-href=\"https:\/\/elpais.com\/espana\/comunidad-valenciana\/2026-01-28\/el-asesino-confeso-del-nino-en-sueca-declara-al-juez-que-no-tenia-nada-en-contra-del-menor.html\" data-param-text=\"El asesino confeso del ni\u00f1o en Sueca declara al juez que no ten\u00eda nada en contra del menor \" data-param-url=\"https:\/\/elpais.com\/espana\/comunidad-valenciana\/2026-01-28\/el-asesino-confeso-del-nino-en-sueca-declara-al-juez-que-no-tenia-nada-en-contra-del-menor.html\" target=\"_blank\" rel=\"noopener noreferrer\" data-share-track-dtm=\"facebook\" id=\"btn_share_facebook_290\"><span class=\"_sr\">Compartir en Facebook<\/span><\/a><\/div>\n<div class=\"w_rs_i\"><a class=\"_btn \" href=\"https:\/\/twitter.com\/intent\/tweet?url=https%3A%2F%2Felpais.com%2Fespana%2Fcomunidad-valenciana%2F2026-01-28%2Fel-asesino-confeso-del-nino-en-sueca-declara-al-juez-que-no-tenia-nada-en-contra-del-menor.html%3Fssm=TW_CC&amp;text=El%20asesino%20confeso%20del%20ni%C3%B1o%20en%20Sueca%20declara%20al%20juez%20que%20no%20ten%C3%ADa%20nada%20en%20contra%20del%20menor%20&amp;via=el_pais&amp;lang=es\" data-param-description=\"El asesino confeso del ni\u00f1o en Sueca declara al juez que no ten\u00eda nada en contra del menor \" data-param-href=\"https:\/\/elpais.com\/espana\/comunidad-valenciana\/2026-01-28\/el-asesino-confeso-del-nino-en-sueca-declara-al-juez-que-no-tenia-nada-en-contra-del-menor.html\" data-param-text=\"El asesino confeso del ni\u00f1o en Sueca declara al juez que no ten\u00eda nada en contra del menor  via @el_pais\" data-param-url=\"https:\/\/elpais.com\/espana\/comunidad-valenciana\/2026-01-28\/el-asesino-confeso-del-nino-en-sueca-declara-al-juez-que-no-tenia-nada-en-contra-del-menor.html\" target=\"_blank\" rel=\"noopener noreferrer\" data-share-track-dtm=\"twitter\" id=\"btn_share_twitter_290\"><span class=\"_sr\">Compartir en Twitter<\/span><\/a><\/div>\n<div class=\"w_rs_i\"><a class=\"_btn \" href=\"https:\/\/bsky.app\/intent\/compose?text=https%3A%2F%2Felpais.com%2Fespana%2Fcomunidad-valenciana%2F2026-01-28%2Fel-asesino-confeso-del-nino-en-sueca-declara-al-juez-que-no-tenia-nada-en-contra-del-menor.html%3Fssm=bsky_CC\" data-param-description=\"El asesino confeso del ni\u00f1o en Sueca declara al juez que no ten\u00eda nada en contra del menor \" data-param-href=\"https:\/\/elpais.com\/espana\/comunidad-valenciana\/2026-01-28\/el-asesino-confeso-del-nino-en-sueca-declara-al-juez-que-no-tenia-nada-en-contra-del-menor.html\" data-param-text=\"El asesino confeso del ni\u00f1o en Sueca declara al juez que no ten\u00eda nada en contra del menor \" data-param-url=\"https:\/\/elpais.com\/espana\/comunidad-valenciana\/2026-01-28\/el-asesino-confeso-del-nino-en-sueca-declara-al-juez-que-no-tenia-nada-en-contra-del-menor.html\" target=\"_blank\" rel=\"noopener noreferrer\" data-share-track-dtm=\"bluesky\" id=\"btn_share_bluesky_290\"><span class=\"_sr\">Compartir en Bluesky<\/span><\/a><\/div>\n<div class=\"w_rs_i\"><a class=\"_btn \" href=\"https:\/\/www.linkedin.com\/sharing\/share-offsite\/?url=https%3A%2F%2Felpais.com%2Fespana%2Fcomunidad-valenciana%2F2026-01-28%2Fel-asesino-confeso-del-nino-en-sueca-declara-al-juez-que-no-tenia-nada-en-contra-del-menor.html%3Fssm=LK_CC\" data-param-description=\"El asesino confeso del ni\u00f1o en Sueca declara al juez que no ten\u00eda nada en contra del menor \" data-param-href=\"https:\/\/elpais.com\/espana\/comunidad-valenciana\/2026-01-28\/el-asesino-confeso-del-nino-en-sueca-declara-al-juez-que-no-tenia-nada-en-contra-del-menor.html\" data-param-text=\"El asesino confeso del ni\u00f1o en Sueca declara al juez que no ten\u00eda nada en contra del menor \" data-param-url=\"https:\/\/elpais.com\/espana\/comunidad-valenciana\/2026-01-28\/el-asesino-confeso-del-nino-en-sueca-declara-al-juez-que-no-tenia-nada-en-contra-del-menor.html\" target=\"_blank\" rel=\"noopener noreferrer\" data-share-track-dtm=\"linkedin\" id=\"btn_share_linkedin_290\"><span class=\"_sr\">Compartir en Linkedin<\/span><\/a><\/div>\n<div class=\"w_rs_i\"><a class=\"_btn rs_l\" href=\"https:\/\/elpais.com\/espana\/comunidad-valenciana\/2026-01-28\/el-asesino-confeso-del-nino-en-sueca-declara-al-juez-que-no-tenia-nada-en-contra-del-menor.html#?prm=copy_link\" data-share-track-dtm=\"copiar_url\" id=\"btn_share_link_82\"><span class=\"_sr\">Copiar enlace<\/span><\/a><\/div>\n<div class=\"w_rs_i\"><a class=\"_btn rs_c\" href=\"https:\/\/elpais.com\/espana\/comunidad-valenciana\/2026-01-28\/el-asesino-confeso-del-nino-en-sueca-declara-al-juez-que-no-tenia-nada-en-contra-del-menor.html#comments_container\" aria-expanded=\"false\" aria-controls=\"me-c\" data-share-track-dtm=\"eskup\" id=\"btn_share_comments_82\"><span class=\"_sr\">Ir a los comentarios<\/span><\/a><\/div>\n<\/div>\n<\/div>\n<\/div>\n<div class=\"a_c clearfix\" data-dtm-region=\"articulo_cuerpo\">\n<p class>Juan F. M., de 48 a\u00f1os, autor confeso <a href=\"https:\/\/elpais.com\/espana\/2026-01-25\/se-entrega-un-hombre-en-sueca-y-confiesa-haber-asesinado-a-un-chico-de-13-anos.html\" target=\"_self\" rel title=\"https:\/\/elpais.com\/espana\/2026-01-25\/se-entrega-un-hombre-en-sueca-y-confiesa-haber-asesinado-a-un-chico-de-13-anos.html\">del crimen de \u00c1lex, el ni\u00f1o de 13 a\u00f1os hallado muerto <\/a>con varias heridas de arma blanca el pasado s\u00e1bado en Sueca (Valencia, 28.000 habitantes), declar\u00f3 este martes ante el juez que no ten\u00eda ninguna animadversi\u00f3n hacia la v\u00edctima, seg\u00fan indican fuentes jur\u00eddicas. El investigado, que ingres\u00f3 en prisi\u00f3n provisional sin fianza, asegur\u00f3 que no hab\u00eda mantenido ninguna discusi\u00f3n con el chico, ni medi\u00f3 provocaci\u00f3n alguna. \u00c1lex hab\u00eda acudido a la casa de su compa\u00f1ero de clase, e hijo del presunto asesino, para jugar a la consola y trabajar en el ordenador. Su cuerpo fue hallado en el ba\u00f1o de la vivienda. Los indicios apuntan a que en esa habitaci\u00f3n, en la que tambi\u00e9n encontraron cuchillos, se produjo la agresi\u00f3n mortal. <\/p>\n<p class><a href=\"https:\/\/elpais.com\/espana\/2026-01-25\/se-entrega-un-hombre-en-sueca-y-confiesa-haber-asesinado-a-un-chico-de-13-anos.html#?rel=mas\" target=\"_self\" rel title=\"https:\/\/elpais.com\/espana\/2026-01-25\/se-entrega-un-hombre-en-sueca-y-confiesa-haber-asesinado-a-un-chico-de-13-anos.html#?rel=mas\">Juan F. M.<\/a>, investigado por un delito de asesinato, declar\u00f3 durante una hora aproximadamente ante el juez de la Plaza N\u00famero 4 de la Secci\u00f3n Civil y de Instrucci\u00f3n del Tribunal de Instancia de Sueca. Solo respondi\u00f3 a las preguntas del juez y declin\u00f3 hacerlo con las cuestiones del fiscal o de su propia defensa, que ejerce un abogado de oficio. <\/p>\n<p class>El hombre, descrito como una persona reservada y que trabajaba en la biblioteca municipal de Algemes\u00ed, reconoci\u00f3 ser el autor del crimen, como ya hizo cuando se entreg\u00f3 a la Guardia Civil el s\u00e1bado por la tarde. Sin embargo, no explic\u00f3 los motivos de la explosi\u00f3n de violencia y su incomprensible actuaci\u00f3n. Solo reiter\u00f3 que estaba fatal por la \u201cguerra\u201d con su exmujer a causa de la custodia de sus hijos.<\/p>\n<p class>Cuando el juez le pidi\u00f3 que relatara lo ocurrido y lleg\u00f3 el momento de describir el supuesto ataque cuando vio a \u00c1lex dirigirse al ba\u00f1o se desmoron\u00f3, no fue capaz de verbalizarlo, detallan las citadas fuentes. Dijo que no lo recordaba y entr\u00f3 en <i>shock<\/i>, a\u00f1aden.<\/p>\n<p class>El autor confeso de la muerte del menor no hizo ninguna menci\u00f3n sobre la posible participaci\u00f3n de su hijo en el crimen, una de las hip\u00f3tesis que barajaron los investigadores al comienzo de las pesquisas y que pasaba por la posibilidad de que el padre se hubiera autoinculpado para proteger al menor. <\/p>\n<p class>El testimonio de Juan F. M. respecto a la autor\u00eda del crimen y a la inexistencia de animadversi\u00f3n hacia \u00c1lex coincide plenamente con la declaraci\u00f3n de su hijo recabada por la Guardia Civil e incluida en el atestado, seg\u00fan estas fuentes. <\/p>\n<h3 class>Tensi\u00f3n por la custodia <\/h3>\n<p class>El principal investigado s\u00ed que habl\u00f3 del conflicto abierto con su exmujer con motivo de la custodia de sus dos hijos, de 13 y 7 a\u00f1os, un problema que asegur\u00f3 que le afectaba mucho desde hace un tiempo. Relat\u00f3 el reciente intento de la madre de sus hijos de reclamar judicialmente la custodia del menor e insisti\u00f3 en que los ni\u00f1os deb\u00edan permanecer juntos, como finalmente se acord\u00f3, seg\u00fan fuentes jur\u00eddicas. Pero el conflicto le superaba y dijo sentirse en medio de una gran presi\u00f3n. <\/p>\n<p class>Su expareja lleg\u00f3 a denunciar hace a\u00f1os a Juan F. M. por insultos y vejaciones, pero fue absuelto en el juicio. Su nombre lleg\u00f3 a estar incluido en el sistema de protecci\u00f3n de la violencia machista VioG\u00e9n, pero fue \u201cdesactivado\u201d posteriormente, de acuerdo con la informaci\u00f3n proporcionada por la delegada de Gobierno, Pilar Bernab\u00e9. <\/p>\n<p class>Su exmujer conoc\u00eda a los padres de \u00c1lex porque hab\u00edan coincidido durante a\u00f1os en la asociaci\u00f3n de padres del colegio, pero Juan F. M. no calific\u00f3 la relaci\u00f3n entre ellos como de amistad \u00edntima durante la comparecencia, seg\u00fan las citadas fuentes. En el mismo sentido, se expresaron este martes tres amigas de \u201ctoda la vida\u201d de la madre de \u00c1lex, que se acercaron a las inmediaciones del juzgado para mostrar su apoyo a la familia.<\/p>\n<p class>El primer informe de la autopsia, cuyas conclusiones son preliminares, refuerza la hip\u00f3tesis de que el padre fue el autor del crimen. \u00c1lex muri\u00f3 por una herida de arma blanca en el pecho y el cuerpo del chico ten\u00eda diversos cortes realizados con cuchillo. Sin embargo, la investigaci\u00f3n sigue en desarrollo. El juzgado ha pedido un an\u00e1lisis psicol\u00f3gico del detenido que se incorporar\u00e1 a la causa, al igual que otros estudios, como pruebas biol\u00f3gicas, dactilares o el<a href rel title> informe m\u00e9dico forense definitivo.<\/a><\/p>\n<p class>Juan F. M. permaneci\u00f3 este martes durante tres horas y veinte minutos en el interior del juzgado. La comparecencia estaba prevista en el juzgado n\u00famero 4 de Sueca, pero se traslad\u00f3 finalmente a la sede del tribunal de instancia para introducir el furg\u00f3n directamente a las dependencias judiciales. Justo enfrente vive un t\u00edo de \u00c1lex, que coloc\u00f3 en su fachada un gran cartel con una imagen del chico de espaldas, vestido con una camiseta del equipo de f\u00fatbol, con el n\u00famero 40, su nombre y unas palabras: \u201cTodos somos \u00c1lex\u201d. <\/p>\n<p class>El furg\u00f3n policial que condujo al detenido lleg\u00f3 pasadas las 11.00, un momento en el que un grupo de familiares de \u00c1lex y algunos vecinos se dirigieron hacia el veh\u00edculo para golpearlo y comenzaron a gritarle \u201casesino\u201d. El padre de \u00c1lex fue contenido entre guardias civiles y personas de su entorno para evitar que se abalanzara. La madre fue atendida por un posible ataque de ansiedad. Sobre las 14.20, el furg\u00f3n abandon\u00f3 las dependencias otra vez en medio de insultos y gritos. Entre ellos, sobresal\u00eda un lamento mezclado con rabia: \u201cAsesino, asesino de mi sobrino\u201d. <\/p>\n<\/div>\n<div id=\"me-dis\" class=\"me _pf\">\n<div class=\"me_bg\">\n<div class=\"me-dis _pa _df\">\n<div class=\"me-dis_c\">\n<h2 class=\"me-dis_t\">Tu suscripci\u00f3n se est\u00e1 usando en otro dispositivo<\/h2>\n<p>\u00bfQuieres a\u00f1adir otro usuario a tu suscripci\u00f3n?<\/p>\n<div class=\"me-dis_l\"><a href=\"https:\/\/elpais.com\/suscripciones\/premium\/upgrade\/?utm_source=autopromo&amp;utm_medium=interno&amp;utm_campaign=YYYY_MM_capping_upgrade\" id=\"capping-upgrade\" class=\"btn\">A\u00f1adir usuario<\/a><a href=\"https:\/\/elpais.com\/espana\/comunidad-valenciana\/2026-01-28\/el-asesino-confeso-del-nino-en-sueca-declara-al-juez-que-no-tenia-nada-en-contra-del-menor.html\" id=\"capping-continue\" class=\"btn btn-b\">Continuar leyendo aqu\u00ed<\/a><\/div>\n<p>Si contin\u00faas leyendo en este dispositivo, no se podr\u00e1 leer en el otro.<\/p>\n<p class=\"lk\"><a href=\"https:\/\/elpais.com\/espana\/comunidad-valenciana\/2026-01-28\/el-asesino-confeso-del-nino-en-sueca-declara-al-juez-que-no-tenia-nada-en-contra-del-menor.html\" id=\"capping-show-more-button\">\u00bfPor qu\u00e9 est\u00e1s viendo esto?<\/a><\/p>\n<p><span class=\"arrow\" id=\"capping-arrow\">Flecha<\/span><\/p>\n<div class=\"me-dis_d\">\n<div class=\"me-dis_d_t\">\n<h2 class=\"enc\">Tu suscripci\u00f3n se est\u00e1 usando en otro dispositivo y solo puedes acceder a EL PA\u00cdS desde un dispositivo a la vez.<\/h2>\n<div class=\"tx\">\n<p>Si quieres compartir tu cuenta, cambia tu suscripci\u00f3n a la modalidad Premium, as\u00ed podr\u00e1s a\u00f1adir otro usuario. Cada uno acceder\u00e1 con su propia cuenta de email, lo que os permitir\u00e1 personalizar vuestra experiencia en EL PA\u00cdS.<\/p>\n<p>\u00bfTienes una suscripci\u00f3n de empresa? Accede <a target=\"_blank\" rel=\"noreferrer\" href=\"https:\/\/elpais.com\/suscripciones\/premium\/upgrade\/\">aqu\u00ed<\/a> para contratar m\u00e1s cuentas.<\/p>\n<p>En el caso de no saber qui\u00e9n est\u00e1 usando tu cuenta, te recomendamos cambiar tu contrase\u00f1a <a target=\"_blank\" rel=\"noreferrer\" href=\"https:\/\/elpais.com\/subscriptions\/#\/forgot-password\">aqu\u00ed.<\/a><\/p>\n<p>Si decides continuar compartiendo tu cuenta, este mensaje se mostrar\u00e1 en tu dispositivo y en el de la otra persona que est\u00e1 usando tu cuenta de forma indefinida, afectando a tu experiencia de lectura. Puedes <a target=\"_blank\" rel=\"noreferrer\" href=\"https:\/\/elpais.com\/suscripciones\/condiciones-generales-servicios\/\">consultar aqu\u00ed los t\u00e9rminos y condiciones de la suscripci\u00f3n digital.<\/a><\/p>\n<\/div>\n<\/div>\n<\/div>\n<\/div>\n<\/div>\n<\/div>\n<\/div>\n<aside class=\"w w-fid\">\n<div class=\"w_b\">\n<div class=\"w-fid_t\"><a href=\"https:\/\/plus.elpais.com\/newsletters\/#?prm=not_newsletters_gen\">Recibe la mejor informaci\u00f3n en tu bandeja de entrada<\/a><\/div>\n<div class=\"w-fid_s\">\n<div class=\"w_rs\">\n<div class=\"w_rs_i\"><a class=\"_btn\" href=\"https:\/\/www.facebook.com\/elpais\" rel=\"nofollow\"><span class=\"_sr\">Espana El Pa\u00eds en Facebook<\/span><\/a><\/div>\n<div class=\"w_rs_i\"><a class=\"_btn\" href=\"https:\/\/www.instagram.com\/el_pais\/\" rel=\"nofollow\"><span class=\"_sr\">Espana El Pa\u00eds en Instagram<\/span><\/a><\/div>\n<div class=\"w_rs_i\"><a class=\"_btn\" href=\"https:\/\/twitter.com\/el_pais\" rel=\"nofollow\"><span class=\"_sr\">Espana El Pa\u00eds en Twitter<\/span><\/a><\/div>\n<\/div>\n<\/div>\n<\/div>\n<\/aside>\n<aside class=\"a_com w w-com _df\"><a class=\"a_com_l\" href=\"https:\/\/elpais.com\/info\/normas-de-participacion\/\">Normas \u203a<\/a><\/aside>\n<div class=\"me _pf\" id=\"me-c\">\n<div class=\"me_bg\">\n<div class=\"me-c _pa\" id=\"comments_container\" data-dtm-region=\"articulo_comentarios\">\n<div class=\"me_f me_f-os me_cc\"><a href=\"https:\/\/plus.elpais.com\/perfil\/actividad\/\">Mis comentarios<\/a><a href=\"https:\/\/elpais.com\/info\/normas-de-participacion\/\">Normas<\/a><\/div>\n<div class=\"me_f me_f-ns\"><span class=\"me_f_txt _db\">Rellena tu <b>nombre y apellido<\/b> para comentar<\/span><a href=\"https:\/\/plus.elpais.com\/autorization.html\/?prod=COM&amp;backURL=https%3A%2F%2Felpais.com%2Fespana%2Fcomunidad-valenciana%2F2026-01-28%2Fel-asesino-confeso-del-nino-en-sueca-declara-al-juez-que-no-tenia-nada-en-contra-del-menor.html\" class=\"btn btn-2\">completar datos<\/a><\/div>\n<div class=\"me_f\" id=\"comments_msg\"><a class=\"btn btn-2\" href=\"https:\/\/elpais.com\/suscripciones\/#\/campaign?prod=SUSDIGCRART&amp;o=COM&amp;prm=suscrip_articulo_comentarios_el-pais&amp;backURL=https%3A%2F%2Felpais.com%2Fespana%2Fcomunidad-valenciana%2F2026-01-28%2Fel-asesino-confeso-del-nino-en-sueca-declara-al-juez-que-no-tenia-nada-en-contra-del-menor.html\" id=\"comments_subscribe_link\" data-link-am=\"https:\/\/elpais.com\/suscripciones\/america\/#\/campaign?prod=SUSDIGCRARTAM&amp;o=COMAM&amp;prm=suscrip_articulo_comentarios_el-pais-america&amp;backURL=https%3A%2F%2Felpais.com%2Fespana%2Fcomunidad-valenciana%2F2026-01-28%2Fel-asesino-confeso-del-nino-en-sueca-declara-al-juez-que-no-tenia-nada-en-contra-del-menor.html\" data-link-mx=\"https:\/\/elpais.com\/suscripciones\/america\/#\/campaign?prod=SUSDIGMX&amp;o=COMMX&amp;prm=suscrip_articulo_comentarios_el-pais-mexico&amp;backURL=https%3A%2F%2Felpais.com%2Fespana%2Fcomunidad-valenciana%2F2026-01-28%2Fel-asesino-confeso-del-nino-en-sueca-declara-al-juez-que-no-tenia-nada-en-contra-del-menor.html\" data-link-co=\"https:\/\/elpais.com\/suscripciones\/america\/#\/campaign?prod=SUSDIGCOL&amp;o=COMCOL&amp;prm=suscrip_articulo_comentarios_el-pais_colombia&amp;backURL=https%3A%2F%2Felpais.com%2Fespana%2Fcomunidad-valenciana%2F2026-01-28%2Fel-asesino-confeso-del-nino-en-sueca-declara-al-juez-que-no-tenia-nada-en-contra-del-menor.html\" data-link-ar=\"https:\/\/elpais.com\/suscripciones\/america\/#\/campaign?prod=SUSDIGCRARTAR&amp;o=COMAR&amp;backURL=https%3A%2F%2Felpais.com%2Fespana%2Fcomunidad-valenciana%2F2026-01-28%2Fel-asesino-confeso-del-nino-en-sueca-declara-al-juez-que-no-tenia-nada-en-contra-del-menor.html\" data-link-cl=\"https:\/\/elpais.com\/suscripciones\/america\/#\/campaign?prod=SUSDIGCHILE&amp;o=COMCHILE&amp;backURL=https%3A%2F%2Felpais.com%2Fespana%2Fcomunidad-valenciana%2F2026-01-28%2Fel-asesino-confeso-del-nino-en-sueca-declara-al-juez-que-no-tenia-nada-en-contra-del-menor.html\" data-link-us=\"https:\/\/elpais.com\/suscripciones\/america\/#\/campaign?prod=SUSDIGCRARTEUCAN&amp;o=COMUS&amp;prm=suscrip_articulo_comentarios_el-pais_eucan&amp;backURL=https%3A%2F%2Felpais.com%2Fespana%2Fcomunidad-valenciana%2F2026-01-28%2Fel-asesino-confeso-del-nino-en-sueca-declara-al-juez-que-no-tenia-nada-en-contra-del-menor.html\">Suscr\u00edbete en El Pa\u00eds para participar<\/a><a class=\"btn btn-3\" href=\"https:\/\/elpais.com\/subscriptions\/#\/sign-in?prod=REG&amp;o=COM&amp;prm=login_articulo_comentarios_el-pais&amp;backURL=https%3A%2F%2Felpais.com%2Fespana%2Fcomunidad-valenciana%2F2026-01-28%2Fel-asesino-confeso-del-nino-en-sueca-declara-al-juez-que-no-tenia-nada-en-contra-del-menor.html\" id=\"comments_login_link\" data-link-am=\"https:\/\/elpais.com\/subscriptions\/#\/sign-in?prod=REG&amp;o=COM&amp;prm=login_articulo_comentarios_el-pais-america&amp;backURL=https%3A%2F%2Felpais.com%2Fespana%2Fcomunidad-valenciana%2F2026-01-28%2Fel-asesino-confeso-del-nino-en-sueca-declara-al-juez-que-no-tenia-nada-en-contra-del-menor.html\" data-link-mx=\"https:\/\/elpais.com\/subscriptions\/#\/sign-in?prod=REG&amp;o=COM&amp;prm=login_articulo_comentarios_el-pais-mexico&amp;backURL=https%3A%2F%2Felpais.com%2Fespana%2Fcomunidad-valenciana%2F2026-01-28%2Fel-asesino-confeso-del-nino-en-sueca-declara-al-juez-que-no-tenia-nada-en-contra-del-menor.html\" data-link-co=\"https:\/\/elpais.com\/subscriptions\/#\/sign-in?prod=REG&amp;o=COM&amp;backURL=https%3A%2F%2Felpais.com%2Fespana%2Fcomunidad-valenciana%2F2026-01-28%2Fel-asesino-confeso-del-nino-en-sueca-declara-al-juez-que-no-tenia-nada-en-contra-del-menor.html\" data-link-ar=\"https:\/\/elpais.com\/subscriptions\/#\/sign-in?prod=REG&amp;o=COM&amp;backURL=https%3A%2F%2Felpais.com%2Fespana%2Fcomunidad-valenciana%2F2026-01-28%2Fel-asesino-confeso-del-nino-en-sueca-declara-al-juez-que-no-tenia-nada-en-contra-del-menor.html\" data-link-cl=\"https:\/\/elpais.com\/subscriptions\/#\/sign-in?prod=REG&amp;o=COM&amp;backURL=https%3A%2F%2Felpais.com%2Fespana%2Fcomunidad-valenciana%2F2026-01-28%2Fel-asesino-confeso-del-nino-en-sueca-declara-al-juez-que-no-tenia-nada-en-contra-del-menor.html\" data-link-us=\"https:\/\/elpais.com\/subscriptions\/#\/sign-in?prod=REG&amp;o=COM&amp;backURL=https%3A%2F%2Felpais.com%2Fespana%2Fcomunidad-valenciana%2F2026-01-28%2Fel-asesino-confeso-del-nino-en-sueca-declara-al-juez-que-no-tenia-nada-en-contra-del-menor.html\">Ya tengo una suscripci\u00f3n<\/a><\/div>\n<p>Please enable JavaScript to view the &lt;a href=&#8221;https:\/\/disqus.com\/?ref_noscript&#8221; rel=&#8221;nofollow&#8221;&gt; comments powered by Disqus.&lt;\/a&gt;<\/p><\/div>\n<\/div>\n<\/div>\n<aside class=\"w w-rel\" data-dtm-region=\"articulo_mas-informacion\">\n<h2 class=\"w_t\">M\u00e1s informaci\u00f3n<\/h2>\n<ul class=\"w_b _ls\">\n<li class=\"_g _g-xs w-rel_n\">\n<div class=\" a_m-h c_m--nf\"><span class=\"_db _pr\"><img decoding=\"async\" class=\"_re lazyload a_m-h\" height=\"311\" width=\"414\" src=\"https:\/\/analyse.optim.biz\/wp-content\/uploads\/2026\/01\/fackmmpqyfkbhnexbvlms5h5e4-2.jpg\" loading=\"lazy\" title=\"fackmmpqyfkbhnexbvlms5h5e4-2\"><\/span><\/div>\n<div class=\"nt\">\n<h3 class=\"nt_t\"><a href=\"https:\/\/elpais.com\/espana\/comunidad-valenciana\/2026-01-27\/el-menor-de-sueca-murio-por-una-herida-de-arma-blanca-en-el-pecho.html#?rel=mas\">El juez decreta el ingreso en prisi\u00f3n del padre que confes\u00f3 haber matado al amigo de su hijo en Sueca<\/a><\/h3>\n<div class=\"nt_a\"><a href=\"https:\/\/elpais.com\/autor\/ferran-bono\/\" title=\"Ver todas las noticias de Ferran Bono\">Ferran Bono<\/a> \/ <a href=\"https:\/\/elpais.com\/autor\/juana-viudez\/\" title=\"Ver todas las noticias de Juana Vi\u00fadez\">Juana Vi\u00fadez<\/a> | Sueca (Valencia) \/ Madrid<\/div>\n<\/div>\n<\/li>\n<li class=\"_g _g-xs w-rel_n\">\n<div class=\" a_m-h c_m--nf\"><span class=\"_db _pr\"><img decoding=\"async\" class=\"_re lazyload a_m-h\" height=\"311\" width=\"414\" src=\"https:\/\/analyse.optim.biz\/wp-content\/uploads\/2026\/01\/mzotn6xvo5dndpxkgeb3zpcyci-2.jpg\" loading=\"lazy\" title=\"mzotn6xvo5dndpxkgeb3zpcyci-2\"><\/span><\/div>\n<div class=\"nt\">\n<h3 class=\"nt_t\"><a href=\"https:\/\/elpais.com\/espana\/2026-01-27\/pp-vox-y-junts-se-unen-para-tumbar-la-revalorizacion-ya-de-las-pensiones-y-el-escudo-social.html#?rel=mas\">PP, Vox y Junts se unen para tumbar la revalorizaci\u00f3n inmediata de las pensiones y el escudo social<\/a><\/h3>\n<div class=\"nt_a\"><a href=\"https:\/\/elpais.com\/autor\/javier-casqueiro\/\" title=\"Ver todas las noticias de Javier Casqueiro\">Javier Casqueiro<\/a> | Madrid<\/div>\n<\/div>\n<\/li>\n<\/ul>\n<\/aside>\n<section class=\"w w-ae\" data-dtm-region=\"articulo_archivado-en\">\n<h2 class=\"w_t\">Archivado En<\/h2>\n<div class=\"w_b\">\n<ul class=\"w_ul w_ul--mh _df _ls\">\n<li><a href=\"https:\/\/elpais.com\/noticias\/comunidad-valenciana\/#?rel=arch\" rel=\"noopener noreferrer\">Comunidad Valenciana<\/a><\/li>\n<li><a href=\"https:\/\/elpais.com\/noticias\/sueca\/#?rel=arch\" rel=\"noopener noreferrer\">Sueca<\/a><\/li>\n<li><a href=\"https:\/\/elpais.com\/noticias\/asesinatos\/#?rel=arch\" rel=\"noopener noreferrer\">Asesinatos<\/a><\/li>\n<li><a href=\"https:\/\/elpais.com\/noticias\/homicidios\/#?rel=arch\" rel=\"noopener noreferrer\">Homicidios<\/a><\/li>\n<li><a href=\"https:\/\/elpais.com\/noticias\/menores\/#?rel=arch\" rel=\"noopener noreferrer\">Menores<\/a><\/li>\n<li><a href=\"https:\/\/elpais.com\/noticias\/guardia-civil\/#?rel=arch\" rel=\"noopener noreferrer\">Guardia Civil<\/a><\/li>\n<li><a href=\"https:\/\/elpais.com\/noticias\/tribunales\/#?rel=arch\" rel=\"noopener noreferrer\">Tribunales<\/a><\/li>\n<li><a href=\"https:\/\/elpais.com\/noticias\/custodia-hijos\/#?rel=arch\" rel=\"noopener noreferrer\">Custodia hijos<\/a><\/li>\n<li><a href=\"https:\/\/elpais.com\/noticias\/armas-blancas\/#?rel=arch\" rel=\"noopener noreferrer\">Armas blancas<\/a><\/li>\n<\/ul>\n<\/div>\n<\/section>\n<aside class=\"a_tp _df\">\n<div class=\"a_tp_txt\"><span class=\"a_tp_t\">Se adhiere a los criterios de<\/span><\/p>\n<figure class=\"a_m a_m-h c_m--nf\"><a class=\"a_tp_i _dib\" href=\"https:\/\/elpais.com\/estaticos\/que-es-the-trust-project\/\" target=\"_blank\" rel=\"noopener noreferrer nofollow\"><img decoding=\"async\" alt=\"The Trust Project\" class=\" lazyload a_m-h\" height=\"20\" width=\"117\" src=\"https:\/\/analyse.optim.biz\/wp-content\/uploads\/2026\/01\/the-trust-project-284.svg\" loading=\"lazy\" title=\"the-trust-project-284\"><\/a><\/figure>\n<p><a class=\"a_tp_mi\" href=\"https:\/\/elpais.com\/estaticos\/codigo-etico\/\" target=\"_blank\" rel=\"noopener noreferrer nofollow\">M\u00e1s informaci\u00f3n<\/a><\/div>\n<div class=\"a_tp_si\">Si est\u00e1 interesado en licenciar este contenido, pinche <a class=\"a_tp_si_l\" href=\"https:\/\/profesional.elpais.com\/soluciones-sindicacion\/?utm_medium=interno&amp;utm_source=crosslinking&amp;utm_campaign=sindicacion_ep_pie_articulos\" target=\"_blank\" rel=\"noopener noreferrer nofollow\">aqu\u00ed<\/a><\/div>\n<\/aside>\n<div class=\"a_o _pr\" data-dtm-region=\"articulo_right-rail\">\n<div id=\"elpais_gpt-MPU1\" data-adtype=\"MPU\" class=\"ad ad-mpu\"><span class=\"_dn\">_<\/span><\/div>\n<section class=\"w w-sc b_col\" data-dtm-region=\"articulo_ultimas-noticias\">\n<header class=\"w_h b_col_h\">\n<h3 class=\"w_t\"><a href=\"https:\/\/elpais.com\/ultimas-noticias\/\" rel=\"story-card-ultimas-noticias\">\u00daltimas noticias<\/a><\/h3>\n<\/header>\n<div class=\"w_b\">\n<article class=\"c  c--m-n   \" data-word=\"0\">\n<header class=\"c_h\"><time datetime=\"2026-01-29T02:49:41+01:00\" class=\"c_da\">02:49<\/time><\/p>\n<h2 class=\"c_t \"><a href=\"https:\/\/elpais.com\/america-colombia\/2026-01-29\/diogenes-quintero-el-lider-social-que-llevo-la-voz-del-catatumbo-al-congreso-y-murio-en-el-accidente-de-satena.html\">Di\u00f3genes Quintero, el l\u00edder social que llev\u00f3 la voz del Catatumbo al Congreso y muri\u00f3 en el accidente de Satena<\/a><\/h2>\n<\/header>\n<\/article>\n<article class=\"c  c--m-n   \" data-word=\"0\">\n<header class=\"c_h\"><time datetime=\"2026-01-29T01:51:50+01:00\" class=\"c_da\">01:51<\/time><\/p>\n<h2 class=\"c_t \"><a href=\"https:\/\/elpais.com\/mexico\/2026-01-29\/rumbo-al-mundial-asi-sera-el-recorrido-del-trofeo-de-la-fifa-por-mexico.html\">Rumbo al mundial: as\u00ed ser\u00e1 el recorrido del trofeo de la FIFA por M\u00e9xico<\/a><\/h2>\n<\/header>\n<\/article>\n<article class=\"c  c--m-n   \" data-word=\"0\">\n<header class=\"c_h\"><time datetime=\"2026-01-29T01:50:28+01:00\" class=\"c_da\">01:50<\/time><\/p>\n<h2 class=\"c_t \"><a href=\"https:\/\/elpais.com\/america-colombia\/2026-01-29\/lo-que-se-sabe-del-caso-de-las-frambuesas-envenenadas-con-talio-el-arresto-de-zulma-guzman-en-londres-y-el-avance-de-su-extradicion.html\">Lo que se sabe del caso de las frambuesas envenenadas con talio: el arresto de Zulma Guzm\u00e1n en Londres y el avance de su extradici\u00f3n<\/a><\/h2>\n<\/header>\n<\/article>\n<article class=\"c  c--m-n   \" data-word=\"0\">\n<header class=\"c_h\"><time datetime=\"2026-01-29T01:47:27+01:00\" class=\"c_da\">01:47<\/time><\/p>\n<h2 class=\"c_t \"><a href=\"https:\/\/elpais.com\/america\/2026-01-29\/america-latina-y-las-democracias-imperfectas-el-auge-de-los-liderazgos-autoritarios.html\">Am\u00e9rica Latina y las democracias imperfectas: el auge de los liderazgos autoritarios<\/a><\/h2>\n<\/header>\n<\/article>\n<\/div>\n<\/section>\n<aside class=\"w w-lmv\" data-dtm-region=\"articulo_lom\">\n<h2 class=\"w_t\"><a href=\"https:\/\/elpais.com\/lo-mas-visto\/\">Lo m\u00e1s visto<\/a><\/h2>\n<div class=\"w_b\">\n<ol class=\"_ls\">\n<li><a href=\"https:\/\/elpais.com\/economia\/2026-01-27\/trump-bendice-la-caida-del-dolar-va-muy-bien-miren-los-negocios-que-estamos-haciendo.html#?rel=lom\">Trump asegura que no le preocupa la ca\u00edda del d\u00f3lar: \u201cVa muy bien, miren los negocios que estamos haciendo\u201d<\/a><\/li>\n<li><a href=\"https:\/\/elpais.com\/espana\/2026-01-28\/ultima-hora-de-los-efectos-de-la-borrasca-kristin-en-directo.html#?rel=lom\">\u00daltima hora de la borrasca \u2018Kristin\u2019 &#8211;  28 de enero de 2026<\/a><\/li>\n<li><a href=\"https:\/\/elpais.com\/espana\/2026-01-27\/exmagistrados-del-supremo-garzon-o-carmena-cargan-contra-la-sentencia-a-garcia-ortiz-condena-la-presuncion-de-inocencia.html#?rel=lom\">Exmagistrados del Supremo, Garz\u00f3n o Carmena cargan contra la sentencia a Garc\u00eda Ortiz: \u201cCondena a la presunci\u00f3n de inocencia\u201d<\/a><\/li>\n<li><a href=\"https:\/\/elpais.com\/espana\/2026-01-27\/la-guardia-civil-investiga-a-un-hombre-por-robar-571-pinos-pinoneros-en-valladolid-y-utilizarlos-para-hacer-biomasa.html#?rel=lom\">La Guardia Civil investiga a un hombre por robar 571 pinos pi\u00f1oneros en Valladolid y utilizarlos para hacer biomasa<\/a><\/li>\n<li><a href=\"https:\/\/elpais.com\/internacional\/2026-01-27\/francia-y-espana-replican-a-rutte-que-no-es-ningun-sueno-que-europa-aspire-a-defenderse-sola.html#?rel=lom\">Francia y Espa\u00f1a replican a Rutte que no es \u201cning\u00fan sue\u00f1o\u201d que Europa aspire a defenderse sola<\/a><\/li>\n<\/ol>\n<\/div>\n<\/aside>\n<\/div>\n<\/article>\n<article class=\"c  c--m-n   \" data-word=\"0\">\n<header class=\"c_h\"><time datetime=\"2026-01-29T02:49:41+01:00\" class=\"c_da\">02:49<\/time><\/p>\n<h2 class=\"c_t \"><a href=\"https:\/\/elpais.com\/america-colombia\/2026-01-29\/diogenes-quintero-el-lider-social-que-llevo-la-voz-del-catatumbo-al-congreso-y-murio-en-el-accidente-de-satena.html\">Di\u00f3genes Quintero, el l\u00edder social que llev\u00f3 la voz del Catatumbo al Congreso y muri\u00f3 en el accidente de Satena<\/a><\/h2>\n<\/header>\n<\/article>\n<article class=\"c  c--m-n   \" data-word=\"0\">\n<header class=\"c_h\"><time datetime=\"2026-01-29T01:51:50+01:00\" class=\"c_da\">01:51<\/time><\/p>\n<h2 class=\"c_t \"><a href=\"https:\/\/elpais.com\/mexico\/2026-01-29\/rumbo-al-mundial-asi-sera-el-recorrido-del-trofeo-de-la-fifa-por-mexico.html\">Rumbo al mundial: as\u00ed ser\u00e1 el recorrido del trofeo de la FIFA por M\u00e9xico<\/a><\/h2>\n<\/header>\n<\/article>\n<article class=\"c  c--m-n   \" data-word=\"0\">\n<header class=\"c_h\"><time datetime=\"2026-01-29T01:50:28+01:00\" class=\"c_da\">01:50<\/time><\/p>\n<h2 class=\"c_t \"><a href=\"https:\/\/elpais.com\/america-colombia\/2026-01-29\/lo-que-se-sabe-del-caso-de-las-frambuesas-envenenadas-con-talio-el-arresto-de-zulma-guzman-en-londres-y-el-avance-de-su-extradicion.html\">Lo que se sabe del caso de las frambuesas envenenadas con talio: el arresto de Zulma Guzm\u00e1n en Londres y el avance de su extradici\u00f3n<\/a><\/h2>\n<\/header>\n<\/article>\n<article class=\"c  c--m-n   \" data-word=\"0\">\n<header class=\"c_h\"><time datetime=\"2026-01-29T01:47:27+01:00\" class=\"c_da\">01:47<\/time><\/p>\n<h2 class=\"c_t \"><a href=\"https:\/\/elpais.com\/america\/2026-01-29\/america-latina-y-las-democracias-imperfectas-el-auge-de-los-liderazgos-autoritarios.html\">Am\u00e9rica Latina y las democracias imperfectas: el auge de los liderazgos autoritarios<\/a><\/h2>\n<\/header>\n<\/article>\n<p> Source URL: https:\/\/elpais.com\/espana\/comunidad-valenciana\/2026-01-28\/el-asesino-confeso-del-nino-en-sueca-declara-al-juez-que-no-tenia-nada-en-contra-del-menor.html<\/p>\n","protected":false},"excerpt":{"rendered":"<p>Sucesos El asesino confeso del ni\u00f1o en Sueca declara al juez que no ten\u00eda nada en contra del menor Juan F. M., de 48 a\u00f1os, no aclara los motivos del crimen, pero se\u00f1ala que le estaba afectando mucho la disputa con su exmujer por la custodia de sus hijos Familiares del fallecido en Sueca se [&hellip;]<\/p>\n","protected":false},"author":1,"featured_media":1514565,"comment_status":"open","ping_status":"","sticky":false,"template":"","format":"standard","meta":{"footnotes":""},"categories":[88],"tags":[92],"class_list":["post-1514564","post","type-post","status-publish","format-standard","has-post-thumbnail","hentry","category-spain","tag-elpais-com"],"_links":{"self":[{"href":"https:\/\/analyse.optim.biz\/index.php?rest_route=\/wp\/v2\/posts\/1514564","targetHints":{"allow":["GET"]}}],"collection":[{"href":"https:\/\/analyse.optim.biz\/index.php?rest_route=\/wp\/v2\/posts"}],"about":[{"href":"https:\/\/analyse.optim.biz\/index.php?rest_route=\/wp\/v2\/types\/post"}],"author":[{"embeddable":true,"href":"https:\/\/analyse.optim.biz\/index.php?rest_route=\/wp\/v2\/users\/1"}],"replies":[{"embeddable":true,"href":"https:\/\/analyse.optim.biz\/index.php?rest_route=%2Fwp%2Fv2%2Fcomments&post=1514564"}],"version-history":[{"count":0,"href":"https:\/\/analyse.optim.biz\/index.php?rest_route=\/wp\/v2\/posts\/1514564\/revisions"}],"wp:featuredmedia":[{"embeddable":true,"href":"https:\/\/analyse.optim.biz\/index.php?rest_route=\/wp\/v2\/media\/1514565"}],"wp:attachment":[{"href":"https:\/\/analyse.optim.biz\/index.php?rest_route=%2Fwp%2Fv2%2Fmedia&parent=1514564"}],"wp:term":[{"taxonomy":"category","embeddable":true,"href":"https:\/\/analyse.optim.biz\/index.php?rest_route=%2Fwp%2Fv2%2Fcategories&post=1514564"},{"taxonomy":"post_tag","embeddable":true,"href":"https:\/\/analyse.optim.biz\/index.php?rest_route=%2Fwp%2Fv2%2Ftags&post=1514564"}],"curies":[{"name":"wp","href":"https:\/\/api.w.org\/{rel}","templated":true}]}}