{"id":1514131,"date":"2026-01-25T08:55:51","date_gmt":"2026-01-25T05:55:51","guid":{"rendered":"https:\/\/analyse.optim.biz\/?p=1514131"},"modified":"2026-01-25T08:55:51","modified_gmt":"2026-01-25T05:55:51","slug":"valore-della-vita-radici-cristiane-identita-trump-segue-leone-xiv-sui-principi-non-negoziabili-la-ue-li-mortifica","status":"publish","type":"post","link":"https:\/\/analyse.optim.biz\/?p=1514131","title":{"rendered":"Valore della vita, radici cristiane, identit\u00e0. Trump segue Leone XIV sui \u201cprincipi non negoziabili\u201d, la Ue li mortifica"},"content":{"rendered":"<article id=\"post-1523467\" class=\"post-1523467 post type-post status-publish format-standard has-post-thumbnail hentry category-cultura posizione-editoriale-centro-pagina\">\n<div>\n<figure class=\"evidence-wrapper\"><img loading=\"lazy\" decoding=\"async\" width=\"860\" height=\"358\" src=\"https:\/\/analyse.optim.biz\/wp-content\/uploads\/2026\/01\/trump-leone-860x358-1.jpg\" class=\"attachment-single size-single wp-post-image\" alt=\"Valore della vita, radici cristiane, identit\u00e0. Trump segue Leone XIV sui \u201cprincipi non negoziabili\u201d, la Ue li mortifica\" title=\"Valore della vita, radici cristiane, identit\u00e0. Trump segue Leone XIV sui \u201cprincipi non negoziabili\u201d, la Ue li mortifica\"><\/figure>\n<p class=\"occhiello\">L&#8217;analisi<\/p>\n<h1>Valore della vita, radici cristiane, identit\u00e0. Trump segue Leone XIV sui \u201cprincipi non negoziabili\u201d, la Ue li mortifica<\/h1>\n<div class=\"info-condivisione\">\n<div>\n<p><span class=\"categoria\">Cultura<\/span><\/p>\n<p>\t\t\t\t\t &#8211; di <span class=\"autore\">Riccardo Pedrizzi * <\/span> &#8211; <span class=\"data\">25 Gennaio 2026 alle 09:55<\/span><\/p>\n<\/div>\n<\/div>\n<div class=\"contenuto\">\n<p>A qualche mese dalla pubblicazione del NSS (National Security Strategy of the Unated States) nessuno ne parla pi\u00f9, nessuno se ne preoccupa minimamente, quasi fossero stati rimossi e risolti tutti i problemi a cui aveva fatto riferimento quel documento, la cui impostazione molto probabilmente <strong>determiner\u00e0 il futuro del mondo rispetto agli scenari attuali.<\/strong> Infatti scompare la visione della cosiddetta \u201ct<strong>rappola di Tucidide<\/strong>\u201d, secondo la quale, quando una potenza dominante vede crescere una potenza emergente che ne pu\u00f2 minare il predominio, la guerra diventa inevitabile. Il documento ridimensiona questo potenziale pericolo perch\u00e9 gli Stati Uniti vogliono rimanere il paese pi\u00f9 ricco e forte del mondo, ma non sono pi\u00f9 interessati a controllare l\u2019intero pianeta. L<strong>e nuove potenze dovranno limitarsi a non entrare nel suo campo di interesse<\/strong> e d\u2019influenza e cio\u00e8 nell\u2019America del Nord e del Sud. Il Rapporto inoltre riconosce che nel mondo esistono governi, regimi e civilt\u00e0 che sono il frutto di storie diverse. L\u2019importante \u00e8 il rispetto reciproco. E questo segna, ad esempio, l<strong>a fine della filosofa delle \u201cprimavere arabe\u201d<\/strong> che tanti guai hanno prodotto in mezzo mondo. Gli Stati Uniti intendono negoziare bilateralmente secondo i propri interessi con ciascun paese, senza paraocchi ideologici e senza giudizi di valore.<\/p>\n<p>In effetti la \u201cNSS\u201d di Trump <strong>rovescia radicalmente l\u2019attuale prospettiva di politica internazionale,<\/strong> ritornando agli stati nazionali \u201cil mondo funziona meglio quando le nazioni pensano ai loro interessi\u201d\u2026 e gli Usa si impegnano \u201ca difendere i diritti sovrani delle nazioni, contro le incursioni delle organizzazioni transnazionali che vogliono debilitare la loro sovranit\u00e0\u201d, per questo l\u2019America \u201cdeve avere una chiara preferenza per il non-intervento negli affari delle altre nazioni\u201d e \u201cdeve avere buone relazioni e rapporti commerciali pacifici con le nazioni del mondo senza imporre ad esse cambiamenti democratici o sociali incompatibili con le loro tradizioni e storie\u201d.<\/p>\n<div class=\"code-block code-block-6\"><\/div>\n<p>E veniamo al nostro continente. Per il documento: \u201c<strong>l\u2019Ue e altri organismi transnazionali stanno indebolendo la libert\u00e0 politica<\/strong> e la sovranit\u00e0 (dei Paesi europei), con politiche migratorie che stanno trasformando il continente, censurando la libert\u00e0 di parola e sopprimendo l\u2019opposizione politica, favorendo il declino demografico e la perdita delle identit\u00e0 nazionali e la fiducia degli europei in s\u00e9 stessi\u201d. Sopratutto l\u2019Ue va liberata dal \u201csoffocamento regolatorio\u201d.<\/p>\n<p>Del resto anche J. D. Vance, Vicepresidente degli Usa, nel suo discorso alla conferenza di Monaco del 14 febbraio del 2025 aveva dichiarato che <strong>\u201cla minaccia che mi preoccupa di pi\u00f9 nei confronti dell\u2019Europa non \u00e8 la Russia, non \u00e8 la Cina,<\/strong> non \u00e8 nessun altro attore esterno. Ci\u00f2 che mi preoccupa \u00e8 la minaccia dall\u2019interno. Il ritiro dell\u2019Europa da alcuni dei suoi valori pi\u00f9 fondamentali: valori condivisi con gli Stati Uniti d\u2019America\u201d.<\/p>\n<p>Ci chiediamo cosa c\u2019\u00e8, al di l\u00e0 della forma estemporanea e pittoresca utilizzata da Trump nelle sue esternazioni, di non condivisibile nell\u2019impostazione del presidente statunitense che non sia stato gi\u00e0 rilevato e denunziato da autorit\u00e0 di grande prestigio e di altissimo livello morale, c<strong>ome Papa Leone XI<\/strong>V, naturalmente con ben altro stile, profondit\u00e0 e cultura?<\/p>\n<p>Infatti il Papa parlando recentemente al gruppo dei Conservatori e riformisti dell\u2019Europarlamento, ricevuti in Vaticano ha detto: \u201cRipeto volentieri, l\u2019appello dei miei predecessori pi\u00f9 recenti, secondo cui l\u2019identit\u00e0 europea pu\u00f2 essere compresa e promossa solo in riferimento alle sue radici giudaico-cristiane\u201d.<\/p>\n<p>Nel suo discorso, in effetti, P<strong>apa Leone aveva enunciato la sua dottrina dei \u201cprincipi non negoziabili<\/strong>\u201d in politica, elencandoli uno ad uno a cominciare dal diritto alla vita, per passare alla protezione della famiglia naturale e approdare alla libert\u00e0 educativa dei genitori e agli altri.<\/p>\n<p>Tutti principi sistematicamente violati se non addirittura contestati dalla UE.<\/p>\n<p>Egli ha cos\u00ec ripreso la vecchia questione delle origini cristiane dell\u2019Europa, ricordando che l\u2019Unione Europea \u00e8 cosa ben diversa dall\u2019Europa e che la struttura istituzionale dovrebbe ad essa ispirarsi invece che sostituirla. Per questo la proposta di San Giovanni Paolo II di inserire il riferimento non \u00e8 un capitolo chiuso per Leone XIV.<\/p>\n<p>E vediamo come questi valori vengono declinati in Europa e negli Usa, facendo solo un esempio: <strong>recentemente la Commissione Europea ha deciso di non assegnare fondi alla Federazione delle associazioni familiari cattoliche europee<\/strong> (Fafce), mentre ha approvato la risoluzione sull\u2019assegnazione di fondi a favore degli aborti transfrontalieri.<\/p>\n<p>Quella di Bruxelles \u00e8 stata una vera e propria discriminazione ideologica, eppure l\u2019obiettivo delle associazioni familiari era di prevenire l\u2019accesso dei minori alla pornografia, combattere la solitudine dei giovani, garantire il benessere digitale e la protezione dei bambini. Tutte queste proposte della Fafce sono state respinte.<\/p>\n<p>Invece, la risoluzione, <strong>approvata dal Parlamento Europeo, nasce dall\u2019iniziativa<\/strong> M<em>y Voice My Choice: For Safe and Accessible Abortion<\/em> (La mia voce, la mia scelta: per un aborto sicuro e accessibile), sponsorizzata da personaggi come George Soros e dall\u2019industria abortista internazionale, mira ad ampliare l\u2019accesso all\u2019aborto in tutti i Paesi dell\u2019UE sostenendo le spese delle donne che devono recarsi in un Paese diverso dal loro per abortire. Un sostegno all\u2019aborto che passa quindi anche attraverso grossi finanziamenti, come hanno denunciato pure i vescovi della Comece (Commissione delle conferenze episcopali della Comunit\u00e0 Europea) in un loro comunicato.<\/p>\n<p>Quest\u2019ennesimo scandalo, <strong>che nega fondi ai gruppi pro-famiglia,<\/strong> mentre sperpera miliardi di finanziamenti ad organizzazioni Lgbt, abortiste e ambientaliste, conferma ancora una volta che l\u2019Unione Eruopea \u00e8 diventata una interprete sempre pi\u00f9 ideologizzata che nega il pluralismo.<\/p>\n<p>Negli USA invece il Dipartimento di Stato degli USA dal 2026 considerer\u00e0 violazioni dei diritti umani i trattamenti ormonali e gli interventi chirurgici diretti alla \u201ctransizione di genere\u201d dei bambini; gli aborti finanziati dai governi; le leggi che attentano alla libert\u00e0 d\u2019espressione; le politiche Dei (acronimo inglese che sta per \u201cdiversit\u00e0, uguaglianza e inclusione\u201d) in tema di assunzioni, ossia le corsie preferenziali in base alla razza e all\u2019identificarsi come Lgbt; l\u2019eutanasia coercitiva.<\/p>\n<p>Il Dipartimento di Stato lo scorso 20 novembre ha inviato a tutti i consolati e le ambasciate statunitensi. \u00abIstruzioni precise in base alle quali a partire dall\u2019anno prossimo, i diplomatici americani dovranno indicare non solo se i governi sovvenzionano l\u2019aborto e le sostanze abortive, ma anche la stima del numero totale di aborti praticati ogni anno in un dato Paese. <strong>In breve, l\u2019aborto volontario verr\u00e0 considerato per quello che \u00e8,<\/strong> un gravissimo attacco contro la vita e la dignit\u00e0 umana. Un fatto di portata storica rispetto al recente passato, perch\u00e9 segna un deciso cambio di rotta nella politica estera degli Stati Uniti.<\/p>\n<p>In effetti nel complesso il \u201ctrumpismo\u201d rappresenta la reazione di una parte dell\u2019establishment americano al pensiero dominante, riprendendo temi tradizionalisti originali, inclusa la dottrina Monroe, e l\u2019intervento per salvaguardare l\u2019interesse americano. Il clima generale \u00e8 quello di reazione alla cultura woke. <strong>Molti intellettuali americani rifiutano la negazione delle radici giudaico-cristiane dell\u2019Occidente<\/strong>. E si oppongono all\u2019immigrazione gestita dal mercato, vale a dire dai traffici di uomini.<\/p>\n<p>In Europa dichiararsi cristiani si rischia di essere presi in giro ed essere emarginati. Lo rilev\u00f2 Papa Leone XIV fin dall\u2019inizio del suo pontificato. Bisogner\u00e0 perci\u00f2 pensare l\u2019Europa andando oltre le attuali istituzioni europee.<\/p>\n<p>Occorrer\u00e0 \u201cimmaginare\u201d e \u201ccreare\u201d un nuovo e costruttivo dialogo fra Ovest ed Est dell\u2019Europa, fra quei \u201cdue polmoni\u201d, che hanno dato un contributo decisivo alla costruzione dell\u2019Europa non solo nella comunione religiosa cristiana, ma anche ai fini della sua unione civile e culturale\u201d (c<em>fr. Giovanni Paolo II, Lettera Enciclica, Slavorum Apostoli, 1985, 27)<\/em>.<\/p>\n<p>Se volessimo essere ottimisti, perci\u00f2 potremmo auspica<strong>re che l\u2019Europa tragga lo spunto dal disimpegno americano<\/strong>, per riconquistare il suo ruolo internazionale, ponendosi come ponte tra Oriente e Occidente, tra Nord e Sud del mondo, come luogo neutrale e arbitrale in cui tutti gli interlocutori mondiali abbiano pari dignit\u00e0.<\/p>\n<p>L\u2019Europa dovrebbe assumersi questo compito universale che trascende la tecnica, la finanza e le armi e investe la cultura, l\u2019intelligenza, l\u2019anima dei popoli. Un compito opposto alla globalizzazione: unit\u00e0 nella differenza o differenze che convivono nell\u2019universalit\u00e0.<\/p>\n<p>* <em>senatore di An, presidente della Commissione Finanze di Palazzo Madama<\/em><\/p>\n<\/div>\n<div class=\"commentSectionContainer\">\n<p class=\"comments-title\">Non ci sono commenti, inizia una discussione<\/p>\n<\/div>\n<div id=\"comments\" class=\"comments-area closed\">\n<div id=\"respond\" class=\"comment-respond\">\n<h3 id=\"reply-title\" class=\"comment-reply-title\">Lascia un commento <small><a rel=\"nofollow\" id=\"cancel-comment-reply-link\" href=\"https:\/\/www.secoloditalia.it\/2026\/01\/valore-della-vita-radici-cristiane-identita-trump-segue-leone-xiv-sui-principi-non-negoziabili-la-ue-li-mortifica\/#respond\">Annulla risposta<\/a><\/small><\/h3>\n<p class=\"comment-notes\"><span id=\"email-notes\">Il tuo indirizzo email non sar\u00e0 pubblicato.<\/span><span class=\"required-field-message\">I campi obbligatori sono contrassegnati <span class=\"required\">*<\/span><\/span><\/p>\n<\/div>\n<\/div>\n<div class=\"info-condivisione bottom\">\n<div>\n<p>di <span class=\"autore\">Riccardo Pedrizzi * <\/span> &#8211; <span class=\"data\">25 Gennaio 2026<\/span><\/p>\n<\/div>\n<\/div>\n<\/div>\n<\/article>\n<article>\n<figure class=\"special\"><a href=\"https:\/\/www.secoloditalia.it\/2026\/01\/referendum-pesante-mazzata-per-il-no-respinto-il-ridicolo-ricorso-per-far-slittare-il-voto\/\" aria-label=\"Referendum, pesante mazzata per il \u201cNo\u201d: respinto il ridicolo ricorso per far slittare il voto\" class=\"lower\"><img loading=\"lazy\" decoding=\"async\" width=\"370\" height=\"154\" src=\"https:\/\/analyse.optim.biz\/wp-content\/uploads\/2026\/01\/referendum_tar-voto-370x154-1-40.jpg\" class=\"attachment-standard-lower size-standard-lower wp-post-image\" alt=\"Referendum, pesante mazzata per il \u201cNo\u201d: respinto il ridicolo ricorso per far slittare il voto\" title=\"Referendum, pesante mazzata per il \u201cNo\u201d: respinto il ridicolo ricorso per far slittare il voto\"><\/a><\/figure>\n<p class=\"occhiello\">Alle urne 22 e 23 marzo<\/p>\n<p><a href=\"https:\/\/www.secoloditalia.it\/2026\/01\/referendum-pesante-mazzata-per-il-no-respinto-il-ridicolo-ricorso-per-far-slittare-il-voto\/\"><\/p>\n<h4 class=\"titolo\">Referendum, <strong>pesante mazzata<\/strong> per il &#8220;No&#8221;: respinto il ridicolo ricorso per far slittare il voto<\/h4>\n<p><\/a><\/article>\n<article>\n<p class=\"occhiello\">Aperte tutte le piste<\/p>\n<p><a href=\"https:\/\/www.secoloditalia.it\/2026\/01\/la-battuta-di-caccia-finisce-in-tragedia-morti-tre-uomini-in-provincia-di-messina\/\"><\/p>\n<h4 class=\"titolo\">La battuta di caccia finisce in tragedia: morti tre uomini in provincia di Messina<\/h4>\n<p><\/a><\/article>\n<article>\n<p class=\"occhiello\">Persi tre appelli su tre<\/p>\n<p><a href=\"https:\/\/www.secoloditalia.it\/2026\/01\/renzi-fa-il-triplete-di-sconfitte-in-tribunale-travaglio-gode-babbo-tiziano-gli-deve-100mila-euro\/\"><\/p>\n<h4 class=\"titolo\"><strong> Renzi fa il triplete di sconfitte in tribunale:<\/strong> Travaglio gode, babbo Tiziano gli deve 100mila euro<\/h4>\n<p><\/a><\/article>\n<article>\n<p class=\"categoria\">Cultura<\/p>\n<figure class=\"special\"><a href=\"https:\/\/www.secoloditalia.it\/2026\/01\/repressione-ma-anche-cultura-la-violenza-giovanile-arriva-da-lontano-relativismo-etico-famiglia-delegittimata-culto-del-denaro\/\" aria-label=\"Repressione, ma anche cultura. La violenza giovanile arriva da lontano: relativismo etico, famiglia delegittimata, culto del denaro.\" class=\"lower\"><img decoding=\"async\" width=\"370\" height=\"154\" src=\"https:\/\/analyse.optim.biz\/wp-content\/uploads\/2026\/01\/violenza-giovanile-370x154-1.jpg\" class=\"attachment-standard-lower size-standard-lower wp-post-image\" alt=\"Repressione, ma anche cultura. La violenza giovanile arriva da lontano: relativismo etico, famiglia delegittimata, culto del denaro.\" loading=\"lazy\" title=\"Repressione, ma anche cultura. La violenza giovanile arriva da lontano: relativismo etico, famiglia delegittimata, culto del denaro.\"><\/a><\/figure>\n<p class=\"occhiello\">L&#8217;analisi<\/p>\n<p><a href=\"https:\/\/www.secoloditalia.it\/2026\/01\/repressione-ma-anche-cultura-la-violenza-giovanile-arriva-da-lontano-relativismo-etico-famiglia-delegittimata-culto-del-denaro\/\"><\/p>\n<h4 class=\"titolo\">Repressione, ma anche cultura. <strong>La violenza giovanile arriva da lontano:<\/strong> relativismo etico, famiglia delegittimata, culto del denaro.<\/h4>\n<p><\/a><\/article>\n<p> Source URL: https:\/\/www.secoloditalia.it\/2026\/01\/valore-della-vita-radici-cristiane-identita-trump-segue-leone-xiv-sui-principi-non-negoziabili-la-ue-li-mortifica\/<\/p>\n","protected":false},"excerpt":{"rendered":"<p>L&#8217;analisi Valore della vita, radici cristiane, identit\u00e0. Trump segue Leone XIV sui \u201cprincipi non negoziabili\u201d, la Ue li mortifica Cultura &#8211; di Riccardo Pedrizzi * &#8211; 25 Gennaio 2026 alle 09:55 A qualche mese dalla pubblicazione del NSS (National Security Strategy of the Unated States) nessuno ne parla pi\u00f9, nessuno se ne preoccupa minimamente, quasi [&hellip;]<\/p>\n","protected":false},"author":1,"featured_media":0,"comment_status":"open","ping_status":"","sticky":false,"template":"","format":"standard","meta":{"footnotes":""},"categories":[87],"tags":[123],"class_list":["post-1514131","post","type-post","status-publish","format-standard","hentry","category-italy","tag-secoloditalia-it"],"_links":{"self":[{"href":"https:\/\/analyse.optim.biz\/index.php?rest_route=\/wp\/v2\/posts\/1514131","targetHints":{"allow":["GET"]}}],"collection":[{"href":"https:\/\/analyse.optim.biz\/index.php?rest_route=\/wp\/v2\/posts"}],"about":[{"href":"https:\/\/analyse.optim.biz\/index.php?rest_route=\/wp\/v2\/types\/post"}],"author":[{"embeddable":true,"href":"https:\/\/analyse.optim.biz\/index.php?rest_route=\/wp\/v2\/users\/1"}],"replies":[{"embeddable":true,"href":"https:\/\/analyse.optim.biz\/index.php?rest_route=%2Fwp%2Fv2%2Fcomments&post=1514131"}],"version-history":[{"count":0,"href":"https:\/\/analyse.optim.biz\/index.php?rest_route=\/wp\/v2\/posts\/1514131\/revisions"}],"wp:attachment":[{"href":"https:\/\/analyse.optim.biz\/index.php?rest_route=%2Fwp%2Fv2%2Fmedia&parent=1514131"}],"wp:term":[{"taxonomy":"category","embeddable":true,"href":"https:\/\/analyse.optim.biz\/index.php?rest_route=%2Fwp%2Fv2%2Fcategories&post=1514131"},{"taxonomy":"post_tag","embeddable":true,"href":"https:\/\/analyse.optim.biz\/index.php?rest_route=%2Fwp%2Fv2%2Ftags&post=1514131"}],"curies":[{"name":"wp","href":"https:\/\/api.w.org\/{rel}","templated":true}]}}