{"id":1511963,"date":"2026-01-27T04:00:00","date_gmt":"2026-01-27T01:00:00","guid":{"rendered":"https:\/\/analyse.optim.biz\/?p=1511963"},"modified":"2026-01-27T04:00:00","modified_gmt":"2026-01-27T01:00:00","slug":"comuni-di-confine-in-fuga-zecchinato-in-tour-nel-veronese-dove-il-problema-e-montano","status":"publish","type":"post","link":"https:\/\/analyse.optim.biz\/?p=1511963","title":{"rendered":"Comuni di confine in fuga, Zecchinato in tour nel Veronese, dove il problema \u00e8 \u00abmontano\u00bb"},"content":{"rendered":"<div class=\"content-parts\">\n<div class=\"content-heading\">\n<div class=\"subhead glyph\">Il rischio secessione<\/div>\n<h1>Comuni di confine in fuga, Zecchinato in tour nel Veronese, dove il problema \u00e8 \u00abmontano\u00bb<\/h1>\n<div class=\"signatures\">\n<div class=\"signature\">Maria Vittoria Adami<\/div>\n<\/div>\n<div class=\"summary\">L&#8217;assessore regionale arriver\u00e0 anche nei Comuni confinanti con la provincia autonoma di Trento. Il nodo \u00e8 la nuova classificazione della riforma Calderoli, che esclude alcuni comuni come Dolc\u00e8<\/div>\n<\/div>\n<div class=\"content-date-share\">\n<div class=\"content-date\">27 gennaio 2026<\/div>\n<ul class=\"share-links\">\n<li>\n<li>\n<li><a target=\"_blank\" class=\"share-twitter\" title=\"Condividi su Twitter\" href=\"https:\/\/twitter.com\/intent\/tweet?text=Comuni+di+confine+in+fuga%2C+Zecchinato+in+tour+nel+Veronese%2C+dove+il+problema+%C3%A8+%C2%ABmontano%C2%BB&amp;url=https:\/\/www.larena.it\/territorio-veronese\/grande-verona\/comuni-di-confine-montani-tour-veronese-assessore-zecchinato-1.12909908\"><img loading=\"lazy\" decoding=\"async\" src=\"https:\/\/analyse.optim.biz\/wp-content\/uploads\/2026\/01\/twitter-x-white-318.svg\" width=\"20\" height=\"20\" title=\"twitter-x-white-318\"><\/a><\/li>\n<li><\/ul>\n<\/div>\n<div class=\"sticky-footer\">\n<div class=\"share-footer d-lg-none\">\n<ul class=\"share-links\">\n<li>\n<li>\n<li><a target=\"_blank\" class=\"share-twitter\" title=\"Condividi su Twitter\" href=\"https:\/\/twitter.com\/intent\/tweet?text=Comuni+di+confine+in+fuga%2C+Zecchinato+in+tour+nel+Veronese%2C+dove+il+problema+%C3%A8+%C2%ABmontano%C2%BB&amp;url=https:\/\/www.larena.it\/territorio-veronese\/grande-verona\/comuni-di-confine-montani-tour-veronese-assessore-zecchinato-1.12909908\"><img loading=\"lazy\" decoding=\"async\" src=\"https:\/\/analyse.optim.biz\/wp-content\/uploads\/2026\/01\/twitter-x-white-318.svg\" width=\"20\" height=\"20\" title=\"twitter-x-white-318\"><\/a><\/li>\n<li><\/ul>\n<\/div>\n<\/div>\n<div class=\"content-picture\">\n<div class=\"content-media content-media-backup\">\n<figure class=\"kh-lightbox\" data-src=\"https:\/\/gfx.larena.it\/image\/contentid\/policy:1.12909917:1769450522\/image.jpg?f=default&amp;w=1024&amp;$p$f$w=336aa8e\" data-caption=\"Il confine tra Veneto e Trentino Alto Adige a Passo Fittanze e l'assessore regionale Marco Zecchinato\">\n<div class=\"aspected-image\" data-aspect=\"16x9\"><img loading=\"lazy\" decoding=\"async\" src=\"https:\/\/analyse.optim.biz\/wp-content\/uploads\/2026\/01\/image-918.jpg\" alt=\"Il confine tra Veneto e Trentino Alto Adige a Passo Fittanze e l'assessore regionale Marco Zecchinato\" width=\"750\" height=\"421\" title=\"image-918\"><\/div>\n<\/figure>\n<div class=\"caption\">\n      Il confine tra Veneto e Trentino Alto Adige a Passo Fittanze e l&#8217;assessore regionale Marco Zecchinato\n          <\/div>\n<\/div>\n<div class=\"content-media content-media-main\">\n<figure class=\"kh-lightbox\" data-src=\"https:\/\/gfx.larena.it\/image\/contentid\/policy:1.12909917:1769450522\/image.jpg?f=default&amp;w=1024&amp;$p$f$w=336aa8e\" data-caption=\"Il confine tra Veneto e Trentino Alto Adige a Passo Fittanze e l'assessore regionale Marco Zecchinato\">\n<div class=\"aspected-image\" data-aspect=\"16x9\"><img loading=\"lazy\" decoding=\"async\" src=\"https:\/\/analyse.optim.biz\/wp-content\/uploads\/2026\/01\/image-918.jpg\" alt=\"Il confine tra Veneto e Trentino Alto Adige a Passo Fittanze e l'assessore regionale Marco Zecchinato\" width=\"750\" height=\"421\" title=\"image-918\"><\/div>\n<\/figure>\n<div class=\"caption\">\n      Il confine tra Veneto e Trentino Alto Adige a Passo Fittanze e l&#8217;assessore regionale Marco Zecchinato\n          <\/div>\n<\/div>\n<\/div>\n<div class=\"paywall-meter-floating\">\n<div class=\"paywall-meter-inner2 container\">\n<div class=\"claim\">\n<div class=\"main\">\n        Meno di 2 centesimi al giorno per sbloccare tutti i contenuti del sito web per 3 mesi.\n      <\/div>\n<\/div>\n<\/div>\n<div class=\"subscribe\"><a href=\"https:\/\/store.larena.it\/abbonamenti\/sottoscrizione\/offerta-speciale\/425FFA73140849\/\" class=\"btn btn-contrast\" data-dlevent='{\"event\":\"select_content\",\"content_type\":\"cta_abbonati\",\"position\":\"meter_bar\"}'><\/p>\n<p>         Abbonati ora<\/p>\n<p>      <\/a><\/div>\n<\/div>\n<\/div>\n<p> Source URL: https:\/\/www.larena.it\/territorio-veronese\/grande-verona\/comuni-di-confine-montani-tour-veronese-assessore-zecchinato-1.12909908<\/p>\n","protected":false},"excerpt":{"rendered":"<p>Il rischio secessione Comuni di confine in fuga, Zecchinato in tour nel Veronese, dove il problema \u00e8 \u00abmontano\u00bb Maria Vittoria Adami L&#8217;assessore regionale arriver\u00e0 anche nei Comuni confinanti con la provincia autonoma di Trento. Il nodo \u00e8 la nuova classificazione della riforma Calderoli, che esclude alcuni comuni come Dolc\u00e8 27 gennaio 2026 Il confine tra [&hellip;]<\/p>\n","protected":false},"author":1,"featured_media":1511966,"comment_status":"open","ping_status":"","sticky":false,"template":"","format":"standard","meta":{"footnotes":""},"categories":[87],"tags":[146],"class_list":["post-1511963","post","type-post","status-publish","format-standard","has-post-thumbnail","hentry","category-italy","tag-larena-it"],"_links":{"self":[{"href":"https:\/\/analyse.optim.biz\/index.php?rest_route=\/wp\/v2\/posts\/1511963","targetHints":{"allow":["GET"]}}],"collection":[{"href":"https:\/\/analyse.optim.biz\/index.php?rest_route=\/wp\/v2\/posts"}],"about":[{"href":"https:\/\/analyse.optim.biz\/index.php?rest_route=\/wp\/v2\/types\/post"}],"author":[{"embeddable":true,"href":"https:\/\/analyse.optim.biz\/index.php?rest_route=\/wp\/v2\/users\/1"}],"replies":[{"embeddable":true,"href":"https:\/\/analyse.optim.biz\/index.php?rest_route=%2Fwp%2Fv2%2Fcomments&post=1511963"}],"version-history":[{"count":0,"href":"https:\/\/analyse.optim.biz\/index.php?rest_route=\/wp\/v2\/posts\/1511963\/revisions"}],"wp:featuredmedia":[{"embeddable":true,"href":"https:\/\/analyse.optim.biz\/index.php?rest_route=\/wp\/v2\/media\/1511966"}],"wp:attachment":[{"href":"https:\/\/analyse.optim.biz\/index.php?rest_route=%2Fwp%2Fv2%2Fmedia&parent=1511963"}],"wp:term":[{"taxonomy":"category","embeddable":true,"href":"https:\/\/analyse.optim.biz\/index.php?rest_route=%2Fwp%2Fv2%2Fcategories&post=1511963"},{"taxonomy":"post_tag","embeddable":true,"href":"https:\/\/analyse.optim.biz\/index.php?rest_route=%2Fwp%2Fv2%2Ftags&post=1511963"}],"curies":[{"name":"wp","href":"https:\/\/api.w.org\/{rel}","templated":true}]}}