{"id":1510905,"date":"2026-01-15T16:54:25","date_gmt":"2026-01-15T13:54:25","guid":{"rendered":"https:\/\/analyse.optim.biz\/?p=1510905"},"modified":"2026-01-15T16:54:25","modified_gmt":"2026-01-15T13:54:25","slug":"hellas-un-altro-ko-pesante-passa-il-bologna-corsa-salvezza-sempre-piu-in-salita","status":"publish","type":"post","link":"https:\/\/analyse.optim.biz\/?p=1510905","title":{"rendered":"Hellas, un altro ko pesante. Passa il Bologna. Corsa salvezza sempre pi\u00f9 in salita"},"content":{"rendered":"<div class=\"content-parts\">\n<div class=\"content-heading\">\n<div class=\"subhead glyph\">Il recupero<\/div>\n<h1>Hellas, un altro ko pesante. Passa il Bologna. Corsa salvezza sempre pi\u00f9 in salita <\/h1>\n<div class=\"signatures\">\n<div class=\"signature\">Simone Antolini<\/div>\n<\/div>\n<div class=\"summary\">Apre Orban ma \u00e8 solo un&#8217;illusione. Orsolini, Odgaard e Castro ribaltano la gara. L&#8217;autorete di Freuler alimenta una inutile speranza<\/div>\n<\/div>\n<div class=\"content-date-share\">\n<div class=\"content-date\">15 gennaio 2026<\/div>\n<ul class=\"share-links\">\n<li>\n<li>\n<li><a target=\"_blank\" class=\"share-twitter\" title=\"Condividi su Twitter\" href=\"https:\/\/twitter.com\/intent\/tweet?text=Hellas%2C+un+altro+ko+pesante.+Passa+il+Bologna.+Corsa+salvezza+sempre+pi%C3%B9+in+salita&amp;url=https:\/\/www.larena.it\/argomenti\/sport\/hellas-verona\/hellas-verona-bologna-risultato-tabellino-1.12899073\"><img loading=\"lazy\" decoding=\"async\" src=\"https:\/\/analyse.optim.biz\/wp-content\/uploads\/2026\/01\/twitter-x-white-293.svg\" width=\"20\" height=\"20\" title=\"twitter-x-white-293\"><\/a><\/li>\n<li><\/ul>\n<\/div>\n<div class=\"sticky-footer\">\n<div class=\"share-footer d-lg-none\">\n<ul class=\"share-links\">\n<li>\n<li>\n<li><a target=\"_blank\" class=\"share-twitter\" title=\"Condividi su Twitter\" href=\"https:\/\/twitter.com\/intent\/tweet?text=Hellas%2C+un+altro+ko+pesante.+Passa+il+Bologna.+Corsa+salvezza+sempre+pi%C3%B9+in+salita&amp;url=https:\/\/www.larena.it\/argomenti\/sport\/hellas-verona\/hellas-verona-bologna-risultato-tabellino-1.12899073\"><img loading=\"lazy\" decoding=\"async\" src=\"https:\/\/analyse.optim.biz\/wp-content\/uploads\/2026\/01\/twitter-x-white-293.svg\" width=\"20\" height=\"20\" title=\"twitter-x-white-293\"><\/a><\/li>\n<li><\/ul>\n<\/div>\n<\/div>\n<div class=\"content-picture\">\n<div class=\"content-media content-media-backup\">\n<figure class=\"kh-lightbox\" data-src=\"https:\/\/gfx.larena.it\/image\/contentid\/policy:1.12899250:1768504272\/image.jpg?f=default&amp;w=1024&amp;$p$f$w=336aa8e\" data-caption=\"Giovane si complimenta con Orban che ha propiziato l'autorete di Freuler\">\n<div class=\"aspected-image\" data-aspect=\"16x9\"><img loading=\"lazy\" decoding=\"async\" src=\"https:\/\/analyse.optim.biz\/wp-content\/uploads\/2026\/01\/image-834.jpg\" alt=\"Giovane si complimenta con Orban che ha propiziato l'autorete di Freuler\" width=\"750\" height=\"421\" title=\"image-834\"><\/div>\n<\/figure>\n<div class=\"caption\">\n      Giovane si complimenta con Orban che ha propiziato l&#8217;autorete di Freuler\n          <\/div>\n<\/div>\n<div class=\"content-media content-media-main\">\n<div class=\"caption\">\n    Verona-Bologna\n  <\/div>\n<\/div>\n<\/div>\n<div class=\"content-body \">\n<p>Pesante. <strong>Una sconfitta pesante.<\/strong> E un film gi\u00e0 tristemente noto. <strong>Il Verona \u00e8 vittima anche delle sue fragilit\u00e0, <\/strong>oltre che di un Bologna di qualit\u00e0, ma non irresistibile.\u00a0Concede troppo l&#8217;Hellas. Cade, sprofonda sotto i colpi <strong>di un avversario che piazza stoccate e dopo prende difesa<\/strong>. Reazione minima nella ripresa. L&#8217;autorete di Freuler rianima un Bentegodi ovattato. Ma \u00e8 troppo poco. Non c&#8217;\u00e8 soluzione di continuit\u00e0. E il Verona perde un altro pezzo di speranza.<strong> I soliti errori, le solite fragilit\u00e0. <\/strong>Difficile trovare pensieri positivi in questo momento. <strong>Il Verona incassa la sua undicesima sconfitta in venti gare<\/strong> di campionato. Ultimo con il Pisa- A -4 dalla zona salvezza. Ma non \u00e8 arrivata l&#8217;impresa che tutti speravano.\u00a0\u00a0<\/p>\n<p><strong>Hellas quasi spalle al muro<\/strong>. Una vittoria contro il Bologna serve per alimentare la speranza nella corsa salvezza. Paolo Zanetti arriva alla partita di stasera senza gli infortunati <strong>Bellas-Kotchap e Frese. Fuori per influenza Kastanos. <\/strong><\/p>\n<p>La sconfitta con la Lazio ha fatto male all&#8217;umore. Ma il Verona, oggi pi\u00f9 che mai, deve dare una sterzata alla stagione. In panchina<strong> il neo arrivato Isaac<\/strong>, attaccante brasiliano prelevato dal Botafogo. Out Brlghali, di rientro dalla Coppa d&#8217;Africa, a causa di una<strong> distorsione alla caviglia sinistra.<\/strong><\/p>\n<p><strong>Primo tempo da incubo.<\/strong> Con illusione. Perch\u00e8 il Verona passa in vantaggio con Orban, <strong>pare essere dentro la partita ma poi imbarca acqua. I <\/strong>rossobl\u00f9 colpiscono ai fianchi l&#8217;incerta difesa veronese. E prendono in mano la gara. Splendido il pari di Orsolini. Poi Odgaard e Castro piazzano il ribaltone.<strong> Hellas negli spogliatoi tra i fischi all&#8217;intervallo.<\/strong> Troppa incertezza, <strong>troppo leggera la retroguardia di Zanetti<\/strong>. Gara complicata e maledettamente in salita. Cose buone in ripartenza. Ma questo \u00e8 un Verona senza equilibrio.\u00a0<\/p>\n<p><strong>Ripresa di attese.<\/strong> Per venti minuti il Verona non combina nulla. Il Bologna palleggia, tiene il campo, rischia quasi nulla. Poi l&#8217;iniziativa di Orban che porta all&#8217;autorete di Freuler rianima Hellas e Bentegodi. I giallobl\u00f9 provano a riprenderla. <strong>Zanetti cambia volti. <\/strong>E chiede l&#8217;ultimo sforzo. Dalle parti di Ravaglia piovono palloni roventi<\/p>\n<p><strong>Primo tempo<\/strong><\/p>\n<p><strong>3&#8217;pt Orban murato<\/strong><\/p>\n<p>L&#8217;attaccante nigeriano prova a pungere da fuori. Vitik alza il muro, palla ribattuta<\/p>\n<div class=\"content-media\">\n<figure class=\"kh-lightbox\" data-src=\"https:\/\/gfx.larena.it\/image\/contentid\/policy:1.12899131:1768498722\/image.jpg?f=default&amp;w=1024&amp;$p$f$w=336aa8e\" data-caption=\"Orban al tiro trova l'opposizione di Vitik\">\n<div class=\"aspected-image\" data-aspect=\"16x9\"><img loading=\"lazy\" decoding=\"async\" class=\"lazyload\" src=\"https:\/\/analyse.optim.biz\/wp-content\/uploads\/2026\/01\/image-835.jpg\" alt=\"Orban al tiro trova l'opposizione di Vitik\" width=\"750\" height=\"421\" title=\"image-835\"><\/div>\n<\/figure>\n<div class=\"caption\">\n      Orban al tiro trova l&#8217;opposizione di Vitik<br \/>\n            <span class=\"byline\">(fotoexpress)<\/span><\/div>\n<\/div>\n<p><strong>13&#8217;pt Orbannnn!!! Hellas avanti<\/strong><\/p>\n<p>Furente ripartenza dei giallobl\u00f9. Bernede si mangia il campo, arriva al limite, consegna la palla a Orban. Botta tra palo e portiere e vantaggio giallobl\u00f9<\/p>\n<p><strong>21&#8217;pt Prodezza Orsolini: pari Bologna<\/strong><\/p>\n<p>Orsolini prende palla defilato, s&#8217;accentra e con un tiro a giro fredda Montip\u00f2<\/p>\n<div class=\"content-media\">\n<figure class=\"kh-lightbox\" data-src=\"https:\/\/gfx.larena.it\/image\/contentid\/policy:1.12899172:1768500817\/image.jpg?f=default&amp;w=1024&amp;$p$f$w=336aa8e\" data-caption=\"Orsolini festeggia la rete del momentaneo pareggio tra Verona e Bologna\">\n<div class=\"aspected-image\" data-aspect=\"16x9\"><img loading=\"lazy\" decoding=\"async\" class=\"lazyload\" src=\"https:\/\/analyse.optim.biz\/wp-content\/uploads\/2026\/01\/image-836.jpg\" alt=\"Orsolini festeggia la rete del momentaneo pareggio tra Verona e Bologna\" width=\"750\" height=\"421\" title=\"image-836\"><\/div>\n<\/figure>\n<div class=\"caption\">\n      Orsolini festeggia la rete del momentaneo pareggio tra Verona e Bologna\n          <\/div>\n<\/div>\n<p><strong>24&#8217;pt Orban alto di testa<\/strong><\/p>\n<p>Bradaric si prende il fondo, centra e trova l&#8217;incornata di Orban: alto!<\/p>\n<p><strong>29&#8217;pt Odgaard la piazza:\u00a0 Bologna avanti<\/strong><\/p>\n<p>Doccia fredda per l&#8217;Hellas. Odgaard riceve al limite e di piatto la mette nell&#8217;angolino alla destra di Montip\u00f2<\/p>\n<p><strong>39&#8217;pt Pobega sfiora il tris<\/strong><\/p>\n<p>Questione di centimetri. Il corner di Orsolini attraversa tutta l&#8217;area scaligera: Pobega arriva sul secondo in ritardo di un secondo nell&#8217;impatto con la palla<\/p>\n<div class=\"content-media\">\n<figure class=\"kh-lightbox\" data-src=\"https:\/\/gfx.larena.it\/image\/contentid\/policy:1.12899200:1768502099\/image.jpg?f=default&amp;w=1024&amp;$p$f$w=336aa8e\" data-caption=\"Grandina sull'Hellas, Castro trova la rete del tris bolognese\">\n<div class=\"aspected-image\" data-aspect=\"16x9\"><img loading=\"lazy\" decoding=\"async\" class=\"lazyload\" src=\"https:\/\/analyse.optim.biz\/wp-content\/uploads\/2026\/01\/image-837.jpg\" alt=\"Grandina sull'Hellas, Castro trova la rete del tris bolognese\" width=\"750\" height=\"421\" title=\"image-837\"><\/div>\n<\/figure>\n<div class=\"caption\">\n      Grandina sull&#8217;Hellas, Castro trova la rete del tris bolognese\n          <\/div>\n<\/div>\n<p><strong>44&#8217;pt Castro implacabile: il Bologna scappa 1-3<\/strong><\/p>\n<p>Difesa ballerina, la palla arriva a Castro al limite. Botta secca all&#8217;incrocio: legno e rete. Grandina sul Verona<\/p>\n<p><strong>Secondo tempo<\/strong><\/p>\n<p><strong>18&#8217;st Sarr in acrobazia, alto<\/strong><\/p>\n<p>Verona fumoso. La prima occasione della ripresa quasi a met\u00e0 tempo. Sarr raccoglie un cross in acrobazia ma mette alto<\/p>\n<div class=\"content-media\">\n<figure class=\"kh-lightbox\" data-src=\"https:\/\/gfx.larena.it\/image\/contentid\/policy:1.12899257:1768504621\/image.jpg?f=default&amp;w=1024&amp;$p$f$w=336aa8e\" data-caption=\"Sarr in acrobazia non trova la porta bolognese\">\n<div class=\"aspected-image\" data-aspect=\"16x9\"><img loading=\"lazy\" decoding=\"async\" class=\"lazyload\" src=\"https:\/\/analyse.optim.biz\/wp-content\/uploads\/2026\/01\/image-838.jpg\" alt=\"Sarr in acrobazia non trova la porta bolognese\" width=\"750\" height=\"421\" title=\"image-838\"><\/div>\n<\/figure>\n<div class=\"caption\">\n      Sarr in acrobazia non trova la porta bolognese\n          <\/div>\n<\/div>\n<p><strong>25&#8217;st\u00a0 Autorete di Freuler su cross di Orban: 2-3<\/strong><\/p>\n<p>C&#8217;\u00e8 speranza: Orban fugge sulla destra e centra. Freuler anticipa tutti in maniera scomposta e la mette nella propria porta<\/p>\n<div class=\"content-media\">\n<figure class=\"kh-lightbox\" data-src=\"https:\/\/gfx.larena.it\/image\/contentid\/policy:1.12899250:1768504272\/image.jpg?f=default&amp;w=1024&amp;$p$f$w=336aa8e\" data-caption=\"Giovane si complimenta con Orban che ha propiziato l'autorete di Freuler\">\n<div class=\"aspected-image\" data-aspect=\"16x9\"><img loading=\"lazy\" decoding=\"async\" class=\"lazyload\" src=\"https:\/\/analyse.optim.biz\/wp-content\/uploads\/2026\/01\/image-834.jpg\" alt=\"Giovane si complimenta con Orban che ha propiziato l'autorete di Freuler\" width=\"750\" height=\"421\" title=\"image-834\"><\/div>\n<\/figure>\n<div class=\"caption\">\n      Giovane si complimenta con Orban che ha propiziato l&#8217;autorete di Freuler\n          <\/div>\n<\/div>\n<p><strong>33&#8217;st Sarr, che errore sotto porta<\/strong><\/p>\n<p>Rimpalli in area. La palla arriva a Sarr. Liberissimo. Tiro centrale, salva Ravaglia. Ma \u00e8 occasionissima mancata<\/p>\n<p>\u00a0<\/p>\n<p>\u00a0<\/p>\n<p><strong>VERONA-BOLOGNA 2-3<\/strong><\/p>\n<p><strong>Verona\u00a0(3-5-2): <\/strong>Montip\u00f2; Nellson, Valentini, Nunez (1&#8217;st Slotsager); Bradaric, Niasse (31&#8217;st Fallou), Bernede, Al Musrati (7&#8217;st Giovane), Serdar (7&#8217;st Gagliardini); Orban, Sarr (36&#8217;st Mosquera) (94 Perilli, 34 Toniolo, 2 Oyegoke, 21 Harroui, 23 Ebosse, 41 Isaac). All.: Zanetti.<\/p>\n<p><strong>Bologna\u00a0(4-2-3-1):<\/strong> Ravaglia; Holm (34&#8217;st Zortea), Heggem, Vitik, Miranda; Freuler, Pobega (20&#8217;st Moro); Orsolini (44&#8217;st Fabbian), Odgaard (34&#8217;st Ferguson), Dominguez; Castro (20&#8217;st Immobile) (1 Skorupski, 25 Pessina, 11 Rowe, 16 Casale, 22 Lykogiannis, 24 Dallinga, 29 De Silvestri, 77 Sulemana). All.: Italiano.<\/p>\n<p><strong>Arbitro:<\/strong> Mariani di Roma.<\/p>\n<p><strong>Reti:<\/strong> nel pt 13&#8242; Orban, 21&#8242; Orsolini, 28&#8242; Odgaard, 43&#8242; Castro; nel st 26&#8242; Freuler (autorete).<\/p>\n<p><strong>Angoli<\/strong>: 5 a 4 per il\u00a0Bologna. Recupero: 2&#8242; e 5&#8242;. Ammoniti: Nunez, Vitik e Orsolini per gioco falloso.<\/p>\n<\/div>\n<div class=\"copyright\">\n  \u00a9 Riproduzione riservata\n<\/div>\n<div class=\"whatsapp-channel-link\">\n<p>L\u2019Arena \u00e8 su Whatsapp. <a href=\"https:\/\/whatsapp.com\/channel\/0029VaDsUGg1XquVqR4ZZC43\" target=\"_blank\">Clicca qui<\/a> per iscriverti al nostro canale e rimanere aggiornato in tempo reale.<\/p>\n<\/div>\n<div class=\"content-contribute margin-bottom-default\"><a rel=\"nofollow\" data-pushbar-target=\"comments-pushbar\" class=\"comments\" href=\"https:\/\/www.larena.it\/argomenti\/sport\/hellas-verona\/hellas-verona-bologna-risultato-tabellino-1.12899073\"><br \/>\n        Commenti (<span class=\"comment-count\">0<\/span>)<br \/>\n    <\/a><a rel=\"nofollow\" class=\"contribute d-none d-lg-inline\" href=\"https:\/\/www.larena.it\/spazio-lettori\/whatsapp\">\u00a0 Contribuisci alla notizia<\/a><a rel=\"nofollow\" class=\"contribute d-inline d-lg-none\" href=\"https:\/\/www.larena.it\/spazio-lettori\/whatsapp\">\u00a0 Contribuisci<\/a><\/div>\n<aside id=\"comments-pushbar\" class=\"sidebar sidebar-comments comments-zone\" data-pushbar-id=\"comments-pushbar\" data-pushbar-direction=\"right\">\n<div class=\"sidebar-header\">\n<div class=\"navbar navbar-expand d-flex justify-content-between\">\n<ul class=\"navbar-nav\">\n<li><\/ul>\n<ul class=\"navbar-nav\">\n<li>\n<h5>Commenti (<span class=\"comment-count\">0<\/span>)<\/h5>\n<\/li>\n<\/ul>\n<\/div>\n<\/div>\n<div class=\"sidebar-main sidebar-main-scroll\">\n<div class=\"comments-container\">\n<div class=\"spinner\"><img decoding=\"async\" src=\"https:\/\/analyse.optim.biz\/wp-content\/uploads\/2026\/01\/ajax-loader-97.gif\" alt=\"spinner\" title=\"ajax-loader-97\"><\/div>\n<\/div>\n<\/div>\n<div class=\"sidebar-footer\">\n<div class=\"comments-container foot\"><a class=\"comment-new-form-toggler btn btn-secondary btn-sm\" rel=\"nofollow\" href=\"https:\/\/www.larena.it\/argomenti\/sport\/hellas-verona\/hellas-verona-bologna-risultato-tabellino-1.12899073\">Commenta<\/a><\/p>\n<div class=\"buttons\">\n<div class=\"privacy\"><b>Informativa privacy:<\/b> L\u2019invio di un commento pu\u00f2 comportare il trattamento di dati personali: per maggiori informazioni sulle modalit\u00e0 di trattamento e l\u2019esercizio dei diritti consultare le nostre Informazioni sulla Privacy e l\u2019informativa estesa sui cookie presenti in calce al sito web.<\/div>\n<\/div>\n<div class=\"comment-thankyou\">Grazie per aver inviato un commento. L&#8217;intervento non sar\u00e0 pubblicato fino a quando il moderatore non lo avr\u00e0 letto ed approvato. I commenti ritenuti inadatti o offensivi non saranno pubblicati.<\/div>\n<\/div>\n<\/div>\n<\/aside>\n<\/div>\n<p> Source URL: https:\/\/www.larena.it\/argomenti\/sport\/hellas-verona\/hellas-verona-bologna-risultato-tabellino-1.12899073<\/p>\n","protected":false},"excerpt":{"rendered":"<p>Il recupero Hellas, un altro ko pesante. Passa il Bologna. Corsa salvezza sempre pi\u00f9 in salita Simone Antolini Apre Orban ma \u00e8 solo un&#8217;illusione. Orsolini, Odgaard e Castro ribaltano la gara. L&#8217;autorete di Freuler alimenta una inutile speranza 15 gennaio 2026 Giovane si complimenta con Orban che ha propiziato l&#8217;autorete di Freuler Verona-Bologna Pesante. Una [&hellip;]<\/p>\n","protected":false},"author":1,"featured_media":1510910,"comment_status":"open","ping_status":"","sticky":false,"template":"","format":"standard","meta":{"footnotes":""},"categories":[87],"tags":[146],"class_list":["post-1510905","post","type-post","status-publish","format-standard","has-post-thumbnail","hentry","category-italy","tag-larena-it"],"_links":{"self":[{"href":"https:\/\/analyse.optim.biz\/index.php?rest_route=\/wp\/v2\/posts\/1510905","targetHints":{"allow":["GET"]}}],"collection":[{"href":"https:\/\/analyse.optim.biz\/index.php?rest_route=\/wp\/v2\/posts"}],"about":[{"href":"https:\/\/analyse.optim.biz\/index.php?rest_route=\/wp\/v2\/types\/post"}],"author":[{"embeddable":true,"href":"https:\/\/analyse.optim.biz\/index.php?rest_route=\/wp\/v2\/users\/1"}],"replies":[{"embeddable":true,"href":"https:\/\/analyse.optim.biz\/index.php?rest_route=%2Fwp%2Fv2%2Fcomments&post=1510905"}],"version-history":[{"count":0,"href":"https:\/\/analyse.optim.biz\/index.php?rest_route=\/wp\/v2\/posts\/1510905\/revisions"}],"wp:featuredmedia":[{"embeddable":true,"href":"https:\/\/analyse.optim.biz\/index.php?rest_route=\/wp\/v2\/media\/1510910"}],"wp:attachment":[{"href":"https:\/\/analyse.optim.biz\/index.php?rest_route=%2Fwp%2Fv2%2Fmedia&parent=1510905"}],"wp:term":[{"taxonomy":"category","embeddable":true,"href":"https:\/\/analyse.optim.biz\/index.php?rest_route=%2Fwp%2Fv2%2Fcategories&post=1510905"},{"taxonomy":"post_tag","embeddable":true,"href":"https:\/\/analyse.optim.biz\/index.php?rest_route=%2Fwp%2Fv2%2Ftags&post=1510905"}],"curies":[{"name":"wp","href":"https:\/\/api.w.org\/{rel}","templated":true}]}}