{"id":1510872,"date":"2026-01-15T18:54:04","date_gmt":"2026-01-15T15:54:04","guid":{"rendered":"https:\/\/analyse.optim.biz\/?p=1510872"},"modified":"2026-01-15T18:54:04","modified_gmt":"2026-01-15T15:54:04","slug":"hellas-e-tornato-lo-svincolato-darko-lazovic-ma-solo-in-curva","status":"publish","type":"post","link":"https:\/\/analyse.optim.biz\/?p=1510872","title":{"rendered":"Hellas, \u00e8 tornato lo svincolato Darko Lazovic&#8230; ma solo in Curva"},"content":{"rendered":"<div class=\"content-parts\">\n<div class=\"content-heading\">\n<div class=\"subhead glyph\">Verona-Bologna<\/div>\n<h1>Hellas, \u00e8 tornato lo svincolato Darko Lazovic&#8230; ma solo in Curva<\/h1>\n<\/div>\n<div class=\"content-date-share\">\n<div class=\"content-date\">15 gennaio 2026<\/div>\n<ul class=\"share-links\">\n<li>\n<li>\n<li><a target=\"_blank\" class=\"share-twitter\" title=\"Condividi su Twitter\" href=\"https:\/\/twitter.com\/intent\/tweet?text=Hellas%2C+%C3%A8+tornato+lo+svincolato+Darko+Lazovic...+ma+solo+in+Curva&amp;url=https:\/\/www.larena.it\/argomenti\/sport\/hellas-verona\/darko-lazovic-curva-sud-hellas-verona-1.12899215\"><img loading=\"lazy\" decoding=\"async\" src=\"https:\/\/analyse.optim.biz\/wp-content\/uploads\/2026\/01\/twitter-x-white-292.svg\" width=\"20\" height=\"20\" title=\"twitter-x-white-292\"><\/a><\/li>\n<li><\/ul>\n<\/div>\n<div class=\"sticky-footer\">\n<div class=\"share-footer d-lg-none\">\n<ul class=\"share-links\">\n<li>\n<li>\n<li><a target=\"_blank\" class=\"share-twitter\" title=\"Condividi su Twitter\" href=\"https:\/\/twitter.com\/intent\/tweet?text=Hellas%2C+%C3%A8+tornato+lo+svincolato+Darko+Lazovic...+ma+solo+in+Curva&amp;url=https:\/\/www.larena.it\/argomenti\/sport\/hellas-verona\/darko-lazovic-curva-sud-hellas-verona-1.12899215\"><img loading=\"lazy\" decoding=\"async\" src=\"https:\/\/analyse.optim.biz\/wp-content\/uploads\/2026\/01\/twitter-x-white-292.svg\" width=\"20\" height=\"20\" title=\"twitter-x-white-292\"><\/a><\/li>\n<li><\/ul>\n<\/div>\n<\/div>\n<div class=\"content-picture\">\n<div class=\"content-media content-media-backup\">\n<figure class=\"kh-lightbox\" data-src=\"https:\/\/gfx.larena.it\/image\/contentid\/policy:1.12899226:1768503155\/image.jpg?f=default&amp;w=1024&amp;$p$f$w=336aa8e\" data-caption=\"Darko Lazovic in Curva Sud a osservare Verona-Bologna\">\n<div class=\"aspected-image\" data-aspect=\"16x9\"><img loading=\"lazy\" decoding=\"async\" src=\"https:\/\/analyse.optim.biz\/wp-content\/uploads\/2026\/01\/image-831.jpg\" alt=\"Darko Lazovic in Curva Sud a osservare Verona-Bologna\" width=\"750\" height=\"421\" title=\"image-831\"><\/div>\n<\/figure>\n<div class=\"caption\">\n      Darko Lazovic in Curva Sud a osservare Verona-Bologna\n          <\/div>\n<\/div>\n<div class=\"content-media content-media-main\">\n<figure class=\"kh-lightbox\" data-src=\"https:\/\/gfx.larena.it\/image\/contentid\/policy:1.12899226:1768503155\/image.jpg?f=default&amp;w=1024&amp;$p$f$w=336aa8e\" data-caption=\"Darko Lazovic in Curva Sud a osservare Verona-Bologna\">\n<div class=\"aspected-image\" data-aspect=\"16x9\"><img loading=\"lazy\" decoding=\"async\" src=\"https:\/\/analyse.optim.biz\/wp-content\/uploads\/2026\/01\/image-831.jpg\" alt=\"Darko Lazovic in Curva Sud a osservare Verona-Bologna\" width=\"750\" height=\"421\" title=\"image-831\"><\/div>\n<\/figure>\n<div class=\"caption\">\n      Darko Lazovic in Curva Sud a osservare Verona-Bologna\n          <\/div>\n<\/div>\n<\/div>\n<div class=\"content-body \">\n<p>Qualcuno lo vorrebbe ancora sulla fascia, viste le enormi difficolt\u00e0 dei giallobl\u00f9 sugli esterni, ma per ora \u00e8 tornato solo&#8230; in Curva Sud. Da l\u00ec l\u2019ex capitano <strong>Darko Lazovic<\/strong>, la cui avventura all\u2019Hellas \u00e8 finita a giugno dopo 193 presenze in sei anni, ha osservato la<a href=\"https:\/\/www.larena.it\/argomenti\/sport\/hellas-verona\/hellas-verona-bologna-risultato-tabellino-1.12899073\" target=\"_blank\"><strong> partita con il Bologna<\/strong><\/a>.<\/p>\n<p>Lazovic nel 2025 ha giocato 6 partite con l&#8217;Al-Wahda, squadra degli Emirati Arabi, ed \u00e8 attualmente svincolato.<\/p>\n<\/div>\n<div class=\"copyright\">\n  \u00a9 Riproduzione riservata\n<\/div>\n<div class=\"whatsapp-channel-link\">\n<p>L\u2019Arena \u00e8 su Whatsapp. <a href=\"https:\/\/whatsapp.com\/channel\/0029VaDsUGg1XquVqR4ZZC43\" target=\"_blank\">Clicca qui<\/a> per iscriverti al nostro canale e rimanere aggiornato in tempo reale.<\/p>\n<\/div>\n<div class=\"content-contribute margin-bottom-default\"><a rel=\"nofollow\" data-pushbar-target=\"comments-pushbar\" class=\"comments\" href=\"https:\/\/www.larena.it\/argomenti\/sport\/hellas-verona\/darko-lazovic-curva-sud-hellas-verona-1.12899215\"><br \/>\n        Commenti (<span class=\"comment-count\">0<\/span>)<br \/>\n    <\/a><a rel=\"nofollow\" class=\"contribute d-none d-lg-inline\" href=\"https:\/\/www.larena.it\/spazio-lettori\/whatsapp\">\u00a0 Contribuisci alla notizia<\/a><a rel=\"nofollow\" class=\"contribute d-inline d-lg-none\" href=\"https:\/\/www.larena.it\/spazio-lettori\/whatsapp\">\u00a0 Contribuisci<\/a><\/div>\n<aside id=\"comments-pushbar\" class=\"sidebar sidebar-comments comments-zone\" data-pushbar-id=\"comments-pushbar\" data-pushbar-direction=\"right\">\n<div class=\"sidebar-header\">\n<div class=\"navbar navbar-expand d-flex justify-content-between\">\n<ul class=\"navbar-nav\">\n<li><\/ul>\n<ul class=\"navbar-nav\">\n<li>\n<h5>Commenti (<span class=\"comment-count\">0<\/span>)<\/h5>\n<\/li>\n<\/ul>\n<\/div>\n<\/div>\n<div class=\"sidebar-main sidebar-main-scroll\">\n<div class=\"comments-container\">\n<div class=\"spinner\"><img decoding=\"async\" src=\"https:\/\/analyse.optim.biz\/wp-content\/uploads\/2026\/01\/ajax-loader-96.gif\" alt=\"spinner\" title=\"ajax-loader-96\"><\/div>\n<\/div>\n<\/div>\n<div class=\"sidebar-footer\">\n<div class=\"comments-container foot\"><a class=\"comment-new-form-toggler btn btn-secondary btn-sm\" rel=\"nofollow\" href=\"https:\/\/www.larena.it\/argomenti\/sport\/hellas-verona\/darko-lazovic-curva-sud-hellas-verona-1.12899215\">Commenta<\/a><\/p>\n<div class=\"buttons\">\n<div class=\"privacy\"><b>Informativa privacy:<\/b> L\u2019invio di un commento pu\u00f2 comportare il trattamento di dati personali: per maggiori informazioni sulle modalit\u00e0 di trattamento e l\u2019esercizio dei diritti consultare le nostre Informazioni sulla Privacy e l\u2019informativa estesa sui cookie presenti in calce al sito web.<\/div>\n<\/div>\n<div class=\"comment-thankyou\">Grazie per aver inviato un commento. L&#8217;intervento non sar\u00e0 pubblicato fino a quando il moderatore non lo avr\u00e0 letto ed approvato. I commenti ritenuti inadatti o offensivi non saranno pubblicati.<\/div>\n<\/div>\n<\/div>\n<\/aside>\n<\/div>\n<p> Source URL: https:\/\/www.larena.it\/argomenti\/sport\/hellas-verona\/darko-lazovic-curva-sud-hellas-verona-1.12899215<\/p>\n","protected":false},"excerpt":{"rendered":"<p>Verona-Bologna Hellas, \u00e8 tornato lo svincolato Darko Lazovic&#8230; ma solo in Curva 15 gennaio 2026 Darko Lazovic in Curva Sud a osservare Verona-Bologna Darko Lazovic in Curva Sud a osservare Verona-Bologna Qualcuno lo vorrebbe ancora sulla fascia, viste le enormi difficolt\u00e0 dei giallobl\u00f9 sugli esterni, ma per ora \u00e8 tornato solo&#8230; in Curva Sud. Da [&hellip;]<\/p>\n","protected":false},"author":1,"featured_media":1510876,"comment_status":"open","ping_status":"","sticky":false,"template":"","format":"standard","meta":{"footnotes":""},"categories":[87],"tags":[146],"class_list":["post-1510872","post","type-post","status-publish","format-standard","has-post-thumbnail","hentry","category-italy","tag-larena-it"],"_links":{"self":[{"href":"https:\/\/analyse.optim.biz\/index.php?rest_route=\/wp\/v2\/posts\/1510872","targetHints":{"allow":["GET"]}}],"collection":[{"href":"https:\/\/analyse.optim.biz\/index.php?rest_route=\/wp\/v2\/posts"}],"about":[{"href":"https:\/\/analyse.optim.biz\/index.php?rest_route=\/wp\/v2\/types\/post"}],"author":[{"embeddable":true,"href":"https:\/\/analyse.optim.biz\/index.php?rest_route=\/wp\/v2\/users\/1"}],"replies":[{"embeddable":true,"href":"https:\/\/analyse.optim.biz\/index.php?rest_route=%2Fwp%2Fv2%2Fcomments&post=1510872"}],"version-history":[{"count":0,"href":"https:\/\/analyse.optim.biz\/index.php?rest_route=\/wp\/v2\/posts\/1510872\/revisions"}],"wp:featuredmedia":[{"embeddable":true,"href":"https:\/\/analyse.optim.biz\/index.php?rest_route=\/wp\/v2\/media\/1510876"}],"wp:attachment":[{"href":"https:\/\/analyse.optim.biz\/index.php?rest_route=%2Fwp%2Fv2%2Fmedia&parent=1510872"}],"wp:term":[{"taxonomy":"category","embeddable":true,"href":"https:\/\/analyse.optim.biz\/index.php?rest_route=%2Fwp%2Fv2%2Fcategories&post=1510872"},{"taxonomy":"post_tag","embeddable":true,"href":"https:\/\/analyse.optim.biz\/index.php?rest_route=%2Fwp%2Fv2%2Ftags&post=1510872"}],"curies":[{"name":"wp","href":"https:\/\/api.w.org\/{rel}","templated":true}]}}