{"id":1510683,"date":"2026-01-19T17:13:57","date_gmt":"2026-01-19T14:13:57","guid":{"rendered":"https:\/\/analyse.optim.biz\/?p=1510683"},"modified":"2026-01-19T17:13:57","modified_gmt":"2026-01-19T14:13:57","slug":"hellas-generoso-a-cremona-ma-e-solo-pari-i-gialloblu-restano-ultimi-in-classifica","status":"publish","type":"post","link":"https:\/\/analyse.optim.biz\/?p=1510683","title":{"rendered":"Hellas generoso a Cremona: ma \u00e8 solo pari. I giallobl\u00f9 restano ultimi in classifica"},"content":{"rendered":"<div class=\"content-parts\">\n<div class=\"content-heading\">\n<div class=\"subhead glyph\">Il posticipo<\/div>\n<h1>Hellas generoso a Cremona: ma \u00e8 solo pari. I giallobl\u00f9 restano ultimi in classifica<\/h1>\n<div class=\"signatures\">\n<div class=\"signature\">Simone Antolini<\/div>\n<\/div>\n<div class=\"summary\">Giovane il pi\u00f9 intraprendente. Tante le assenze. Prova di orgoglio ma non basta. La salvezza a -3<\/div>\n<\/div>\n<div class=\"content-date-share\">\n<div class=\"content-date\">19 gennaio 2026<\/div>\n<ul class=\"share-links\">\n<li>\n<li>\n<li><a target=\"_blank\" class=\"share-twitter\" title=\"Condividi su Twitter\" href=\"https:\/\/twitter.com\/intent\/tweet?text=Hellas+generoso+a+Cremona%3A+ma+%C3%A8+solo+pari.+I+giallobl%C3%B9+restano+ultimi+in+classifica&amp;url=https:\/\/www.larena.it\/argomenti\/sport\/hellas-verona\/hellas-verona-cremonese-tabellino-risultato-1.12902889\"><img loading=\"lazy\" decoding=\"async\" src=\"https:\/\/analyse.optim.biz\/wp-content\/uploads\/2026\/01\/twitter-x-white-287.svg\" width=\"20\" height=\"20\" title=\"twitter-x-white-287\"><\/a><\/li>\n<li><\/ul>\n<\/div>\n<div class=\"sticky-footer\">\n<div class=\"share-footer d-lg-none\">\n<ul class=\"share-links\">\n<li>\n<li>\n<li><a target=\"_blank\" class=\"share-twitter\" title=\"Condividi su Twitter\" href=\"https:\/\/twitter.com\/intent\/tweet?text=Hellas+generoso+a+Cremona%3A+ma+%C3%A8+solo+pari.+I+giallobl%C3%B9+restano+ultimi+in+classifica&amp;url=https:\/\/www.larena.it\/argomenti\/sport\/hellas-verona\/hellas-verona-cremonese-tabellino-risultato-1.12902889\"><img loading=\"lazy\" decoding=\"async\" src=\"https:\/\/analyse.optim.biz\/wp-content\/uploads\/2026\/01\/twitter-x-white-287.svg\" width=\"20\" height=\"20\" title=\"twitter-x-white-287\"><\/a><\/li>\n<li><\/ul>\n<\/div>\n<\/div>\n<div class=\"content-picture\">\n<div class=\"content-media content-media-backup\">\n<figure class=\"kh-lightbox\" data-src=\"https:\/\/gfx.larena.it\/image\/contentid\/policy:1.12903051:1768848103\/image.jpg?f=default&amp;w=1024&amp;$p$f$w=336aa8e\" data-caption=\"Antoine Bernede difende la palla\">\n<div class=\"aspected-image\" data-aspect=\"16x9\"><img loading=\"lazy\" decoding=\"async\" src=\"https:\/\/analyse.optim.biz\/wp-content\/uploads\/2026\/01\/image-815.jpg\" alt=\"Antoine Bernede difende la palla\" width=\"750\" height=\"421\" title=\"image-815\"><\/div>\n<\/figure>\n<div class=\"caption\">\n      Antoine Bernede difende la palla\n          <\/div>\n<\/div>\n<div class=\"content-media content-media-main\">\n<div class=\"caption\">\n    Cremonese-Verona\n  <\/div>\n<\/div>\n<\/div>\n<div class=\"content-body \">\n<p>Un punto<strong>. Che non pu\u00f2 far sorridere.<\/strong> Un punto che tiene l&#8217;Hellas in fondo alla classifica. Un punto, per\u00f2, che dice che il Verona \u00e8 vivo, spuntato ma pur sempre ancora in corsissima per restare in A. <strong>La Cremonese non fa paura<\/strong>. Lo 0-0 \u00e8 sintesi di una gara giocata spesso sotto ritmo e poco spettacolare. L&#8217;Hellas ci arriva rimaneggiato. Ma se la gioca alla pari. Rischia poco, cerca pure di comandarla.<strong> Certo, manca la stoccata.<\/strong> Giovane \u00e8 il pi\u00f9 intraprendente. Ma, non basta. E oggi il passato \u00e8 fardello pesante. La gara, sia inteso, non \u00e8 da buttare.<strong> E va presa in considerazione al di l\u00e0 della posizione deficitaria di classifica<\/strong>. Dare di pi\u00f9. Certo. Ma il Verona poteva sciogliersi vista l&#8217;emergenza. E non l&#8217;ha fatto.<\/p>\n<p>Vale triplo per la salvezza. Il modulo? <strong>Modellato sulle assenze.<\/strong> Il Verona va in campo allo Zin<strong>i con il 3-4-3.<\/strong> Zanetti deve fare di necessit\u00e0 virt\u00f9. In porta c&#8217;\u00e8 Perilli.\u00a0 Difesa inedita con Slotsager, Nelsson ed Ebosse. Lirola, appena arrivato, debutta dal primo minuto. Lunghissima<strong> la lista degli assenti<\/strong>:\u00a0Al-Musrati, Akpa-Akpro, Belghali, Bella-Kotchap, Frese, Valentini e Suslov. Fuori per squalifica Nunez<\/p>\n<p>Mediana nelle mani d<strong>i Gagliardini e Bernede. <\/strong>A spingere pure Bradaric. P<strong>oi davanti si va di tridente con Orban, Sarr e Giovane<\/strong>. Nella Cremonese gli ex Bianchetti, Bonazzoli e Terracciano. Oltre al veronese Baschirotto<\/p>\n<p>Prima frazione<strong> quasi soporifera<\/strong>. L&#8217;Hellas rischia poco, deve trovare il suo <strong>&#8220;senso di adattamento<\/strong>&#8221; considerate assenze e nuovo modulo.<strong> I giallobl\u00f9 non vedono mai la porta<\/strong>. C&#8217;\u00e8 solo uno <strong>spunto di Giovane,<\/strong> ma nulla pi\u00f9. Gara che appare bloccata.\u00a0 La &#8220;Cremo&#8221; si affida<strong> a Vardy e Bonazzoli <\/strong>senza, peraltro, trovare mai il modo di impensierire Perilli. Verona equilibrato ma senza sussulti.<\/p>\n<p>Ripresa senza <strong>particolari squilli. <\/strong>Verona attento nella gestione della palla.<strong> Giovane si inventa un gol spettacolare <\/strong>in semirovesciata ma \u00e8 in posizione irregolare. Per il resto: tempo rugginoso con Hellas di volont\u00e0. Ma non si passa.\u00a0<\/p>\n<p><strong>Primo tempo<\/strong><\/p>\n<p><strong>7&#8217;pt Vardy cerca la sorpresa<\/strong><\/p>\n<p>Vardy prova il colpo a sorpresa calciando da appena dopo la met\u00e0 campo. Perilli rientra e controlla. Palla alta di poco<\/p>\n<div class=\"content-media\">\n<figure class=\"kh-lightbox\" data-src=\"https:\/\/gfx.larena.it\/image\/contentid\/policy:1.12902962:1768844552\/image.jpg?f=default&amp;w=1024&amp;$p$f$w=336aa8e\" data-caption=\"Lirola al debutto assoluto con la maglia giallobl\u00f9\">\n<div class=\"aspected-image\" data-aspect=\"16x9\"><img loading=\"lazy\" decoding=\"async\" class=\"lazyload\" src=\"https:\/\/analyse.optim.biz\/wp-content\/uploads\/2026\/01\/image-816.jpg\" alt=\"Lirola al debutto assoluto con la maglia giallobl\u00f9\" width=\"750\" height=\"421\" title=\"image-816\"><\/div>\n<\/figure>\n<div class=\"caption\">\n      Lirola al debutto assoluto con la maglia giallobl\u00f9<br \/>\n            <span class=\"byline\">(fotoexpress)<\/span><\/div>\n<\/div>\n<p><strong>11&#8217;pt Barbieri sfiora il gol<\/strong><\/p>\n<p>Barbieri sfugge sulla destra a Bradaric, diagonale secco fuori di poco. Vardy arriva in ritardo e si schianta sul palo<\/p>\n<div class=\"content-media\">\n<figure class=\"kh-lightbox\" data-src=\"https:\/\/gfx.larena.it\/image\/contentid\/policy:1.12903013:1768846306\/image.jpg?f=default&amp;w=1024&amp;$p$f$w=336aa8e\" data-caption=\"Barbieri cerca il cross murato da Bradaric\">\n<div class=\"aspected-image\" data-aspect=\"16x9\"><img loading=\"lazy\" decoding=\"async\" class=\"lazyload\" src=\"https:\/\/analyse.optim.biz\/wp-content\/uploads\/2026\/01\/image-817.jpg\" alt=\"Barbieri cerca il cross murato da Bradaric\" width=\"750\" height=\"421\" title=\"image-817\"><\/div>\n<\/figure>\n<div class=\"caption\">\n      Barbieri cerca il cross murato da Bradaric\n          <\/div>\n<\/div>\n<p><strong>37&#8217;pt Lampo Giovane, Audero si salva in angolo<\/strong><\/p>\n<p>Primo tiro in porta dell&#8217;Hellas. Giovane cerca di incrociare. Diagonale a scendere. Audero si distende in angolo<\/p>\n<p><strong>Secondo tempo<\/strong><\/p>\n<p><strong>6&#8217;st Grassi di controbalzo: palla a lato<\/strong><\/p>\n<p>Grassi ruba il tempo e batte di controbalzo dal limite. Palla che sfiora l&#8217;incrocio<\/p>\n<div class=\"content-media\">\n<figure class=\"kh-lightbox\" data-src=\"https:\/\/gfx.larena.it\/image\/contentid\/policy:1.12903017:1768846516\/image.jpg?f=default&amp;w=1024&amp;$p$f$w=336aa8e\" data-caption=\"Giovane in volo la  palla schizza lontano\">\n<div class=\"aspected-image\" data-aspect=\"16x9\"><img loading=\"lazy\" decoding=\"async\" class=\"lazyload\" src=\"https:\/\/analyse.optim.biz\/wp-content\/uploads\/2026\/01\/image-818.jpg\" alt=\"Giovane in volo la  palla schizza lontano\" width=\"750\" height=\"421\" title=\"image-818\"><\/div>\n<\/figure>\n<div class=\"caption\">\n      Giovane in volo la  palla schizza lontano\n          <\/div>\n<\/div>\n<p><strong>11&#8217;st Barbieri per Bonazzoli: murato<\/strong><\/p>\n<p>Ripartenza Cremo: Barbieri premia il movimento di Bonazzoli: deviazione velenosa, salva Nelsson murando l&#8217;avversario<\/p>\n<p><strong>16&#8217;st Giovane a giro, miracolo di Audero: ma \u00e8 fuorigioco<\/strong><\/p>\n<p>Giocatona del Verona. Palla dentro ler Giovane: arresto, tiro a giro, miracolo di Audero. Ma si alza la bandierina<\/p>\n<div class=\"content-media\">\n<figure class=\"kh-lightbox\" data-src=\"https:\/\/gfx.larena.it\/image\/contentid\/policy:1.12903051:1768848103\/image.jpg?f=default&amp;w=1024&amp;$p$f$w=336aa8e\" data-caption=\"Antoine Bernede difende la palla\">\n<div class=\"aspected-image\" data-aspect=\"16x9\"><img loading=\"lazy\" decoding=\"async\" class=\"lazyload\" src=\"https:\/\/analyse.optim.biz\/wp-content\/uploads\/2026\/01\/image-815.jpg\" alt=\"Antoine Bernede difende la palla\" width=\"750\" height=\"421\" title=\"image-815\"><\/div>\n<\/figure>\n<div class=\"caption\">\n      Antoine Bernede difende la palla\n          <\/div>\n<\/div>\n<p><strong>25&#8217;st Tiro cross di Lirola: fuori di poco<\/strong><\/p>\n<p>Dalla destra: mezzo tiro, mezzo cross. Palla a mezz&#8217;aria che Lirola manda fuori di poco<\/p>\n<p><strong>34&#8217;st Botta secca di Bernede: Audero in angolo<\/strong><\/p>\n<p>Palla in area per Bernede: botta secca che Audero alza in corner<\/p>\n<div class=\"content-media\">\n<figure class=\"kh-lightbox\" data-src=\"https:\/\/gfx.larena.it\/image\/contentid\/policy:1.12903097:1768849280\/image.jpg?f=default&amp;w=1024&amp;$p$f$w=336aa8e\" data-caption=\"Simone Perilli titolare contro la Cremonese\">\n<div class=\"aspected-image\" data-aspect=\"16x9\"><img loading=\"lazy\" decoding=\"async\" class=\"lazyload\" src=\"https:\/\/analyse.optim.biz\/wp-content\/uploads\/2026\/01\/image-819.jpg\" alt=\"Simone Perilli titolare contro la Cremonese\" width=\"750\" height=\"421\" title=\"image-819\"><\/div>\n<\/figure>\n<div class=\"caption\">\n      Simone Perilli titolare contro la Cremonese<br \/>\n            <span class=\"byline\">(fotoexpress)<\/span><\/div>\n<\/div>\n<p><strong>41&#8217;st Capolavoro i Giovane, gol stupendo: ma \u00e8 fuorigioco<\/strong><\/p>\n<p>Assist al bacio di Serdar, Giovane in semirovesciata trasforma in gol. Ma si alza la bandierina<\/p>\n<p><strong>Cremonese-Verona 0-0<\/strong><\/p>\n<p><strong>Cremonese (3-5-2): <\/strong>Audero, Ceccherini (26&#8217;st Folino), Baschirotto, Bianchetti, Barbieri (43&#8217;st Floriani Mussolini), Grassi (43&#8217;st Collocolo), Bondo, Vandeputte (37&#8217;st Zerbin), Terracciano, Bonazzoli (26&#8217;st Moumbagna), Vardy. (16 Silvestri, 69 Nava, 20 Vazquez, 48 Lordkipanidze, 11 Johnsen, 30 Faye). All.: Nicola.<\/p>\n<p><strong>Verona (3-4-3):<\/strong> Perilli, Slotsager, Nelsson, Ebosse (25&#8217;st Harroui), Lirola (41&#8217;st Oyegoke), Gagliardini, Bernede, Bradaric, Giovane, Sarr (20&#8217;st Serdar), Orban (1 Montip\u00f2, 94 Toniolo, 2 , 20 Kastanos, 25 Mosquera, 36 Niasse, 41 Isaac, 70 Cham). All.:\u00a0Zanetti<\/p>\n<p><strong>Arbitro:<\/strong> Arena di Torre del Greco.<\/p>\n<p><strong>Angoli:<\/strong> 6-3 per il Verona. Recupero: 2&#8242; e 4&#8242;. Ammoniti: Vardy, Bonazzoli e Vandeputte per gioco falloso. Spettatori: 10.877<\/p>\n<\/div>\n<div class=\"copyright\">\n  \u00a9 Riproduzione riservata\n<\/div>\n<div class=\"whatsapp-channel-link\">\n<p>L\u2019Arena \u00e8 su Whatsapp. <a href=\"https:\/\/whatsapp.com\/channel\/0029VaDsUGg1XquVqR4ZZC43\" target=\"_blank\">Clicca qui<\/a> per iscriverti al nostro canale e rimanere aggiornato in tempo reale.<\/p>\n<\/div>\n<div class=\"content-contribute margin-bottom-default\"><a rel=\"nofollow\" data-pushbar-target=\"comments-pushbar\" class=\"comments\" href=\"https:\/\/www.larena.it\/argomenti\/sport\/hellas-verona\/hellas-verona-cremonese-tabellino-risultato-1.12902889\"><br \/>\n        Commenti (<span class=\"comment-count\">0<\/span>)<br \/>\n    <\/a><a rel=\"nofollow\" class=\"contribute d-none d-lg-inline\" href=\"https:\/\/www.larena.it\/spazio-lettori\/whatsapp\">\u00a0 Contribuisci alla notizia<\/a><a rel=\"nofollow\" class=\"contribute d-inline d-lg-none\" href=\"https:\/\/www.larena.it\/spazio-lettori\/whatsapp\">\u00a0 Contribuisci<\/a><\/div>\n<aside id=\"comments-pushbar\" class=\"sidebar sidebar-comments comments-zone\" data-pushbar-id=\"comments-pushbar\" data-pushbar-direction=\"right\">\n<div class=\"sidebar-header\">\n<div class=\"navbar navbar-expand d-flex justify-content-between\">\n<ul class=\"navbar-nav\">\n<li><\/ul>\n<ul class=\"navbar-nav\">\n<li>\n<h5>Commenti (<span class=\"comment-count\">0<\/span>)<\/h5>\n<\/li>\n<\/ul>\n<\/div>\n<\/div>\n<div class=\"sidebar-main sidebar-main-scroll\">\n<div class=\"comments-container\">\n<div class=\"spinner\"><img decoding=\"async\" src=\"https:\/\/analyse.optim.biz\/wp-content\/uploads\/2026\/01\/ajax-loader-95.gif\" alt=\"spinner\" title=\"ajax-loader-95\"><\/div>\n<\/div>\n<\/div>\n<div class=\"sidebar-footer\">\n<div class=\"comments-container foot\"><a class=\"comment-new-form-toggler btn btn-secondary btn-sm\" rel=\"nofollow\" href=\"https:\/\/www.larena.it\/argomenti\/sport\/hellas-verona\/hellas-verona-cremonese-tabellino-risultato-1.12902889\">Commenta<\/a><\/p>\n<div class=\"buttons\">\n<div class=\"privacy\"><b>Informativa privacy:<\/b> L\u2019invio di un commento pu\u00f2 comportare il trattamento di dati personali: per maggiori informazioni sulle modalit\u00e0 di trattamento e l\u2019esercizio dei diritti consultare le nostre Informazioni sulla Privacy e l\u2019informativa estesa sui cookie presenti in calce al sito web.<\/div>\n<\/div>\n<div class=\"comment-thankyou\">Grazie per aver inviato un commento. L&#8217;intervento non sar\u00e0 pubblicato fino a quando il moderatore non lo avr\u00e0 letto ed approvato. I commenti ritenuti inadatti o offensivi non saranno pubblicati.<\/div>\n<\/div>\n<\/div>\n<\/aside>\n<\/div>\n<p> Source URL: https:\/\/www.larena.it\/argomenti\/sport\/hellas-verona\/hellas-verona-cremonese-tabellino-risultato-1.12902889<\/p>\n","protected":false},"excerpt":{"rendered":"<p>Il posticipo Hellas generoso a Cremona: ma \u00e8 solo pari. I giallobl\u00f9 restano ultimi in classifica Simone Antolini Giovane il pi\u00f9 intraprendente. Tante le assenze. Prova di orgoglio ma non basta. La salvezza a -3 19 gennaio 2026 Antoine Bernede difende la palla Cremonese-Verona Un punto. Che non pu\u00f2 far sorridere. Un punto che tiene [&hellip;]<\/p>\n","protected":false},"author":1,"featured_media":1510692,"comment_status":"open","ping_status":"","sticky":false,"template":"","format":"standard","meta":{"footnotes":""},"categories":[87],"tags":[146],"class_list":["post-1510683","post","type-post","status-publish","format-standard","has-post-thumbnail","hentry","category-italy","tag-larena-it"],"_links":{"self":[{"href":"https:\/\/analyse.optim.biz\/index.php?rest_route=\/wp\/v2\/posts\/1510683","targetHints":{"allow":["GET"]}}],"collection":[{"href":"https:\/\/analyse.optim.biz\/index.php?rest_route=\/wp\/v2\/posts"}],"about":[{"href":"https:\/\/analyse.optim.biz\/index.php?rest_route=\/wp\/v2\/types\/post"}],"author":[{"embeddable":true,"href":"https:\/\/analyse.optim.biz\/index.php?rest_route=\/wp\/v2\/users\/1"}],"replies":[{"embeddable":true,"href":"https:\/\/analyse.optim.biz\/index.php?rest_route=%2Fwp%2Fv2%2Fcomments&post=1510683"}],"version-history":[{"count":0,"href":"https:\/\/analyse.optim.biz\/index.php?rest_route=\/wp\/v2\/posts\/1510683\/revisions"}],"wp:featuredmedia":[{"embeddable":true,"href":"https:\/\/analyse.optim.biz\/index.php?rest_route=\/wp\/v2\/media\/1510692"}],"wp:attachment":[{"href":"https:\/\/analyse.optim.biz\/index.php?rest_route=%2Fwp%2Fv2%2Fmedia&parent=1510683"}],"wp:term":[{"taxonomy":"category","embeddable":true,"href":"https:\/\/analyse.optim.biz\/index.php?rest_route=%2Fwp%2Fv2%2Fcategories&post=1510683"},{"taxonomy":"post_tag","embeddable":true,"href":"https:\/\/analyse.optim.biz\/index.php?rest_route=%2Fwp%2Fv2%2Ftags&post=1510683"}],"curies":[{"name":"wp","href":"https:\/\/api.w.org\/{rel}","templated":true}]}}