{"id":150694,"date":"2017-01-18T12:17:51","date_gmt":"2017-01-18T09:17:51","guid":{"rendered":"https:\/\/analyse.optim.biz\/?p=150694"},"modified":"2017-01-18T12:17:51","modified_gmt":"2017-01-18T09:17:51","slug":"premierul-grindeanu-prezenta-lui-klaus-iohannis-nu-a-schimbat-absolut-nimic","status":"publish","type":"post","link":"https:\/\/analyse.optim.biz\/?p=150694","title":{"rendered":"Premierul Grindeanu: Prezen\u021ba lui Klaus Iohannis nu a schimbat absolut nimic!"},"content":{"rendered":"<div class=\"entry data-app-meta data-app-meta-article\" data-embed-base-url-canonical=\"https:\/\/www.digi24.ro\/embed\/stiri\/actualitate\/politica\/premierul-grindeanu-prezenta-lui-klaus-iohannis-nu-a-schimbat-absolut-nimic-651933\">\n<p data-index=\"1\"><strong>Premierul Sorin Grindeanu spune c\u0103 nu avea de g\u00e2nd s\u0103 dea miercuri o ordonan\u0163\u0103 de urgen\u0163\u0103 pentru gra\u0163iere \u0219i a subliniat c\u0103, din aceast\u0103 perspectiv\u0103, prezen\u021ba pre\u0219edintelui Klaus Iohannis nu a schimbat lucrurile cu nimic. \u0218eful executivului nu a exclus \u00eens\u0103 posibilitatea ca o legea a gra\u021bierii \u0219i amnistiei s\u0103 existe pe viitor, pentru c\u0103, a subliniat el, este un drept constitu\u021bional.<\/strong><\/p>\n<p data-index=\"2\"><img loading=\"lazy\" decoding=\"async\" class=\"alignnone size-medium wp-image-651951\" src=\"https:\/\/analyse.optim.biz\/wp-content\/uploads\/2024\/09\/jmhhc2g9zgq4zwnmyzfinme1ymi4mdgyzmewnwvjytg3yzk0mgu-thumb_.jpg\" alt=\"170118_IOHANNIS_GRINDEANU_10_INQUAM_Octav_Ganea\" width=\"4254\" height=\"2836\" data-skip-htmlfix=\"1\" title=\"jmhhc2g9zgq4zwnmyzfinme1ymi4mdgyzmewnwvjytg3yzk0mgu-thumb_\"><\/p>\n<p data-index=\"3\">\u201ePe ordinea de zi nu a existat \u015fi nu se discuta \u015fi vreau s\u0103 fiu foarte clar &#8211; cu prezen\u0163a sau f\u0103r\u0103 prezen\u021ba dlui pre\u015fedinte &#8211; nu erau trecute pe ordinea de zi ceea ce a\u0163i spus dvs \u015fi ceea ce am v\u0103zut c\u0103 a creat foarte multe discu\u0163ii \u00een ultimele zile (legea gra\u021bierii \u0219i modificarea Codului penal &#8211; n.r.), dar pot s\u0103 v\u0103 mai spun ceva, ca s\u0103 fim clari: Conform Constitu\u0163iei, avem voie s\u0103 d\u0103m gra\u0163iere \u015fi amnistie? &#8230; Scrie \u00een Constitu\u0163ie! Nu sunt \u00eempotriva legii. Este tot a\u0219a de constitu\u021bional s\u0103 d\u0103m ordonan\u021be de urgen\u021b\u0103 cum a venit Klaus Iohannis s\u0103 prezideze \u0219edin\u021ba de guvern \u201d, a declarat premierul Sorin Grindeanu \u00een declara\u021biile f\u0103cute dup\u0103 <a href=\"https:\/\/www.digi24.ro\/stiri\/actualitate\/politica\/klaus-iohannis-prezideaza-sedinta-de-guvern-651787\" target=\"_blank\" data-skip-linkfix=\"1\" rel=\"noopener\">\u0219edin\u021ba de guvern la care a participat \u0219i pre\u0219edintele Klaus Iohannis.<\/a><\/p>\n<p data-index=\"4\">\u00a0<\/p>\n<\/div>\n<p> Source URL: https:\/\/www.digi24.ro\/stiri\/actualitate\/politica\/premierul-grindeanu-prezenta-lui-klaus-iohannis-nu-a-schimbat-absolut-nimic-651933<\/p>\n","protected":false},"excerpt":{"rendered":"<p>Premierul Sorin Grindeanu spune c\u0103 nu avea de g\u00e2nd s\u0103 dea miercuri o ordonan\u0163\u0103 de urgen\u0163\u0103 pentru gra\u0163iere \u0219i a subliniat c\u0103, din aceast\u0103 perspectiv\u0103, prezen\u021ba pre\u0219edintelui Klaus Iohannis nu a schimbat lucrurile cu nimic. \u0218eful executivului nu a exclus \u00eens\u0103 posibilitatea ca o legea a gra\u021bierii \u0219i amnistiei s\u0103 existe pe viitor, pentru c\u0103, [&hellip;]<\/p>\n","protected":false},"author":1,"featured_media":150695,"comment_status":"open","ping_status":"","sticky":false,"template":"","format":"standard","meta":{"footnotes":""},"categories":[2],"tags":[11],"class_list":["post-150694","post","type-post","status-publish","format-standard","has-post-thumbnail","hentry","category-politics","tag-digi24"],"_links":{"self":[{"href":"https:\/\/analyse.optim.biz\/index.php?rest_route=\/wp\/v2\/posts\/150694","targetHints":{"allow":["GET"]}}],"collection":[{"href":"https:\/\/analyse.optim.biz\/index.php?rest_route=\/wp\/v2\/posts"}],"about":[{"href":"https:\/\/analyse.optim.biz\/index.php?rest_route=\/wp\/v2\/types\/post"}],"author":[{"embeddable":true,"href":"https:\/\/analyse.optim.biz\/index.php?rest_route=\/wp\/v2\/users\/1"}],"replies":[{"embeddable":true,"href":"https:\/\/analyse.optim.biz\/index.php?rest_route=%2Fwp%2Fv2%2Fcomments&post=150694"}],"version-history":[{"count":0,"href":"https:\/\/analyse.optim.biz\/index.php?rest_route=\/wp\/v2\/posts\/150694\/revisions"}],"wp:featuredmedia":[{"embeddable":true,"href":"https:\/\/analyse.optim.biz\/index.php?rest_route=\/wp\/v2\/media\/150695"}],"wp:attachment":[{"href":"https:\/\/analyse.optim.biz\/index.php?rest_route=%2Fwp%2Fv2%2Fmedia&parent=150694"}],"wp:term":[{"taxonomy":"category","embeddable":true,"href":"https:\/\/analyse.optim.biz\/index.php?rest_route=%2Fwp%2Fv2%2Fcategories&post=150694"},{"taxonomy":"post_tag","embeddable":true,"href":"https:\/\/analyse.optim.biz\/index.php?rest_route=%2Fwp%2Fv2%2Ftags&post=150694"}],"curies":[{"name":"wp","href":"https:\/\/api.w.org\/{rel}","templated":true}]}}