{"id":150691,"date":"2017-01-18T12:23:57","date_gmt":"2017-01-18T09:23:57","guid":{"rendered":"https:\/\/analyse.optim.biz\/?p=150691"},"modified":"2017-01-18T12:23:57","modified_gmt":"2017-01-18T09:23:57","slug":"sefa-instantei-supreme-am-fost-la-guvern-in-audienta-pentru-problema-spatiului-inaltei-curti","status":"publish","type":"post","link":"https:\/\/analyse.optim.biz\/?p=150691","title":{"rendered":"\u015eefa Instan\u0163ei Supreme: Am fost la Guvern \u00een audien\u0163\u0103 pentru problema spa\u0163iului \u00cenaltei Cur\u0163i"},"content":{"rendered":"<div class=\"entry data-app-meta data-app-meta-article\" data-embed-base-url-canonical=\"https:\/\/www.digi24.ro\/embed\/stiri\/actualitate\/politica\/sefa-instantei-supreme-am-fost-la-guvern-in-audienta-pentru-problema-spatiului-inaltei-curti-651962\">\n<p data-index=\"1\"><strong>Pre\u015fedintele \u00cenaltei Cur\u0163i de Casa\u0163ie \u015fi Justi\u0163ie (ICCJ), Cristina Tarcea, a declarat, miercuri, pentru <a href=\"http:\/\/www.news.ro\/\" target=\"_blank\" data-skip-linkfix=\"1\" rel=\"noopener\">News.ro<\/a> c\u0103 mar\u0163i sear\u0103 a fost la Guvern, \u00een audien\u0163\u0103, pentru problema spa\u0163iului \u00cenaltei Cur\u0163i, care solicit\u0103 atribuirea temporar\u0103 a unui spa\u0163iu aflat \u00een proprietatea public\u0103 a statului.<\/strong><\/p>\n<figure class=\"article-thumb\"><img decoding=\"async\" src=\"https:\/\/analyse.optim.biz\/wp-content\/uploads\/2024\/09\/mszoyxnoptmxnjbmotyxmdy4mda0mjzjzgu0mmm5ytlinwzmytuw-thumb_.jpg\" alt=\"cristina tarcea agerpres_7880506\" data-skip-htmlfix=\"1\" title=\"mszoyxnoptmxnjbmotyxmdy4mda0mjzjzgu0mmm5ytlinwzmytuw-thumb_\"><figcaption> Foto: Agerpres <\/figcaption><\/figure>\n<p data-index=\"2\">\u201dConfirm c\u0103 eu am fost la Guvern. Spa\u0163iul \u015fi sediul ICCJ este o prioritate pentru mine \u015fi m-am \u00eenscris \u00eentr-o audien\u0163\u0103 pentru spa\u0163iul \u00cenaltei Cur\u0163i. Dorim, p\u00e2n\u0103 se va realiza proiectul District Justice care pare c\u0103 va rezolva \u00een integralitate problema \u00cenaltei Cur\u0163i, dorim s\u0103 ne fie atribuit un spa\u0163iu pe care noi l-am identificat, care ar fi \u00een proprietatea public\u0103 a statului \u015fi vrem s\u0103 ne fie dat \u00een folosin\u0163\u0103 un an, doi, trei, p\u00e2n\u0103 c\u00e2nd se rezolv\u0103 District Justice\u201d, a declarat Cristina Tarcea.<\/p>\n<p data-index=\"3\">Ministrul Justi\u0163iei, Florin Iordache, a fost la Guvern, mar\u0163i sear\u0103, iar surse guvernamentale declarau c\u0103 acesta ar fi fost \u00eenso\u0163it de \u015fefa Consiliului Superior al Magistraturii (CSM), judec\u0103toarea Mariana Ghena.\u00a0<\/p>\n<\/div>\n<p> Source URL: https:\/\/www.digi24.ro\/stiri\/actualitate\/politica\/sefa-instantei-supreme-am-fost-la-guvern-in-audienta-pentru-problema-spatiului-inaltei-curti-651962<\/p>\n","protected":false},"excerpt":{"rendered":"<p>Pre\u015fedintele \u00cenaltei Cur\u0163i de Casa\u0163ie \u015fi Justi\u0163ie (ICCJ), Cristina Tarcea, a declarat, miercuri, pentru News.ro c\u0103 mar\u0163i sear\u0103 a fost la Guvern, \u00een audien\u0163\u0103, pentru problema spa\u0163iului \u00cenaltei Cur\u0163i, care solicit\u0103 atribuirea temporar\u0103 a unui spa\u0163iu aflat \u00een proprietatea public\u0103 a statului. Foto: Agerpres \u201dConfirm c\u0103 eu am fost la Guvern. Spa\u0163iul \u015fi sediul ICCJ [&hellip;]<\/p>\n","protected":false},"author":1,"featured_media":150692,"comment_status":"open","ping_status":"","sticky":false,"template":"","format":"standard","meta":{"footnotes":""},"categories":[2],"tags":[11],"class_list":["post-150691","post","type-post","status-publish","format-standard","has-post-thumbnail","hentry","category-politics","tag-digi24"],"_links":{"self":[{"href":"https:\/\/analyse.optim.biz\/index.php?rest_route=\/wp\/v2\/posts\/150691","targetHints":{"allow":["GET"]}}],"collection":[{"href":"https:\/\/analyse.optim.biz\/index.php?rest_route=\/wp\/v2\/posts"}],"about":[{"href":"https:\/\/analyse.optim.biz\/index.php?rest_route=\/wp\/v2\/types\/post"}],"author":[{"embeddable":true,"href":"https:\/\/analyse.optim.biz\/index.php?rest_route=\/wp\/v2\/users\/1"}],"replies":[{"embeddable":true,"href":"https:\/\/analyse.optim.biz\/index.php?rest_route=%2Fwp%2Fv2%2Fcomments&post=150691"}],"version-history":[{"count":0,"href":"https:\/\/analyse.optim.biz\/index.php?rest_route=\/wp\/v2\/posts\/150691\/revisions"}],"wp:featuredmedia":[{"embeddable":true,"href":"https:\/\/analyse.optim.biz\/index.php?rest_route=\/wp\/v2\/media\/150692"}],"wp:attachment":[{"href":"https:\/\/analyse.optim.biz\/index.php?rest_route=%2Fwp%2Fv2%2Fmedia&parent=150691"}],"wp:term":[{"taxonomy":"category","embeddable":true,"href":"https:\/\/analyse.optim.biz\/index.php?rest_route=%2Fwp%2Fv2%2Fcategories&post=150691"},{"taxonomy":"post_tag","embeddable":true,"href":"https:\/\/analyse.optim.biz\/index.php?rest_route=%2Fwp%2Fv2%2Ftags&post=150691"}],"curies":[{"name":"wp","href":"https:\/\/api.w.org\/{rel}","templated":true}]}}