{"id":150686,"date":"2017-01-18T12:24:17","date_gmt":"2017-01-18T09:24:17","guid":{"rendered":"https:\/\/analyse.optim.biz\/?p=150686"},"modified":"2017-01-18T12:24:17","modified_gmt":"2017-01-18T09:24:17","slug":"miscarea-coruptia-ucide-organizeaza-proteste-nationale-impotriva-legii-gratierii","status":"publish","type":"post","link":"https:\/\/analyse.optim.biz\/?p=150686","title":{"rendered":"Mi\u0219carea \u201dCorup\u021bia ucide\u201d organizeaz\u0103 proteste na\u021bionale \u00eempotriva legii gra\u021bierii"},"content":{"rendered":"<div class=\"entry data-app-meta data-app-meta-article\" data-embed-base-url-canonical=\"https:\/\/www.digi24.ro\/embed\/stiri\/actualitate\/justitie\/miscarea-coruptia-ucide-organizeaza-proteste-nationale-impotriva-legii-gratierii-651954\">\n<p data-index=\"1\">Mii de utilizatori Facebook \u0219i-au anun\u021bat participarea la un miting organizat de \u201dCorup\u021bia ucide\u201d ce va avea loc \u00een mai multe ora\u0219e din \u021bar\u0103 \u00eempotriva modific\u0103rilor aduse de Guvern legisla\u021biei penale.<\/p>\n<p data-index=\"2\"><img loading=\"lazy\" decoding=\"async\" class=\"alignnone size-full wp-image-651957\" src=\"https:\/\/analyse.optim.biz\/wp-content\/uploads\/2024\/09\/zyz3ptgwmczoyxnopteznti0ntkzotfmoddjowm4m2qxmdyxzjvjmjzhndbi-thumb_.jpg\" alt=\"coruptia\" width=\"960\" height=\"561\" data-skip-htmlfix=\"1\" title=\"zyz3ptgwmczoyxnopteznti0ntkzotfmoddjowm4m2qxmdyxzjvjmjzhndbi-thumb_\"><\/p>\n<p data-index=\"3\">\u201dAcesta este un eveniment f\u0103cut \u00een urma declara\u0163iilor repetate \u015fi semnalelor privind posibila gra\u0163iere a unor fapte grave de corup\u0163ie. Va fi anulat dac\u0103 Guvernul respect\u0103 principiile \u015fi valorile democra\u0163iei. Dat\u0103 este relativ\u0103 \u015fi va fi schimbat\u0103 pentru prima zi \u00een care Guvernul ar pune \u00een aplicare inten\u0163iile respective\u201d, spun organizatorii mi\u0219c\u0103rii \u201dCorup\u021bia ucide\u201d.<\/p>\n<p data-index=\"4\">Protestul a fost anun\u021bat \u00een urma semnalelor potrivit c\u0103rora miercuri Guvernul urma s\u0103 aduc\u0103 modific\u0103ri esen\u021biale legisla\u021biei penale prin ordonan\u021b\u0103 de urgen\u021b\u0103.<\/p>\n<p data-index=\"5\">\u00centr-o declara\u021bie f\u0103cut\u0103 miercuri diminea\u021b\u0103 pre\u0219edintele Klaus Iohannis a anun\u021bat c\u0103 propunerile de modificare a legii penale nu vor figura pe agenda discu\u021biilor cabinetului Grindeanu. Dealtfel Iohannis a participat la \u0219edin\u021ba de Guvern tocmai pentru a bloca modific\u0103ri ale legisla\u021biei f\u0103cute \u00een prip\u0103, f\u0103r\u0103 proceduri transparente.<\/p>\n<p data-index=\"6\">\u0218eful statului a precizat c\u0103 premierul s-a angajat \u201es\u0103 nu bage peste noapte gra\u0163ierea \u015fi amnistia \u00een nicio \u015fedin\u0163\u0103 de Guvern\u201c, ci mai \u00eent\u00e2i s\u0103 le pun\u0103 \u00een dezbatere public\u0103. Pe agenda \u015fedin\u0163ei de azi nu s-a reg\u0103sit legea gra\u0163ierii.<\/p>\n<h5><strong>Ce acuz\u0103 organizatorii mitingurilor<\/strong><\/h5>\n<p data-index=\"7\">Ini\u021biatorii mi\u0219c\u0103rii spun c\u0103:<\/p>\n<ul>\n<li>\u201dVor putea fi gra\u0163iate pedepse \u015fi dezincriminate fapte f\u0103r\u0103 dezbatere public\u0103 (2.200 de dosare DNA sunt, de exemplu, pentru abuzul \u00een serviciu, vizat de ordonan\u0163\u0103). Totul f\u0103r\u0103 consultarea CSM.\u201d\u00a0<\/li>\n<li>Exist\u0103 temeri c\u0103 Rom\u00e2nia se va \u00eentoarce la situa\u021bia din trecut. \u201dAcum mul\u0163i ani nu existau politicieni ancheta\u0163i sau condamna\u0163i. Dac\u0103 erai un am\u0103r\u00e2t mort de foame care fur\u0103 o p\u00e2ine, riscai ani de pu\u015fc\u0103rie. Dac\u0103 erai parlamentar \u015fi furai organizat un hotel, o fabric\u0103 sau primeai un million de dolari mita, riscul era aproape zero\u201d.<\/li>\n<li>\u201dSuntem, dup\u0103 ni\u015fte ani de greoaie evolu\u0163ie, \u00een punctual \u00een care ne putem \u00eentoarce \u00een timp. Evolu\u0163ia nu e garantat\u0103, ea poate fi \u015ftears\u0103 cu o simpl\u0103 ordonan\u0163\u0103 de urgen\u0163\u0103 semnat\u0103 de c\u00e2teva marionete ale unor partide \u015fi grupuri organizate ajunse la putere\u201d.<\/li>\n<li>\u201dToat\u0103 munca unor procurori, judec\u0103tori, ONG independente poate fi aruncat\u0103 la gunoi. Averile inculpa\u0163ilor, mare parte luate din buzunarul vostru, vor r\u0103m\u00e2ne automat \u00een buzunarul lor\u201d, spun protestatarii.<\/li>\n<\/ul>\n<p data-index=\"8\">Deasemenea membrii mi\u0219c\u0103rii se pl\u00e2ng c\u0103 \u201dau fost anulate c\u00e2teva reforme care aveau leg\u0103tur\u0103 direct\u0103 cu viitorul nostru, cum ar fi \u00een \u00eenv\u0103\u0163\u0103m\u00e2nt sau reforma din s\u0103n\u0103tate, \u00eenceput\u0103 de ministrul Vlad Voiculescu\u201d. \u201dInstitu\u0163ii precum CNA sau Avocatul Poporului sunt total subordonate \u015fi func\u0163ioneaz\u0103 doar pentru interesele lor (politicienilor \u2013 n.red.)\u201d, spun ei.<\/p>\n<p data-index=\"9\">Evenimentul avea miercuri, la orele pr\u00e2nzului, aproximativ 2.800 de persoane interesate, potrivit informa\u021biilor ce figurau pe pagina mi\u0219c\u0103rii. Grupul a fost \u00eenfiin\u021bat dup\u0103 incendiul din clubul Colectiv, soldat cu 64 de persoane decedate, \u00een semn de protest fa\u021b\u0103 de corup\u021bia \u0219i incompeten\u021ba ce domnesc \u00een structurile statului.<\/p>\n<\/div>\n<p> Source URL: https:\/\/www.digi24.ro\/stiri\/actualitate\/justitie\/miscarea-coruptia-ucide-organizeaza-proteste-nationale-impotriva-legii-gratierii-651954<\/p>\n","protected":false},"excerpt":{"rendered":"<p>Mii de utilizatori Facebook \u0219i-au anun\u021bat participarea la un miting organizat de \u201dCorup\u021bia ucide\u201d ce va avea loc \u00een mai multe ora\u0219e din \u021bar\u0103 \u00eempotriva modific\u0103rilor aduse de Guvern legisla\u021biei penale. \u201dAcesta este un eveniment f\u0103cut \u00een urma declara\u0163iilor repetate \u015fi semnalelor privind posibila gra\u0163iere a unor fapte grave de corup\u0163ie. Va fi anulat dac\u0103 [&hellip;]<\/p>\n","protected":false},"author":1,"featured_media":150687,"comment_status":"open","ping_status":"","sticky":false,"template":"","format":"standard","meta":{"footnotes":""},"categories":[2],"tags":[11],"class_list":["post-150686","post","type-post","status-publish","format-standard","has-post-thumbnail","hentry","category-politics","tag-digi24"],"_links":{"self":[{"href":"https:\/\/analyse.optim.biz\/index.php?rest_route=\/wp\/v2\/posts\/150686","targetHints":{"allow":["GET"]}}],"collection":[{"href":"https:\/\/analyse.optim.biz\/index.php?rest_route=\/wp\/v2\/posts"}],"about":[{"href":"https:\/\/analyse.optim.biz\/index.php?rest_route=\/wp\/v2\/types\/post"}],"author":[{"embeddable":true,"href":"https:\/\/analyse.optim.biz\/index.php?rest_route=\/wp\/v2\/users\/1"}],"replies":[{"embeddable":true,"href":"https:\/\/analyse.optim.biz\/index.php?rest_route=%2Fwp%2Fv2%2Fcomments&post=150686"}],"version-history":[{"count":0,"href":"https:\/\/analyse.optim.biz\/index.php?rest_route=\/wp\/v2\/posts\/150686\/revisions"}],"wp:featuredmedia":[{"embeddable":true,"href":"https:\/\/analyse.optim.biz\/index.php?rest_route=\/wp\/v2\/media\/150687"}],"wp:attachment":[{"href":"https:\/\/analyse.optim.biz\/index.php?rest_route=%2Fwp%2Fv2%2Fmedia&parent=150686"}],"wp:term":[{"taxonomy":"category","embeddable":true,"href":"https:\/\/analyse.optim.biz\/index.php?rest_route=%2Fwp%2Fv2%2Fcategories&post=150686"},{"taxonomy":"post_tag","embeddable":true,"href":"https:\/\/analyse.optim.biz\/index.php?rest_route=%2Fwp%2Fv2%2Ftags&post=150686"}],"curies":[{"name":"wp","href":"https:\/\/api.w.org\/{rel}","templated":true}]}}